{"id":10466,"date":"2025-10-05T16:17:01","date_gmt":"2025-10-05T14:17:01","guid":{"rendered":"https:\/\/vieassociative.be\/actualites\/semaine-du-commerce-equitable-jusquau-11-octobre\/"},"modified":"2025-10-05T16:17:01","modified_gmt":"2025-10-05T14:17:01","slug":"semaine-du-commerce-equitable-jusquau-11-octobre","status":"publish","type":"post","link":"https:\/\/vieassociative.be\/actualites\/semaine-du-commerce-equitable-jusquau-11-octobre\/","title":{"rendered":"Semaine du commerce \u00e9quitable jusqu&rsquo;au 11 octobre"},"content":{"rendered":"<p><strong>Sous la devise de cette ann\u00e9e \u00ab\u00a0D\u00e9couvrez la vari\u00e9t\u00e9 du commerce \u00e9quitable ensemble!\u00a0\u00bb La ministre de la DG Lydia Klinkenberg, avec les World Shops, a ouvert la semaine d&rsquo;action autour du commerce \u00e9quitable et durable. Vendredi \u00e9galement, il y a eu une d\u00e9gustation de vin avec des m\u00e9tiers \u00e9quitables dans le \u00abBesenwirtschaft\u00bb dans la maison du village d&rsquo;Eynatten.<\/strong><\/p>\n<p><span id=\"more-426292\"><\/span>L&rsquo;objectif de la Fair Week est de r\u00e9aliser un commerce \u00e9quitable avec les pays du Sud mieux connu d&rsquo;un public plus large et de motiver les marchandises de commerce \u00e9quitable \u00e0 acheter.<\/p>\n<p>Le commerce \u00e9quitable essaie de contribuer \u00e0 des prix appropri\u00e9s pour les produits des pays en d\u00e9veloppement afin de faire vivre les producteurs de leur travail l\u00e0-bas. En outre, le commerce \u00e9quitable devrait stimuler les consommateurs des pays industrialis\u00e9s \u00e0 r\u00e9fl\u00e9chir aux conditions de travail et \u00e0 la r\u00e9mun\u00e9ration dans les pays en d\u00e9veloppement et influencent ainsi leurs d\u00e9cisions d&rsquo;achat. Le commerce \u00e9quitable est bas\u00e9 sur le dialogue, la transparence et le respect et vise \u00e0 plus de justice dans le commerce international.<\/p>\n<div id=\"attachment_426301\" class=\"wp-caption alignleft\" style=\"max-width: 300px\"><img fetchpriority=\"high\" decoding=\"async\" class=\"wp-image-426301 size-medium\" src=\"https:\/\/vieassociative.be\/actualites\/wp-content\/uploads\/2025\/10\/Semaine-du-commerce-equitable-jusquau-11-octobre.jpg\" alt=\"\" width=\"300\" height=\"200\"  ><\/div>\n<p>D\u00e9j\u00e0 en septembre, une \u00e9dition sp\u00e9ciale du magazine \u00ab\u00a0Weltladen-Aktull\u00a0\u00bb a \u00e9t\u00e9 publi\u00e9e avec de nombreuses informations sur la Fair Week et son programme d\u00e9taill\u00e9. Les animations ont \u00e9galement eu lieu pour sensibiliser et motiver les \u00e9l\u00e8ves, les jeunes et les adultes aux projets.<\/p>\n<p>La Fair Week fait \u00e9galement appel \u00e0 la responsabilit\u00e9 commune, car une grande partie de la population mondiale ne sait pas dans la soir\u00e9e ce qu&rsquo;elle vivra le lendemain. La culpabilit\u00e9 est: la guerre, la s\u00e9cheresse, les catastrophes de temp\u00eates, les tremblements de terre, les infrastructures sous-d\u00e9velopp\u00e9es, les maladies, les \u00e9pid\u00e9mies, la corruption &#8211; la liste peut \u00eatre poursuivie.<\/p>\n<p>Selon l&rsquo;ONU, environ 800 millions de personnes dans le monde souffrent d\u00e9j\u00e0 de faim, bien qu&rsquo;il y ait suffisamment de nourriture. Le probl\u00e8me de base pour la faim dans le monde n&rsquo;est pas un manque de nourriture, mais l&rsquo;injustice de la distribution de la nourriture disponible. La nutrition de l&rsquo;\u00e9lectricit\u00e9 n&rsquo;est pas seulement une cons\u00e9quence de la pauvret\u00e9, elle provoque \u00e9galement la pauvret\u00e9 en la transmettant de g\u00e9n\u00e9ration en g\u00e9n\u00e9ration &#8211; un cercle vicieux.<\/p>\n<p>La diversit\u00e9 joue \u00e9galement un r\u00f4le majeur dans le commerce \u00e9quitable; En commen\u00e7ant par la large gamme de produits. En fait, les moments o\u00f9 il n&rsquo;y avait que du caf\u00e9 et du miel \u00e9taient depuis longtemps. Ils savent tous, mais qu&rsquo;en est-il de toutes sortes d&rsquo;\u00e9pices, avec des articles d\u00e9coratifs de vieilles cha\u00eenes de v\u00e9lo, avec des hamacs pour enfants et des adultes?<\/p>\n<p>La Fair Week se termine le samedi 11 octobre. \u00c0 partir de 14 h 30, les responsables de la \u00abFair City\u00bb organiseront une randonn\u00e9e avec des surprises et des informations sur le commerce \u00e9quitable. Il y a un itin\u00e9raire dans l&rsquo;Oberstadt (sortie Rathaus) et un dans la ville inf\u00e9rieure (sortie de Temsepark). Les deux itin\u00e9raires se terminent dans le monde \u00e0 16 heures, o\u00f9 il y a des friandises &#8211; pour correspondre au sujet de la \u00ab\u00a0Sweet Revolution\u00a0\u00bb de la Belgian Fair Week.<\/p>\n<p><em><strong>Vous trouverez ci-dessous plus de photos de l&rsquo;ouverture de la Fair Week (cliquez pour l&rsquo;image de l&rsquo;\u00e9largissement):<\/strong><\/em><\/p>\n<div class=\"wp-gallery row\">\n<figure class=\"column small-6 medium-3 end\"><img decoding=\"async\" src=\"https:\/\/vieassociative.be\/actualites\/wp-content\/uploads\/2025\/10\/1759673821_707_Semaine-du-commerce-equitable-jusquau-11-octobre.jpg\" width=\"159\" height=\"159\" alt=\"\"><\/figure>\n<figure class=\"column small-6 medium-3 end\"><img decoding=\"async\" src=\"https:\/\/vieassociative.be\/actualites\/wp-content\/uploads\/2025\/10\/1759673821_103_Semaine-du-commerce-equitable-jusquau-11-octobre.jpg\" width=\"159\" height=\"159\" alt=\"\"><\/figure>\n<figure class=\"column small-6 medium-3 end\"><img loading=\"lazy\" decoding=\"async\" src=\"https:\/\/vieassociative.be\/actualites\/wp-content\/uploads\/2025\/10\/1759673821_163_Semaine-du-commerce-equitable-jusquau-11-octobre.jpg\" width=\"159\" height=\"159\" alt=\"\"><\/figure>\n<figure class=\"column small-6 medium-3 end\"><img loading=\"lazy\" decoding=\"async\" src=\"https:\/\/vieassociative.be\/actualites\/wp-content\/uploads\/2025\/10\/1759673821_496_Semaine-du-commerce-equitable-jusquau-11-octobre.jpg\" width=\"159\" height=\"159\" alt=\"\"><\/figure>\n<figure class=\"column small-6 medium-3 end\"><img loading=\"lazy\" decoding=\"async\" src=\"https:\/\/vieassociative.be\/actualites\/wp-content\/uploads\/2025\/10\/1759673821_375_Semaine-du-commerce-equitable-jusquau-11-octobre.jpg\" width=\"159\" height=\"159\" alt=\"\"><\/figure>\n<figure class=\"column small-6 medium-3 end\"><img loading=\"lazy\" decoding=\"async\" src=\"https:\/\/vieassociative.be\/actualites\/wp-content\/uploads\/2025\/10\/1759673821_242_Semaine-du-commerce-equitable-jusquau-11-octobre.jpg\" width=\"159\" height=\"159\" alt=\"\"><\/figure>\n<figure class=\"column small-6 medium-3 end\"><img loading=\"lazy\" decoding=\"async\" src=\"https:\/\/vieassociative.be\/actualites\/wp-content\/uploads\/2025\/10\/1759673821_387_Semaine-du-commerce-equitable-jusquau-11-octobre.jpg\" width=\"159\" height=\"159\" alt=\"\"><\/figure>\n<figure class=\"column small-6 medium-3 end\"><img loading=\"lazy\" decoding=\"async\" src=\"https:\/\/vieassociative.be\/actualites\/wp-content\/uploads\/2025\/10\/1759673821_662_Semaine-du-commerce-equitable-jusquau-11-octobre.jpg\" width=\"159\" height=\"159\" alt=\"\"><\/figure>\n<\/div>\n","protected":false},"excerpt":{"rendered":"<p>Sous la devise de cette ann\u00e9e \u00ab\u00a0D\u00e9couvrez la vari\u00e9t\u00e9 du commerce \u00e9quitable ensemble!\u00a0\u00bb La ministre de la DG Lydia Klinkenberg, avec les World Shops, a<\/p>\n","protected":false},"author":1,"featured_media":10467,"comment_status":"","ping_status":"","sticky":false,"template":"","format":"standard","meta":{"footnotes":""},"categories":[298],"tags":[5709,6907,8788,1147,1348],"class_list":["post-10466","post","type-post","status-publish","format-standard","has-post-thumbnail","hentry","category-belgique","tag-commerce","tag-equitable","tag-jusquau","tag-octobre","tag-semaine","generate-columns","tablet-grid-50","mobile-grid-100","grid-parent","grid-33"],"yoast_head":"<!-- This site is optimized with the Yoast SEO plugin v24.0 - https:\/\/yoast.com\/wordpress\/plugins\/seo\/ -->\n<title>Semaine du commerce \u00e9quitable jusqu&#039;au 11 octobre | Vie Associative<\/title>\n<meta name=\"robots\" content=\"index, follow, max-snippet:-1, max-image-preview:large, max-video-preview:-1\" \/>\n<link rel=\"canonical\" href=\"https:\/\/vieassociative.be\/actualites\/semaine-du-commerce-equitable-jusquau-11-octobre\/\" \/>\n<meta property=\"og:locale\" content=\"fr_FR\" \/>\n<meta property=\"og:type\" content=\"article\" \/>\n<meta property=\"og:title\" content=\"Semaine du commerce \u00e9quitable jusqu&#039;au 11 octobre | Vie Associative\" \/>\n<meta property=\"og:description\" content=\"Sous la devise de cette ann\u00e9e \u00ab\u00a0D\u00e9couvrez la vari\u00e9t\u00e9 du commerce \u00e9quitable ensemble!\u00a0\u00bb La ministre de la DG Lydia Klinkenberg, avec les World Shops, a\" \/>\n<meta property=\"og:url\" content=\"https:\/\/vieassociative.be\/actualites\/semaine-du-commerce-equitable-jusquau-11-octobre\/\" \/>\n<meta property=\"og:site_name\" content=\"Vie Associative\" \/>\n<meta property=\"article:published_time\" content=\"2025-10-05T14:17:01+00:00\" \/>\n<meta property=\"og:image\" content=\"https:\/\/vieassociative.be\/actualites\/wp-content\/uploads\/2024\/09\/header_backgroundk-01-e1726694325946.png\" \/>\n\t<meta property=\"og:image:width\" content=\"279\" \/>\n\t<meta property=\"og:image:height\" content=\"92\" \/>\n\t<meta property=\"og:image:type\" content=\"image\/png\" \/>\n<meta name=\"author\" content=\"Julien\" \/>\n<meta name=\"twitter:card\" content=\"summary_large_image\" \/>\n<meta name=\"twitter:label1\" content=\"\u00c9crit par\" \/>\n\t<meta name=\"twitter:data1\" content=\"Julien\" \/>\n\t<meta name=\"twitter:label2\" content=\"Dur\u00e9e de lecture est.\" \/>\n\t<meta name=\"twitter:data2\" content=\"3 minutes\" \/>\n<script type=\"application\/ld+json\" class=\"yoast-schema-graph\">{\"@context\":\"https:\/\/schema.org\",\"@graph\":[{\"@type\":\"Article\",\"@id\":\"https:\/\/vieassociative.be\/actualites\/semaine-du-commerce-equitable-jusquau-11-octobre\/#article\",\"isPartOf\":{\"@id\":\"https:\/\/vieassociative.be\/actualites\/semaine-du-commerce-equitable-jusquau-11-octobre\/\"},\"author\":{\"name\":\"Julien\",\"@id\":\"https:\/\/vieassociative.be\/actualites\/#\/schema\/person\/b87ac4f82f9d4e7b7cec7395b679edc4\"},\"headline\":\"Semaine du commerce \u00e9quitable jusqu&rsquo;au 11 octobre\",\"datePublished\":\"2025-10-05T14:17:01+00:00\",\"dateModified\":\"2025-10-05T14:17:01+00:00\",\"mainEntityOfPage\":{\"@id\":\"https:\/\/vieassociative.be\/actualites\/semaine-du-commerce-equitable-jusquau-11-octobre\/\"},\"wordCount\":568,\"publisher\":{\"@id\":\"https:\/\/vieassociative.be\/actualites\/#organization\"},\"image\":{\"@id\":\"https:\/\/vieassociative.be\/actualites\/semaine-du-commerce-equitable-jusquau-11-octobre\/#primaryimage\"},\"thumbnailUrl\":\"https:\/\/vieassociative.be\/actualites\/wp-content\/uploads\/2025\/10\/1759673823_Semaine-du-commerce-equitable-jusquau-11-octobre.jpg\",\"keywords\":[\"commerce\",\"\u00e9quitable\",\"jusquau\",\"octobre\",\"semaine\"],\"articleSection\":[\"Belgique\"],\"inLanguage\":\"fr-BE\"},{\"@type\":\"WebPage\",\"@id\":\"https:\/\/vieassociative.be\/actualites\/semaine-du-commerce-equitable-jusquau-11-octobre\/\",\"url\":\"https:\/\/vieassociative.be\/actualites\/semaine-du-commerce-equitable-jusquau-11-octobre\/\",\"name\":\"Semaine du commerce \u00e9quitable jusqu'au 11 octobre | Vie Associative\",\"isPartOf\":{\"@id\":\"https:\/\/vieassociative.be\/actualites\/#website\"},\"primaryImageOfPage\":{\"@id\":\"https:\/\/vieassociative.be\/actualites\/semaine-du-commerce-equitable-jusquau-11-octobre\/#primaryimage\"},\"image\":{\"@id\":\"https:\/\/vieassociative.be\/actualites\/semaine-du-commerce-equitable-jusquau-11-octobre\/#primaryimage\"},\"thumbnailUrl\":\"https:\/\/vieassociative.be\/actualites\/wp-content\/uploads\/2025\/10\/1759673823_Semaine-du-commerce-equitable-jusquau-11-octobre.jpg\",\"datePublished\":\"2025-10-05T14:17:01+00:00\",\"dateModified\":\"2025-10-05T14:17:01+00:00\",\"breadcrumb\":{\"@id\":\"https:\/\/vieassociative.be\/actualites\/semaine-du-commerce-equitable-jusquau-11-octobre\/#breadcrumb\"},\"inLanguage\":\"fr-BE\",\"potentialAction\":[{\"@type\":\"ReadAction\",\"target\":[\"https:\/\/vieassociative.be\/actualites\/semaine-du-commerce-equitable-jusquau-11-octobre\/\"]}]},{\"@type\":\"ImageObject\",\"inLanguage\":\"fr-BE\",\"@id\":\"https:\/\/vieassociative.be\/actualites\/semaine-du-commerce-equitable-jusquau-11-octobre\/#primaryimage\",\"url\":\"https:\/\/vieassociative.be\/actualites\/wp-content\/uploads\/2025\/10\/1759673823_Semaine-du-commerce-equitable-jusquau-11-octobre.jpg\",\"contentUrl\":\"https:\/\/vieassociative.be\/actualites\/wp-content\/uploads\/2025\/10\/1759673823_Semaine-du-commerce-equitable-jusquau-11-octobre.jpg\",\"width\":1300,\"height\":867,\"caption\":\"Semaine du commerce \u00e9quitable jusqu'au 11 octobre\"},{\"@type\":\"BreadcrumbList\",\"@id\":\"https:\/\/vieassociative.be\/actualites\/semaine-du-commerce-equitable-jusquau-11-octobre\/#breadcrumb\",\"itemListElement\":[{\"@type\":\"ListItem\",\"position\":1,\"name\":\"Accueil\",\"item\":\"https:\/\/vieassociative.be\/actualites\/\"},{\"@type\":\"ListItem\",\"position\":2,\"name\":\"Semaine du commerce \u00e9quitable jusqu&rsquo;au 11 octobre\"}]},{\"@type\":\"WebSite\",\"@id\":\"https:\/\/vieassociative.be\/actualites\/#website\",\"url\":\"https:\/\/vieassociative.be\/actualites\/\",\"name\":\"Vie Associative\",\"description\":\"\",\"publisher\":{\"@id\":\"https:\/\/vieassociative.be\/actualites\/#organization\"},\"potentialAction\":[{\"@type\":\"SearchAction\",\"target\":{\"@type\":\"EntryPoint\",\"urlTemplate\":\"https:\/\/vieassociative.be\/actualites\/?s={search_term_string}\"},\"query-input\":{\"@type\":\"PropertyValueSpecification\",\"valueRequired\":true,\"valueName\":\"search_term_string\"}}],\"inLanguage\":\"fr-BE\"},{\"@type\":\"Organization\",\"@id\":\"https:\/\/vieassociative.be\/actualites\/#organization\",\"name\":\"Vie Associative\",\"url\":\"https:\/\/vieassociative.be\/actualites\/\",\"logo\":{\"@type\":\"ImageObject\",\"inLanguage\":\"fr-BE\",\"@id\":\"https:\/\/vieassociative.be\/actualites\/#\/schema\/logo\/image\/\",\"url\":\"https:\/\/vieassociative.be\/actualites\/wp-content\/uploads\/2024\/09\/cropped-vieassociative_favicon.ico.png\",\"contentUrl\":\"https:\/\/vieassociative.be\/actualites\/wp-content\/uploads\/2024\/09\/cropped-vieassociative_favicon.ico.png\",\"width\":512,\"height\":512,\"caption\":\"Vie Associative\"},\"image\":{\"@id\":\"https:\/\/vieassociative.be\/actualites\/#\/schema\/logo\/image\/\"}},{\"@type\":\"Person\",\"@id\":\"https:\/\/vieassociative.be\/actualites\/#\/schema\/person\/b87ac4f82f9d4e7b7cec7395b679edc4\",\"name\":\"Julien\",\"image\":{\"@type\":\"ImageObject\",\"inLanguage\":\"fr-BE\",\"@id\":\"https:\/\/vieassociative.be\/actualites\/#\/schema\/person\/image\/\",\"url\":\"https:\/\/vieassociative.be\/actualites\/wp-content\/uploads\/2024\/09\/vie-associative-1-150x150.jpg\",\"contentUrl\":\"https:\/\/vieassociative.be\/actualites\/wp-content\/uploads\/2024\/09\/vie-associative-1-150x150.jpg\",\"caption\":\"Julien\"},\"description\":\"Je suis Julien, r\u00e9dacteur pour Vie Associative. Passionn\u00e9 par le monde associatif depuis plus de 10 ans, j'ai \u00e0 c\u0153ur de partager des histoires inspirantes et de mettre en lumi\u00e8re les initiatives locales. Mon objectif est de sensibiliser et d'encourager l'engagement communautaire \u00e0 travers mes articles.\",\"sameAs\":[\"https:\/\/vieassociative.be\/\"]}]}<\/script>\n<!-- \/ Yoast SEO plugin. -->","yoast_head_json":{"title":"Semaine du commerce \u00e9quitable jusqu'au 11 octobre | Vie Associative","robots":{"index":"index","follow":"follow","max-snippet":"max-snippet:-1","max-image-preview":"max-image-preview:large","max-video-preview":"max-video-preview:-1"},"canonical":"https:\/\/vieassociative.be\/actualites\/semaine-du-commerce-equitable-jusquau-11-octobre\/","og_locale":"fr_FR","og_type":"article","og_title":"Semaine du commerce \u00e9quitable jusqu'au 11 octobre | Vie Associative","og_description":"Sous la devise de cette ann\u00e9e \u00ab\u00a0D\u00e9couvrez la vari\u00e9t\u00e9 du commerce \u00e9quitable ensemble!\u00a0\u00bb La ministre de la DG Lydia Klinkenberg, avec les World Shops, a","og_url":"https:\/\/vieassociative.be\/actualites\/semaine-du-commerce-equitable-jusquau-11-octobre\/","og_site_name":"Vie Associative","article_published_time":"2025-10-05T14:17:01+00:00","og_image":[{"width":279,"height":92,"url":"https:\/\/vieassociative.be\/actualites\/wp-content\/uploads\/2024\/09\/header_backgroundk-01-e1726694325946.png","type":"image\/png"}],"author":"Julien","twitter_card":"summary_large_image","twitter_misc":{"\u00c9crit par":"Julien","Dur\u00e9e de lecture est.":"3 minutes"},"schema":{"@context":"https:\/\/schema.org","@graph":[{"@type":"Article","@id":"https:\/\/vieassociative.be\/actualites\/semaine-du-commerce-equitable-jusquau-11-octobre\/#article","isPartOf":{"@id":"https:\/\/vieassociative.be\/actualites\/semaine-du-commerce-equitable-jusquau-11-octobre\/"},"author":{"name":"Julien","@id":"https:\/\/vieassociative.be\/actualites\/#\/schema\/person\/b87ac4f82f9d4e7b7cec7395b679edc4"},"headline":"Semaine du commerce \u00e9quitable jusqu&rsquo;au 11 octobre","datePublished":"2025-10-05T14:17:01+00:00","dateModified":"2025-10-05T14:17:01+00:00","mainEntityOfPage":{"@id":"https:\/\/vieassociative.be\/actualites\/semaine-du-commerce-equitable-jusquau-11-octobre\/"},"wordCount":568,"publisher":{"@id":"https:\/\/vieassociative.be\/actualites\/#organization"},"image":{"@id":"https:\/\/vieassociative.be\/actualites\/semaine-du-commerce-equitable-jusquau-11-octobre\/#primaryimage"},"thumbnailUrl":"https:\/\/vieassociative.be\/actualites\/wp-content\/uploads\/2025\/10\/1759673823_Semaine-du-commerce-equitable-jusquau-11-octobre.jpg","keywords":["commerce","\u00e9quitable","jusquau","octobre","semaine"],"articleSection":["Belgique"],"inLanguage":"fr-BE"},{"@type":"WebPage","@id":"https:\/\/vieassociative.be\/actualites\/semaine-du-commerce-equitable-jusquau-11-octobre\/","url":"https:\/\/vieassociative.be\/actualites\/semaine-du-commerce-equitable-jusquau-11-octobre\/","name":"Semaine du commerce \u00e9quitable jusqu'au 11 octobre | Vie Associative","isPartOf":{"@id":"https:\/\/vieassociative.be\/actualites\/#website"},"primaryImageOfPage":{"@id":"https:\/\/vieassociative.be\/actualites\/semaine-du-commerce-equitable-jusquau-11-octobre\/#primaryimage"},"image":{"@id":"https:\/\/vieassociative.be\/actualites\/semaine-du-commerce-equitable-jusquau-11-octobre\/#primaryimage"},"thumbnailUrl":"https:\/\/vieassociative.be\/actualites\/wp-content\/uploads\/2025\/10\/1759673823_Semaine-du-commerce-equitable-jusquau-11-octobre.jpg","datePublished":"2025-10-05T14:17:01+00:00","dateModified":"2025-10-05T14:17:01+00:00","breadcrumb":{"@id":"https:\/\/vieassociative.be\/actualites\/semaine-du-commerce-equitable-jusquau-11-octobre\/#breadcrumb"},"inLanguage":"fr-BE","potentialAction":[{"@type":"ReadAction","target":["https:\/\/vieassociative.be\/actualites\/semaine-du-commerce-equitable-jusquau-11-octobre\/"]}]},{"@type":"ImageObject","inLanguage":"fr-BE","@id":"https:\/\/vieassociative.be\/actualites\/semaine-du-commerce-equitable-jusquau-11-octobre\/#primaryimage","url":"https:\/\/vieassociative.be\/actualites\/wp-content\/uploads\/2025\/10\/1759673823_Semaine-du-commerce-equitable-jusquau-11-octobre.jpg","contentUrl":"https:\/\/vieassociative.be\/actualites\/wp-content\/uploads\/2025\/10\/1759673823_Semaine-du-commerce-equitable-jusquau-11-octobre.jpg","width":1300,"height":867,"caption":"Semaine du commerce \u00e9quitable jusqu'au 11 octobre"},{"@type":"BreadcrumbList","@id":"https:\/\/vieassociative.be\/actualites\/semaine-du-commerce-equitable-jusquau-11-octobre\/#breadcrumb","itemListElement":[{"@type":"ListItem","position":1,"name":"Accueil","item":"https:\/\/vieassociative.be\/actualites\/"},{"@type":"ListItem","position":2,"name":"Semaine du commerce \u00e9quitable jusqu&rsquo;au 11 octobre"}]},{"@type":"WebSite","@id":"https:\/\/vieassociative.be\/actualites\/#website","url":"https:\/\/vieassociative.be\/actualites\/","name":"Vie Associative","description":"","publisher":{"@id":"https:\/\/vieassociative.be\/actualites\/#organization"},"potentialAction":[{"@type":"SearchAction","target":{"@type":"EntryPoint","urlTemplate":"https:\/\/vieassociative.be\/actualites\/?s={search_term_string}"},"query-input":{"@type":"PropertyValueSpecification","valueRequired":true,"valueName":"search_term_string"}}],"inLanguage":"fr-BE"},{"@type":"Organization","@id":"https:\/\/vieassociative.be\/actualites\/#organization","name":"Vie Associative","url":"https:\/\/vieassociative.be\/actualites\/","logo":{"@type":"ImageObject","inLanguage":"fr-BE","@id":"https:\/\/vieassociative.be\/actualites\/#\/schema\/logo\/image\/","url":"https:\/\/vieassociative.be\/actualites\/wp-content\/uploads\/2024\/09\/cropped-vieassociative_favicon.ico.png","contentUrl":"https:\/\/vieassociative.be\/actualites\/wp-content\/uploads\/2024\/09\/cropped-vieassociative_favicon.ico.png","width":512,"height":512,"caption":"Vie Associative"},"image":{"@id":"https:\/\/vieassociative.be\/actualites\/#\/schema\/logo\/image\/"}},{"@type":"Person","@id":"https:\/\/vieassociative.be\/actualites\/#\/schema\/person\/b87ac4f82f9d4e7b7cec7395b679edc4","name":"Julien","image":{"@type":"ImageObject","inLanguage":"fr-BE","@id":"https:\/\/vieassociative.be\/actualites\/#\/schema\/person\/image\/","url":"https:\/\/vieassociative.be\/actualites\/wp-content\/uploads\/2024\/09\/vie-associative-1-150x150.jpg","contentUrl":"https:\/\/vieassociative.be\/actualites\/wp-content\/uploads\/2024\/09\/vie-associative-1-150x150.jpg","caption":"Julien"},"description":"Je suis Julien, r\u00e9dacteur pour Vie Associative. Passionn\u00e9 par le monde associatif depuis plus de 10 ans, j'ai \u00e0 c\u0153ur de partager des histoires inspirantes et de mettre en lumi\u00e8re les initiatives locales. Mon objectif est de sensibiliser et d'encourager l'engagement communautaire \u00e0 travers mes articles.","sameAs":["https:\/\/vieassociative.be\/"]}]}},"_links":{"self":[{"href":"https:\/\/vieassociative.be\/actualites\/wp-json\/wp\/v2\/posts\/10466"}],"collection":[{"href":"https:\/\/vieassociative.be\/actualites\/wp-json\/wp\/v2\/posts"}],"about":[{"href":"https:\/\/vieassociative.be\/actualites\/wp-json\/wp\/v2\/types\/post"}],"author":[{"embeddable":true,"href":"https:\/\/vieassociative.be\/actualites\/wp-json\/wp\/v2\/users\/1"}],"replies":[{"embeddable":true,"href":"https:\/\/vieassociative.be\/actualites\/wp-json\/wp\/v2\/comments?post=10466"}],"version-history":[{"count":0,"href":"https:\/\/vieassociative.be\/actualites\/wp-json\/wp\/v2\/posts\/10466\/revisions"}],"wp:featuredmedia":[{"embeddable":true,"href":"https:\/\/vieassociative.be\/actualites\/wp-json\/wp\/v2\/media\/10467"}],"wp:attachment":[{"href":"https:\/\/vieassociative.be\/actualites\/wp-json\/wp\/v2\/media?parent=10466"}],"wp:term":[{"taxonomy":"category","embeddable":true,"href":"https:\/\/vieassociative.be\/actualites\/wp-json\/wp\/v2\/categories?post=10466"},{"taxonomy":"post_tag","embeddable":true,"href":"https:\/\/vieassociative.be\/actualites\/wp-json\/wp\/v2\/tags?post=10466"}],"curies":[{"name":"wp","href":"https:\/\/api.w.org\/{rel}","templated":true}]}}