{"id":10464,"date":"2025-10-05T15:18:17","date_gmt":"2025-10-05T13:18:17","guid":{"rendered":"https:\/\/vieassociative.be\/actualites\/vous-devez-colorer-vos-notes-pour-un-meilleur-rappel\/"},"modified":"2025-10-05T15:18:17","modified_gmt":"2025-10-05T13:18:17","slug":"vous-devez-colorer-vos-notes-pour-un-meilleur-rappel","status":"publish","type":"post","link":"https:\/\/vieassociative.be\/actualites\/vous-devez-colorer-vos-notes-pour-un-meilleur-rappel\/","title":{"rendered":"Vous devez colorer vos notes pour un meilleur rappel"},"content":{"rendered":"<div class=\"mt-4 leading-6 md:mb-8\">L&rsquo;utilisation de la couleur peut r\u00e9ellement am\u00e9liorer les performances de votre m\u00e9moire.<\/div>\n<p><\/p>\n<p><em>Saviez-vous que vous pouvez personnaliser Google pour filtrer les ordures? Prendre ces \u00e9tapes<\/em><em> Pour de meilleurs r\u00e9sultats de recherche, notamment l&rsquo;ajout de Vie Associative comme source pr\u00e9f\u00e9r\u00e9e pour les nouvelles technologiques<\/em><em>.<\/em><\/p>\n<hr>\n<p>Pour prendre les meilleures notes en classe, vous avez besoin d&rsquo;un syst\u00e8me. Il existe de nombreuses grandes techniques de prise de notes qui peuvent vous aider \u00e0 identifier les \u00e9l\u00e9ments cl\u00e9s de toute le\u00e7on et \u00e0 les organiser d&rsquo;une mani\u00e8re qui vous aidera \u00e0 \u00e9tudier, mais l&rsquo;une des meilleures fa\u00e7ons d&rsquo;apprendre et de conserver ce que les notes disent par codage couleur. C&rsquo;est facile et m\u00eame amusant de travailler cette technique dans votre structure d&rsquo;\u00e9tude existante, alors voici quoi faire.<\/p>\n<h2 id=\"how-color-coding-your-notes-helps-you-study\">Comment le codage des couleurs vous aide \u00e0 \u00e9tudier<\/h2>\n<p>L&rsquo;utilisation de la couleur peut am\u00e9liorer les performances de votre m\u00e9moire. Ce n&rsquo;est pas seulement une observation jetable: la recherche l&rsquo;a sauvegard\u00e9e. Une \u00e9tude de 2019 a affirm\u00e9 que la couleur, un stimulus perceptuel, a \u00abun impact significatif sur l&rsquo;am\u00e9lioration de l&rsquo;\u00e9motion et de la m\u00e9moire humaine\u00bb et a trouv\u00e9 \u00ables mat\u00e9riaux d&rsquo;apprentissage multim\u00e9dia color\u00e9s ont induit des exp\u00e9riences \u00e9motionnelles positives pendant l&rsquo;apprentissage et ont influenc\u00e9 le traitement de l&rsquo;information du cerveau\u00bb. Une \u00e9motion positive a accru la motivation pour y apprendre, mais d&rsquo;autres \u00e9tudes ont une couleur encore plus directement li\u00e9e \u00e0 la m\u00e9moire, en sautant compl\u00e8tement la partie \u00e9motionnelle. Par exemple, cette revue de la litt\u00e9rature de 2013 a not\u00e9 qu &lsquo;\u00abil semble y avoir une base pour associer la couleur et son effet significatif sur les capacit\u00e9s de m\u00e9moire\u00bb.<\/p>\n<div class=\"mx-auto mb-12 mt-5 w-full max-w-3xl rounded-md border-2 border-gray-100 p-3 shadow-md md:px-7 md:pb-7 md:pt-5\" id=\"related-video\">\n<div class=\"mb-3 flex items-center md:mb-5\">\n        <img decoding=\"async\" class=\"mr-4 mt-0 h-10 w-10 md:mr-5 md:h-12 md:w-12\" src=\"https:\/\/vieassociative.be\/actualites\/wp-content\/uploads\/2025\/09\/1757726237_608_Meta-pourrait-devoiler-une-montre-intelligente-pour-controler-ses-lunettes.jpg\" alt=\"Logo Lifehacker\"><\/p><\/div>\n<div class=\"aspect-video w-full overflow-hidden rounded-md\">\n<div id=\"video-container-01K6T85SGT0EXGMTEMF8PSXB9X\"><\/div>\n<\/p><\/div>\n<\/div>\n<p>D&rsquo;autres \u00e9tudes, comme celle-ci de 2022, ont soulign\u00e9 \u00e0 quel point l&rsquo;utilisation de la couleur est vitale pour l&rsquo;expression de soi des \u00e9tudiants \u00e9galement, le trouvant \u00abune cl\u00e9 pour leur satisfaction du processus d&rsquo;apprentissage et de sa r\u00e9ussite, ainsi que de leur croissance de carri\u00e8re future\u00bb. L&rsquo;\u00e9tude a r\u00e9v\u00e9l\u00e9 que le codage des couleurs importante \u00e9tait le plus important pour les \u00e9tudiants, qui pouvaient contr\u00f4ler leur codage couleur et am\u00e9liorer leur propre processus d&rsquo;auto-\u00e9tude.<\/p>\n<p>Comme pour beaucoup de techniques d&rsquo;\u00e9tude et d&rsquo;apprentissage, nous voyons que cela s&rsquo;applique beaucoup dans les premi\u00e8res ann\u00e9es de l&rsquo;\u00e9cole, mais cela s&rsquo;ex\u00e9cute \u00e0 mesure que les apprenants vieillissent &#8211; bien que cela ne devrait pas. M\u00eame s&rsquo;il \u00e9tait plus en arri\u00e8re que le lyc\u00e9e, vos souvenirs de l&rsquo;\u00e9cole primaire peuvent \u00eatre plus vifs et vous vous souvenez peut-\u00eatre m\u00eame d&rsquo;apprendre des choses sp\u00e9cifiques. Je me souviens de beaucoup de projets artistiques \u00e9ducatifs que j&rsquo;ai r\u00e9alis\u00e9s en tant qu&rsquo;enfant, par exemple, surtout quand j&rsquo;ai pu choisir les couleurs et les designs que j&rsquo;ai utilis\u00e9s. L&rsquo;application de ce m\u00eame m\u00e9lange d&rsquo;autod\u00e9termination, de prise de d\u00e9cision active et de fantaisie \u00e0 des \u00e9tudes plus avanc\u00e9es ne peut pas faire de mal.<\/p>\n<h2 id=\"how-to-color-code-your-notes\">Comment coder les couleurs de vos notes<\/h2>\n<p>Comme indiqu\u00e9 clairement dans la recherche sur le sujet, le codage couleur concerne autant l&rsquo;\u00e9tude et l&rsquo;expression autonomes que la m\u00e9moire et la r\u00e9tention, ce qui signifie qu&rsquo;il n&rsquo;y a pas de bonne ou de mauvaise fa\u00e7on de coder les couleurs de vos propres notes.<\/p>\n<p>Vous pouvez utiliser diff\u00e9rentes couleurs de stylo lorsque vous prenez les notes, par exemple en utilisant du rouge pour \u00e9crire des points cl\u00e9s et du noir pour remplir des informations suppl\u00e9mentaires. Cela fonctionne bien lorsque vous utilisez un cadre de lecture critique, comme SQ3R ou KWL aussi. Dites que vous utilisez KWL, o\u00f9 vous divisez votre page en trois colonnes et les \u00e9tiquetez <strong>Savoir<\/strong>, <strong>Veux savoir<\/strong>et <strong>Apprendre<\/strong>. La colonne \u00ab\u00a0Learn\u00a0\u00bb est l&rsquo;endroit o\u00f9 vous \u00e9crivez les r\u00e9ponses aux questions que vous postulez dans \u00ab\u00a0Want To Know\u00a0\u00bb, afin que vous puissiez envisager d&rsquo;\u00e9crire ceux-ci de couleur diff\u00e9rente afin qu&rsquo;ils soient vraiment en train de sortir. <\/p>\n<p>Ou, vous pouvez utiliser des surligneurs pour coder certains types d&rsquo;informations. Par exemple, le jaune peut signifier des points cl\u00e9s, le bleu peut indiquer des choses dont vous n&rsquo;\u00eates pas s\u00fbr, le vert pourrait \u00eatre des mots de vocabulaire, etc. La cl\u00e9 est de cr\u00e9er un syst\u00e8me uniforme et peut \u00eatre utilis\u00e9 dans toutes vos notes afin de commencer \u00e0 associer les diff\u00e9rentes couleurs avec certaines id\u00e9es ou concepts. <\/p>\n<p>Vous pouvez le faire en classe lorsque vous prenez des notes, donc m\u00eame depuis le d\u00e9but, vous identifiez activement les concepts cl\u00e9s, les mots de vocabulaire, etc., ou vous pouvez le faire pendant que vous r\u00e9visez et r\u00e9visez vos notes pour vous aider \u00e0 mieux les organiser. Le codage des couleurs est particuli\u00e8rement utile en revue, car vous pouvez analyser rapidement une page pour identifier, disons, toutes les dates importantes d&rsquo;une le\u00e7on d&rsquo;histoire &#8211; vous avez fourni quelques secondes pour les mettre en \u00e9vidence dans une certaine couleur au pr\u00e9alable.<\/p>\n<p>\u00c0 l&rsquo;avant de chaque cahier, faites un r\u00e9pertoire \u00e0 code couleur pour vous rappeler ce que repr\u00e9sente chaque stylo ou teinte de surligneur, puis respectez-le. Vous pouvez, bien s\u00fbr, faire cela si vous tapez vos notes dans un document de traitement de texte, mais gardez \u00e0 l&rsquo;esprit que la recherche sugg\u00e8re que vous vous souviendrez mieux des mat\u00e9riaux manuscrits. <\/p>\n<p>Une fois que vous avez cr\u00e9\u00e9 une structure de codage couleur, restez-y dans tous les domaines de vos \u00e9tudes. Lorsque vous faites des flashcards, assurez-vous de garder vos points cl\u00e9s jaunes, vos mots de vocabulaire verts ou tout ce qui a du sens avec la structure que vous utilisez. Il en va de m\u00eame si vous cr\u00e9ez des cartes mentales (ce que vous devriez \u00eatre) pour vous aider \u00e0 visualiser vos notes et mat\u00e9riaux de cours. Faites en sorte que vos couleurs de bulle ou de texte s&rsquo;alignent avec les teintes que vous avez attribu\u00e9es \u00e0 diff\u00e9rents \u00e9l\u00e9ments de votre contenu. Pour rendre cela encore plus facile, utilisez une application. Mon pr\u00e9f\u00e9r\u00e9 pour Mind Maps est XMind, qui permet de nombreuses options de s\u00e9lection des couleurs.<\/p>\n","protected":false},"excerpt":{"rendered":"<p>L&rsquo;utilisation de la couleur peut r\u00e9ellement am\u00e9liorer les performances de votre m\u00e9moire. Saviez-vous que vous pouvez personnaliser Google pour filtrer les ordures? Prendre ces \u00e9tapes<\/p>\n","protected":false},"author":1,"featured_media":10465,"comment_status":"","ping_status":"","sticky":false,"template":"","format":"standard","meta":{"footnotes":""},"categories":[37],"tags":[8787,1086,579,145,81,1664,27,4],"class_list":["post-10464","post","type-post","status-publish","format-standard","has-post-thumbnail","hentry","category-famille","tag-colorer","tag-devez","tag-meilleur","tag-notes","tag-pour","tag-rappel","tag-vos","tag-vous","generate-columns","tablet-grid-50","mobile-grid-100","grid-parent","grid-33"],"yoast_head":"<!-- This site is optimized with the Yoast SEO plugin v24.0 - https:\/\/yoast.com\/wordpress\/plugins\/seo\/ -->\n<title>Vous devez colorer vos notes pour un meilleur rappel | Vie Associative<\/title>\n<meta name=\"robots\" content=\"index, follow, max-snippet:-1, max-image-preview:large, max-video-preview:-1\" \/>\n<link rel=\"canonical\" href=\"https:\/\/vieassociative.be\/actualites\/vous-devez-colorer-vos-notes-pour-un-meilleur-rappel\/\" \/>\n<meta property=\"og:locale\" content=\"fr_FR\" \/>\n<meta property=\"og:type\" content=\"article\" \/>\n<meta property=\"og:title\" content=\"Vous devez colorer vos notes pour un meilleur rappel | Vie Associative\" \/>\n<meta property=\"og:description\" content=\"L&rsquo;utilisation de la couleur peut r\u00e9ellement am\u00e9liorer les performances de votre m\u00e9moire. Saviez-vous que vous pouvez personnaliser Google pour filtrer les ordures? Prendre ces \u00e9tapes\" \/>\n<meta property=\"og:url\" content=\"https:\/\/vieassociative.be\/actualites\/vous-devez-colorer-vos-notes-pour-un-meilleur-rappel\/\" \/>\n<meta property=\"og:site_name\" content=\"Vie Associative\" \/>\n<meta property=\"article:published_time\" content=\"2025-10-05T13:18:17+00:00\" \/>\n<meta property=\"og:image\" content=\"https:\/\/vieassociative.be\/actualites\/wp-content\/uploads\/2025\/09\/1757726237_608_Meta-pourrait-devoiler-une-montre-intelligente-pour-controler-ses-lunettes.jpg\" \/>\n<meta name=\"author\" content=\"Julien\" \/>\n<meta name=\"twitter:card\" content=\"summary_large_image\" \/>\n<meta name=\"twitter:label1\" content=\"\u00c9crit par\" \/>\n\t<meta name=\"twitter:data1\" content=\"Julien\" \/>\n\t<meta name=\"twitter:label2\" content=\"Dur\u00e9e de lecture est.\" \/>\n\t<meta name=\"twitter:data2\" content=\"5 minutes\" \/>\n<script type=\"application\/ld+json\" class=\"yoast-schema-graph\">{\"@context\":\"https:\/\/schema.org\",\"@graph\":[{\"@type\":\"Article\",\"@id\":\"https:\/\/vieassociative.be\/actualites\/vous-devez-colorer-vos-notes-pour-un-meilleur-rappel\/#article\",\"isPartOf\":{\"@id\":\"https:\/\/vieassociative.be\/actualites\/vous-devez-colorer-vos-notes-pour-un-meilleur-rappel\/\"},\"author\":{\"name\":\"Julien\",\"@id\":\"https:\/\/vieassociative.be\/actualites\/#\/schema\/person\/b87ac4f82f9d4e7b7cec7395b679edc4\"},\"headline\":\"Vous devez colorer vos notes pour un meilleur rappel\",\"datePublished\":\"2025-10-05T13:18:17+00:00\",\"dateModified\":\"2025-10-05T13:18:17+00:00\",\"mainEntityOfPage\":{\"@id\":\"https:\/\/vieassociative.be\/actualites\/vous-devez-colorer-vos-notes-pour-un-meilleur-rappel\/\"},\"wordCount\":1090,\"publisher\":{\"@id\":\"https:\/\/vieassociative.be\/actualites\/#organization\"},\"image\":{\"@id\":\"https:\/\/vieassociative.be\/actualites\/vous-devez-colorer-vos-notes-pour-un-meilleur-rappel\/#primaryimage\"},\"thumbnailUrl\":\"https:\/\/vieassociative.be\/actualites\/wp-content\/uploads\/2025\/10\/Vous-devez-colorer-vos-notes-pour-un-meilleur-rappel.jpg\",\"keywords\":[\"colorer\",\"devez\",\"meilleur\",\"notes\",\"pour\",\"rappel\",\"vos\",\"Vous\"],\"articleSection\":[\"Famille\"],\"inLanguage\":\"fr-BE\"},{\"@type\":\"WebPage\",\"@id\":\"https:\/\/vieassociative.be\/actualites\/vous-devez-colorer-vos-notes-pour-un-meilleur-rappel\/\",\"url\":\"https:\/\/vieassociative.be\/actualites\/vous-devez-colorer-vos-notes-pour-un-meilleur-rappel\/\",\"name\":\"Vous devez colorer vos notes pour un meilleur rappel | Vie Associative\",\"isPartOf\":{\"@id\":\"https:\/\/vieassociative.be\/actualites\/#website\"},\"primaryImageOfPage\":{\"@id\":\"https:\/\/vieassociative.be\/actualites\/vous-devez-colorer-vos-notes-pour-un-meilleur-rappel\/#primaryimage\"},\"image\":{\"@id\":\"https:\/\/vieassociative.be\/actualites\/vous-devez-colorer-vos-notes-pour-un-meilleur-rappel\/#primaryimage\"},\"thumbnailUrl\":\"https:\/\/vieassociative.be\/actualites\/wp-content\/uploads\/2025\/10\/Vous-devez-colorer-vos-notes-pour-un-meilleur-rappel.jpg\",\"datePublished\":\"2025-10-05T13:18:17+00:00\",\"dateModified\":\"2025-10-05T13:18:17+00:00\",\"breadcrumb\":{\"@id\":\"https:\/\/vieassociative.be\/actualites\/vous-devez-colorer-vos-notes-pour-un-meilleur-rappel\/#breadcrumb\"},\"inLanguage\":\"fr-BE\",\"potentialAction\":[{\"@type\":\"ReadAction\",\"target\":[\"https:\/\/vieassociative.be\/actualites\/vous-devez-colorer-vos-notes-pour-un-meilleur-rappel\/\"]}]},{\"@type\":\"ImageObject\",\"inLanguage\":\"fr-BE\",\"@id\":\"https:\/\/vieassociative.be\/actualites\/vous-devez-colorer-vos-notes-pour-un-meilleur-rappel\/#primaryimage\",\"url\":\"https:\/\/vieassociative.be\/actualites\/wp-content\/uploads\/2025\/10\/Vous-devez-colorer-vos-notes-pour-un-meilleur-rappel.jpg\",\"contentUrl\":\"https:\/\/vieassociative.be\/actualites\/wp-content\/uploads\/2025\/10\/Vous-devez-colorer-vos-notes-pour-un-meilleur-rappel.jpg\",\"width\":1200,\"height\":675,\"caption\":\"Vous devez colorer vos notes pour un meilleur rappel\"},{\"@type\":\"BreadcrumbList\",\"@id\":\"https:\/\/vieassociative.be\/actualites\/vous-devez-colorer-vos-notes-pour-un-meilleur-rappel\/#breadcrumb\",\"itemListElement\":[{\"@type\":\"ListItem\",\"position\":1,\"name\":\"Accueil\",\"item\":\"https:\/\/vieassociative.be\/actualites\/\"},{\"@type\":\"ListItem\",\"position\":2,\"name\":\"Vous devez colorer vos notes pour un meilleur rappel\"}]},{\"@type\":\"WebSite\",\"@id\":\"https:\/\/vieassociative.be\/actualites\/#website\",\"url\":\"https:\/\/vieassociative.be\/actualites\/\",\"name\":\"Vie Associative\",\"description\":\"\",\"publisher\":{\"@id\":\"https:\/\/vieassociative.be\/actualites\/#organization\"},\"potentialAction\":[{\"@type\":\"SearchAction\",\"target\":{\"@type\":\"EntryPoint\",\"urlTemplate\":\"https:\/\/vieassociative.be\/actualites\/?s={search_term_string}\"},\"query-input\":{\"@type\":\"PropertyValueSpecification\",\"valueRequired\":true,\"valueName\":\"search_term_string\"}}],\"inLanguage\":\"fr-BE\"},{\"@type\":\"Organization\",\"@id\":\"https:\/\/vieassociative.be\/actualites\/#organization\",\"name\":\"Vie Associative\",\"url\":\"https:\/\/vieassociative.be\/actualites\/\",\"logo\":{\"@type\":\"ImageObject\",\"inLanguage\":\"fr-BE\",\"@id\":\"https:\/\/vieassociative.be\/actualites\/#\/schema\/logo\/image\/\",\"url\":\"https:\/\/vieassociative.be\/actualites\/wp-content\/uploads\/2024\/09\/cropped-vieassociative_favicon.ico.png\",\"contentUrl\":\"https:\/\/vieassociative.be\/actualites\/wp-content\/uploads\/2024\/09\/cropped-vieassociative_favicon.ico.png\",\"width\":512,\"height\":512,\"caption\":\"Vie Associative\"},\"image\":{\"@id\":\"https:\/\/vieassociative.be\/actualites\/#\/schema\/logo\/image\/\"}},{\"@type\":\"Person\",\"@id\":\"https:\/\/vieassociative.be\/actualites\/#\/schema\/person\/b87ac4f82f9d4e7b7cec7395b679edc4\",\"name\":\"Julien\",\"image\":{\"@type\":\"ImageObject\",\"inLanguage\":\"fr-BE\",\"@id\":\"https:\/\/vieassociative.be\/actualites\/#\/schema\/person\/image\/\",\"url\":\"https:\/\/vieassociative.be\/actualites\/wp-content\/uploads\/2024\/09\/vie-associative-1-150x150.jpg\",\"contentUrl\":\"https:\/\/vieassociative.be\/actualites\/wp-content\/uploads\/2024\/09\/vie-associative-1-150x150.jpg\",\"caption\":\"Julien\"},\"description\":\"Je suis Julien, r\u00e9dacteur pour Vie Associative. Passionn\u00e9 par le monde associatif depuis plus de 10 ans, j'ai \u00e0 c\u0153ur de partager des histoires inspirantes et de mettre en lumi\u00e8re les initiatives locales. Mon objectif est de sensibiliser et d'encourager l'engagement communautaire \u00e0 travers mes articles.\",\"sameAs\":[\"https:\/\/vieassociative.be\/\"]}]}<\/script>\n<!-- \/ Yoast SEO plugin. -->","yoast_head_json":{"title":"Vous devez colorer vos notes pour un meilleur rappel | Vie Associative","robots":{"index":"index","follow":"follow","max-snippet":"max-snippet:-1","max-image-preview":"max-image-preview:large","max-video-preview":"max-video-preview:-1"},"canonical":"https:\/\/vieassociative.be\/actualites\/vous-devez-colorer-vos-notes-pour-un-meilleur-rappel\/","og_locale":"fr_FR","og_type":"article","og_title":"Vous devez colorer vos notes pour un meilleur rappel | Vie Associative","og_description":"L&rsquo;utilisation de la couleur peut r\u00e9ellement am\u00e9liorer les performances de votre m\u00e9moire. Saviez-vous que vous pouvez personnaliser Google pour filtrer les ordures? Prendre ces \u00e9tapes","og_url":"https:\/\/vieassociative.be\/actualites\/vous-devez-colorer-vos-notes-pour-un-meilleur-rappel\/","og_site_name":"Vie Associative","article_published_time":"2025-10-05T13:18:17+00:00","og_image":[{"url":"https:\/\/vieassociative.be\/actualites\/wp-content\/uploads\/2025\/09\/1757726237_608_Meta-pourrait-devoiler-une-montre-intelligente-pour-controler-ses-lunettes.jpg","type":"","width":"","height":""}],"author":"Julien","twitter_card":"summary_large_image","twitter_misc":{"\u00c9crit par":"Julien","Dur\u00e9e de lecture est.":"5 minutes"},"schema":{"@context":"https:\/\/schema.org","@graph":[{"@type":"Article","@id":"https:\/\/vieassociative.be\/actualites\/vous-devez-colorer-vos-notes-pour-un-meilleur-rappel\/#article","isPartOf":{"@id":"https:\/\/vieassociative.be\/actualites\/vous-devez-colorer-vos-notes-pour-un-meilleur-rappel\/"},"author":{"name":"Julien","@id":"https:\/\/vieassociative.be\/actualites\/#\/schema\/person\/b87ac4f82f9d4e7b7cec7395b679edc4"},"headline":"Vous devez colorer vos notes pour un meilleur rappel","datePublished":"2025-10-05T13:18:17+00:00","dateModified":"2025-10-05T13:18:17+00:00","mainEntityOfPage":{"@id":"https:\/\/vieassociative.be\/actualites\/vous-devez-colorer-vos-notes-pour-un-meilleur-rappel\/"},"wordCount":1090,"publisher":{"@id":"https:\/\/vieassociative.be\/actualites\/#organization"},"image":{"@id":"https:\/\/vieassociative.be\/actualites\/vous-devez-colorer-vos-notes-pour-un-meilleur-rappel\/#primaryimage"},"thumbnailUrl":"https:\/\/vieassociative.be\/actualites\/wp-content\/uploads\/2025\/10\/Vous-devez-colorer-vos-notes-pour-un-meilleur-rappel.jpg","keywords":["colorer","devez","meilleur","notes","pour","rappel","vos","Vous"],"articleSection":["Famille"],"inLanguage":"fr-BE"},{"@type":"WebPage","@id":"https:\/\/vieassociative.be\/actualites\/vous-devez-colorer-vos-notes-pour-un-meilleur-rappel\/","url":"https:\/\/vieassociative.be\/actualites\/vous-devez-colorer-vos-notes-pour-un-meilleur-rappel\/","name":"Vous devez colorer vos notes pour un meilleur rappel | Vie Associative","isPartOf":{"@id":"https:\/\/vieassociative.be\/actualites\/#website"},"primaryImageOfPage":{"@id":"https:\/\/vieassociative.be\/actualites\/vous-devez-colorer-vos-notes-pour-un-meilleur-rappel\/#primaryimage"},"image":{"@id":"https:\/\/vieassociative.be\/actualites\/vous-devez-colorer-vos-notes-pour-un-meilleur-rappel\/#primaryimage"},"thumbnailUrl":"https:\/\/vieassociative.be\/actualites\/wp-content\/uploads\/2025\/10\/Vous-devez-colorer-vos-notes-pour-un-meilleur-rappel.jpg","datePublished":"2025-10-05T13:18:17+00:00","dateModified":"2025-10-05T13:18:17+00:00","breadcrumb":{"@id":"https:\/\/vieassociative.be\/actualites\/vous-devez-colorer-vos-notes-pour-un-meilleur-rappel\/#breadcrumb"},"inLanguage":"fr-BE","potentialAction":[{"@type":"ReadAction","target":["https:\/\/vieassociative.be\/actualites\/vous-devez-colorer-vos-notes-pour-un-meilleur-rappel\/"]}]},{"@type":"ImageObject","inLanguage":"fr-BE","@id":"https:\/\/vieassociative.be\/actualites\/vous-devez-colorer-vos-notes-pour-un-meilleur-rappel\/#primaryimage","url":"https:\/\/vieassociative.be\/actualites\/wp-content\/uploads\/2025\/10\/Vous-devez-colorer-vos-notes-pour-un-meilleur-rappel.jpg","contentUrl":"https:\/\/vieassociative.be\/actualites\/wp-content\/uploads\/2025\/10\/Vous-devez-colorer-vos-notes-pour-un-meilleur-rappel.jpg","width":1200,"height":675,"caption":"Vous devez colorer vos notes pour un meilleur rappel"},{"@type":"BreadcrumbList","@id":"https:\/\/vieassociative.be\/actualites\/vous-devez-colorer-vos-notes-pour-un-meilleur-rappel\/#breadcrumb","itemListElement":[{"@type":"ListItem","position":1,"name":"Accueil","item":"https:\/\/vieassociative.be\/actualites\/"},{"@type":"ListItem","position":2,"name":"Vous devez colorer vos notes pour un meilleur rappel"}]},{"@type":"WebSite","@id":"https:\/\/vieassociative.be\/actualites\/#website","url":"https:\/\/vieassociative.be\/actualites\/","name":"Vie Associative","description":"","publisher":{"@id":"https:\/\/vieassociative.be\/actualites\/#organization"},"potentialAction":[{"@type":"SearchAction","target":{"@type":"EntryPoint","urlTemplate":"https:\/\/vieassociative.be\/actualites\/?s={search_term_string}"},"query-input":{"@type":"PropertyValueSpecification","valueRequired":true,"valueName":"search_term_string"}}],"inLanguage":"fr-BE"},{"@type":"Organization","@id":"https:\/\/vieassociative.be\/actualites\/#organization","name":"Vie Associative","url":"https:\/\/vieassociative.be\/actualites\/","logo":{"@type":"ImageObject","inLanguage":"fr-BE","@id":"https:\/\/vieassociative.be\/actualites\/#\/schema\/logo\/image\/","url":"https:\/\/vieassociative.be\/actualites\/wp-content\/uploads\/2024\/09\/cropped-vieassociative_favicon.ico.png","contentUrl":"https:\/\/vieassociative.be\/actualites\/wp-content\/uploads\/2024\/09\/cropped-vieassociative_favicon.ico.png","width":512,"height":512,"caption":"Vie Associative"},"image":{"@id":"https:\/\/vieassociative.be\/actualites\/#\/schema\/logo\/image\/"}},{"@type":"Person","@id":"https:\/\/vieassociative.be\/actualites\/#\/schema\/person\/b87ac4f82f9d4e7b7cec7395b679edc4","name":"Julien","image":{"@type":"ImageObject","inLanguage":"fr-BE","@id":"https:\/\/vieassociative.be\/actualites\/#\/schema\/person\/image\/","url":"https:\/\/vieassociative.be\/actualites\/wp-content\/uploads\/2024\/09\/vie-associative-1-150x150.jpg","contentUrl":"https:\/\/vieassociative.be\/actualites\/wp-content\/uploads\/2024\/09\/vie-associative-1-150x150.jpg","caption":"Julien"},"description":"Je suis Julien, r\u00e9dacteur pour Vie Associative. Passionn\u00e9 par le monde associatif depuis plus de 10 ans, j'ai \u00e0 c\u0153ur de partager des histoires inspirantes et de mettre en lumi\u00e8re les initiatives locales. Mon objectif est de sensibiliser et d'encourager l'engagement communautaire \u00e0 travers mes articles.","sameAs":["https:\/\/vieassociative.be\/"]}]}},"_links":{"self":[{"href":"https:\/\/vieassociative.be\/actualites\/wp-json\/wp\/v2\/posts\/10464"}],"collection":[{"href":"https:\/\/vieassociative.be\/actualites\/wp-json\/wp\/v2\/posts"}],"about":[{"href":"https:\/\/vieassociative.be\/actualites\/wp-json\/wp\/v2\/types\/post"}],"author":[{"embeddable":true,"href":"https:\/\/vieassociative.be\/actualites\/wp-json\/wp\/v2\/users\/1"}],"replies":[{"embeddable":true,"href":"https:\/\/vieassociative.be\/actualites\/wp-json\/wp\/v2\/comments?post=10464"}],"version-history":[{"count":0,"href":"https:\/\/vieassociative.be\/actualites\/wp-json\/wp\/v2\/posts\/10464\/revisions"}],"wp:featuredmedia":[{"embeddable":true,"href":"https:\/\/vieassociative.be\/actualites\/wp-json\/wp\/v2\/media\/10465"}],"wp:attachment":[{"href":"https:\/\/vieassociative.be\/actualites\/wp-json\/wp\/v2\/media?parent=10464"}],"wp:term":[{"taxonomy":"category","embeddable":true,"href":"https:\/\/vieassociative.be\/actualites\/wp-json\/wp\/v2\/categories?post=10464"},{"taxonomy":"post_tag","embeddable":true,"href":"https:\/\/vieassociative.be\/actualites\/wp-json\/wp\/v2\/tags?post=10464"}],"curies":[{"name":"wp","href":"https:\/\/api.w.org\/{rel}","templated":true}]}}