{"id":10459,"date":"2025-10-05T10:17:51","date_gmt":"2025-10-05T08:17:51","guid":{"rendered":"https:\/\/vieassociative.be\/actualites\/la-belgique-met-en-garde-contre-le-plan-de-merz-pour-lutilisation-des-fonds-russes-geles-pour-lukraine\/"},"modified":"2025-10-05T10:17:51","modified_gmt":"2025-10-05T08:17:51","slug":"la-belgique-met-en-garde-contre-le-plan-de-merz-pour-lutilisation-des-fonds-russes-geles-pour-lukraine","status":"publish","type":"post","link":"https:\/\/vieassociative.be\/actualites\/la-belgique-met-en-garde-contre-le-plan-de-merz-pour-lutilisation-des-fonds-russes-geles-pour-lukraine\/","title":{"rendered":"La Belgique met en garde contre le plan de Merz pour l&rsquo;utilisation des fonds russes gel\u00e9s pour l&rsquo;Ukraine"},"content":{"rendered":"<p><strong>L&rsquo;initiative de l&rsquo;argent de la Banque centrale russe congel\u00e9e pour l&rsquo;Ukraine, qui a \u00e9t\u00e9 promue par le chancelier allemand Friedrich Merz, rencontre une r\u00e9sistance massive d&rsquo;un autre acteur central.<\/strong><\/p>\n<p><span id=\"more-426143\"><\/span>Le Premier ministre belge Bart De Wever a accus\u00e9 les partisans du projet lors d&rsquo;un sommet europ\u00e9en \u00e0 Copenhague pour n\u00e9gliger les dangers et ne pas avoir de r\u00e9ponses pour ouvrir des questions. Vous allez dans des eaux inconnues. \u00ab\u00a0C&rsquo;est tr\u00e8s, tr\u00e8s risqu\u00e9\u00a0\u00bb, a-t-il d\u00e9clar\u00e9.<\/p>\n<p>En plus du risque d&rsquo;expropriation des actifs des entreprises europ\u00e9ennes en Russie, De Wever a \u00e9galement appel\u00e9 la possibilit\u00e9 qu&rsquo;il puisse y avoir des tentatives de tentatives contre le chef de l&rsquo;institution financi\u00e8re belge Euroclear. \u00ab\u00a0J&rsquo;entends d\u00e9j\u00e0 Moscou: si vous ressentez mon argent, vous ressentirez les cons\u00e9quences pour toujours\u00a0\u00bb, a d\u00e9clar\u00e9 De Wever. Selon sa compr\u00e9hension, cela signifie \u00e9galement en russe: \u00ab\u00a0Nous pourrions vous envoyer l&rsquo;\u00e9ternit\u00e9.\u00a0\u00bb Le directeur d&rsquo;Eureclear est d\u00e9j\u00e0 sous une protection personnelle \u00e9troite.<\/p>\n<div id=\"attachment_426148\" class=\"wp-caption alignleft\" style=\"max-width: 300px\"><img fetchpriority=\"high\" decoding=\"async\" class=\"wp-image-426148 size-medium\" src=\"https:\/\/vieassociative.be\/actualites\/wp-content\/uploads\/2025\/10\/La-Belgique-met-en-garde-contre-le-plan-de-Merz.jpg\" alt=\"\" width=\"300\" height=\"204\"><\/div>\n<p>Merz a fait campagne devant les plus de 40 chefs d&rsquo;\u00c9tat et de pr\u00e9sentation du gouvernement, y compris de Wever- pour son avanc\u00e9e, qui devrait apporter des pr\u00eats de 140 milliards d&rsquo;euros pour l&rsquo;am\u00e9lioration de l&rsquo;arm\u00e9e ukrainienne. Dans son discours, le chef du gouvernement allemand a \u00e9galement admis \u00ab\u00a0qu&rsquo;il \u00e9tait bien conscient des obstacles\u00a0\u00bb, a d\u00e9clar\u00e9 dans son environnement. Vous travaillerez pour trouver une solution l\u00e9galement s\u00fbre et financi\u00e8rement viable.<\/p>\n<p><strong>&#8211; L&rsquo;argent de l&rsquo;\u00c9tat russe fig\u00e9 est situ\u00e9 en Belgique:<\/strong> Euroclear g\u00e8re actuellement une grande partie des actifs russes fig\u00e9s dans l&rsquo;UE, que Merz et d&rsquo;autres politiciens de l&rsquo;UE souhaitent utiliser pour des pr\u00eats d&rsquo;un milliard de dollars pour l&rsquo;Ukraine.<\/p>\n<p>La Russie ne devrait r\u00e9cup\u00e9rer l&rsquo;argent que si elle effectue des paiements de r\u00e9paration apr\u00e8s la fin de la guerre contre l&rsquo;Ukraine. Dans le cas o\u00f9 les fonds russes gel\u00e9s doivent \u00eatre lib\u00e9r\u00e9s de fa\u00e7on inattendue, les pays de l&rsquo;UE devraient fournir des garanties.<\/p>\n<p>Cependant, De Wever a remis en question l&rsquo;argumentation de Merz, selon laquelle le projet ne serait pas intervenu dans la propri\u00e9t\u00e9 russe. De Wever est un chiffre cl\u00e9 pour les plans promus par Merz et le chef de la Commission de l&rsquo;UE Ursula von der Leyen, car le projet ne peut \u00eatre mis en \u0153uvre sans le consentement de la Belgique.<\/p>\n<p>Jusqu&rsquo;\u00e0 pr\u00e9sent, seuls les revenus d&rsquo;int\u00e9r\u00eats de l&rsquo;argent fix\u00e9 sur Euroclear ont \u00e9t\u00e9 utilis\u00e9s pour soutenir l&rsquo;Ukraine attaqu\u00e9 par Moscou. De Wever a compar\u00e9 l&rsquo;argent de l&rsquo;\u00c9tat stipul\u00e9 avec un poulet \u00e9pais et l&rsquo;int\u00e9r\u00eat en pente avec des \u0153ufs dor\u00e9s. La question est: quand mangez-vous le poulet?<\/p>\n<p>De Wever a \u00e9galement mis en garde contre les risques pour l&rsquo;euro &#8211; si la d\u00e9cision conduisait \u00e0 d&rsquo;autres pays retirer leurs fonds publics cr\u00e9\u00e9s en Europe. Si l&rsquo;argent de la banque centrale russe est utilis\u00e9, les autres nations seront remarqu\u00e9es dans le monde, a-t-il d\u00e9clar\u00e9.<\/p>\n<div id=\"attachment_426150\" class=\"wp-caption alignleft\" style=\"max-width: 300px\"><img decoding=\"async\" class=\"wp-image-426150 size-medium\" src=\"https:\/\/vieassociative.be\/actualites\/wp-content\/uploads\/2025\/10\/1759652271_974_La-Belgique-met-en-garde-contre-le-plan-de-Merz.jpg\" alt=\"\" width=\"300\" height=\"200\"><\/div>\n<p>Par exemple, la Chine a des sommes importantes dans la zone euro. \u00ab\u00a0Vous pouvez retirer vos r\u00e9serves en Europe parce que vous pouvez imaginer: d&rsquo;accord, nous sommes plus ou moins un alli\u00e9 de la Russie. Peut-\u00eatre que nous avons des plans concernant Taiwan\u00a0\u00bb, a d\u00e9clar\u00e9 le Belgien. Il a rejet\u00e9 avec v\u00e9h\u00e9mence les hypoth\u00e8ses selon lesquelles il n&rsquo;est d\u00fb qu&rsquo;\u00e0 la perte possible des recettes fiscales contre le projet.<\/p>\n<p><strong>&#8211; Belgique pas seul:<\/strong> \u00c0 ses c\u00f4t\u00e9s, De Wever du cercle des pays de l&rsquo;UE a, entre autres, le Premier ministre hongrois populiste de droite Viktor Orban. Cependant, cela voit les plans de Merz de mani\u00e8re critique, en particulier pour d&rsquo;autres raisons. Les propositions de soutien pour l&rsquo;Ukraine, qui \u00e9taient actuellement sur la table, ont montr\u00e9 que l&rsquo;UE voulait aller \u00e0 la guerre, il \u00e9tait en marge du sommet. La Hongrie rejette cela. L&rsquo;Europe doit n\u00e9gocier la paix.<\/p>\n<p>Le Premier ministre italien Giorgia Meloni a \u00e9galement exprim\u00e9 ses pr\u00e9occupations dans une conversation avec Merz. Elle a soulign\u00e9 les garanties financi\u00e8res pr\u00e9vues des \u00c9tats membres de l&rsquo;UE comme un \u00absujet \u00e0 d\u00e9battre\u00bb, a-t-il \u00e9t\u00e9 dit dans les milieux du gouvernement allemand.<\/p>\n<p>La fa\u00e7on dont les choses vont se passer n&rsquo;est pas claire. Une option est que le sujet sera \u00e0 nouveau abord\u00e9 lors du prochain sommet de l&rsquo;UE en trois semaines. S&rsquo;il y a suffisamment de support pour le plan, des d\u00e9tails pourraient \u00eatre \u00e9labor\u00e9s. La mise en \u0153uvre est actuellement attendue dans quelques mois au plus t\u00f4t. Cependant, le temps exhorte parce que les \u00c9tats-Unis ont presque compl\u00e8tement laiss\u00e9 de c\u00f4t\u00e9 le financement du soutien ukrainien et les besoins du pays sont \u00e9normes. (DPA)<\/p>\n","protected":false},"excerpt":{"rendered":"<p>L&rsquo;initiative de l&rsquo;argent de la Banque centrale russe congel\u00e9e pour l&rsquo;Ukraine, qui a \u00e9t\u00e9 promue par le chancelier allemand Friedrich Merz, rencontre une r\u00e9sistance massive<\/p>\n","protected":false},"author":1,"featured_media":10460,"comment_status":"","ping_status":"","sticky":false,"template":"","format":"standard","meta":{"footnotes":""},"categories":[298],"tags":[383,796,29,366,903,6668,3403,450,4061,3593,682,81,8786],"class_list":["post-10459","post","type-post","status-publish","format-standard","has-post-thumbnail","hentry","category-belgique","tag-belgique","tag-contre","tag-des","tag-fonds","tag-garde","tag-geles","tag-lukraine","tag-lutilisation","tag-merz","tag-met","tag-plan","tag-pour","tag-russes","generate-columns","tablet-grid-50","mobile-grid-100","grid-parent","grid-33"],"yoast_head":"<!-- This site is optimized with the Yoast SEO plugin v24.0 - https:\/\/yoast.com\/wordpress\/plugins\/seo\/ -->\n<title>La Belgique met en garde contre le plan de Merz pour l&#039;utilisation des fonds russes gel\u00e9s pour l&#039;Ukraine | Vie Associative<\/title>\n<meta name=\"robots\" content=\"index, follow, max-snippet:-1, max-image-preview:large, max-video-preview:-1\" \/>\n<link rel=\"canonical\" href=\"https:\/\/vieassociative.be\/actualites\/la-belgique-met-en-garde-contre-le-plan-de-merz-pour-lutilisation-des-fonds-russes-geles-pour-lukraine\/\" \/>\n<meta property=\"og:locale\" content=\"fr_FR\" \/>\n<meta property=\"og:type\" content=\"article\" \/>\n<meta property=\"og:title\" content=\"La Belgique met en garde contre le plan de Merz pour l&#039;utilisation des fonds russes gel\u00e9s pour l&#039;Ukraine | Vie Associative\" \/>\n<meta property=\"og:description\" content=\"L&rsquo;initiative de l&rsquo;argent de la Banque centrale russe congel\u00e9e pour l&rsquo;Ukraine, qui a \u00e9t\u00e9 promue par le chancelier allemand Friedrich Merz, rencontre une r\u00e9sistance massive\" \/>\n<meta property=\"og:url\" content=\"https:\/\/vieassociative.be\/actualites\/la-belgique-met-en-garde-contre-le-plan-de-merz-pour-lutilisation-des-fonds-russes-geles-pour-lukraine\/\" \/>\n<meta property=\"og:site_name\" content=\"Vie Associative\" \/>\n<meta property=\"article:published_time\" content=\"2025-10-05T08:17:51+00:00\" \/>\n<meta property=\"og:image\" content=\"https:\/\/vieassociative.be\/actualites\/wp-content\/uploads\/2024\/09\/header_backgroundk-01-e1726694325946.png\" \/>\n\t<meta property=\"og:image:width\" content=\"279\" \/>\n\t<meta property=\"og:image:height\" content=\"92\" \/>\n\t<meta property=\"og:image:type\" content=\"image\/png\" \/>\n<meta name=\"author\" content=\"Julien\" \/>\n<meta name=\"twitter:card\" content=\"summary_large_image\" \/>\n<meta name=\"twitter:label1\" content=\"\u00c9crit par\" \/>\n\t<meta name=\"twitter:data1\" content=\"Julien\" \/>\n\t<meta name=\"twitter:label2\" content=\"Dur\u00e9e de lecture est.\" \/>\n\t<meta name=\"twitter:data2\" content=\"4 minutes\" \/>\n<script type=\"application\/ld+json\" class=\"yoast-schema-graph\">{\"@context\":\"https:\/\/schema.org\",\"@graph\":[{\"@type\":\"Article\",\"@id\":\"https:\/\/vieassociative.be\/actualites\/la-belgique-met-en-garde-contre-le-plan-de-merz-pour-lutilisation-des-fonds-russes-geles-pour-lukraine\/#article\",\"isPartOf\":{\"@id\":\"https:\/\/vieassociative.be\/actualites\/la-belgique-met-en-garde-contre-le-plan-de-merz-pour-lutilisation-des-fonds-russes-geles-pour-lukraine\/\"},\"author\":{\"name\":\"Julien\",\"@id\":\"https:\/\/vieassociative.be\/actualites\/#\/schema\/person\/b87ac4f82f9d4e7b7cec7395b679edc4\"},\"headline\":\"La Belgique met en garde contre le plan de Merz pour l&rsquo;utilisation des fonds russes gel\u00e9s pour l&rsquo;Ukraine\",\"datePublished\":\"2025-10-05T08:17:51+00:00\",\"dateModified\":\"2025-10-05T08:17:51+00:00\",\"mainEntityOfPage\":{\"@id\":\"https:\/\/vieassociative.be\/actualites\/la-belgique-met-en-garde-contre-le-plan-de-merz-pour-lutilisation-des-fonds-russes-geles-pour-lukraine\/\"},\"wordCount\":860,\"publisher\":{\"@id\":\"https:\/\/vieassociative.be\/actualites\/#organization\"},\"image\":{\"@id\":\"https:\/\/vieassociative.be\/actualites\/la-belgique-met-en-garde-contre-le-plan-de-merz-pour-lutilisation-des-fonds-russes-geles-pour-lukraine\/#primaryimage\"},\"thumbnailUrl\":\"https:\/\/vieassociative.be\/actualites\/wp-content\/uploads\/2025\/10\/1759652272_La-Belgique-met-en-garde-contre-le-plan-de-Merz.jpg\",\"keywords\":[\"Belgique\",\"contre\",\"Des\",\"Fonds\",\"garde\",\"gel\u00e9s\",\"lUkraine\",\"lutilisation\",\"Merz\",\"met\",\"plan\",\"pour\",\"russes\"],\"articleSection\":[\"Belgique\"],\"inLanguage\":\"fr-BE\"},{\"@type\":\"WebPage\",\"@id\":\"https:\/\/vieassociative.be\/actualites\/la-belgique-met-en-garde-contre-le-plan-de-merz-pour-lutilisation-des-fonds-russes-geles-pour-lukraine\/\",\"url\":\"https:\/\/vieassociative.be\/actualites\/la-belgique-met-en-garde-contre-le-plan-de-merz-pour-lutilisation-des-fonds-russes-geles-pour-lukraine\/\",\"name\":\"La Belgique met en garde contre le plan de Merz pour l'utilisation des fonds russes gel\u00e9s pour l'Ukraine | Vie Associative\",\"isPartOf\":{\"@id\":\"https:\/\/vieassociative.be\/actualites\/#website\"},\"primaryImageOfPage\":{\"@id\":\"https:\/\/vieassociative.be\/actualites\/la-belgique-met-en-garde-contre-le-plan-de-merz-pour-lutilisation-des-fonds-russes-geles-pour-lukraine\/#primaryimage\"},\"image\":{\"@id\":\"https:\/\/vieassociative.be\/actualites\/la-belgique-met-en-garde-contre-le-plan-de-merz-pour-lutilisation-des-fonds-russes-geles-pour-lukraine\/#primaryimage\"},\"thumbnailUrl\":\"https:\/\/vieassociative.be\/actualites\/wp-content\/uploads\/2025\/10\/1759652272_La-Belgique-met-en-garde-contre-le-plan-de-Merz.jpg\",\"datePublished\":\"2025-10-05T08:17:51+00:00\",\"dateModified\":\"2025-10-05T08:17:51+00:00\",\"breadcrumb\":{\"@id\":\"https:\/\/vieassociative.be\/actualites\/la-belgique-met-en-garde-contre-le-plan-de-merz-pour-lutilisation-des-fonds-russes-geles-pour-lukraine\/#breadcrumb\"},\"inLanguage\":\"fr-BE\",\"potentialAction\":[{\"@type\":\"ReadAction\",\"target\":[\"https:\/\/vieassociative.be\/actualites\/la-belgique-met-en-garde-contre-le-plan-de-merz-pour-lutilisation-des-fonds-russes-geles-pour-lukraine\/\"]}]},{\"@type\":\"ImageObject\",\"inLanguage\":\"fr-BE\",\"@id\":\"https:\/\/vieassociative.be\/actualites\/la-belgique-met-en-garde-contre-le-plan-de-merz-pour-lutilisation-des-fonds-russes-geles-pour-lukraine\/#primaryimage\",\"url\":\"https:\/\/vieassociative.be\/actualites\/wp-content\/uploads\/2025\/10\/1759652272_La-Belgique-met-en-garde-contre-le-plan-de-Merz.jpg\",\"contentUrl\":\"https:\/\/vieassociative.be\/actualites\/wp-content\/uploads\/2025\/10\/1759652272_La-Belgique-met-en-garde-contre-le-plan-de-Merz.jpg\",\"width\":1200,\"height\":800,\"caption\":\"La Belgique met en garde contre le plan de Merz pour l'utilisation des fonds russes gel\u00e9s pour l'Ukraine\"},{\"@type\":\"BreadcrumbList\",\"@id\":\"https:\/\/vieassociative.be\/actualites\/la-belgique-met-en-garde-contre-le-plan-de-merz-pour-lutilisation-des-fonds-russes-geles-pour-lukraine\/#breadcrumb\",\"itemListElement\":[{\"@type\":\"ListItem\",\"position\":1,\"name\":\"Accueil\",\"item\":\"https:\/\/vieassociative.be\/actualites\/\"},{\"@type\":\"ListItem\",\"position\":2,\"name\":\"La Belgique met en garde contre le plan de Merz pour l&rsquo;utilisation des fonds russes gel\u00e9s pour l&rsquo;Ukraine\"}]},{\"@type\":\"WebSite\",\"@id\":\"https:\/\/vieassociative.be\/actualites\/#website\",\"url\":\"https:\/\/vieassociative.be\/actualites\/\",\"name\":\"Vie Associative\",\"description\":\"\",\"publisher\":{\"@id\":\"https:\/\/vieassociative.be\/actualites\/#organization\"},\"potentialAction\":[{\"@type\":\"SearchAction\",\"target\":{\"@type\":\"EntryPoint\",\"urlTemplate\":\"https:\/\/vieassociative.be\/actualites\/?s={search_term_string}\"},\"query-input\":{\"@type\":\"PropertyValueSpecification\",\"valueRequired\":true,\"valueName\":\"search_term_string\"}}],\"inLanguage\":\"fr-BE\"},{\"@type\":\"Organization\",\"@id\":\"https:\/\/vieassociative.be\/actualites\/#organization\",\"name\":\"Vie Associative\",\"url\":\"https:\/\/vieassociative.be\/actualites\/\",\"logo\":{\"@type\":\"ImageObject\",\"inLanguage\":\"fr-BE\",\"@id\":\"https:\/\/vieassociative.be\/actualites\/#\/schema\/logo\/image\/\",\"url\":\"https:\/\/vieassociative.be\/actualites\/wp-content\/uploads\/2024\/09\/cropped-vieassociative_favicon.ico.png\",\"contentUrl\":\"https:\/\/vieassociative.be\/actualites\/wp-content\/uploads\/2024\/09\/cropped-vieassociative_favicon.ico.png\",\"width\":512,\"height\":512,\"caption\":\"Vie Associative\"},\"image\":{\"@id\":\"https:\/\/vieassociative.be\/actualites\/#\/schema\/logo\/image\/\"}},{\"@type\":\"Person\",\"@id\":\"https:\/\/vieassociative.be\/actualites\/#\/schema\/person\/b87ac4f82f9d4e7b7cec7395b679edc4\",\"name\":\"Julien\",\"image\":{\"@type\":\"ImageObject\",\"inLanguage\":\"fr-BE\",\"@id\":\"https:\/\/vieassociative.be\/actualites\/#\/schema\/person\/image\/\",\"url\":\"https:\/\/vieassociative.be\/actualites\/wp-content\/uploads\/2024\/09\/vie-associative-1-150x150.jpg\",\"contentUrl\":\"https:\/\/vieassociative.be\/actualites\/wp-content\/uploads\/2024\/09\/vie-associative-1-150x150.jpg\",\"caption\":\"Julien\"},\"description\":\"Je suis Julien, r\u00e9dacteur pour Vie Associative. Passionn\u00e9 par le monde associatif depuis plus de 10 ans, j'ai \u00e0 c\u0153ur de partager des histoires inspirantes et de mettre en lumi\u00e8re les initiatives locales. Mon objectif est de sensibiliser et d'encourager l'engagement communautaire \u00e0 travers mes articles.\",\"sameAs\":[\"https:\/\/vieassociative.be\/\"]}]}<\/script>\n<!-- \/ Yoast SEO plugin. -->","yoast_head_json":{"title":"La Belgique met en garde contre le plan de Merz pour l'utilisation des fonds russes gel\u00e9s pour l'Ukraine | Vie Associative","robots":{"index":"index","follow":"follow","max-snippet":"max-snippet:-1","max-image-preview":"max-image-preview:large","max-video-preview":"max-video-preview:-1"},"canonical":"https:\/\/vieassociative.be\/actualites\/la-belgique-met-en-garde-contre-le-plan-de-merz-pour-lutilisation-des-fonds-russes-geles-pour-lukraine\/","og_locale":"fr_FR","og_type":"article","og_title":"La Belgique met en garde contre le plan de Merz pour l'utilisation des fonds russes gel\u00e9s pour l'Ukraine | Vie Associative","og_description":"L&rsquo;initiative de l&rsquo;argent de la Banque centrale russe congel\u00e9e pour l&rsquo;Ukraine, qui a \u00e9t\u00e9 promue par le chancelier allemand Friedrich Merz, rencontre une r\u00e9sistance massive","og_url":"https:\/\/vieassociative.be\/actualites\/la-belgique-met-en-garde-contre-le-plan-de-merz-pour-lutilisation-des-fonds-russes-geles-pour-lukraine\/","og_site_name":"Vie Associative","article_published_time":"2025-10-05T08:17:51+00:00","og_image":[{"width":279,"height":92,"url":"https:\/\/vieassociative.be\/actualites\/wp-content\/uploads\/2024\/09\/header_backgroundk-01-e1726694325946.png","type":"image\/png"}],"author":"Julien","twitter_card":"summary_large_image","twitter_misc":{"\u00c9crit par":"Julien","Dur\u00e9e de lecture est.":"4 minutes"},"schema":{"@context":"https:\/\/schema.org","@graph":[{"@type":"Article","@id":"https:\/\/vieassociative.be\/actualites\/la-belgique-met-en-garde-contre-le-plan-de-merz-pour-lutilisation-des-fonds-russes-geles-pour-lukraine\/#article","isPartOf":{"@id":"https:\/\/vieassociative.be\/actualites\/la-belgique-met-en-garde-contre-le-plan-de-merz-pour-lutilisation-des-fonds-russes-geles-pour-lukraine\/"},"author":{"name":"Julien","@id":"https:\/\/vieassociative.be\/actualites\/#\/schema\/person\/b87ac4f82f9d4e7b7cec7395b679edc4"},"headline":"La Belgique met en garde contre le plan de Merz pour l&rsquo;utilisation des fonds russes gel\u00e9s pour l&rsquo;Ukraine","datePublished":"2025-10-05T08:17:51+00:00","dateModified":"2025-10-05T08:17:51+00:00","mainEntityOfPage":{"@id":"https:\/\/vieassociative.be\/actualites\/la-belgique-met-en-garde-contre-le-plan-de-merz-pour-lutilisation-des-fonds-russes-geles-pour-lukraine\/"},"wordCount":860,"publisher":{"@id":"https:\/\/vieassociative.be\/actualites\/#organization"},"image":{"@id":"https:\/\/vieassociative.be\/actualites\/la-belgique-met-en-garde-contre-le-plan-de-merz-pour-lutilisation-des-fonds-russes-geles-pour-lukraine\/#primaryimage"},"thumbnailUrl":"https:\/\/vieassociative.be\/actualites\/wp-content\/uploads\/2025\/10\/1759652272_La-Belgique-met-en-garde-contre-le-plan-de-Merz.jpg","keywords":["Belgique","contre","Des","Fonds","garde","gel\u00e9s","lUkraine","lutilisation","Merz","met","plan","pour","russes"],"articleSection":["Belgique"],"inLanguage":"fr-BE"},{"@type":"WebPage","@id":"https:\/\/vieassociative.be\/actualites\/la-belgique-met-en-garde-contre-le-plan-de-merz-pour-lutilisation-des-fonds-russes-geles-pour-lukraine\/","url":"https:\/\/vieassociative.be\/actualites\/la-belgique-met-en-garde-contre-le-plan-de-merz-pour-lutilisation-des-fonds-russes-geles-pour-lukraine\/","name":"La Belgique met en garde contre le plan de Merz pour l'utilisation des fonds russes gel\u00e9s pour l'Ukraine | Vie Associative","isPartOf":{"@id":"https:\/\/vieassociative.be\/actualites\/#website"},"primaryImageOfPage":{"@id":"https:\/\/vieassociative.be\/actualites\/la-belgique-met-en-garde-contre-le-plan-de-merz-pour-lutilisation-des-fonds-russes-geles-pour-lukraine\/#primaryimage"},"image":{"@id":"https:\/\/vieassociative.be\/actualites\/la-belgique-met-en-garde-contre-le-plan-de-merz-pour-lutilisation-des-fonds-russes-geles-pour-lukraine\/#primaryimage"},"thumbnailUrl":"https:\/\/vieassociative.be\/actualites\/wp-content\/uploads\/2025\/10\/1759652272_La-Belgique-met-en-garde-contre-le-plan-de-Merz.jpg","datePublished":"2025-10-05T08:17:51+00:00","dateModified":"2025-10-05T08:17:51+00:00","breadcrumb":{"@id":"https:\/\/vieassociative.be\/actualites\/la-belgique-met-en-garde-contre-le-plan-de-merz-pour-lutilisation-des-fonds-russes-geles-pour-lukraine\/#breadcrumb"},"inLanguage":"fr-BE","potentialAction":[{"@type":"ReadAction","target":["https:\/\/vieassociative.be\/actualites\/la-belgique-met-en-garde-contre-le-plan-de-merz-pour-lutilisation-des-fonds-russes-geles-pour-lukraine\/"]}]},{"@type":"ImageObject","inLanguage":"fr-BE","@id":"https:\/\/vieassociative.be\/actualites\/la-belgique-met-en-garde-contre-le-plan-de-merz-pour-lutilisation-des-fonds-russes-geles-pour-lukraine\/#primaryimage","url":"https:\/\/vieassociative.be\/actualites\/wp-content\/uploads\/2025\/10\/1759652272_La-Belgique-met-en-garde-contre-le-plan-de-Merz.jpg","contentUrl":"https:\/\/vieassociative.be\/actualites\/wp-content\/uploads\/2025\/10\/1759652272_La-Belgique-met-en-garde-contre-le-plan-de-Merz.jpg","width":1200,"height":800,"caption":"La Belgique met en garde contre le plan de Merz pour l'utilisation des fonds russes gel\u00e9s pour l'Ukraine"},{"@type":"BreadcrumbList","@id":"https:\/\/vieassociative.be\/actualites\/la-belgique-met-en-garde-contre-le-plan-de-merz-pour-lutilisation-des-fonds-russes-geles-pour-lukraine\/#breadcrumb","itemListElement":[{"@type":"ListItem","position":1,"name":"Accueil","item":"https:\/\/vieassociative.be\/actualites\/"},{"@type":"ListItem","position":2,"name":"La Belgique met en garde contre le plan de Merz pour l&rsquo;utilisation des fonds russes gel\u00e9s pour l&rsquo;Ukraine"}]},{"@type":"WebSite","@id":"https:\/\/vieassociative.be\/actualites\/#website","url":"https:\/\/vieassociative.be\/actualites\/","name":"Vie Associative","description":"","publisher":{"@id":"https:\/\/vieassociative.be\/actualites\/#organization"},"potentialAction":[{"@type":"SearchAction","target":{"@type":"EntryPoint","urlTemplate":"https:\/\/vieassociative.be\/actualites\/?s={search_term_string}"},"query-input":{"@type":"PropertyValueSpecification","valueRequired":true,"valueName":"search_term_string"}}],"inLanguage":"fr-BE"},{"@type":"Organization","@id":"https:\/\/vieassociative.be\/actualites\/#organization","name":"Vie Associative","url":"https:\/\/vieassociative.be\/actualites\/","logo":{"@type":"ImageObject","inLanguage":"fr-BE","@id":"https:\/\/vieassociative.be\/actualites\/#\/schema\/logo\/image\/","url":"https:\/\/vieassociative.be\/actualites\/wp-content\/uploads\/2024\/09\/cropped-vieassociative_favicon.ico.png","contentUrl":"https:\/\/vieassociative.be\/actualites\/wp-content\/uploads\/2024\/09\/cropped-vieassociative_favicon.ico.png","width":512,"height":512,"caption":"Vie Associative"},"image":{"@id":"https:\/\/vieassociative.be\/actualites\/#\/schema\/logo\/image\/"}},{"@type":"Person","@id":"https:\/\/vieassociative.be\/actualites\/#\/schema\/person\/b87ac4f82f9d4e7b7cec7395b679edc4","name":"Julien","image":{"@type":"ImageObject","inLanguage":"fr-BE","@id":"https:\/\/vieassociative.be\/actualites\/#\/schema\/person\/image\/","url":"https:\/\/vieassociative.be\/actualites\/wp-content\/uploads\/2024\/09\/vie-associative-1-150x150.jpg","contentUrl":"https:\/\/vieassociative.be\/actualites\/wp-content\/uploads\/2024\/09\/vie-associative-1-150x150.jpg","caption":"Julien"},"description":"Je suis Julien, r\u00e9dacteur pour Vie Associative. Passionn\u00e9 par le monde associatif depuis plus de 10 ans, j'ai \u00e0 c\u0153ur de partager des histoires inspirantes et de mettre en lumi\u00e8re les initiatives locales. Mon objectif est de sensibiliser et d'encourager l'engagement communautaire \u00e0 travers mes articles.","sameAs":["https:\/\/vieassociative.be\/"]}]}},"_links":{"self":[{"href":"https:\/\/vieassociative.be\/actualites\/wp-json\/wp\/v2\/posts\/10459"}],"collection":[{"href":"https:\/\/vieassociative.be\/actualites\/wp-json\/wp\/v2\/posts"}],"about":[{"href":"https:\/\/vieassociative.be\/actualites\/wp-json\/wp\/v2\/types\/post"}],"author":[{"embeddable":true,"href":"https:\/\/vieassociative.be\/actualites\/wp-json\/wp\/v2\/users\/1"}],"replies":[{"embeddable":true,"href":"https:\/\/vieassociative.be\/actualites\/wp-json\/wp\/v2\/comments?post=10459"}],"version-history":[{"count":0,"href":"https:\/\/vieassociative.be\/actualites\/wp-json\/wp\/v2\/posts\/10459\/revisions"}],"wp:featuredmedia":[{"embeddable":true,"href":"https:\/\/vieassociative.be\/actualites\/wp-json\/wp\/v2\/media\/10460"}],"wp:attachment":[{"href":"https:\/\/vieassociative.be\/actualites\/wp-json\/wp\/v2\/media?parent=10459"}],"wp:term":[{"taxonomy":"category","embeddable":true,"href":"https:\/\/vieassociative.be\/actualites\/wp-json\/wp\/v2\/categories?post=10459"},{"taxonomy":"post_tag","embeddable":true,"href":"https:\/\/vieassociative.be\/actualites\/wp-json\/wp\/v2\/tags?post=10459"}],"curies":[{"name":"wp","href":"https:\/\/api.w.org\/{rel}","templated":true}]}}