{"id":10456,"date":"2025-10-05T04:19:43","date_gmt":"2025-10-05T02:19:43","guid":{"rendered":"https:\/\/vieassociative.be\/actualites\/alors-queupen-rencontre-aujourdhui-un-concurrent-dans-le-combat-pour-le-top-6-apres-seulement-deux-points-en-trois-matchs-une-victoire-est-due\/"},"modified":"2025-10-05T04:19:43","modified_gmt":"2025-10-05T02:19:43","slug":"alors-queupen-rencontre-aujourdhui-un-concurrent-dans-le-combat-pour-le-top-6-apres-seulement-deux-points-en-trois-matchs-une-victoire-est-due","status":"publish","type":"post","link":"https:\/\/vieassociative.be\/actualites\/alors-queupen-rencontre-aujourdhui-un-concurrent-dans-le-combat-pour-le-top-6-apres-seulement-deux-points-en-trois-matchs-une-victoire-est-due\/","title":{"rendered":"Alors qu&rsquo;Eupen rencontre aujourd&rsquo;hui un concurrent dans le combat pour le top 6 &#8211; apr\u00e8s seulement deux points en trois matchs, une victoire est due"},"content":{"rendered":"<p><strong>L&rsquo;AS Eupen recevra aujourd&rsquo;hui l&rsquo;\u00e9quipe RWDM, un concurrent direct dans la lutte pour une place dans le top 6, qui offre toujours des opportunit\u00e9s pour la promotion.<\/strong><\/p>\n<p><span id=\"more-426182\"><\/span>Apr\u00e8s seulement deux points lors des trois derniers matchs, le noir et blanc aujourd&rsquo;hui (20 h \/ Live on Dazn App) a absolument besoin d&rsquo;une victoire contre le Brussels Club traditionnel, qui \u00e9tait il y a 50 ans, champion de football belge.<\/p>\n<p>\u00ab\u00a0Nous ne regardons actuellement pas les deux premi\u00e8res endroits. Notre objectif est de se tenir dans le top 6 \u00e0 la fin du championnat, puis d&rsquo;appeler de bonnes performances. Nous n&rsquo;avons m\u00eame pas pu se rabattre sur notre \u00e9quipe compl\u00e8te, et la plupart de nos nouveaux arrivants n&rsquo;ont pas encore eu plusieurs minutes. C&rsquo;est pourquoi nous sommes encore loin de notre meilleur niveau\u00a0\u00bb, car Bruno Pino-Coach n&rsquo;a pas encore \u00e9t\u00e9 cit\u00e9 sur le site Web du club.<\/p>\n<div id=\"attachment_395340\" class=\"wp-caption alignleft\" style=\"max-width: 300px\"><img fetchpriority=\"high\" decoding=\"async\" class=\"wp-image-395340 size-medium\" src=\"https:\/\/vieassociative.be\/actualites\/wp-content\/uploads\/2025\/10\/Alors-quEupen-rencontre-aujourdhui-un-concurrent-dans-le-combat-pour.jpg\" alt=\"\" width=\"300\" height=\"200\"><\/div>\n<p>Bien que la saison soit encore longue, il devient de plus en plus clair que cela en tant qu&rsquo;\u00e9quipe n&rsquo;aura rien \u00e0 voir avec les deux premi\u00e8res places de la table Challenger Pro League. SK Beveren, KV Kortrijk, Berry Sheet et peut-\u00eatre Lommel feront la course pour les deux lieux de promotion directs entre eux. L&rsquo;As Eupen, qui doit actuellement se contenter de la 7e place, se battra probablement avec Lommel, Eisden, Li\u00e8ge et RWDM pour une place dans la promotion des s\u00e9ries \u00e9liminatoires (lieux 3 \u00e0 6). Le vainqueur de ce tour final joue une place dans la plus haute division contre le dernier de la Jupilers Pro League.<\/p>\n<p>En cons\u00e9quence, le match de samedi d&rsquo;aujourd&rsquo;hui est un match de six points contre un concurrent direct pour une place dans le top 6, car RWDM n&rsquo;est qu&rsquo;un endroit et un point derri\u00e8re l&rsquo;AS (avec un jeu de moins).<\/p>\n<p>Du point de vue d&rsquo;Eupen, le dernier record du RWDM AS contre RWDM est n\u00e9gatif: lors des six derniers matchs de comp\u00e9tition, il y a eu 2 victoires et 4 d\u00e9faites.<\/p>\n<p>Contre l&rsquo;\u00e9quipe de Molenbeek, l&rsquo;entra\u00eeneur Pinheiro a non seulement \u00e0 faire sans Ga\u00ebtan Hendrickx, Amadou Keita et Oriol Busquets, mais aussi sur sa dangereuse Van Yentl \u00e0 droite, qui a trait\u00e9 un carton rouge \u00e0 Kortrijk et est ferm\u00e9 \u00e0 deux.<\/p>\n<p>Avant le coup de pied -off, comme Eupen honorera la l\u00e9gende du club Guillaume Rox \u00e0 l&rsquo;occasion du premier jour de mort. \u00ab\u00a0Tout au long de sa longue vie, Guillaume Rox a fait campagne pour le sien comme Eupen avec un grand engagement en tant que joueur, entra\u00eeneur et b\u00e9n\u00e9vole. (CRE)<\/p>\n","protected":false},"excerpt":{"rendered":"<p>L&rsquo;AS Eupen recevra aujourd&rsquo;hui l&rsquo;\u00e9quipe RWDM, un concurrent direct dans la lutte pour une place dans le top 6, qui offre toujours des opportunit\u00e9s pour<\/p>\n","protected":false},"author":1,"featured_media":4428,"comment_status":"","ping_status":"","sticky":false,"template":"","format":"standard","meta":{"footnotes":""},"categories":[298],"tags":[422,472,2330,5197,8118,166,114,8785,76,3023,5876,81,5094,1184,2583,3169,771,110,784],"class_list":["post-10456","post","type-post","status-publish","format-standard","has-post-thumbnail","hentry","category-belgique","tag-alors","tag-apres","tag-aujourdhui","tag-combat","tag-concurrent","tag-dans","tag-deux","tag-due","tag-est","tag-matchs","tag-points","tag-pour","tag-queupen","tag-rencontre","tag-seulement","tag-top","tag-trois","tag-une","tag-victoire","generate-columns","tablet-grid-50","mobile-grid-100","grid-parent","grid-33"],"yoast_head":"<!-- This site is optimized with the Yoast SEO plugin v24.0 - https:\/\/yoast.com\/wordpress\/plugins\/seo\/ -->\n<title>Alors qu&#039;Eupen rencontre aujourd&#039;hui un concurrent dans le combat pour le top 6 - apr\u00e8s seulement deux points en trois matchs, une victoire est due | Vie Associative<\/title>\n<meta name=\"robots\" content=\"index, follow, max-snippet:-1, max-image-preview:large, max-video-preview:-1\" \/>\n<link rel=\"canonical\" href=\"https:\/\/vieassociative.be\/actualites\/alors-queupen-rencontre-aujourdhui-un-concurrent-dans-le-combat-pour-le-top-6-apres-seulement-deux-points-en-trois-matchs-une-victoire-est-due\/\" \/>\n<meta property=\"og:locale\" content=\"fr_FR\" \/>\n<meta property=\"og:type\" content=\"article\" \/>\n<meta property=\"og:title\" content=\"Alors qu&#039;Eupen rencontre aujourd&#039;hui un concurrent dans le combat pour le top 6 - apr\u00e8s seulement deux points en trois matchs, une victoire est due | Vie Associative\" \/>\n<meta property=\"og:description\" content=\"L&rsquo;AS Eupen recevra aujourd&rsquo;hui l&rsquo;\u00e9quipe RWDM, un concurrent direct dans la lutte pour une place dans le top 6, qui offre toujours des opportunit\u00e9s pour\" \/>\n<meta property=\"og:url\" content=\"https:\/\/vieassociative.be\/actualites\/alors-queupen-rencontre-aujourdhui-un-concurrent-dans-le-combat-pour-le-top-6-apres-seulement-deux-points-en-trois-matchs-une-victoire-est-due\/\" \/>\n<meta property=\"og:site_name\" content=\"Vie Associative\" \/>\n<meta property=\"article:published_time\" content=\"2025-10-05T02:19:43+00:00\" \/>\n<meta property=\"og:image\" content=\"https:\/\/vieassociative.be\/actualites\/wp-content\/uploads\/2024\/09\/header_backgroundk-01-e1726694325946.png\" \/>\n\t<meta property=\"og:image:width\" content=\"279\" \/>\n\t<meta property=\"og:image:height\" content=\"92\" \/>\n\t<meta property=\"og:image:type\" content=\"image\/png\" \/>\n<meta name=\"author\" content=\"Julien\" \/>\n<meta name=\"twitter:card\" content=\"summary_large_image\" \/>\n<meta name=\"twitter:label1\" content=\"\u00c9crit par\" \/>\n\t<meta name=\"twitter:data1\" content=\"Julien\" \/>\n\t<meta name=\"twitter:label2\" content=\"Dur\u00e9e de lecture est.\" \/>\n\t<meta name=\"twitter:data2\" content=\"2 minutes\" \/>\n<script type=\"application\/ld+json\" class=\"yoast-schema-graph\">{\"@context\":\"https:\/\/schema.org\",\"@graph\":[{\"@type\":\"Article\",\"@id\":\"https:\/\/vieassociative.be\/actualites\/alors-queupen-rencontre-aujourdhui-un-concurrent-dans-le-combat-pour-le-top-6-apres-seulement-deux-points-en-trois-matchs-une-victoire-est-due\/#article\",\"isPartOf\":{\"@id\":\"https:\/\/vieassociative.be\/actualites\/alors-queupen-rencontre-aujourdhui-un-concurrent-dans-le-combat-pour-le-top-6-apres-seulement-deux-points-en-trois-matchs-une-victoire-est-due\/\"},\"author\":{\"name\":\"Julien\",\"@id\":\"https:\/\/vieassociative.be\/actualites\/#\/schema\/person\/b87ac4f82f9d4e7b7cec7395b679edc4\"},\"headline\":\"Alors qu&rsquo;Eupen rencontre aujourd&rsquo;hui un concurrent dans le combat pour le top 6 &#8211; apr\u00e8s seulement deux points en trois matchs, une victoire est due\",\"datePublished\":\"2025-10-05T02:19:43+00:00\",\"dateModified\":\"2025-10-05T02:19:43+00:00\",\"mainEntityOfPage\":{\"@id\":\"https:\/\/vieassociative.be\/actualites\/alors-queupen-rencontre-aujourdhui-un-concurrent-dans-le-combat-pour-le-top-6-apres-seulement-deux-points-en-trois-matchs-une-victoire-est-due\/\"},\"wordCount\":469,\"publisher\":{\"@id\":\"https:\/\/vieassociative.be\/actualites\/#organization\"},\"image\":{\"@id\":\"https:\/\/vieassociative.be\/actualites\/alors-queupen-rencontre-aujourdhui-un-concurrent-dans-le-combat-pour-le-top-6-apres-seulement-deux-points-en-trois-matchs-une-victoire-est-due\/#primaryimage\"},\"thumbnailUrl\":\"https:\/\/vieassociative.be\/actualites\/wp-content\/uploads\/2025\/01\/1737231445_LAS-Eupen-perd-le-duel-des-relegues-contre-le-RWDM.jpg\",\"keywords\":[\"Alors\",\"Apr\u00e8s\",\"aujourdhui\",\"combat\",\"concurrent\",\"dans\",\"deux\",\"due\",\"est\",\"matchs\",\"points\",\"pour\",\"quEupen\",\"rencontre\",\"seulement\",\"top\",\"trois\",\"une\",\"victoire\"],\"articleSection\":[\"Belgique\"],\"inLanguage\":\"fr-BE\"},{\"@type\":\"WebPage\",\"@id\":\"https:\/\/vieassociative.be\/actualites\/alors-queupen-rencontre-aujourdhui-un-concurrent-dans-le-combat-pour-le-top-6-apres-seulement-deux-points-en-trois-matchs-une-victoire-est-due\/\",\"url\":\"https:\/\/vieassociative.be\/actualites\/alors-queupen-rencontre-aujourdhui-un-concurrent-dans-le-combat-pour-le-top-6-apres-seulement-deux-points-en-trois-matchs-une-victoire-est-due\/\",\"name\":\"Alors qu'Eupen rencontre aujourd'hui un concurrent dans le combat pour le top 6 - apr\u00e8s seulement deux points en trois matchs, une victoire est due | Vie Associative\",\"isPartOf\":{\"@id\":\"https:\/\/vieassociative.be\/actualites\/#website\"},\"primaryImageOfPage\":{\"@id\":\"https:\/\/vieassociative.be\/actualites\/alors-queupen-rencontre-aujourdhui-un-concurrent-dans-le-combat-pour-le-top-6-apres-seulement-deux-points-en-trois-matchs-une-victoire-est-due\/#primaryimage\"},\"image\":{\"@id\":\"https:\/\/vieassociative.be\/actualites\/alors-queupen-rencontre-aujourdhui-un-concurrent-dans-le-combat-pour-le-top-6-apres-seulement-deux-points-en-trois-matchs-une-victoire-est-due\/#primaryimage\"},\"thumbnailUrl\":\"https:\/\/vieassociative.be\/actualites\/wp-content\/uploads\/2025\/01\/1737231445_LAS-Eupen-perd-le-duel-des-relegues-contre-le-RWDM.jpg\",\"datePublished\":\"2025-10-05T02:19:43+00:00\",\"dateModified\":\"2025-10-05T02:19:43+00:00\",\"breadcrumb\":{\"@id\":\"https:\/\/vieassociative.be\/actualites\/alors-queupen-rencontre-aujourdhui-un-concurrent-dans-le-combat-pour-le-top-6-apres-seulement-deux-points-en-trois-matchs-une-victoire-est-due\/#breadcrumb\"},\"inLanguage\":\"fr-BE\",\"potentialAction\":[{\"@type\":\"ReadAction\",\"target\":[\"https:\/\/vieassociative.be\/actualites\/alors-queupen-rencontre-aujourdhui-un-concurrent-dans-le-combat-pour-le-top-6-apres-seulement-deux-points-en-trois-matchs-une-victoire-est-due\/\"]}]},{\"@type\":\"ImageObject\",\"inLanguage\":\"fr-BE\",\"@id\":\"https:\/\/vieassociative.be\/actualites\/alors-queupen-rencontre-aujourdhui-un-concurrent-dans-le-combat-pour-le-top-6-apres-seulement-deux-points-en-trois-matchs-une-victoire-est-due\/#primaryimage\",\"url\":\"https:\/\/vieassociative.be\/actualites\/wp-content\/uploads\/2025\/01\/1737231445_LAS-Eupen-perd-le-duel-des-relegues-contre-le-RWDM.jpg\",\"contentUrl\":\"https:\/\/vieassociative.be\/actualites\/wp-content\/uploads\/2025\/01\/1737231445_LAS-Eupen-perd-le-duel-des-relegues-contre-le-RWDM.jpg\",\"width\":1200,\"height\":801,\"caption\":\"L\u2019AS Eupen perd le duel des rel\u00e9gu\u00e9s contre le RWDM 0-1 \u2013 m\u00eame apr\u00e8s le d\u00e9but de l\u2019ann\u00e9e, aucun retournement de situation en vue\"},{\"@type\":\"BreadcrumbList\",\"@id\":\"https:\/\/vieassociative.be\/actualites\/alors-queupen-rencontre-aujourdhui-un-concurrent-dans-le-combat-pour-le-top-6-apres-seulement-deux-points-en-trois-matchs-une-victoire-est-due\/#breadcrumb\",\"itemListElement\":[{\"@type\":\"ListItem\",\"position\":1,\"name\":\"Accueil\",\"item\":\"https:\/\/vieassociative.be\/actualites\/\"},{\"@type\":\"ListItem\",\"position\":2,\"name\":\"Alors qu&rsquo;Eupen rencontre aujourd&rsquo;hui un concurrent dans le combat pour le top 6 &#8211; apr\u00e8s seulement deux points en trois matchs, une victoire est due\"}]},{\"@type\":\"WebSite\",\"@id\":\"https:\/\/vieassociative.be\/actualites\/#website\",\"url\":\"https:\/\/vieassociative.be\/actualites\/\",\"name\":\"Vie Associative\",\"description\":\"\",\"publisher\":{\"@id\":\"https:\/\/vieassociative.be\/actualites\/#organization\"},\"potentialAction\":[{\"@type\":\"SearchAction\",\"target\":{\"@type\":\"EntryPoint\",\"urlTemplate\":\"https:\/\/vieassociative.be\/actualites\/?s={search_term_string}\"},\"query-input\":{\"@type\":\"PropertyValueSpecification\",\"valueRequired\":true,\"valueName\":\"search_term_string\"}}],\"inLanguage\":\"fr-BE\"},{\"@type\":\"Organization\",\"@id\":\"https:\/\/vieassociative.be\/actualites\/#organization\",\"name\":\"Vie Associative\",\"url\":\"https:\/\/vieassociative.be\/actualites\/\",\"logo\":{\"@type\":\"ImageObject\",\"inLanguage\":\"fr-BE\",\"@id\":\"https:\/\/vieassociative.be\/actualites\/#\/schema\/logo\/image\/\",\"url\":\"https:\/\/vieassociative.be\/actualites\/wp-content\/uploads\/2024\/09\/cropped-vieassociative_favicon.ico.png\",\"contentUrl\":\"https:\/\/vieassociative.be\/actualites\/wp-content\/uploads\/2024\/09\/cropped-vieassociative_favicon.ico.png\",\"width\":512,\"height\":512,\"caption\":\"Vie Associative\"},\"image\":{\"@id\":\"https:\/\/vieassociative.be\/actualites\/#\/schema\/logo\/image\/\"}},{\"@type\":\"Person\",\"@id\":\"https:\/\/vieassociative.be\/actualites\/#\/schema\/person\/b87ac4f82f9d4e7b7cec7395b679edc4\",\"name\":\"Julien\",\"image\":{\"@type\":\"ImageObject\",\"inLanguage\":\"fr-BE\",\"@id\":\"https:\/\/vieassociative.be\/actualites\/#\/schema\/person\/image\/\",\"url\":\"https:\/\/vieassociative.be\/actualites\/wp-content\/uploads\/2024\/09\/vie-associative-1-150x150.jpg\",\"contentUrl\":\"https:\/\/vieassociative.be\/actualites\/wp-content\/uploads\/2024\/09\/vie-associative-1-150x150.jpg\",\"caption\":\"Julien\"},\"description\":\"Je suis Julien, r\u00e9dacteur pour Vie Associative. Passionn\u00e9 par le monde associatif depuis plus de 10 ans, j'ai \u00e0 c\u0153ur de partager des histoires inspirantes et de mettre en lumi\u00e8re les initiatives locales. Mon objectif est de sensibiliser et d'encourager l'engagement communautaire \u00e0 travers mes articles.\",\"sameAs\":[\"https:\/\/vieassociative.be\/\"]}]}<\/script>\n<!-- \/ Yoast SEO plugin. -->","yoast_head_json":{"title":"Alors qu'Eupen rencontre aujourd'hui un concurrent dans le combat pour le top 6 - apr\u00e8s seulement deux points en trois matchs, une victoire est due | Vie Associative","robots":{"index":"index","follow":"follow","max-snippet":"max-snippet:-1","max-image-preview":"max-image-preview:large","max-video-preview":"max-video-preview:-1"},"canonical":"https:\/\/vieassociative.be\/actualites\/alors-queupen-rencontre-aujourdhui-un-concurrent-dans-le-combat-pour-le-top-6-apres-seulement-deux-points-en-trois-matchs-une-victoire-est-due\/","og_locale":"fr_FR","og_type":"article","og_title":"Alors qu'Eupen rencontre aujourd'hui un concurrent dans le combat pour le top 6 - apr\u00e8s seulement deux points en trois matchs, une victoire est due | Vie Associative","og_description":"L&rsquo;AS Eupen recevra aujourd&rsquo;hui l&rsquo;\u00e9quipe RWDM, un concurrent direct dans la lutte pour une place dans le top 6, qui offre toujours des opportunit\u00e9s pour","og_url":"https:\/\/vieassociative.be\/actualites\/alors-queupen-rencontre-aujourdhui-un-concurrent-dans-le-combat-pour-le-top-6-apres-seulement-deux-points-en-trois-matchs-une-victoire-est-due\/","og_site_name":"Vie Associative","article_published_time":"2025-10-05T02:19:43+00:00","og_image":[{"width":279,"height":92,"url":"https:\/\/vieassociative.be\/actualites\/wp-content\/uploads\/2024\/09\/header_backgroundk-01-e1726694325946.png","type":"image\/png"}],"author":"Julien","twitter_card":"summary_large_image","twitter_misc":{"\u00c9crit par":"Julien","Dur\u00e9e de lecture est.":"2 minutes"},"schema":{"@context":"https:\/\/schema.org","@graph":[{"@type":"Article","@id":"https:\/\/vieassociative.be\/actualites\/alors-queupen-rencontre-aujourdhui-un-concurrent-dans-le-combat-pour-le-top-6-apres-seulement-deux-points-en-trois-matchs-une-victoire-est-due\/#article","isPartOf":{"@id":"https:\/\/vieassociative.be\/actualites\/alors-queupen-rencontre-aujourdhui-un-concurrent-dans-le-combat-pour-le-top-6-apres-seulement-deux-points-en-trois-matchs-une-victoire-est-due\/"},"author":{"name":"Julien","@id":"https:\/\/vieassociative.be\/actualites\/#\/schema\/person\/b87ac4f82f9d4e7b7cec7395b679edc4"},"headline":"Alors qu&rsquo;Eupen rencontre aujourd&rsquo;hui un concurrent dans le combat pour le top 6 &#8211; apr\u00e8s seulement deux points en trois matchs, une victoire est due","datePublished":"2025-10-05T02:19:43+00:00","dateModified":"2025-10-05T02:19:43+00:00","mainEntityOfPage":{"@id":"https:\/\/vieassociative.be\/actualites\/alors-queupen-rencontre-aujourdhui-un-concurrent-dans-le-combat-pour-le-top-6-apres-seulement-deux-points-en-trois-matchs-une-victoire-est-due\/"},"wordCount":469,"publisher":{"@id":"https:\/\/vieassociative.be\/actualites\/#organization"},"image":{"@id":"https:\/\/vieassociative.be\/actualites\/alors-queupen-rencontre-aujourdhui-un-concurrent-dans-le-combat-pour-le-top-6-apres-seulement-deux-points-en-trois-matchs-une-victoire-est-due\/#primaryimage"},"thumbnailUrl":"https:\/\/vieassociative.be\/actualites\/wp-content\/uploads\/2025\/01\/1737231445_LAS-Eupen-perd-le-duel-des-relegues-contre-le-RWDM.jpg","keywords":["Alors","Apr\u00e8s","aujourdhui","combat","concurrent","dans","deux","due","est","matchs","points","pour","quEupen","rencontre","seulement","top","trois","une","victoire"],"articleSection":["Belgique"],"inLanguage":"fr-BE"},{"@type":"WebPage","@id":"https:\/\/vieassociative.be\/actualites\/alors-queupen-rencontre-aujourdhui-un-concurrent-dans-le-combat-pour-le-top-6-apres-seulement-deux-points-en-trois-matchs-une-victoire-est-due\/","url":"https:\/\/vieassociative.be\/actualites\/alors-queupen-rencontre-aujourdhui-un-concurrent-dans-le-combat-pour-le-top-6-apres-seulement-deux-points-en-trois-matchs-une-victoire-est-due\/","name":"Alors qu'Eupen rencontre aujourd'hui un concurrent dans le combat pour le top 6 - apr\u00e8s seulement deux points en trois matchs, une victoire est due | Vie Associative","isPartOf":{"@id":"https:\/\/vieassociative.be\/actualites\/#website"},"primaryImageOfPage":{"@id":"https:\/\/vieassociative.be\/actualites\/alors-queupen-rencontre-aujourdhui-un-concurrent-dans-le-combat-pour-le-top-6-apres-seulement-deux-points-en-trois-matchs-une-victoire-est-due\/#primaryimage"},"image":{"@id":"https:\/\/vieassociative.be\/actualites\/alors-queupen-rencontre-aujourdhui-un-concurrent-dans-le-combat-pour-le-top-6-apres-seulement-deux-points-en-trois-matchs-une-victoire-est-due\/#primaryimage"},"thumbnailUrl":"https:\/\/vieassociative.be\/actualites\/wp-content\/uploads\/2025\/01\/1737231445_LAS-Eupen-perd-le-duel-des-relegues-contre-le-RWDM.jpg","datePublished":"2025-10-05T02:19:43+00:00","dateModified":"2025-10-05T02:19:43+00:00","breadcrumb":{"@id":"https:\/\/vieassociative.be\/actualites\/alors-queupen-rencontre-aujourdhui-un-concurrent-dans-le-combat-pour-le-top-6-apres-seulement-deux-points-en-trois-matchs-une-victoire-est-due\/#breadcrumb"},"inLanguage":"fr-BE","potentialAction":[{"@type":"ReadAction","target":["https:\/\/vieassociative.be\/actualites\/alors-queupen-rencontre-aujourdhui-un-concurrent-dans-le-combat-pour-le-top-6-apres-seulement-deux-points-en-trois-matchs-une-victoire-est-due\/"]}]},{"@type":"ImageObject","inLanguage":"fr-BE","@id":"https:\/\/vieassociative.be\/actualites\/alors-queupen-rencontre-aujourdhui-un-concurrent-dans-le-combat-pour-le-top-6-apres-seulement-deux-points-en-trois-matchs-une-victoire-est-due\/#primaryimage","url":"https:\/\/vieassociative.be\/actualites\/wp-content\/uploads\/2025\/01\/1737231445_LAS-Eupen-perd-le-duel-des-relegues-contre-le-RWDM.jpg","contentUrl":"https:\/\/vieassociative.be\/actualites\/wp-content\/uploads\/2025\/01\/1737231445_LAS-Eupen-perd-le-duel-des-relegues-contre-le-RWDM.jpg","width":1200,"height":801,"caption":"L\u2019AS Eupen perd le duel des rel\u00e9gu\u00e9s contre le RWDM 0-1 \u2013 m\u00eame apr\u00e8s le d\u00e9but de l\u2019ann\u00e9e, aucun retournement de situation en vue"},{"@type":"BreadcrumbList","@id":"https:\/\/vieassociative.be\/actualites\/alors-queupen-rencontre-aujourdhui-un-concurrent-dans-le-combat-pour-le-top-6-apres-seulement-deux-points-en-trois-matchs-une-victoire-est-due\/#breadcrumb","itemListElement":[{"@type":"ListItem","position":1,"name":"Accueil","item":"https:\/\/vieassociative.be\/actualites\/"},{"@type":"ListItem","position":2,"name":"Alors qu&rsquo;Eupen rencontre aujourd&rsquo;hui un concurrent dans le combat pour le top 6 &#8211; apr\u00e8s seulement deux points en trois matchs, une victoire est due"}]},{"@type":"WebSite","@id":"https:\/\/vieassociative.be\/actualites\/#website","url":"https:\/\/vieassociative.be\/actualites\/","name":"Vie Associative","description":"","publisher":{"@id":"https:\/\/vieassociative.be\/actualites\/#organization"},"potentialAction":[{"@type":"SearchAction","target":{"@type":"EntryPoint","urlTemplate":"https:\/\/vieassociative.be\/actualites\/?s={search_term_string}"},"query-input":{"@type":"PropertyValueSpecification","valueRequired":true,"valueName":"search_term_string"}}],"inLanguage":"fr-BE"},{"@type":"Organization","@id":"https:\/\/vieassociative.be\/actualites\/#organization","name":"Vie Associative","url":"https:\/\/vieassociative.be\/actualites\/","logo":{"@type":"ImageObject","inLanguage":"fr-BE","@id":"https:\/\/vieassociative.be\/actualites\/#\/schema\/logo\/image\/","url":"https:\/\/vieassociative.be\/actualites\/wp-content\/uploads\/2024\/09\/cropped-vieassociative_favicon.ico.png","contentUrl":"https:\/\/vieassociative.be\/actualites\/wp-content\/uploads\/2024\/09\/cropped-vieassociative_favicon.ico.png","width":512,"height":512,"caption":"Vie Associative"},"image":{"@id":"https:\/\/vieassociative.be\/actualites\/#\/schema\/logo\/image\/"}},{"@type":"Person","@id":"https:\/\/vieassociative.be\/actualites\/#\/schema\/person\/b87ac4f82f9d4e7b7cec7395b679edc4","name":"Julien","image":{"@type":"ImageObject","inLanguage":"fr-BE","@id":"https:\/\/vieassociative.be\/actualites\/#\/schema\/person\/image\/","url":"https:\/\/vieassociative.be\/actualites\/wp-content\/uploads\/2024\/09\/vie-associative-1-150x150.jpg","contentUrl":"https:\/\/vieassociative.be\/actualites\/wp-content\/uploads\/2024\/09\/vie-associative-1-150x150.jpg","caption":"Julien"},"description":"Je suis Julien, r\u00e9dacteur pour Vie Associative. Passionn\u00e9 par le monde associatif depuis plus de 10 ans, j'ai \u00e0 c\u0153ur de partager des histoires inspirantes et de mettre en lumi\u00e8re les initiatives locales. Mon objectif est de sensibiliser et d'encourager l'engagement communautaire \u00e0 travers mes articles.","sameAs":["https:\/\/vieassociative.be\/"]}]}},"_links":{"self":[{"href":"https:\/\/vieassociative.be\/actualites\/wp-json\/wp\/v2\/posts\/10456"}],"collection":[{"href":"https:\/\/vieassociative.be\/actualites\/wp-json\/wp\/v2\/posts"}],"about":[{"href":"https:\/\/vieassociative.be\/actualites\/wp-json\/wp\/v2\/types\/post"}],"author":[{"embeddable":true,"href":"https:\/\/vieassociative.be\/actualites\/wp-json\/wp\/v2\/users\/1"}],"replies":[{"embeddable":true,"href":"https:\/\/vieassociative.be\/actualites\/wp-json\/wp\/v2\/comments?post=10456"}],"version-history":[{"count":0,"href":"https:\/\/vieassociative.be\/actualites\/wp-json\/wp\/v2\/posts\/10456\/revisions"}],"wp:featuredmedia":[{"embeddable":true,"href":"https:\/\/vieassociative.be\/actualites\/wp-json\/wp\/v2\/media\/4428"}],"wp:attachment":[{"href":"https:\/\/vieassociative.be\/actualites\/wp-json\/wp\/v2\/media?parent=10456"}],"wp:term":[{"taxonomy":"category","embeddable":true,"href":"https:\/\/vieassociative.be\/actualites\/wp-json\/wp\/v2\/categories?post=10456"},{"taxonomy":"post_tag","embeddable":true,"href":"https:\/\/vieassociative.be\/actualites\/wp-json\/wp\/v2\/tags?post=10456"}],"curies":[{"name":"wp","href":"https:\/\/api.w.org\/{rel}","templated":true}]}}