{"id":10455,"date":"2025-10-05T03:17:09","date_gmt":"2025-10-05T01:17:09","guid":{"rendered":"https:\/\/vieassociative.be\/actualites\/le-dernier-chargeur-iphone-dapple-est-cher-mais-polyvalent-2\/"},"modified":"2025-10-05T03:17:09","modified_gmt":"2025-10-05T01:17:09","slug":"le-dernier-chargeur-iphone-dapple-est-cher-mais-polyvalent-2","status":"publish","type":"post","link":"https:\/\/vieassociative.be\/actualites\/le-dernier-chargeur-iphone-dapple-est-cher-mais-polyvalent-2\/","title":{"rendered":"Le dernier chargeur iPhone d&rsquo;Apple est cher mais polyvalent"},"content":{"rendered":"<div class=\"mt-4 leading-6 md:mb-8\">C&rsquo;est peut-\u00eatre le seul adaptateur de puissance dont vous avez besoin.<\/div>\n<p><\/p>\n<p><em>Saviez-vous que vous pouvez personnaliser Google pour filtrer les ordures? Prendre ces \u00e9tapes<\/em><em>  Pour de meilleurs r\u00e9sultats de recherche, notamment en ajoutant mon travail chez Vie Associative comme source pr\u00e9f\u00e9r\u00e9e<\/em><em>.<\/em><\/p>\n<hr>\n<p>Lorsque vous cherchez \u00e0 compl\u00e9ter la batterie de votre iPhone, vous ne pensez peut-\u00eatre pas beaucoup \u00e0 la prise r\u00e9elle que vous utilisez. Le fait est que cela compte beaucoup, surtout si vous vous souciez des vitesses de charge. Mais m\u00eame sachant cela, vous pourriez jeter un \u0153il au dernier adaptateur d&rsquo;alimentation d&rsquo;Apple et penser \u00ab\u00a040 $? Sans un <em>c\u00e2ble<\/em>? Certainement pas.\u00a0\u00bb <\/p>\n<p>C&rsquo;est certainement un prix \u00e9lev\u00e9 pour un adaptateur \u00e9lectrique, d&rsquo;autant plus que vous pouvez trouver d&rsquo;autres options pour litt\u00e9ralement la moiti\u00e9 du prix. Mais il y a quelque chose d&rsquo;int\u00e9ressant dans ce chargeur particulier. Ce n&rsquo;est pas n\u00e9cessairement <em>valeur<\/em> 40 $, mais il y a une raison pour laquelle ce n&rsquo;est pas bon march\u00e9: cette chose pourrait \u00eatre le seul adaptateur de puissance dont vous avez besoin dans votre bo\u00eete \u00e0 outils technologiques.<\/p>\n<div class=\"mx-auto mb-12 mt-5 w-full max-w-3xl rounded-md border-2 border-gray-100 p-3 shadow-md md:px-7 md:pb-7 md:pt-5\" id=\"related-video\">\n<div class=\"mb-3 flex items-center md:mb-5\">\n        <img decoding=\"async\" class=\"mr-4 mt-0 h-10 w-10 md:mr-5 md:h-12 md:w-12\" src=\"https:\/\/vieassociative.be\/actualites\/wp-content\/uploads\/2025\/09\/1757726237_608_Meta-pourrait-devoiler-une-montre-intelligente-pour-controler-ses-lunettes.jpg\" alt=\"Logo Lifehacker\"><\/p><\/div>\n<div class=\"aspect-video w-full overflow-hidden rounded-md\">\n<div id=\"video-container-01K6RYKSBQXV8DMX5XTA5NHC77\"><\/div>\n<\/p><\/div>\n<\/div>\n<h2 id=\"dynamic-power-output\">Sortie de sortie dynamique<\/h2>\n<p>Comme vous pouvez le voir dans la liste des produits, l&rsquo;adaptateur d&rsquo;alimentation d&rsquo;Apple est annonc\u00e9 comme un chargeur de 40W. Cependant, c&rsquo;est <em>aussi<\/em> annonc\u00e9 comme \u00e9tant capable de livrer jusqu&rsquo;\u00e0 60 W. Vous ne voyez g\u00e9n\u00e9ralement pas cela \u00e0 partir d&rsquo;un adaptateur de puissance, car la puissance que vous voyez est la puissance que vous obtenez habituellement. <\/p>\n<p>Comme l&rsquo;explique Bridget Carey de CNET, cela est rendu possible gr\u00e2ce \u00e0 une ing\u00e9nierie intelligente. L&rsquo;adaptateur d&rsquo;alimentation commencera par offrir la sortie de charge maximale que votre appareil en question peut prendre jusqu&rsquo;\u00e0 60 W. Les iPhones ne peuvent pas accepter 60W de charge, par exemple, mais les MacBooks peuvent: donc cet adaptateur d&rsquo;alimentation 40W peut r\u00e9ellement fournir 60 W de puissance lorsqu&rsquo;il est connect\u00e9 \u00e0 quelque chose comme votre MacBook, au premier. \u00c9tant donn\u00e9 que l&rsquo;adaptateur de puissance n&rsquo;est pas en fait un v\u00e9ritable chargeur de 60W, il ne peut pas maintenir cette puissance pendant de longues p\u00e9riodes. En tant que tel, il retire le tirage de puissance au fil du temps. <\/p>\n<p>En termes pratiques, cela signifie que vous pouvez obtenir une charge initiale de 60W sur un appareil qui peut l&rsquo;accepter, ce qui peut aider \u00e0 charger vos appareils plus grands plus rapidement au d\u00e9but. Plut\u00f4t que d&rsquo;apporter un adaptateur d&rsquo;alimentation pour votre iPhone, et un plus grand pour votre MacBook, ou fourrer un \u00e9norme adaptateur d&rsquo;alimentation pour les deux, vous obtenez un adaptateur de puissance compact qui peut offrir le meilleur des deux mondes.<\/p>\n<p>Il y a aussi une raison pour laquelle Apple a choisi 40W pour la sortie \u00ab\u00a0standard\u00a0\u00bb de cet adaptateur d&rsquo;alimentation. La nouvelle s\u00e9rie iPhone 17 a jusqu&rsquo;\u00e0 pr\u00e9sent les vitesses de charge les plus rapides de n&rsquo;importe quel appareil iPhone, chargeant jusqu&rsquo;\u00e0 50% en seulement 20 minutes. (L&rsquo;exception est l&rsquo;air de l&rsquo;iPhone 17, qui peut facturer \u00e0 50% en 30 minutes.) Cependant, vous avez besoin du bon adaptateur d&rsquo;alimentation pour profiter de ces vitesses de charge &#8211; au moins 40 W. (Encore une fois, l&rsquo;air de l&rsquo;iPhone 17 est l&rsquo;exception, car il peut facturer \u00e0 50% en 30 minutes avec 20 W ou plus.)<\/p>\n<p>C&rsquo;est vraiment l&rsquo;avantage de cet adaptateur de puissance dynamique. Il est assez puissant pour offrir les vitesses de charge les plus rapides pour votre iPhone 17, tout en offrant un coup de pouce pour donner \u00e0 quelque chose comme un MacBook une charge plus rapide, du moins pour un petit moment. Cela \u00e9tant dit, il existe de nombreuses options d&rsquo;adaptateur d&rsquo;alimentation, y compris celles qui offrent des sorties dans la gamme 60W. Peu importe l&rsquo;adaptateur d&rsquo;alimentation avec lequel vous finissez, gardez simplement deux choses \u00e0 l&rsquo;esprit: la puissance maximale de l&rsquo;adaptateur lui-m\u00eame, mais aussi votre c\u00e2ble de charge. Si votre c\u00e2ble ne peut pas prendre en charge la puissance, peu importe la taille de l&rsquo;adaptateur.<\/p>\n","protected":false},"excerpt":{"rendered":"<p>C&rsquo;est peut-\u00eatre le seul adaptateur de puissance dont vous avez besoin. Saviez-vous que vous pouvez personnaliser Google pour filtrer les ordures? Prendre ces \u00e9tapes Pour<\/p>\n","protected":false},"author":1,"featured_media":10429,"comment_status":"","ping_status":"","sticky":false,"template":"","format":"standard","meta":{"footnotes":""},"categories":[13],"tags":[2194,657,590,2682,76,652,156,6158],"class_list":["post-10455","post","type-post","status-publish","format-standard","has-post-thumbnail","hentry","category-technologie","tag-chargeur","tag-cher","tag-dapple","tag-dernier","tag-est","tag-iphone","tag-mais","tag-polyvalent","generate-columns","tablet-grid-50","mobile-grid-100","grid-parent","grid-33"],"yoast_head":"<!-- This site is optimized with the Yoast SEO plugin v24.0 - https:\/\/yoast.com\/wordpress\/plugins\/seo\/ -->\n<title>Le dernier chargeur iPhone d&#039;Apple est cher mais polyvalent | Vie Associative<\/title>\n<meta name=\"robots\" content=\"index, follow, max-snippet:-1, max-image-preview:large, max-video-preview:-1\" \/>\n<link rel=\"canonical\" href=\"https:\/\/vieassociative.be\/actualites\/le-dernier-chargeur-iphone-dapple-est-cher-mais-polyvalent-2\/\" \/>\n<meta property=\"og:locale\" content=\"fr_FR\" \/>\n<meta property=\"og:type\" content=\"article\" \/>\n<meta property=\"og:title\" content=\"Le dernier chargeur iPhone d&#039;Apple est cher mais polyvalent | Vie Associative\" \/>\n<meta property=\"og:description\" content=\"C&rsquo;est peut-\u00eatre le seul adaptateur de puissance dont vous avez besoin. Saviez-vous que vous pouvez personnaliser Google pour filtrer les ordures? Prendre ces \u00e9tapes Pour\" \/>\n<meta property=\"og:url\" content=\"https:\/\/vieassociative.be\/actualites\/le-dernier-chargeur-iphone-dapple-est-cher-mais-polyvalent-2\/\" \/>\n<meta property=\"og:site_name\" content=\"Vie Associative\" \/>\n<meta property=\"article:published_time\" content=\"2025-10-05T01:17:09+00:00\" \/>\n<meta property=\"og:image\" content=\"https:\/\/vieassociative.be\/actualites\/wp-content\/uploads\/2025\/09\/1757726237_608_Meta-pourrait-devoiler-une-montre-intelligente-pour-controler-ses-lunettes.jpg\" \/>\n<meta name=\"author\" content=\"Julien\" \/>\n<meta name=\"twitter:card\" content=\"summary_large_image\" \/>\n<meta name=\"twitter:label1\" content=\"\u00c9crit par\" \/>\n\t<meta name=\"twitter:data1\" content=\"Julien\" \/>\n\t<meta name=\"twitter:label2\" content=\"Dur\u00e9e de lecture est.\" \/>\n\t<meta name=\"twitter:data2\" content=\"3 minutes\" \/>\n<script type=\"application\/ld+json\" class=\"yoast-schema-graph\">{\"@context\":\"https:\/\/schema.org\",\"@graph\":[{\"@type\":\"Article\",\"@id\":\"https:\/\/vieassociative.be\/actualites\/le-dernier-chargeur-iphone-dapple-est-cher-mais-polyvalent-2\/#article\",\"isPartOf\":{\"@id\":\"https:\/\/vieassociative.be\/actualites\/le-dernier-chargeur-iphone-dapple-est-cher-mais-polyvalent-2\/\"},\"author\":{\"name\":\"Julien\",\"@id\":\"https:\/\/vieassociative.be\/actualites\/#\/schema\/person\/b87ac4f82f9d4e7b7cec7395b679edc4\"},\"headline\":\"Le dernier chargeur iPhone d&rsquo;Apple est cher mais polyvalent\",\"datePublished\":\"2025-10-05T01:17:09+00:00\",\"dateModified\":\"2025-10-05T01:17:09+00:00\",\"mainEntityOfPage\":{\"@id\":\"https:\/\/vieassociative.be\/actualites\/le-dernier-chargeur-iphone-dapple-est-cher-mais-polyvalent-2\/\"},\"wordCount\":694,\"publisher\":{\"@id\":\"https:\/\/vieassociative.be\/actualites\/#organization\"},\"image\":{\"@id\":\"https:\/\/vieassociative.be\/actualites\/le-dernier-chargeur-iphone-dapple-est-cher-mais-polyvalent-2\/#primaryimage\"},\"thumbnailUrl\":\"https:\/\/vieassociative.be\/actualites\/wp-content\/uploads\/2025\/10\/Le-dernier-chargeur-iPhone-dApple-est-cher-mais-polyvalent.jpg\",\"keywords\":[\"chargeur\",\"cher\",\"dApple\",\"dernier\",\"est\",\"iPhone\",\"mais\",\"polyvalent\"],\"articleSection\":[\"Technologie\"],\"inLanguage\":\"fr-BE\"},{\"@type\":\"WebPage\",\"@id\":\"https:\/\/vieassociative.be\/actualites\/le-dernier-chargeur-iphone-dapple-est-cher-mais-polyvalent-2\/\",\"url\":\"https:\/\/vieassociative.be\/actualites\/le-dernier-chargeur-iphone-dapple-est-cher-mais-polyvalent-2\/\",\"name\":\"Le dernier chargeur iPhone d'Apple est cher mais polyvalent | Vie Associative\",\"isPartOf\":{\"@id\":\"https:\/\/vieassociative.be\/actualites\/#website\"},\"primaryImageOfPage\":{\"@id\":\"https:\/\/vieassociative.be\/actualites\/le-dernier-chargeur-iphone-dapple-est-cher-mais-polyvalent-2\/#primaryimage\"},\"image\":{\"@id\":\"https:\/\/vieassociative.be\/actualites\/le-dernier-chargeur-iphone-dapple-est-cher-mais-polyvalent-2\/#primaryimage\"},\"thumbnailUrl\":\"https:\/\/vieassociative.be\/actualites\/wp-content\/uploads\/2025\/10\/Le-dernier-chargeur-iPhone-dApple-est-cher-mais-polyvalent.jpg\",\"datePublished\":\"2025-10-05T01:17:09+00:00\",\"dateModified\":\"2025-10-05T01:17:09+00:00\",\"breadcrumb\":{\"@id\":\"https:\/\/vieassociative.be\/actualites\/le-dernier-chargeur-iphone-dapple-est-cher-mais-polyvalent-2\/#breadcrumb\"},\"inLanguage\":\"fr-BE\",\"potentialAction\":[{\"@type\":\"ReadAction\",\"target\":[\"https:\/\/vieassociative.be\/actualites\/le-dernier-chargeur-iphone-dapple-est-cher-mais-polyvalent-2\/\"]}]},{\"@type\":\"ImageObject\",\"inLanguage\":\"fr-BE\",\"@id\":\"https:\/\/vieassociative.be\/actualites\/le-dernier-chargeur-iphone-dapple-est-cher-mais-polyvalent-2\/#primaryimage\",\"url\":\"https:\/\/vieassociative.be\/actualites\/wp-content\/uploads\/2025\/10\/Le-dernier-chargeur-iPhone-dApple-est-cher-mais-polyvalent.jpg\",\"contentUrl\":\"https:\/\/vieassociative.be\/actualites\/wp-content\/uploads\/2025\/10\/Le-dernier-chargeur-iPhone-dApple-est-cher-mais-polyvalent.jpg\",\"width\":1200,\"height\":675,\"caption\":\"Le dernier chargeur iPhone d'Apple est cher mais polyvalent\"},{\"@type\":\"BreadcrumbList\",\"@id\":\"https:\/\/vieassociative.be\/actualites\/le-dernier-chargeur-iphone-dapple-est-cher-mais-polyvalent-2\/#breadcrumb\",\"itemListElement\":[{\"@type\":\"ListItem\",\"position\":1,\"name\":\"Accueil\",\"item\":\"https:\/\/vieassociative.be\/actualites\/\"},{\"@type\":\"ListItem\",\"position\":2,\"name\":\"Le dernier chargeur iPhone d&rsquo;Apple est cher mais polyvalent\"}]},{\"@type\":\"WebSite\",\"@id\":\"https:\/\/vieassociative.be\/actualites\/#website\",\"url\":\"https:\/\/vieassociative.be\/actualites\/\",\"name\":\"Vie Associative\",\"description\":\"\",\"publisher\":{\"@id\":\"https:\/\/vieassociative.be\/actualites\/#organization\"},\"potentialAction\":[{\"@type\":\"SearchAction\",\"target\":{\"@type\":\"EntryPoint\",\"urlTemplate\":\"https:\/\/vieassociative.be\/actualites\/?s={search_term_string}\"},\"query-input\":{\"@type\":\"PropertyValueSpecification\",\"valueRequired\":true,\"valueName\":\"search_term_string\"}}],\"inLanguage\":\"fr-BE\"},{\"@type\":\"Organization\",\"@id\":\"https:\/\/vieassociative.be\/actualites\/#organization\",\"name\":\"Vie Associative\",\"url\":\"https:\/\/vieassociative.be\/actualites\/\",\"logo\":{\"@type\":\"ImageObject\",\"inLanguage\":\"fr-BE\",\"@id\":\"https:\/\/vieassociative.be\/actualites\/#\/schema\/logo\/image\/\",\"url\":\"https:\/\/vieassociative.be\/actualites\/wp-content\/uploads\/2024\/09\/cropped-vieassociative_favicon.ico.png\",\"contentUrl\":\"https:\/\/vieassociative.be\/actualites\/wp-content\/uploads\/2024\/09\/cropped-vieassociative_favicon.ico.png\",\"width\":512,\"height\":512,\"caption\":\"Vie Associative\"},\"image\":{\"@id\":\"https:\/\/vieassociative.be\/actualites\/#\/schema\/logo\/image\/\"}},{\"@type\":\"Person\",\"@id\":\"https:\/\/vieassociative.be\/actualites\/#\/schema\/person\/b87ac4f82f9d4e7b7cec7395b679edc4\",\"name\":\"Julien\",\"image\":{\"@type\":\"ImageObject\",\"inLanguage\":\"fr-BE\",\"@id\":\"https:\/\/vieassociative.be\/actualites\/#\/schema\/person\/image\/\",\"url\":\"https:\/\/vieassociative.be\/actualites\/wp-content\/uploads\/2024\/09\/vie-associative-1-150x150.jpg\",\"contentUrl\":\"https:\/\/vieassociative.be\/actualites\/wp-content\/uploads\/2024\/09\/vie-associative-1-150x150.jpg\",\"caption\":\"Julien\"},\"description\":\"Je suis Julien, r\u00e9dacteur pour Vie Associative. Passionn\u00e9 par le monde associatif depuis plus de 10 ans, j'ai \u00e0 c\u0153ur de partager des histoires inspirantes et de mettre en lumi\u00e8re les initiatives locales. Mon objectif est de sensibiliser et d'encourager l'engagement communautaire \u00e0 travers mes articles.\",\"sameAs\":[\"https:\/\/vieassociative.be\/\"]}]}<\/script>\n<!-- \/ Yoast SEO plugin. -->","yoast_head_json":{"title":"Le dernier chargeur iPhone d'Apple est cher mais polyvalent | Vie Associative","robots":{"index":"index","follow":"follow","max-snippet":"max-snippet:-1","max-image-preview":"max-image-preview:large","max-video-preview":"max-video-preview:-1"},"canonical":"https:\/\/vieassociative.be\/actualites\/le-dernier-chargeur-iphone-dapple-est-cher-mais-polyvalent-2\/","og_locale":"fr_FR","og_type":"article","og_title":"Le dernier chargeur iPhone d'Apple est cher mais polyvalent | Vie Associative","og_description":"C&rsquo;est peut-\u00eatre le seul adaptateur de puissance dont vous avez besoin. Saviez-vous que vous pouvez personnaliser Google pour filtrer les ordures? Prendre ces \u00e9tapes Pour","og_url":"https:\/\/vieassociative.be\/actualites\/le-dernier-chargeur-iphone-dapple-est-cher-mais-polyvalent-2\/","og_site_name":"Vie Associative","article_published_time":"2025-10-05T01:17:09+00:00","og_image":[{"url":"https:\/\/vieassociative.be\/actualites\/wp-content\/uploads\/2025\/09\/1757726237_608_Meta-pourrait-devoiler-une-montre-intelligente-pour-controler-ses-lunettes.jpg","type":"","width":"","height":""}],"author":"Julien","twitter_card":"summary_large_image","twitter_misc":{"\u00c9crit par":"Julien","Dur\u00e9e de lecture est.":"3 minutes"},"schema":{"@context":"https:\/\/schema.org","@graph":[{"@type":"Article","@id":"https:\/\/vieassociative.be\/actualites\/le-dernier-chargeur-iphone-dapple-est-cher-mais-polyvalent-2\/#article","isPartOf":{"@id":"https:\/\/vieassociative.be\/actualites\/le-dernier-chargeur-iphone-dapple-est-cher-mais-polyvalent-2\/"},"author":{"name":"Julien","@id":"https:\/\/vieassociative.be\/actualites\/#\/schema\/person\/b87ac4f82f9d4e7b7cec7395b679edc4"},"headline":"Le dernier chargeur iPhone d&rsquo;Apple est cher mais polyvalent","datePublished":"2025-10-05T01:17:09+00:00","dateModified":"2025-10-05T01:17:09+00:00","mainEntityOfPage":{"@id":"https:\/\/vieassociative.be\/actualites\/le-dernier-chargeur-iphone-dapple-est-cher-mais-polyvalent-2\/"},"wordCount":694,"publisher":{"@id":"https:\/\/vieassociative.be\/actualites\/#organization"},"image":{"@id":"https:\/\/vieassociative.be\/actualites\/le-dernier-chargeur-iphone-dapple-est-cher-mais-polyvalent-2\/#primaryimage"},"thumbnailUrl":"https:\/\/vieassociative.be\/actualites\/wp-content\/uploads\/2025\/10\/Le-dernier-chargeur-iPhone-dApple-est-cher-mais-polyvalent.jpg","keywords":["chargeur","cher","dApple","dernier","est","iPhone","mais","polyvalent"],"articleSection":["Technologie"],"inLanguage":"fr-BE"},{"@type":"WebPage","@id":"https:\/\/vieassociative.be\/actualites\/le-dernier-chargeur-iphone-dapple-est-cher-mais-polyvalent-2\/","url":"https:\/\/vieassociative.be\/actualites\/le-dernier-chargeur-iphone-dapple-est-cher-mais-polyvalent-2\/","name":"Le dernier chargeur iPhone d'Apple est cher mais polyvalent | Vie Associative","isPartOf":{"@id":"https:\/\/vieassociative.be\/actualites\/#website"},"primaryImageOfPage":{"@id":"https:\/\/vieassociative.be\/actualites\/le-dernier-chargeur-iphone-dapple-est-cher-mais-polyvalent-2\/#primaryimage"},"image":{"@id":"https:\/\/vieassociative.be\/actualites\/le-dernier-chargeur-iphone-dapple-est-cher-mais-polyvalent-2\/#primaryimage"},"thumbnailUrl":"https:\/\/vieassociative.be\/actualites\/wp-content\/uploads\/2025\/10\/Le-dernier-chargeur-iPhone-dApple-est-cher-mais-polyvalent.jpg","datePublished":"2025-10-05T01:17:09+00:00","dateModified":"2025-10-05T01:17:09+00:00","breadcrumb":{"@id":"https:\/\/vieassociative.be\/actualites\/le-dernier-chargeur-iphone-dapple-est-cher-mais-polyvalent-2\/#breadcrumb"},"inLanguage":"fr-BE","potentialAction":[{"@type":"ReadAction","target":["https:\/\/vieassociative.be\/actualites\/le-dernier-chargeur-iphone-dapple-est-cher-mais-polyvalent-2\/"]}]},{"@type":"ImageObject","inLanguage":"fr-BE","@id":"https:\/\/vieassociative.be\/actualites\/le-dernier-chargeur-iphone-dapple-est-cher-mais-polyvalent-2\/#primaryimage","url":"https:\/\/vieassociative.be\/actualites\/wp-content\/uploads\/2025\/10\/Le-dernier-chargeur-iPhone-dApple-est-cher-mais-polyvalent.jpg","contentUrl":"https:\/\/vieassociative.be\/actualites\/wp-content\/uploads\/2025\/10\/Le-dernier-chargeur-iPhone-dApple-est-cher-mais-polyvalent.jpg","width":1200,"height":675,"caption":"Le dernier chargeur iPhone d'Apple est cher mais polyvalent"},{"@type":"BreadcrumbList","@id":"https:\/\/vieassociative.be\/actualites\/le-dernier-chargeur-iphone-dapple-est-cher-mais-polyvalent-2\/#breadcrumb","itemListElement":[{"@type":"ListItem","position":1,"name":"Accueil","item":"https:\/\/vieassociative.be\/actualites\/"},{"@type":"ListItem","position":2,"name":"Le dernier chargeur iPhone d&rsquo;Apple est cher mais polyvalent"}]},{"@type":"WebSite","@id":"https:\/\/vieassociative.be\/actualites\/#website","url":"https:\/\/vieassociative.be\/actualites\/","name":"Vie Associative","description":"","publisher":{"@id":"https:\/\/vieassociative.be\/actualites\/#organization"},"potentialAction":[{"@type":"SearchAction","target":{"@type":"EntryPoint","urlTemplate":"https:\/\/vieassociative.be\/actualites\/?s={search_term_string}"},"query-input":{"@type":"PropertyValueSpecification","valueRequired":true,"valueName":"search_term_string"}}],"inLanguage":"fr-BE"},{"@type":"Organization","@id":"https:\/\/vieassociative.be\/actualites\/#organization","name":"Vie Associative","url":"https:\/\/vieassociative.be\/actualites\/","logo":{"@type":"ImageObject","inLanguage":"fr-BE","@id":"https:\/\/vieassociative.be\/actualites\/#\/schema\/logo\/image\/","url":"https:\/\/vieassociative.be\/actualites\/wp-content\/uploads\/2024\/09\/cropped-vieassociative_favicon.ico.png","contentUrl":"https:\/\/vieassociative.be\/actualites\/wp-content\/uploads\/2024\/09\/cropped-vieassociative_favicon.ico.png","width":512,"height":512,"caption":"Vie Associative"},"image":{"@id":"https:\/\/vieassociative.be\/actualites\/#\/schema\/logo\/image\/"}},{"@type":"Person","@id":"https:\/\/vieassociative.be\/actualites\/#\/schema\/person\/b87ac4f82f9d4e7b7cec7395b679edc4","name":"Julien","image":{"@type":"ImageObject","inLanguage":"fr-BE","@id":"https:\/\/vieassociative.be\/actualites\/#\/schema\/person\/image\/","url":"https:\/\/vieassociative.be\/actualites\/wp-content\/uploads\/2024\/09\/vie-associative-1-150x150.jpg","contentUrl":"https:\/\/vieassociative.be\/actualites\/wp-content\/uploads\/2024\/09\/vie-associative-1-150x150.jpg","caption":"Julien"},"description":"Je suis Julien, r\u00e9dacteur pour Vie Associative. Passionn\u00e9 par le monde associatif depuis plus de 10 ans, j'ai \u00e0 c\u0153ur de partager des histoires inspirantes et de mettre en lumi\u00e8re les initiatives locales. Mon objectif est de sensibiliser et d'encourager l'engagement communautaire \u00e0 travers mes articles.","sameAs":["https:\/\/vieassociative.be\/"]}]}},"_links":{"self":[{"href":"https:\/\/vieassociative.be\/actualites\/wp-json\/wp\/v2\/posts\/10455"}],"collection":[{"href":"https:\/\/vieassociative.be\/actualites\/wp-json\/wp\/v2\/posts"}],"about":[{"href":"https:\/\/vieassociative.be\/actualites\/wp-json\/wp\/v2\/types\/post"}],"author":[{"embeddable":true,"href":"https:\/\/vieassociative.be\/actualites\/wp-json\/wp\/v2\/users\/1"}],"replies":[{"embeddable":true,"href":"https:\/\/vieassociative.be\/actualites\/wp-json\/wp\/v2\/comments?post=10455"}],"version-history":[{"count":0,"href":"https:\/\/vieassociative.be\/actualites\/wp-json\/wp\/v2\/posts\/10455\/revisions"}],"wp:featuredmedia":[{"embeddable":true,"href":"https:\/\/vieassociative.be\/actualites\/wp-json\/wp\/v2\/media\/10429"}],"wp:attachment":[{"href":"https:\/\/vieassociative.be\/actualites\/wp-json\/wp\/v2\/media?parent=10455"}],"wp:term":[{"taxonomy":"category","embeddable":true,"href":"https:\/\/vieassociative.be\/actualites\/wp-json\/wp\/v2\/categories?post=10455"},{"taxonomy":"post_tag","embeddable":true,"href":"https:\/\/vieassociative.be\/actualites\/wp-json\/wp\/v2\/tags?post=10455"}],"curies":[{"name":"wp","href":"https:\/\/api.w.org\/{rel}","templated":true}]}}