{"id":10450,"date":"2025-10-04T22:17:27","date_gmt":"2025-10-04T20:17:27","guid":{"rendered":"https:\/\/vieassociative.be\/actualites\/2-2-as-eupen-a-joue-2-0-en-avance-contre-rwdm\/"},"modified":"2025-10-04T22:17:27","modified_gmt":"2025-10-04T20:17:27","slug":"2-2-as-eupen-a-joue-2-0-en-avance-contre-rwdm","status":"publish","type":"post","link":"https:\/\/vieassociative.be\/actualites\/2-2-as-eupen-a-joue-2-0-en-avance-contre-rwdm\/","title":{"rendered":"2: 2-AS EUPEN a jou\u00e9 2-0 en avance contre RWDM"},"content":{"rendered":"<p><strong>Le As Eupen n&rsquo;a pas non plus pu gagner dans le quatri\u00e8me match cons\u00e9cutif. Le noir et blanc a jou\u00e9 une avance de 2-0 dans le stade Kehrweg samedi et a d\u00fb \u00eatre satisfait d&rsquo;un 2: 2.<\/strong><\/p>\n<p><span id=\"more-426244\"><\/span>Apr\u00e8s seulement 2: 7 points lors des trois derniers matchs, le As Eupen a \u00e9t\u00e9 le plus haut moment pour revenir sur la route du succ\u00e8s.<\/p>\n<p>Pour la rencontre avec le club de quatre lettres de Bruxelles (RWDM a \u00e9t\u00e9 cr\u00e9\u00e9 en 1973 \u00e0 partir d&rsquo;une fusion entre Dating et Racing-White et seulement deux ans plus tard, l&rsquo;entra\u00eeneur Bruno Pinheirer a non seulement d\u00fb faire sans Ga\u00ebtan Hendrickx, Amadou Keita et Oriol Busquets, mais aussi \u00e0 son dant \u00e0 droite. La place de Van Genecht a pris Scott Kennedy.<\/p>\n<div id=\"attachment_426265\" class=\"wp-caption alignleft\" style=\"max-width: 300px\"><img fetchpriority=\"high\" decoding=\"async\" class=\"wp-image-426265 size-medium\" src=\"https:\/\/vieassociative.be\/actualites\/wp-content\/uploads\/2025\/10\/2-2-AS-EUPEN-a-joue-2-0-en-avance-contre-RWDM.jpg\" alt=\"\" width=\"300\" height=\"200\"><\/div>\n<p>L&rsquo;Eupen commence \u00e0 onze: Hiller-Kennedy, Plastun, Paeshuyse, Gavory-Bar\u00e8s, M\u00f6hwald, M\u00fcller, Delaurier-Chaubet-Nuhu, Atteri.<\/p>\n<p>Avant le coup d&rsquo;envoi, Guillaume Rox, d\u00e9c\u00e9d\u00e9 l&rsquo;ann\u00e9e derni\u00e8re \u00e0 l&rsquo;\u00e2ge de 88 ans, a \u00e9t\u00e9 honor\u00e9, apr\u00e8s quoi une agitation du stade Kehrweg a \u00e9t\u00e9 nomm\u00e9e.<\/p>\n<p>Comme si souvent r\u00e9cemment, le carton jaune a \u00e9t\u00e9 tr\u00e8s t\u00f4t, cette fois, c&rsquo;\u00e9tait Plastun. Sinon, le jeu a \u00e9t\u00e9 lent dans la phase initiale. Ce n&rsquo;est qu&rsquo;\u00e0 la 14e minute qu&rsquo;il est devenu turbulent dans la r\u00e9gion de la p\u00e9nalit\u00e9 d&rsquo;Eupen. RWDM a provoqu\u00e9 un danger deux fois, une fois que Hiller a d\u00fb intervenir quelque peu risqu\u00e9, mais heureusement, suivez le comme sans mal.<\/p>\n<p>Peu de temps apr\u00e8s, Eupen a pris un peu contre le jeu. Paeshuyse a pris le c\u0153ur de la surface de p\u00e9nalit\u00e9 de Molenbeek, a claqu\u00e9 le ballon sur le but, o\u00f9 il a \u00e9t\u00e9 d\u00e9vi\u00e9 par Doudaev dans son propre but, 1-0.<\/p>\n<p>Les invit\u00e9s ne se sont pas lev\u00e9s et sont rest\u00e9s dangereux. L&rsquo;\u00e9quipe Eupen a perdu le ballon beaucoup trop rapidement dans la structure du jeu, afin que RWDM puisse toujours attaquer \u00e0 nouveau. La d\u00e9fense du noir et blanc et du gardien Hiller \u00e9taient sur le chapeau.<\/p>\n<p>\u00c0 la 37e minute, les Eupeners ont finalement montr\u00e9 qu&rsquo;ils pouvaient jouer au football. Avec quelques combinaisons rapides par derri\u00e8re, le ballon est venu \u00e0 M\u00fcller, qui a jou\u00e9 Ateri dans la surface de p\u00e9nalit\u00e9 RWDM. L&rsquo;ancien attaquant du FC Li\u00e8ge a laiss\u00e9 Persyn sortir et a critiqu\u00e9 le ballon peu durable pour les lathouwers dans la porte des invit\u00e9s, 2-0.<\/p>\n<div id=\"attachment_422552\" class=\"wp-caption alignleft\" style=\"max-width: 300px\"><img decoding=\"async\" class=\"wp-image-422552 size-medium\" src=\"https:\/\/vieassociative.be\/actualites\/wp-content\/uploads\/2025\/08\/1755375449_427_1-1-Comme-Eupen-prouve-le-caractere-et-se.jpg\" alt=\"\" width=\"300\" height=\"200\"  ><\/div>\n<p>\u00c0 la 43e minute, Hiller a emp\u00each\u00e9 Molenbeek raccourci. Il est rest\u00e9 jusqu&rsquo;\u00e0 la pause dans la t\u00eate 2-0 de l&rsquo;AS, dont le jeu direct avait \u00e9t\u00e9 r\u00e9compens\u00e9.<\/p>\n<p>Eupen a eu la premi\u00e8re sc\u00e8ne remarquable apr\u00e8s le red\u00e9marrage de Delaurier-Chau, qui \u00e9tait hors-jeu lorsqu&rsquo;il a \u00e9t\u00e9 allum\u00e9 apr\u00e8s une contre-attaque rapide. Ateri \u00e9tait \u00e9galement hors-jeu \u00e0 la 51e minute lorsque l&rsquo;ancien attaquant a eu la chance d&rsquo;aller au but.<\/p>\n<p>Un but est \u00e9galement tomb\u00e9, mais de l&rsquo;autre c\u00f4t\u00e9, lorsque Maurer RWDM a ramen\u00e9 en jeu \u00e0 la 51e minute, 2-1.<\/p>\n<p>Alors que l&rsquo;entra\u00eeneur Pinheiro a r\u00e9agi: Caleskan est venu pour M\u00fcller. Les invit\u00e9s de Bruxelles ont de nouveau pris espoir &#8211; et \u00e0 juste titre, car \u00e0 la 71e minute, l&rsquo;\u00e9galisation est tomb\u00e9e \u00e0 2: 2. Substitut Dumont alors que le gardien Hiller a laiss\u00e9 de c\u00f4t\u00e9 avec un tir sec dans le coin le plus \u00e9loign\u00e9.<\/p>\n<p>\u00c0 la 77e minute, le substitut Prunier avait la t\u00eate de la AS \u00e0 pied, mais le gardien de but Lathouwers peut l&#8217;emp\u00eacher. En temps de blessure, il a encore fait des allers-retours, mais il est rest\u00e9 dans le match nul 2-2, ce qu&rsquo;aucune des deux \u00e9quipes n&rsquo;a \u00e9t\u00e9 satisfaite.<\/p>\n<p>Apr\u00e8s la pause internationale, l&rsquo;AS sera un invit\u00e9 au bas de la table en bas de la table le vendredi 17 octobre \u00e0 20 h. (Cre)<\/p>\n","protected":false},"excerpt":{"rendered":"<p>Le As Eupen n&rsquo;a pas non plus pu gagner dans le quatri\u00e8me match cons\u00e9cutif. Le noir et blanc a jou\u00e9 une avance de 2-0 dans<\/p>\n","protected":false},"author":1,"featured_media":10451,"comment_status":"","ping_status":"","sticky":false,"template":"","format":"standard","meta":{"footnotes":""},"categories":[298],"tags":[8784,7854,796,2329,3985,4818],"class_list":["post-10450","post","type-post","status-publish","format-standard","has-post-thumbnail","hentry","category-belgique","tag-2as","tag-avance","tag-contre","tag-eupen","tag-joue","tag-rwdm","generate-columns","tablet-grid-50","mobile-grid-100","grid-parent","grid-33"],"yoast_head":"<!-- This site is optimized with the Yoast SEO plugin v24.0 - https:\/\/yoast.com\/wordpress\/plugins\/seo\/ -->\n<title>2: 2-AS EUPEN a jou\u00e9 2-0 en avance contre RWDM | Vie Associative<\/title>\n<meta name=\"robots\" content=\"index, follow, max-snippet:-1, max-image-preview:large, max-video-preview:-1\" \/>\n<link rel=\"canonical\" href=\"https:\/\/vieassociative.be\/actualites\/2-2-as-eupen-a-joue-2-0-en-avance-contre-rwdm\/\" \/>\n<meta property=\"og:locale\" content=\"fr_FR\" \/>\n<meta property=\"og:type\" content=\"article\" \/>\n<meta property=\"og:title\" content=\"2: 2-AS EUPEN a jou\u00e9 2-0 en avance contre RWDM | Vie Associative\" \/>\n<meta property=\"og:description\" content=\"Le As Eupen n&rsquo;a pas non plus pu gagner dans le quatri\u00e8me match cons\u00e9cutif. Le noir et blanc a jou\u00e9 une avance de 2-0 dans\" \/>\n<meta property=\"og:url\" content=\"https:\/\/vieassociative.be\/actualites\/2-2-as-eupen-a-joue-2-0-en-avance-contre-rwdm\/\" \/>\n<meta property=\"og:site_name\" content=\"Vie Associative\" \/>\n<meta property=\"article:published_time\" content=\"2025-10-04T20:17:27+00:00\" \/>\n<meta property=\"og:image\" content=\"https:\/\/vieassociative.be\/actualites\/wp-content\/uploads\/2024\/09\/header_backgroundk-01-e1726694325946.png\" \/>\n\t<meta property=\"og:image:width\" content=\"279\" \/>\n\t<meta property=\"og:image:height\" content=\"92\" \/>\n\t<meta property=\"og:image:type\" content=\"image\/png\" \/>\n<meta name=\"author\" content=\"Julien\" \/>\n<meta name=\"twitter:card\" content=\"summary_large_image\" \/>\n<meta name=\"twitter:label1\" content=\"\u00c9crit par\" \/>\n\t<meta name=\"twitter:data1\" content=\"Julien\" \/>\n\t<meta name=\"twitter:label2\" content=\"Dur\u00e9e de lecture est.\" \/>\n\t<meta name=\"twitter:data2\" content=\"3 minutes\" \/>\n<script type=\"application\/ld+json\" class=\"yoast-schema-graph\">{\"@context\":\"https:\/\/schema.org\",\"@graph\":[{\"@type\":\"Article\",\"@id\":\"https:\/\/vieassociative.be\/actualites\/2-2-as-eupen-a-joue-2-0-en-avance-contre-rwdm\/#article\",\"isPartOf\":{\"@id\":\"https:\/\/vieassociative.be\/actualites\/2-2-as-eupen-a-joue-2-0-en-avance-contre-rwdm\/\"},\"author\":{\"name\":\"Julien\",\"@id\":\"https:\/\/vieassociative.be\/actualites\/#\/schema\/person\/b87ac4f82f9d4e7b7cec7395b679edc4\"},\"headline\":\"2: 2-AS EUPEN a jou\u00e9 2-0 en avance contre RWDM\",\"datePublished\":\"2025-10-04T20:17:27+00:00\",\"dateModified\":\"2025-10-04T20:17:27+00:00\",\"mainEntityOfPage\":{\"@id\":\"https:\/\/vieassociative.be\/actualites\/2-2-as-eupen-a-joue-2-0-en-avance-contre-rwdm\/\"},\"wordCount\":664,\"publisher\":{\"@id\":\"https:\/\/vieassociative.be\/actualites\/#organization\"},\"image\":{\"@id\":\"https:\/\/vieassociative.be\/actualites\/2-2-as-eupen-a-joue-2-0-en-avance-contre-rwdm\/#primaryimage\"},\"thumbnailUrl\":\"https:\/\/vieassociative.be\/actualites\/wp-content\/uploads\/2025\/10\/1759609048_2-2-AS-EUPEN-a-joue-2-0-en-avance-contre-RWDM.jpg\",\"keywords\":[\"2AS\",\"avanc\u00e9\",\"contre\",\"Eupen\",\"joue\",\"RWDM\"],\"articleSection\":[\"Belgique\"],\"inLanguage\":\"fr-BE\"},{\"@type\":\"WebPage\",\"@id\":\"https:\/\/vieassociative.be\/actualites\/2-2-as-eupen-a-joue-2-0-en-avance-contre-rwdm\/\",\"url\":\"https:\/\/vieassociative.be\/actualites\/2-2-as-eupen-a-joue-2-0-en-avance-contre-rwdm\/\",\"name\":\"2: 2-AS EUPEN a jou\u00e9 2-0 en avance contre RWDM | Vie Associative\",\"isPartOf\":{\"@id\":\"https:\/\/vieassociative.be\/actualites\/#website\"},\"primaryImageOfPage\":{\"@id\":\"https:\/\/vieassociative.be\/actualites\/2-2-as-eupen-a-joue-2-0-en-avance-contre-rwdm\/#primaryimage\"},\"image\":{\"@id\":\"https:\/\/vieassociative.be\/actualites\/2-2-as-eupen-a-joue-2-0-en-avance-contre-rwdm\/#primaryimage\"},\"thumbnailUrl\":\"https:\/\/vieassociative.be\/actualites\/wp-content\/uploads\/2025\/10\/1759609048_2-2-AS-EUPEN-a-joue-2-0-en-avance-contre-RWDM.jpg\",\"datePublished\":\"2025-10-04T20:17:27+00:00\",\"dateModified\":\"2025-10-04T20:17:27+00:00\",\"breadcrumb\":{\"@id\":\"https:\/\/vieassociative.be\/actualites\/2-2-as-eupen-a-joue-2-0-en-avance-contre-rwdm\/#breadcrumb\"},\"inLanguage\":\"fr-BE\",\"potentialAction\":[{\"@type\":\"ReadAction\",\"target\":[\"https:\/\/vieassociative.be\/actualites\/2-2-as-eupen-a-joue-2-0-en-avance-contre-rwdm\/\"]}]},{\"@type\":\"ImageObject\",\"inLanguage\":\"fr-BE\",\"@id\":\"https:\/\/vieassociative.be\/actualites\/2-2-as-eupen-a-joue-2-0-en-avance-contre-rwdm\/#primaryimage\",\"url\":\"https:\/\/vieassociative.be\/actualites\/wp-content\/uploads\/2025\/10\/1759609048_2-2-AS-EUPEN-a-joue-2-0-en-avance-contre-RWDM.jpg\",\"contentUrl\":\"https:\/\/vieassociative.be\/actualites\/wp-content\/uploads\/2025\/10\/1759609048_2-2-AS-EUPEN-a-joue-2-0-en-avance-contre-RWDM.jpg\",\"width\":1200,\"height\":801,\"caption\":\"2: 2-AS EUPEN a jou\u00e9 2-0 en avance contre RWDM\"},{\"@type\":\"BreadcrumbList\",\"@id\":\"https:\/\/vieassociative.be\/actualites\/2-2-as-eupen-a-joue-2-0-en-avance-contre-rwdm\/#breadcrumb\",\"itemListElement\":[{\"@type\":\"ListItem\",\"position\":1,\"name\":\"Accueil\",\"item\":\"https:\/\/vieassociative.be\/actualites\/\"},{\"@type\":\"ListItem\",\"position\":2,\"name\":\"2: 2-AS EUPEN a jou\u00e9 2-0 en avance contre RWDM\"}]},{\"@type\":\"WebSite\",\"@id\":\"https:\/\/vieassociative.be\/actualites\/#website\",\"url\":\"https:\/\/vieassociative.be\/actualites\/\",\"name\":\"Vie Associative\",\"description\":\"\",\"publisher\":{\"@id\":\"https:\/\/vieassociative.be\/actualites\/#organization\"},\"potentialAction\":[{\"@type\":\"SearchAction\",\"target\":{\"@type\":\"EntryPoint\",\"urlTemplate\":\"https:\/\/vieassociative.be\/actualites\/?s={search_term_string}\"},\"query-input\":{\"@type\":\"PropertyValueSpecification\",\"valueRequired\":true,\"valueName\":\"search_term_string\"}}],\"inLanguage\":\"fr-BE\"},{\"@type\":\"Organization\",\"@id\":\"https:\/\/vieassociative.be\/actualites\/#organization\",\"name\":\"Vie Associative\",\"url\":\"https:\/\/vieassociative.be\/actualites\/\",\"logo\":{\"@type\":\"ImageObject\",\"inLanguage\":\"fr-BE\",\"@id\":\"https:\/\/vieassociative.be\/actualites\/#\/schema\/logo\/image\/\",\"url\":\"https:\/\/vieassociative.be\/actualites\/wp-content\/uploads\/2024\/09\/cropped-vieassociative_favicon.ico.png\",\"contentUrl\":\"https:\/\/vieassociative.be\/actualites\/wp-content\/uploads\/2024\/09\/cropped-vieassociative_favicon.ico.png\",\"width\":512,\"height\":512,\"caption\":\"Vie Associative\"},\"image\":{\"@id\":\"https:\/\/vieassociative.be\/actualites\/#\/schema\/logo\/image\/\"}},{\"@type\":\"Person\",\"@id\":\"https:\/\/vieassociative.be\/actualites\/#\/schema\/person\/b87ac4f82f9d4e7b7cec7395b679edc4\",\"name\":\"Julien\",\"image\":{\"@type\":\"ImageObject\",\"inLanguage\":\"fr-BE\",\"@id\":\"https:\/\/vieassociative.be\/actualites\/#\/schema\/person\/image\/\",\"url\":\"https:\/\/vieassociative.be\/actualites\/wp-content\/uploads\/2024\/09\/vie-associative-1-150x150.jpg\",\"contentUrl\":\"https:\/\/vieassociative.be\/actualites\/wp-content\/uploads\/2024\/09\/vie-associative-1-150x150.jpg\",\"caption\":\"Julien\"},\"description\":\"Je suis Julien, r\u00e9dacteur pour Vie Associative. Passionn\u00e9 par le monde associatif depuis plus de 10 ans, j'ai \u00e0 c\u0153ur de partager des histoires inspirantes et de mettre en lumi\u00e8re les initiatives locales. Mon objectif est de sensibiliser et d'encourager l'engagement communautaire \u00e0 travers mes articles.\",\"sameAs\":[\"https:\/\/vieassociative.be\/\"]}]}<\/script>\n<!-- \/ Yoast SEO plugin. -->","yoast_head_json":{"title":"2: 2-AS EUPEN a jou\u00e9 2-0 en avance contre RWDM | Vie Associative","robots":{"index":"index","follow":"follow","max-snippet":"max-snippet:-1","max-image-preview":"max-image-preview:large","max-video-preview":"max-video-preview:-1"},"canonical":"https:\/\/vieassociative.be\/actualites\/2-2-as-eupen-a-joue-2-0-en-avance-contre-rwdm\/","og_locale":"fr_FR","og_type":"article","og_title":"2: 2-AS EUPEN a jou\u00e9 2-0 en avance contre RWDM | Vie Associative","og_description":"Le As Eupen n&rsquo;a pas non plus pu gagner dans le quatri\u00e8me match cons\u00e9cutif. Le noir et blanc a jou\u00e9 une avance de 2-0 dans","og_url":"https:\/\/vieassociative.be\/actualites\/2-2-as-eupen-a-joue-2-0-en-avance-contre-rwdm\/","og_site_name":"Vie Associative","article_published_time":"2025-10-04T20:17:27+00:00","og_image":[{"width":279,"height":92,"url":"https:\/\/vieassociative.be\/actualites\/wp-content\/uploads\/2024\/09\/header_backgroundk-01-e1726694325946.png","type":"image\/png"}],"author":"Julien","twitter_card":"summary_large_image","twitter_misc":{"\u00c9crit par":"Julien","Dur\u00e9e de lecture est.":"3 minutes"},"schema":{"@context":"https:\/\/schema.org","@graph":[{"@type":"Article","@id":"https:\/\/vieassociative.be\/actualites\/2-2-as-eupen-a-joue-2-0-en-avance-contre-rwdm\/#article","isPartOf":{"@id":"https:\/\/vieassociative.be\/actualites\/2-2-as-eupen-a-joue-2-0-en-avance-contre-rwdm\/"},"author":{"name":"Julien","@id":"https:\/\/vieassociative.be\/actualites\/#\/schema\/person\/b87ac4f82f9d4e7b7cec7395b679edc4"},"headline":"2: 2-AS EUPEN a jou\u00e9 2-0 en avance contre RWDM","datePublished":"2025-10-04T20:17:27+00:00","dateModified":"2025-10-04T20:17:27+00:00","mainEntityOfPage":{"@id":"https:\/\/vieassociative.be\/actualites\/2-2-as-eupen-a-joue-2-0-en-avance-contre-rwdm\/"},"wordCount":664,"publisher":{"@id":"https:\/\/vieassociative.be\/actualites\/#organization"},"image":{"@id":"https:\/\/vieassociative.be\/actualites\/2-2-as-eupen-a-joue-2-0-en-avance-contre-rwdm\/#primaryimage"},"thumbnailUrl":"https:\/\/vieassociative.be\/actualites\/wp-content\/uploads\/2025\/10\/1759609048_2-2-AS-EUPEN-a-joue-2-0-en-avance-contre-RWDM.jpg","keywords":["2AS","avanc\u00e9","contre","Eupen","joue","RWDM"],"articleSection":["Belgique"],"inLanguage":"fr-BE"},{"@type":"WebPage","@id":"https:\/\/vieassociative.be\/actualites\/2-2-as-eupen-a-joue-2-0-en-avance-contre-rwdm\/","url":"https:\/\/vieassociative.be\/actualites\/2-2-as-eupen-a-joue-2-0-en-avance-contre-rwdm\/","name":"2: 2-AS EUPEN a jou\u00e9 2-0 en avance contre RWDM | Vie Associative","isPartOf":{"@id":"https:\/\/vieassociative.be\/actualites\/#website"},"primaryImageOfPage":{"@id":"https:\/\/vieassociative.be\/actualites\/2-2-as-eupen-a-joue-2-0-en-avance-contre-rwdm\/#primaryimage"},"image":{"@id":"https:\/\/vieassociative.be\/actualites\/2-2-as-eupen-a-joue-2-0-en-avance-contre-rwdm\/#primaryimage"},"thumbnailUrl":"https:\/\/vieassociative.be\/actualites\/wp-content\/uploads\/2025\/10\/1759609048_2-2-AS-EUPEN-a-joue-2-0-en-avance-contre-RWDM.jpg","datePublished":"2025-10-04T20:17:27+00:00","dateModified":"2025-10-04T20:17:27+00:00","breadcrumb":{"@id":"https:\/\/vieassociative.be\/actualites\/2-2-as-eupen-a-joue-2-0-en-avance-contre-rwdm\/#breadcrumb"},"inLanguage":"fr-BE","potentialAction":[{"@type":"ReadAction","target":["https:\/\/vieassociative.be\/actualites\/2-2-as-eupen-a-joue-2-0-en-avance-contre-rwdm\/"]}]},{"@type":"ImageObject","inLanguage":"fr-BE","@id":"https:\/\/vieassociative.be\/actualites\/2-2-as-eupen-a-joue-2-0-en-avance-contre-rwdm\/#primaryimage","url":"https:\/\/vieassociative.be\/actualites\/wp-content\/uploads\/2025\/10\/1759609048_2-2-AS-EUPEN-a-joue-2-0-en-avance-contre-RWDM.jpg","contentUrl":"https:\/\/vieassociative.be\/actualites\/wp-content\/uploads\/2025\/10\/1759609048_2-2-AS-EUPEN-a-joue-2-0-en-avance-contre-RWDM.jpg","width":1200,"height":801,"caption":"2: 2-AS EUPEN a jou\u00e9 2-0 en avance contre RWDM"},{"@type":"BreadcrumbList","@id":"https:\/\/vieassociative.be\/actualites\/2-2-as-eupen-a-joue-2-0-en-avance-contre-rwdm\/#breadcrumb","itemListElement":[{"@type":"ListItem","position":1,"name":"Accueil","item":"https:\/\/vieassociative.be\/actualites\/"},{"@type":"ListItem","position":2,"name":"2: 2-AS EUPEN a jou\u00e9 2-0 en avance contre RWDM"}]},{"@type":"WebSite","@id":"https:\/\/vieassociative.be\/actualites\/#website","url":"https:\/\/vieassociative.be\/actualites\/","name":"Vie Associative","description":"","publisher":{"@id":"https:\/\/vieassociative.be\/actualites\/#organization"},"potentialAction":[{"@type":"SearchAction","target":{"@type":"EntryPoint","urlTemplate":"https:\/\/vieassociative.be\/actualites\/?s={search_term_string}"},"query-input":{"@type":"PropertyValueSpecification","valueRequired":true,"valueName":"search_term_string"}}],"inLanguage":"fr-BE"},{"@type":"Organization","@id":"https:\/\/vieassociative.be\/actualites\/#organization","name":"Vie Associative","url":"https:\/\/vieassociative.be\/actualites\/","logo":{"@type":"ImageObject","inLanguage":"fr-BE","@id":"https:\/\/vieassociative.be\/actualites\/#\/schema\/logo\/image\/","url":"https:\/\/vieassociative.be\/actualites\/wp-content\/uploads\/2024\/09\/cropped-vieassociative_favicon.ico.png","contentUrl":"https:\/\/vieassociative.be\/actualites\/wp-content\/uploads\/2024\/09\/cropped-vieassociative_favicon.ico.png","width":512,"height":512,"caption":"Vie Associative"},"image":{"@id":"https:\/\/vieassociative.be\/actualites\/#\/schema\/logo\/image\/"}},{"@type":"Person","@id":"https:\/\/vieassociative.be\/actualites\/#\/schema\/person\/b87ac4f82f9d4e7b7cec7395b679edc4","name":"Julien","image":{"@type":"ImageObject","inLanguage":"fr-BE","@id":"https:\/\/vieassociative.be\/actualites\/#\/schema\/person\/image\/","url":"https:\/\/vieassociative.be\/actualites\/wp-content\/uploads\/2024\/09\/vie-associative-1-150x150.jpg","contentUrl":"https:\/\/vieassociative.be\/actualites\/wp-content\/uploads\/2024\/09\/vie-associative-1-150x150.jpg","caption":"Julien"},"description":"Je suis Julien, r\u00e9dacteur pour Vie Associative. Passionn\u00e9 par le monde associatif depuis plus de 10 ans, j'ai \u00e0 c\u0153ur de partager des histoires inspirantes et de mettre en lumi\u00e8re les initiatives locales. Mon objectif est de sensibiliser et d'encourager l'engagement communautaire \u00e0 travers mes articles.","sameAs":["https:\/\/vieassociative.be\/"]}]}},"_links":{"self":[{"href":"https:\/\/vieassociative.be\/actualites\/wp-json\/wp\/v2\/posts\/10450"}],"collection":[{"href":"https:\/\/vieassociative.be\/actualites\/wp-json\/wp\/v2\/posts"}],"about":[{"href":"https:\/\/vieassociative.be\/actualites\/wp-json\/wp\/v2\/types\/post"}],"author":[{"embeddable":true,"href":"https:\/\/vieassociative.be\/actualites\/wp-json\/wp\/v2\/users\/1"}],"replies":[{"embeddable":true,"href":"https:\/\/vieassociative.be\/actualites\/wp-json\/wp\/v2\/comments?post=10450"}],"version-history":[{"count":0,"href":"https:\/\/vieassociative.be\/actualites\/wp-json\/wp\/v2\/posts\/10450\/revisions"}],"wp:featuredmedia":[{"embeddable":true,"href":"https:\/\/vieassociative.be\/actualites\/wp-json\/wp\/v2\/media\/10451"}],"wp:attachment":[{"href":"https:\/\/vieassociative.be\/actualites\/wp-json\/wp\/v2\/media?parent=10450"}],"wp:term":[{"taxonomy":"category","embeddable":true,"href":"https:\/\/vieassociative.be\/actualites\/wp-json\/wp\/v2\/categories?post=10450"},{"taxonomy":"post_tag","embeddable":true,"href":"https:\/\/vieassociative.be\/actualites\/wp-json\/wp\/v2\/tags?post=10450"}],"curies":[{"name":"wp","href":"https:\/\/api.w.org\/{rel}","templated":true}]}}