{"id":10436,"date":"2025-10-04T04:17:19","date_gmt":"2025-10-04T02:17:19","guid":{"rendered":"https:\/\/vieassociative.be\/actualites\/les-nouvelles-boites-de-quart-de-velo-dans-la-zone-urbaine-deupen-sont-toujours-un-projet-de-lancienne-majorite\/"},"modified":"2025-10-04T04:17:19","modified_gmt":"2025-10-04T02:17:19","slug":"les-nouvelles-boites-de-quart-de-velo-dans-la-zone-urbaine-deupen-sont-toujours-un-projet-de-lancienne-majorite","status":"publish","type":"post","link":"https:\/\/vieassociative.be\/actualites\/les-nouvelles-boites-de-quart-de-velo-dans-la-zone-urbaine-deupen-sont-toujours-un-projet-de-lancienne-majorite\/","title":{"rendered":"Les nouvelles bo\u00eetes de quart de v\u00e9lo dans la zone urbaine d&rsquo;Eupen sont toujours un projet de l&rsquo;ancienne majorit\u00e9"},"content":{"rendered":"<p><strong>Mis \u00e0 jour &#8211; Les cinq quarts de bicyclette des v\u00e9los cr\u00e9\u00e9s \u00e0 Eupen sont toujours un projet de l&rsquo;ancienne majorit\u00e9 d&rsquo;Ecolo, PFF et SP. Cela a \u00e9t\u00e9 confirm\u00e9 par le maire sortant Thomas Lennertz (CSP) pour une demande correspondante de \u00ab\u00a0Orient Belgique directement\u00a0\u00bb.<\/strong><\/p>\n<p><span id=\"more-425997\"><\/span>Selon Lennertz, qui est \u00e0 la t\u00eate d&rsquo;une coalition de CSP, d&rsquo;OBL et de PFF depuis les \u00e9lections du conseil municipal d&rsquo;octobre 2024, a expliqu\u00e9 que le projet des Bicycle Quarter Box avait d\u00e9j\u00e0 \u00e9t\u00e9 lanc\u00e9 par la majorit\u00e9 pr\u00e9c\u00e9dente en 2021. \u00c0 cette \u00e9poque, le \u00abprojet pilote Radabetlagen\u00bb a \u00e9t\u00e9 soumis par la ville d&rsquo;Eupen dans le cadre des plans \u00e9nerg\u00e9tiques et climatiques de la CDG.<\/p>\n<div id=\"attachment_426001\" class=\"wp-caption alignleft\" style=\"max-width: 300px\"><img fetchpriority=\"high\" decoding=\"async\" class=\"wp-image-426001 size-medium\" src=\"https:\/\/vieassociative.be\/actualites\/wp-content\/uploads\/2025\/10\/Les-nouvelles-boites-de-quart-de-velo-dans-la-zone.jpg\" alt=\"\" width=\"300\" height=\"200\"  ><\/div>\n<p>\u00ab\u00a0En novembre 2023, le pr\u00e9c\u00e9dent coll\u00e8ge municipal a d\u00e9termin\u00e9 \u00e0 la fois les emplacements des bo\u00eetes de bicyclette et les tarifs. La majorit\u00e9 d&rsquo;aujourd&rsquo;hui n&rsquo;a accompagn\u00e9 que ce projet dans les derniers m\u00e8tres en termes de d\u00e9termination des modalit\u00e9s de r\u00e9servation sp\u00e9cifiques\u00a0\u00bb, a d\u00e9clar\u00e9 Lennertz, qui avait critiqu\u00e9 \u00e0 plusieurs reprises dans la campagne \u00e9lectorale de 2024 pour le v\u00e9lo et le PFF et le SPF et le SP au cours de la majeure partie de la v\u00e9lo et de la PFF et de la PFF et du SP \u00e0 ce moment-l\u00e0 pour le v\u00e9lo de Bike, PFF et SPF et SP \u00e0 ce moment-l\u00e0 pour le v\u00e9lo de Bike et de PFF et Sp \u00e0 ce moment Pour plus de justice pour tous les usagers de la route.<\/p>\n<p>Le maire a expliqu\u00e9 \u00e0 une nouvelle demande de la part des co\u00fbts: \u00ab\u00a0Les co\u00fbts de ce projet s&rsquo;\u00e9l\u00e8vent \u00e0 un total de 38 083,71 euros, dont 80% ont \u00e9t\u00e9 subventionn\u00e9s par la DG en tant que partie des plans d&rsquo;\u00e9nergie et climatique d\u00e9j\u00e0 mentionn\u00e9s. Les co\u00fbts pour la ville d&rsquo;Eupen \u00e9taient donc sur un montant de 7 616,74 euros.\u00a0\u00bb<\/p>\n<p>Comme indiqu\u00e9, la ville d&rsquo;Eupen a mis cinq nouvelles bo\u00eetes de quart pour les v\u00e9los \u00e0 divers endroits de la ville. L&rsquo;offre s&rsquo;adresse particuli\u00e8rement aux r\u00e9sidents qui n&rsquo;ont pas leurs propres installations de stockage pour leur v\u00e9lo ou leur v\u00e9lo \u00e0 proximit\u00e9 imm\u00e9diate de leur appartement, a indiqu\u00e9 la ville.<\/p>\n<p>Les nouvelles bo\u00eetes sont situ\u00e9es aux emplacements suivants:<\/p>\n<ul>\n<li><strong>Querelleur Street<\/strong> (Entr\u00e9e du parking de la ville devant le Fonds d&rsquo;assurance maladie gratuite)<\/li>\n<li><strong>Bergstrasse 50<\/strong> (Derri\u00e8re le Wegenkreuz, un peu au-dessus du boucher Kohnen-Hilt)<\/li>\n<li><strong>Limburger Weg &#8211; Rotenberg<\/strong> (\u00e0 l&rsquo;intersection)<\/li>\n<li><strong>Bergkapellstrasse<\/strong> (dans la zone de l&rsquo;aire de jeux)<\/li>\n<li><strong>Malmedyer Strasse<\/strong> (Peu de temps avant l&rsquo;entr\u00e9e de l&rsquo;usine de c\u00e2bles dans le district redessin\u00e9)<\/li>\n<\/ul>\n<div id=\"attachment_426002\" class=\"wp-caption alignleft\" style=\"max-width: 300px\"><img decoding=\"async\" class=\"wp-image-426002 size-medium\" src=\"https:\/\/vieassociative.be\/actualites\/wp-content\/uploads\/2025\/10\/1759544239_257_Les-nouvelles-boites-de-quart-de-velo-dans-la-zone.jpg\" alt=\"\" width=\"300\" height=\"200\"  ><\/div>\n<p>Deux autres bo\u00eetes dans le <strong>Braquage<\/strong> et im <strong>Chemin de brillance<\/strong> devrait \u00eatre disponible rapidement.<\/p>\n<p>Les parties int\u00e9ress\u00e9es peuvent demander le commutateur en ligne de la ville. Chaque bo\u00eete de quart offre un espace pour cinq v\u00e9los. Le loyer pour un parking est de 5 euros par mois, plus un d\u00e9p\u00f4t de 30 euros. La p\u00e9riode de location minimale est d&rsquo;un an. Le d\u00e9verrouillage se d\u00e9roule via le smartphone via l&rsquo;application EVVA (disponible pour iOS et Android).<\/p>\n<p>\u00ab\u00a0Avec cette offre, la ville d&rsquo;Eupen souhaite promouvoir davantage l&rsquo;utilisation du v\u00e9lo dans la vie quotidienne et en m\u00eame temps cr\u00e9er des options de stockage s\u00fbres dans l&rsquo;environnement de vie. La mesure est financ\u00e9e par la communaut\u00e9 germanophone dans le cadre du plan \u00e9nerg\u00e9tique et climatique int\u00e9gr\u00e9\u00a0\u00bb, explique le communiqu\u00e9 de presse de la ville d&rsquo;Eupen. (Cre)<\/p>\n","protected":false},"excerpt":{"rendered":"<p>Mis \u00e0 jour &#8211; Les cinq quarts de bicyclette des v\u00e9los cr\u00e9\u00e9s \u00e0 Eupen sont toujours un projet de l&rsquo;ancienne majorit\u00e9 d&rsquo;Ecolo, PFF et SP.<\/p>\n","protected":false},"author":1,"featured_media":10437,"comment_status":"","ping_status":"","sticky":false,"template":"","format":"standard","meta":{"footnotes":""},"categories":[298],"tags":[8776,166,2403,214,14,2882,1215,5322,8777,18,572,8778,921,4291],"class_list":["post-10436","post","type-post","status-publish","format-standard","has-post-thumbnail","hentry","category-belgique","tag-boites","tag-dans","tag-deupen","tag-lancienne","tag-les","tag-majorite","tag-nouvelles","tag-projet","tag-quart","tag-sont","tag-toujours","tag-urbaine","tag-velo","tag-zone","generate-columns","tablet-grid-50","mobile-grid-100","grid-parent","grid-33"],"yoast_head":"<!-- This site is optimized with the Yoast SEO plugin v24.0 - https:\/\/yoast.com\/wordpress\/plugins\/seo\/ -->\n<title>Les nouvelles bo\u00eetes de quart de v\u00e9lo dans la zone urbaine d&#039;Eupen sont toujours un projet de l&#039;ancienne majorit\u00e9 | Vie Associative<\/title>\n<meta name=\"robots\" content=\"index, follow, max-snippet:-1, max-image-preview:large, max-video-preview:-1\" \/>\n<link rel=\"canonical\" href=\"https:\/\/vieassociative.be\/actualites\/les-nouvelles-boites-de-quart-de-velo-dans-la-zone-urbaine-deupen-sont-toujours-un-projet-de-lancienne-majorite\/\" \/>\n<meta property=\"og:locale\" content=\"fr_FR\" \/>\n<meta property=\"og:type\" content=\"article\" \/>\n<meta property=\"og:title\" content=\"Les nouvelles bo\u00eetes de quart de v\u00e9lo dans la zone urbaine d&#039;Eupen sont toujours un projet de l&#039;ancienne majorit\u00e9 | Vie Associative\" \/>\n<meta property=\"og:description\" content=\"Mis \u00e0 jour &#8211; Les cinq quarts de bicyclette des v\u00e9los cr\u00e9\u00e9s \u00e0 Eupen sont toujours un projet de l&rsquo;ancienne majorit\u00e9 d&rsquo;Ecolo, PFF et SP.\" \/>\n<meta property=\"og:url\" content=\"https:\/\/vieassociative.be\/actualites\/les-nouvelles-boites-de-quart-de-velo-dans-la-zone-urbaine-deupen-sont-toujours-un-projet-de-lancienne-majorite\/\" \/>\n<meta property=\"og:site_name\" content=\"Vie Associative\" \/>\n<meta property=\"article:published_time\" content=\"2025-10-04T02:17:19+00:00\" \/>\n<meta property=\"og:image\" content=\"https:\/\/vieassociative.be\/actualites\/wp-content\/uploads\/2024\/09\/header_backgroundk-01-e1726694325946.png\" \/>\n\t<meta property=\"og:image:width\" content=\"279\" \/>\n\t<meta property=\"og:image:height\" content=\"92\" \/>\n\t<meta property=\"og:image:type\" content=\"image\/png\" \/>\n<meta name=\"author\" content=\"Julien\" \/>\n<meta name=\"twitter:card\" content=\"summary_large_image\" \/>\n<meta name=\"twitter:label1\" content=\"\u00c9crit par\" \/>\n\t<meta name=\"twitter:data1\" content=\"Julien\" \/>\n\t<meta name=\"twitter:label2\" content=\"Dur\u00e9e de lecture est.\" \/>\n\t<meta name=\"twitter:data2\" content=\"3 minutes\" \/>\n<script type=\"application\/ld+json\" class=\"yoast-schema-graph\">{\"@context\":\"https:\/\/schema.org\",\"@graph\":[{\"@type\":\"Article\",\"@id\":\"https:\/\/vieassociative.be\/actualites\/les-nouvelles-boites-de-quart-de-velo-dans-la-zone-urbaine-deupen-sont-toujours-un-projet-de-lancienne-majorite\/#article\",\"isPartOf\":{\"@id\":\"https:\/\/vieassociative.be\/actualites\/les-nouvelles-boites-de-quart-de-velo-dans-la-zone-urbaine-deupen-sont-toujours-un-projet-de-lancienne-majorite\/\"},\"author\":{\"name\":\"Julien\",\"@id\":\"https:\/\/vieassociative.be\/actualites\/#\/schema\/person\/b87ac4f82f9d4e7b7cec7395b679edc4\"},\"headline\":\"Les nouvelles bo\u00eetes de quart de v\u00e9lo dans la zone urbaine d&rsquo;Eupen sont toujours un projet de l&rsquo;ancienne majorit\u00e9\",\"datePublished\":\"2025-10-04T02:17:19+00:00\",\"dateModified\":\"2025-10-04T02:17:19+00:00\",\"mainEntityOfPage\":{\"@id\":\"https:\/\/vieassociative.be\/actualites\/les-nouvelles-boites-de-quart-de-velo-dans-la-zone-urbaine-deupen-sont-toujours-un-projet-de-lancienne-majorite\/\"},\"wordCount\":629,\"publisher\":{\"@id\":\"https:\/\/vieassociative.be\/actualites\/#organization\"},\"image\":{\"@id\":\"https:\/\/vieassociative.be\/actualites\/les-nouvelles-boites-de-quart-de-velo-dans-la-zone-urbaine-deupen-sont-toujours-un-projet-de-lancienne-majorite\/#primaryimage\"},\"thumbnailUrl\":\"https:\/\/vieassociative.be\/actualites\/wp-content\/uploads\/2025\/10\/1759544240_Les-nouvelles-boites-de-quart-de-velo-dans-la-zone.jpg\",\"keywords\":[\"bo\u00eetes\",\"dans\",\"dEupen\",\"lancienne\",\"Les\",\"majorit\u00e9\",\"nouvelles\",\"projet\",\"quart\",\"sont\",\"toujours\",\"urbaine\",\"v\u00e9lo\",\"zone\"],\"articleSection\":[\"Belgique\"],\"inLanguage\":\"fr-BE\"},{\"@type\":\"WebPage\",\"@id\":\"https:\/\/vieassociative.be\/actualites\/les-nouvelles-boites-de-quart-de-velo-dans-la-zone-urbaine-deupen-sont-toujours-un-projet-de-lancienne-majorite\/\",\"url\":\"https:\/\/vieassociative.be\/actualites\/les-nouvelles-boites-de-quart-de-velo-dans-la-zone-urbaine-deupen-sont-toujours-un-projet-de-lancienne-majorite\/\",\"name\":\"Les nouvelles bo\u00eetes de quart de v\u00e9lo dans la zone urbaine d'Eupen sont toujours un projet de l'ancienne majorit\u00e9 | Vie Associative\",\"isPartOf\":{\"@id\":\"https:\/\/vieassociative.be\/actualites\/#website\"},\"primaryImageOfPage\":{\"@id\":\"https:\/\/vieassociative.be\/actualites\/les-nouvelles-boites-de-quart-de-velo-dans-la-zone-urbaine-deupen-sont-toujours-un-projet-de-lancienne-majorite\/#primaryimage\"},\"image\":{\"@id\":\"https:\/\/vieassociative.be\/actualites\/les-nouvelles-boites-de-quart-de-velo-dans-la-zone-urbaine-deupen-sont-toujours-un-projet-de-lancienne-majorite\/#primaryimage\"},\"thumbnailUrl\":\"https:\/\/vieassociative.be\/actualites\/wp-content\/uploads\/2025\/10\/1759544240_Les-nouvelles-boites-de-quart-de-velo-dans-la-zone.jpg\",\"datePublished\":\"2025-10-04T02:17:19+00:00\",\"dateModified\":\"2025-10-04T02:17:19+00:00\",\"breadcrumb\":{\"@id\":\"https:\/\/vieassociative.be\/actualites\/les-nouvelles-boites-de-quart-de-velo-dans-la-zone-urbaine-deupen-sont-toujours-un-projet-de-lancienne-majorite\/#breadcrumb\"},\"inLanguage\":\"fr-BE\",\"potentialAction\":[{\"@type\":\"ReadAction\",\"target\":[\"https:\/\/vieassociative.be\/actualites\/les-nouvelles-boites-de-quart-de-velo-dans-la-zone-urbaine-deupen-sont-toujours-un-projet-de-lancienne-majorite\/\"]}]},{\"@type\":\"ImageObject\",\"inLanguage\":\"fr-BE\",\"@id\":\"https:\/\/vieassociative.be\/actualites\/les-nouvelles-boites-de-quart-de-velo-dans-la-zone-urbaine-deupen-sont-toujours-un-projet-de-lancienne-majorite\/#primaryimage\",\"url\":\"https:\/\/vieassociative.be\/actualites\/wp-content\/uploads\/2025\/10\/1759544240_Les-nouvelles-boites-de-quart-de-velo-dans-la-zone.jpg\",\"contentUrl\":\"https:\/\/vieassociative.be\/actualites\/wp-content\/uploads\/2025\/10\/1759544240_Les-nouvelles-boites-de-quart-de-velo-dans-la-zone.jpg\",\"width\":1200,\"height\":900,\"caption\":\"Les nouvelles bo\u00eetes de quart de v\u00e9lo dans la zone urbaine d'Eupen sont toujours un projet de l'ancienne majorit\u00e9\"},{\"@type\":\"BreadcrumbList\",\"@id\":\"https:\/\/vieassociative.be\/actualites\/les-nouvelles-boites-de-quart-de-velo-dans-la-zone-urbaine-deupen-sont-toujours-un-projet-de-lancienne-majorite\/#breadcrumb\",\"itemListElement\":[{\"@type\":\"ListItem\",\"position\":1,\"name\":\"Accueil\",\"item\":\"https:\/\/vieassociative.be\/actualites\/\"},{\"@type\":\"ListItem\",\"position\":2,\"name\":\"Les nouvelles bo\u00eetes de quart de v\u00e9lo dans la zone urbaine d&rsquo;Eupen sont toujours un projet de l&rsquo;ancienne majorit\u00e9\"}]},{\"@type\":\"WebSite\",\"@id\":\"https:\/\/vieassociative.be\/actualites\/#website\",\"url\":\"https:\/\/vieassociative.be\/actualites\/\",\"name\":\"Vie Associative\",\"description\":\"\",\"publisher\":{\"@id\":\"https:\/\/vieassociative.be\/actualites\/#organization\"},\"potentialAction\":[{\"@type\":\"SearchAction\",\"target\":{\"@type\":\"EntryPoint\",\"urlTemplate\":\"https:\/\/vieassociative.be\/actualites\/?s={search_term_string}\"},\"query-input\":{\"@type\":\"PropertyValueSpecification\",\"valueRequired\":true,\"valueName\":\"search_term_string\"}}],\"inLanguage\":\"fr-BE\"},{\"@type\":\"Organization\",\"@id\":\"https:\/\/vieassociative.be\/actualites\/#organization\",\"name\":\"Vie Associative\",\"url\":\"https:\/\/vieassociative.be\/actualites\/\",\"logo\":{\"@type\":\"ImageObject\",\"inLanguage\":\"fr-BE\",\"@id\":\"https:\/\/vieassociative.be\/actualites\/#\/schema\/logo\/image\/\",\"url\":\"https:\/\/vieassociative.be\/actualites\/wp-content\/uploads\/2024\/09\/cropped-vieassociative_favicon.ico.png\",\"contentUrl\":\"https:\/\/vieassociative.be\/actualites\/wp-content\/uploads\/2024\/09\/cropped-vieassociative_favicon.ico.png\",\"width\":512,\"height\":512,\"caption\":\"Vie Associative\"},\"image\":{\"@id\":\"https:\/\/vieassociative.be\/actualites\/#\/schema\/logo\/image\/\"}},{\"@type\":\"Person\",\"@id\":\"https:\/\/vieassociative.be\/actualites\/#\/schema\/person\/b87ac4f82f9d4e7b7cec7395b679edc4\",\"name\":\"Julien\",\"image\":{\"@type\":\"ImageObject\",\"inLanguage\":\"fr-BE\",\"@id\":\"https:\/\/vieassociative.be\/actualites\/#\/schema\/person\/image\/\",\"url\":\"https:\/\/vieassociative.be\/actualites\/wp-content\/uploads\/2024\/09\/vie-associative-1-150x150.jpg\",\"contentUrl\":\"https:\/\/vieassociative.be\/actualites\/wp-content\/uploads\/2024\/09\/vie-associative-1-150x150.jpg\",\"caption\":\"Julien\"},\"description\":\"Je suis Julien, r\u00e9dacteur pour Vie Associative. Passionn\u00e9 par le monde associatif depuis plus de 10 ans, j'ai \u00e0 c\u0153ur de partager des histoires inspirantes et de mettre en lumi\u00e8re les initiatives locales. Mon objectif est de sensibiliser et d'encourager l'engagement communautaire \u00e0 travers mes articles.\",\"sameAs\":[\"https:\/\/vieassociative.be\/\"]}]}<\/script>\n<!-- \/ Yoast SEO plugin. -->","yoast_head_json":{"title":"Les nouvelles bo\u00eetes de quart de v\u00e9lo dans la zone urbaine d'Eupen sont toujours un projet de l'ancienne majorit\u00e9 | Vie Associative","robots":{"index":"index","follow":"follow","max-snippet":"max-snippet:-1","max-image-preview":"max-image-preview:large","max-video-preview":"max-video-preview:-1"},"canonical":"https:\/\/vieassociative.be\/actualites\/les-nouvelles-boites-de-quart-de-velo-dans-la-zone-urbaine-deupen-sont-toujours-un-projet-de-lancienne-majorite\/","og_locale":"fr_FR","og_type":"article","og_title":"Les nouvelles bo\u00eetes de quart de v\u00e9lo dans la zone urbaine d'Eupen sont toujours un projet de l'ancienne majorit\u00e9 | Vie Associative","og_description":"Mis \u00e0 jour &#8211; Les cinq quarts de bicyclette des v\u00e9los cr\u00e9\u00e9s \u00e0 Eupen sont toujours un projet de l&rsquo;ancienne majorit\u00e9 d&rsquo;Ecolo, PFF et SP.","og_url":"https:\/\/vieassociative.be\/actualites\/les-nouvelles-boites-de-quart-de-velo-dans-la-zone-urbaine-deupen-sont-toujours-un-projet-de-lancienne-majorite\/","og_site_name":"Vie Associative","article_published_time":"2025-10-04T02:17:19+00:00","og_image":[{"width":279,"height":92,"url":"https:\/\/vieassociative.be\/actualites\/wp-content\/uploads\/2024\/09\/header_backgroundk-01-e1726694325946.png","type":"image\/png"}],"author":"Julien","twitter_card":"summary_large_image","twitter_misc":{"\u00c9crit par":"Julien","Dur\u00e9e de lecture est.":"3 minutes"},"schema":{"@context":"https:\/\/schema.org","@graph":[{"@type":"Article","@id":"https:\/\/vieassociative.be\/actualites\/les-nouvelles-boites-de-quart-de-velo-dans-la-zone-urbaine-deupen-sont-toujours-un-projet-de-lancienne-majorite\/#article","isPartOf":{"@id":"https:\/\/vieassociative.be\/actualites\/les-nouvelles-boites-de-quart-de-velo-dans-la-zone-urbaine-deupen-sont-toujours-un-projet-de-lancienne-majorite\/"},"author":{"name":"Julien","@id":"https:\/\/vieassociative.be\/actualites\/#\/schema\/person\/b87ac4f82f9d4e7b7cec7395b679edc4"},"headline":"Les nouvelles bo\u00eetes de quart de v\u00e9lo dans la zone urbaine d&rsquo;Eupen sont toujours un projet de l&rsquo;ancienne majorit\u00e9","datePublished":"2025-10-04T02:17:19+00:00","dateModified":"2025-10-04T02:17:19+00:00","mainEntityOfPage":{"@id":"https:\/\/vieassociative.be\/actualites\/les-nouvelles-boites-de-quart-de-velo-dans-la-zone-urbaine-deupen-sont-toujours-un-projet-de-lancienne-majorite\/"},"wordCount":629,"publisher":{"@id":"https:\/\/vieassociative.be\/actualites\/#organization"},"image":{"@id":"https:\/\/vieassociative.be\/actualites\/les-nouvelles-boites-de-quart-de-velo-dans-la-zone-urbaine-deupen-sont-toujours-un-projet-de-lancienne-majorite\/#primaryimage"},"thumbnailUrl":"https:\/\/vieassociative.be\/actualites\/wp-content\/uploads\/2025\/10\/1759544240_Les-nouvelles-boites-de-quart-de-velo-dans-la-zone.jpg","keywords":["bo\u00eetes","dans","dEupen","lancienne","Les","majorit\u00e9","nouvelles","projet","quart","sont","toujours","urbaine","v\u00e9lo","zone"],"articleSection":["Belgique"],"inLanguage":"fr-BE"},{"@type":"WebPage","@id":"https:\/\/vieassociative.be\/actualites\/les-nouvelles-boites-de-quart-de-velo-dans-la-zone-urbaine-deupen-sont-toujours-un-projet-de-lancienne-majorite\/","url":"https:\/\/vieassociative.be\/actualites\/les-nouvelles-boites-de-quart-de-velo-dans-la-zone-urbaine-deupen-sont-toujours-un-projet-de-lancienne-majorite\/","name":"Les nouvelles bo\u00eetes de quart de v\u00e9lo dans la zone urbaine d'Eupen sont toujours un projet de l'ancienne majorit\u00e9 | Vie Associative","isPartOf":{"@id":"https:\/\/vieassociative.be\/actualites\/#website"},"primaryImageOfPage":{"@id":"https:\/\/vieassociative.be\/actualites\/les-nouvelles-boites-de-quart-de-velo-dans-la-zone-urbaine-deupen-sont-toujours-un-projet-de-lancienne-majorite\/#primaryimage"},"image":{"@id":"https:\/\/vieassociative.be\/actualites\/les-nouvelles-boites-de-quart-de-velo-dans-la-zone-urbaine-deupen-sont-toujours-un-projet-de-lancienne-majorite\/#primaryimage"},"thumbnailUrl":"https:\/\/vieassociative.be\/actualites\/wp-content\/uploads\/2025\/10\/1759544240_Les-nouvelles-boites-de-quart-de-velo-dans-la-zone.jpg","datePublished":"2025-10-04T02:17:19+00:00","dateModified":"2025-10-04T02:17:19+00:00","breadcrumb":{"@id":"https:\/\/vieassociative.be\/actualites\/les-nouvelles-boites-de-quart-de-velo-dans-la-zone-urbaine-deupen-sont-toujours-un-projet-de-lancienne-majorite\/#breadcrumb"},"inLanguage":"fr-BE","potentialAction":[{"@type":"ReadAction","target":["https:\/\/vieassociative.be\/actualites\/les-nouvelles-boites-de-quart-de-velo-dans-la-zone-urbaine-deupen-sont-toujours-un-projet-de-lancienne-majorite\/"]}]},{"@type":"ImageObject","inLanguage":"fr-BE","@id":"https:\/\/vieassociative.be\/actualites\/les-nouvelles-boites-de-quart-de-velo-dans-la-zone-urbaine-deupen-sont-toujours-un-projet-de-lancienne-majorite\/#primaryimage","url":"https:\/\/vieassociative.be\/actualites\/wp-content\/uploads\/2025\/10\/1759544240_Les-nouvelles-boites-de-quart-de-velo-dans-la-zone.jpg","contentUrl":"https:\/\/vieassociative.be\/actualites\/wp-content\/uploads\/2025\/10\/1759544240_Les-nouvelles-boites-de-quart-de-velo-dans-la-zone.jpg","width":1200,"height":900,"caption":"Les nouvelles bo\u00eetes de quart de v\u00e9lo dans la zone urbaine d'Eupen sont toujours un projet de l'ancienne majorit\u00e9"},{"@type":"BreadcrumbList","@id":"https:\/\/vieassociative.be\/actualites\/les-nouvelles-boites-de-quart-de-velo-dans-la-zone-urbaine-deupen-sont-toujours-un-projet-de-lancienne-majorite\/#breadcrumb","itemListElement":[{"@type":"ListItem","position":1,"name":"Accueil","item":"https:\/\/vieassociative.be\/actualites\/"},{"@type":"ListItem","position":2,"name":"Les nouvelles bo\u00eetes de quart de v\u00e9lo dans la zone urbaine d&rsquo;Eupen sont toujours un projet de l&rsquo;ancienne majorit\u00e9"}]},{"@type":"WebSite","@id":"https:\/\/vieassociative.be\/actualites\/#website","url":"https:\/\/vieassociative.be\/actualites\/","name":"Vie Associative","description":"","publisher":{"@id":"https:\/\/vieassociative.be\/actualites\/#organization"},"potentialAction":[{"@type":"SearchAction","target":{"@type":"EntryPoint","urlTemplate":"https:\/\/vieassociative.be\/actualites\/?s={search_term_string}"},"query-input":{"@type":"PropertyValueSpecification","valueRequired":true,"valueName":"search_term_string"}}],"inLanguage":"fr-BE"},{"@type":"Organization","@id":"https:\/\/vieassociative.be\/actualites\/#organization","name":"Vie Associative","url":"https:\/\/vieassociative.be\/actualites\/","logo":{"@type":"ImageObject","inLanguage":"fr-BE","@id":"https:\/\/vieassociative.be\/actualites\/#\/schema\/logo\/image\/","url":"https:\/\/vieassociative.be\/actualites\/wp-content\/uploads\/2024\/09\/cropped-vieassociative_favicon.ico.png","contentUrl":"https:\/\/vieassociative.be\/actualites\/wp-content\/uploads\/2024\/09\/cropped-vieassociative_favicon.ico.png","width":512,"height":512,"caption":"Vie Associative"},"image":{"@id":"https:\/\/vieassociative.be\/actualites\/#\/schema\/logo\/image\/"}},{"@type":"Person","@id":"https:\/\/vieassociative.be\/actualites\/#\/schema\/person\/b87ac4f82f9d4e7b7cec7395b679edc4","name":"Julien","image":{"@type":"ImageObject","inLanguage":"fr-BE","@id":"https:\/\/vieassociative.be\/actualites\/#\/schema\/person\/image\/","url":"https:\/\/vieassociative.be\/actualites\/wp-content\/uploads\/2024\/09\/vie-associative-1-150x150.jpg","contentUrl":"https:\/\/vieassociative.be\/actualites\/wp-content\/uploads\/2024\/09\/vie-associative-1-150x150.jpg","caption":"Julien"},"description":"Je suis Julien, r\u00e9dacteur pour Vie Associative. Passionn\u00e9 par le monde associatif depuis plus de 10 ans, j'ai \u00e0 c\u0153ur de partager des histoires inspirantes et de mettre en lumi\u00e8re les initiatives locales. Mon objectif est de sensibiliser et d'encourager l'engagement communautaire \u00e0 travers mes articles.","sameAs":["https:\/\/vieassociative.be\/"]}]}},"_links":{"self":[{"href":"https:\/\/vieassociative.be\/actualites\/wp-json\/wp\/v2\/posts\/10436"}],"collection":[{"href":"https:\/\/vieassociative.be\/actualites\/wp-json\/wp\/v2\/posts"}],"about":[{"href":"https:\/\/vieassociative.be\/actualites\/wp-json\/wp\/v2\/types\/post"}],"author":[{"embeddable":true,"href":"https:\/\/vieassociative.be\/actualites\/wp-json\/wp\/v2\/users\/1"}],"replies":[{"embeddable":true,"href":"https:\/\/vieassociative.be\/actualites\/wp-json\/wp\/v2\/comments?post=10436"}],"version-history":[{"count":0,"href":"https:\/\/vieassociative.be\/actualites\/wp-json\/wp\/v2\/posts\/10436\/revisions"}],"wp:featuredmedia":[{"embeddable":true,"href":"https:\/\/vieassociative.be\/actualites\/wp-json\/wp\/v2\/media\/10437"}],"wp:attachment":[{"href":"https:\/\/vieassociative.be\/actualites\/wp-json\/wp\/v2\/media?parent=10436"}],"wp:term":[{"taxonomy":"category","embeddable":true,"href":"https:\/\/vieassociative.be\/actualites\/wp-json\/wp\/v2\/categories?post=10436"},{"taxonomy":"post_tag","embeddable":true,"href":"https:\/\/vieassociative.be\/actualites\/wp-json\/wp\/v2\/tags?post=10436"}],"curies":[{"name":"wp","href":"https:\/\/api.w.org\/{rel}","templated":true}]}}