{"id":10426,"date":"2025-10-03T16:17:44","date_gmt":"2025-10-03T14:17:44","guid":{"rendered":"https:\/\/vieassociative.be\/actualites\/la-fifa-presente-une-nouvelle-balle-pour-la-coupe-du-monde-2026-elle-sappelle-trionda\/"},"modified":"2025-10-03T16:17:44","modified_gmt":"2025-10-03T14:17:44","slug":"la-fifa-presente-une-nouvelle-balle-pour-la-coupe-du-monde-2026-elle-sappelle-trionda","status":"publish","type":"post","link":"https:\/\/vieassociative.be\/actualites\/la-fifa-presente-une-nouvelle-balle-pour-la-coupe-du-monde-2026-elle-sappelle-trionda\/","title":{"rendered":"La FIFA pr\u00e9sente une nouvelle balle pour la Coupe du monde 2026 &#8211; elle s&rsquo;appelle \u00ab\u00a0Trionda\u00a0\u00bb"},"content":{"rendered":"<p><strong>La nouvelle balle de la Coupe du monde s&rsquo;appelle \u00ab\u00a0Trionda\u00a0\u00bb. L&rsquo;\u00e9quipement de jeu pour la Coupe du monde au cours de l&rsquo;ann\u00e9e \u00e0 venir est rouge, vert et bleu dans les couleurs.<\/strong><\/p>\n<p><span id=\"more-426153\"><\/span>Le ballon rappelle les \u00c9tats-Unis, le Mexique et le Canada: pour la premi\u00e8re fois, un tour final est jou\u00e9 dans trois pays. Par cons\u00e9quent, le nom Trionda, ce qui signifie jusqu&rsquo;\u00e0 trois vagues en espagnol.<\/p>\n<p>\u00ab\u00a0Je ne peux pas attendre que cette belle balle se fige sur le filet\u00a0\u00bb, a d\u00e9clar\u00e9 le pr\u00e9sident de l&rsquo;Association mondiale, Gianni Infantino, \u00e0 propos de la pr\u00e9sentation du nouveau ballon.<\/p>\n<p><strong>&#8211; balle avec capteur de mouvement:<\/strong> Techniquement, le ballon a captiv\u00e9 plusieurs innovations de pouvoir importantes, a-t-elle d\u00e9clar\u00e9 de la FIFA. Une construction avec des coutures suppl\u00e9mentaires de profondeur garantit une surface qui distribue uniform\u00e9ment la r\u00e9sistance \u00e0 l&rsquo;air et garantit une stabilit\u00e9 optimale de vol. \u00ab\u00a0Les symboles compris qui ne sont visibles que de pr\u00e8s assurent \u00e9galement un meilleur support pour les tirs ou les dribbles dans des conditions humides ou humides.\u00a0\u00bb<\/p>\n<p>Le ballon a \u00e9galement un capteur de mouvement de 500 Hz qui enregistre exactement chaque mouvement de la balle. La technologie envoie des donn\u00e9es pr\u00e9cises \u00e0 l&rsquo;assistant de l&rsquo;arbitre vid\u00e9o en temps r\u00e9el et soutient les arbitres.<\/p>\n<p>La Coupe du monde commence le 11 juin 2026, la finale augmentera le 19 juillet. Pour la premi\u00e8re fois, 48 \u200b\u200b\u00e9quipes participent au tour final. La Belgique ne s&rsquo;est pas encore qualifi\u00e9e, mais peut cr\u00e9er les conditions pr\u00e9alables \u00e0 la qualification \u00e0 travers les deux prochaines plafonds contre le nord de la Mac\u00e9doine et du Pays de Galles. (DPA \/ CRE)<\/p>\n","protected":false},"excerpt":{"rendered":"<p>La nouvelle balle de la Coupe du monde s&rsquo;appelle \u00ab\u00a0Trionda\u00a0\u00bb. L&rsquo;\u00e9quipement de jeu pour la Coupe du monde au cours de l&rsquo;ann\u00e9e \u00e0 venir est<\/p>\n","protected":false},"author":1,"featured_media":10427,"comment_status":"","ping_status":"","sticky":false,"template":"","format":"standard","meta":{"footnotes":""},"categories":[298],"tags":[3337,2472,2430,4080,237,491,81,2790,8771,8772,110],"class_list":["post-10426","post","type-post","status-publish","format-standard","has-post-thumbnail","hentry","category-belgique","tag-balle","tag-coupe","tag-elle","tag-fifa","tag-monde","tag-nouvelle","tag-pour","tag-presente","tag-sappelle","tag-trionda","tag-une","generate-columns","tablet-grid-50","mobile-grid-100","grid-parent","grid-33"],"yoast_head":"<!-- This site is optimized with the Yoast SEO plugin v24.0 - https:\/\/yoast.com\/wordpress\/plugins\/seo\/ -->\n<title>La FIFA pr\u00e9sente une nouvelle balle pour la Coupe du monde 2026 - elle s&#039;appelle &quot;Trionda&quot; | Vie Associative<\/title>\n<meta name=\"robots\" content=\"index, follow, max-snippet:-1, max-image-preview:large, max-video-preview:-1\" \/>\n<link rel=\"canonical\" href=\"https:\/\/vieassociative.be\/actualites\/la-fifa-presente-une-nouvelle-balle-pour-la-coupe-du-monde-2026-elle-sappelle-trionda\/\" \/>\n<meta property=\"og:locale\" content=\"fr_FR\" \/>\n<meta property=\"og:type\" content=\"article\" \/>\n<meta property=\"og:title\" content=\"La FIFA pr\u00e9sente une nouvelle balle pour la Coupe du monde 2026 - elle s&#039;appelle &quot;Trionda&quot; | Vie Associative\" \/>\n<meta property=\"og:description\" content=\"La nouvelle balle de la Coupe du monde s&rsquo;appelle \u00ab\u00a0Trionda\u00a0\u00bb. L&rsquo;\u00e9quipement de jeu pour la Coupe du monde au cours de l&rsquo;ann\u00e9e \u00e0 venir est\" \/>\n<meta property=\"og:url\" content=\"https:\/\/vieassociative.be\/actualites\/la-fifa-presente-une-nouvelle-balle-pour-la-coupe-du-monde-2026-elle-sappelle-trionda\/\" \/>\n<meta property=\"og:site_name\" content=\"Vie Associative\" \/>\n<meta property=\"article:published_time\" content=\"2025-10-03T14:17:44+00:00\" \/>\n<meta property=\"og:image\" content=\"https:\/\/vieassociative.be\/actualites\/wp-content\/uploads\/2024\/09\/header_backgroundk-01-e1726694325946.png\" \/>\n\t<meta property=\"og:image:width\" content=\"279\" \/>\n\t<meta property=\"og:image:height\" content=\"92\" \/>\n\t<meta property=\"og:image:type\" content=\"image\/png\" \/>\n<meta name=\"author\" content=\"Julien\" \/>\n<meta name=\"twitter:card\" content=\"summary_large_image\" \/>\n<meta name=\"twitter:label1\" content=\"\u00c9crit par\" \/>\n\t<meta name=\"twitter:data1\" content=\"Julien\" \/>\n\t<meta name=\"twitter:label2\" content=\"Dur\u00e9e de lecture est.\" \/>\n\t<meta name=\"twitter:data2\" content=\"1 minute\" \/>\n<script type=\"application\/ld+json\" class=\"yoast-schema-graph\">{\"@context\":\"https:\/\/schema.org\",\"@graph\":[{\"@type\":\"Article\",\"@id\":\"https:\/\/vieassociative.be\/actualites\/la-fifa-presente-une-nouvelle-balle-pour-la-coupe-du-monde-2026-elle-sappelle-trionda\/#article\",\"isPartOf\":{\"@id\":\"https:\/\/vieassociative.be\/actualites\/la-fifa-presente-une-nouvelle-balle-pour-la-coupe-du-monde-2026-elle-sappelle-trionda\/\"},\"author\":{\"name\":\"Julien\",\"@id\":\"https:\/\/vieassociative.be\/actualites\/#\/schema\/person\/b87ac4f82f9d4e7b7cec7395b679edc4\"},\"headline\":\"La FIFA pr\u00e9sente une nouvelle balle pour la Coupe du monde 2026 &#8211; elle s&rsquo;appelle \u00ab\u00a0Trionda\u00a0\u00bb\",\"datePublished\":\"2025-10-03T14:17:44+00:00\",\"dateModified\":\"2025-10-03T14:17:44+00:00\",\"mainEntityOfPage\":{\"@id\":\"https:\/\/vieassociative.be\/actualites\/la-fifa-presente-une-nouvelle-balle-pour-la-coupe-du-monde-2026-elle-sappelle-trionda\/\"},\"wordCount\":302,\"publisher\":{\"@id\":\"https:\/\/vieassociative.be\/actualites\/#organization\"},\"image\":{\"@id\":\"https:\/\/vieassociative.be\/actualites\/la-fifa-presente-une-nouvelle-balle-pour-la-coupe-du-monde-2026-elle-sappelle-trionda\/#primaryimage\"},\"thumbnailUrl\":\"https:\/\/vieassociative.be\/actualites\/wp-content\/uploads\/2025\/10\/La-FIFA-presente-une-nouvelle-balle-pour-la-Coupe-du.jpg\",\"keywords\":[\"balle\",\"Coupe\",\"elle\",\"FIFA\",\"monde\",\"nouvelle\",\"pour\",\"pr\u00e9sente\",\"sappelle\",\"Trionda\",\"une\"],\"articleSection\":[\"Belgique\"],\"inLanguage\":\"fr-BE\"},{\"@type\":\"WebPage\",\"@id\":\"https:\/\/vieassociative.be\/actualites\/la-fifa-presente-une-nouvelle-balle-pour-la-coupe-du-monde-2026-elle-sappelle-trionda\/\",\"url\":\"https:\/\/vieassociative.be\/actualites\/la-fifa-presente-une-nouvelle-balle-pour-la-coupe-du-monde-2026-elle-sappelle-trionda\/\",\"name\":\"La FIFA pr\u00e9sente une nouvelle balle pour la Coupe du monde 2026 - elle s'appelle \\\"Trionda\\\" | Vie Associative\",\"isPartOf\":{\"@id\":\"https:\/\/vieassociative.be\/actualites\/#website\"},\"primaryImageOfPage\":{\"@id\":\"https:\/\/vieassociative.be\/actualites\/la-fifa-presente-une-nouvelle-balle-pour-la-coupe-du-monde-2026-elle-sappelle-trionda\/#primaryimage\"},\"image\":{\"@id\":\"https:\/\/vieassociative.be\/actualites\/la-fifa-presente-une-nouvelle-balle-pour-la-coupe-du-monde-2026-elle-sappelle-trionda\/#primaryimage\"},\"thumbnailUrl\":\"https:\/\/vieassociative.be\/actualites\/wp-content\/uploads\/2025\/10\/La-FIFA-presente-une-nouvelle-balle-pour-la-Coupe-du.jpg\",\"datePublished\":\"2025-10-03T14:17:44+00:00\",\"dateModified\":\"2025-10-03T14:17:44+00:00\",\"breadcrumb\":{\"@id\":\"https:\/\/vieassociative.be\/actualites\/la-fifa-presente-une-nouvelle-balle-pour-la-coupe-du-monde-2026-elle-sappelle-trionda\/#breadcrumb\"},\"inLanguage\":\"fr-BE\",\"potentialAction\":[{\"@type\":\"ReadAction\",\"target\":[\"https:\/\/vieassociative.be\/actualites\/la-fifa-presente-une-nouvelle-balle-pour-la-coupe-du-monde-2026-elle-sappelle-trionda\/\"]}]},{\"@type\":\"ImageObject\",\"inLanguage\":\"fr-BE\",\"@id\":\"https:\/\/vieassociative.be\/actualites\/la-fifa-presente-une-nouvelle-balle-pour-la-coupe-du-monde-2026-elle-sappelle-trionda\/#primaryimage\",\"url\":\"https:\/\/vieassociative.be\/actualites\/wp-content\/uploads\/2025\/10\/La-FIFA-presente-une-nouvelle-balle-pour-la-Coupe-du.jpg\",\"contentUrl\":\"https:\/\/vieassociative.be\/actualites\/wp-content\/uploads\/2025\/10\/La-FIFA-presente-une-nouvelle-balle-pour-la-Coupe-du.jpg\",\"width\":1200,\"height\":800,\"caption\":\"La FIFA pr\u00e9sente une nouvelle balle pour la Coupe du monde 2026 - elle s'appelle \\\"Trionda\\\"\"},{\"@type\":\"BreadcrumbList\",\"@id\":\"https:\/\/vieassociative.be\/actualites\/la-fifa-presente-une-nouvelle-balle-pour-la-coupe-du-monde-2026-elle-sappelle-trionda\/#breadcrumb\",\"itemListElement\":[{\"@type\":\"ListItem\",\"position\":1,\"name\":\"Accueil\",\"item\":\"https:\/\/vieassociative.be\/actualites\/\"},{\"@type\":\"ListItem\",\"position\":2,\"name\":\"La FIFA pr\u00e9sente une nouvelle balle pour la Coupe du monde 2026 &#8211; elle s&rsquo;appelle \u00ab\u00a0Trionda\u00a0\u00bb\"}]},{\"@type\":\"WebSite\",\"@id\":\"https:\/\/vieassociative.be\/actualites\/#website\",\"url\":\"https:\/\/vieassociative.be\/actualites\/\",\"name\":\"Vie Associative\",\"description\":\"\",\"publisher\":{\"@id\":\"https:\/\/vieassociative.be\/actualites\/#organization\"},\"potentialAction\":[{\"@type\":\"SearchAction\",\"target\":{\"@type\":\"EntryPoint\",\"urlTemplate\":\"https:\/\/vieassociative.be\/actualites\/?s={search_term_string}\"},\"query-input\":{\"@type\":\"PropertyValueSpecification\",\"valueRequired\":true,\"valueName\":\"search_term_string\"}}],\"inLanguage\":\"fr-BE\"},{\"@type\":\"Organization\",\"@id\":\"https:\/\/vieassociative.be\/actualites\/#organization\",\"name\":\"Vie Associative\",\"url\":\"https:\/\/vieassociative.be\/actualites\/\",\"logo\":{\"@type\":\"ImageObject\",\"inLanguage\":\"fr-BE\",\"@id\":\"https:\/\/vieassociative.be\/actualites\/#\/schema\/logo\/image\/\",\"url\":\"https:\/\/vieassociative.be\/actualites\/wp-content\/uploads\/2024\/09\/cropped-vieassociative_favicon.ico.png\",\"contentUrl\":\"https:\/\/vieassociative.be\/actualites\/wp-content\/uploads\/2024\/09\/cropped-vieassociative_favicon.ico.png\",\"width\":512,\"height\":512,\"caption\":\"Vie Associative\"},\"image\":{\"@id\":\"https:\/\/vieassociative.be\/actualites\/#\/schema\/logo\/image\/\"}},{\"@type\":\"Person\",\"@id\":\"https:\/\/vieassociative.be\/actualites\/#\/schema\/person\/b87ac4f82f9d4e7b7cec7395b679edc4\",\"name\":\"Julien\",\"image\":{\"@type\":\"ImageObject\",\"inLanguage\":\"fr-BE\",\"@id\":\"https:\/\/vieassociative.be\/actualites\/#\/schema\/person\/image\/\",\"url\":\"https:\/\/vieassociative.be\/actualites\/wp-content\/uploads\/2024\/09\/vie-associative-1-150x150.jpg\",\"contentUrl\":\"https:\/\/vieassociative.be\/actualites\/wp-content\/uploads\/2024\/09\/vie-associative-1-150x150.jpg\",\"caption\":\"Julien\"},\"description\":\"Je suis Julien, r\u00e9dacteur pour Vie Associative. Passionn\u00e9 par le monde associatif depuis plus de 10 ans, j'ai \u00e0 c\u0153ur de partager des histoires inspirantes et de mettre en lumi\u00e8re les initiatives locales. Mon objectif est de sensibiliser et d'encourager l'engagement communautaire \u00e0 travers mes articles.\",\"sameAs\":[\"https:\/\/vieassociative.be\/\"]}]}<\/script>\n<!-- \/ Yoast SEO plugin. -->","yoast_head_json":{"title":"La FIFA pr\u00e9sente une nouvelle balle pour la Coupe du monde 2026 - elle s'appelle \"Trionda\" | Vie Associative","robots":{"index":"index","follow":"follow","max-snippet":"max-snippet:-1","max-image-preview":"max-image-preview:large","max-video-preview":"max-video-preview:-1"},"canonical":"https:\/\/vieassociative.be\/actualites\/la-fifa-presente-une-nouvelle-balle-pour-la-coupe-du-monde-2026-elle-sappelle-trionda\/","og_locale":"fr_FR","og_type":"article","og_title":"La FIFA pr\u00e9sente une nouvelle balle pour la Coupe du monde 2026 - elle s'appelle \"Trionda\" | Vie Associative","og_description":"La nouvelle balle de la Coupe du monde s&rsquo;appelle \u00ab\u00a0Trionda\u00a0\u00bb. L&rsquo;\u00e9quipement de jeu pour la Coupe du monde au cours de l&rsquo;ann\u00e9e \u00e0 venir est","og_url":"https:\/\/vieassociative.be\/actualites\/la-fifa-presente-une-nouvelle-balle-pour-la-coupe-du-monde-2026-elle-sappelle-trionda\/","og_site_name":"Vie Associative","article_published_time":"2025-10-03T14:17:44+00:00","og_image":[{"width":279,"height":92,"url":"https:\/\/vieassociative.be\/actualites\/wp-content\/uploads\/2024\/09\/header_backgroundk-01-e1726694325946.png","type":"image\/png"}],"author":"Julien","twitter_card":"summary_large_image","twitter_misc":{"\u00c9crit par":"Julien","Dur\u00e9e de lecture est.":"1 minute"},"schema":{"@context":"https:\/\/schema.org","@graph":[{"@type":"Article","@id":"https:\/\/vieassociative.be\/actualites\/la-fifa-presente-une-nouvelle-balle-pour-la-coupe-du-monde-2026-elle-sappelle-trionda\/#article","isPartOf":{"@id":"https:\/\/vieassociative.be\/actualites\/la-fifa-presente-une-nouvelle-balle-pour-la-coupe-du-monde-2026-elle-sappelle-trionda\/"},"author":{"name":"Julien","@id":"https:\/\/vieassociative.be\/actualites\/#\/schema\/person\/b87ac4f82f9d4e7b7cec7395b679edc4"},"headline":"La FIFA pr\u00e9sente une nouvelle balle pour la Coupe du monde 2026 &#8211; elle s&rsquo;appelle \u00ab\u00a0Trionda\u00a0\u00bb","datePublished":"2025-10-03T14:17:44+00:00","dateModified":"2025-10-03T14:17:44+00:00","mainEntityOfPage":{"@id":"https:\/\/vieassociative.be\/actualites\/la-fifa-presente-une-nouvelle-balle-pour-la-coupe-du-monde-2026-elle-sappelle-trionda\/"},"wordCount":302,"publisher":{"@id":"https:\/\/vieassociative.be\/actualites\/#organization"},"image":{"@id":"https:\/\/vieassociative.be\/actualites\/la-fifa-presente-une-nouvelle-balle-pour-la-coupe-du-monde-2026-elle-sappelle-trionda\/#primaryimage"},"thumbnailUrl":"https:\/\/vieassociative.be\/actualites\/wp-content\/uploads\/2025\/10\/La-FIFA-presente-une-nouvelle-balle-pour-la-Coupe-du.jpg","keywords":["balle","Coupe","elle","FIFA","monde","nouvelle","pour","pr\u00e9sente","sappelle","Trionda","une"],"articleSection":["Belgique"],"inLanguage":"fr-BE"},{"@type":"WebPage","@id":"https:\/\/vieassociative.be\/actualites\/la-fifa-presente-une-nouvelle-balle-pour-la-coupe-du-monde-2026-elle-sappelle-trionda\/","url":"https:\/\/vieassociative.be\/actualites\/la-fifa-presente-une-nouvelle-balle-pour-la-coupe-du-monde-2026-elle-sappelle-trionda\/","name":"La FIFA pr\u00e9sente une nouvelle balle pour la Coupe du monde 2026 - elle s'appelle \"Trionda\" | Vie Associative","isPartOf":{"@id":"https:\/\/vieassociative.be\/actualites\/#website"},"primaryImageOfPage":{"@id":"https:\/\/vieassociative.be\/actualites\/la-fifa-presente-une-nouvelle-balle-pour-la-coupe-du-monde-2026-elle-sappelle-trionda\/#primaryimage"},"image":{"@id":"https:\/\/vieassociative.be\/actualites\/la-fifa-presente-une-nouvelle-balle-pour-la-coupe-du-monde-2026-elle-sappelle-trionda\/#primaryimage"},"thumbnailUrl":"https:\/\/vieassociative.be\/actualites\/wp-content\/uploads\/2025\/10\/La-FIFA-presente-une-nouvelle-balle-pour-la-Coupe-du.jpg","datePublished":"2025-10-03T14:17:44+00:00","dateModified":"2025-10-03T14:17:44+00:00","breadcrumb":{"@id":"https:\/\/vieassociative.be\/actualites\/la-fifa-presente-une-nouvelle-balle-pour-la-coupe-du-monde-2026-elle-sappelle-trionda\/#breadcrumb"},"inLanguage":"fr-BE","potentialAction":[{"@type":"ReadAction","target":["https:\/\/vieassociative.be\/actualites\/la-fifa-presente-une-nouvelle-balle-pour-la-coupe-du-monde-2026-elle-sappelle-trionda\/"]}]},{"@type":"ImageObject","inLanguage":"fr-BE","@id":"https:\/\/vieassociative.be\/actualites\/la-fifa-presente-une-nouvelle-balle-pour-la-coupe-du-monde-2026-elle-sappelle-trionda\/#primaryimage","url":"https:\/\/vieassociative.be\/actualites\/wp-content\/uploads\/2025\/10\/La-FIFA-presente-une-nouvelle-balle-pour-la-Coupe-du.jpg","contentUrl":"https:\/\/vieassociative.be\/actualites\/wp-content\/uploads\/2025\/10\/La-FIFA-presente-une-nouvelle-balle-pour-la-Coupe-du.jpg","width":1200,"height":800,"caption":"La FIFA pr\u00e9sente une nouvelle balle pour la Coupe du monde 2026 - elle s'appelle \"Trionda\""},{"@type":"BreadcrumbList","@id":"https:\/\/vieassociative.be\/actualites\/la-fifa-presente-une-nouvelle-balle-pour-la-coupe-du-monde-2026-elle-sappelle-trionda\/#breadcrumb","itemListElement":[{"@type":"ListItem","position":1,"name":"Accueil","item":"https:\/\/vieassociative.be\/actualites\/"},{"@type":"ListItem","position":2,"name":"La FIFA pr\u00e9sente une nouvelle balle pour la Coupe du monde 2026 &#8211; elle s&rsquo;appelle \u00ab\u00a0Trionda\u00a0\u00bb"}]},{"@type":"WebSite","@id":"https:\/\/vieassociative.be\/actualites\/#website","url":"https:\/\/vieassociative.be\/actualites\/","name":"Vie Associative","description":"","publisher":{"@id":"https:\/\/vieassociative.be\/actualites\/#organization"},"potentialAction":[{"@type":"SearchAction","target":{"@type":"EntryPoint","urlTemplate":"https:\/\/vieassociative.be\/actualites\/?s={search_term_string}"},"query-input":{"@type":"PropertyValueSpecification","valueRequired":true,"valueName":"search_term_string"}}],"inLanguage":"fr-BE"},{"@type":"Organization","@id":"https:\/\/vieassociative.be\/actualites\/#organization","name":"Vie Associative","url":"https:\/\/vieassociative.be\/actualites\/","logo":{"@type":"ImageObject","inLanguage":"fr-BE","@id":"https:\/\/vieassociative.be\/actualites\/#\/schema\/logo\/image\/","url":"https:\/\/vieassociative.be\/actualites\/wp-content\/uploads\/2024\/09\/cropped-vieassociative_favicon.ico.png","contentUrl":"https:\/\/vieassociative.be\/actualites\/wp-content\/uploads\/2024\/09\/cropped-vieassociative_favicon.ico.png","width":512,"height":512,"caption":"Vie Associative"},"image":{"@id":"https:\/\/vieassociative.be\/actualites\/#\/schema\/logo\/image\/"}},{"@type":"Person","@id":"https:\/\/vieassociative.be\/actualites\/#\/schema\/person\/b87ac4f82f9d4e7b7cec7395b679edc4","name":"Julien","image":{"@type":"ImageObject","inLanguage":"fr-BE","@id":"https:\/\/vieassociative.be\/actualites\/#\/schema\/person\/image\/","url":"https:\/\/vieassociative.be\/actualites\/wp-content\/uploads\/2024\/09\/vie-associative-1-150x150.jpg","contentUrl":"https:\/\/vieassociative.be\/actualites\/wp-content\/uploads\/2024\/09\/vie-associative-1-150x150.jpg","caption":"Julien"},"description":"Je suis Julien, r\u00e9dacteur pour Vie Associative. Passionn\u00e9 par le monde associatif depuis plus de 10 ans, j'ai \u00e0 c\u0153ur de partager des histoires inspirantes et de mettre en lumi\u00e8re les initiatives locales. Mon objectif est de sensibiliser et d'encourager l'engagement communautaire \u00e0 travers mes articles.","sameAs":["https:\/\/vieassociative.be\/"]}]}},"_links":{"self":[{"href":"https:\/\/vieassociative.be\/actualites\/wp-json\/wp\/v2\/posts\/10426"}],"collection":[{"href":"https:\/\/vieassociative.be\/actualites\/wp-json\/wp\/v2\/posts"}],"about":[{"href":"https:\/\/vieassociative.be\/actualites\/wp-json\/wp\/v2\/types\/post"}],"author":[{"embeddable":true,"href":"https:\/\/vieassociative.be\/actualites\/wp-json\/wp\/v2\/users\/1"}],"replies":[{"embeddable":true,"href":"https:\/\/vieassociative.be\/actualites\/wp-json\/wp\/v2\/comments?post=10426"}],"version-history":[{"count":0,"href":"https:\/\/vieassociative.be\/actualites\/wp-json\/wp\/v2\/posts\/10426\/revisions"}],"wp:featuredmedia":[{"embeddable":true,"href":"https:\/\/vieassociative.be\/actualites\/wp-json\/wp\/v2\/media\/10427"}],"wp:attachment":[{"href":"https:\/\/vieassociative.be\/actualites\/wp-json\/wp\/v2\/media?parent=10426"}],"wp:term":[{"taxonomy":"category","embeddable":true,"href":"https:\/\/vieassociative.be\/actualites\/wp-json\/wp\/v2\/categories?post=10426"},{"taxonomy":"post_tag","embeddable":true,"href":"https:\/\/vieassociative.be\/actualites\/wp-json\/wp\/v2\/tags?post=10426"}],"curies":[{"name":"wp","href":"https:\/\/api.w.org\/{rel}","templated":true}]}}