{"id":10420,"date":"2025-10-03T10:17:42","date_gmt":"2025-10-03T08:17:42","guid":{"rendered":"https:\/\/vieassociative.be\/actualites\/drones-apercus-sur-le-camp-militaire-delsenborn\/"},"modified":"2025-10-03T10:17:42","modified_gmt":"2025-10-03T08:17:42","slug":"drones-apercus-sur-le-camp-militaire-delsenborn","status":"publish","type":"post","link":"https:\/\/vieassociative.be\/actualites\/drones-apercus-sur-le-camp-militaire-delsenborn\/","title":{"rendered":"Drones aper\u00e7us sur le camp militaire d&rsquo;Elsenborn"},"content":{"rendered":"<p><strong>Une quinzaine de drones ont \u00e9t\u00e9 rep\u00e9r\u00e9s jeudi soir sur le camp militaire d&rsquo;Elsenborn. Cela rapporte VRT et Het Laatste Nieuws. Le minist\u00e8re de la D\u00e9fense de Bruxelles a annonc\u00e9 l&rsquo;initiation d&rsquo;une enqu\u00eate.<\/strong><\/p>\n<p><span id=\"more-426133\"><\/span>La base militaire d&rsquo;Elsenborn dans la municipalit\u00e9 de B\u00fctgenbach abrite un camp d&rsquo;entra\u00eenement de l&rsquo;arm\u00e9e belge. L&rsquo;entrep\u00f4t est une zone de 28 km\u00b2, qui est particuli\u00e8rement utilis\u00e9e pour les exercices de tir. Les drones ont \u00e9t\u00e9 d\u00e9couverts accidentellement par les autorit\u00e9s belges et la police allemande.<\/p>\n<p>Entre-temps, de nombreux vols \u00e9taient \u00e0 la nuit de vendredi \u00e0 l&rsquo;a\u00e9roport de Munich en raison d&rsquo;observations de drones &#8211; environ 3 000 passagers ont \u00e9t\u00e9 touch\u00e9s. Des centaines de personnes ont d\u00fb passer la nuit sur des lits de champ install\u00e9s dans les terminaux. D&rsquo;autres devraient \u00eatre amen\u00e9s dans les h\u00f4tels.<\/p>\n<div id=\"attachment_81559\" class=\"wp-caption alignleft\" style=\"max-width: 300px\"><img fetchpriority=\"high\" decoding=\"async\" class=\"wp-image-81559 size-medium\" src=\"https:\/\/vieassociative.be\/actualites\/wp-content\/uploads\/2025\/10\/Drones-apercus-sur-le-camp-militaire-dElsenborn.jpg\" alt=\"\" width=\"300\" height=\"200\"  ><\/div>\n<p>Les op\u00e9rations de vol ont repris t\u00f4t le matin, comme la police f\u00e9d\u00e9rale l&rsquo;a inform\u00e9. Il est rest\u00e9 clair qui pourrait \u00eatre responsable de l&rsquo;incident.<\/p>\n<p>Selon la police f\u00e9d\u00e9rale, plusieurs personnes avaient signal\u00e9 un drone pr\u00e8s de l&rsquo;a\u00e9roport le soir. Plus tard, il y a \u00e9galement eu des observations sur le site de l&rsquo;a\u00e9roport. Il n&rsquo;\u00e9tait pas clair si c&rsquo;\u00e9tait un ou plusieurs drones. Le contr\u00f4le du trafic a\u00e9rien allemand a ensuite bloqu\u00e9 les voies de d\u00e9part et les voies de transport tard dans la soir\u00e9e, a-t-il d\u00e9clar\u00e9. Les responsables de l&rsquo;\u00c9tat et de la police f\u00e9d\u00e9rale auraient surveill\u00e9 le site et recherch\u00e9 des objets de vol et des suspects sans succ\u00e8s. Un h\u00e9licopt\u00e8re policier \u00e9tait \u00e9galement en action.<\/p>\n<p>Selon l&rsquo;op\u00e9rateur, il y a eu 17 vols jeudi soir. Un passager a d\u00e9clar\u00e9 \u00e0 l&rsquo;agence de presse allemande que l&rsquo;avion avait d\u00e9j\u00e0 \u00e9t\u00e9 sur la piste, mais avait ensuite retourn\u00e9 au terminal. \u00c0 partir de 22 h 15, les atterrissages n&rsquo;\u00e9taient plus possibles: au lieu de cela, 15 vols ont \u00e9t\u00e9 d\u00e9tourn\u00e9s vers Stuttgart, Nuremberg, Vienne et Francfurt, comme l&rsquo;op\u00e9rateur l&rsquo;a \u00e9crit sur le site Web de l&rsquo;a\u00e9roport.<\/p>\n<p>Selon l&rsquo;op\u00e9rateur, des couvertures, des boissons et des collations ont \u00e9t\u00e9 distribu\u00e9s aux passagers bloqu\u00e9s. De plus, des lits de terrain ont \u00e9t\u00e9 install\u00e9s dans le terminal.<\/p>\n<div id=\"attachment_426138\" class=\"wp-caption alignleft\" style=\"max-width: 300px\"><img decoding=\"async\" class=\"wp-image-426138 size-medium\" src=\"https:\/\/vieassociative.be\/actualites\/wp-content\/uploads\/2025\/10\/1759479462_33_Drones-apercus-sur-le-camp-militaire-dElsenborn.jpg\" alt=\"\" width=\"300\" height=\"215\"><\/div>\n<p>\u00c0 l&rsquo;a\u00e9roport de Munich, une interdiction de vol de nuit s&rsquo;applique au trafic r\u00e9gulier des passagers entre minuit et 5h00.<\/p>\n<p>Le Munich Oktoberfest est toujours en cours d&rsquo;ex\u00e9cution jusqu&rsquo;\u00e0 dimanche. Le plus grand festival folklorique au monde attire chaque ann\u00e9e plusieurs millions de visiteurs d&rsquo;autres villes et pays. Ils pourraient \u00e9galement \u00eatre affect\u00e9s par les restrictions sur le trafic a\u00e9rien. L&rsquo;Oktoberfest a \u00e9t\u00e9 ferm\u00e9 pendant une demi-journ\u00e9e mercredi en raison d&rsquo;une menace \u00e0 la bombe.<\/p>\n<p>Le drone n&rsquo;avait \u00e9t\u00e9 rep\u00e9r\u00e9 que sur Schleswig-Holstein la semaine derni\u00e8re. Plusieurs fois, les drones avaient \u00e9galement perturb\u00e9 le trafic a\u00e9rien au Danemark et provoqu\u00e9 l&rsquo;incertitude et le chaos. (DPA \/ CRE)<\/p>\n","protected":false},"excerpt":{"rendered":"<p>Une quinzaine de drones ont \u00e9t\u00e9 rep\u00e9r\u00e9s jeudi soir sur le camp militaire d&rsquo;Elsenborn. Cela rapporte VRT et Het Laatste Nieuws. Le minist\u00e8re de la<\/p>\n","protected":false},"author":1,"featured_media":10421,"comment_status":"","ping_status":"","sticky":false,"template":"","format":"standard","meta":{"footnotes":""},"categories":[298],"tags":[7552,8768,8769,4144,7852,33],"class_list":["post-10420","post","type-post","status-publish","format-standard","has-post-thumbnail","hentry","category-belgique","tag-apercus","tag-camp","tag-delsenborn","tag-drones","tag-militaire","tag-sur","generate-columns","tablet-grid-50","mobile-grid-100","grid-parent","grid-33"],"yoast_head":"<!-- This site is optimized with the Yoast SEO plugin v24.0 - https:\/\/yoast.com\/wordpress\/plugins\/seo\/ -->\n<title>Drones aper\u00e7us sur le camp militaire d&#039;Elsenborn | Vie Associative<\/title>\n<meta name=\"robots\" content=\"index, follow, max-snippet:-1, max-image-preview:large, max-video-preview:-1\" \/>\n<link rel=\"canonical\" href=\"https:\/\/vieassociative.be\/actualites\/drones-apercus-sur-le-camp-militaire-delsenborn\/\" \/>\n<meta property=\"og:locale\" content=\"fr_FR\" \/>\n<meta property=\"og:type\" content=\"article\" \/>\n<meta property=\"og:title\" content=\"Drones aper\u00e7us sur le camp militaire d&#039;Elsenborn | Vie Associative\" \/>\n<meta property=\"og:description\" content=\"Une quinzaine de drones ont \u00e9t\u00e9 rep\u00e9r\u00e9s jeudi soir sur le camp militaire d&rsquo;Elsenborn. Cela rapporte VRT et Het Laatste Nieuws. Le minist\u00e8re de la\" \/>\n<meta property=\"og:url\" content=\"https:\/\/vieassociative.be\/actualites\/drones-apercus-sur-le-camp-militaire-delsenborn\/\" \/>\n<meta property=\"og:site_name\" content=\"Vie Associative\" \/>\n<meta property=\"article:published_time\" content=\"2025-10-03T08:17:42+00:00\" \/>\n<meta property=\"og:image\" content=\"https:\/\/vieassociative.be\/actualites\/wp-content\/uploads\/2024\/09\/header_backgroundk-01-e1726694325946.png\" \/>\n\t<meta property=\"og:image:width\" content=\"279\" \/>\n\t<meta property=\"og:image:height\" content=\"92\" \/>\n\t<meta property=\"og:image:type\" content=\"image\/png\" \/>\n<meta name=\"author\" content=\"Julien\" \/>\n<meta name=\"twitter:card\" content=\"summary_large_image\" \/>\n<meta name=\"twitter:label1\" content=\"\u00c9crit par\" \/>\n\t<meta name=\"twitter:data1\" content=\"Julien\" \/>\n\t<meta name=\"twitter:label2\" content=\"Dur\u00e9e de lecture est.\" \/>\n\t<meta name=\"twitter:data2\" content=\"3 minutes\" \/>\n<script type=\"application\/ld+json\" class=\"yoast-schema-graph\">{\"@context\":\"https:\/\/schema.org\",\"@graph\":[{\"@type\":\"Article\",\"@id\":\"https:\/\/vieassociative.be\/actualites\/drones-apercus-sur-le-camp-militaire-delsenborn\/#article\",\"isPartOf\":{\"@id\":\"https:\/\/vieassociative.be\/actualites\/drones-apercus-sur-le-camp-militaire-delsenborn\/\"},\"author\":{\"name\":\"Julien\",\"@id\":\"https:\/\/vieassociative.be\/actualites\/#\/schema\/person\/b87ac4f82f9d4e7b7cec7395b679edc4\"},\"headline\":\"Drones aper\u00e7us sur le camp militaire d&rsquo;Elsenborn\",\"datePublished\":\"2025-10-03T08:17:42+00:00\",\"dateModified\":\"2025-10-03T08:17:42+00:00\",\"mainEntityOfPage\":{\"@id\":\"https:\/\/vieassociative.be\/actualites\/drones-apercus-sur-le-camp-militaire-delsenborn\/\"},\"wordCount\":539,\"publisher\":{\"@id\":\"https:\/\/vieassociative.be\/actualites\/#organization\"},\"image\":{\"@id\":\"https:\/\/vieassociative.be\/actualites\/drones-apercus-sur-le-camp-militaire-delsenborn\/#primaryimage\"},\"thumbnailUrl\":\"https:\/\/vieassociative.be\/actualites\/wp-content\/uploads\/2025\/10\/1759479463_Drones-apercus-sur-le-camp-militaire-dElsenborn.jpg\",\"keywords\":[\"aper\u00e7us\",\"camp\",\"dElsenborn\",\"drones\",\"militaire\",\"sur\"],\"articleSection\":[\"Belgique\"],\"inLanguage\":\"fr-BE\"},{\"@type\":\"WebPage\",\"@id\":\"https:\/\/vieassociative.be\/actualites\/drones-apercus-sur-le-camp-militaire-delsenborn\/\",\"url\":\"https:\/\/vieassociative.be\/actualites\/drones-apercus-sur-le-camp-militaire-delsenborn\/\",\"name\":\"Drones aper\u00e7us sur le camp militaire d'Elsenborn | Vie Associative\",\"isPartOf\":{\"@id\":\"https:\/\/vieassociative.be\/actualites\/#website\"},\"primaryImageOfPage\":{\"@id\":\"https:\/\/vieassociative.be\/actualites\/drones-apercus-sur-le-camp-militaire-delsenborn\/#primaryimage\"},\"image\":{\"@id\":\"https:\/\/vieassociative.be\/actualites\/drones-apercus-sur-le-camp-militaire-delsenborn\/#primaryimage\"},\"thumbnailUrl\":\"https:\/\/vieassociative.be\/actualites\/wp-content\/uploads\/2025\/10\/1759479463_Drones-apercus-sur-le-camp-militaire-dElsenborn.jpg\",\"datePublished\":\"2025-10-03T08:17:42+00:00\",\"dateModified\":\"2025-10-03T08:17:42+00:00\",\"breadcrumb\":{\"@id\":\"https:\/\/vieassociative.be\/actualites\/drones-apercus-sur-le-camp-militaire-delsenborn\/#breadcrumb\"},\"inLanguage\":\"fr-BE\",\"potentialAction\":[{\"@type\":\"ReadAction\",\"target\":[\"https:\/\/vieassociative.be\/actualites\/drones-apercus-sur-le-camp-militaire-delsenborn\/\"]}]},{\"@type\":\"ImageObject\",\"inLanguage\":\"fr-BE\",\"@id\":\"https:\/\/vieassociative.be\/actualites\/drones-apercus-sur-le-camp-militaire-delsenborn\/#primaryimage\",\"url\":\"https:\/\/vieassociative.be\/actualites\/wp-content\/uploads\/2025\/10\/1759479463_Drones-apercus-sur-le-camp-militaire-dElsenborn.jpg\",\"contentUrl\":\"https:\/\/vieassociative.be\/actualites\/wp-content\/uploads\/2025\/10\/1759479463_Drones-apercus-sur-le-camp-militaire-dElsenborn.jpg\",\"width\":1200,\"height\":800,\"caption\":\"Drones aper\u00e7us sur le camp militaire d'Elsenborn\"},{\"@type\":\"BreadcrumbList\",\"@id\":\"https:\/\/vieassociative.be\/actualites\/drones-apercus-sur-le-camp-militaire-delsenborn\/#breadcrumb\",\"itemListElement\":[{\"@type\":\"ListItem\",\"position\":1,\"name\":\"Accueil\",\"item\":\"https:\/\/vieassociative.be\/actualites\/\"},{\"@type\":\"ListItem\",\"position\":2,\"name\":\"Drones aper\u00e7us sur le camp militaire d&rsquo;Elsenborn\"}]},{\"@type\":\"WebSite\",\"@id\":\"https:\/\/vieassociative.be\/actualites\/#website\",\"url\":\"https:\/\/vieassociative.be\/actualites\/\",\"name\":\"Vie Associative\",\"description\":\"\",\"publisher\":{\"@id\":\"https:\/\/vieassociative.be\/actualites\/#organization\"},\"potentialAction\":[{\"@type\":\"SearchAction\",\"target\":{\"@type\":\"EntryPoint\",\"urlTemplate\":\"https:\/\/vieassociative.be\/actualites\/?s={search_term_string}\"},\"query-input\":{\"@type\":\"PropertyValueSpecification\",\"valueRequired\":true,\"valueName\":\"search_term_string\"}}],\"inLanguage\":\"fr-BE\"},{\"@type\":\"Organization\",\"@id\":\"https:\/\/vieassociative.be\/actualites\/#organization\",\"name\":\"Vie Associative\",\"url\":\"https:\/\/vieassociative.be\/actualites\/\",\"logo\":{\"@type\":\"ImageObject\",\"inLanguage\":\"fr-BE\",\"@id\":\"https:\/\/vieassociative.be\/actualites\/#\/schema\/logo\/image\/\",\"url\":\"https:\/\/vieassociative.be\/actualites\/wp-content\/uploads\/2024\/09\/cropped-vieassociative_favicon.ico.png\",\"contentUrl\":\"https:\/\/vieassociative.be\/actualites\/wp-content\/uploads\/2024\/09\/cropped-vieassociative_favicon.ico.png\",\"width\":512,\"height\":512,\"caption\":\"Vie Associative\"},\"image\":{\"@id\":\"https:\/\/vieassociative.be\/actualites\/#\/schema\/logo\/image\/\"}},{\"@type\":\"Person\",\"@id\":\"https:\/\/vieassociative.be\/actualites\/#\/schema\/person\/b87ac4f82f9d4e7b7cec7395b679edc4\",\"name\":\"Julien\",\"image\":{\"@type\":\"ImageObject\",\"inLanguage\":\"fr-BE\",\"@id\":\"https:\/\/vieassociative.be\/actualites\/#\/schema\/person\/image\/\",\"url\":\"https:\/\/vieassociative.be\/actualites\/wp-content\/uploads\/2024\/09\/vie-associative-1-150x150.jpg\",\"contentUrl\":\"https:\/\/vieassociative.be\/actualites\/wp-content\/uploads\/2024\/09\/vie-associative-1-150x150.jpg\",\"caption\":\"Julien\"},\"description\":\"Je suis Julien, r\u00e9dacteur pour Vie Associative. Passionn\u00e9 par le monde associatif depuis plus de 10 ans, j'ai \u00e0 c\u0153ur de partager des histoires inspirantes et de mettre en lumi\u00e8re les initiatives locales. Mon objectif est de sensibiliser et d'encourager l'engagement communautaire \u00e0 travers mes articles.\",\"sameAs\":[\"https:\/\/vieassociative.be\/\"]}]}<\/script>\n<!-- \/ Yoast SEO plugin. -->","yoast_head_json":{"title":"Drones aper\u00e7us sur le camp militaire d'Elsenborn | Vie Associative","robots":{"index":"index","follow":"follow","max-snippet":"max-snippet:-1","max-image-preview":"max-image-preview:large","max-video-preview":"max-video-preview:-1"},"canonical":"https:\/\/vieassociative.be\/actualites\/drones-apercus-sur-le-camp-militaire-delsenborn\/","og_locale":"fr_FR","og_type":"article","og_title":"Drones aper\u00e7us sur le camp militaire d'Elsenborn | Vie Associative","og_description":"Une quinzaine de drones ont \u00e9t\u00e9 rep\u00e9r\u00e9s jeudi soir sur le camp militaire d&rsquo;Elsenborn. Cela rapporte VRT et Het Laatste Nieuws. Le minist\u00e8re de la","og_url":"https:\/\/vieassociative.be\/actualites\/drones-apercus-sur-le-camp-militaire-delsenborn\/","og_site_name":"Vie Associative","article_published_time":"2025-10-03T08:17:42+00:00","og_image":[{"width":279,"height":92,"url":"https:\/\/vieassociative.be\/actualites\/wp-content\/uploads\/2024\/09\/header_backgroundk-01-e1726694325946.png","type":"image\/png"}],"author":"Julien","twitter_card":"summary_large_image","twitter_misc":{"\u00c9crit par":"Julien","Dur\u00e9e de lecture est.":"3 minutes"},"schema":{"@context":"https:\/\/schema.org","@graph":[{"@type":"Article","@id":"https:\/\/vieassociative.be\/actualites\/drones-apercus-sur-le-camp-militaire-delsenborn\/#article","isPartOf":{"@id":"https:\/\/vieassociative.be\/actualites\/drones-apercus-sur-le-camp-militaire-delsenborn\/"},"author":{"name":"Julien","@id":"https:\/\/vieassociative.be\/actualites\/#\/schema\/person\/b87ac4f82f9d4e7b7cec7395b679edc4"},"headline":"Drones aper\u00e7us sur le camp militaire d&rsquo;Elsenborn","datePublished":"2025-10-03T08:17:42+00:00","dateModified":"2025-10-03T08:17:42+00:00","mainEntityOfPage":{"@id":"https:\/\/vieassociative.be\/actualites\/drones-apercus-sur-le-camp-militaire-delsenborn\/"},"wordCount":539,"publisher":{"@id":"https:\/\/vieassociative.be\/actualites\/#organization"},"image":{"@id":"https:\/\/vieassociative.be\/actualites\/drones-apercus-sur-le-camp-militaire-delsenborn\/#primaryimage"},"thumbnailUrl":"https:\/\/vieassociative.be\/actualites\/wp-content\/uploads\/2025\/10\/1759479463_Drones-apercus-sur-le-camp-militaire-dElsenborn.jpg","keywords":["aper\u00e7us","camp","dElsenborn","drones","militaire","sur"],"articleSection":["Belgique"],"inLanguage":"fr-BE"},{"@type":"WebPage","@id":"https:\/\/vieassociative.be\/actualites\/drones-apercus-sur-le-camp-militaire-delsenborn\/","url":"https:\/\/vieassociative.be\/actualites\/drones-apercus-sur-le-camp-militaire-delsenborn\/","name":"Drones aper\u00e7us sur le camp militaire d'Elsenborn | Vie Associative","isPartOf":{"@id":"https:\/\/vieassociative.be\/actualites\/#website"},"primaryImageOfPage":{"@id":"https:\/\/vieassociative.be\/actualites\/drones-apercus-sur-le-camp-militaire-delsenborn\/#primaryimage"},"image":{"@id":"https:\/\/vieassociative.be\/actualites\/drones-apercus-sur-le-camp-militaire-delsenborn\/#primaryimage"},"thumbnailUrl":"https:\/\/vieassociative.be\/actualites\/wp-content\/uploads\/2025\/10\/1759479463_Drones-apercus-sur-le-camp-militaire-dElsenborn.jpg","datePublished":"2025-10-03T08:17:42+00:00","dateModified":"2025-10-03T08:17:42+00:00","breadcrumb":{"@id":"https:\/\/vieassociative.be\/actualites\/drones-apercus-sur-le-camp-militaire-delsenborn\/#breadcrumb"},"inLanguage":"fr-BE","potentialAction":[{"@type":"ReadAction","target":["https:\/\/vieassociative.be\/actualites\/drones-apercus-sur-le-camp-militaire-delsenborn\/"]}]},{"@type":"ImageObject","inLanguage":"fr-BE","@id":"https:\/\/vieassociative.be\/actualites\/drones-apercus-sur-le-camp-militaire-delsenborn\/#primaryimage","url":"https:\/\/vieassociative.be\/actualites\/wp-content\/uploads\/2025\/10\/1759479463_Drones-apercus-sur-le-camp-militaire-dElsenborn.jpg","contentUrl":"https:\/\/vieassociative.be\/actualites\/wp-content\/uploads\/2025\/10\/1759479463_Drones-apercus-sur-le-camp-militaire-dElsenborn.jpg","width":1200,"height":800,"caption":"Drones aper\u00e7us sur le camp militaire d'Elsenborn"},{"@type":"BreadcrumbList","@id":"https:\/\/vieassociative.be\/actualites\/drones-apercus-sur-le-camp-militaire-delsenborn\/#breadcrumb","itemListElement":[{"@type":"ListItem","position":1,"name":"Accueil","item":"https:\/\/vieassociative.be\/actualites\/"},{"@type":"ListItem","position":2,"name":"Drones aper\u00e7us sur le camp militaire d&rsquo;Elsenborn"}]},{"@type":"WebSite","@id":"https:\/\/vieassociative.be\/actualites\/#website","url":"https:\/\/vieassociative.be\/actualites\/","name":"Vie Associative","description":"","publisher":{"@id":"https:\/\/vieassociative.be\/actualites\/#organization"},"potentialAction":[{"@type":"SearchAction","target":{"@type":"EntryPoint","urlTemplate":"https:\/\/vieassociative.be\/actualites\/?s={search_term_string}"},"query-input":{"@type":"PropertyValueSpecification","valueRequired":true,"valueName":"search_term_string"}}],"inLanguage":"fr-BE"},{"@type":"Organization","@id":"https:\/\/vieassociative.be\/actualites\/#organization","name":"Vie Associative","url":"https:\/\/vieassociative.be\/actualites\/","logo":{"@type":"ImageObject","inLanguage":"fr-BE","@id":"https:\/\/vieassociative.be\/actualites\/#\/schema\/logo\/image\/","url":"https:\/\/vieassociative.be\/actualites\/wp-content\/uploads\/2024\/09\/cropped-vieassociative_favicon.ico.png","contentUrl":"https:\/\/vieassociative.be\/actualites\/wp-content\/uploads\/2024\/09\/cropped-vieassociative_favicon.ico.png","width":512,"height":512,"caption":"Vie Associative"},"image":{"@id":"https:\/\/vieassociative.be\/actualites\/#\/schema\/logo\/image\/"}},{"@type":"Person","@id":"https:\/\/vieassociative.be\/actualites\/#\/schema\/person\/b87ac4f82f9d4e7b7cec7395b679edc4","name":"Julien","image":{"@type":"ImageObject","inLanguage":"fr-BE","@id":"https:\/\/vieassociative.be\/actualites\/#\/schema\/person\/image\/","url":"https:\/\/vieassociative.be\/actualites\/wp-content\/uploads\/2024\/09\/vie-associative-1-150x150.jpg","contentUrl":"https:\/\/vieassociative.be\/actualites\/wp-content\/uploads\/2024\/09\/vie-associative-1-150x150.jpg","caption":"Julien"},"description":"Je suis Julien, r\u00e9dacteur pour Vie Associative. Passionn\u00e9 par le monde associatif depuis plus de 10 ans, j'ai \u00e0 c\u0153ur de partager des histoires inspirantes et de mettre en lumi\u00e8re les initiatives locales. Mon objectif est de sensibiliser et d'encourager l'engagement communautaire \u00e0 travers mes articles.","sameAs":["https:\/\/vieassociative.be\/"]}]}},"_links":{"self":[{"href":"https:\/\/vieassociative.be\/actualites\/wp-json\/wp\/v2\/posts\/10420"}],"collection":[{"href":"https:\/\/vieassociative.be\/actualites\/wp-json\/wp\/v2\/posts"}],"about":[{"href":"https:\/\/vieassociative.be\/actualites\/wp-json\/wp\/v2\/types\/post"}],"author":[{"embeddable":true,"href":"https:\/\/vieassociative.be\/actualites\/wp-json\/wp\/v2\/users\/1"}],"replies":[{"embeddable":true,"href":"https:\/\/vieassociative.be\/actualites\/wp-json\/wp\/v2\/comments?post=10420"}],"version-history":[{"count":0,"href":"https:\/\/vieassociative.be\/actualites\/wp-json\/wp\/v2\/posts\/10420\/revisions"}],"wp:featuredmedia":[{"embeddable":true,"href":"https:\/\/vieassociative.be\/actualites\/wp-json\/wp\/v2\/media\/10421"}],"wp:attachment":[{"href":"https:\/\/vieassociative.be\/actualites\/wp-json\/wp\/v2\/media?parent=10420"}],"wp:term":[{"taxonomy":"category","embeddable":true,"href":"https:\/\/vieassociative.be\/actualites\/wp-json\/wp\/v2\/categories?post=10420"},{"taxonomy":"post_tag","embeddable":true,"href":"https:\/\/vieassociative.be\/actualites\/wp-json\/wp\/v2\/tags?post=10420"}],"curies":[{"name":"wp","href":"https:\/\/api.w.org\/{rel}","templated":true}]}}