{"id":1041,"date":"2024-10-09T21:17:00","date_gmt":"2024-10-09T19:17:00","guid":{"rendered":"https:\/\/vieassociative.be\/actualites\/les-meilleures-offres-de-disques-durs-pendant-le-prime-day-doctobre\/"},"modified":"2024-10-09T21:17:00","modified_gmt":"2024-10-09T19:17:00","slug":"les-meilleures-offres-de-disques-durs-pendant-le-prime-day-doctobre","status":"publish","type":"post","link":"https:\/\/vieassociative.be\/actualites\/les-meilleures-offres-de-disques-durs-pendant-le-prime-day-doctobre\/","title":{"rendered":"Les meilleures offres de disques durs pendant le Prime Day d&rsquo;octobre"},"content":{"rendered":"<div class=\"mt-4 leading-6 md:mb-8\">Ajoutez un autre lecteur \u00e0 votre strat\u00e9gie de sauvegarde de donn\u00e9es.<\/div>\n<p><\/p>\n<p>Si les donn\u00e9es sont importantes pour vous, qu&rsquo;il s&rsquo;agisse de photos, de vid\u00e9os ou de documents, vous devez conserver plusieurs copies de ces donn\u00e9es \u00e0 port\u00e9e de main. Id\u00e9alement, l&rsquo;une de ces copies devrait se trouver sur un disque dur qui ne se trouve pas sur votre ordinateur principal. Les disques durs externes et internes constituent un excellent moyen de sauvegarder des donn\u00e9es pr\u00e9cieuses, et si vous recherchez une nouvelle solution de sauvegarde, vous devriez jeter un \u0153il \u00e0 certaines de ces excellentes offres Prime Day d&rsquo;octobre sur les disques durs.<\/p>\n<h2 id=\"5tb-sandisk-professional-g-drive-armoratd\">SanDisk Professional G-Drive ArmorATD de 5 To<\/h2>\n<p>SanDisk est un nom bien connu dans le domaine des cartes SD et des lecteurs flash, mais ils fabriquent \u00e9galement des disques durs externes d\u00e9cents. Ce Sandisk Professional G-Drive ArmorATD robuste de 5 To est \u00e0 25 % de r\u00e9duction sur son prix habituel de 189,99 $, ce qui signifie qu&rsquo;il peut \u00eatre le v\u00f4tre pour 139,64 $.<\/p>\n<h2 id=\"4tb-lacie-rugged-mini-external-hard-drive\">Disque dur externe LaCie Rugged Mini de 4 To<\/h2>\n<p>Si vous recherchez un disque dur externe robuste et compact d&rsquo;une marque \u00e9tablie, pensez au LaCie Rugged Mini 4 To. LaCie appartient \u00e0 Seagate et les deux marques sont bien connues pour leurs disques de stockage. Pour Prime Day, ce disque LaCie est propos\u00e9 au prix de 119,99 $, soit 25 % de moins que son prix habituel de 159,99 $.<\/p>\n<h2 id=\"16tb-wd-elements-external-hard-drive\">Disque dur externe WD Elements de 16 To<\/h2>\n<p>Pour ceux qui ont besoin de beaucoup de stockage, le disque externe WD Elements 16 To est une bonne option. N&rsquo;oubliez pas que ce disque n\u00e9cessite une prise de courant d\u00e9di\u00e9e, vous devrez donc le brancher chaque fois que vous souhaitez l&rsquo;utiliser. Il peut \u00eatre le v\u00f4tre pour 239,49 $ pendant le Prime Day, en baisse de 23 % par rapport aux 309,99 $ habituels. <\/p>\n<h2 id=\"2tb-wd-elements-portable\">Disque dur WD Elements portable de 2 To<\/h2>\n<p>Le WD Elements Portable de 2 To est un excellent choix pour ceux qui souhaitent un stockage suppl\u00e9mentaire dans un format compact. Pour Prime Day, ce disque dur est disponible au prix de 64,99 $, soit environ 17 % de moins que son prix habituel de 78,44 $.<\/p>\n<h2 id=\"8tb-wd-red-plus-nas-drive\">Disque NAS WD Red Plus de 8 To<\/h2>\n<p>Si vous disposez d&rsquo;un p\u00e9riph\u00e9rique de stockage en r\u00e9seau (NAS) et que vous souhaitez ajouter plus de stockage, vous devez vous procurer un disque dur con\u00e7u \u00e0 cet effet. La s\u00e9rie WD Red est un choix solide pour un NAS, mais elle peut \u00e9galement \u00eatre utilis\u00e9e avec un PC que vous utilisez comme serveur domestique pour le streaming multim\u00e9dia. Le WD Red Plus de 8 To est en vente pour Prime Day, \u00e0 prix r\u00e9duit \u00e0 149,14 $. (C&rsquo;est 22 % de r\u00e9duction sur le prix habituel de 189,99 $.)<\/p>\n<h2 id=\"2tb-seagate-game-drive-for-ps5\">Disque de jeu Seagate de 2 To pour PS5<\/h2>\n<p>Si vous avez besoin d&rsquo;un disque dur sous licence pour votre PlayStation 5, pensez au Seagate Game Drive de 2 To pour PS5. Il vous permet de stocker des jeux sur le disque et de les transf\u00e9rer sur la console lorsque vous avez besoin de jouer. Le lecteur est r\u00e9duit \u00e0 74,99 $, soit 17 % de r\u00e9duction sur le prix catalogue de 89,99 $.<\/p>\n<h2 id=\"8tb-seagate-barracuda-internal-hard-drive\">Disque dur interne Seagate BarraCuda de 8 To<\/h2>\n<p>Seagate dispose \u00e9galement de bons disques durs internes que vous pouvez utiliser sur votre PC. Le Seagate BarraCuda de 8 To est en vente pour le Prime Day. Son prix est de 109,99 $, soit 19 % de r\u00e9duction sur le prix habituel de 134,99 $.<\/p>\n<h2 id=\"8tb-seagate-skyhawk-ai-hard-drive-for-video-surveillance\">Disque dur Seagate SkyHawk AI de 8 To pour la vid\u00e9osurveillance<\/h2>\n<p>Si vous disposez d&rsquo;une cam\u00e9ra de s\u00e9curit\u00e9 domestique, vous pouvez utiliser un disque dur pour stocker vos images, plut\u00f4t que de vous fier \u00e0 des solutions bas\u00e9es sur le cloud. Vous aurez besoin d&rsquo;un disque con\u00e7u pour une utilisation continue en lecture-\u00e9criture, comme le disque Seagate SkyHawk AI de 8 To. Pour Prime Day, il a \u00e9t\u00e9 r\u00e9duit \u00e0 179,99 $, soit 18 % de moins que son prix habituel de 219,99 $.<\/p>\n<div class=\"w-full mt-12 text-center sm:text-left\" x-data=\"{ showAll: false }\">\n<div class=\"flex flex-col items-center justify-between sm:px-6 sm:flex-row\">\n<span class=\"text-sm italic\">Les offres sont s\u00e9lectionn\u00e9es par notre \u00e9quipe commerciale<\/span>\n<\/div>\n<\/div>\n","protected":false},"excerpt":{"rendered":"<p>Ajoutez un autre lecteur \u00e0 votre strat\u00e9gie de sauvegarde de donn\u00e9es. Si les donn\u00e9es sont importantes pour vous, qu&rsquo;il s&rsquo;agisse de photos, de vid\u00e9os ou<\/p>\n","protected":false},"author":1,"featured_media":1042,"comment_status":"","ping_status":"","sticky":false,"template":"","format":"standard","meta":{"footnotes":""},"categories":[13],"tags":[347,1589,1250,1590,14,79,345,198,346],"class_list":["post-1041","post","type-post","status-publish","format-standard","has-post-thumbnail","hentry","category-technologie","tag-day","tag-disques","tag-doctobre","tag-durs","tag-les","tag-meilleures","tag-offres","tag-pendant","tag-prime","generate-columns","tablet-grid-50","mobile-grid-100","grid-parent","grid-33"],"yoast_head":"<!-- This site is optimized with the Yoast SEO plugin v24.0 - https:\/\/yoast.com\/wordpress\/plugins\/seo\/ -->\n<title>Les meilleures offres de disques durs pendant le Prime Day d&#039;octobre | Vie Associative<\/title>\n<meta name=\"robots\" content=\"index, follow, max-snippet:-1, max-image-preview:large, max-video-preview:-1\" \/>\n<link rel=\"canonical\" href=\"https:\/\/vieassociative.be\/actualites\/les-meilleures-offres-de-disques-durs-pendant-le-prime-day-doctobre\/\" \/>\n<meta property=\"og:locale\" content=\"fr_FR\" \/>\n<meta property=\"og:type\" content=\"article\" \/>\n<meta property=\"og:title\" content=\"Les meilleures offres de disques durs pendant le Prime Day d&#039;octobre | Vie Associative\" \/>\n<meta property=\"og:description\" content=\"Ajoutez un autre lecteur \u00e0 votre strat\u00e9gie de sauvegarde de donn\u00e9es. Si les donn\u00e9es sont importantes pour vous, qu&rsquo;il s&rsquo;agisse de photos, de vid\u00e9os ou\" \/>\n<meta property=\"og:url\" content=\"https:\/\/vieassociative.be\/actualites\/les-meilleures-offres-de-disques-durs-pendant-le-prime-day-doctobre\/\" \/>\n<meta property=\"og:site_name\" content=\"Vie Associative\" \/>\n<meta property=\"article:published_time\" content=\"2024-10-09T19:17:00+00:00\" \/>\n<meta property=\"og:image\" content=\"https:\/\/vieassociative.be\/actualites\/wp-content\/uploads\/2024\/09\/header_backgroundk-01-e1726694325946.png\" \/>\n\t<meta property=\"og:image:width\" content=\"279\" \/>\n\t<meta property=\"og:image:height\" content=\"92\" \/>\n\t<meta property=\"og:image:type\" content=\"image\/png\" \/>\n<meta name=\"author\" content=\"Julien\" \/>\n<meta name=\"twitter:card\" content=\"summary_large_image\" \/>\n<meta name=\"twitter:label1\" content=\"\u00c9crit par\" \/>\n\t<meta name=\"twitter:data1\" content=\"Julien\" \/>\n\t<meta name=\"twitter:label2\" content=\"Dur\u00e9e de lecture est.\" \/>\n\t<meta name=\"twitter:data2\" content=\"3 minutes\" \/>\n<script type=\"application\/ld+json\" class=\"yoast-schema-graph\">{\"@context\":\"https:\/\/schema.org\",\"@graph\":[{\"@type\":\"Article\",\"@id\":\"https:\/\/vieassociative.be\/actualites\/les-meilleures-offres-de-disques-durs-pendant-le-prime-day-doctobre\/#article\",\"isPartOf\":{\"@id\":\"https:\/\/vieassociative.be\/actualites\/les-meilleures-offres-de-disques-durs-pendant-le-prime-day-doctobre\/\"},\"author\":{\"name\":\"Julien\",\"@id\":\"https:\/\/vieassociative.be\/actualites\/#\/schema\/person\/b87ac4f82f9d4e7b7cec7395b679edc4\"},\"headline\":\"Les meilleures offres de disques durs pendant le Prime Day d&rsquo;octobre\",\"datePublished\":\"2024-10-09T19:17:00+00:00\",\"dateModified\":\"2024-10-09T19:17:00+00:00\",\"mainEntityOfPage\":{\"@id\":\"https:\/\/vieassociative.be\/actualites\/les-meilleures-offres-de-disques-durs-pendant-le-prime-day-doctobre\/\"},\"wordCount\":673,\"publisher\":{\"@id\":\"https:\/\/vieassociative.be\/actualites\/#organization\"},\"image\":{\"@id\":\"https:\/\/vieassociative.be\/actualites\/les-meilleures-offres-de-disques-durs-pendant-le-prime-day-doctobre\/#primaryimage\"},\"thumbnailUrl\":\"https:\/\/vieassociative.be\/actualites\/wp-content\/uploads\/2024\/10\/Les-meilleures-offres-de-disques-durs-pendant-le-Prime-Day.png\",\"keywords\":[\"Day\",\"disques\",\"doctobre\",\"durs\",\"Les\",\"meilleures\",\"offres\",\"pendant\",\"Prime\"],\"articleSection\":[\"Technologie\"],\"inLanguage\":\"fr-BE\"},{\"@type\":\"WebPage\",\"@id\":\"https:\/\/vieassociative.be\/actualites\/les-meilleures-offres-de-disques-durs-pendant-le-prime-day-doctobre\/\",\"url\":\"https:\/\/vieassociative.be\/actualites\/les-meilleures-offres-de-disques-durs-pendant-le-prime-day-doctobre\/\",\"name\":\"Les meilleures offres de disques durs pendant le Prime Day d'octobre | Vie Associative\",\"isPartOf\":{\"@id\":\"https:\/\/vieassociative.be\/actualites\/#website\"},\"primaryImageOfPage\":{\"@id\":\"https:\/\/vieassociative.be\/actualites\/les-meilleures-offres-de-disques-durs-pendant-le-prime-day-doctobre\/#primaryimage\"},\"image\":{\"@id\":\"https:\/\/vieassociative.be\/actualites\/les-meilleures-offres-de-disques-durs-pendant-le-prime-day-doctobre\/#primaryimage\"},\"thumbnailUrl\":\"https:\/\/vieassociative.be\/actualites\/wp-content\/uploads\/2024\/10\/Les-meilleures-offres-de-disques-durs-pendant-le-Prime-Day.png\",\"datePublished\":\"2024-10-09T19:17:00+00:00\",\"dateModified\":\"2024-10-09T19:17:00+00:00\",\"breadcrumb\":{\"@id\":\"https:\/\/vieassociative.be\/actualites\/les-meilleures-offres-de-disques-durs-pendant-le-prime-day-doctobre\/#breadcrumb\"},\"inLanguage\":\"fr-BE\",\"potentialAction\":[{\"@type\":\"ReadAction\",\"target\":[\"https:\/\/vieassociative.be\/actualites\/les-meilleures-offres-de-disques-durs-pendant-le-prime-day-doctobre\/\"]}]},{\"@type\":\"ImageObject\",\"inLanguage\":\"fr-BE\",\"@id\":\"https:\/\/vieassociative.be\/actualites\/les-meilleures-offres-de-disques-durs-pendant-le-prime-day-doctobre\/#primaryimage\",\"url\":\"https:\/\/vieassociative.be\/actualites\/wp-content\/uploads\/2024\/10\/Les-meilleures-offres-de-disques-durs-pendant-le-Prime-Day.png\",\"contentUrl\":\"https:\/\/vieassociative.be\/actualites\/wp-content\/uploads\/2024\/10\/Les-meilleures-offres-de-disques-durs-pendant-le-Prime-Day.png\",\"width\":1200,\"height\":675,\"caption\":\"Les meilleures offres de disques durs pendant le Prime Day d'octobre\"},{\"@type\":\"BreadcrumbList\",\"@id\":\"https:\/\/vieassociative.be\/actualites\/les-meilleures-offres-de-disques-durs-pendant-le-prime-day-doctobre\/#breadcrumb\",\"itemListElement\":[{\"@type\":\"ListItem\",\"position\":1,\"name\":\"Accueil\",\"item\":\"https:\/\/vieassociative.be\/actualites\/\"},{\"@type\":\"ListItem\",\"position\":2,\"name\":\"Les meilleures offres de disques durs pendant le Prime Day d&rsquo;octobre\"}]},{\"@type\":\"WebSite\",\"@id\":\"https:\/\/vieassociative.be\/actualites\/#website\",\"url\":\"https:\/\/vieassociative.be\/actualites\/\",\"name\":\"Vie Associative\",\"description\":\"\",\"publisher\":{\"@id\":\"https:\/\/vieassociative.be\/actualites\/#organization\"},\"potentialAction\":[{\"@type\":\"SearchAction\",\"target\":{\"@type\":\"EntryPoint\",\"urlTemplate\":\"https:\/\/vieassociative.be\/actualites\/?s={search_term_string}\"},\"query-input\":{\"@type\":\"PropertyValueSpecification\",\"valueRequired\":true,\"valueName\":\"search_term_string\"}}],\"inLanguage\":\"fr-BE\"},{\"@type\":\"Organization\",\"@id\":\"https:\/\/vieassociative.be\/actualites\/#organization\",\"name\":\"Vie Associative\",\"url\":\"https:\/\/vieassociative.be\/actualites\/\",\"logo\":{\"@type\":\"ImageObject\",\"inLanguage\":\"fr-BE\",\"@id\":\"https:\/\/vieassociative.be\/actualites\/#\/schema\/logo\/image\/\",\"url\":\"https:\/\/vieassociative.be\/actualites\/wp-content\/uploads\/2024\/09\/cropped-vieassociative_favicon.ico.png\",\"contentUrl\":\"https:\/\/vieassociative.be\/actualites\/wp-content\/uploads\/2024\/09\/cropped-vieassociative_favicon.ico.png\",\"width\":512,\"height\":512,\"caption\":\"Vie Associative\"},\"image\":{\"@id\":\"https:\/\/vieassociative.be\/actualites\/#\/schema\/logo\/image\/\"}},{\"@type\":\"Person\",\"@id\":\"https:\/\/vieassociative.be\/actualites\/#\/schema\/person\/b87ac4f82f9d4e7b7cec7395b679edc4\",\"name\":\"Julien\",\"image\":{\"@type\":\"ImageObject\",\"inLanguage\":\"fr-BE\",\"@id\":\"https:\/\/vieassociative.be\/actualites\/#\/schema\/person\/image\/\",\"url\":\"https:\/\/vieassociative.be\/actualites\/wp-content\/uploads\/2024\/09\/vie-associative-1-150x150.jpg\",\"contentUrl\":\"https:\/\/vieassociative.be\/actualites\/wp-content\/uploads\/2024\/09\/vie-associative-1-150x150.jpg\",\"caption\":\"Julien\"},\"description\":\"Je suis Julien, r\u00e9dacteur pour Vie Associative. Passionn\u00e9 par le monde associatif depuis plus de 10 ans, j'ai \u00e0 c\u0153ur de partager des histoires inspirantes et de mettre en lumi\u00e8re les initiatives locales. Mon objectif est de sensibiliser et d'encourager l'engagement communautaire \u00e0 travers mes articles.\",\"sameAs\":[\"https:\/\/vieassociative.be\/\"]}]}<\/script>\n<!-- \/ Yoast SEO plugin. -->","yoast_head_json":{"title":"Les meilleures offres de disques durs pendant le Prime Day d'octobre | Vie Associative","robots":{"index":"index","follow":"follow","max-snippet":"max-snippet:-1","max-image-preview":"max-image-preview:large","max-video-preview":"max-video-preview:-1"},"canonical":"https:\/\/vieassociative.be\/actualites\/les-meilleures-offres-de-disques-durs-pendant-le-prime-day-doctobre\/","og_locale":"fr_FR","og_type":"article","og_title":"Les meilleures offres de disques durs pendant le Prime Day d'octobre | Vie Associative","og_description":"Ajoutez un autre lecteur \u00e0 votre strat\u00e9gie de sauvegarde de donn\u00e9es. Si les donn\u00e9es sont importantes pour vous, qu&rsquo;il s&rsquo;agisse de photos, de vid\u00e9os ou","og_url":"https:\/\/vieassociative.be\/actualites\/les-meilleures-offres-de-disques-durs-pendant-le-prime-day-doctobre\/","og_site_name":"Vie Associative","article_published_time":"2024-10-09T19:17:00+00:00","og_image":[{"width":279,"height":92,"url":"https:\/\/vieassociative.be\/actualites\/wp-content\/uploads\/2024\/09\/header_backgroundk-01-e1726694325946.png","type":"image\/png"}],"author":"Julien","twitter_card":"summary_large_image","twitter_misc":{"\u00c9crit par":"Julien","Dur\u00e9e de lecture est.":"3 minutes"},"schema":{"@context":"https:\/\/schema.org","@graph":[{"@type":"Article","@id":"https:\/\/vieassociative.be\/actualites\/les-meilleures-offres-de-disques-durs-pendant-le-prime-day-doctobre\/#article","isPartOf":{"@id":"https:\/\/vieassociative.be\/actualites\/les-meilleures-offres-de-disques-durs-pendant-le-prime-day-doctobre\/"},"author":{"name":"Julien","@id":"https:\/\/vieassociative.be\/actualites\/#\/schema\/person\/b87ac4f82f9d4e7b7cec7395b679edc4"},"headline":"Les meilleures offres de disques durs pendant le Prime Day d&rsquo;octobre","datePublished":"2024-10-09T19:17:00+00:00","dateModified":"2024-10-09T19:17:00+00:00","mainEntityOfPage":{"@id":"https:\/\/vieassociative.be\/actualites\/les-meilleures-offres-de-disques-durs-pendant-le-prime-day-doctobre\/"},"wordCount":673,"publisher":{"@id":"https:\/\/vieassociative.be\/actualites\/#organization"},"image":{"@id":"https:\/\/vieassociative.be\/actualites\/les-meilleures-offres-de-disques-durs-pendant-le-prime-day-doctobre\/#primaryimage"},"thumbnailUrl":"https:\/\/vieassociative.be\/actualites\/wp-content\/uploads\/2024\/10\/Les-meilleures-offres-de-disques-durs-pendant-le-Prime-Day.png","keywords":["Day","disques","doctobre","durs","Les","meilleures","offres","pendant","Prime"],"articleSection":["Technologie"],"inLanguage":"fr-BE"},{"@type":"WebPage","@id":"https:\/\/vieassociative.be\/actualites\/les-meilleures-offres-de-disques-durs-pendant-le-prime-day-doctobre\/","url":"https:\/\/vieassociative.be\/actualites\/les-meilleures-offres-de-disques-durs-pendant-le-prime-day-doctobre\/","name":"Les meilleures offres de disques durs pendant le Prime Day d'octobre | Vie Associative","isPartOf":{"@id":"https:\/\/vieassociative.be\/actualites\/#website"},"primaryImageOfPage":{"@id":"https:\/\/vieassociative.be\/actualites\/les-meilleures-offres-de-disques-durs-pendant-le-prime-day-doctobre\/#primaryimage"},"image":{"@id":"https:\/\/vieassociative.be\/actualites\/les-meilleures-offres-de-disques-durs-pendant-le-prime-day-doctobre\/#primaryimage"},"thumbnailUrl":"https:\/\/vieassociative.be\/actualites\/wp-content\/uploads\/2024\/10\/Les-meilleures-offres-de-disques-durs-pendant-le-Prime-Day.png","datePublished":"2024-10-09T19:17:00+00:00","dateModified":"2024-10-09T19:17:00+00:00","breadcrumb":{"@id":"https:\/\/vieassociative.be\/actualites\/les-meilleures-offres-de-disques-durs-pendant-le-prime-day-doctobre\/#breadcrumb"},"inLanguage":"fr-BE","potentialAction":[{"@type":"ReadAction","target":["https:\/\/vieassociative.be\/actualites\/les-meilleures-offres-de-disques-durs-pendant-le-prime-day-doctobre\/"]}]},{"@type":"ImageObject","inLanguage":"fr-BE","@id":"https:\/\/vieassociative.be\/actualites\/les-meilleures-offres-de-disques-durs-pendant-le-prime-day-doctobre\/#primaryimage","url":"https:\/\/vieassociative.be\/actualites\/wp-content\/uploads\/2024\/10\/Les-meilleures-offres-de-disques-durs-pendant-le-Prime-Day.png","contentUrl":"https:\/\/vieassociative.be\/actualites\/wp-content\/uploads\/2024\/10\/Les-meilleures-offres-de-disques-durs-pendant-le-Prime-Day.png","width":1200,"height":675,"caption":"Les meilleures offres de disques durs pendant le Prime Day d'octobre"},{"@type":"BreadcrumbList","@id":"https:\/\/vieassociative.be\/actualites\/les-meilleures-offres-de-disques-durs-pendant-le-prime-day-doctobre\/#breadcrumb","itemListElement":[{"@type":"ListItem","position":1,"name":"Accueil","item":"https:\/\/vieassociative.be\/actualites\/"},{"@type":"ListItem","position":2,"name":"Les meilleures offres de disques durs pendant le Prime Day d&rsquo;octobre"}]},{"@type":"WebSite","@id":"https:\/\/vieassociative.be\/actualites\/#website","url":"https:\/\/vieassociative.be\/actualites\/","name":"Vie Associative","description":"","publisher":{"@id":"https:\/\/vieassociative.be\/actualites\/#organization"},"potentialAction":[{"@type":"SearchAction","target":{"@type":"EntryPoint","urlTemplate":"https:\/\/vieassociative.be\/actualites\/?s={search_term_string}"},"query-input":{"@type":"PropertyValueSpecification","valueRequired":true,"valueName":"search_term_string"}}],"inLanguage":"fr-BE"},{"@type":"Organization","@id":"https:\/\/vieassociative.be\/actualites\/#organization","name":"Vie Associative","url":"https:\/\/vieassociative.be\/actualites\/","logo":{"@type":"ImageObject","inLanguage":"fr-BE","@id":"https:\/\/vieassociative.be\/actualites\/#\/schema\/logo\/image\/","url":"https:\/\/vieassociative.be\/actualites\/wp-content\/uploads\/2024\/09\/cropped-vieassociative_favicon.ico.png","contentUrl":"https:\/\/vieassociative.be\/actualites\/wp-content\/uploads\/2024\/09\/cropped-vieassociative_favicon.ico.png","width":512,"height":512,"caption":"Vie Associative"},"image":{"@id":"https:\/\/vieassociative.be\/actualites\/#\/schema\/logo\/image\/"}},{"@type":"Person","@id":"https:\/\/vieassociative.be\/actualites\/#\/schema\/person\/b87ac4f82f9d4e7b7cec7395b679edc4","name":"Julien","image":{"@type":"ImageObject","inLanguage":"fr-BE","@id":"https:\/\/vieassociative.be\/actualites\/#\/schema\/person\/image\/","url":"https:\/\/vieassociative.be\/actualites\/wp-content\/uploads\/2024\/09\/vie-associative-1-150x150.jpg","contentUrl":"https:\/\/vieassociative.be\/actualites\/wp-content\/uploads\/2024\/09\/vie-associative-1-150x150.jpg","caption":"Julien"},"description":"Je suis Julien, r\u00e9dacteur pour Vie Associative. Passionn\u00e9 par le monde associatif depuis plus de 10 ans, j'ai \u00e0 c\u0153ur de partager des histoires inspirantes et de mettre en lumi\u00e8re les initiatives locales. Mon objectif est de sensibiliser et d'encourager l'engagement communautaire \u00e0 travers mes articles.","sameAs":["https:\/\/vieassociative.be\/"]}]}},"_links":{"self":[{"href":"https:\/\/vieassociative.be\/actualites\/wp-json\/wp\/v2\/posts\/1041"}],"collection":[{"href":"https:\/\/vieassociative.be\/actualites\/wp-json\/wp\/v2\/posts"}],"about":[{"href":"https:\/\/vieassociative.be\/actualites\/wp-json\/wp\/v2\/types\/post"}],"author":[{"embeddable":true,"href":"https:\/\/vieassociative.be\/actualites\/wp-json\/wp\/v2\/users\/1"}],"replies":[{"embeddable":true,"href":"https:\/\/vieassociative.be\/actualites\/wp-json\/wp\/v2\/comments?post=1041"}],"version-history":[{"count":0,"href":"https:\/\/vieassociative.be\/actualites\/wp-json\/wp\/v2\/posts\/1041\/revisions"}],"wp:featuredmedia":[{"embeddable":true,"href":"https:\/\/vieassociative.be\/actualites\/wp-json\/wp\/v2\/media\/1042"}],"wp:attachment":[{"href":"https:\/\/vieassociative.be\/actualites\/wp-json\/wp\/v2\/media?parent=1041"}],"wp:term":[{"taxonomy":"category","embeddable":true,"href":"https:\/\/vieassociative.be\/actualites\/wp-json\/wp\/v2\/categories?post=1041"},{"taxonomy":"post_tag","embeddable":true,"href":"https:\/\/vieassociative.be\/actualites\/wp-json\/wp\/v2\/tags?post=1041"}],"curies":[{"name":"wp","href":"https:\/\/api.w.org\/{rel}","templated":true}]}}