{"id":10401,"date":"2025-10-02T15:18:00","date_gmt":"2025-10-02T13:18:00","guid":{"rendered":"https:\/\/vieassociative.be\/actualites\/utilisez-la-pratique-distribuee-pour-mieux-conserver-ce-que-vous-etudiez\/"},"modified":"2025-10-02T15:18:00","modified_gmt":"2025-10-02T13:18:00","slug":"utilisez-la-pratique-distribuee-pour-mieux-conserver-ce-que-vous-etudiez","status":"publish","type":"post","link":"https:\/\/vieassociative.be\/actualites\/utilisez-la-pratique-distribuee-pour-mieux-conserver-ce-que-vous-etudiez\/","title":{"rendered":"Utilisez la \u00abpratique distribu\u00e9e\u00bb pour mieux conserver ce que vous \u00e9tudiez"},"content":{"rendered":"<div class=\"mt-4 leading-6 md:mb-8\">Il s&rsquo;agit du semestre que vous arr\u00eatez de s&rsquo;entasser et commencez \u00e0 utiliser des m\u00e9thodes qui fonctionnent r\u00e9ellement.<\/div>\n<p><\/p>\n<p><em>Saviez-vous que vous pouvez personnaliser Google pour filtrer les ordures? Prendre ces \u00e9tapes<\/em><em> Pour de meilleurs r\u00e9sultats de recherche, notamment l&rsquo;ajout de Vie Associative comme source pr\u00e9f\u00e9r\u00e9e pour les nouvelles technologiques<\/em><em>.<\/em><\/p>\n<hr>\n<p>L&rsquo;une des meilleures fa\u00e7ons de conserver les connaissances lors de l&rsquo;\u00e9tude pour un test est de maintenir un calendrier d&rsquo;\u00e9tude particuli\u00e8rement strict. La technique est appel\u00e9e \u00abpratique distribu\u00e9e\u00bb, et je ne pr\u00e9tendrai pas qu&rsquo;elle est facile \u00e0 installer, mais elle est beaucoup plus efficace que d&rsquo;essayer de s&rsquo;entasser. Voici ce qu&rsquo;il faut faire pour que vous vous souvenez r\u00e9ellement de ce que vous \u00eates cens\u00e9 apprendre. <\/p>\n<h2 id=\"what-is-distributed-practice\">Qu&rsquo;est-ce que la pratique distribu\u00e9e?<\/h2>\n<p>La pratique distribu\u00e9e, comme un certain nombre des techniques d&rsquo;\u00e9tude les plus courantes que vous pouvez essayer, a ses racines dans le travail d&rsquo;Hermann Ebbinghaus, un psychologue allemand qui a \u00e9tudi\u00e9 la m\u00e9moire. Il y a plus de 100 ans, il a \u00e9tudi\u00e9 des syllabes absurdes encore et encore pour trouver la meilleure fa\u00e7on de les faire coller dans sa m\u00e9moire. Il a constat\u00e9 que la fr\u00e9quence avec laquelle il les \u00e9tudiait, ainsi que l&rsquo;ordre dans lequel il les a \u00e9tudi\u00e9s, a eu un impact sur la fa\u00e7on dont il les a conserv\u00e9s. \u00c0 l&rsquo;heure actuelle, nous passons en revue la valeur de la fr\u00e9quence, mais si vous \u00eates int\u00e9ress\u00e9 par l&rsquo;ordre de r\u00f4le pour vous aider \u00e0 vous rappeler ce que vous \u00e9tudiez, lisez ceci.<\/p>\n<div class=\"mx-auto mb-12 mt-5 w-full max-w-3xl rounded-md border-2 border-gray-100 p-3 shadow-md md:px-7 md:pb-7 md:pt-5\" id=\"related-video\">\n<div class=\"mb-3 flex items-center md:mb-5\">\n        <img decoding=\"async\" class=\"mr-4 mt-0 h-10 w-10 md:mr-5 md:h-12 md:w-12\" src=\"https:\/\/vieassociative.be\/actualites\/wp-content\/uploads\/2025\/09\/1757726237_608_Meta-pourrait-devoiler-une-montre-intelligente-pour-controler-ses-lunettes.jpg\" alt=\"Logo Lifehacker\"><\/p><\/div>\n<div class=\"aspect-video w-full overflow-hidden rounded-md\">\n<div id=\"video-container-01K6JGMXD2X6NQG2GKVCDQEMWK\"><\/div>\n<\/p><\/div>\n<\/div>\n<p>En fin de compte, ses r\u00e9sultats ont conduit au d\u00e9veloppement de ce que nous connaissons maintenant sous le nom de pratique distribu\u00e9e, qui est juste un nom sophistiqu\u00e9 pour l&rsquo;espacement des s\u00e9ances d&rsquo;\u00e9tude d&rsquo;une mani\u00e8re sp\u00e9cifique et \u00e9tudier la m\u00eame chose \u00e0 chaque fois. Essentiellement, c&rsquo;est l&rsquo;oppos\u00e9 de la \u00abpratique massive\u00bb, qui est plus commun\u00e9ment appel\u00e9e entassant. Au lieu d&rsquo;\u00e9tudier tout dans un bloc avant votre test, vous l&rsquo;\u00e9tudiez en rafales plus petites menant au test.<\/p>\n<h2 id=\"how-do-you-distribute-the-practice\">Comment distribuez-vous la pratique?<\/h2>\n<p>L&rsquo;astuce ici est de d\u00e9cider de la fr\u00e9quence \u00e0 l&rsquo;espace de vos s\u00e9ances d&rsquo;\u00e9tude. Id\u00e9alement, r\u00e9servez du temps d&rsquo;\u00e9tude tous les jours, comme une heure, et laissez une journ\u00e9e pour se reposer. (Les pauses sont cruciales pour la productivit\u00e9 dans l&rsquo;ensemble.) Ce que vous \u00e9tudiez \u00e0 l&rsquo;\u00e9poque d\u00e9pendra en grande partie des tests que vous avez survenus et quand ils le sont.<\/p>\n<p>Regardez dans vos programmes et marquez toutes les dates de test dans votre planificateur. Selon une \u00e9tude, votre meilleur pari pour une r\u00e9tention maximale est d&rsquo;\u00e9tudier le m\u00eame sujet tous les 10% \u00e0 30% du temps que vous devrez le conserver. Cela signifie que si vous avez un test en 10 jours, vous \u00e9tudierez de tous les un \u00e0 trois jours jusqu&rsquo;\u00e0 pr\u00e9sent.<\/p>\n<p>C&rsquo;est l\u00e0 que la pratique de la r\u00e9cup\u00e9ration entre en jeu. Au cours de vos premi\u00e8res s\u00e9ances d&rsquo;\u00e9tude, vous \u00e9tudiez simplement normalement, en utilisant une technique comme SQ3R ou KWL pour s&rsquo;engager dans une lecture active. Apr\u00e8s cela, cependant, vous devriez utiliser des strat\u00e9gies de rappel actives pour r\u00e9cup\u00e9rer les informations que vous connaissez d\u00e9j\u00e0 lors des s\u00e9ances d&rsquo;\u00e9tude. La meilleure fa\u00e7on de le faire est d&rsquo;utiliser des flashcards, en particulier en suivant le syst\u00e8me Leitner pour consulter le contenu que vous connaissez d\u00e9j\u00e0 sur des intervalles espac\u00e9s qui d\u00e9pendent de la fa\u00e7on dont vous l&rsquo;avez ma\u00eetris\u00e9.<\/p>\n<p>La partie la plus importante de la pratique distribu\u00e9e, cependant, est de passer \u00e0 plusieurs reprises sur le contenu d&rsquo;un horaire fixe. M\u00eame si cela signifie simplement relier et le revoir tous les quatre jours, ce sera plus b\u00e9n\u00e9fique que le bourrage. Il pourrait \u00eatre utile de t\u00e9l\u00e9charger une application, comme ma vie d&rsquo;\u00e9tude, de cr\u00e9er un calendrier pour vous-m\u00eame, il est donc plus facile de s&rsquo;en tenir. Cette partie se r\u00e9sume \u00e0 la volont\u00e9, mais vous pouvez le faire. <\/p>\n","protected":false},"excerpt":{"rendered":"<p>Il s&rsquo;agit du semestre que vous arr\u00eatez de s&rsquo;entasser et commencez \u00e0 utiliser des m\u00e9thodes qui fonctionnent r\u00e9ellement. Saviez-vous que vous pouvez personnaliser Google pour<\/p>\n","protected":false},"author":1,"featured_media":10402,"comment_status":"","ping_status":"","sticky":false,"template":"","format":"standard","meta":{"footnotes":""},"categories":[37],"tags":[7240,8758,1585,1503,81,124,105,4],"class_list":["post-10401","post","type-post","status-publish","format-standard","has-post-thumbnail","hentry","category-famille","tag-conserver","tag-distribuee","tag-etudiez","tag-mieux","tag-pour","tag-pratique","tag-utilisez","tag-vous","generate-columns","tablet-grid-50","mobile-grid-100","grid-parent","grid-33"],"yoast_head":"<!-- This site is optimized with the Yoast SEO plugin v24.0 - https:\/\/yoast.com\/wordpress\/plugins\/seo\/ -->\n<title>Utilisez la \u00abpratique distribu\u00e9e\u00bb pour mieux conserver ce que vous \u00e9tudiez | Vie Associative<\/title>\n<meta name=\"robots\" content=\"index, follow, max-snippet:-1, max-image-preview:large, max-video-preview:-1\" \/>\n<link rel=\"canonical\" href=\"https:\/\/vieassociative.be\/actualites\/utilisez-la-pratique-distribuee-pour-mieux-conserver-ce-que-vous-etudiez\/\" \/>\n<meta property=\"og:locale\" content=\"fr_FR\" \/>\n<meta property=\"og:type\" content=\"article\" \/>\n<meta property=\"og:title\" content=\"Utilisez la \u00abpratique distribu\u00e9e\u00bb pour mieux conserver ce que vous \u00e9tudiez | Vie Associative\" \/>\n<meta property=\"og:description\" content=\"Il s&rsquo;agit du semestre que vous arr\u00eatez de s&rsquo;entasser et commencez \u00e0 utiliser des m\u00e9thodes qui fonctionnent r\u00e9ellement. Saviez-vous que vous pouvez personnaliser Google pour\" \/>\n<meta property=\"og:url\" content=\"https:\/\/vieassociative.be\/actualites\/utilisez-la-pratique-distribuee-pour-mieux-conserver-ce-que-vous-etudiez\/\" \/>\n<meta property=\"og:site_name\" content=\"Vie Associative\" \/>\n<meta property=\"article:published_time\" content=\"2025-10-02T13:18:00+00:00\" \/>\n<meta property=\"og:image\" content=\"https:\/\/vieassociative.be\/actualites\/wp-content\/uploads\/2025\/09\/1757726237_608_Meta-pourrait-devoiler-une-montre-intelligente-pour-controler-ses-lunettes.jpg\" \/>\n<meta name=\"author\" content=\"Julien\" \/>\n<meta name=\"twitter:card\" content=\"summary_large_image\" \/>\n<meta name=\"twitter:label1\" content=\"\u00c9crit par\" \/>\n\t<meta name=\"twitter:data1\" content=\"Julien\" \/>\n\t<meta name=\"twitter:label2\" content=\"Dur\u00e9e de lecture est.\" \/>\n\t<meta name=\"twitter:data2\" content=\"3 minutes\" \/>\n<script type=\"application\/ld+json\" class=\"yoast-schema-graph\">{\"@context\":\"https:\/\/schema.org\",\"@graph\":[{\"@type\":\"Article\",\"@id\":\"https:\/\/vieassociative.be\/actualites\/utilisez-la-pratique-distribuee-pour-mieux-conserver-ce-que-vous-etudiez\/#article\",\"isPartOf\":{\"@id\":\"https:\/\/vieassociative.be\/actualites\/utilisez-la-pratique-distribuee-pour-mieux-conserver-ce-que-vous-etudiez\/\"},\"author\":{\"name\":\"Julien\",\"@id\":\"https:\/\/vieassociative.be\/actualites\/#\/schema\/person\/b87ac4f82f9d4e7b7cec7395b679edc4\"},\"headline\":\"Utilisez la \u00abpratique distribu\u00e9e\u00bb pour mieux conserver ce que vous \u00e9tudiez\",\"datePublished\":\"2025-10-02T13:18:00+00:00\",\"dateModified\":\"2025-10-02T13:18:00+00:00\",\"mainEntityOfPage\":{\"@id\":\"https:\/\/vieassociative.be\/actualites\/utilisez-la-pratique-distribuee-pour-mieux-conserver-ce-que-vous-etudiez\/\"},\"wordCount\":735,\"publisher\":{\"@id\":\"https:\/\/vieassociative.be\/actualites\/#organization\"},\"image\":{\"@id\":\"https:\/\/vieassociative.be\/actualites\/utilisez-la-pratique-distribuee-pour-mieux-conserver-ce-que-vous-etudiez\/#primaryimage\"},\"thumbnailUrl\":\"https:\/\/vieassociative.be\/actualites\/wp-content\/uploads\/2025\/10\/Utilisez-la-pratique-distribuee-pour-mieux-conserver-ce-que-vous.jpg\",\"keywords\":[\"conserver\",\"distribu\u00e9e\",\"\u00e9tudiez\",\"mieux\",\"pour\",\"pratique\",\"Utilisez\",\"Vous\"],\"articleSection\":[\"Famille\"],\"inLanguage\":\"fr-BE\"},{\"@type\":\"WebPage\",\"@id\":\"https:\/\/vieassociative.be\/actualites\/utilisez-la-pratique-distribuee-pour-mieux-conserver-ce-que-vous-etudiez\/\",\"url\":\"https:\/\/vieassociative.be\/actualites\/utilisez-la-pratique-distribuee-pour-mieux-conserver-ce-que-vous-etudiez\/\",\"name\":\"Utilisez la \u00abpratique distribu\u00e9e\u00bb pour mieux conserver ce que vous \u00e9tudiez | Vie Associative\",\"isPartOf\":{\"@id\":\"https:\/\/vieassociative.be\/actualites\/#website\"},\"primaryImageOfPage\":{\"@id\":\"https:\/\/vieassociative.be\/actualites\/utilisez-la-pratique-distribuee-pour-mieux-conserver-ce-que-vous-etudiez\/#primaryimage\"},\"image\":{\"@id\":\"https:\/\/vieassociative.be\/actualites\/utilisez-la-pratique-distribuee-pour-mieux-conserver-ce-que-vous-etudiez\/#primaryimage\"},\"thumbnailUrl\":\"https:\/\/vieassociative.be\/actualites\/wp-content\/uploads\/2025\/10\/Utilisez-la-pratique-distribuee-pour-mieux-conserver-ce-que-vous.jpg\",\"datePublished\":\"2025-10-02T13:18:00+00:00\",\"dateModified\":\"2025-10-02T13:18:00+00:00\",\"breadcrumb\":{\"@id\":\"https:\/\/vieassociative.be\/actualites\/utilisez-la-pratique-distribuee-pour-mieux-conserver-ce-que-vous-etudiez\/#breadcrumb\"},\"inLanguage\":\"fr-BE\",\"potentialAction\":[{\"@type\":\"ReadAction\",\"target\":[\"https:\/\/vieassociative.be\/actualites\/utilisez-la-pratique-distribuee-pour-mieux-conserver-ce-que-vous-etudiez\/\"]}]},{\"@type\":\"ImageObject\",\"inLanguage\":\"fr-BE\",\"@id\":\"https:\/\/vieassociative.be\/actualites\/utilisez-la-pratique-distribuee-pour-mieux-conserver-ce-que-vous-etudiez\/#primaryimage\",\"url\":\"https:\/\/vieassociative.be\/actualites\/wp-content\/uploads\/2025\/10\/Utilisez-la-pratique-distribuee-pour-mieux-conserver-ce-que-vous.jpg\",\"contentUrl\":\"https:\/\/vieassociative.be\/actualites\/wp-content\/uploads\/2025\/10\/Utilisez-la-pratique-distribuee-pour-mieux-conserver-ce-que-vous.jpg\",\"width\":1200,\"height\":675,\"caption\":\"Utilisez la \u00abpratique distribu\u00e9e\u00bb pour mieux conserver ce que vous \u00e9tudiez\"},{\"@type\":\"BreadcrumbList\",\"@id\":\"https:\/\/vieassociative.be\/actualites\/utilisez-la-pratique-distribuee-pour-mieux-conserver-ce-que-vous-etudiez\/#breadcrumb\",\"itemListElement\":[{\"@type\":\"ListItem\",\"position\":1,\"name\":\"Accueil\",\"item\":\"https:\/\/vieassociative.be\/actualites\/\"},{\"@type\":\"ListItem\",\"position\":2,\"name\":\"Utilisez la \u00abpratique distribu\u00e9e\u00bb pour mieux conserver ce que vous \u00e9tudiez\"}]},{\"@type\":\"WebSite\",\"@id\":\"https:\/\/vieassociative.be\/actualites\/#website\",\"url\":\"https:\/\/vieassociative.be\/actualites\/\",\"name\":\"Vie Associative\",\"description\":\"\",\"publisher\":{\"@id\":\"https:\/\/vieassociative.be\/actualites\/#organization\"},\"potentialAction\":[{\"@type\":\"SearchAction\",\"target\":{\"@type\":\"EntryPoint\",\"urlTemplate\":\"https:\/\/vieassociative.be\/actualites\/?s={search_term_string}\"},\"query-input\":{\"@type\":\"PropertyValueSpecification\",\"valueRequired\":true,\"valueName\":\"search_term_string\"}}],\"inLanguage\":\"fr-BE\"},{\"@type\":\"Organization\",\"@id\":\"https:\/\/vieassociative.be\/actualites\/#organization\",\"name\":\"Vie Associative\",\"url\":\"https:\/\/vieassociative.be\/actualites\/\",\"logo\":{\"@type\":\"ImageObject\",\"inLanguage\":\"fr-BE\",\"@id\":\"https:\/\/vieassociative.be\/actualites\/#\/schema\/logo\/image\/\",\"url\":\"https:\/\/vieassociative.be\/actualites\/wp-content\/uploads\/2024\/09\/cropped-vieassociative_favicon.ico.png\",\"contentUrl\":\"https:\/\/vieassociative.be\/actualites\/wp-content\/uploads\/2024\/09\/cropped-vieassociative_favicon.ico.png\",\"width\":512,\"height\":512,\"caption\":\"Vie Associative\"},\"image\":{\"@id\":\"https:\/\/vieassociative.be\/actualites\/#\/schema\/logo\/image\/\"}},{\"@type\":\"Person\",\"@id\":\"https:\/\/vieassociative.be\/actualites\/#\/schema\/person\/b87ac4f82f9d4e7b7cec7395b679edc4\",\"name\":\"Julien\",\"image\":{\"@type\":\"ImageObject\",\"inLanguage\":\"fr-BE\",\"@id\":\"https:\/\/vieassociative.be\/actualites\/#\/schema\/person\/image\/\",\"url\":\"https:\/\/vieassociative.be\/actualites\/wp-content\/uploads\/2024\/09\/vie-associative-1-150x150.jpg\",\"contentUrl\":\"https:\/\/vieassociative.be\/actualites\/wp-content\/uploads\/2024\/09\/vie-associative-1-150x150.jpg\",\"caption\":\"Julien\"},\"description\":\"Je suis Julien, r\u00e9dacteur pour Vie Associative. Passionn\u00e9 par le monde associatif depuis plus de 10 ans, j'ai \u00e0 c\u0153ur de partager des histoires inspirantes et de mettre en lumi\u00e8re les initiatives locales. Mon objectif est de sensibiliser et d'encourager l'engagement communautaire \u00e0 travers mes articles.\",\"sameAs\":[\"https:\/\/vieassociative.be\/\"]}]}<\/script>\n<!-- \/ Yoast SEO plugin. -->","yoast_head_json":{"title":"Utilisez la \u00abpratique distribu\u00e9e\u00bb pour mieux conserver ce que vous \u00e9tudiez | Vie Associative","robots":{"index":"index","follow":"follow","max-snippet":"max-snippet:-1","max-image-preview":"max-image-preview:large","max-video-preview":"max-video-preview:-1"},"canonical":"https:\/\/vieassociative.be\/actualites\/utilisez-la-pratique-distribuee-pour-mieux-conserver-ce-que-vous-etudiez\/","og_locale":"fr_FR","og_type":"article","og_title":"Utilisez la \u00abpratique distribu\u00e9e\u00bb pour mieux conserver ce que vous \u00e9tudiez | Vie Associative","og_description":"Il s&rsquo;agit du semestre que vous arr\u00eatez de s&rsquo;entasser et commencez \u00e0 utiliser des m\u00e9thodes qui fonctionnent r\u00e9ellement. Saviez-vous que vous pouvez personnaliser Google pour","og_url":"https:\/\/vieassociative.be\/actualites\/utilisez-la-pratique-distribuee-pour-mieux-conserver-ce-que-vous-etudiez\/","og_site_name":"Vie Associative","article_published_time":"2025-10-02T13:18:00+00:00","og_image":[{"url":"https:\/\/vieassociative.be\/actualites\/wp-content\/uploads\/2025\/09\/1757726237_608_Meta-pourrait-devoiler-une-montre-intelligente-pour-controler-ses-lunettes.jpg","type":"","width":"","height":""}],"author":"Julien","twitter_card":"summary_large_image","twitter_misc":{"\u00c9crit par":"Julien","Dur\u00e9e de lecture est.":"3 minutes"},"schema":{"@context":"https:\/\/schema.org","@graph":[{"@type":"Article","@id":"https:\/\/vieassociative.be\/actualites\/utilisez-la-pratique-distribuee-pour-mieux-conserver-ce-que-vous-etudiez\/#article","isPartOf":{"@id":"https:\/\/vieassociative.be\/actualites\/utilisez-la-pratique-distribuee-pour-mieux-conserver-ce-que-vous-etudiez\/"},"author":{"name":"Julien","@id":"https:\/\/vieassociative.be\/actualites\/#\/schema\/person\/b87ac4f82f9d4e7b7cec7395b679edc4"},"headline":"Utilisez la \u00abpratique distribu\u00e9e\u00bb pour mieux conserver ce que vous \u00e9tudiez","datePublished":"2025-10-02T13:18:00+00:00","dateModified":"2025-10-02T13:18:00+00:00","mainEntityOfPage":{"@id":"https:\/\/vieassociative.be\/actualites\/utilisez-la-pratique-distribuee-pour-mieux-conserver-ce-que-vous-etudiez\/"},"wordCount":735,"publisher":{"@id":"https:\/\/vieassociative.be\/actualites\/#organization"},"image":{"@id":"https:\/\/vieassociative.be\/actualites\/utilisez-la-pratique-distribuee-pour-mieux-conserver-ce-que-vous-etudiez\/#primaryimage"},"thumbnailUrl":"https:\/\/vieassociative.be\/actualites\/wp-content\/uploads\/2025\/10\/Utilisez-la-pratique-distribuee-pour-mieux-conserver-ce-que-vous.jpg","keywords":["conserver","distribu\u00e9e","\u00e9tudiez","mieux","pour","pratique","Utilisez","Vous"],"articleSection":["Famille"],"inLanguage":"fr-BE"},{"@type":"WebPage","@id":"https:\/\/vieassociative.be\/actualites\/utilisez-la-pratique-distribuee-pour-mieux-conserver-ce-que-vous-etudiez\/","url":"https:\/\/vieassociative.be\/actualites\/utilisez-la-pratique-distribuee-pour-mieux-conserver-ce-que-vous-etudiez\/","name":"Utilisez la \u00abpratique distribu\u00e9e\u00bb pour mieux conserver ce que vous \u00e9tudiez | Vie Associative","isPartOf":{"@id":"https:\/\/vieassociative.be\/actualites\/#website"},"primaryImageOfPage":{"@id":"https:\/\/vieassociative.be\/actualites\/utilisez-la-pratique-distribuee-pour-mieux-conserver-ce-que-vous-etudiez\/#primaryimage"},"image":{"@id":"https:\/\/vieassociative.be\/actualites\/utilisez-la-pratique-distribuee-pour-mieux-conserver-ce-que-vous-etudiez\/#primaryimage"},"thumbnailUrl":"https:\/\/vieassociative.be\/actualites\/wp-content\/uploads\/2025\/10\/Utilisez-la-pratique-distribuee-pour-mieux-conserver-ce-que-vous.jpg","datePublished":"2025-10-02T13:18:00+00:00","dateModified":"2025-10-02T13:18:00+00:00","breadcrumb":{"@id":"https:\/\/vieassociative.be\/actualites\/utilisez-la-pratique-distribuee-pour-mieux-conserver-ce-que-vous-etudiez\/#breadcrumb"},"inLanguage":"fr-BE","potentialAction":[{"@type":"ReadAction","target":["https:\/\/vieassociative.be\/actualites\/utilisez-la-pratique-distribuee-pour-mieux-conserver-ce-que-vous-etudiez\/"]}]},{"@type":"ImageObject","inLanguage":"fr-BE","@id":"https:\/\/vieassociative.be\/actualites\/utilisez-la-pratique-distribuee-pour-mieux-conserver-ce-que-vous-etudiez\/#primaryimage","url":"https:\/\/vieassociative.be\/actualites\/wp-content\/uploads\/2025\/10\/Utilisez-la-pratique-distribuee-pour-mieux-conserver-ce-que-vous.jpg","contentUrl":"https:\/\/vieassociative.be\/actualites\/wp-content\/uploads\/2025\/10\/Utilisez-la-pratique-distribuee-pour-mieux-conserver-ce-que-vous.jpg","width":1200,"height":675,"caption":"Utilisez la \u00abpratique distribu\u00e9e\u00bb pour mieux conserver ce que vous \u00e9tudiez"},{"@type":"BreadcrumbList","@id":"https:\/\/vieassociative.be\/actualites\/utilisez-la-pratique-distribuee-pour-mieux-conserver-ce-que-vous-etudiez\/#breadcrumb","itemListElement":[{"@type":"ListItem","position":1,"name":"Accueil","item":"https:\/\/vieassociative.be\/actualites\/"},{"@type":"ListItem","position":2,"name":"Utilisez la \u00abpratique distribu\u00e9e\u00bb pour mieux conserver ce que vous \u00e9tudiez"}]},{"@type":"WebSite","@id":"https:\/\/vieassociative.be\/actualites\/#website","url":"https:\/\/vieassociative.be\/actualites\/","name":"Vie Associative","description":"","publisher":{"@id":"https:\/\/vieassociative.be\/actualites\/#organization"},"potentialAction":[{"@type":"SearchAction","target":{"@type":"EntryPoint","urlTemplate":"https:\/\/vieassociative.be\/actualites\/?s={search_term_string}"},"query-input":{"@type":"PropertyValueSpecification","valueRequired":true,"valueName":"search_term_string"}}],"inLanguage":"fr-BE"},{"@type":"Organization","@id":"https:\/\/vieassociative.be\/actualites\/#organization","name":"Vie Associative","url":"https:\/\/vieassociative.be\/actualites\/","logo":{"@type":"ImageObject","inLanguage":"fr-BE","@id":"https:\/\/vieassociative.be\/actualites\/#\/schema\/logo\/image\/","url":"https:\/\/vieassociative.be\/actualites\/wp-content\/uploads\/2024\/09\/cropped-vieassociative_favicon.ico.png","contentUrl":"https:\/\/vieassociative.be\/actualites\/wp-content\/uploads\/2024\/09\/cropped-vieassociative_favicon.ico.png","width":512,"height":512,"caption":"Vie Associative"},"image":{"@id":"https:\/\/vieassociative.be\/actualites\/#\/schema\/logo\/image\/"}},{"@type":"Person","@id":"https:\/\/vieassociative.be\/actualites\/#\/schema\/person\/b87ac4f82f9d4e7b7cec7395b679edc4","name":"Julien","image":{"@type":"ImageObject","inLanguage":"fr-BE","@id":"https:\/\/vieassociative.be\/actualites\/#\/schema\/person\/image\/","url":"https:\/\/vieassociative.be\/actualites\/wp-content\/uploads\/2024\/09\/vie-associative-1-150x150.jpg","contentUrl":"https:\/\/vieassociative.be\/actualites\/wp-content\/uploads\/2024\/09\/vie-associative-1-150x150.jpg","caption":"Julien"},"description":"Je suis Julien, r\u00e9dacteur pour Vie Associative. Passionn\u00e9 par le monde associatif depuis plus de 10 ans, j'ai \u00e0 c\u0153ur de partager des histoires inspirantes et de mettre en lumi\u00e8re les initiatives locales. Mon objectif est de sensibiliser et d'encourager l'engagement communautaire \u00e0 travers mes articles.","sameAs":["https:\/\/vieassociative.be\/"]}]}},"_links":{"self":[{"href":"https:\/\/vieassociative.be\/actualites\/wp-json\/wp\/v2\/posts\/10401"}],"collection":[{"href":"https:\/\/vieassociative.be\/actualites\/wp-json\/wp\/v2\/posts"}],"about":[{"href":"https:\/\/vieassociative.be\/actualites\/wp-json\/wp\/v2\/types\/post"}],"author":[{"embeddable":true,"href":"https:\/\/vieassociative.be\/actualites\/wp-json\/wp\/v2\/users\/1"}],"replies":[{"embeddable":true,"href":"https:\/\/vieassociative.be\/actualites\/wp-json\/wp\/v2\/comments?post=10401"}],"version-history":[{"count":0,"href":"https:\/\/vieassociative.be\/actualites\/wp-json\/wp\/v2\/posts\/10401\/revisions"}],"wp:featuredmedia":[{"embeddable":true,"href":"https:\/\/vieassociative.be\/actualites\/wp-json\/wp\/v2\/media\/10402"}],"wp:attachment":[{"href":"https:\/\/vieassociative.be\/actualites\/wp-json\/wp\/v2\/media?parent=10401"}],"wp:term":[{"taxonomy":"category","embeddable":true,"href":"https:\/\/vieassociative.be\/actualites\/wp-json\/wp\/v2\/categories?post=10401"},{"taxonomy":"post_tag","embeddable":true,"href":"https:\/\/vieassociative.be\/actualites\/wp-json\/wp\/v2\/tags?post=10401"}],"curies":[{"name":"wp","href":"https:\/\/api.w.org\/{rel}","templated":true}]}}