{"id":10367,"date":"2025-10-01T04:19:53","date_gmt":"2025-10-01T02:19:53","guid":{"rendered":"https:\/\/vieassociative.be\/actualites\/etude-les-exportations-de-gaz-dans-lunion-europeenne-rincaient-des-milliards-de-dollars-dans-le-tresor-de-guerre-du-chef-du-kremlin-poutine\/"},"modified":"2025-10-01T04:19:53","modified_gmt":"2025-10-01T02:19:53","slug":"etude-les-exportations-de-gaz-dans-lunion-europeenne-rincaient-des-milliards-de-dollars-dans-le-tresor-de-guerre-du-chef-du-kremlin-poutine","status":"publish","type":"post","link":"https:\/\/vieassociative.be\/actualites\/etude-les-exportations-de-gaz-dans-lunion-europeenne-rincaient-des-milliards-de-dollars-dans-le-tresor-de-guerre-du-chef-du-kremlin-poutine\/","title":{"rendered":"\u00c9tude: les exportations de gaz dans l&rsquo;Union europ\u00e9enne rin\u00e7aient des milliards de dollars dans le tr\u00e9sor de guerre du chef du Kremlin Poutine"},"content":{"rendered":"<p><strong>Selon une \u00e9tude de l&rsquo;Organisation de protection de l&rsquo;environnement Greenpeace, la Russie b\u00e9n\u00e9ficie toujours consid\u00e9rablement des transactions \u00e9nerg\u00e9tiques avec des entreprises des pays de l&rsquo;UE.<\/strong><\/p>\n<p><span id=\"more-425949\"><\/span>Au cours des huit premiers mois de cette ann\u00e9e seulement, 12,8 milliards de m\u00e8tres cubes (BCM) Le gaz liquide russe (GNL) ont \u00e9t\u00e9 import\u00e9s dans l&rsquo;UE, selon une enqu\u00eate publi\u00e9e juste avant un sommet de l&rsquo;UE \u00e0 Copenhague. Toute l&rsquo;ann\u00e9e 2021, avant le d\u00e9but de la guerre d&rsquo;agression de la Russie contre l&rsquo;Ukraine, se trouvaient 15,9 milliards de m\u00e8tres cubes de GNL. En cons\u00e9quence, seules les livraisons de gaz pipeline de la Russie ont consid\u00e9rablement diminu\u00e9.<\/p>\n<p>Selon Greenpeace Estimations, la soci\u00e9t\u00e9 russe Yamal LNG \u00e0 elle seule a pris un total de 40 milliards de dollars (34 milliards d&rsquo;euros) entre 2022 et 2024 et a pay\u00e9 environ 9,5 milliards de dollars d&rsquo;imp\u00f4t sur les b\u00e9n\u00e9fices \u00e0 la tr\u00e9sorerie russe de l&rsquo;\u00c9tat. L&rsquo;organisation en tant que clients les plus importants de l&rsquo;UE mentionne le total de la soci\u00e9t\u00e9 p\u00e9troli\u00e8re fran\u00e7aise, la soci\u00e9t\u00e9 f\u00e9d\u00e9rale d&rsquo;\u00e9nergie allemande Sefe et l&rsquo;espagnol Naturgy.<\/p>\n<div id=\"attachment_425954\" class=\"wp-caption alignleft\" style=\"max-width: 300px\"><img fetchpriority=\"high\" decoding=\"async\" class=\"wp-image-425954 size-medium\" src=\"https:\/\/vieassociative.be\/actualites\/wp-content\/uploads\/2025\/10\/Etude-les-exportations-de-gaz-dans-lUnion-europeenne-rincaient-des.jpg\" alt=\"\" width=\"300\" height=\"200\"><\/div>\n<p>En cons\u00e9quence, le total de 2,5 milliards de dollars a contribu\u00e9 aux imp\u00f4ts sur les b\u00e9n\u00e9fices de l&rsquo;\u00c9tat russe, SEFE 1,45 milliard de dollars et Naturgy 1,25 milliard de dollars. Avec trois millions de montants, chacun a suivi Engie (France), Shell (Royaume-Uni \/ Pays-Bas) et la soci\u00e9t\u00e9 enregistr\u00e9e \u00e0 Chypre Gunvor.<\/p>\n<p><strong>&#8211; milliards pour le Fonds de guerre russe:<\/strong> Greenpeace a critiqu\u00e9 la taxe sur le gain de 9,5 milliards de dollars estim\u00e9e pour acheter 271 000 drones d&rsquo;attaque au type iranien de type b\u00e2timent, 2 686 r\u00e9servoirs de chasse T-90M ou 9,5 millions d&rsquo;artillerie de 152 mm. Le nombre de coups d&rsquo;artillerie correspond \u00e0 environ trois ans de la production annuelle russe actuelle de trois millions de tirs. Les drones sont \u00e0 peu pr\u00e8s beaucoup qui sont environ 271 fois plus grands que celui que la Russie a utilis\u00e9 contre l&rsquo;Ukraine en une semaine en une semaine.<\/p>\n<p>Les auteurs voient que les quatre pays d&rsquo;importation de GNL russes les plus importants de la France, de l&rsquo;Espagne, de la Belgique, de la Belgique, de la Belgique, de la Belgique, de la Belgique, de la Belgique, de la Belgique et des Pays-Bas d\u00e9pensent plus d&rsquo;argent de l&rsquo;importation du GNL russe lorsque l&rsquo;Ukraine leur a fourni une aide bilat\u00e9rale au cours de la m\u00eame p\u00e9riode. Ils ont donc import\u00e9 un GNL russe d&rsquo;une valeur de 34,3 milliards d&rsquo;euros, alors qu&rsquo;ils fournissaient 21,2 milliards d&rsquo;euros de soutien bilat\u00e9ral \u00e0 l&rsquo;Ukraine.<\/p>\n<div id=\"attachment_425955\" class=\"wp-caption alignleft\" style=\"max-width: 300px\"><img decoding=\"async\" class=\"wp-image-425955 size-medium\" src=\"https:\/\/vieassociative.be\/actualites\/wp-content\/uploads\/2025\/10\/1759285193_538_Etude-les-exportations-de-gaz-dans-lUnion-europeenne-rincaient-des.jpg\" alt=\"\" width=\"300\" height=\"200\"><\/div>\n<p>Il est \u00e9galement \u00e0 noter que le groupe fran\u00e7ais Total Energy d\u00e9tient 20% de Yamal GNL et 19,4% de la soci\u00e9t\u00e9 m\u00e8re Novatek. En cons\u00e9quence, l&rsquo;entreprise a consid\u00e9rablement b\u00e9n\u00e9fici\u00e9 de ces participations pendant la crise \u00e9nerg\u00e9tique. Depuis 2022, Total Energy a re\u00e7u environ 5,06 milliards de dollars de dividendes de Yamal GNL et 1,74 milliard de dividendes suppl\u00e9mentaires de Novatek.<\/p>\n<p>Les soci\u00e9t\u00e9s \u00e9nerg\u00e9tiques europ\u00e9ennes expliquent leur activit\u00e9 continue avec le GNL de Yamal en particulier avec les besoins et \/ ou les contrats \u00e0 long terme.<\/p>\n<p><strong>&#8211; Les \u00e9cologistes d\u00e9tournent le regard de \u00ab\u00a0Gasfalle\u00a0\u00bb:<\/strong> Dans leurs conclusions pour l&rsquo;enqu\u00eate, les experts de Greenpeace critiquent la d\u00e9pendance toujours existante \u00e0 l&rsquo;\u00e9gard du GNL russe remplit directement le tr\u00e9sor de guerre du chef du Kremlin Vladimir Poutine et menace la paix et la s\u00e9curit\u00e9 en Europe. Dans le m\u00eame temps, l&rsquo;augmentation de l&rsquo;importation de gaz am\u00e9ricain garantit que l&rsquo;Europe est expos\u00e9e \u00e0 l&rsquo;agenda politique du pr\u00e9sident am\u00e9ricain Donald Trump, qui devient de plus en plus un partenaire peu fiable. Le seul moyen de sortir du \u00abpi\u00e8ge \u00e0 gaz\u00bb est que l&rsquo;Europe met fin \u00e0 sa d\u00e9pendance \u00e0 l&rsquo;\u00e9gard des gaz fossiles en convertissant un syst\u00e8me \u00e9nerg\u00e9tique bas\u00e9 sur des \u00e9nergies renouvelables locales.<\/p>\n<p>Jusqu&rsquo;\u00e0 pr\u00e9sent, cependant, un tel d\u00e9veloppement n&rsquo;a pas \u00e9t\u00e9 en vue. La Commission europ\u00e9enne a r\u00e9cemment propos\u00e9 d&rsquo;arr\u00eater compl\u00e8tement l&rsquo;importation de la GNL russe dans l&rsquo;UE au d\u00e9but de 2027 au plus tard et de donner aux soci\u00e9t\u00e9s garantie en cas de r\u00e9clamations possibles de dommages-int\u00e9r\u00eats en raison de contrats \u00e0 long terme non sp\u00e9cifi\u00e9s. Dans le m\u00eame temps, cependant, le pr\u00e9sident am\u00e9ricain Trump a \u00e9t\u00e9 promis que le GNL am\u00e9ricain pourrait combler les lacunes. (DPA)<\/p>\n","protected":false},"excerpt":{"rendered":"<p>Selon une \u00e9tude de l&rsquo;Organisation de protection de l&rsquo;environnement Greenpeace, la Russie b\u00e9n\u00e9ficie toujours consid\u00e9rablement des transactions \u00e9nerg\u00e9tiques avec des entreprises des pays de l&rsquo;UE.<\/p>\n","protected":false},"author":1,"featured_media":10368,"comment_status":"","ping_status":"","sticky":false,"template":"","format":"standard","meta":{"footnotes":""},"categories":[298],"tags":[4619,166,29,3349,4595,3561,4785,4432,2637,8108,14,1143,4419,4227,8735,8736],"class_list":["post-10367","post","type-post","status-publish","format-standard","has-post-thumbnail","hentry","category-belgique","tag-chef","tag-dans","tag-des","tag-dollars","tag-etude","tag-europeenne","tag-exportations","tag-gaz","tag-guerre","tag-kremlin","tag-les","tag-lunion","tag-milliards","tag-poutine","tag-rincaient","tag-tresor","generate-columns","tablet-grid-50","mobile-grid-100","grid-parent","grid-33"],"yoast_head":"<!-- This site is optimized with the Yoast SEO plugin v24.0 - https:\/\/yoast.com\/wordpress\/plugins\/seo\/ -->\n<title>\u00c9tude: les exportations de gaz dans l&#039;Union europ\u00e9enne rin\u00e7aient des milliards de dollars dans le tr\u00e9sor de guerre du chef du Kremlin Poutine | Vie Associative<\/title>\n<meta name=\"robots\" content=\"index, follow, max-snippet:-1, max-image-preview:large, max-video-preview:-1\" \/>\n<link rel=\"canonical\" href=\"https:\/\/vieassociative.be\/actualites\/etude-les-exportations-de-gaz-dans-lunion-europeenne-rincaient-des-milliards-de-dollars-dans-le-tresor-de-guerre-du-chef-du-kremlin-poutine\/\" \/>\n<meta property=\"og:locale\" content=\"fr_FR\" \/>\n<meta property=\"og:type\" content=\"article\" \/>\n<meta property=\"og:title\" content=\"\u00c9tude: les exportations de gaz dans l&#039;Union europ\u00e9enne rin\u00e7aient des milliards de dollars dans le tr\u00e9sor de guerre du chef du Kremlin Poutine | Vie Associative\" \/>\n<meta property=\"og:description\" content=\"Selon une \u00e9tude de l&rsquo;Organisation de protection de l&rsquo;environnement Greenpeace, la Russie b\u00e9n\u00e9ficie toujours consid\u00e9rablement des transactions \u00e9nerg\u00e9tiques avec des entreprises des pays de l&rsquo;UE.\" \/>\n<meta property=\"og:url\" content=\"https:\/\/vieassociative.be\/actualites\/etude-les-exportations-de-gaz-dans-lunion-europeenne-rincaient-des-milliards-de-dollars-dans-le-tresor-de-guerre-du-chef-du-kremlin-poutine\/\" \/>\n<meta property=\"og:site_name\" content=\"Vie Associative\" \/>\n<meta property=\"article:published_time\" content=\"2025-10-01T02:19:53+00:00\" \/>\n<meta property=\"og:image\" content=\"https:\/\/vieassociative.be\/actualites\/wp-content\/uploads\/2024\/09\/header_backgroundk-01-e1726694325946.png\" \/>\n\t<meta property=\"og:image:width\" content=\"279\" \/>\n\t<meta property=\"og:image:height\" content=\"92\" \/>\n\t<meta property=\"og:image:type\" content=\"image\/png\" \/>\n<meta name=\"author\" content=\"Julien\" \/>\n<meta name=\"twitter:card\" content=\"summary_large_image\" \/>\n<meta name=\"twitter:label1\" content=\"\u00c9crit par\" \/>\n\t<meta name=\"twitter:data1\" content=\"Julien\" \/>\n\t<meta name=\"twitter:label2\" content=\"Dur\u00e9e de lecture est.\" \/>\n\t<meta name=\"twitter:data2\" content=\"4 minutes\" \/>\n<script type=\"application\/ld+json\" class=\"yoast-schema-graph\">{\"@context\":\"https:\/\/schema.org\",\"@graph\":[{\"@type\":\"Article\",\"@id\":\"https:\/\/vieassociative.be\/actualites\/etude-les-exportations-de-gaz-dans-lunion-europeenne-rincaient-des-milliards-de-dollars-dans-le-tresor-de-guerre-du-chef-du-kremlin-poutine\/#article\",\"isPartOf\":{\"@id\":\"https:\/\/vieassociative.be\/actualites\/etude-les-exportations-de-gaz-dans-lunion-europeenne-rincaient-des-milliards-de-dollars-dans-le-tresor-de-guerre-du-chef-du-kremlin-poutine\/\"},\"author\":{\"name\":\"Julien\",\"@id\":\"https:\/\/vieassociative.be\/actualites\/#\/schema\/person\/b87ac4f82f9d4e7b7cec7395b679edc4\"},\"headline\":\"\u00c9tude: les exportations de gaz dans l&rsquo;Union europ\u00e9enne rin\u00e7aient des milliards de dollars dans le tr\u00e9sor de guerre du chef du Kremlin Poutine\",\"datePublished\":\"2025-10-01T02:19:53+00:00\",\"dateModified\":\"2025-10-01T02:19:53+00:00\",\"mainEntityOfPage\":{\"@id\":\"https:\/\/vieassociative.be\/actualites\/etude-les-exportations-de-gaz-dans-lunion-europeenne-rincaient-des-milliards-de-dollars-dans-le-tresor-de-guerre-du-chef-du-kremlin-poutine\/\"},\"wordCount\":801,\"publisher\":{\"@id\":\"https:\/\/vieassociative.be\/actualites\/#organization\"},\"image\":{\"@id\":\"https:\/\/vieassociative.be\/actualites\/etude-les-exportations-de-gaz-dans-lunion-europeenne-rincaient-des-milliards-de-dollars-dans-le-tresor-de-guerre-du-chef-du-kremlin-poutine\/#primaryimage\"},\"thumbnailUrl\":\"https:\/\/vieassociative.be\/actualites\/wp-content\/uploads\/2025\/10\/1759285194_Etude-les-exportations-de-gaz-dans-lUnion-europeenne-rincaient-des.jpg\",\"keywords\":[\"chef\",\"dans\",\"Des\",\"dollars\",\"Etude\",\"europ\u00e9enne\",\"exportations\",\"gaz\",\"guerre\",\"Kremlin\",\"Les\",\"lUnion\",\"milliards\",\"Poutine\",\"rin\u00e7aient\",\"tr\u00e9sor\"],\"articleSection\":[\"Belgique\"],\"inLanguage\":\"fr-BE\"},{\"@type\":\"WebPage\",\"@id\":\"https:\/\/vieassociative.be\/actualites\/etude-les-exportations-de-gaz-dans-lunion-europeenne-rincaient-des-milliards-de-dollars-dans-le-tresor-de-guerre-du-chef-du-kremlin-poutine\/\",\"url\":\"https:\/\/vieassociative.be\/actualites\/etude-les-exportations-de-gaz-dans-lunion-europeenne-rincaient-des-milliards-de-dollars-dans-le-tresor-de-guerre-du-chef-du-kremlin-poutine\/\",\"name\":\"\u00c9tude: les exportations de gaz dans l'Union europ\u00e9enne rin\u00e7aient des milliards de dollars dans le tr\u00e9sor de guerre du chef du Kremlin Poutine | Vie Associative\",\"isPartOf\":{\"@id\":\"https:\/\/vieassociative.be\/actualites\/#website\"},\"primaryImageOfPage\":{\"@id\":\"https:\/\/vieassociative.be\/actualites\/etude-les-exportations-de-gaz-dans-lunion-europeenne-rincaient-des-milliards-de-dollars-dans-le-tresor-de-guerre-du-chef-du-kremlin-poutine\/#primaryimage\"},\"image\":{\"@id\":\"https:\/\/vieassociative.be\/actualites\/etude-les-exportations-de-gaz-dans-lunion-europeenne-rincaient-des-milliards-de-dollars-dans-le-tresor-de-guerre-du-chef-du-kremlin-poutine\/#primaryimage\"},\"thumbnailUrl\":\"https:\/\/vieassociative.be\/actualites\/wp-content\/uploads\/2025\/10\/1759285194_Etude-les-exportations-de-gaz-dans-lUnion-europeenne-rincaient-des.jpg\",\"datePublished\":\"2025-10-01T02:19:53+00:00\",\"dateModified\":\"2025-10-01T02:19:53+00:00\",\"breadcrumb\":{\"@id\":\"https:\/\/vieassociative.be\/actualites\/etude-les-exportations-de-gaz-dans-lunion-europeenne-rincaient-des-milliards-de-dollars-dans-le-tresor-de-guerre-du-chef-du-kremlin-poutine\/#breadcrumb\"},\"inLanguage\":\"fr-BE\",\"potentialAction\":[{\"@type\":\"ReadAction\",\"target\":[\"https:\/\/vieassociative.be\/actualites\/etude-les-exportations-de-gaz-dans-lunion-europeenne-rincaient-des-milliards-de-dollars-dans-le-tresor-de-guerre-du-chef-du-kremlin-poutine\/\"]}]},{\"@type\":\"ImageObject\",\"inLanguage\":\"fr-BE\",\"@id\":\"https:\/\/vieassociative.be\/actualites\/etude-les-exportations-de-gaz-dans-lunion-europeenne-rincaient-des-milliards-de-dollars-dans-le-tresor-de-guerre-du-chef-du-kremlin-poutine\/#primaryimage\",\"url\":\"https:\/\/vieassociative.be\/actualites\/wp-content\/uploads\/2025\/10\/1759285194_Etude-les-exportations-de-gaz-dans-lUnion-europeenne-rincaient-des.jpg\",\"contentUrl\":\"https:\/\/vieassociative.be\/actualites\/wp-content\/uploads\/2025\/10\/1759285194_Etude-les-exportations-de-gaz-dans-lUnion-europeenne-rincaient-des.jpg\",\"width\":1200,\"height\":800,\"caption\":\"\u00c9tude: les exportations de gaz dans l'Union europ\u00e9enne rin\u00e7aient des milliards de dollars dans le tr\u00e9sor de guerre du chef du Kremlin Poutine\"},{\"@type\":\"BreadcrumbList\",\"@id\":\"https:\/\/vieassociative.be\/actualites\/etude-les-exportations-de-gaz-dans-lunion-europeenne-rincaient-des-milliards-de-dollars-dans-le-tresor-de-guerre-du-chef-du-kremlin-poutine\/#breadcrumb\",\"itemListElement\":[{\"@type\":\"ListItem\",\"position\":1,\"name\":\"Accueil\",\"item\":\"https:\/\/vieassociative.be\/actualites\/\"},{\"@type\":\"ListItem\",\"position\":2,\"name\":\"\u00c9tude: les exportations de gaz dans l&rsquo;Union europ\u00e9enne rin\u00e7aient des milliards de dollars dans le tr\u00e9sor de guerre du chef du Kremlin Poutine\"}]},{\"@type\":\"WebSite\",\"@id\":\"https:\/\/vieassociative.be\/actualites\/#website\",\"url\":\"https:\/\/vieassociative.be\/actualites\/\",\"name\":\"Vie Associative\",\"description\":\"\",\"publisher\":{\"@id\":\"https:\/\/vieassociative.be\/actualites\/#organization\"},\"potentialAction\":[{\"@type\":\"SearchAction\",\"target\":{\"@type\":\"EntryPoint\",\"urlTemplate\":\"https:\/\/vieassociative.be\/actualites\/?s={search_term_string}\"},\"query-input\":{\"@type\":\"PropertyValueSpecification\",\"valueRequired\":true,\"valueName\":\"search_term_string\"}}],\"inLanguage\":\"fr-BE\"},{\"@type\":\"Organization\",\"@id\":\"https:\/\/vieassociative.be\/actualites\/#organization\",\"name\":\"Vie Associative\",\"url\":\"https:\/\/vieassociative.be\/actualites\/\",\"logo\":{\"@type\":\"ImageObject\",\"inLanguage\":\"fr-BE\",\"@id\":\"https:\/\/vieassociative.be\/actualites\/#\/schema\/logo\/image\/\",\"url\":\"https:\/\/vieassociative.be\/actualites\/wp-content\/uploads\/2024\/09\/cropped-vieassociative_favicon.ico.png\",\"contentUrl\":\"https:\/\/vieassociative.be\/actualites\/wp-content\/uploads\/2024\/09\/cropped-vieassociative_favicon.ico.png\",\"width\":512,\"height\":512,\"caption\":\"Vie Associative\"},\"image\":{\"@id\":\"https:\/\/vieassociative.be\/actualites\/#\/schema\/logo\/image\/\"}},{\"@type\":\"Person\",\"@id\":\"https:\/\/vieassociative.be\/actualites\/#\/schema\/person\/b87ac4f82f9d4e7b7cec7395b679edc4\",\"name\":\"Julien\",\"image\":{\"@type\":\"ImageObject\",\"inLanguage\":\"fr-BE\",\"@id\":\"https:\/\/vieassociative.be\/actualites\/#\/schema\/person\/image\/\",\"url\":\"https:\/\/vieassociative.be\/actualites\/wp-content\/uploads\/2024\/09\/vie-associative-1-150x150.jpg\",\"contentUrl\":\"https:\/\/vieassociative.be\/actualites\/wp-content\/uploads\/2024\/09\/vie-associative-1-150x150.jpg\",\"caption\":\"Julien\"},\"description\":\"Je suis Julien, r\u00e9dacteur pour Vie Associative. Passionn\u00e9 par le monde associatif depuis plus de 10 ans, j'ai \u00e0 c\u0153ur de partager des histoires inspirantes et de mettre en lumi\u00e8re les initiatives locales. Mon objectif est de sensibiliser et d'encourager l'engagement communautaire \u00e0 travers mes articles.\",\"sameAs\":[\"https:\/\/vieassociative.be\/\"]}]}<\/script>\n<!-- \/ Yoast SEO plugin. -->","yoast_head_json":{"title":"\u00c9tude: les exportations de gaz dans l'Union europ\u00e9enne rin\u00e7aient des milliards de dollars dans le tr\u00e9sor de guerre du chef du Kremlin Poutine | Vie Associative","robots":{"index":"index","follow":"follow","max-snippet":"max-snippet:-1","max-image-preview":"max-image-preview:large","max-video-preview":"max-video-preview:-1"},"canonical":"https:\/\/vieassociative.be\/actualites\/etude-les-exportations-de-gaz-dans-lunion-europeenne-rincaient-des-milliards-de-dollars-dans-le-tresor-de-guerre-du-chef-du-kremlin-poutine\/","og_locale":"fr_FR","og_type":"article","og_title":"\u00c9tude: les exportations de gaz dans l'Union europ\u00e9enne rin\u00e7aient des milliards de dollars dans le tr\u00e9sor de guerre du chef du Kremlin Poutine | Vie Associative","og_description":"Selon une \u00e9tude de l&rsquo;Organisation de protection de l&rsquo;environnement Greenpeace, la Russie b\u00e9n\u00e9ficie toujours consid\u00e9rablement des transactions \u00e9nerg\u00e9tiques avec des entreprises des pays de l&rsquo;UE.","og_url":"https:\/\/vieassociative.be\/actualites\/etude-les-exportations-de-gaz-dans-lunion-europeenne-rincaient-des-milliards-de-dollars-dans-le-tresor-de-guerre-du-chef-du-kremlin-poutine\/","og_site_name":"Vie Associative","article_published_time":"2025-10-01T02:19:53+00:00","og_image":[{"width":279,"height":92,"url":"https:\/\/vieassociative.be\/actualites\/wp-content\/uploads\/2024\/09\/header_backgroundk-01-e1726694325946.png","type":"image\/png"}],"author":"Julien","twitter_card":"summary_large_image","twitter_misc":{"\u00c9crit par":"Julien","Dur\u00e9e de lecture est.":"4 minutes"},"schema":{"@context":"https:\/\/schema.org","@graph":[{"@type":"Article","@id":"https:\/\/vieassociative.be\/actualites\/etude-les-exportations-de-gaz-dans-lunion-europeenne-rincaient-des-milliards-de-dollars-dans-le-tresor-de-guerre-du-chef-du-kremlin-poutine\/#article","isPartOf":{"@id":"https:\/\/vieassociative.be\/actualites\/etude-les-exportations-de-gaz-dans-lunion-europeenne-rincaient-des-milliards-de-dollars-dans-le-tresor-de-guerre-du-chef-du-kremlin-poutine\/"},"author":{"name":"Julien","@id":"https:\/\/vieassociative.be\/actualites\/#\/schema\/person\/b87ac4f82f9d4e7b7cec7395b679edc4"},"headline":"\u00c9tude: les exportations de gaz dans l&rsquo;Union europ\u00e9enne rin\u00e7aient des milliards de dollars dans le tr\u00e9sor de guerre du chef du Kremlin Poutine","datePublished":"2025-10-01T02:19:53+00:00","dateModified":"2025-10-01T02:19:53+00:00","mainEntityOfPage":{"@id":"https:\/\/vieassociative.be\/actualites\/etude-les-exportations-de-gaz-dans-lunion-europeenne-rincaient-des-milliards-de-dollars-dans-le-tresor-de-guerre-du-chef-du-kremlin-poutine\/"},"wordCount":801,"publisher":{"@id":"https:\/\/vieassociative.be\/actualites\/#organization"},"image":{"@id":"https:\/\/vieassociative.be\/actualites\/etude-les-exportations-de-gaz-dans-lunion-europeenne-rincaient-des-milliards-de-dollars-dans-le-tresor-de-guerre-du-chef-du-kremlin-poutine\/#primaryimage"},"thumbnailUrl":"https:\/\/vieassociative.be\/actualites\/wp-content\/uploads\/2025\/10\/1759285194_Etude-les-exportations-de-gaz-dans-lUnion-europeenne-rincaient-des.jpg","keywords":["chef","dans","Des","dollars","Etude","europ\u00e9enne","exportations","gaz","guerre","Kremlin","Les","lUnion","milliards","Poutine","rin\u00e7aient","tr\u00e9sor"],"articleSection":["Belgique"],"inLanguage":"fr-BE"},{"@type":"WebPage","@id":"https:\/\/vieassociative.be\/actualites\/etude-les-exportations-de-gaz-dans-lunion-europeenne-rincaient-des-milliards-de-dollars-dans-le-tresor-de-guerre-du-chef-du-kremlin-poutine\/","url":"https:\/\/vieassociative.be\/actualites\/etude-les-exportations-de-gaz-dans-lunion-europeenne-rincaient-des-milliards-de-dollars-dans-le-tresor-de-guerre-du-chef-du-kremlin-poutine\/","name":"\u00c9tude: les exportations de gaz dans l'Union europ\u00e9enne rin\u00e7aient des milliards de dollars dans le tr\u00e9sor de guerre du chef du Kremlin Poutine | Vie Associative","isPartOf":{"@id":"https:\/\/vieassociative.be\/actualites\/#website"},"primaryImageOfPage":{"@id":"https:\/\/vieassociative.be\/actualites\/etude-les-exportations-de-gaz-dans-lunion-europeenne-rincaient-des-milliards-de-dollars-dans-le-tresor-de-guerre-du-chef-du-kremlin-poutine\/#primaryimage"},"image":{"@id":"https:\/\/vieassociative.be\/actualites\/etude-les-exportations-de-gaz-dans-lunion-europeenne-rincaient-des-milliards-de-dollars-dans-le-tresor-de-guerre-du-chef-du-kremlin-poutine\/#primaryimage"},"thumbnailUrl":"https:\/\/vieassociative.be\/actualites\/wp-content\/uploads\/2025\/10\/1759285194_Etude-les-exportations-de-gaz-dans-lUnion-europeenne-rincaient-des.jpg","datePublished":"2025-10-01T02:19:53+00:00","dateModified":"2025-10-01T02:19:53+00:00","breadcrumb":{"@id":"https:\/\/vieassociative.be\/actualites\/etude-les-exportations-de-gaz-dans-lunion-europeenne-rincaient-des-milliards-de-dollars-dans-le-tresor-de-guerre-du-chef-du-kremlin-poutine\/#breadcrumb"},"inLanguage":"fr-BE","potentialAction":[{"@type":"ReadAction","target":["https:\/\/vieassociative.be\/actualites\/etude-les-exportations-de-gaz-dans-lunion-europeenne-rincaient-des-milliards-de-dollars-dans-le-tresor-de-guerre-du-chef-du-kremlin-poutine\/"]}]},{"@type":"ImageObject","inLanguage":"fr-BE","@id":"https:\/\/vieassociative.be\/actualites\/etude-les-exportations-de-gaz-dans-lunion-europeenne-rincaient-des-milliards-de-dollars-dans-le-tresor-de-guerre-du-chef-du-kremlin-poutine\/#primaryimage","url":"https:\/\/vieassociative.be\/actualites\/wp-content\/uploads\/2025\/10\/1759285194_Etude-les-exportations-de-gaz-dans-lUnion-europeenne-rincaient-des.jpg","contentUrl":"https:\/\/vieassociative.be\/actualites\/wp-content\/uploads\/2025\/10\/1759285194_Etude-les-exportations-de-gaz-dans-lUnion-europeenne-rincaient-des.jpg","width":1200,"height":800,"caption":"\u00c9tude: les exportations de gaz dans l'Union europ\u00e9enne rin\u00e7aient des milliards de dollars dans le tr\u00e9sor de guerre du chef du Kremlin Poutine"},{"@type":"BreadcrumbList","@id":"https:\/\/vieassociative.be\/actualites\/etude-les-exportations-de-gaz-dans-lunion-europeenne-rincaient-des-milliards-de-dollars-dans-le-tresor-de-guerre-du-chef-du-kremlin-poutine\/#breadcrumb","itemListElement":[{"@type":"ListItem","position":1,"name":"Accueil","item":"https:\/\/vieassociative.be\/actualites\/"},{"@type":"ListItem","position":2,"name":"\u00c9tude: les exportations de gaz dans l&rsquo;Union europ\u00e9enne rin\u00e7aient des milliards de dollars dans le tr\u00e9sor de guerre du chef du Kremlin Poutine"}]},{"@type":"WebSite","@id":"https:\/\/vieassociative.be\/actualites\/#website","url":"https:\/\/vieassociative.be\/actualites\/","name":"Vie Associative","description":"","publisher":{"@id":"https:\/\/vieassociative.be\/actualites\/#organization"},"potentialAction":[{"@type":"SearchAction","target":{"@type":"EntryPoint","urlTemplate":"https:\/\/vieassociative.be\/actualites\/?s={search_term_string}"},"query-input":{"@type":"PropertyValueSpecification","valueRequired":true,"valueName":"search_term_string"}}],"inLanguage":"fr-BE"},{"@type":"Organization","@id":"https:\/\/vieassociative.be\/actualites\/#organization","name":"Vie Associative","url":"https:\/\/vieassociative.be\/actualites\/","logo":{"@type":"ImageObject","inLanguage":"fr-BE","@id":"https:\/\/vieassociative.be\/actualites\/#\/schema\/logo\/image\/","url":"https:\/\/vieassociative.be\/actualites\/wp-content\/uploads\/2024\/09\/cropped-vieassociative_favicon.ico.png","contentUrl":"https:\/\/vieassociative.be\/actualites\/wp-content\/uploads\/2024\/09\/cropped-vieassociative_favicon.ico.png","width":512,"height":512,"caption":"Vie Associative"},"image":{"@id":"https:\/\/vieassociative.be\/actualites\/#\/schema\/logo\/image\/"}},{"@type":"Person","@id":"https:\/\/vieassociative.be\/actualites\/#\/schema\/person\/b87ac4f82f9d4e7b7cec7395b679edc4","name":"Julien","image":{"@type":"ImageObject","inLanguage":"fr-BE","@id":"https:\/\/vieassociative.be\/actualites\/#\/schema\/person\/image\/","url":"https:\/\/vieassociative.be\/actualites\/wp-content\/uploads\/2024\/09\/vie-associative-1-150x150.jpg","contentUrl":"https:\/\/vieassociative.be\/actualites\/wp-content\/uploads\/2024\/09\/vie-associative-1-150x150.jpg","caption":"Julien"},"description":"Je suis Julien, r\u00e9dacteur pour Vie Associative. Passionn\u00e9 par le monde associatif depuis plus de 10 ans, j'ai \u00e0 c\u0153ur de partager des histoires inspirantes et de mettre en lumi\u00e8re les initiatives locales. Mon objectif est de sensibiliser et d'encourager l'engagement communautaire \u00e0 travers mes articles.","sameAs":["https:\/\/vieassociative.be\/"]}]}},"_links":{"self":[{"href":"https:\/\/vieassociative.be\/actualites\/wp-json\/wp\/v2\/posts\/10367"}],"collection":[{"href":"https:\/\/vieassociative.be\/actualites\/wp-json\/wp\/v2\/posts"}],"about":[{"href":"https:\/\/vieassociative.be\/actualites\/wp-json\/wp\/v2\/types\/post"}],"author":[{"embeddable":true,"href":"https:\/\/vieassociative.be\/actualites\/wp-json\/wp\/v2\/users\/1"}],"replies":[{"embeddable":true,"href":"https:\/\/vieassociative.be\/actualites\/wp-json\/wp\/v2\/comments?post=10367"}],"version-history":[{"count":0,"href":"https:\/\/vieassociative.be\/actualites\/wp-json\/wp\/v2\/posts\/10367\/revisions"}],"wp:featuredmedia":[{"embeddable":true,"href":"https:\/\/vieassociative.be\/actualites\/wp-json\/wp\/v2\/media\/10368"}],"wp:attachment":[{"href":"https:\/\/vieassociative.be\/actualites\/wp-json\/wp\/v2\/media?parent=10367"}],"wp:term":[{"taxonomy":"category","embeddable":true,"href":"https:\/\/vieassociative.be\/actualites\/wp-json\/wp\/v2\/categories?post=10367"},{"taxonomy":"post_tag","embeddable":true,"href":"https:\/\/vieassociative.be\/actualites\/wp-json\/wp\/v2\/tags?post=10367"}],"curies":[{"name":"wp","href":"https:\/\/api.w.org\/{rel}","templated":true}]}}