{"id":10361,"date":"2025-09-30T22:17:20","date_gmt":"2025-09-30T20:17:20","guid":{"rendered":"https:\/\/vieassociative.be\/actualites\/le-fc-bruges-mene-a-la-75e-minute-mais-perd-1-2-une-penalite-controversee-est-initiee-par-le-tour\/"},"modified":"2025-09-30T22:17:20","modified_gmt":"2025-09-30T20:17:20","slug":"le-fc-bruges-mene-a-la-75e-minute-mais-perd-1-2-une-penalite-controversee-est-initiee-par-le-tour","status":"publish","type":"post","link":"https:\/\/vieassociative.be\/actualites\/le-fc-bruges-mene-a-la-75e-minute-mais-perd-1-2-une-penalite-controversee-est-initiee-par-le-tour\/","title":{"rendered":"Le FC Bruges m\u00e8ne \u00e0 la 75e minute, mais perd 1: 2 &#8211; Une p\u00e9nalit\u00e9 controvers\u00e9e est initi\u00e9e par le tour"},"content":{"rendered":"<p><strong>Le FC Bruges a r\u00e9colt\u00e9 une d\u00e9faite am\u00e8re \u00e0 Atalanta Bergamo lors du 2e match de la ligaphase de la Ligue des champions. <\/strong><\/p>\n<p><span id=\"more-425962\"><\/span>Le Br\u00fcgger commen\u00e7ant Eleven: Jackers &#8211; Sabbe, Ordonez, Mechele, Seys &#8211; Sandra, Stankovic, Vanaken &#8211; Forbs, Tresoldi, Tzolis.<\/p>\n<p>Bien que le coureur belge -up ait conduit \u00e0 la 75e minute et ait eu l&rsquo;impression jusque-l\u00e0 pour pouvoir gagner cette rencontre, Hans Vanaken &#038; Co. a conc\u00e9d\u00e9 deux buts dans le dernier quart d&rsquo;une heure et perdu 1: 2.<\/p>\n<p>Gr\u00e2ce \u00e0 un succ\u00e8s de Christos Tzolis en premi\u00e8re mi-temps, le FC Bruges \u00e0 Bergamo semblait \u00eatre sur le chemin de 6 points sur 6 en Ligue des champions pendant longtemps.<\/p>\n<div id=\"attachment_425982\" class=\"wp-caption alignleft\" style=\"max-width: 300px\"><img fetchpriority=\"high\" decoding=\"async\" class=\"wp-image-425982 size-medium\" src=\"https:\/\/vieassociative.be\/actualites\/wp-content\/uploads\/2025\/09\/Le-FC-Bruges-mene-a-la-75e-minute-mais-perd.jpg\" alt=\"\" width=\"300\" height=\"200\"><\/div>\n<p>Une erreur de p\u00e9nalit\u00e9 controvers\u00e9e par le gardien de but de Br\u00fcgge, Nordin Jackers, a finalement lanc\u00e9 le tour d&rsquo;un quart d&rsquo;une heure avant la fin.<\/p>\n<p>Lazar Samardzic a initialement \u00e9galis\u00e9 avec une p\u00e9nalit\u00e9 pour les deux \u00e9quipes avant que Mario Pasalic n&rsquo;ait remport\u00e9 la victoire des Italiens.<\/p>\n<p>Cette d\u00e9faite est d&rsquo;autant plus ennuyeuse lorsque de lourds adversaires attendent Bruges. Le programme restant: Bayern (A), Barcelone (H), Sporting Lisbonne (A), Arsenal (H), Almaty (A) et Marseille (H).<\/p>\n<p>C&rsquo;est le tournant de ce Mercredi Master Union Saint-Gilloise. Les Bruxelles, qui ont pu remporter le premier match au PSV Eindhoven, re\u00e7oivent le Newcastle United Lotto Park (18 h 45 \/ Live sur RTL Club, VTM2 et Proximus Pickx). (Cre)<\/p>\n<div id=\"attachment_425985\" class=\"wp-caption alignleft\" style=\"max-width: 300px\"><img decoding=\"async\" class=\"wp-image-425985 size-medium\" src=\"https:\/\/vieassociative.be\/actualites\/wp-content\/uploads\/2025\/09\/1759263440_490_Le-FC-Bruges-mene-a-la-75e-minute-mais-perd.jpg\" alt=\"\" width=\"300\" height=\"200\"><\/div>\n","protected":false},"excerpt":{"rendered":"<p>Le FC Bruges a r\u00e9colt\u00e9 une d\u00e9faite am\u00e8re \u00e0 Atalanta Bergamo lors du 2e match de la ligaphase de la Ligue des champions. Le Br\u00fcgger<\/p>\n","protected":false},"author":1,"featured_media":10362,"comment_status":"","ping_status":"","sticky":false,"template":"","format":"standard","meta":{"footnotes":""},"categories":[298],"tags":[7213,2851,8733,76,8734,156,5541,140,676,5666,3021,2443,110],"class_list":["post-10361","post","type-post","status-publish","format-standard","has-post-thumbnail","hentry","category-belgique","tag-75e","tag-bruges","tag-controversee","tag-est","tag-initiee","tag-mais","tag-mene","tag-minute","tag-par","tag-penalite","tag-perd","tag-tour","tag-une","generate-columns","tablet-grid-50","mobile-grid-100","grid-parent","grid-33"],"yoast_head":"<!-- This site is optimized with the Yoast SEO plugin v24.0 - https:\/\/yoast.com\/wordpress\/plugins\/seo\/ -->\n<title>Le FC Bruges m\u00e8ne \u00e0 la 75e minute, mais perd 1: 2 - Une p\u00e9nalit\u00e9 controvers\u00e9e est initi\u00e9e par le tour | Vie Associative<\/title>\n<meta name=\"robots\" content=\"index, follow, max-snippet:-1, max-image-preview:large, max-video-preview:-1\" \/>\n<link rel=\"canonical\" href=\"https:\/\/vieassociative.be\/actualites\/le-fc-bruges-mene-a-la-75e-minute-mais-perd-1-2-une-penalite-controversee-est-initiee-par-le-tour\/\" \/>\n<meta property=\"og:locale\" content=\"fr_FR\" \/>\n<meta property=\"og:type\" content=\"article\" \/>\n<meta property=\"og:title\" content=\"Le FC Bruges m\u00e8ne \u00e0 la 75e minute, mais perd 1: 2 - Une p\u00e9nalit\u00e9 controvers\u00e9e est initi\u00e9e par le tour | Vie Associative\" \/>\n<meta property=\"og:description\" content=\"Le FC Bruges a r\u00e9colt\u00e9 une d\u00e9faite am\u00e8re \u00e0 Atalanta Bergamo lors du 2e match de la ligaphase de la Ligue des champions. Le Br\u00fcgger\" \/>\n<meta property=\"og:url\" content=\"https:\/\/vieassociative.be\/actualites\/le-fc-bruges-mene-a-la-75e-minute-mais-perd-1-2-une-penalite-controversee-est-initiee-par-le-tour\/\" \/>\n<meta property=\"og:site_name\" content=\"Vie Associative\" \/>\n<meta property=\"article:published_time\" content=\"2025-09-30T20:17:20+00:00\" \/>\n<meta property=\"og:image\" content=\"https:\/\/vieassociative.be\/actualites\/wp-content\/uploads\/2024\/09\/header_backgroundk-01-e1726694325946.png\" \/>\n\t<meta property=\"og:image:width\" content=\"279\" \/>\n\t<meta property=\"og:image:height\" content=\"92\" \/>\n\t<meta property=\"og:image:type\" content=\"image\/png\" \/>\n<meta name=\"author\" content=\"Julien\" \/>\n<meta name=\"twitter:card\" content=\"summary_large_image\" \/>\n<meta name=\"twitter:label1\" content=\"\u00c9crit par\" \/>\n\t<meta name=\"twitter:data1\" content=\"Julien\" \/>\n\t<meta name=\"twitter:label2\" content=\"Dur\u00e9e de lecture est.\" \/>\n\t<meta name=\"twitter:data2\" content=\"1 minute\" \/>\n<script type=\"application\/ld+json\" class=\"yoast-schema-graph\">{\"@context\":\"https:\/\/schema.org\",\"@graph\":[{\"@type\":\"Article\",\"@id\":\"https:\/\/vieassociative.be\/actualites\/le-fc-bruges-mene-a-la-75e-minute-mais-perd-1-2-une-penalite-controversee-est-initiee-par-le-tour\/#article\",\"isPartOf\":{\"@id\":\"https:\/\/vieassociative.be\/actualites\/le-fc-bruges-mene-a-la-75e-minute-mais-perd-1-2-une-penalite-controversee-est-initiee-par-le-tour\/\"},\"author\":{\"name\":\"Julien\",\"@id\":\"https:\/\/vieassociative.be\/actualites\/#\/schema\/person\/b87ac4f82f9d4e7b7cec7395b679edc4\"},\"headline\":\"Le FC Bruges m\u00e8ne \u00e0 la 75e minute, mais perd 1: 2 &#8211; Une p\u00e9nalit\u00e9 controvers\u00e9e est initi\u00e9e par le tour\",\"datePublished\":\"2025-09-30T20:17:20+00:00\",\"dateModified\":\"2025-09-30T20:17:20+00:00\",\"mainEntityOfPage\":{\"@id\":\"https:\/\/vieassociative.be\/actualites\/le-fc-bruges-mene-a-la-75e-minute-mais-perd-1-2-une-penalite-controversee-est-initiee-par-le-tour\/\"},\"wordCount\":261,\"publisher\":{\"@id\":\"https:\/\/vieassociative.be\/actualites\/#organization\"},\"image\":{\"@id\":\"https:\/\/vieassociative.be\/actualites\/le-fc-bruges-mene-a-la-75e-minute-mais-perd-1-2-une-penalite-controversee-est-initiee-par-le-tour\/#primaryimage\"},\"thumbnailUrl\":\"https:\/\/vieassociative.be\/actualites\/wp-content\/uploads\/2025\/09\/1759263441_Le-FC-Bruges-mene-a-la-75e-minute-mais-perd.jpg\",\"keywords\":[\"75e\",\"Bruges\",\"controvers\u00e9e\",\"est\",\"initi\u00e9e\",\"mais\",\"m\u00e8ne\",\"minute\",\"par\",\"p\u00e9nalit\u00e9\",\"perd\",\"Tour\",\"une\"],\"articleSection\":[\"Belgique\"],\"inLanguage\":\"fr-BE\"},{\"@type\":\"WebPage\",\"@id\":\"https:\/\/vieassociative.be\/actualites\/le-fc-bruges-mene-a-la-75e-minute-mais-perd-1-2-une-penalite-controversee-est-initiee-par-le-tour\/\",\"url\":\"https:\/\/vieassociative.be\/actualites\/le-fc-bruges-mene-a-la-75e-minute-mais-perd-1-2-une-penalite-controversee-est-initiee-par-le-tour\/\",\"name\":\"Le FC Bruges m\u00e8ne \u00e0 la 75e minute, mais perd 1: 2 - Une p\u00e9nalit\u00e9 controvers\u00e9e est initi\u00e9e par le tour | Vie Associative\",\"isPartOf\":{\"@id\":\"https:\/\/vieassociative.be\/actualites\/#website\"},\"primaryImageOfPage\":{\"@id\":\"https:\/\/vieassociative.be\/actualites\/le-fc-bruges-mene-a-la-75e-minute-mais-perd-1-2-une-penalite-controversee-est-initiee-par-le-tour\/#primaryimage\"},\"image\":{\"@id\":\"https:\/\/vieassociative.be\/actualites\/le-fc-bruges-mene-a-la-75e-minute-mais-perd-1-2-une-penalite-controversee-est-initiee-par-le-tour\/#primaryimage\"},\"thumbnailUrl\":\"https:\/\/vieassociative.be\/actualites\/wp-content\/uploads\/2025\/09\/1759263441_Le-FC-Bruges-mene-a-la-75e-minute-mais-perd.jpg\",\"datePublished\":\"2025-09-30T20:17:20+00:00\",\"dateModified\":\"2025-09-30T20:17:20+00:00\",\"breadcrumb\":{\"@id\":\"https:\/\/vieassociative.be\/actualites\/le-fc-bruges-mene-a-la-75e-minute-mais-perd-1-2-une-penalite-controversee-est-initiee-par-le-tour\/#breadcrumb\"},\"inLanguage\":\"fr-BE\",\"potentialAction\":[{\"@type\":\"ReadAction\",\"target\":[\"https:\/\/vieassociative.be\/actualites\/le-fc-bruges-mene-a-la-75e-minute-mais-perd-1-2-une-penalite-controversee-est-initiee-par-le-tour\/\"]}]},{\"@type\":\"ImageObject\",\"inLanguage\":\"fr-BE\",\"@id\":\"https:\/\/vieassociative.be\/actualites\/le-fc-bruges-mene-a-la-75e-minute-mais-perd-1-2-une-penalite-controversee-est-initiee-par-le-tour\/#primaryimage\",\"url\":\"https:\/\/vieassociative.be\/actualites\/wp-content\/uploads\/2025\/09\/1759263441_Le-FC-Bruges-mene-a-la-75e-minute-mais-perd.jpg\",\"contentUrl\":\"https:\/\/vieassociative.be\/actualites\/wp-content\/uploads\/2025\/09\/1759263441_Le-FC-Bruges-mene-a-la-75e-minute-mais-perd.jpg\",\"width\":1200,\"height\":800,\"caption\":\"Le FC Bruges m\u00e8ne \u00e0 la 75e minute, mais perd 1: 2 - Une p\u00e9nalit\u00e9 controvers\u00e9e est initi\u00e9e par le tour\"},{\"@type\":\"BreadcrumbList\",\"@id\":\"https:\/\/vieassociative.be\/actualites\/le-fc-bruges-mene-a-la-75e-minute-mais-perd-1-2-une-penalite-controversee-est-initiee-par-le-tour\/#breadcrumb\",\"itemListElement\":[{\"@type\":\"ListItem\",\"position\":1,\"name\":\"Accueil\",\"item\":\"https:\/\/vieassociative.be\/actualites\/\"},{\"@type\":\"ListItem\",\"position\":2,\"name\":\"Le FC Bruges m\u00e8ne \u00e0 la 75e minute, mais perd 1: 2 &#8211; Une p\u00e9nalit\u00e9 controvers\u00e9e est initi\u00e9e par le tour\"}]},{\"@type\":\"WebSite\",\"@id\":\"https:\/\/vieassociative.be\/actualites\/#website\",\"url\":\"https:\/\/vieassociative.be\/actualites\/\",\"name\":\"Vie Associative\",\"description\":\"\",\"publisher\":{\"@id\":\"https:\/\/vieassociative.be\/actualites\/#organization\"},\"potentialAction\":[{\"@type\":\"SearchAction\",\"target\":{\"@type\":\"EntryPoint\",\"urlTemplate\":\"https:\/\/vieassociative.be\/actualites\/?s={search_term_string}\"},\"query-input\":{\"@type\":\"PropertyValueSpecification\",\"valueRequired\":true,\"valueName\":\"search_term_string\"}}],\"inLanguage\":\"fr-BE\"},{\"@type\":\"Organization\",\"@id\":\"https:\/\/vieassociative.be\/actualites\/#organization\",\"name\":\"Vie Associative\",\"url\":\"https:\/\/vieassociative.be\/actualites\/\",\"logo\":{\"@type\":\"ImageObject\",\"inLanguage\":\"fr-BE\",\"@id\":\"https:\/\/vieassociative.be\/actualites\/#\/schema\/logo\/image\/\",\"url\":\"https:\/\/vieassociative.be\/actualites\/wp-content\/uploads\/2024\/09\/cropped-vieassociative_favicon.ico.png\",\"contentUrl\":\"https:\/\/vieassociative.be\/actualites\/wp-content\/uploads\/2024\/09\/cropped-vieassociative_favicon.ico.png\",\"width\":512,\"height\":512,\"caption\":\"Vie Associative\"},\"image\":{\"@id\":\"https:\/\/vieassociative.be\/actualites\/#\/schema\/logo\/image\/\"}},{\"@type\":\"Person\",\"@id\":\"https:\/\/vieassociative.be\/actualites\/#\/schema\/person\/b87ac4f82f9d4e7b7cec7395b679edc4\",\"name\":\"Julien\",\"image\":{\"@type\":\"ImageObject\",\"inLanguage\":\"fr-BE\",\"@id\":\"https:\/\/vieassociative.be\/actualites\/#\/schema\/person\/image\/\",\"url\":\"https:\/\/vieassociative.be\/actualites\/wp-content\/uploads\/2024\/09\/vie-associative-1-150x150.jpg\",\"contentUrl\":\"https:\/\/vieassociative.be\/actualites\/wp-content\/uploads\/2024\/09\/vie-associative-1-150x150.jpg\",\"caption\":\"Julien\"},\"description\":\"Je suis Julien, r\u00e9dacteur pour Vie Associative. Passionn\u00e9 par le monde associatif depuis plus de 10 ans, j'ai \u00e0 c\u0153ur de partager des histoires inspirantes et de mettre en lumi\u00e8re les initiatives locales. Mon objectif est de sensibiliser et d'encourager l'engagement communautaire \u00e0 travers mes articles.\",\"sameAs\":[\"https:\/\/vieassociative.be\/\"]}]}<\/script>\n<!-- \/ Yoast SEO plugin. -->","yoast_head_json":{"title":"Le FC Bruges m\u00e8ne \u00e0 la 75e minute, mais perd 1: 2 - Une p\u00e9nalit\u00e9 controvers\u00e9e est initi\u00e9e par le tour | Vie Associative","robots":{"index":"index","follow":"follow","max-snippet":"max-snippet:-1","max-image-preview":"max-image-preview:large","max-video-preview":"max-video-preview:-1"},"canonical":"https:\/\/vieassociative.be\/actualites\/le-fc-bruges-mene-a-la-75e-minute-mais-perd-1-2-une-penalite-controversee-est-initiee-par-le-tour\/","og_locale":"fr_FR","og_type":"article","og_title":"Le FC Bruges m\u00e8ne \u00e0 la 75e minute, mais perd 1: 2 - Une p\u00e9nalit\u00e9 controvers\u00e9e est initi\u00e9e par le tour | Vie Associative","og_description":"Le FC Bruges a r\u00e9colt\u00e9 une d\u00e9faite am\u00e8re \u00e0 Atalanta Bergamo lors du 2e match de la ligaphase de la Ligue des champions. Le Br\u00fcgger","og_url":"https:\/\/vieassociative.be\/actualites\/le-fc-bruges-mene-a-la-75e-minute-mais-perd-1-2-une-penalite-controversee-est-initiee-par-le-tour\/","og_site_name":"Vie Associative","article_published_time":"2025-09-30T20:17:20+00:00","og_image":[{"width":279,"height":92,"url":"https:\/\/vieassociative.be\/actualites\/wp-content\/uploads\/2024\/09\/header_backgroundk-01-e1726694325946.png","type":"image\/png"}],"author":"Julien","twitter_card":"summary_large_image","twitter_misc":{"\u00c9crit par":"Julien","Dur\u00e9e de lecture est.":"1 minute"},"schema":{"@context":"https:\/\/schema.org","@graph":[{"@type":"Article","@id":"https:\/\/vieassociative.be\/actualites\/le-fc-bruges-mene-a-la-75e-minute-mais-perd-1-2-une-penalite-controversee-est-initiee-par-le-tour\/#article","isPartOf":{"@id":"https:\/\/vieassociative.be\/actualites\/le-fc-bruges-mene-a-la-75e-minute-mais-perd-1-2-une-penalite-controversee-est-initiee-par-le-tour\/"},"author":{"name":"Julien","@id":"https:\/\/vieassociative.be\/actualites\/#\/schema\/person\/b87ac4f82f9d4e7b7cec7395b679edc4"},"headline":"Le FC Bruges m\u00e8ne \u00e0 la 75e minute, mais perd 1: 2 &#8211; Une p\u00e9nalit\u00e9 controvers\u00e9e est initi\u00e9e par le tour","datePublished":"2025-09-30T20:17:20+00:00","dateModified":"2025-09-30T20:17:20+00:00","mainEntityOfPage":{"@id":"https:\/\/vieassociative.be\/actualites\/le-fc-bruges-mene-a-la-75e-minute-mais-perd-1-2-une-penalite-controversee-est-initiee-par-le-tour\/"},"wordCount":261,"publisher":{"@id":"https:\/\/vieassociative.be\/actualites\/#organization"},"image":{"@id":"https:\/\/vieassociative.be\/actualites\/le-fc-bruges-mene-a-la-75e-minute-mais-perd-1-2-une-penalite-controversee-est-initiee-par-le-tour\/#primaryimage"},"thumbnailUrl":"https:\/\/vieassociative.be\/actualites\/wp-content\/uploads\/2025\/09\/1759263441_Le-FC-Bruges-mene-a-la-75e-minute-mais-perd.jpg","keywords":["75e","Bruges","controvers\u00e9e","est","initi\u00e9e","mais","m\u00e8ne","minute","par","p\u00e9nalit\u00e9","perd","Tour","une"],"articleSection":["Belgique"],"inLanguage":"fr-BE"},{"@type":"WebPage","@id":"https:\/\/vieassociative.be\/actualites\/le-fc-bruges-mene-a-la-75e-minute-mais-perd-1-2-une-penalite-controversee-est-initiee-par-le-tour\/","url":"https:\/\/vieassociative.be\/actualites\/le-fc-bruges-mene-a-la-75e-minute-mais-perd-1-2-une-penalite-controversee-est-initiee-par-le-tour\/","name":"Le FC Bruges m\u00e8ne \u00e0 la 75e minute, mais perd 1: 2 - Une p\u00e9nalit\u00e9 controvers\u00e9e est initi\u00e9e par le tour | Vie Associative","isPartOf":{"@id":"https:\/\/vieassociative.be\/actualites\/#website"},"primaryImageOfPage":{"@id":"https:\/\/vieassociative.be\/actualites\/le-fc-bruges-mene-a-la-75e-minute-mais-perd-1-2-une-penalite-controversee-est-initiee-par-le-tour\/#primaryimage"},"image":{"@id":"https:\/\/vieassociative.be\/actualites\/le-fc-bruges-mene-a-la-75e-minute-mais-perd-1-2-une-penalite-controversee-est-initiee-par-le-tour\/#primaryimage"},"thumbnailUrl":"https:\/\/vieassociative.be\/actualites\/wp-content\/uploads\/2025\/09\/1759263441_Le-FC-Bruges-mene-a-la-75e-minute-mais-perd.jpg","datePublished":"2025-09-30T20:17:20+00:00","dateModified":"2025-09-30T20:17:20+00:00","breadcrumb":{"@id":"https:\/\/vieassociative.be\/actualites\/le-fc-bruges-mene-a-la-75e-minute-mais-perd-1-2-une-penalite-controversee-est-initiee-par-le-tour\/#breadcrumb"},"inLanguage":"fr-BE","potentialAction":[{"@type":"ReadAction","target":["https:\/\/vieassociative.be\/actualites\/le-fc-bruges-mene-a-la-75e-minute-mais-perd-1-2-une-penalite-controversee-est-initiee-par-le-tour\/"]}]},{"@type":"ImageObject","inLanguage":"fr-BE","@id":"https:\/\/vieassociative.be\/actualites\/le-fc-bruges-mene-a-la-75e-minute-mais-perd-1-2-une-penalite-controversee-est-initiee-par-le-tour\/#primaryimage","url":"https:\/\/vieassociative.be\/actualites\/wp-content\/uploads\/2025\/09\/1759263441_Le-FC-Bruges-mene-a-la-75e-minute-mais-perd.jpg","contentUrl":"https:\/\/vieassociative.be\/actualites\/wp-content\/uploads\/2025\/09\/1759263441_Le-FC-Bruges-mene-a-la-75e-minute-mais-perd.jpg","width":1200,"height":800,"caption":"Le FC Bruges m\u00e8ne \u00e0 la 75e minute, mais perd 1: 2 - Une p\u00e9nalit\u00e9 controvers\u00e9e est initi\u00e9e par le tour"},{"@type":"BreadcrumbList","@id":"https:\/\/vieassociative.be\/actualites\/le-fc-bruges-mene-a-la-75e-minute-mais-perd-1-2-une-penalite-controversee-est-initiee-par-le-tour\/#breadcrumb","itemListElement":[{"@type":"ListItem","position":1,"name":"Accueil","item":"https:\/\/vieassociative.be\/actualites\/"},{"@type":"ListItem","position":2,"name":"Le FC Bruges m\u00e8ne \u00e0 la 75e minute, mais perd 1: 2 &#8211; Une p\u00e9nalit\u00e9 controvers\u00e9e est initi\u00e9e par le tour"}]},{"@type":"WebSite","@id":"https:\/\/vieassociative.be\/actualites\/#website","url":"https:\/\/vieassociative.be\/actualites\/","name":"Vie Associative","description":"","publisher":{"@id":"https:\/\/vieassociative.be\/actualites\/#organization"},"potentialAction":[{"@type":"SearchAction","target":{"@type":"EntryPoint","urlTemplate":"https:\/\/vieassociative.be\/actualites\/?s={search_term_string}"},"query-input":{"@type":"PropertyValueSpecification","valueRequired":true,"valueName":"search_term_string"}}],"inLanguage":"fr-BE"},{"@type":"Organization","@id":"https:\/\/vieassociative.be\/actualites\/#organization","name":"Vie Associative","url":"https:\/\/vieassociative.be\/actualites\/","logo":{"@type":"ImageObject","inLanguage":"fr-BE","@id":"https:\/\/vieassociative.be\/actualites\/#\/schema\/logo\/image\/","url":"https:\/\/vieassociative.be\/actualites\/wp-content\/uploads\/2024\/09\/cropped-vieassociative_favicon.ico.png","contentUrl":"https:\/\/vieassociative.be\/actualites\/wp-content\/uploads\/2024\/09\/cropped-vieassociative_favicon.ico.png","width":512,"height":512,"caption":"Vie Associative"},"image":{"@id":"https:\/\/vieassociative.be\/actualites\/#\/schema\/logo\/image\/"}},{"@type":"Person","@id":"https:\/\/vieassociative.be\/actualites\/#\/schema\/person\/b87ac4f82f9d4e7b7cec7395b679edc4","name":"Julien","image":{"@type":"ImageObject","inLanguage":"fr-BE","@id":"https:\/\/vieassociative.be\/actualites\/#\/schema\/person\/image\/","url":"https:\/\/vieassociative.be\/actualites\/wp-content\/uploads\/2024\/09\/vie-associative-1-150x150.jpg","contentUrl":"https:\/\/vieassociative.be\/actualites\/wp-content\/uploads\/2024\/09\/vie-associative-1-150x150.jpg","caption":"Julien"},"description":"Je suis Julien, r\u00e9dacteur pour Vie Associative. Passionn\u00e9 par le monde associatif depuis plus de 10 ans, j'ai \u00e0 c\u0153ur de partager des histoires inspirantes et de mettre en lumi\u00e8re les initiatives locales. Mon objectif est de sensibiliser et d'encourager l'engagement communautaire \u00e0 travers mes articles.","sameAs":["https:\/\/vieassociative.be\/"]}]}},"_links":{"self":[{"href":"https:\/\/vieassociative.be\/actualites\/wp-json\/wp\/v2\/posts\/10361"}],"collection":[{"href":"https:\/\/vieassociative.be\/actualites\/wp-json\/wp\/v2\/posts"}],"about":[{"href":"https:\/\/vieassociative.be\/actualites\/wp-json\/wp\/v2\/types\/post"}],"author":[{"embeddable":true,"href":"https:\/\/vieassociative.be\/actualites\/wp-json\/wp\/v2\/users\/1"}],"replies":[{"embeddable":true,"href":"https:\/\/vieassociative.be\/actualites\/wp-json\/wp\/v2\/comments?post=10361"}],"version-history":[{"count":0,"href":"https:\/\/vieassociative.be\/actualites\/wp-json\/wp\/v2\/posts\/10361\/revisions"}],"wp:featuredmedia":[{"embeddable":true,"href":"https:\/\/vieassociative.be\/actualites\/wp-json\/wp\/v2\/media\/10362"}],"wp:attachment":[{"href":"https:\/\/vieassociative.be\/actualites\/wp-json\/wp\/v2\/media?parent=10361"}],"wp:term":[{"taxonomy":"category","embeddable":true,"href":"https:\/\/vieassociative.be\/actualites\/wp-json\/wp\/v2\/categories?post=10361"},{"taxonomy":"post_tag","embeddable":true,"href":"https:\/\/vieassociative.be\/actualites\/wp-json\/wp\/v2\/tags?post=10361"}],"curies":[{"name":"wp","href":"https:\/\/api.w.org\/{rel}","templated":true}]}}