{"id":10359,"date":"2025-09-30T21:17:02","date_gmt":"2025-09-30T19:17:02","guid":{"rendered":"https:\/\/vieassociative.be\/actualites\/amazon-vient-dannoncer-un-scribe-de-couleurs-kindle-et-cest-cher\/"},"modified":"2025-09-30T21:17:02","modified_gmt":"2025-09-30T19:17:02","slug":"amazon-vient-dannoncer-un-scribe-de-couleurs-kindle-et-cest-cher","status":"publish","type":"post","link":"https:\/\/vieassociative.be\/actualites\/amazon-vient-dannoncer-un-scribe-de-couleurs-kindle-et-cest-cher\/","title":{"rendered":"Amazon vient d&rsquo;annoncer un scribe de couleurs Kindle, et c&rsquo;est cher"},"content":{"rendered":"<div class=\"mt-4 leading-6 md:mb-8\">Il a un nouveau look avec un \u00e9cran plus grand, mais cela vous co\u00fbtera.<\/div>\n<p><\/p>\n<p><em>Saviez-vous que vous pouvez personnaliser Google pour filtrer les ordures? Prendre ces \u00e9tapes<\/em><em>  Pour de meilleurs r\u00e9sultats de recherche, notamment l&rsquo;ajout de Vie Associative comme source pr\u00e9f\u00e9r\u00e9e pour les nouvelles technologiques<\/em><em>.<\/em><\/p>\n<hr>\n<p>Lors de son \u00e9v\u00e9nement mat\u00e9riel d&rsquo;automne aujourd&rsquo;hui, Amazon a annonc\u00e9 une nouvelle gamme d&rsquo;appareils Kindle Scribe, moins d&rsquo;un an apr\u00e8s la sortie de la deuxi\u00e8me g\u00e9n\u00e9ration de son e-lise en ligne. Les trois appareils arborent un nouveau design avec des lunettes plus petites et un \u00e9cran de 11 pouces plus grand, mais le point \u00e0 retenir cl\u00e9 est que la m\u00eame technologie d&rsquo;affichage qui alimente le Kindle Colorsoft arrive sur le cahier num\u00e9rique &#8211; ainsi que avec un prix \u00e9lev\u00e9.<\/p>\n<h2 id=\"three-new-kindle-scribes-are-on-the-way\">Trois nouveaux scribes Kindle sont en route<\/h2>\n<p>Lors de l&rsquo;\u00e9v\u00e9nement, Amazon a r\u00e9v\u00e9l\u00e9 que les plans pour une gamme de scribe r\u00e9vis\u00e9e qui comprennent trois appareils diff\u00e9rents: le Scribe Scribe standard (\u00e0 partir de 499 $) avec la lumi\u00e8re avant et le Scribe Colorsoft (\u00e0 partir de 629 $) seront tous deux disponibles plus tard cette ann\u00e9e.<\/p>\n<div class=\"mx-auto mb-12 mt-5 w-full max-w-3xl rounded-md border-2 border-gray-100 p-3 shadow-md md:px-7 md:pb-7 md:pt-5\" id=\"related-video\">\n<div class=\"mb-3 flex items-center md:mb-5\">\n        <img decoding=\"async\" class=\"mr-4 mt-0 h-10 w-10 md:mr-5 md:h-12 md:w-12\" src=\"https:\/\/vieassociative.be\/actualites\/wp-content\/uploads\/2025\/09\/1757726237_608_Meta-pourrait-devoiler-une-montre-intelligente-pour-controler-ses-lunettes.jpg\" alt=\"Logo Lifehacker\"><\/p><\/div>\n<div class=\"aspect-video w-full overflow-hidden rounded-md\">\n<div id=\"video-container-01K6DZV8G6T8MZGJMA86DQCEMM\"><\/div>\n<\/p><\/div>\n<\/div>\n<p>\u00c9tant donn\u00e9 qu&rsquo;Amazon a lanc\u00e9 l&rsquo;an dernier le Kindle Colorsoft E-Reader, il n&rsquo;est pas surprenant qu&rsquo;ils apportent leur pile d&rsquo;\u00e9cran de couleur la mieux en classe au scribe &#8211; des concurrents comme BOOX offrent des cahiers num\u00e9riques en couleur pendant des ann\u00e9es. (Le BOOX Note Air 4C de 530 $ est actuellement mon choix pour le meilleur ordinateur portable num\u00e9rique polyvalent pour la plupart des gens.)<\/p>\n<p>Mais je trouve que l&rsquo;ajout d&rsquo;un scribe sans lumi\u00e8re avant est un peu d\u00e9routant: bien qu&rsquo;il soit vrai que l&rsquo;ajout d&rsquo;une couche d&rsquo;\u00e9clairage met une distance suppl\u00e9mentaire entre la pointe du stylet et l&rsquo;affichage int\u00e9rieur, qui peut rendre l&rsquo;exp\u00e9rience d&rsquo;\u00e9criture moins \u00ab\u00a0en papier\u00a0\u00bb, le scribe Kindle 2024 (avec une excellente lumi\u00e8re avant) se d\u00e9roule d\u00e9j\u00e0 extr\u00eamement bien \u00e0 cet \u00e9gard. Honn\u00eatement, je suis surpris qu&rsquo;Amazon pense qu&rsquo;il y a un march\u00e9 suffisamment important pour une version sans \u00e9clairage, surtout \u00e9tant donn\u00e9 qu&rsquo;\u00e0 429 $, il co\u00fbte plus cher que le mod\u00e8le actuel <em>avec<\/em> \u00e9clairage.<\/p>\n<h2 id=\"a-new-design-and-new-features\">Un nouveau design et de nouvelles fonctionnalit\u00e9s<\/h2>\n<p>Amazon promet que ces scribes offrent une exp\u00e9rience am\u00e9lior\u00e9e, que vous optiez ou non pour la couleur: dans un communiqu\u00e9 de presse, la soci\u00e9t\u00e9 vante un nouveau syst\u00e8me d&rsquo;\u00e9clairage avant avec un \u00e9clairage plus uniforme, un nouveau verre textur\u00e9 qui se sent mieux \u00e0 \u00e9crire, une nouvelle pile d&rsquo;affichage qui a r\u00e9duit la distance entre le verre ext\u00e9rieur et l&rsquo;\u00e9cran int\u00e9rieur, ainsi qu&rsquo;un processeur plus rapide et plus de m\u00e9moire. <\/p>\n<p>Les nouveaux appareils se ressemblent tous, \u00e0 l&rsquo;exception des lunettes de couleurs diff\u00e9rentes; Fini la conception de la lunette d\u00e9cal\u00e9e de la g\u00e9n\u00e9ration actuelle du scribe, remplac\u00e9e par des lunettes plus minces et uniformes sur les quatre c\u00f4t\u00e9s de l&rsquo;\u00e9cran. Sans cas, ils peseront 400 g, 34g plus l\u00e9ger que l&rsquo;ancien mod\u00e8le. <\/p>\n<p>Il est difficile de dire ce que tout cela signifie en termes d&rsquo;utilisation pratique &#8211; par exemple, Amazon vante qu&rsquo;il est \u00ab\u00a040% plus rapide pour l&rsquo;\u00e9criture et les virages de la page\u00a0\u00bb, mais les virages Kindle Page sont d\u00e9j\u00e0 rapides, et comme je l&rsquo;ai not\u00e9 lorsque j&rsquo;ai pass\u00e9 en revue le Scribe 2024 plus t\u00f4t cette ann\u00e9e, ce mod\u00e8le a d\u00e9j\u00e0 eu une excellente exp\u00e9rience d&rsquo;\u00e9criture. Le jury est d\u00e9termin\u00e9 \u00e0 savoir si ces mises \u00e0 jour justifient l&rsquo;augmentation des prix, que vous soyez am\u00e9lior\u00e9 ou achet\u00e9 pour la premi\u00e8re fois. <\/p>\n<p>Mis \u00e0 part le mat\u00e9riel, Amazon a \u00e9galement parl\u00e9 des modifications des logiciels, y compris un \u00e9cran d&rsquo;accueil repens\u00e9 qui place vos notes \u00e0 l&rsquo;avant et au centre, Google Drive et Microsoft OneDrive, la recherche aliment\u00e9e par AI pour vos notes et une fonctionnalit\u00e9 num\u00e9rique \u00ab\u00a0Envoyer \u00e0 Alexa +\u00a0\u00bb qui vous permettra de converser avec la version payante de l&rsquo;assistant num\u00e9rique d&rsquo;Amazon sur les contenus de vos livres. <\/p>\n<h2 id=\"pricier-than-the-competition\">Plus cher que la comp\u00e9tition<\/h2>\n<p>Sans \u00eatre devenu pratique avec les nouveaux scribes, je peux dire que tous ces changements sonnent bien, mais ces prix,. Amazon n&rsquo;a pas pr\u00e9cis\u00e9 si les tarifs \u00e9taient un facteur, mais m\u00eame \u00e9tant donn\u00e9 le plus grand \u00e9cran (11 pouces contre 10,2 pouces sur le mod\u00e8le 2024), le saut de prix apparente de 100 $ pour le scribe noir et blanc est important (accord\u00e9, il est actuellement clair quelle quantit\u00e9 de stockage qui vous m\u00e8nera, mais Amazon note l&rsquo;appareil \u00ab\u00a0commence\u00a0\u00bb \u00e0 499 $, tandis que le mod\u00e8le 2024 est cher \u00e0 399 $ pour 16gb de stockage et en hausse).<\/p>\n<p>Et avec un prix de d\u00e9part de 629 $, le Kindle Scribe Colorsoft est de 100 $ de plus que le BOOX Note Air 4C, et les seconds peuvent faire beaucoup plus, \u00e9tant donn\u00e9 qu&rsquo;il n&rsquo;est pas li\u00e9 \u00e0 l&rsquo;\u00e9cosyst\u00e8me restrictif d&rsquo;Amazon &#8211; les appareils BOOX ex\u00e9cut\u00e9s sur une version ouverte de Android avec l&rsquo;acc\u00e8s \u00e0 la boutique Google Play compl\u00e8te, ce qui signifie que vous pouvez t\u00e9l\u00e9charger vos applications de lecture et de productivit\u00e9 pr\u00e9f\u00e9r\u00e9es, plut\u00f4t que de vous limiter \u00e0 Amazon Store Amazon. Le Kindle offrira probablement une meilleure exp\u00e9rience d&rsquo;\u00e9criture, mais quand il s&rsquo;agit d&rsquo;un outil cher comme celui-ci, cela ne fait qu&rsquo;une partie de l&rsquo;\u00e9quation.<\/p>\n<h2 id=\"get-a-deal-on-a-2024-kindle-scribe\">Obtenez un accord sur un scribe Kindle 2024<\/h2>\n<p>Si vous n&rsquo;\u00eates pas vendu sur les modifications promises et que vous ne vous souciez pas de la prise de notes de couleur, ce n&rsquo;est pas le mauvais moment pour acheter la version de The Kindle Scribe de l&rsquo;ann\u00e9e derni\u00e8re: avant le jour de premier ordre d&rsquo;octobre, il est actuellement en vente \u00e0 partir de 299 $ pour 16 Go de stockage, bien que j&rsquo;opterais probablement pour le pack \u00e0 dur\u00e9e limit\u00e9e avec une couverture et une augmentation \u00e0 64 Go de stockage pour 372 $.<\/p>\n","protected":false},"excerpt":{"rendered":"<p>Il a un nouveau look avec un \u00e9cran plus grand, mais cela vous co\u00fbtera. Saviez-vous que vous pouvez personnaliser Google pour filtrer les ordures? Prendre<\/p>\n","protected":false},"author":1,"featured_media":10360,"comment_status":"","ping_status":"","sticky":false,"template":"","format":"standard","meta":{"footnotes":""},"categories":[13],"tags":[51,362,657,909,5911,2263,8732,1213],"class_list":["post-10359","post","type-post","status-publish","format-standard","has-post-thumbnail","hentry","category-technologie","tag-amazon","tag-cest","tag-cher","tag-couleurs","tag-dannoncer","tag-kindle","tag-scribe","tag-vient","generate-columns","tablet-grid-50","mobile-grid-100","grid-parent","grid-33"],"yoast_head":"<!-- This site is optimized with the Yoast SEO plugin v24.0 - https:\/\/yoast.com\/wordpress\/plugins\/seo\/ -->\n<title>Amazon vient d&#039;annoncer un scribe de couleurs Kindle, et c&#039;est cher | Vie Associative<\/title>\n<meta name=\"robots\" content=\"index, follow, max-snippet:-1, max-image-preview:large, max-video-preview:-1\" \/>\n<link rel=\"canonical\" href=\"https:\/\/vieassociative.be\/actualites\/amazon-vient-dannoncer-un-scribe-de-couleurs-kindle-et-cest-cher\/\" \/>\n<meta property=\"og:locale\" content=\"fr_FR\" \/>\n<meta property=\"og:type\" content=\"article\" \/>\n<meta property=\"og:title\" content=\"Amazon vient d&#039;annoncer un scribe de couleurs Kindle, et c&#039;est cher | Vie Associative\" \/>\n<meta property=\"og:description\" content=\"Il a un nouveau look avec un \u00e9cran plus grand, mais cela vous co\u00fbtera. Saviez-vous que vous pouvez personnaliser Google pour filtrer les ordures? Prendre\" \/>\n<meta property=\"og:url\" content=\"https:\/\/vieassociative.be\/actualites\/amazon-vient-dannoncer-un-scribe-de-couleurs-kindle-et-cest-cher\/\" \/>\n<meta property=\"og:site_name\" content=\"Vie Associative\" \/>\n<meta property=\"article:published_time\" content=\"2025-09-30T19:17:02+00:00\" \/>\n<meta property=\"og:image\" content=\"https:\/\/vieassociative.be\/actualites\/wp-content\/uploads\/2025\/09\/1757726237_608_Meta-pourrait-devoiler-une-montre-intelligente-pour-controler-ses-lunettes.jpg\" \/>\n<meta name=\"author\" content=\"Julien\" \/>\n<meta name=\"twitter:card\" content=\"summary_large_image\" \/>\n<meta name=\"twitter:label1\" content=\"\u00c9crit par\" \/>\n\t<meta name=\"twitter:data1\" content=\"Julien\" \/>\n\t<meta name=\"twitter:label2\" content=\"Dur\u00e9e de lecture est.\" \/>\n\t<meta name=\"twitter:data2\" content=\"5 minutes\" \/>\n<script type=\"application\/ld+json\" class=\"yoast-schema-graph\">{\"@context\":\"https:\/\/schema.org\",\"@graph\":[{\"@type\":\"Article\",\"@id\":\"https:\/\/vieassociative.be\/actualites\/amazon-vient-dannoncer-un-scribe-de-couleurs-kindle-et-cest-cher\/#article\",\"isPartOf\":{\"@id\":\"https:\/\/vieassociative.be\/actualites\/amazon-vient-dannoncer-un-scribe-de-couleurs-kindle-et-cest-cher\/\"},\"author\":{\"name\":\"Julien\",\"@id\":\"https:\/\/vieassociative.be\/actualites\/#\/schema\/person\/b87ac4f82f9d4e7b7cec7395b679edc4\"},\"headline\":\"Amazon vient d&rsquo;annoncer un scribe de couleurs Kindle, et c&rsquo;est cher\",\"datePublished\":\"2025-09-30T19:17:02+00:00\",\"dateModified\":\"2025-09-30T19:17:02+00:00\",\"mainEntityOfPage\":{\"@id\":\"https:\/\/vieassociative.be\/actualites\/amazon-vient-dannoncer-un-scribe-de-couleurs-kindle-et-cest-cher\/\"},\"wordCount\":1047,\"publisher\":{\"@id\":\"https:\/\/vieassociative.be\/actualites\/#organization\"},\"image\":{\"@id\":\"https:\/\/vieassociative.be\/actualites\/amazon-vient-dannoncer-un-scribe-de-couleurs-kindle-et-cest-cher\/#primaryimage\"},\"thumbnailUrl\":\"https:\/\/vieassociative.be\/actualites\/wp-content\/uploads\/2025\/09\/Amazon-vient-dannoncer-un-scribe-de-couleurs-Kindle-et-cest.png\",\"keywords\":[\"Amazon\",\"cest\",\"cher\",\"couleurs\",\"dannoncer\",\"Kindle\",\"scribe\",\"vient\"],\"articleSection\":[\"Technologie\"],\"inLanguage\":\"fr-BE\"},{\"@type\":\"WebPage\",\"@id\":\"https:\/\/vieassociative.be\/actualites\/amazon-vient-dannoncer-un-scribe-de-couleurs-kindle-et-cest-cher\/\",\"url\":\"https:\/\/vieassociative.be\/actualites\/amazon-vient-dannoncer-un-scribe-de-couleurs-kindle-et-cest-cher\/\",\"name\":\"Amazon vient d'annoncer un scribe de couleurs Kindle, et c'est cher | Vie Associative\",\"isPartOf\":{\"@id\":\"https:\/\/vieassociative.be\/actualites\/#website\"},\"primaryImageOfPage\":{\"@id\":\"https:\/\/vieassociative.be\/actualites\/amazon-vient-dannoncer-un-scribe-de-couleurs-kindle-et-cest-cher\/#primaryimage\"},\"image\":{\"@id\":\"https:\/\/vieassociative.be\/actualites\/amazon-vient-dannoncer-un-scribe-de-couleurs-kindle-et-cest-cher\/#primaryimage\"},\"thumbnailUrl\":\"https:\/\/vieassociative.be\/actualites\/wp-content\/uploads\/2025\/09\/Amazon-vient-dannoncer-un-scribe-de-couleurs-Kindle-et-cest.png\",\"datePublished\":\"2025-09-30T19:17:02+00:00\",\"dateModified\":\"2025-09-30T19:17:02+00:00\",\"breadcrumb\":{\"@id\":\"https:\/\/vieassociative.be\/actualites\/amazon-vient-dannoncer-un-scribe-de-couleurs-kindle-et-cest-cher\/#breadcrumb\"},\"inLanguage\":\"fr-BE\",\"potentialAction\":[{\"@type\":\"ReadAction\",\"target\":[\"https:\/\/vieassociative.be\/actualites\/amazon-vient-dannoncer-un-scribe-de-couleurs-kindle-et-cest-cher\/\"]}]},{\"@type\":\"ImageObject\",\"inLanguage\":\"fr-BE\",\"@id\":\"https:\/\/vieassociative.be\/actualites\/amazon-vient-dannoncer-un-scribe-de-couleurs-kindle-et-cest-cher\/#primaryimage\",\"url\":\"https:\/\/vieassociative.be\/actualites\/wp-content\/uploads\/2025\/09\/Amazon-vient-dannoncer-un-scribe-de-couleurs-Kindle-et-cest.png\",\"contentUrl\":\"https:\/\/vieassociative.be\/actualites\/wp-content\/uploads\/2025\/09\/Amazon-vient-dannoncer-un-scribe-de-couleurs-Kindle-et-cest.png\",\"width\":1200,\"height\":675,\"caption\":\"Amazon vient d'annoncer un scribe de couleurs Kindle, et c'est cher\"},{\"@type\":\"BreadcrumbList\",\"@id\":\"https:\/\/vieassociative.be\/actualites\/amazon-vient-dannoncer-un-scribe-de-couleurs-kindle-et-cest-cher\/#breadcrumb\",\"itemListElement\":[{\"@type\":\"ListItem\",\"position\":1,\"name\":\"Accueil\",\"item\":\"https:\/\/vieassociative.be\/actualites\/\"},{\"@type\":\"ListItem\",\"position\":2,\"name\":\"Amazon vient d&rsquo;annoncer un scribe de couleurs Kindle, et c&rsquo;est cher\"}]},{\"@type\":\"WebSite\",\"@id\":\"https:\/\/vieassociative.be\/actualites\/#website\",\"url\":\"https:\/\/vieassociative.be\/actualites\/\",\"name\":\"Vie Associative\",\"description\":\"\",\"publisher\":{\"@id\":\"https:\/\/vieassociative.be\/actualites\/#organization\"},\"potentialAction\":[{\"@type\":\"SearchAction\",\"target\":{\"@type\":\"EntryPoint\",\"urlTemplate\":\"https:\/\/vieassociative.be\/actualites\/?s={search_term_string}\"},\"query-input\":{\"@type\":\"PropertyValueSpecification\",\"valueRequired\":true,\"valueName\":\"search_term_string\"}}],\"inLanguage\":\"fr-BE\"},{\"@type\":\"Organization\",\"@id\":\"https:\/\/vieassociative.be\/actualites\/#organization\",\"name\":\"Vie Associative\",\"url\":\"https:\/\/vieassociative.be\/actualites\/\",\"logo\":{\"@type\":\"ImageObject\",\"inLanguage\":\"fr-BE\",\"@id\":\"https:\/\/vieassociative.be\/actualites\/#\/schema\/logo\/image\/\",\"url\":\"https:\/\/vieassociative.be\/actualites\/wp-content\/uploads\/2024\/09\/cropped-vieassociative_favicon.ico.png\",\"contentUrl\":\"https:\/\/vieassociative.be\/actualites\/wp-content\/uploads\/2024\/09\/cropped-vieassociative_favicon.ico.png\",\"width\":512,\"height\":512,\"caption\":\"Vie Associative\"},\"image\":{\"@id\":\"https:\/\/vieassociative.be\/actualites\/#\/schema\/logo\/image\/\"}},{\"@type\":\"Person\",\"@id\":\"https:\/\/vieassociative.be\/actualites\/#\/schema\/person\/b87ac4f82f9d4e7b7cec7395b679edc4\",\"name\":\"Julien\",\"image\":{\"@type\":\"ImageObject\",\"inLanguage\":\"fr-BE\",\"@id\":\"https:\/\/vieassociative.be\/actualites\/#\/schema\/person\/image\/\",\"url\":\"https:\/\/vieassociative.be\/actualites\/wp-content\/uploads\/2024\/09\/vie-associative-1-150x150.jpg\",\"contentUrl\":\"https:\/\/vieassociative.be\/actualites\/wp-content\/uploads\/2024\/09\/vie-associative-1-150x150.jpg\",\"caption\":\"Julien\"},\"description\":\"Je suis Julien, r\u00e9dacteur pour Vie Associative. Passionn\u00e9 par le monde associatif depuis plus de 10 ans, j'ai \u00e0 c\u0153ur de partager des histoires inspirantes et de mettre en lumi\u00e8re les initiatives locales. Mon objectif est de sensibiliser et d'encourager l'engagement communautaire \u00e0 travers mes articles.\",\"sameAs\":[\"https:\/\/vieassociative.be\/\"]}]}<\/script>\n<!-- \/ Yoast SEO plugin. -->","yoast_head_json":{"title":"Amazon vient d'annoncer un scribe de couleurs Kindle, et c'est cher | Vie Associative","robots":{"index":"index","follow":"follow","max-snippet":"max-snippet:-1","max-image-preview":"max-image-preview:large","max-video-preview":"max-video-preview:-1"},"canonical":"https:\/\/vieassociative.be\/actualites\/amazon-vient-dannoncer-un-scribe-de-couleurs-kindle-et-cest-cher\/","og_locale":"fr_FR","og_type":"article","og_title":"Amazon vient d'annoncer un scribe de couleurs Kindle, et c'est cher | Vie Associative","og_description":"Il a un nouveau look avec un \u00e9cran plus grand, mais cela vous co\u00fbtera. Saviez-vous que vous pouvez personnaliser Google pour filtrer les ordures? Prendre","og_url":"https:\/\/vieassociative.be\/actualites\/amazon-vient-dannoncer-un-scribe-de-couleurs-kindle-et-cest-cher\/","og_site_name":"Vie Associative","article_published_time":"2025-09-30T19:17:02+00:00","og_image":[{"url":"https:\/\/vieassociative.be\/actualites\/wp-content\/uploads\/2025\/09\/1757726237_608_Meta-pourrait-devoiler-une-montre-intelligente-pour-controler-ses-lunettes.jpg","type":"","width":"","height":""}],"author":"Julien","twitter_card":"summary_large_image","twitter_misc":{"\u00c9crit par":"Julien","Dur\u00e9e de lecture est.":"5 minutes"},"schema":{"@context":"https:\/\/schema.org","@graph":[{"@type":"Article","@id":"https:\/\/vieassociative.be\/actualites\/amazon-vient-dannoncer-un-scribe-de-couleurs-kindle-et-cest-cher\/#article","isPartOf":{"@id":"https:\/\/vieassociative.be\/actualites\/amazon-vient-dannoncer-un-scribe-de-couleurs-kindle-et-cest-cher\/"},"author":{"name":"Julien","@id":"https:\/\/vieassociative.be\/actualites\/#\/schema\/person\/b87ac4f82f9d4e7b7cec7395b679edc4"},"headline":"Amazon vient d&rsquo;annoncer un scribe de couleurs Kindle, et c&rsquo;est cher","datePublished":"2025-09-30T19:17:02+00:00","dateModified":"2025-09-30T19:17:02+00:00","mainEntityOfPage":{"@id":"https:\/\/vieassociative.be\/actualites\/amazon-vient-dannoncer-un-scribe-de-couleurs-kindle-et-cest-cher\/"},"wordCount":1047,"publisher":{"@id":"https:\/\/vieassociative.be\/actualites\/#organization"},"image":{"@id":"https:\/\/vieassociative.be\/actualites\/amazon-vient-dannoncer-un-scribe-de-couleurs-kindle-et-cest-cher\/#primaryimage"},"thumbnailUrl":"https:\/\/vieassociative.be\/actualites\/wp-content\/uploads\/2025\/09\/Amazon-vient-dannoncer-un-scribe-de-couleurs-Kindle-et-cest.png","keywords":["Amazon","cest","cher","couleurs","dannoncer","Kindle","scribe","vient"],"articleSection":["Technologie"],"inLanguage":"fr-BE"},{"@type":"WebPage","@id":"https:\/\/vieassociative.be\/actualites\/amazon-vient-dannoncer-un-scribe-de-couleurs-kindle-et-cest-cher\/","url":"https:\/\/vieassociative.be\/actualites\/amazon-vient-dannoncer-un-scribe-de-couleurs-kindle-et-cest-cher\/","name":"Amazon vient d'annoncer un scribe de couleurs Kindle, et c'est cher | Vie Associative","isPartOf":{"@id":"https:\/\/vieassociative.be\/actualites\/#website"},"primaryImageOfPage":{"@id":"https:\/\/vieassociative.be\/actualites\/amazon-vient-dannoncer-un-scribe-de-couleurs-kindle-et-cest-cher\/#primaryimage"},"image":{"@id":"https:\/\/vieassociative.be\/actualites\/amazon-vient-dannoncer-un-scribe-de-couleurs-kindle-et-cest-cher\/#primaryimage"},"thumbnailUrl":"https:\/\/vieassociative.be\/actualites\/wp-content\/uploads\/2025\/09\/Amazon-vient-dannoncer-un-scribe-de-couleurs-Kindle-et-cest.png","datePublished":"2025-09-30T19:17:02+00:00","dateModified":"2025-09-30T19:17:02+00:00","breadcrumb":{"@id":"https:\/\/vieassociative.be\/actualites\/amazon-vient-dannoncer-un-scribe-de-couleurs-kindle-et-cest-cher\/#breadcrumb"},"inLanguage":"fr-BE","potentialAction":[{"@type":"ReadAction","target":["https:\/\/vieassociative.be\/actualites\/amazon-vient-dannoncer-un-scribe-de-couleurs-kindle-et-cest-cher\/"]}]},{"@type":"ImageObject","inLanguage":"fr-BE","@id":"https:\/\/vieassociative.be\/actualites\/amazon-vient-dannoncer-un-scribe-de-couleurs-kindle-et-cest-cher\/#primaryimage","url":"https:\/\/vieassociative.be\/actualites\/wp-content\/uploads\/2025\/09\/Amazon-vient-dannoncer-un-scribe-de-couleurs-Kindle-et-cest.png","contentUrl":"https:\/\/vieassociative.be\/actualites\/wp-content\/uploads\/2025\/09\/Amazon-vient-dannoncer-un-scribe-de-couleurs-Kindle-et-cest.png","width":1200,"height":675,"caption":"Amazon vient d'annoncer un scribe de couleurs Kindle, et c'est cher"},{"@type":"BreadcrumbList","@id":"https:\/\/vieassociative.be\/actualites\/amazon-vient-dannoncer-un-scribe-de-couleurs-kindle-et-cest-cher\/#breadcrumb","itemListElement":[{"@type":"ListItem","position":1,"name":"Accueil","item":"https:\/\/vieassociative.be\/actualites\/"},{"@type":"ListItem","position":2,"name":"Amazon vient d&rsquo;annoncer un scribe de couleurs Kindle, et c&rsquo;est cher"}]},{"@type":"WebSite","@id":"https:\/\/vieassociative.be\/actualites\/#website","url":"https:\/\/vieassociative.be\/actualites\/","name":"Vie Associative","description":"","publisher":{"@id":"https:\/\/vieassociative.be\/actualites\/#organization"},"potentialAction":[{"@type":"SearchAction","target":{"@type":"EntryPoint","urlTemplate":"https:\/\/vieassociative.be\/actualites\/?s={search_term_string}"},"query-input":{"@type":"PropertyValueSpecification","valueRequired":true,"valueName":"search_term_string"}}],"inLanguage":"fr-BE"},{"@type":"Organization","@id":"https:\/\/vieassociative.be\/actualites\/#organization","name":"Vie Associative","url":"https:\/\/vieassociative.be\/actualites\/","logo":{"@type":"ImageObject","inLanguage":"fr-BE","@id":"https:\/\/vieassociative.be\/actualites\/#\/schema\/logo\/image\/","url":"https:\/\/vieassociative.be\/actualites\/wp-content\/uploads\/2024\/09\/cropped-vieassociative_favicon.ico.png","contentUrl":"https:\/\/vieassociative.be\/actualites\/wp-content\/uploads\/2024\/09\/cropped-vieassociative_favicon.ico.png","width":512,"height":512,"caption":"Vie Associative"},"image":{"@id":"https:\/\/vieassociative.be\/actualites\/#\/schema\/logo\/image\/"}},{"@type":"Person","@id":"https:\/\/vieassociative.be\/actualites\/#\/schema\/person\/b87ac4f82f9d4e7b7cec7395b679edc4","name":"Julien","image":{"@type":"ImageObject","inLanguage":"fr-BE","@id":"https:\/\/vieassociative.be\/actualites\/#\/schema\/person\/image\/","url":"https:\/\/vieassociative.be\/actualites\/wp-content\/uploads\/2024\/09\/vie-associative-1-150x150.jpg","contentUrl":"https:\/\/vieassociative.be\/actualites\/wp-content\/uploads\/2024\/09\/vie-associative-1-150x150.jpg","caption":"Julien"},"description":"Je suis Julien, r\u00e9dacteur pour Vie Associative. Passionn\u00e9 par le monde associatif depuis plus de 10 ans, j'ai \u00e0 c\u0153ur de partager des histoires inspirantes et de mettre en lumi\u00e8re les initiatives locales. Mon objectif est de sensibiliser et d'encourager l'engagement communautaire \u00e0 travers mes articles.","sameAs":["https:\/\/vieassociative.be\/"]}]}},"_links":{"self":[{"href":"https:\/\/vieassociative.be\/actualites\/wp-json\/wp\/v2\/posts\/10359"}],"collection":[{"href":"https:\/\/vieassociative.be\/actualites\/wp-json\/wp\/v2\/posts"}],"about":[{"href":"https:\/\/vieassociative.be\/actualites\/wp-json\/wp\/v2\/types\/post"}],"author":[{"embeddable":true,"href":"https:\/\/vieassociative.be\/actualites\/wp-json\/wp\/v2\/users\/1"}],"replies":[{"embeddable":true,"href":"https:\/\/vieassociative.be\/actualites\/wp-json\/wp\/v2\/comments?post=10359"}],"version-history":[{"count":0,"href":"https:\/\/vieassociative.be\/actualites\/wp-json\/wp\/v2\/posts\/10359\/revisions"}],"wp:featuredmedia":[{"embeddable":true,"href":"https:\/\/vieassociative.be\/actualites\/wp-json\/wp\/v2\/media\/10360"}],"wp:attachment":[{"href":"https:\/\/vieassociative.be\/actualites\/wp-json\/wp\/v2\/media?parent=10359"}],"wp:term":[{"taxonomy":"category","embeddable":true,"href":"https:\/\/vieassociative.be\/actualites\/wp-json\/wp\/v2\/categories?post=10359"},{"taxonomy":"post_tag","embeddable":true,"href":"https:\/\/vieassociative.be\/actualites\/wp-json\/wp\/v2\/tags?post=10359"}],"curies":[{"name":"wp","href":"https:\/\/api.w.org\/{rel}","templated":true}]}}