{"id":10356,"date":"2025-09-30T19:17:32","date_gmt":"2025-09-30T17:17:32","guid":{"rendered":"https:\/\/vieassociative.be\/actualites\/cette-nouvelle-piste-apple-maps-vous-tracks-mais-vous-pouvez-leteindre-2\/"},"modified":"2025-09-30T19:17:32","modified_gmt":"2025-09-30T17:17:32","slug":"cette-nouvelle-piste-apple-maps-vous-tracks-mais-vous-pouvez-leteindre-2","status":"publish","type":"post","link":"https:\/\/vieassociative.be\/actualites\/cette-nouvelle-piste-apple-maps-vous-tracks-mais-vous-pouvez-leteindre-2\/","title":{"rendered":"Cette nouvelle piste Apple Maps vous \u00abTracks\u00bb, mais vous pouvez l&rsquo;\u00e9teindre"},"content":{"rendered":"<div class=\"mt-4 leading-6 md:mb-8\">\u00ab\u00a0Les lieux visit\u00e9s\u00a0\u00bb ne sont pas aussi effrayants qu&rsquo;il y para\u00eet.<\/div>\n<p><\/p>\n<p><em>Saviez-vous que vous pouvez personnaliser Google pour filtrer les ordures? Prendre ces \u00e9tapes<\/em><em>  Pour de meilleurs r\u00e9sultats de recherche, notamment en ajoutant mon travail chez Vie Associative comme source pr\u00e9f\u00e9r\u00e9e<\/em><em>.<\/em><\/p>\n<hr>\n<p>Si je vous disais qu&rsquo;Apple a d\u00e9ploy\u00e9 une nouvelle fonctionnalit\u00e9 avec iOS 26 qui permet aux cartes de suivre vos mouvements et d&rsquo;enregistrer ces informations pour plus tard, que pensez-vous? En surface, cela semble assez invasif, en particulier d&rsquo;une entreprise qui favorise g\u00e9n\u00e9ralement la confidentialit\u00e9 des utilisateurs. Bien que ce soit vraiment une nouvelle fonctionnalit\u00e9, voici la chose: ce n&rsquo;est pas aussi mauvais que cela puisse para\u00eetre. Et, si vous ne l&rsquo;aimez vraiment pas, vous pouvez l&rsquo;\u00e9teindre.<\/p>\n<p>La fonctionnalit\u00e9 \u00abVisited Places\u00bb est en fait destin\u00e9e \u00e0 \u00eatre un moyen priv\u00e9 de garder un \u0153il sur les endroits o\u00f9 vous \u00eates all\u00e9 et de rappeler facilement vos favoris \u00e0 l&rsquo;avenir. Lorsque la fonctionnalit\u00e9 est activ\u00e9e, les cartes prendront note des endroits que vous visitez, m\u00eame si vous n&rsquo;utilisez pas de cartes pour y arriver. C&rsquo;est comme un journal passif et automatique, en prenant note des restaurants, des centres commerciaux, des parcs ou simplement des emplacements g\u00e9n\u00e9raux que vous vous aventurez au quotidien. Selon Apple, toutes ces informations sont stock\u00e9es uniquement sur vos appareils synchronis\u00e9s et sont crypt\u00e9s de bout en bout, ce qui signifie qu&rsquo;Apple n&rsquo;a aucun moyen d&rsquo;acc\u00e9der \u00e0 ces donn\u00e9es. <\/p>\n<div class=\"mx-auto mb-12 mt-5 w-full max-w-3xl rounded-md border-2 border-gray-100 p-3 shadow-md md:px-7 md:pb-7 md:pt-5\" id=\"related-video\">\n<div class=\"mb-3 flex items-center md:mb-5\">\n        <img decoding=\"async\" class=\"mr-4 mt-0 h-10 w-10 md:mr-5 md:h-12 md:w-12\" src=\"https:\/\/vieassociative.be\/actualites\/wp-content\/uploads\/2025\/09\/1757726237_608_Meta-pourrait-devoiler-une-montre-intelligente-pour-controler-ses-lunettes.jpg\" alt=\"Logo Lifehacker\"><\/p><\/div>\n<div class=\"aspect-video w-full overflow-hidden rounded-md\">\n<div id=\"video-container-01K6DS1E4CB3PTC1FWWJB4EV04\"><\/div>\n<\/p><\/div>\n<\/div>\n<p>Si la fonctionnalit\u00e9 est activ\u00e9e, vous trouverez vos lieux visit\u00e9s de mani\u00e8re appropri\u00e9e dans le menu \u00ab\u00a0lieux\u00a0\u00bb lorsque vous lancerez des cartes. Je n&rsquo;ai activ\u00e9 que la fonctionnalit\u00e9 pendant environ un jour, donc je n&rsquo;ai que trois emplacements actuellement sauv\u00e9s, mais les trois \u00e9taient des destinations que j&rsquo;ai visit\u00e9es sans utiliser de cartes pour me guider l\u00e0-bas. <\/p>\n<p>Personnellement, je n&rsquo;ai aucun probl\u00e8me \u00e0 maintenir ce param\u00e8tre allum\u00e9: personne n&rsquo;a acc\u00e8s aux donn\u00e9es sauf pour moi, et je peux l&rsquo;imaginer me rappeler les endroits que j&rsquo;aimais visiter lors d&rsquo;un futur parchemin.<\/p>\n<p>Apple dit qu&rsquo;on vous demandera d&rsquo;allumer la fonctionnalit\u00e9 lorsque vous ouvrez les cartes apr\u00e8s la mise \u00e0 jour vers iOS 26, et, selon mon exp\u00e9rience, c&rsquo;\u00e9tait le cas. Cependant, pour l&rsquo;\u00e9crivain CNET Zachary McAuliffe, la fonctionnalit\u00e9 a d\u00e9j\u00e0 \u00e9t\u00e9 activ\u00e9e sans sa contribution. En tant que tel, il pourrait \u00eatre intelligent de rev\u00e9rifier que la fonctionnalit\u00e9 est d\u00e9finie au param\u00e8tre que vous pr\u00e9f\u00e9rez, de peur de permettre aux cartes de suivre vos mouvements \u00e0 votre insu. <\/p>\n<h2 id=\"how-to-manage-visited-places-in-apple-maps\">Comment g\u00e9rer les \u00ablieux visit\u00e9s\u00bb dans les cartes Apple  <\/h2>\n<p>Pour v\u00e9rifier si la fonctionnalit\u00e9 est activ\u00e9e ou d\u00e9sactiv\u00e9e, dirigez-vous vers <strong>Param\u00e8tres> Applications> Cartes> Emplacement<\/strong>. Alternativement, vous pouvez aller \u00e0 <strong>Param\u00e8tres> Confidentialit\u00e9 et s\u00e9curit\u00e9> Services de localisation> Cartes<\/strong>. Quoi qu&rsquo;il en soit, v\u00e9rifiez la bascule \u00e0 c\u00f4t\u00e9 des \u00abendroits visit\u00e9s\u00bb. <\/p>\n<p>Vous pouvez \u00e9galement supprimer tous les endroits visit\u00e9s sans avoir besoin de d\u00e9sactiver compl\u00e8tement la fonctionnalit\u00e9. Open Maps, Appuyez sur \u00ab\u00a0Places\u00a0\u00bb, puis \u00ab\u00a0Visits Places\u00a0\u00bb. Ici, vous pouvez glisser \u00e0 gauche sur n&rsquo;importe quel endroit pour le supprimer, ou choisir \u00abl&rsquo;historique clair\u00bb pour les supprimer tous. De plus, vous pouvez choisir combien de temps vous souhaitez que les cartes stockent vos lieux visit\u00e9s: la valeur par d\u00e9faut est \u00ab\u00a0pour toujours\u00a0\u00bb, mais vous pouvez \u00e9galement s\u00e9lectionner \u00ab\u00a03 mois\u00a0\u00bb ou \u00ab\u00a01 an\u00a0\u00bb, si vous le souhaitez. <\/p>\n","protected":false},"excerpt":{"rendered":"<p>\u00ab\u00a0Les lieux visit\u00e9s\u00a0\u00bb ne sont pas aussi effrayants qu&rsquo;il y para\u00eet. Saviez-vous que vous pouvez personnaliser Google pour filtrer les ordures? Prendre ces \u00e9tapes Pour<\/p>\n","protected":false},"author":1,"featured_media":10347,"comment_status":"","ping_status":"","sticky":false,"template":"","format":"standard","meta":{"footnotes":""},"categories":[13],"tags":[54,206,6835,156,6950,491,4029,5,8725,4],"class_list":["post-10356","post","type-post","status-publish","format-standard","has-post-thumbnail","hentry","category-technologie","tag-apple","tag-cette","tag-leteindre","tag-mais","tag-maps","tag-nouvelle","tag-piste","tag-pouvez","tag-tracks","tag-vous","generate-columns","tablet-grid-50","mobile-grid-100","grid-parent","grid-33"],"yoast_head":"<!-- This site is optimized with the Yoast SEO plugin v24.0 - https:\/\/yoast.com\/wordpress\/plugins\/seo\/ -->\n<title>Cette nouvelle piste Apple Maps vous \u00abTracks\u00bb, mais vous pouvez l&#039;\u00e9teindre | Vie Associative<\/title>\n<meta name=\"robots\" content=\"index, follow, max-snippet:-1, max-image-preview:large, max-video-preview:-1\" \/>\n<link rel=\"canonical\" href=\"https:\/\/vieassociative.be\/actualites\/cette-nouvelle-piste-apple-maps-vous-tracks-mais-vous-pouvez-leteindre-2\/\" \/>\n<meta property=\"og:locale\" content=\"fr_FR\" \/>\n<meta property=\"og:type\" content=\"article\" \/>\n<meta property=\"og:title\" content=\"Cette nouvelle piste Apple Maps vous \u00abTracks\u00bb, mais vous pouvez l&#039;\u00e9teindre | Vie Associative\" \/>\n<meta property=\"og:description\" content=\"\u00ab\u00a0Les lieux visit\u00e9s\u00a0\u00bb ne sont pas aussi effrayants qu&rsquo;il y para\u00eet. Saviez-vous que vous pouvez personnaliser Google pour filtrer les ordures? Prendre ces \u00e9tapes Pour\" \/>\n<meta property=\"og:url\" content=\"https:\/\/vieassociative.be\/actualites\/cette-nouvelle-piste-apple-maps-vous-tracks-mais-vous-pouvez-leteindre-2\/\" \/>\n<meta property=\"og:site_name\" content=\"Vie Associative\" \/>\n<meta property=\"article:published_time\" content=\"2025-09-30T17:17:32+00:00\" \/>\n<meta property=\"og:image\" content=\"https:\/\/vieassociative.be\/actualites\/wp-content\/uploads\/2025\/09\/1757726237_608_Meta-pourrait-devoiler-une-montre-intelligente-pour-controler-ses-lunettes.jpg\" \/>\n<meta name=\"author\" content=\"Julien\" \/>\n<meta name=\"twitter:card\" content=\"summary_large_image\" \/>\n<meta name=\"twitter:label1\" content=\"\u00c9crit par\" \/>\n\t<meta name=\"twitter:data1\" content=\"Julien\" \/>\n\t<meta name=\"twitter:label2\" content=\"Dur\u00e9e de lecture est.\" \/>\n\t<meta name=\"twitter:data2\" content=\"3 minutes\" \/>\n<script type=\"application\/ld+json\" class=\"yoast-schema-graph\">{\"@context\":\"https:\/\/schema.org\",\"@graph\":[{\"@type\":\"Article\",\"@id\":\"https:\/\/vieassociative.be\/actualites\/cette-nouvelle-piste-apple-maps-vous-tracks-mais-vous-pouvez-leteindre-2\/#article\",\"isPartOf\":{\"@id\":\"https:\/\/vieassociative.be\/actualites\/cette-nouvelle-piste-apple-maps-vous-tracks-mais-vous-pouvez-leteindre-2\/\"},\"author\":{\"name\":\"Julien\",\"@id\":\"https:\/\/vieassociative.be\/actualites\/#\/schema\/person\/b87ac4f82f9d4e7b7cec7395b679edc4\"},\"headline\":\"Cette nouvelle piste Apple Maps vous \u00abTracks\u00bb, mais vous pouvez l&rsquo;\u00e9teindre\",\"datePublished\":\"2025-09-30T17:17:32+00:00\",\"dateModified\":\"2025-09-30T17:17:32+00:00\",\"mainEntityOfPage\":{\"@id\":\"https:\/\/vieassociative.be\/actualites\/cette-nouvelle-piste-apple-maps-vous-tracks-mais-vous-pouvez-leteindre-2\/\"},\"wordCount\":615,\"publisher\":{\"@id\":\"https:\/\/vieassociative.be\/actualites\/#organization\"},\"image\":{\"@id\":\"https:\/\/vieassociative.be\/actualites\/cette-nouvelle-piste-apple-maps-vous-tracks-mais-vous-pouvez-leteindre-2\/#primaryimage\"},\"thumbnailUrl\":\"https:\/\/vieassociative.be\/actualites\/wp-content\/uploads\/2025\/09\/Cette-nouvelle-piste-Apple-Maps-vous-Tracks-mais-vous-pouvez.jpg\",\"keywords\":[\"Apple\",\"cette\",\"l\u00e9teindre\",\"mais\",\"Maps\",\"nouvelle\",\"piste\",\"pouvez\",\"Tracks\",\"Vous\"],\"articleSection\":[\"Technologie\"],\"inLanguage\":\"fr-BE\"},{\"@type\":\"WebPage\",\"@id\":\"https:\/\/vieassociative.be\/actualites\/cette-nouvelle-piste-apple-maps-vous-tracks-mais-vous-pouvez-leteindre-2\/\",\"url\":\"https:\/\/vieassociative.be\/actualites\/cette-nouvelle-piste-apple-maps-vous-tracks-mais-vous-pouvez-leteindre-2\/\",\"name\":\"Cette nouvelle piste Apple Maps vous \u00abTracks\u00bb, mais vous pouvez l'\u00e9teindre | Vie Associative\",\"isPartOf\":{\"@id\":\"https:\/\/vieassociative.be\/actualites\/#website\"},\"primaryImageOfPage\":{\"@id\":\"https:\/\/vieassociative.be\/actualites\/cette-nouvelle-piste-apple-maps-vous-tracks-mais-vous-pouvez-leteindre-2\/#primaryimage\"},\"image\":{\"@id\":\"https:\/\/vieassociative.be\/actualites\/cette-nouvelle-piste-apple-maps-vous-tracks-mais-vous-pouvez-leteindre-2\/#primaryimage\"},\"thumbnailUrl\":\"https:\/\/vieassociative.be\/actualites\/wp-content\/uploads\/2025\/09\/Cette-nouvelle-piste-Apple-Maps-vous-Tracks-mais-vous-pouvez.jpg\",\"datePublished\":\"2025-09-30T17:17:32+00:00\",\"dateModified\":\"2025-09-30T17:17:32+00:00\",\"breadcrumb\":{\"@id\":\"https:\/\/vieassociative.be\/actualites\/cette-nouvelle-piste-apple-maps-vous-tracks-mais-vous-pouvez-leteindre-2\/#breadcrumb\"},\"inLanguage\":\"fr-BE\",\"potentialAction\":[{\"@type\":\"ReadAction\",\"target\":[\"https:\/\/vieassociative.be\/actualites\/cette-nouvelle-piste-apple-maps-vous-tracks-mais-vous-pouvez-leteindre-2\/\"]}]},{\"@type\":\"ImageObject\",\"inLanguage\":\"fr-BE\",\"@id\":\"https:\/\/vieassociative.be\/actualites\/cette-nouvelle-piste-apple-maps-vous-tracks-mais-vous-pouvez-leteindre-2\/#primaryimage\",\"url\":\"https:\/\/vieassociative.be\/actualites\/wp-content\/uploads\/2025\/09\/Cette-nouvelle-piste-Apple-Maps-vous-Tracks-mais-vous-pouvez.jpg\",\"contentUrl\":\"https:\/\/vieassociative.be\/actualites\/wp-content\/uploads\/2025\/09\/Cette-nouvelle-piste-Apple-Maps-vous-Tracks-mais-vous-pouvez.jpg\",\"width\":1200,\"height\":675,\"caption\":\"Cette nouvelle piste Apple Maps vous \u00abTracks\u00bb, mais vous pouvez l'\u00e9teindre\"},{\"@type\":\"BreadcrumbList\",\"@id\":\"https:\/\/vieassociative.be\/actualites\/cette-nouvelle-piste-apple-maps-vous-tracks-mais-vous-pouvez-leteindre-2\/#breadcrumb\",\"itemListElement\":[{\"@type\":\"ListItem\",\"position\":1,\"name\":\"Accueil\",\"item\":\"https:\/\/vieassociative.be\/actualites\/\"},{\"@type\":\"ListItem\",\"position\":2,\"name\":\"Cette nouvelle piste Apple Maps vous \u00abTracks\u00bb, mais vous pouvez l&rsquo;\u00e9teindre\"}]},{\"@type\":\"WebSite\",\"@id\":\"https:\/\/vieassociative.be\/actualites\/#website\",\"url\":\"https:\/\/vieassociative.be\/actualites\/\",\"name\":\"Vie Associative\",\"description\":\"\",\"publisher\":{\"@id\":\"https:\/\/vieassociative.be\/actualites\/#organization\"},\"potentialAction\":[{\"@type\":\"SearchAction\",\"target\":{\"@type\":\"EntryPoint\",\"urlTemplate\":\"https:\/\/vieassociative.be\/actualites\/?s={search_term_string}\"},\"query-input\":{\"@type\":\"PropertyValueSpecification\",\"valueRequired\":true,\"valueName\":\"search_term_string\"}}],\"inLanguage\":\"fr-BE\"},{\"@type\":\"Organization\",\"@id\":\"https:\/\/vieassociative.be\/actualites\/#organization\",\"name\":\"Vie Associative\",\"url\":\"https:\/\/vieassociative.be\/actualites\/\",\"logo\":{\"@type\":\"ImageObject\",\"inLanguage\":\"fr-BE\",\"@id\":\"https:\/\/vieassociative.be\/actualites\/#\/schema\/logo\/image\/\",\"url\":\"https:\/\/vieassociative.be\/actualites\/wp-content\/uploads\/2024\/09\/cropped-vieassociative_favicon.ico.png\",\"contentUrl\":\"https:\/\/vieassociative.be\/actualites\/wp-content\/uploads\/2024\/09\/cropped-vieassociative_favicon.ico.png\",\"width\":512,\"height\":512,\"caption\":\"Vie Associative\"},\"image\":{\"@id\":\"https:\/\/vieassociative.be\/actualites\/#\/schema\/logo\/image\/\"}},{\"@type\":\"Person\",\"@id\":\"https:\/\/vieassociative.be\/actualites\/#\/schema\/person\/b87ac4f82f9d4e7b7cec7395b679edc4\",\"name\":\"Julien\",\"image\":{\"@type\":\"ImageObject\",\"inLanguage\":\"fr-BE\",\"@id\":\"https:\/\/vieassociative.be\/actualites\/#\/schema\/person\/image\/\",\"url\":\"https:\/\/vieassociative.be\/actualites\/wp-content\/uploads\/2024\/09\/vie-associative-1-150x150.jpg\",\"contentUrl\":\"https:\/\/vieassociative.be\/actualites\/wp-content\/uploads\/2024\/09\/vie-associative-1-150x150.jpg\",\"caption\":\"Julien\"},\"description\":\"Je suis Julien, r\u00e9dacteur pour Vie Associative. Passionn\u00e9 par le monde associatif depuis plus de 10 ans, j'ai \u00e0 c\u0153ur de partager des histoires inspirantes et de mettre en lumi\u00e8re les initiatives locales. Mon objectif est de sensibiliser et d'encourager l'engagement communautaire \u00e0 travers mes articles.\",\"sameAs\":[\"https:\/\/vieassociative.be\/\"]}]}<\/script>\n<!-- \/ Yoast SEO plugin. -->","yoast_head_json":{"title":"Cette nouvelle piste Apple Maps vous \u00abTracks\u00bb, mais vous pouvez l'\u00e9teindre | Vie Associative","robots":{"index":"index","follow":"follow","max-snippet":"max-snippet:-1","max-image-preview":"max-image-preview:large","max-video-preview":"max-video-preview:-1"},"canonical":"https:\/\/vieassociative.be\/actualites\/cette-nouvelle-piste-apple-maps-vous-tracks-mais-vous-pouvez-leteindre-2\/","og_locale":"fr_FR","og_type":"article","og_title":"Cette nouvelle piste Apple Maps vous \u00abTracks\u00bb, mais vous pouvez l'\u00e9teindre | Vie Associative","og_description":"\u00ab\u00a0Les lieux visit\u00e9s\u00a0\u00bb ne sont pas aussi effrayants qu&rsquo;il y para\u00eet. Saviez-vous que vous pouvez personnaliser Google pour filtrer les ordures? Prendre ces \u00e9tapes Pour","og_url":"https:\/\/vieassociative.be\/actualites\/cette-nouvelle-piste-apple-maps-vous-tracks-mais-vous-pouvez-leteindre-2\/","og_site_name":"Vie Associative","article_published_time":"2025-09-30T17:17:32+00:00","og_image":[{"url":"https:\/\/vieassociative.be\/actualites\/wp-content\/uploads\/2025\/09\/1757726237_608_Meta-pourrait-devoiler-une-montre-intelligente-pour-controler-ses-lunettes.jpg","type":"","width":"","height":""}],"author":"Julien","twitter_card":"summary_large_image","twitter_misc":{"\u00c9crit par":"Julien","Dur\u00e9e de lecture est.":"3 minutes"},"schema":{"@context":"https:\/\/schema.org","@graph":[{"@type":"Article","@id":"https:\/\/vieassociative.be\/actualites\/cette-nouvelle-piste-apple-maps-vous-tracks-mais-vous-pouvez-leteindre-2\/#article","isPartOf":{"@id":"https:\/\/vieassociative.be\/actualites\/cette-nouvelle-piste-apple-maps-vous-tracks-mais-vous-pouvez-leteindre-2\/"},"author":{"name":"Julien","@id":"https:\/\/vieassociative.be\/actualites\/#\/schema\/person\/b87ac4f82f9d4e7b7cec7395b679edc4"},"headline":"Cette nouvelle piste Apple Maps vous \u00abTracks\u00bb, mais vous pouvez l&rsquo;\u00e9teindre","datePublished":"2025-09-30T17:17:32+00:00","dateModified":"2025-09-30T17:17:32+00:00","mainEntityOfPage":{"@id":"https:\/\/vieassociative.be\/actualites\/cette-nouvelle-piste-apple-maps-vous-tracks-mais-vous-pouvez-leteindre-2\/"},"wordCount":615,"publisher":{"@id":"https:\/\/vieassociative.be\/actualites\/#organization"},"image":{"@id":"https:\/\/vieassociative.be\/actualites\/cette-nouvelle-piste-apple-maps-vous-tracks-mais-vous-pouvez-leteindre-2\/#primaryimage"},"thumbnailUrl":"https:\/\/vieassociative.be\/actualites\/wp-content\/uploads\/2025\/09\/Cette-nouvelle-piste-Apple-Maps-vous-Tracks-mais-vous-pouvez.jpg","keywords":["Apple","cette","l\u00e9teindre","mais","Maps","nouvelle","piste","pouvez","Tracks","Vous"],"articleSection":["Technologie"],"inLanguage":"fr-BE"},{"@type":"WebPage","@id":"https:\/\/vieassociative.be\/actualites\/cette-nouvelle-piste-apple-maps-vous-tracks-mais-vous-pouvez-leteindre-2\/","url":"https:\/\/vieassociative.be\/actualites\/cette-nouvelle-piste-apple-maps-vous-tracks-mais-vous-pouvez-leteindre-2\/","name":"Cette nouvelle piste Apple Maps vous \u00abTracks\u00bb, mais vous pouvez l'\u00e9teindre | Vie Associative","isPartOf":{"@id":"https:\/\/vieassociative.be\/actualites\/#website"},"primaryImageOfPage":{"@id":"https:\/\/vieassociative.be\/actualites\/cette-nouvelle-piste-apple-maps-vous-tracks-mais-vous-pouvez-leteindre-2\/#primaryimage"},"image":{"@id":"https:\/\/vieassociative.be\/actualites\/cette-nouvelle-piste-apple-maps-vous-tracks-mais-vous-pouvez-leteindre-2\/#primaryimage"},"thumbnailUrl":"https:\/\/vieassociative.be\/actualites\/wp-content\/uploads\/2025\/09\/Cette-nouvelle-piste-Apple-Maps-vous-Tracks-mais-vous-pouvez.jpg","datePublished":"2025-09-30T17:17:32+00:00","dateModified":"2025-09-30T17:17:32+00:00","breadcrumb":{"@id":"https:\/\/vieassociative.be\/actualites\/cette-nouvelle-piste-apple-maps-vous-tracks-mais-vous-pouvez-leteindre-2\/#breadcrumb"},"inLanguage":"fr-BE","potentialAction":[{"@type":"ReadAction","target":["https:\/\/vieassociative.be\/actualites\/cette-nouvelle-piste-apple-maps-vous-tracks-mais-vous-pouvez-leteindre-2\/"]}]},{"@type":"ImageObject","inLanguage":"fr-BE","@id":"https:\/\/vieassociative.be\/actualites\/cette-nouvelle-piste-apple-maps-vous-tracks-mais-vous-pouvez-leteindre-2\/#primaryimage","url":"https:\/\/vieassociative.be\/actualites\/wp-content\/uploads\/2025\/09\/Cette-nouvelle-piste-Apple-Maps-vous-Tracks-mais-vous-pouvez.jpg","contentUrl":"https:\/\/vieassociative.be\/actualites\/wp-content\/uploads\/2025\/09\/Cette-nouvelle-piste-Apple-Maps-vous-Tracks-mais-vous-pouvez.jpg","width":1200,"height":675,"caption":"Cette nouvelle piste Apple Maps vous \u00abTracks\u00bb, mais vous pouvez l'\u00e9teindre"},{"@type":"BreadcrumbList","@id":"https:\/\/vieassociative.be\/actualites\/cette-nouvelle-piste-apple-maps-vous-tracks-mais-vous-pouvez-leteindre-2\/#breadcrumb","itemListElement":[{"@type":"ListItem","position":1,"name":"Accueil","item":"https:\/\/vieassociative.be\/actualites\/"},{"@type":"ListItem","position":2,"name":"Cette nouvelle piste Apple Maps vous \u00abTracks\u00bb, mais vous pouvez l&rsquo;\u00e9teindre"}]},{"@type":"WebSite","@id":"https:\/\/vieassociative.be\/actualites\/#website","url":"https:\/\/vieassociative.be\/actualites\/","name":"Vie Associative","description":"","publisher":{"@id":"https:\/\/vieassociative.be\/actualites\/#organization"},"potentialAction":[{"@type":"SearchAction","target":{"@type":"EntryPoint","urlTemplate":"https:\/\/vieassociative.be\/actualites\/?s={search_term_string}"},"query-input":{"@type":"PropertyValueSpecification","valueRequired":true,"valueName":"search_term_string"}}],"inLanguage":"fr-BE"},{"@type":"Organization","@id":"https:\/\/vieassociative.be\/actualites\/#organization","name":"Vie Associative","url":"https:\/\/vieassociative.be\/actualites\/","logo":{"@type":"ImageObject","inLanguage":"fr-BE","@id":"https:\/\/vieassociative.be\/actualites\/#\/schema\/logo\/image\/","url":"https:\/\/vieassociative.be\/actualites\/wp-content\/uploads\/2024\/09\/cropped-vieassociative_favicon.ico.png","contentUrl":"https:\/\/vieassociative.be\/actualites\/wp-content\/uploads\/2024\/09\/cropped-vieassociative_favicon.ico.png","width":512,"height":512,"caption":"Vie Associative"},"image":{"@id":"https:\/\/vieassociative.be\/actualites\/#\/schema\/logo\/image\/"}},{"@type":"Person","@id":"https:\/\/vieassociative.be\/actualites\/#\/schema\/person\/b87ac4f82f9d4e7b7cec7395b679edc4","name":"Julien","image":{"@type":"ImageObject","inLanguage":"fr-BE","@id":"https:\/\/vieassociative.be\/actualites\/#\/schema\/person\/image\/","url":"https:\/\/vieassociative.be\/actualites\/wp-content\/uploads\/2024\/09\/vie-associative-1-150x150.jpg","contentUrl":"https:\/\/vieassociative.be\/actualites\/wp-content\/uploads\/2024\/09\/vie-associative-1-150x150.jpg","caption":"Julien"},"description":"Je suis Julien, r\u00e9dacteur pour Vie Associative. Passionn\u00e9 par le monde associatif depuis plus de 10 ans, j'ai \u00e0 c\u0153ur de partager des histoires inspirantes et de mettre en lumi\u00e8re les initiatives locales. Mon objectif est de sensibiliser et d'encourager l'engagement communautaire \u00e0 travers mes articles.","sameAs":["https:\/\/vieassociative.be\/"]}]}},"_links":{"self":[{"href":"https:\/\/vieassociative.be\/actualites\/wp-json\/wp\/v2\/posts\/10356"}],"collection":[{"href":"https:\/\/vieassociative.be\/actualites\/wp-json\/wp\/v2\/posts"}],"about":[{"href":"https:\/\/vieassociative.be\/actualites\/wp-json\/wp\/v2\/types\/post"}],"author":[{"embeddable":true,"href":"https:\/\/vieassociative.be\/actualites\/wp-json\/wp\/v2\/users\/1"}],"replies":[{"embeddable":true,"href":"https:\/\/vieassociative.be\/actualites\/wp-json\/wp\/v2\/comments?post=10356"}],"version-history":[{"count":0,"href":"https:\/\/vieassociative.be\/actualites\/wp-json\/wp\/v2\/posts\/10356\/revisions"}],"wp:featuredmedia":[{"embeddable":true,"href":"https:\/\/vieassociative.be\/actualites\/wp-json\/wp\/v2\/media\/10347"}],"wp:attachment":[{"href":"https:\/\/vieassociative.be\/actualites\/wp-json\/wp\/v2\/media?parent=10356"}],"wp:term":[{"taxonomy":"category","embeddable":true,"href":"https:\/\/vieassociative.be\/actualites\/wp-json\/wp\/v2\/categories?post=10356"},{"taxonomy":"post_tag","embeddable":true,"href":"https:\/\/vieassociative.be\/actualites\/wp-json\/wp\/v2\/tags?post=10356"}],"curies":[{"name":"wp","href":"https:\/\/api.w.org\/{rel}","templated":true}]}}