{"id":10354,"date":"2025-09-30T16:17:40","date_gmt":"2025-09-30T14:17:40","guid":{"rendered":"https:\/\/vieassociative.be\/actualites\/brf-celebre-son-80e-anniversaire-king-philippe-et-queen-mathilde-en-tant-quinvite-dans-le-funkhaus-am-eupener-kehrweg\/"},"modified":"2025-09-30T16:17:40","modified_gmt":"2025-09-30T14:17:40","slug":"brf-celebre-son-80e-anniversaire-king-philippe-et-queen-mathilde-en-tant-quinvite-dans-le-funkhaus-am-eupener-kehrweg","status":"publish","type":"post","link":"https:\/\/vieassociative.be\/actualites\/brf-celebre-son-80e-anniversaire-king-philippe-et-queen-mathilde-en-tant-quinvite-dans-le-funkhaus-am-eupener-kehrweg\/","title":{"rendered":"BRF c\u00e9l\u00e8bre son 80e anniversaire: King Philippe et Queen Mathilde en tant qu&rsquo;invit\u00e9 dans le Funkhaus Am Eupener Kehrweg"},"content":{"rendered":"<p><strong>Le mardi 30 septembre 2025, le roi Philippe et la reine Mathilde ont visit\u00e9 Eupen \u00e0 l&rsquo;occasion du 80e anniversaire de la radio belge (BRF).<\/strong><\/p>\n<p><span id=\"more-425889\"><\/span>Dans la BRF Radio House, le couple royal a re\u00e7u un aper\u00e7u de l&rsquo;histoire de la gare, a appris sa fa\u00e7on de travailler et a rencontr\u00e9 la direction, les journalistes et les employ\u00e9s.<\/p>\n<p>Le programme comprenait une visite au studio de t\u00e9l\u00e9vision et une visite \u00e0 \u00ab\u00a0Brasserie\u00a0\u00bb sur BRF1. Dans l&rsquo;\u00e9mission de radio sur BRF1, le roi Philippe s&rsquo;est tourn\u00e9 directement vers les auditeurs de la radio belge.<\/p>\n<div id=\"attachment_425905\" class=\"wp-caption alignleft\" style=\"max-width: 300px\"><img fetchpriority=\"high\" decoding=\"async\" class=\"wp-image-425905 size-medium\" src=\"https:\/\/vieassociative.be\/actualites\/wp-content\/uploads\/2025\/09\/BRF-celebre-son-80e-anniversaire-King-Philippe-et-Queen-Mathilde.jpg\" alt=\"\" width=\"300\" height=\"200\"><\/div>\n<p>Ensuite, il y a eu une visite de l&rsquo;\u00e9quipe \u00e9ditoriale, o\u00f9 King et Queen ont parl\u00e9 \u00e0 certains employ\u00e9s. Apr\u00e8s l&rsquo;entr\u00e9e dans le livre d&rsquo;or, il y avait une photo de groupe devant la Radio House (voir photo ci-jointe)<\/p>\n<p>La c\u00e9r\u00e9monie officielle du 80e anniversaire du BRF est c\u00e9l\u00e9br\u00e9e mercredi soir. Le 1er octobre 1945, la premi\u00e8re \u00ab\u00a0diffusion en allemand\u00a0\u00bb a \u00e9t\u00e9 diffus\u00e9e de Bruxelles.<\/p>\n<p>Mardi matin, la fronti\u00e8re Echo a publi\u00e9 une interview d\u00e9taill\u00e9e avec le directeur de BRF Alain Kiebs. Kniebs a tir\u00e9 une conclusion positive de son activit\u00e9 de quatre ans \u00e0 la t\u00eate du diffuseur de la fonction publique, qui re\u00e7oit un dopage de pr\u00e8s de 7 millions d&rsquo;euros chaque ann\u00e9e, bien que, selon le Premier ministre Oliver Paasch (Prodg), cela ne sera plus li\u00e9 par l&rsquo;indice de 2026. En cons\u00e9quence, le BRF devra \u00e9galement \u00e9conomiser.<\/p>\n<p>Dans l&rsquo;interview avec le r\u00e9alisateur Kniebs, un passage sur l&rsquo;autonomie du BRF et son ind\u00e9pendance envers la politique \u00e9coutent.<\/p>\n<div id=\"attachment_425896\" class=\"wp-caption alignleft\" style=\"max-width: 300px\"><img decoding=\"async\" class=\"wp-image-425896 size-medium\" src=\"https:\/\/vieassociative.be\/actualites\/wp-content\/uploads\/2025\/09\/1759241860_301_BRF-celebre-son-80e-anniversaire-King-Philippe-et-Queen-Mathilde.jpg\" alt=\"\" width=\"300\" height=\"200\"><\/div>\n<p>Le directeur de BRF Kiebs a \u00e9t\u00e9 cit\u00e9 avec les mots: \u00ab\u00a0L&rsquo;environnement politique a appris \u00e0 s\u00e9parer les r\u00f4les. Ce qui s&rsquo;est pass\u00e9 dans les premiers jours des ministers de l&rsquo;autonomie qui ont appel\u00e9 parce qu&rsquo;une interview \u00e9choue non plus (&#8230;), nous sommes une radio autonome avec un conseil d&rsquo;administration qui est d\u00e9termin\u00e9 par le parlement de la DG et est le personnel politique et la proportion des derni\u00e8res \u00e9lections que je ne pense pas que ce mod\u00e8le ait \u00e9t\u00e9 capable de faire une certaine modeste.<\/p>\n<p>On pourrait s&rsquo;attendre \u00e0 ce qu&rsquo;une sorte d&rsquo;ob\u00e9issance pr\u00e9c\u00e9dente puisse depuis longtemps se propager au BRF.<\/p>\n<p>Le r\u00e9dacteur en chef du coup d&rsquo;une \u00e9lection de Freddy, Martin Steins ou Luc Walpot, qui a amen\u00e9 le Premier ministre de l&rsquo;\u00e9poque, Karl-Heinz Lambertz (SP), \u00e0 plusieurs reprises, n&rsquo;existe plus aujourd&rsquo;hui. M\u00eame le Manuel Zimmermann, qui \u00e9tait encore grond\u00e9 par le pr\u00e9sident du Parlement de l&rsquo;\u00e9poque, Louis Siquet (SP), a appris qu&rsquo;il \u00e9tait plus facile de nager avec l&rsquo;\u00e9lectricit\u00e9 et non contre l&rsquo;\u00e9lectricit\u00e9 sur le Kehrweg. Aucun ministre ne doit \u00eatre appel\u00e9.<\/p>\n<p>N\u00e9anmoins: F\u00e9licitations pour le 80e anniversaire, Cher BRF! (Cre)<\/p>\n<p><em><strong>Sur le sujet, voir \u00e9galement l&rsquo;article suivant sur OD:<\/strong><\/em><\/p>\n<div class=\"responsive-embed widescreen\">\n<blockquote class=\"wp-embedded-content\" data-secret=\"Ty0ib1Ew6H\">\n<p>Luc Walpot a d\u00e9cern\u00e9 le \u00ab\u00a0Press Duck\u00a0\u00bb -DJV honore \u00e9galement le groupe r\u00e9gional \u00ab\u00a0Grandma&rsquo;s Against Right\u00a0\u00bb<\/p>\n<\/blockquote>\n<p><iframe loading=\"lazy\" class=\"wp-embedded-content\" sandbox=\"allow-scripts\" security=\"restricted\" style=\"position: absolute; visibility: hidden;\" title=\"\u201eLuc Walpot mit der \u201ePresse-Ente\u201c ausgezeichnet \u2013 DJV ehrt auch Regionalgruppe \u201eOmas gegen Rechts\u201c\u201c \u2014 Ostbelgien Direkt\" src=\"https:\/\/ostbelgiendirekt.be\/about:blank\" data-secret=\"Ty0ib1Ew6H\" width=\"500\" height=\"282\" frameborder=\"0\" marginwidth=\"0\" marginheight=\"0\" scrolling=\"no\" data-rocket-lazyload=\"fitvidscompatible\" data-lazy-src=\"https:\/\/ostbelgiendirekt.be\/presse-ente-2025-djv-aachen-425844\/embed#?secret=0cVnqCuXQw#?secret=Ty0ib1Ew6H\"><\/iframe><noscript><iframe class=\"wp-embedded-content\" sandbox=\"allow-scripts\" security=\"restricted\" style=\"position: absolute; visibility: hidden;\" title=\"\u201eLuc Walpot mit der \u201ePresse-Ente\u201c ausgezeichnet \u2013 DJV ehrt auch Regionalgruppe \u201eOmas gegen Rechts\u201c\u201c \u2014 Ostbelgien Direkt\" src=\"https:\/\/ostbelgiendirekt.be\/presse-ente-2025-djv-aachen-425844\/embed#?secret=0cVnqCuXQw#?secret=Ty0ib1Ew6H\" data-secret=\"Ty0ib1Ew6H\" width=\"500\" height=\"282\" frameborder=\"0\" marginwidth=\"0\" marginheight=\"0\" scrolling=\"no\"><\/iframe><\/noscript><\/p>\n<\/div>\n","protected":false},"excerpt":{"rendered":"<p>Le mardi 30 septembre 2025, le roi Philippe et la reine Mathilde ont visit\u00e9 Eupen \u00e0 l&rsquo;occasion du 80e anniversaire de la radio belge (BRF).<\/p>\n","protected":false},"author":1,"featured_media":10355,"comment_status":"","ping_status":"","sticky":false,"template":"","format":"standard","meta":{"footnotes":""},"categories":[298],"tags":[4085,4086,3600,3843,166,5049,8729,2500,4859,8728,4152,8349,5768,800,1745],"class_list":["post-10354","post","type-post","status-publish","format-standard","has-post-thumbnail","hentry","category-belgique","tag-80e","tag-anniversaire","tag-brf","tag-celebre","tag-dans","tag-eupener","tag-funkhaus","tag-kehrweg","tag-king","tag-mathilde","tag-philippe","tag-queen","tag-quinvite","tag-son","tag-tant","generate-columns","tablet-grid-50","mobile-grid-100","grid-parent","grid-33"],"yoast_head":"<!-- This site is optimized with the Yoast SEO plugin v24.0 - https:\/\/yoast.com\/wordpress\/plugins\/seo\/ -->\n<title>BRF c\u00e9l\u00e8bre son 80e anniversaire: King Philippe et Queen Mathilde en tant qu&#039;invit\u00e9 dans le Funkhaus Am Eupener Kehrweg | Vie Associative<\/title>\n<meta name=\"robots\" content=\"index, follow, max-snippet:-1, max-image-preview:large, max-video-preview:-1\" \/>\n<link rel=\"canonical\" href=\"https:\/\/vieassociative.be\/actualites\/brf-celebre-son-80e-anniversaire-king-philippe-et-queen-mathilde-en-tant-quinvite-dans-le-funkhaus-am-eupener-kehrweg\/\" \/>\n<meta property=\"og:locale\" content=\"fr_FR\" \/>\n<meta property=\"og:type\" content=\"article\" \/>\n<meta property=\"og:title\" content=\"BRF c\u00e9l\u00e8bre son 80e anniversaire: King Philippe et Queen Mathilde en tant qu&#039;invit\u00e9 dans le Funkhaus Am Eupener Kehrweg | Vie Associative\" \/>\n<meta property=\"og:description\" content=\"Le mardi 30 septembre 2025, le roi Philippe et la reine Mathilde ont visit\u00e9 Eupen \u00e0 l&rsquo;occasion du 80e anniversaire de la radio belge (BRF).\" \/>\n<meta property=\"og:url\" content=\"https:\/\/vieassociative.be\/actualites\/brf-celebre-son-80e-anniversaire-king-philippe-et-queen-mathilde-en-tant-quinvite-dans-le-funkhaus-am-eupener-kehrweg\/\" \/>\n<meta property=\"og:site_name\" content=\"Vie Associative\" \/>\n<meta property=\"article:published_time\" content=\"2025-09-30T14:17:40+00:00\" \/>\n<meta property=\"og:image\" content=\"https:\/\/vieassociative.be\/actualites\/wp-content\/uploads\/2024\/09\/header_backgroundk-01-e1726694325946.png\" \/>\n\t<meta property=\"og:image:width\" content=\"279\" \/>\n\t<meta property=\"og:image:height\" content=\"92\" \/>\n\t<meta property=\"og:image:type\" content=\"image\/png\" \/>\n<meta name=\"author\" content=\"Julien\" \/>\n<meta name=\"twitter:card\" content=\"summary_large_image\" \/>\n<meta name=\"twitter:label1\" content=\"\u00c9crit par\" \/>\n\t<meta name=\"twitter:data1\" content=\"Julien\" \/>\n\t<meta name=\"twitter:label2\" content=\"Dur\u00e9e de lecture est.\" \/>\n\t<meta name=\"twitter:data2\" content=\"2 minutes\" \/>\n<script type=\"application\/ld+json\" class=\"yoast-schema-graph\">{\"@context\":\"https:\/\/schema.org\",\"@graph\":[{\"@type\":\"Article\",\"@id\":\"https:\/\/vieassociative.be\/actualites\/brf-celebre-son-80e-anniversaire-king-philippe-et-queen-mathilde-en-tant-quinvite-dans-le-funkhaus-am-eupener-kehrweg\/#article\",\"isPartOf\":{\"@id\":\"https:\/\/vieassociative.be\/actualites\/brf-celebre-son-80e-anniversaire-king-philippe-et-queen-mathilde-en-tant-quinvite-dans-le-funkhaus-am-eupener-kehrweg\/\"},\"author\":{\"name\":\"Julien\",\"@id\":\"https:\/\/vieassociative.be\/actualites\/#\/schema\/person\/b87ac4f82f9d4e7b7cec7395b679edc4\"},\"headline\":\"BRF c\u00e9l\u00e8bre son 80e anniversaire: King Philippe et Queen Mathilde en tant qu&rsquo;invit\u00e9 dans le Funkhaus Am Eupener Kehrweg\",\"datePublished\":\"2025-09-30T14:17:40+00:00\",\"dateModified\":\"2025-09-30T14:17:40+00:00\",\"mainEntityOfPage\":{\"@id\":\"https:\/\/vieassociative.be\/actualites\/brf-celebre-son-80e-anniversaire-king-philippe-et-queen-mathilde-en-tant-quinvite-dans-le-funkhaus-am-eupener-kehrweg\/\"},\"wordCount\":540,\"publisher\":{\"@id\":\"https:\/\/vieassociative.be\/actualites\/#organization\"},\"image\":{\"@id\":\"https:\/\/vieassociative.be\/actualites\/brf-celebre-son-80e-anniversaire-king-philippe-et-queen-mathilde-en-tant-quinvite-dans-le-funkhaus-am-eupener-kehrweg\/#primaryimage\"},\"thumbnailUrl\":\"https:\/\/vieassociative.be\/actualites\/wp-content\/uploads\/2025\/09\/1759241861_BRF-celebre-son-80e-anniversaire-King-Philippe-et-Queen-Mathilde.jpg\",\"keywords\":[\"80e\",\"anniversaire\",\"BRF\",\"c\u00e9l\u00e8bre\",\"dans\",\"Eupener\",\"Funkhaus\",\"Kehrweg\",\"King\",\"Mathilde\",\"Philippe\",\"Queen\",\"quinvit\u00e9\",\"son\",\"tant\"],\"articleSection\":[\"Belgique\"],\"inLanguage\":\"fr-BE\"},{\"@type\":\"WebPage\",\"@id\":\"https:\/\/vieassociative.be\/actualites\/brf-celebre-son-80e-anniversaire-king-philippe-et-queen-mathilde-en-tant-quinvite-dans-le-funkhaus-am-eupener-kehrweg\/\",\"url\":\"https:\/\/vieassociative.be\/actualites\/brf-celebre-son-80e-anniversaire-king-philippe-et-queen-mathilde-en-tant-quinvite-dans-le-funkhaus-am-eupener-kehrweg\/\",\"name\":\"BRF c\u00e9l\u00e8bre son 80e anniversaire: King Philippe et Queen Mathilde en tant qu'invit\u00e9 dans le Funkhaus Am Eupener Kehrweg | Vie Associative\",\"isPartOf\":{\"@id\":\"https:\/\/vieassociative.be\/actualites\/#website\"},\"primaryImageOfPage\":{\"@id\":\"https:\/\/vieassociative.be\/actualites\/brf-celebre-son-80e-anniversaire-king-philippe-et-queen-mathilde-en-tant-quinvite-dans-le-funkhaus-am-eupener-kehrweg\/#primaryimage\"},\"image\":{\"@id\":\"https:\/\/vieassociative.be\/actualites\/brf-celebre-son-80e-anniversaire-king-philippe-et-queen-mathilde-en-tant-quinvite-dans-le-funkhaus-am-eupener-kehrweg\/#primaryimage\"},\"thumbnailUrl\":\"https:\/\/vieassociative.be\/actualites\/wp-content\/uploads\/2025\/09\/1759241861_BRF-celebre-son-80e-anniversaire-King-Philippe-et-Queen-Mathilde.jpg\",\"datePublished\":\"2025-09-30T14:17:40+00:00\",\"dateModified\":\"2025-09-30T14:17:40+00:00\",\"breadcrumb\":{\"@id\":\"https:\/\/vieassociative.be\/actualites\/brf-celebre-son-80e-anniversaire-king-philippe-et-queen-mathilde-en-tant-quinvite-dans-le-funkhaus-am-eupener-kehrweg\/#breadcrumb\"},\"inLanguage\":\"fr-BE\",\"potentialAction\":[{\"@type\":\"ReadAction\",\"target\":[\"https:\/\/vieassociative.be\/actualites\/brf-celebre-son-80e-anniversaire-king-philippe-et-queen-mathilde-en-tant-quinvite-dans-le-funkhaus-am-eupener-kehrweg\/\"]}]},{\"@type\":\"ImageObject\",\"inLanguage\":\"fr-BE\",\"@id\":\"https:\/\/vieassociative.be\/actualites\/brf-celebre-son-80e-anniversaire-king-philippe-et-queen-mathilde-en-tant-quinvite-dans-le-funkhaus-am-eupener-kehrweg\/#primaryimage\",\"url\":\"https:\/\/vieassociative.be\/actualites\/wp-content\/uploads\/2025\/09\/1759241861_BRF-celebre-son-80e-anniversaire-King-Philippe-et-Queen-Mathilde.jpg\",\"contentUrl\":\"https:\/\/vieassociative.be\/actualites\/wp-content\/uploads\/2025\/09\/1759241861_BRF-celebre-son-80e-anniversaire-King-Philippe-et-Queen-Mathilde.jpg\",\"width\":1200,\"height\":800,\"caption\":\"BRF c\u00e9l\u00e8bre son 80e anniversaire: King Philippe et Queen Mathilde en tant qu'invit\u00e9 dans le Funkhaus Am Eupener Kehrweg\"},{\"@type\":\"BreadcrumbList\",\"@id\":\"https:\/\/vieassociative.be\/actualites\/brf-celebre-son-80e-anniversaire-king-philippe-et-queen-mathilde-en-tant-quinvite-dans-le-funkhaus-am-eupener-kehrweg\/#breadcrumb\",\"itemListElement\":[{\"@type\":\"ListItem\",\"position\":1,\"name\":\"Accueil\",\"item\":\"https:\/\/vieassociative.be\/actualites\/\"},{\"@type\":\"ListItem\",\"position\":2,\"name\":\"BRF c\u00e9l\u00e8bre son 80e anniversaire: King Philippe et Queen Mathilde en tant qu&rsquo;invit\u00e9 dans le Funkhaus Am Eupener Kehrweg\"}]},{\"@type\":\"WebSite\",\"@id\":\"https:\/\/vieassociative.be\/actualites\/#website\",\"url\":\"https:\/\/vieassociative.be\/actualites\/\",\"name\":\"Vie Associative\",\"description\":\"\",\"publisher\":{\"@id\":\"https:\/\/vieassociative.be\/actualites\/#organization\"},\"potentialAction\":[{\"@type\":\"SearchAction\",\"target\":{\"@type\":\"EntryPoint\",\"urlTemplate\":\"https:\/\/vieassociative.be\/actualites\/?s={search_term_string}\"},\"query-input\":{\"@type\":\"PropertyValueSpecification\",\"valueRequired\":true,\"valueName\":\"search_term_string\"}}],\"inLanguage\":\"fr-BE\"},{\"@type\":\"Organization\",\"@id\":\"https:\/\/vieassociative.be\/actualites\/#organization\",\"name\":\"Vie Associative\",\"url\":\"https:\/\/vieassociative.be\/actualites\/\",\"logo\":{\"@type\":\"ImageObject\",\"inLanguage\":\"fr-BE\",\"@id\":\"https:\/\/vieassociative.be\/actualites\/#\/schema\/logo\/image\/\",\"url\":\"https:\/\/vieassociative.be\/actualites\/wp-content\/uploads\/2024\/09\/cropped-vieassociative_favicon.ico.png\",\"contentUrl\":\"https:\/\/vieassociative.be\/actualites\/wp-content\/uploads\/2024\/09\/cropped-vieassociative_favicon.ico.png\",\"width\":512,\"height\":512,\"caption\":\"Vie Associative\"},\"image\":{\"@id\":\"https:\/\/vieassociative.be\/actualites\/#\/schema\/logo\/image\/\"}},{\"@type\":\"Person\",\"@id\":\"https:\/\/vieassociative.be\/actualites\/#\/schema\/person\/b87ac4f82f9d4e7b7cec7395b679edc4\",\"name\":\"Julien\",\"image\":{\"@type\":\"ImageObject\",\"inLanguage\":\"fr-BE\",\"@id\":\"https:\/\/vieassociative.be\/actualites\/#\/schema\/person\/image\/\",\"url\":\"https:\/\/vieassociative.be\/actualites\/wp-content\/uploads\/2024\/09\/vie-associative-1-150x150.jpg\",\"contentUrl\":\"https:\/\/vieassociative.be\/actualites\/wp-content\/uploads\/2024\/09\/vie-associative-1-150x150.jpg\",\"caption\":\"Julien\"},\"description\":\"Je suis Julien, r\u00e9dacteur pour Vie Associative. Passionn\u00e9 par le monde associatif depuis plus de 10 ans, j'ai \u00e0 c\u0153ur de partager des histoires inspirantes et de mettre en lumi\u00e8re les initiatives locales. Mon objectif est de sensibiliser et d'encourager l'engagement communautaire \u00e0 travers mes articles.\",\"sameAs\":[\"https:\/\/vieassociative.be\/\"]}]}<\/script>\n<!-- \/ Yoast SEO plugin. -->","yoast_head_json":{"title":"BRF c\u00e9l\u00e8bre son 80e anniversaire: King Philippe et Queen Mathilde en tant qu'invit\u00e9 dans le Funkhaus Am Eupener Kehrweg | Vie Associative","robots":{"index":"index","follow":"follow","max-snippet":"max-snippet:-1","max-image-preview":"max-image-preview:large","max-video-preview":"max-video-preview:-1"},"canonical":"https:\/\/vieassociative.be\/actualites\/brf-celebre-son-80e-anniversaire-king-philippe-et-queen-mathilde-en-tant-quinvite-dans-le-funkhaus-am-eupener-kehrweg\/","og_locale":"fr_FR","og_type":"article","og_title":"BRF c\u00e9l\u00e8bre son 80e anniversaire: King Philippe et Queen Mathilde en tant qu'invit\u00e9 dans le Funkhaus Am Eupener Kehrweg | Vie Associative","og_description":"Le mardi 30 septembre 2025, le roi Philippe et la reine Mathilde ont visit\u00e9 Eupen \u00e0 l&rsquo;occasion du 80e anniversaire de la radio belge (BRF).","og_url":"https:\/\/vieassociative.be\/actualites\/brf-celebre-son-80e-anniversaire-king-philippe-et-queen-mathilde-en-tant-quinvite-dans-le-funkhaus-am-eupener-kehrweg\/","og_site_name":"Vie Associative","article_published_time":"2025-09-30T14:17:40+00:00","og_image":[{"width":279,"height":92,"url":"https:\/\/vieassociative.be\/actualites\/wp-content\/uploads\/2024\/09\/header_backgroundk-01-e1726694325946.png","type":"image\/png"}],"author":"Julien","twitter_card":"summary_large_image","twitter_misc":{"\u00c9crit par":"Julien","Dur\u00e9e de lecture est.":"2 minutes"},"schema":{"@context":"https:\/\/schema.org","@graph":[{"@type":"Article","@id":"https:\/\/vieassociative.be\/actualites\/brf-celebre-son-80e-anniversaire-king-philippe-et-queen-mathilde-en-tant-quinvite-dans-le-funkhaus-am-eupener-kehrweg\/#article","isPartOf":{"@id":"https:\/\/vieassociative.be\/actualites\/brf-celebre-son-80e-anniversaire-king-philippe-et-queen-mathilde-en-tant-quinvite-dans-le-funkhaus-am-eupener-kehrweg\/"},"author":{"name":"Julien","@id":"https:\/\/vieassociative.be\/actualites\/#\/schema\/person\/b87ac4f82f9d4e7b7cec7395b679edc4"},"headline":"BRF c\u00e9l\u00e8bre son 80e anniversaire: King Philippe et Queen Mathilde en tant qu&rsquo;invit\u00e9 dans le Funkhaus Am Eupener Kehrweg","datePublished":"2025-09-30T14:17:40+00:00","dateModified":"2025-09-30T14:17:40+00:00","mainEntityOfPage":{"@id":"https:\/\/vieassociative.be\/actualites\/brf-celebre-son-80e-anniversaire-king-philippe-et-queen-mathilde-en-tant-quinvite-dans-le-funkhaus-am-eupener-kehrweg\/"},"wordCount":540,"publisher":{"@id":"https:\/\/vieassociative.be\/actualites\/#organization"},"image":{"@id":"https:\/\/vieassociative.be\/actualites\/brf-celebre-son-80e-anniversaire-king-philippe-et-queen-mathilde-en-tant-quinvite-dans-le-funkhaus-am-eupener-kehrweg\/#primaryimage"},"thumbnailUrl":"https:\/\/vieassociative.be\/actualites\/wp-content\/uploads\/2025\/09\/1759241861_BRF-celebre-son-80e-anniversaire-King-Philippe-et-Queen-Mathilde.jpg","keywords":["80e","anniversaire","BRF","c\u00e9l\u00e8bre","dans","Eupener","Funkhaus","Kehrweg","King","Mathilde","Philippe","Queen","quinvit\u00e9","son","tant"],"articleSection":["Belgique"],"inLanguage":"fr-BE"},{"@type":"WebPage","@id":"https:\/\/vieassociative.be\/actualites\/brf-celebre-son-80e-anniversaire-king-philippe-et-queen-mathilde-en-tant-quinvite-dans-le-funkhaus-am-eupener-kehrweg\/","url":"https:\/\/vieassociative.be\/actualites\/brf-celebre-son-80e-anniversaire-king-philippe-et-queen-mathilde-en-tant-quinvite-dans-le-funkhaus-am-eupener-kehrweg\/","name":"BRF c\u00e9l\u00e8bre son 80e anniversaire: King Philippe et Queen Mathilde en tant qu'invit\u00e9 dans le Funkhaus Am Eupener Kehrweg | Vie Associative","isPartOf":{"@id":"https:\/\/vieassociative.be\/actualites\/#website"},"primaryImageOfPage":{"@id":"https:\/\/vieassociative.be\/actualites\/brf-celebre-son-80e-anniversaire-king-philippe-et-queen-mathilde-en-tant-quinvite-dans-le-funkhaus-am-eupener-kehrweg\/#primaryimage"},"image":{"@id":"https:\/\/vieassociative.be\/actualites\/brf-celebre-son-80e-anniversaire-king-philippe-et-queen-mathilde-en-tant-quinvite-dans-le-funkhaus-am-eupener-kehrweg\/#primaryimage"},"thumbnailUrl":"https:\/\/vieassociative.be\/actualites\/wp-content\/uploads\/2025\/09\/1759241861_BRF-celebre-son-80e-anniversaire-King-Philippe-et-Queen-Mathilde.jpg","datePublished":"2025-09-30T14:17:40+00:00","dateModified":"2025-09-30T14:17:40+00:00","breadcrumb":{"@id":"https:\/\/vieassociative.be\/actualites\/brf-celebre-son-80e-anniversaire-king-philippe-et-queen-mathilde-en-tant-quinvite-dans-le-funkhaus-am-eupener-kehrweg\/#breadcrumb"},"inLanguage":"fr-BE","potentialAction":[{"@type":"ReadAction","target":["https:\/\/vieassociative.be\/actualites\/brf-celebre-son-80e-anniversaire-king-philippe-et-queen-mathilde-en-tant-quinvite-dans-le-funkhaus-am-eupener-kehrweg\/"]}]},{"@type":"ImageObject","inLanguage":"fr-BE","@id":"https:\/\/vieassociative.be\/actualites\/brf-celebre-son-80e-anniversaire-king-philippe-et-queen-mathilde-en-tant-quinvite-dans-le-funkhaus-am-eupener-kehrweg\/#primaryimage","url":"https:\/\/vieassociative.be\/actualites\/wp-content\/uploads\/2025\/09\/1759241861_BRF-celebre-son-80e-anniversaire-King-Philippe-et-Queen-Mathilde.jpg","contentUrl":"https:\/\/vieassociative.be\/actualites\/wp-content\/uploads\/2025\/09\/1759241861_BRF-celebre-son-80e-anniversaire-King-Philippe-et-Queen-Mathilde.jpg","width":1200,"height":800,"caption":"BRF c\u00e9l\u00e8bre son 80e anniversaire: King Philippe et Queen Mathilde en tant qu'invit\u00e9 dans le Funkhaus Am Eupener Kehrweg"},{"@type":"BreadcrumbList","@id":"https:\/\/vieassociative.be\/actualites\/brf-celebre-son-80e-anniversaire-king-philippe-et-queen-mathilde-en-tant-quinvite-dans-le-funkhaus-am-eupener-kehrweg\/#breadcrumb","itemListElement":[{"@type":"ListItem","position":1,"name":"Accueil","item":"https:\/\/vieassociative.be\/actualites\/"},{"@type":"ListItem","position":2,"name":"BRF c\u00e9l\u00e8bre son 80e anniversaire: King Philippe et Queen Mathilde en tant qu&rsquo;invit\u00e9 dans le Funkhaus Am Eupener Kehrweg"}]},{"@type":"WebSite","@id":"https:\/\/vieassociative.be\/actualites\/#website","url":"https:\/\/vieassociative.be\/actualites\/","name":"Vie Associative","description":"","publisher":{"@id":"https:\/\/vieassociative.be\/actualites\/#organization"},"potentialAction":[{"@type":"SearchAction","target":{"@type":"EntryPoint","urlTemplate":"https:\/\/vieassociative.be\/actualites\/?s={search_term_string}"},"query-input":{"@type":"PropertyValueSpecification","valueRequired":true,"valueName":"search_term_string"}}],"inLanguage":"fr-BE"},{"@type":"Organization","@id":"https:\/\/vieassociative.be\/actualites\/#organization","name":"Vie Associative","url":"https:\/\/vieassociative.be\/actualites\/","logo":{"@type":"ImageObject","inLanguage":"fr-BE","@id":"https:\/\/vieassociative.be\/actualites\/#\/schema\/logo\/image\/","url":"https:\/\/vieassociative.be\/actualites\/wp-content\/uploads\/2024\/09\/cropped-vieassociative_favicon.ico.png","contentUrl":"https:\/\/vieassociative.be\/actualites\/wp-content\/uploads\/2024\/09\/cropped-vieassociative_favicon.ico.png","width":512,"height":512,"caption":"Vie Associative"},"image":{"@id":"https:\/\/vieassociative.be\/actualites\/#\/schema\/logo\/image\/"}},{"@type":"Person","@id":"https:\/\/vieassociative.be\/actualites\/#\/schema\/person\/b87ac4f82f9d4e7b7cec7395b679edc4","name":"Julien","image":{"@type":"ImageObject","inLanguage":"fr-BE","@id":"https:\/\/vieassociative.be\/actualites\/#\/schema\/person\/image\/","url":"https:\/\/vieassociative.be\/actualites\/wp-content\/uploads\/2024\/09\/vie-associative-1-150x150.jpg","contentUrl":"https:\/\/vieassociative.be\/actualites\/wp-content\/uploads\/2024\/09\/vie-associative-1-150x150.jpg","caption":"Julien"},"description":"Je suis Julien, r\u00e9dacteur pour Vie Associative. Passionn\u00e9 par le monde associatif depuis plus de 10 ans, j'ai \u00e0 c\u0153ur de partager des histoires inspirantes et de mettre en lumi\u00e8re les initiatives locales. Mon objectif est de sensibiliser et d'encourager l'engagement communautaire \u00e0 travers mes articles.","sameAs":["https:\/\/vieassociative.be\/"]}]}},"_links":{"self":[{"href":"https:\/\/vieassociative.be\/actualites\/wp-json\/wp\/v2\/posts\/10354"}],"collection":[{"href":"https:\/\/vieassociative.be\/actualites\/wp-json\/wp\/v2\/posts"}],"about":[{"href":"https:\/\/vieassociative.be\/actualites\/wp-json\/wp\/v2\/types\/post"}],"author":[{"embeddable":true,"href":"https:\/\/vieassociative.be\/actualites\/wp-json\/wp\/v2\/users\/1"}],"replies":[{"embeddable":true,"href":"https:\/\/vieassociative.be\/actualites\/wp-json\/wp\/v2\/comments?post=10354"}],"version-history":[{"count":0,"href":"https:\/\/vieassociative.be\/actualites\/wp-json\/wp\/v2\/posts\/10354\/revisions"}],"wp:featuredmedia":[{"embeddable":true,"href":"https:\/\/vieassociative.be\/actualites\/wp-json\/wp\/v2\/media\/10355"}],"wp:attachment":[{"href":"https:\/\/vieassociative.be\/actualites\/wp-json\/wp\/v2\/media?parent=10354"}],"wp:term":[{"taxonomy":"category","embeddable":true,"href":"https:\/\/vieassociative.be\/actualites\/wp-json\/wp\/v2\/categories?post=10354"},{"taxonomy":"post_tag","embeddable":true,"href":"https:\/\/vieassociative.be\/actualites\/wp-json\/wp\/v2\/tags?post=10354"}],"curies":[{"name":"wp","href":"https:\/\/api.w.org\/{rel}","templated":true}]}}