{"id":10348,"date":"2025-09-30T10:17:07","date_gmt":"2025-09-30T08:17:07","guid":{"rendered":"https:\/\/vieassociative.be\/actualites\/netanyahu-accepte-que-le-plan-de-trump-de-mettre-fin-a-la-guerre-de-gaza-le-hamas-est-toujours-en-attente\/"},"modified":"2025-09-30T10:17:07","modified_gmt":"2025-09-30T08:17:07","slug":"netanyahu-accepte-que-le-plan-de-trump-de-mettre-fin-a-la-guerre-de-gaza-le-hamas-est-toujours-en-attente","status":"publish","type":"post","link":"https:\/\/vieassociative.be\/actualites\/netanyahu-accepte-que-le-plan-de-trump-de-mettre-fin-a-la-guerre-de-gaza-le-hamas-est-toujours-en-attente\/","title":{"rendered":"Netanyahu accepte que le plan de Trump de mettre fin \u00e0 la guerre de Gaza, le Hamas, est toujours en attente"},"content":{"rendered":"<p><strong>Selon le Premier ministre Netanyahu, Isra\u00ebl soutient un plan de paix du pr\u00e9sident am\u00e9ricain Trump. Voil\u00e0 \u00e0 quoi ressemble le plan pour la fin de la guerre de Gaza.<\/strong><\/p>\n<p><span id=\"more-425863\"><\/span>Isra\u00ebl accepte le plan du pr\u00e9sident am\u00e9ricain Donald Trump de mettre fin \u00e0 la guerre de Gaza avec l&rsquo;organisation islamiste palestinienne Hamas. \u00ab\u00a0Je soutiens votre plan pour mettre fin \u00e0 la guerre dans la bande de Gaza\u00a0\u00bb, a d\u00e9clar\u00e9 le Premier ministre isra\u00e9lien Benjamin Netanyahu lors d&rsquo;une r\u00e9union avec Trump \u00e0 Washington.<\/p>\n<p>Des milieux du Hamas, il a \u00e9t\u00e9 dit que l&rsquo;organisation terroriste avait re\u00e7u la proposition des interm\u00e9diaires du Qatar et des \u00c9gyptiens. En cons\u00e9quence, les islamistes veulent \u00ab\u00a0v\u00e9rifier soigneusement le plan\u00a0\u00bb avant de donner une r\u00e9ponse officielle.<\/p>\n<div id=\"attachment_425867\" class=\"wp-caption alignleft\" style=\"max-width: 300px\"><img fetchpriority=\"high\" decoding=\"async\" class=\"wp-image-425867 size-medium\" src=\"https:\/\/vieassociative.be\/actualites\/wp-content\/uploads\/2025\/09\/Netanyahu-accepte-que-le-plan-de-Trump-de-mettre-fin.jpg\" alt=\"\" width=\"300\" height=\"200\"><\/div>\n<p>En Europe, le plan a rencontr\u00e9 l&rsquo;approbation &#8211; combin\u00e9e \u00e0 la d\u00e9claration selon laquelle le ballon est maintenant au Hamas. Le pr\u00e9sident fran\u00e7ais Emmanuel Macron a d\u00e9clar\u00e9 que le Hamas n&rsquo;avait \u00ab\u00a0pas d&rsquo;autre choix que de laisser tous les otages ouverts imm\u00e9diatement et de suivre ce plan\u00a0\u00bb. Le Premier ministre britannique Keir Strander a soulign\u00e9 que la Grande-Bretagne a appel\u00e9 toutes les parties pour travailler avec le gouvernement am\u00e9ricain afin de conclure et de mettre en \u0153uvre l&rsquo;accord.<\/p>\n<p>Voici \u00e0 quoi ressemble le plan de 20 points:<\/p>\n<p><strong>&#8211; fin des combats<\/strong>: En cas de consentement des deux parties, la guerre devrait \u00eatre termin\u00e9e imm\u00e9diatement &#8211; l&rsquo;arm\u00e9e isra\u00e9lienne devrait se retirer sur une \u00ab\u00a0ligne convenue\u00a0\u00bb et tous les combats.<\/p>\n<p><strong>&#8211; otages et prisonniers:<\/strong> 72 heures apr\u00e8s qu&rsquo;Isra\u00ebl a publiquement accept\u00e9 le plan, tous les otages (vivants ou d\u00e9c\u00e9d\u00e9s) devraient \u00eatre attribu\u00e9s de la bande de Gaza. Apr\u00e8s cela, Isra\u00ebl lib\u00e9rerait environ 250 d\u00e9tenus de prison palestiniens condamn\u00e9s \u00e0 la prison \u00e0 vie et est arriv\u00e9 environ 1 700 apr\u00e8s le 7 octobre 2023. Pour chaque corps attir\u00e9 de la bande de Gaza, Isra\u00ebl d\u00e9clencherait 15 cadavres de Palestiniens \u00e0 la bande de Gaza. Selon les informations isra\u00e9liennes, seulement 20 des 48 otages sont vivants.<\/p>\n<p><strong>&#8211; Supplies de secours:<\/strong> Imm\u00e9diatement apr\u00e8s l&rsquo;acceptation du plan, de nombreuses livraisons d&rsquo;aide doivent \u00eatre introduites dans la bande de Gaza. L&rsquo;alimentation en eau et en \u00e9lectricit\u00e9 doivent \u00eatre restaur\u00e9es et les h\u00f4pitaux doivent \u00eatre r\u00e9par\u00e9s. La distribution doit \u00eatre effectu\u00e9e via les Nations Unies et la lune de la t\u00eate rouge ainsi que d&rsquo;autres organisations internationales ind\u00e9pendantes.<\/p>\n<p><strong>&#8211; Les gens de la bande de Gaza:<\/strong> Personne ne devrait \u00eatre oblig\u00e9 de partir; Le d\u00e9part et le retour devraient avoir lieu sur une base volontaire.<\/p>\n<p><strong>&#8211; R\u00f4le du Hamas:<\/strong> Le Hamas ne devrait pas \u00eatre impliqu\u00e9 dans l&rsquo;administration de la bande de Gaza. Les membres du Hamas qui abandonnent leurs armes et promettent une \u00abcoexistence pacifique\u00bb peuvent recevoir ou quitter le plan d&rsquo;amnistie.<\/p>\n<div id=\"attachment_423011\" class=\"wp-caption alignleft\" style=\"max-width: 300px\"><img decoding=\"async\" class=\"wp-image-423011 size-medium\" src=\"https:\/\/vieassociative.be\/actualites\/wp-content\/uploads\/2025\/08\/1756023469_995_Disaste-de-la-faim-dans-la-bande-de-Gaza-Pour.jpg\" alt=\"\" width=\"300\" height=\"200\"><\/div>\n<p><strong>&#8211; Temps de transition:<\/strong> Isra\u00ebl ne devrait ni annexer la bande de Gaza ni occuper de fa\u00e7on permanente. La r\u00e9gion doit \u00eatre g\u00e9r\u00e9e par un gouvernement de transition d&rsquo;un comit\u00e9 palestinien technocratique. En plus des Palestiniens, les experts internationaux doivent s&rsquo;asseoir dans le comit\u00e9, qui \u00e0 son tour est v\u00e9rifi\u00e9 par un \u00ab\u00a0Conseil de la paix\u00a0\u00bb avec Trump au sommet. Le conseil devrait appartenir \u00e0 d&rsquo;autres hauts politiciens, comme l&rsquo;ancien Premier ministre britannique Tony Blair. Un groupe international de stabilisation (ISF) devrait assurer la s\u00e9curit\u00e9 et en m\u00eame temps former des forces de police palestiniennes. Blair a d\u00e9crit le plan comme \u00ab\u00a0courageux et intelligent\u00a0\u00bb.<\/p>\n<p><strong>&#8211; Reconstruction:<\/strong> Un \u00abplan Trump pour le d\u00e9veloppement \u00e9conomique\u00bb financ\u00e9 par le international, des investissements et une zone \u00e9conomique sp\u00e9ciale sont pr\u00e9vus pour cr\u00e9er des emplois. \u00c0 long terme, cela devrait promouvoir la paix, entre autres, avec un \u00ab\u00a0\u00e9change interligieux\u00a0\u00bb et, apr\u00e8s avoir r\u00e9form\u00e9 l&rsquo;Autorit\u00e9 palestinienne (PA), ouvrir une perspective pour un \u00c9tat palestinien.<\/p>\n<p>Netanyahu a dit \u00e0 propos du r\u00f4le de l&rsquo;AP: il appr\u00e9cie l&rsquo;attitude de Trump \u00ab\u00a0que l&rsquo;AP ne peut pas jouer un r\u00f4le dans Gaza sans une transformation radicale et r\u00e9elle\u00a0\u00bb. Il a \u00e9galement soulign\u00e9 que l&rsquo;administration civile dans la bande de Gaza n&rsquo;\u00e9tait pas dirig\u00e9e par le Hamas ni par l&rsquo;AP en Cisjordanie.<\/p>\n<p>On ne sait actuellement pas si le Hamas acceptera le plan. Jusqu&rsquo;\u00e0 pr\u00e9sent, les islamistes ont rejet\u00e9 un d\u00e9sarmement.<\/p>\n<p><strong>&#8211; La \u00ab\u00a0Riviera du Moyen-Orient\u00a0\u00bb de Trump a rencontr\u00e9 une vive critique:<\/strong> Au cours des derniers mois, diverses suggestions ont \u00e9t\u00e9 discut\u00e9es sur la question de savoir comment la bande de Gaza doit \u00eatre s\u00e9curis\u00e9e et g\u00e9r\u00e9e apr\u00e8s une \u00e9ventuelle fin de la guerre. Dans ce contexte, Trump avait mis l&rsquo;id\u00e9e en jeu pour prendre le contr\u00f4le de la r\u00e9gion et pour d\u00e9placer la population palestinienne dans les pays tiers pour transformer Gaza en une \u00ab\u00a0Riviera du Moyen-Orient\u00a0\u00bb.<\/p>\n<div id=\"attachment_406807\" class=\"wp-caption alignleft\" style=\"max-width: 300px\"><img decoding=\"async\" class=\"wp-image-406807 size-medium\" src=\"https:\/\/vieassociative.be\/actualites\/wp-content\/uploads\/2025\/01\/1737814747_314_Le-Hamas-libere-quatre-otages-supplementaires-dans-la-bande-de.jpg\" alt=\"\" width=\"300\" height=\"200\"><\/div>\n<p>La proposition a rencontr\u00e9 de fortes critiques \u00e0 l&rsquo;\u00e9chelle internationale et aux \u00c9tats-Unis. Selon les experts, les gens d\u00e9placeraient la bande de Gaza pour d\u00e9placer le droit international. Le plan de 20 points a maintenant d\u00e9clar\u00e9: \u00ab\u00a0Personne ne sera oblig\u00e9 de quitter Gaza.\u00a0\u00bb Ceux qui voulaient y aller pouvaient faire cela et \u00ab\u00a0aussi revenir\u00a0\u00bb. On \u00ab\u00a0encouragera\u00a0\u00bb les gens \u00e0 rester.<\/p>\n<p>Netanyahu a d\u00e9clar\u00e9 \u00e0 Washington qu&rsquo;il croyait qu &lsquo;\u00a0\u00bbaujourd&rsquo;hui, nous faisons un pas d\u00e9cisif vers la fin de la guerre \u00e0 Gaza et cr\u00e9ons les conditions pr\u00e9alables \u00e0 des progr\u00e8s dramatiques dans la paix au Moyen-Orient &#8211; et, je pense, aussi dans des pays musulmans tr\u00e8s importants.\u00a0\u00bb Le plan est conforme aux conditions d&rsquo;Isra\u00ebl pour le moment apr\u00e8s la guerre, a d\u00e9clar\u00e9 le chef du gouvernement isra\u00e9lien.<\/p>\n<p>Trump a dit en vue du Hamas: \u00ab\u00a0J&rsquo;ai le sentiment que nous obtiendrons une r\u00e9ponse positive.\u00a0\u00bb L&rsquo;un est tr\u00e8s proche d&rsquo;une solution.<\/p>\n<p><strong>&#8211; Trump veut mener le Conseil de contr\u00f4le pour la bande de Gaza:<\/strong> Trump a d\u00e9clar\u00e9 qu&rsquo;il \u00ab\u00a0avait\u00a0\u00bb fait beaucoup \u00ab\u00a0pour faire le plan du\u00a0\u00bb Conseil de la paix \u00ab\u00a0qu&rsquo;il avait men\u00e9 en tant que corps de contr\u00f4le d&rsquo;un \u00e9ventuel gouvernement transitionnel dans la bande de Gaza, mais \u00e0 la demande des dirigeants arabes et isra\u00e9liens, il est important qu&rsquo;il ait assur\u00e9 ce r\u00f4le.<\/p>\n<p>De plus, d&rsquo;autres politiciens de haut niveau devraient appartenir au conseil \u00bbet des personnalit\u00e9s tr\u00e8s respect\u00e9es, a poursuivi le r\u00e9publicain. Netanyahu a d\u00e9clar\u00e9: \u00ab\u00a0Si cet organisme international r\u00e9ussit maintenant, nous avons finalement mis fin \u00e0 la guerre.\u00a0\u00bb<\/p>\n<p>Le chef isra\u00e9lien de l&rsquo;opposition, Jair Lapid, a annonc\u00e9 qu&rsquo;il voulait que Netanyahu garantit un \u00abfilet de s\u00e9curit\u00e9\u00bb dans le cas o\u00f9 les partenaires de la coalition ultra-droite quittent maintenant le gouvernement en signe de protestation. Les Hardliners du gouvernement sont contre la fin de la guerre tant que le Hamas n&rsquo;est pas bris\u00e9.<\/p>\n<div id=\"attachment_407592\" class=\"wp-caption alignleft\" style=\"max-width: 300px\"><img loading=\"lazy\" decoding=\"async\" class=\"wp-image-407592 size-medium\" src=\"https:\/\/vieassociative.be\/actualites\/wp-content\/uploads\/2025\/09\/1759220227_406_Netanyahu-accepte-que-le-plan-de-Trump-de-mettre-fin.jpg\" alt=\"\" width=\"300\" height=\"200\"><\/div>\n<p><strong>-Un veut soutenir le plan de paix de Gaza de Trump:<\/strong> Les Nations Unies ont soulign\u00e9 leur soutien aux efforts. \u00ab\u00a0Les Nations Unies sont pr\u00eates \u00e0 soutenir, y compris la fourniture d&rsquo;une aide humanitaire\u00a0\u00bb, a d\u00e9clar\u00e9 un porte-parole de l&rsquo;ONU \u00e0 New York lorsqu&rsquo;il a interrog\u00e9 le plan Trump.<\/p>\n<p><strong>&#8211; Isra\u00ebl ne veut plus blesser la souverainet\u00e9 de Katar:<\/strong> Au cours de sa rencontre avec Trump, Netanyahu a t\u00e9l\u00e9phon\u00e9 avec le chef du gouvernement du Qatar, Mohammed bin Abdulrahman Al Thani. Isra\u00ebl avait attaqu\u00e9 les dirigeants du Hamas dans l&rsquo;\u00c9tat de golf il y a environ trois semaines. Netanyahu a exclu d&rsquo;autres attaques dans le golfirate pendant la conversation. \u00ab\u00a0Je voudrais \u00e9galement vous assurer qu&rsquo;Isra\u00ebl ne pr\u00e9voit pas de violer \u00e0 nouveau sa souverainet\u00e9 \u00e0 l&rsquo;avenir\u00a0\u00bb, a d\u00e9clar\u00e9 Netanyahu.<\/p>\n<p>Isra\u00ebl regrette qu&rsquo;un citoyen qatarien ait \u00e9t\u00e9 tu\u00e9 lors de l&rsquo;attaque. \u00ab\u00a0Je voudrais vous assurer qu&rsquo;Isra\u00ebl a cibl\u00e9 le Hamas, pas Katarer.\u00a0\u00bb Les membres de la coalition extr\u00e9miste \u00e0 droite ont critiqu\u00e9 les \u00ab\u00a0excuses soumises\u00a0\u00bb.<\/p>\n<p>Le Qatar est un alli\u00e9 am\u00e9ricain important sur le golf. En plus de l&rsquo;\u00c9gypte et des \u00c9tats-Unis, l&rsquo;\u00e9mirat transmet dans la guerre de Gaza. Le Qatar avait fortement condamn\u00e9 l&rsquo;attaque d&rsquo;Isra\u00ebl. La critique est \u00e9galement venue des \u00c9tats-Unis.<\/p>\n<p>Netanyahu a \u00e9galement salu\u00e9 l&rsquo;id\u00e9e du gouvernement am\u00e9ricain de cr\u00e9er un groupe trilat\u00e9ral \u00ab\u00a0pour clarifier les diff\u00e9rends ouverts entre nos deux pays\u00a0\u00bb. Netanyahu n&rsquo;a initialement pas donn\u00e9 plus de d\u00e9tails.<\/p>\n<p>Le Premier ministre de Katar, Mohammed bin Abdulrahman, Al Thani, a salu\u00e9 les assurances. Selon les m\u00e9dias, l&rsquo;assurance d&rsquo;Isra\u00ebl n&rsquo;a jamais \u00e9t\u00e9 d&rsquo;effectuer plus d&rsquo;attaques au Qatar, \u00e0 l&rsquo;origine le 21e point du plan. Cela n&rsquo;\u00e9tait plus r\u00e9pertori\u00e9 dans un document publi\u00e9 par la Maison Blanche. (DPA)<\/p>\n","protected":false},"excerpt":{"rendered":"<p>Selon le Premier ministre Netanyahu, Isra\u00ebl soutient un plan de paix du pr\u00e9sident am\u00e9ricain Trump. Voil\u00e0 \u00e0 quoi ressemble le plan pour la fin de<\/p>\n","protected":false},"author":1,"featured_media":10349,"comment_status":"","ping_status":"","sticky":false,"template":"","format":"standard","meta":{"footnotes":""},"categories":[298],"tags":[8726,8727,76,1908,4755,2637,4944,1182,7658,682,572,2425],"class_list":["post-10348","post","type-post","status-publish","format-standard","has-post-thumbnail","hentry","category-belgique","tag-accepte","tag-attente","tag-est","tag-fin","tag-gaza","tag-guerre","tag-hamas","tag-mettre","tag-netanyahu","tag-plan","tag-toujours","tag-trump","generate-columns","tablet-grid-50","mobile-grid-100","grid-parent","grid-33"],"yoast_head":"<!-- This site is optimized with the Yoast SEO plugin v24.0 - https:\/\/yoast.com\/wordpress\/plugins\/seo\/ -->\n<title>Netanyahu accepte que le plan de Trump de mettre fin \u00e0 la guerre de Gaza, le Hamas, est toujours en attente | Vie Associative<\/title>\n<meta name=\"robots\" content=\"index, follow, max-snippet:-1, max-image-preview:large, max-video-preview:-1\" \/>\n<link rel=\"canonical\" href=\"https:\/\/vieassociative.be\/actualites\/netanyahu-accepte-que-le-plan-de-trump-de-mettre-fin-a-la-guerre-de-gaza-le-hamas-est-toujours-en-attente\/\" \/>\n<meta property=\"og:locale\" content=\"fr_FR\" \/>\n<meta property=\"og:type\" content=\"article\" \/>\n<meta property=\"og:title\" content=\"Netanyahu accepte que le plan de Trump de mettre fin \u00e0 la guerre de Gaza, le Hamas, est toujours en attente | Vie Associative\" \/>\n<meta property=\"og:description\" content=\"Selon le Premier ministre Netanyahu, Isra\u00ebl soutient un plan de paix du pr\u00e9sident am\u00e9ricain Trump. Voil\u00e0 \u00e0 quoi ressemble le plan pour la fin de\" \/>\n<meta property=\"og:url\" content=\"https:\/\/vieassociative.be\/actualites\/netanyahu-accepte-que-le-plan-de-trump-de-mettre-fin-a-la-guerre-de-gaza-le-hamas-est-toujours-en-attente\/\" \/>\n<meta property=\"og:site_name\" content=\"Vie Associative\" \/>\n<meta property=\"article:published_time\" content=\"2025-09-30T08:17:07+00:00\" \/>\n<meta property=\"og:image\" content=\"https:\/\/vieassociative.be\/actualites\/wp-content\/uploads\/2024\/09\/header_backgroundk-01-e1726694325946.png\" \/>\n\t<meta property=\"og:image:width\" content=\"279\" \/>\n\t<meta property=\"og:image:height\" content=\"92\" \/>\n\t<meta property=\"og:image:type\" content=\"image\/png\" \/>\n<meta name=\"author\" content=\"Julien\" \/>\n<meta name=\"twitter:card\" content=\"summary_large_image\" \/>\n<meta name=\"twitter:label1\" content=\"\u00c9crit par\" \/>\n\t<meta name=\"twitter:data1\" content=\"Julien\" \/>\n\t<meta name=\"twitter:label2\" content=\"Dur\u00e9e de lecture est.\" \/>\n\t<meta name=\"twitter:data2\" content=\"7 minutes\" \/>\n<script type=\"application\/ld+json\" class=\"yoast-schema-graph\">{\"@context\":\"https:\/\/schema.org\",\"@graph\":[{\"@type\":\"Article\",\"@id\":\"https:\/\/vieassociative.be\/actualites\/netanyahu-accepte-que-le-plan-de-trump-de-mettre-fin-a-la-guerre-de-gaza-le-hamas-est-toujours-en-attente\/#article\",\"isPartOf\":{\"@id\":\"https:\/\/vieassociative.be\/actualites\/netanyahu-accepte-que-le-plan-de-trump-de-mettre-fin-a-la-guerre-de-gaza-le-hamas-est-toujours-en-attente\/\"},\"author\":{\"name\":\"Julien\",\"@id\":\"https:\/\/vieassociative.be\/actualites\/#\/schema\/person\/b87ac4f82f9d4e7b7cec7395b679edc4\"},\"headline\":\"Netanyahu accepte que le plan de Trump de mettre fin \u00e0 la guerre de Gaza, le Hamas, est toujours en attente\",\"datePublished\":\"2025-09-30T08:17:07+00:00\",\"dateModified\":\"2025-09-30T08:17:07+00:00\",\"mainEntityOfPage\":{\"@id\":\"https:\/\/vieassociative.be\/actualites\/netanyahu-accepte-que-le-plan-de-trump-de-mettre-fin-a-la-guerre-de-gaza-le-hamas-est-toujours-en-attente\/\"},\"wordCount\":1517,\"publisher\":{\"@id\":\"https:\/\/vieassociative.be\/actualites\/#organization\"},\"image\":{\"@id\":\"https:\/\/vieassociative.be\/actualites\/netanyahu-accepte-que-le-plan-de-trump-de-mettre-fin-a-la-guerre-de-gaza-le-hamas-est-toujours-en-attente\/#primaryimage\"},\"thumbnailUrl\":\"https:\/\/vieassociative.be\/actualites\/wp-content\/uploads\/2025\/09\/1759220228_Netanyahu-accepte-que-le-plan-de-Trump-de-mettre-fin.jpg\",\"keywords\":[\"accepte\",\"attente\",\"est\",\"fin\",\"Gaza\",\"guerre\",\"Hamas\",\"mettre\",\"Netanyahu\",\"plan\",\"toujours\",\"Trump\"],\"articleSection\":[\"Belgique\"],\"inLanguage\":\"fr-BE\"},{\"@type\":\"WebPage\",\"@id\":\"https:\/\/vieassociative.be\/actualites\/netanyahu-accepte-que-le-plan-de-trump-de-mettre-fin-a-la-guerre-de-gaza-le-hamas-est-toujours-en-attente\/\",\"url\":\"https:\/\/vieassociative.be\/actualites\/netanyahu-accepte-que-le-plan-de-trump-de-mettre-fin-a-la-guerre-de-gaza-le-hamas-est-toujours-en-attente\/\",\"name\":\"Netanyahu accepte que le plan de Trump de mettre fin \u00e0 la guerre de Gaza, le Hamas, est toujours en attente | Vie Associative\",\"isPartOf\":{\"@id\":\"https:\/\/vieassociative.be\/actualites\/#website\"},\"primaryImageOfPage\":{\"@id\":\"https:\/\/vieassociative.be\/actualites\/netanyahu-accepte-que-le-plan-de-trump-de-mettre-fin-a-la-guerre-de-gaza-le-hamas-est-toujours-en-attente\/#primaryimage\"},\"image\":{\"@id\":\"https:\/\/vieassociative.be\/actualites\/netanyahu-accepte-que-le-plan-de-trump-de-mettre-fin-a-la-guerre-de-gaza-le-hamas-est-toujours-en-attente\/#primaryimage\"},\"thumbnailUrl\":\"https:\/\/vieassociative.be\/actualites\/wp-content\/uploads\/2025\/09\/1759220228_Netanyahu-accepte-que-le-plan-de-Trump-de-mettre-fin.jpg\",\"datePublished\":\"2025-09-30T08:17:07+00:00\",\"dateModified\":\"2025-09-30T08:17:07+00:00\",\"breadcrumb\":{\"@id\":\"https:\/\/vieassociative.be\/actualites\/netanyahu-accepte-que-le-plan-de-trump-de-mettre-fin-a-la-guerre-de-gaza-le-hamas-est-toujours-en-attente\/#breadcrumb\"},\"inLanguage\":\"fr-BE\",\"potentialAction\":[{\"@type\":\"ReadAction\",\"target\":[\"https:\/\/vieassociative.be\/actualites\/netanyahu-accepte-que-le-plan-de-trump-de-mettre-fin-a-la-guerre-de-gaza-le-hamas-est-toujours-en-attente\/\"]}]},{\"@type\":\"ImageObject\",\"inLanguage\":\"fr-BE\",\"@id\":\"https:\/\/vieassociative.be\/actualites\/netanyahu-accepte-que-le-plan-de-trump-de-mettre-fin-a-la-guerre-de-gaza-le-hamas-est-toujours-en-attente\/#primaryimage\",\"url\":\"https:\/\/vieassociative.be\/actualites\/wp-content\/uploads\/2025\/09\/1759220228_Netanyahu-accepte-que-le-plan-de-Trump-de-mettre-fin.jpg\",\"contentUrl\":\"https:\/\/vieassociative.be\/actualites\/wp-content\/uploads\/2025\/09\/1759220228_Netanyahu-accepte-que-le-plan-de-Trump-de-mettre-fin.jpg\",\"width\":1200,\"height\":800,\"caption\":\"Netanyahu accepte que le plan de Trump de mettre fin \u00e0 la guerre de Gaza, le Hamas, est toujours en attente\"},{\"@type\":\"BreadcrumbList\",\"@id\":\"https:\/\/vieassociative.be\/actualites\/netanyahu-accepte-que-le-plan-de-trump-de-mettre-fin-a-la-guerre-de-gaza-le-hamas-est-toujours-en-attente\/#breadcrumb\",\"itemListElement\":[{\"@type\":\"ListItem\",\"position\":1,\"name\":\"Accueil\",\"item\":\"https:\/\/vieassociative.be\/actualites\/\"},{\"@type\":\"ListItem\",\"position\":2,\"name\":\"Netanyahu accepte que le plan de Trump de mettre fin \u00e0 la guerre de Gaza, le Hamas, est toujours en attente\"}]},{\"@type\":\"WebSite\",\"@id\":\"https:\/\/vieassociative.be\/actualites\/#website\",\"url\":\"https:\/\/vieassociative.be\/actualites\/\",\"name\":\"Vie Associative\",\"description\":\"\",\"publisher\":{\"@id\":\"https:\/\/vieassociative.be\/actualites\/#organization\"},\"potentialAction\":[{\"@type\":\"SearchAction\",\"target\":{\"@type\":\"EntryPoint\",\"urlTemplate\":\"https:\/\/vieassociative.be\/actualites\/?s={search_term_string}\"},\"query-input\":{\"@type\":\"PropertyValueSpecification\",\"valueRequired\":true,\"valueName\":\"search_term_string\"}}],\"inLanguage\":\"fr-BE\"},{\"@type\":\"Organization\",\"@id\":\"https:\/\/vieassociative.be\/actualites\/#organization\",\"name\":\"Vie Associative\",\"url\":\"https:\/\/vieassociative.be\/actualites\/\",\"logo\":{\"@type\":\"ImageObject\",\"inLanguage\":\"fr-BE\",\"@id\":\"https:\/\/vieassociative.be\/actualites\/#\/schema\/logo\/image\/\",\"url\":\"https:\/\/vieassociative.be\/actualites\/wp-content\/uploads\/2024\/09\/cropped-vieassociative_favicon.ico.png\",\"contentUrl\":\"https:\/\/vieassociative.be\/actualites\/wp-content\/uploads\/2024\/09\/cropped-vieassociative_favicon.ico.png\",\"width\":512,\"height\":512,\"caption\":\"Vie Associative\"},\"image\":{\"@id\":\"https:\/\/vieassociative.be\/actualites\/#\/schema\/logo\/image\/\"}},{\"@type\":\"Person\",\"@id\":\"https:\/\/vieassociative.be\/actualites\/#\/schema\/person\/b87ac4f82f9d4e7b7cec7395b679edc4\",\"name\":\"Julien\",\"image\":{\"@type\":\"ImageObject\",\"inLanguage\":\"fr-BE\",\"@id\":\"https:\/\/vieassociative.be\/actualites\/#\/schema\/person\/image\/\",\"url\":\"https:\/\/vieassociative.be\/actualites\/wp-content\/uploads\/2024\/09\/vie-associative-1-150x150.jpg\",\"contentUrl\":\"https:\/\/vieassociative.be\/actualites\/wp-content\/uploads\/2024\/09\/vie-associative-1-150x150.jpg\",\"caption\":\"Julien\"},\"description\":\"Je suis Julien, r\u00e9dacteur pour Vie Associative. Passionn\u00e9 par le monde associatif depuis plus de 10 ans, j'ai \u00e0 c\u0153ur de partager des histoires inspirantes et de mettre en lumi\u00e8re les initiatives locales. Mon objectif est de sensibiliser et d'encourager l'engagement communautaire \u00e0 travers mes articles.\",\"sameAs\":[\"https:\/\/vieassociative.be\/\"]}]}<\/script>\n<!-- \/ Yoast SEO plugin. -->","yoast_head_json":{"title":"Netanyahu accepte que le plan de Trump de mettre fin \u00e0 la guerre de Gaza, le Hamas, est toujours en attente | Vie Associative","robots":{"index":"index","follow":"follow","max-snippet":"max-snippet:-1","max-image-preview":"max-image-preview:large","max-video-preview":"max-video-preview:-1"},"canonical":"https:\/\/vieassociative.be\/actualites\/netanyahu-accepte-que-le-plan-de-trump-de-mettre-fin-a-la-guerre-de-gaza-le-hamas-est-toujours-en-attente\/","og_locale":"fr_FR","og_type":"article","og_title":"Netanyahu accepte que le plan de Trump de mettre fin \u00e0 la guerre de Gaza, le Hamas, est toujours en attente | Vie Associative","og_description":"Selon le Premier ministre Netanyahu, Isra\u00ebl soutient un plan de paix du pr\u00e9sident am\u00e9ricain Trump. Voil\u00e0 \u00e0 quoi ressemble le plan pour la fin de","og_url":"https:\/\/vieassociative.be\/actualites\/netanyahu-accepte-que-le-plan-de-trump-de-mettre-fin-a-la-guerre-de-gaza-le-hamas-est-toujours-en-attente\/","og_site_name":"Vie Associative","article_published_time":"2025-09-30T08:17:07+00:00","og_image":[{"width":279,"height":92,"url":"https:\/\/vieassociative.be\/actualites\/wp-content\/uploads\/2024\/09\/header_backgroundk-01-e1726694325946.png","type":"image\/png"}],"author":"Julien","twitter_card":"summary_large_image","twitter_misc":{"\u00c9crit par":"Julien","Dur\u00e9e de lecture est.":"7 minutes"},"schema":{"@context":"https:\/\/schema.org","@graph":[{"@type":"Article","@id":"https:\/\/vieassociative.be\/actualites\/netanyahu-accepte-que-le-plan-de-trump-de-mettre-fin-a-la-guerre-de-gaza-le-hamas-est-toujours-en-attente\/#article","isPartOf":{"@id":"https:\/\/vieassociative.be\/actualites\/netanyahu-accepte-que-le-plan-de-trump-de-mettre-fin-a-la-guerre-de-gaza-le-hamas-est-toujours-en-attente\/"},"author":{"name":"Julien","@id":"https:\/\/vieassociative.be\/actualites\/#\/schema\/person\/b87ac4f82f9d4e7b7cec7395b679edc4"},"headline":"Netanyahu accepte que le plan de Trump de mettre fin \u00e0 la guerre de Gaza, le Hamas, est toujours en attente","datePublished":"2025-09-30T08:17:07+00:00","dateModified":"2025-09-30T08:17:07+00:00","mainEntityOfPage":{"@id":"https:\/\/vieassociative.be\/actualites\/netanyahu-accepte-que-le-plan-de-trump-de-mettre-fin-a-la-guerre-de-gaza-le-hamas-est-toujours-en-attente\/"},"wordCount":1517,"publisher":{"@id":"https:\/\/vieassociative.be\/actualites\/#organization"},"image":{"@id":"https:\/\/vieassociative.be\/actualites\/netanyahu-accepte-que-le-plan-de-trump-de-mettre-fin-a-la-guerre-de-gaza-le-hamas-est-toujours-en-attente\/#primaryimage"},"thumbnailUrl":"https:\/\/vieassociative.be\/actualites\/wp-content\/uploads\/2025\/09\/1759220228_Netanyahu-accepte-que-le-plan-de-Trump-de-mettre-fin.jpg","keywords":["accepte","attente","est","fin","Gaza","guerre","Hamas","mettre","Netanyahu","plan","toujours","Trump"],"articleSection":["Belgique"],"inLanguage":"fr-BE"},{"@type":"WebPage","@id":"https:\/\/vieassociative.be\/actualites\/netanyahu-accepte-que-le-plan-de-trump-de-mettre-fin-a-la-guerre-de-gaza-le-hamas-est-toujours-en-attente\/","url":"https:\/\/vieassociative.be\/actualites\/netanyahu-accepte-que-le-plan-de-trump-de-mettre-fin-a-la-guerre-de-gaza-le-hamas-est-toujours-en-attente\/","name":"Netanyahu accepte que le plan de Trump de mettre fin \u00e0 la guerre de Gaza, le Hamas, est toujours en attente | Vie Associative","isPartOf":{"@id":"https:\/\/vieassociative.be\/actualites\/#website"},"primaryImageOfPage":{"@id":"https:\/\/vieassociative.be\/actualites\/netanyahu-accepte-que-le-plan-de-trump-de-mettre-fin-a-la-guerre-de-gaza-le-hamas-est-toujours-en-attente\/#primaryimage"},"image":{"@id":"https:\/\/vieassociative.be\/actualites\/netanyahu-accepte-que-le-plan-de-trump-de-mettre-fin-a-la-guerre-de-gaza-le-hamas-est-toujours-en-attente\/#primaryimage"},"thumbnailUrl":"https:\/\/vieassociative.be\/actualites\/wp-content\/uploads\/2025\/09\/1759220228_Netanyahu-accepte-que-le-plan-de-Trump-de-mettre-fin.jpg","datePublished":"2025-09-30T08:17:07+00:00","dateModified":"2025-09-30T08:17:07+00:00","breadcrumb":{"@id":"https:\/\/vieassociative.be\/actualites\/netanyahu-accepte-que-le-plan-de-trump-de-mettre-fin-a-la-guerre-de-gaza-le-hamas-est-toujours-en-attente\/#breadcrumb"},"inLanguage":"fr-BE","potentialAction":[{"@type":"ReadAction","target":["https:\/\/vieassociative.be\/actualites\/netanyahu-accepte-que-le-plan-de-trump-de-mettre-fin-a-la-guerre-de-gaza-le-hamas-est-toujours-en-attente\/"]}]},{"@type":"ImageObject","inLanguage":"fr-BE","@id":"https:\/\/vieassociative.be\/actualites\/netanyahu-accepte-que-le-plan-de-trump-de-mettre-fin-a-la-guerre-de-gaza-le-hamas-est-toujours-en-attente\/#primaryimage","url":"https:\/\/vieassociative.be\/actualites\/wp-content\/uploads\/2025\/09\/1759220228_Netanyahu-accepte-que-le-plan-de-Trump-de-mettre-fin.jpg","contentUrl":"https:\/\/vieassociative.be\/actualites\/wp-content\/uploads\/2025\/09\/1759220228_Netanyahu-accepte-que-le-plan-de-Trump-de-mettre-fin.jpg","width":1200,"height":800,"caption":"Netanyahu accepte que le plan de Trump de mettre fin \u00e0 la guerre de Gaza, le Hamas, est toujours en attente"},{"@type":"BreadcrumbList","@id":"https:\/\/vieassociative.be\/actualites\/netanyahu-accepte-que-le-plan-de-trump-de-mettre-fin-a-la-guerre-de-gaza-le-hamas-est-toujours-en-attente\/#breadcrumb","itemListElement":[{"@type":"ListItem","position":1,"name":"Accueil","item":"https:\/\/vieassociative.be\/actualites\/"},{"@type":"ListItem","position":2,"name":"Netanyahu accepte que le plan de Trump de mettre fin \u00e0 la guerre de Gaza, le Hamas, est toujours en attente"}]},{"@type":"WebSite","@id":"https:\/\/vieassociative.be\/actualites\/#website","url":"https:\/\/vieassociative.be\/actualites\/","name":"Vie Associative","description":"","publisher":{"@id":"https:\/\/vieassociative.be\/actualites\/#organization"},"potentialAction":[{"@type":"SearchAction","target":{"@type":"EntryPoint","urlTemplate":"https:\/\/vieassociative.be\/actualites\/?s={search_term_string}"},"query-input":{"@type":"PropertyValueSpecification","valueRequired":true,"valueName":"search_term_string"}}],"inLanguage":"fr-BE"},{"@type":"Organization","@id":"https:\/\/vieassociative.be\/actualites\/#organization","name":"Vie Associative","url":"https:\/\/vieassociative.be\/actualites\/","logo":{"@type":"ImageObject","inLanguage":"fr-BE","@id":"https:\/\/vieassociative.be\/actualites\/#\/schema\/logo\/image\/","url":"https:\/\/vieassociative.be\/actualites\/wp-content\/uploads\/2024\/09\/cropped-vieassociative_favicon.ico.png","contentUrl":"https:\/\/vieassociative.be\/actualites\/wp-content\/uploads\/2024\/09\/cropped-vieassociative_favicon.ico.png","width":512,"height":512,"caption":"Vie Associative"},"image":{"@id":"https:\/\/vieassociative.be\/actualites\/#\/schema\/logo\/image\/"}},{"@type":"Person","@id":"https:\/\/vieassociative.be\/actualites\/#\/schema\/person\/b87ac4f82f9d4e7b7cec7395b679edc4","name":"Julien","image":{"@type":"ImageObject","inLanguage":"fr-BE","@id":"https:\/\/vieassociative.be\/actualites\/#\/schema\/person\/image\/","url":"https:\/\/vieassociative.be\/actualites\/wp-content\/uploads\/2024\/09\/vie-associative-1-150x150.jpg","contentUrl":"https:\/\/vieassociative.be\/actualites\/wp-content\/uploads\/2024\/09\/vie-associative-1-150x150.jpg","caption":"Julien"},"description":"Je suis Julien, r\u00e9dacteur pour Vie Associative. Passionn\u00e9 par le monde associatif depuis plus de 10 ans, j'ai \u00e0 c\u0153ur de partager des histoires inspirantes et de mettre en lumi\u00e8re les initiatives locales. Mon objectif est de sensibiliser et d'encourager l'engagement communautaire \u00e0 travers mes articles.","sameAs":["https:\/\/vieassociative.be\/"]}]}},"_links":{"self":[{"href":"https:\/\/vieassociative.be\/actualites\/wp-json\/wp\/v2\/posts\/10348"}],"collection":[{"href":"https:\/\/vieassociative.be\/actualites\/wp-json\/wp\/v2\/posts"}],"about":[{"href":"https:\/\/vieassociative.be\/actualites\/wp-json\/wp\/v2\/types\/post"}],"author":[{"embeddable":true,"href":"https:\/\/vieassociative.be\/actualites\/wp-json\/wp\/v2\/users\/1"}],"replies":[{"embeddable":true,"href":"https:\/\/vieassociative.be\/actualites\/wp-json\/wp\/v2\/comments?post=10348"}],"version-history":[{"count":0,"href":"https:\/\/vieassociative.be\/actualites\/wp-json\/wp\/v2\/posts\/10348\/revisions"}],"wp:featuredmedia":[{"embeddable":true,"href":"https:\/\/vieassociative.be\/actualites\/wp-json\/wp\/v2\/media\/10349"}],"wp:attachment":[{"href":"https:\/\/vieassociative.be\/actualites\/wp-json\/wp\/v2\/media?parent=10348"}],"wp:term":[{"taxonomy":"category","embeddable":true,"href":"https:\/\/vieassociative.be\/actualites\/wp-json\/wp\/v2\/categories?post=10348"},{"taxonomy":"post_tag","embeddable":true,"href":"https:\/\/vieassociative.be\/actualites\/wp-json\/wp\/v2\/tags?post=10348"}],"curies":[{"name":"wp","href":"https:\/\/api.w.org\/{rel}","templated":true}]}}