{"id":10344,"date":"2025-09-30T03:17:10","date_gmt":"2025-09-30T01:17:10","guid":{"rendered":"https:\/\/vieassociative.be\/actualites\/lautomne-signifie-des-courses-le-matin-et-le-soir-plus-sombres-et-vous-devriez-etre-prepare\/"},"modified":"2025-09-30T03:17:10","modified_gmt":"2025-09-30T01:17:10","slug":"lautomne-signifie-des-courses-le-matin-et-le-soir-plus-sombres-et-vous-devriez-etre-prepare","status":"publish","type":"post","link":"https:\/\/vieassociative.be\/actualites\/lautomne-signifie-des-courses-le-matin-et-le-soir-plus-sombres-et-vous-devriez-etre-prepare\/","title":{"rendered":"L&rsquo;automne signifie des courses le matin et le soir plus sombres, et vous devriez \u00eatre pr\u00e9par\u00e9"},"content":{"rendered":"<div class=\"mt-4 leading-6 md:mb-8\">Restez vu, restez en s\u00e9curit\u00e9.<\/div>\n<p><\/p>\n<p>Le soleil a d\u00e9j\u00e0 commenc\u00e9 \u00e0 se mettre sur nos routines d&rsquo;exercice &#8211; du moins pour ceux d&rsquo;entre nous qui aiment courir le soir. Au fur et \u00e0 mesure que nous approfondissons l&rsquo;automne (et nous nous pr\u00e9parons pour le changement de temps redout\u00e9), les coureurs du soir et du matin devront faire face \u00e0 des courses plus sombres. <\/p>\n<p>Voici mes meilleurs conseils pour rester en s\u00e9curit\u00e9 et tirer le meilleur parti de l&rsquo;obscurit\u00e9 pendant que vous battez le trottoir.<\/p>\n<h3>Apportez une lampe de poche, m\u00eame si vous ne pensez pas que vous en avez besoin<\/h3>\n<p>Si vous \u00eates un coureur du soir, soyez averti que c&rsquo;est la saison pour l&rsquo;obscurit\u00e9 qui vous faufile. V\u00e9rifiez l&rsquo;heure du coucher du soleil avant de sortir et apportez une source l\u00e9g\u00e8re au cas o\u00f9 vous feriez un mauvais virage ou arr\u00eatez-vous un peu plus longtemps lors d&rsquo;une pause \u00e0 l&rsquo;eau. J&rsquo;ai ces lumi\u00e8res chargeables USB, et j&rsquo;en garde une dans la m\u00eame ceinture qui tient ma bouteille d&rsquo;eau. <\/p>\n<div class=\"mx-auto mb-12 mt-5 w-full max-w-3xl rounded-md border-2 border-gray-100 p-3 shadow-md md:px-7 md:pb-7 md:pt-5\" id=\"related-video\">\n<div class=\"mb-3 flex items-center md:mb-5\">\n        <img decoding=\"async\" class=\"mr-4 mt-0 h-10 w-10 md:mr-5 md:h-12 md:w-12\" src=\"https:\/\/vieassociative.be\/actualites\/wp-content\/uploads\/2025\/09\/1757726237_608_Meta-pourrait-devoiler-une-montre-intelligente-pour-controler-ses-lunettes.jpg\" alt=\"Logo Lifehacker\"><\/p><\/div>\n<div class=\"aspect-video w-full overflow-hidden rounded-md\">\n<div id=\"video-container-01K6C2Z7YECM1M1YXD0Y07D6Y9\"><\/div>\n<\/p><\/div>\n<\/div>\n<div class=\"pogoClear mb-12 mt-10 rounded-md border-2 border-gray-100 py-7 shadow-xl md:py-6\">\n<div class=\"flex flex-wrap justify-between px-7 text-black no-underline md:flex-nowrap md:px-8\">\n<div class=\"order-1 mx-auto flex flex-col justify-center md:order-2 md:ml-4 md:w-full md:grow\">\n<div class=\"block cursor-pointer text-center font-akshar text-2xl font-medium leading-7 text-brand-green duration-200 ease-in-out hover:text-brand-green-700 md:text-left md:text-xl md:leading-6\">Hokoiln 2 Pack Lams de course de nuit en plein air, feux de course LED pour les coureurs avec une batterie rechargeable pour le camping, la randonn\u00e9e, la marche, le jogging, l&rsquo;aventure en plein air\n                <\/div>\n<div class=\"mt-4 hidden md:flex md:justify-between\">\n<div class=\"self-end\">\n<div class=\"mb-0 h-11 md:flex md:flex-col md:justify-center\">\n<div class=\" font-sans leading-4 text-black\">\n<div class=\"flex flex-wrap items-center justify-center gap-1 md:justify-start\">\n        <span class=\"font-bold\"><\/p>\n<p>            16,99 $<br \/>\n                            <span class=\"font-medium\">\u00e0 Amazon<\/span><br \/>\n                    <\/span>\n            <\/div>\n<div class=\"flex items-center justify-center gap-x-1 font-bold md:justify-start\">\n            <span class=\"text-sm line-through\">20,99 $<\/span><br \/>\n            <span class=\"text-sm text-brand-green\">\u00c9conomisez 4,00 $<\/span>\n        <\/div>\n<\/p><\/div>\n<\/p><\/div>\n<\/p><\/div>\n<div class=\"w-44 self-end\">\n                            <button class=\"flex justify-center items-center w-full bg-brand-green text-white text-base font-sans font-medium rounded-md hover:bg-brand-green-700 hover:cursor-pointer md:text-sm h-11\"><\/p>\n<p>    Conclure un accord<br \/>\n<\/button>\n                        <\/div>\n<\/p><\/div>\n<\/p><\/div>\n<div class=\"order-2 mt-5 h-auto w-full md:order-1 md:mt-0 md:hidden\">\n<div class=\"flex aspect-video items-center justify-center\">\n                                            <img decoding=\"async\" class=\"m-0 max-h-full max-w-full rounded-md\" src=\"https:\/\/vieassociative.be\/actualites\/wp-content\/uploads\/2025\/09\/Lautomne-signifie-des-courses-le-matin-et-le-soir-plus.jpg\" alt=\"Hokoiln 2 Pack Lams de course de nuit en plein air, feux de course LED pour les coureurs avec une batterie rechargeable pour le camping, la randonn\u00e9e, la marche, le jogging, l'aventure en plein air\" width=\"auto\" height=\"auto\" loading=\"lazy\">\n                                    <\/div>\n<\/p><\/div>\n<div class=\"order-2 ml-2 hidden w-32 shrink-0 items-center md:order-1 md:ml-0 md:flex\">\n<div class=\"flex aspect-video items-center justify-center\">\n                                            <img decoding=\"async\" class=\"m-0 max-h-full max-w-full rounded-md\" src=\"https:\/\/vieassociative.be\/actualites\/wp-content\/uploads\/2025\/09\/Lautomne-signifie-des-courses-le-matin-et-le-soir-plus.jpg\" alt=\"Hokoiln 2 Pack Lams de course de nuit en plein air, feux de course LED pour les coureurs avec une batterie rechargeable pour le camping, la randonn\u00e9e, la marche, le jogging, l'aventure en plein air\" width=\"auto\" height=\"auto\" loading=\"lazy\">\n                                    <\/div>\n<\/p><\/div>\n<div class=\"order-3 flex grow flex-wrap md:hidden md:grow-0\">\n<div class=\"mt-4 w-full\">\n                        <button class=\"flex justify-center items-center w-full bg-brand-green text-white text-base font-sans font-medium rounded-md hover:bg-brand-green-700 hover:cursor-pointer md:text-sm h-11\"><\/p>\n<p>    Conclure un accord<br \/>\n<\/button>\n                    <\/div>\n<div class=\"mx-2 mt-4 w-full\">\n<div class=\" font-sans leading-4 text-black\">\n<div class=\"flex flex-wrap items-center justify-center gap-1 md:justify-start\">\n        <span class=\"font-bold\"><\/p>\n<p>            16,99 $<br \/>\n                            <span class=\"font-medium\">\u00e0 Amazon<\/span><br \/>\n                    <\/span>\n            <\/div>\n<div class=\"flex items-center justify-center gap-x-1 font-bold md:justify-start\">\n            <span class=\"text-sm line-through\">20,99 $<\/span><br \/>\n            <span class=\"text-sm text-brand-green\">\u00c9conomisez 4,00 $<\/span>\n        <\/div>\n<\/p><\/div>\n<\/p><\/div>\n<\/p><\/div>\n<\/p><\/div>\n<\/div>\n<p>Vous ne pouvez pas totalement faire confiance au coucher du soleil pour \u00eatre le temps que vous commencerez \u00e0 perdre de la lumi\u00e8re. Quand je cours de sentiers, j&rsquo;ai remarqu\u00e9 que la lumi\u00e8re commence \u00e0 dispara\u00eetre bien avant le temps officiel du soleil, gr\u00e2ce \u00e0 toutes ces collines et arbres. Il n&rsquo;y a peut-\u00eatre pas de voitures \u00e0 s&rsquo;inqui\u00e9ter dans le d\u00e9sert, mais sans la lumi\u00e8re du soleil, il est beaucoup plus facile de vous coller les orteils sur les rochers et les racines sur le chemin. <\/p>\n<p>M\u00eame si vous marchez dans votre quartier, c&rsquo;est bien d&rsquo;\u00eatre vu. Je suis all\u00e9 dans des parcs \u00e0 pitch-dark o\u00f9 je ne savais pas qu&rsquo;un autre jogger \u00e9tait l\u00e0 jusqu&rsquo;\u00e0 ce qu&rsquo;ils soient juste devant moi. Porter une sorte de lumi\u00e8re peut vous aider \u00e0 voir des gens, mais cela peut \u00e9galement vous aider \u00e0 \u00eatre vu et \u00e9viter de terrifier tout le monde.<\/p>\n<h3>Les cyclistes ont aussi besoin de lumi\u00e8res<\/h3>\n<p>La lumi\u00e8re est \u00e9galement importante si vous faites du v\u00e9lo. Vous voulez surtout vous assurer que les voitures peuvent voir <em>toi<\/em>alors mettez vos feux avant et arri\u00e8re m\u00eame s&rsquo;il n&rsquo;est pas encore compl\u00e8tement sombre. La convention (qui est \u00e9galement l&rsquo;exigence l\u00e9gale dans de nombreux domaines) est de mettre une lumi\u00e8re blanche brillante \u00e0 l&rsquo;avant de votre v\u00e9lo et une lumi\u00e8re rouge pour la visibilit\u00e9 \u00e0 l&rsquo;arri\u00e8re. Cette lumi\u00e8re du dos pourrait \u00eatre mont\u00e9e sur votre v\u00e9lo ou \u00e0 un autre endroit pratique, comme coup\u00e9 sur votre veste ou votre casque.<\/p>\n<p>Si vous \u00eates un coureur, une lampe de poche portative est super, mais un lampe frontale est souvent plus utile. Quoi que vous utilisiez, connaissez la dur\u00e9e de vie de la batterie et assurez-vous que votre lumi\u00e8re est compl\u00e8tement charg\u00e9e avant de partir. J&rsquo;aime mon Petzl Tikkina, qui peut fonctionner sur des batteries AAA ou une rechargeable qui est vendue s\u00e9par\u00e9ment. <\/p>\n<div class=\"pogoClear mb-12 mt-10 rounded-md border-2 border-gray-100 py-7 shadow-xl md:py-6\">\n<div class=\"flex flex-wrap justify-between px-7 text-black no-underline md:flex-nowrap md:px-8\">\n<div class=\"order-1 mx-auto flex flex-col justify-center md:order-2 md:ml-4 md:w-full md:grow\">\n<div class=\"block cursor-pointer text-center font-akshar text-2xl font-medium leading-7 text-brand-green duration-200 ease-in-out hover:text-brand-green-700 md:text-left md:text-xl md:leading-6\">La lampe frontale Petzl Tikkina &#8211; lampe frontale compacte et facile \u00e0 utiliser, con\u00e7ue pour la randonn\u00e9e, l&rsquo;escalade, la course et le camping &#8211; Gray\n                <\/div>\n<div class=\"mt-4 hidden md:flex md:justify-between\">\n<div class=\"self-end\">\n<div class=\"mb-0 h-11 md:flex md:flex-col md:justify-center\">\n<div class=\" font-sans leading-4 text-black\">\n<div class=\"flex flex-wrap items-center justify-center gap-1 md:justify-start\">\n        <span class=\"font-bold\"><\/p>\n<p>            19,95 $<br \/>\n                            <span class=\"font-medium\">\u00e0 Amazon<\/span><br \/>\n                    <\/span><br \/>\n                    <img decoding=\"async\" class=\"mt-(2px) w-(54px)\" src=\"https:\/\/vieassociative.be\/actualites\/wp-content\/uploads\/2025\/09\/Lautomne-signifie-des-courses-le-matin-et-le-soir-plus.svg.svg+xml\" title=\"Amazon Prime\" alt=\"Amazon Prime\">\n            <\/div>\n<div class=\"flex items-center justify-center gap-x-1 font-bold md:justify-start\">\n            <span class=\"text-sm line-through\">24,95 $<\/span><br \/>\n            <span class=\"text-sm text-brand-green\">\u00c9conomisez 5,00 $<\/span>\n        <\/div>\n<\/p><\/div>\n<\/p><\/div>\n<\/p><\/div>\n<div class=\"w-44 self-end\">\n                            <button class=\"flex justify-center items-center w-full bg-brand-green text-white text-base font-sans font-medium rounded-md hover:bg-brand-green-700 hover:cursor-pointer md:text-sm h-11\"><\/p>\n<p>    Conclure un accord<br \/>\n<\/button>\n                        <\/div>\n<\/p><\/div>\n<\/p><\/div>\n<div class=\"order-2 mt-5 h-auto w-full md:order-1 md:mt-0 md:hidden\">\n<div class=\"flex aspect-video items-center justify-center\">\n                                            <img decoding=\"async\" class=\"m-0 max-h-full max-w-full rounded-md\" src=\"https:\/\/vieassociative.be\/actualites\/wp-content\/uploads\/2025\/09\/1759195030_377_Lautomne-signifie-des-courses-le-matin-et-le-soir-plus.jpg\" alt=\"La lampe frontale Petzl Tikkina - lampe frontale compacte et facile \u00e0 utiliser, con\u00e7ue pour la randonn\u00e9e, l'escalade, la course et le camping - Gray\" width=\"auto\" height=\"auto\" loading=\"lazy\">\n                                    <\/div>\n<\/p><\/div>\n<div class=\"order-2 ml-2 hidden w-32 shrink-0 items-center md:order-1 md:ml-0 md:flex\">\n<div class=\"flex aspect-video items-center justify-center\">\n                                            <img decoding=\"async\" class=\"m-0 max-h-full max-w-full rounded-md\" src=\"https:\/\/vieassociative.be\/actualites\/wp-content\/uploads\/2025\/09\/1759195030_377_Lautomne-signifie-des-courses-le-matin-et-le-soir-plus.jpg\" alt=\"La lampe frontale Petzl Tikkina - lampe frontale compacte et facile \u00e0 utiliser, con\u00e7ue pour la randonn\u00e9e, l'escalade, la course et le camping - Gray\" width=\"auto\" height=\"auto\" loading=\"lazy\">\n                                    <\/div>\n<\/p><\/div>\n<div class=\"order-3 flex grow flex-wrap md:hidden md:grow-0\">\n<div class=\"mt-4 w-full\">\n                        <button class=\"flex justify-center items-center w-full bg-brand-green text-white text-base font-sans font-medium rounded-md hover:bg-brand-green-700 hover:cursor-pointer md:text-sm h-11\"><\/p>\n<p>    Conclure un accord<br \/>\n<\/button>\n                    <\/div>\n<div class=\"mx-2 mt-4 w-full\">\n<div class=\" font-sans leading-4 text-black\">\n<div class=\"flex flex-wrap items-center justify-center gap-1 md:justify-start\">\n        <span class=\"font-bold\"><\/p>\n<p>            19,95 $<br \/>\n                            <span class=\"font-medium\">\u00e0 Amazon<\/span><br \/>\n                    <\/span><br \/>\n                    <img decoding=\"async\" class=\"mt-(2px) w-(54px)\" src=\"https:\/\/vieassociative.be\/actualites\/wp-content\/uploads\/2025\/09\/Lautomne-signifie-des-courses-le-matin-et-le-soir-plus.svg.svg+xml\" title=\"Amazon Prime\" alt=\"Amazon Prime\">\n            <\/div>\n<div class=\"flex items-center justify-center gap-x-1 font-bold md:justify-start\">\n            <span class=\"text-sm line-through\">24,95 $<\/span><br \/>\n            <span class=\"text-sm text-brand-green\">\u00c9conomisez 5,00 $<\/span>\n        <\/div>\n<\/p><\/div>\n<\/p><\/div>\n<\/p><\/div>\n<\/p><\/div>\n<\/div>\n<h3>Porter des v\u00eatements r\u00e9fl\u00e9chissants<\/h3>\n<p>Les couleurs claires sont plus visibles que celles sombres, et les tissus \u00e0 haute visibilit\u00e9 de couleur n\u00e9on peuvent vous aider \u00e0 appara\u00eetre plus lumineux lorsque le soleil se couche. Mais aucun des deux n&rsquo;est un remplacement pour <em>r\u00e9fl\u00e9chissant<\/em> L&rsquo;\u00e9quipement, qui brille directement sur une source l\u00e9g\u00e8re comme les phares d&rsquo;une voiture. Si vous faites du v\u00e9lo, vos roues et p\u00e9dales peuvent d\u00e9j\u00e0 avoir des r\u00e9flecteurs sur eux; Sinon, vous pouvez en acheter dans un magasin de v\u00e9los. Les chaussures de course et les vestes ont souvent des accents r\u00e9fl\u00e9chissants, mais ils sont souvent petits. Faites briller une lampe de poche sur votre \u00e9quipement pour d\u00e9couvrir \u00e0 quel point il est r\u00e9fl\u00e9chi. <\/p>\n<p>Si vous avez besoin d&rsquo;ajouter quelque chose rapidement et \u00e0 moindre co\u00fbt, un gilet r\u00e9fl\u00e9chissant de base fait le travail. Pour une version plus sophistiqu\u00e9e, le traceur Noxgear est une sangle vaguement en forme de gilet qui s&rsquo;allume suffisamment pour <em>tout le monde<\/em> vous verra. Vous pouvez l&rsquo;obtenir avec ou sans lumi\u00e8re de poitrine pour \u00e9clairer la route devant vous. <\/p>\n<div class=\"pogoClear mb-12 mt-10 rounded-md border-2 border-gray-100 py-7 shadow-xl md:py-6\">\n<div class=\"flex flex-wrap justify-between px-7 text-black no-underline md:flex-nowrap md:px-8\">\n<div class=\"order-1 mx-auto flex flex-col justify-center md:order-2 md:ml-4 md:w-full md:grow\">\n<div class=\"block cursor-pointer text-center font-akshar text-2xl font-medium leading-7 text-brand-green duration-200 ease-in-out hover:text-brand-green-700 md:text-left md:text-xl md:leading-6\">NoxGear Tracer2 Visibility Gest (Small)\n                <\/div>\n<div class=\"mt-4 hidden md:flex md:justify-between\">\n<div class=\"self-end\">\n<div class=\"mb-0 h-11 md:flex md:flex-col md:justify-center\">\n<div class=\" font-sans leading-4 text-black\">\n<div class=\"flex flex-wrap items-center justify-center gap-1 md:justify-start\">\n        <span class=\"font-bold\"><\/p>\n<p>            67,95 $<br \/>\n                            <span class=\"font-medium\">\u00e0 Amazon<\/span><br \/>\n                    <\/span>\n            <\/div>\n<div class=\"flex items-center justify-center gap-x-1 font-bold md:justify-start\">\n            <span class=\"text-sm line-through\">79,95 $<\/span><br \/>\n            <span class=\"text-sm text-brand-green\">\u00c9conomisez 12,00 $<\/span>\n        <\/div>\n<\/p><\/div>\n<\/p><\/div>\n<\/p><\/div>\n<div class=\"w-44 self-end\">\n                            <button class=\"flex justify-center items-center w-full bg-brand-green text-white text-base font-sans font-medium rounded-md hover:bg-brand-green-700 hover:cursor-pointer md:text-sm h-11\"><\/p>\n<p>    Conclure un accord<br \/>\n<\/button>\n                        <\/div>\n<\/p><\/div>\n<\/p><\/div>\n<div class=\"order-2 mt-5 h-auto w-full md:order-1 md:mt-0 md:hidden\">\n<div class=\"flex aspect-video items-center justify-center\">\n                                            <img decoding=\"async\" class=\"m-0 max-h-full max-w-full rounded-md\" src=\"https:\/\/vieassociative.be\/actualites\/wp-content\/uploads\/2025\/09\/1759195030_499_Lautomne-signifie-des-courses-le-matin-et-le-soir-plus.jpg\" alt=\"NoxGear Tracer2 Visibility Gest (Small)\" width=\"auto\" height=\"auto\" loading=\"lazy\">\n                                    <\/div>\n<\/p><\/div>\n<div class=\"order-2 ml-2 hidden w-32 shrink-0 items-center md:order-1 md:ml-0 md:flex\">\n<div class=\"flex aspect-video items-center justify-center\">\n                                            <img decoding=\"async\" class=\"m-0 max-h-full max-w-full rounded-md\" src=\"https:\/\/vieassociative.be\/actualites\/wp-content\/uploads\/2025\/09\/1759195030_499_Lautomne-signifie-des-courses-le-matin-et-le-soir-plus.jpg\" alt=\"NoxGear Tracer2 Visibility Gest (Small)\" width=\"auto\" height=\"auto\" loading=\"lazy\">\n                                    <\/div>\n<\/p><\/div>\n<div class=\"order-3 flex grow flex-wrap md:hidden md:grow-0\">\n<div class=\"mt-4 w-full\">\n                        <button class=\"flex justify-center items-center w-full bg-brand-green text-white text-base font-sans font-medium rounded-md hover:bg-brand-green-700 hover:cursor-pointer md:text-sm h-11\"><\/p>\n<p>    Conclure un accord<br \/>\n<\/button>\n                    <\/div>\n<div class=\"mx-2 mt-4 w-full\">\n<div class=\" font-sans leading-4 text-black\">\n<div class=\"flex flex-wrap items-center justify-center gap-1 md:justify-start\">\n        <span class=\"font-bold\"><\/p>\n<p>            67,95 $<br \/>\n                            <span class=\"font-medium\">\u00e0 Amazon<\/span><br \/>\n                    <\/span>\n            <\/div>\n<div class=\"flex items-center justify-center gap-x-1 font-bold md:justify-start\">\n            <span class=\"text-sm line-through\">79,95 $<\/span><br \/>\n            <span class=\"text-sm text-brand-green\">\u00c9conomisez 12,00 $<\/span>\n        <\/div>\n<\/p><\/div>\n<\/p><\/div>\n<\/p><\/div>\n<\/p><\/div>\n<\/div>\n<h3>Pr\u00e9parez-vous au froid<\/h3>\n<p>Les nuits sont plus froides que les jours, alors ne vous attendez pas \u00e0 ce que vos courses d&rsquo;avant l&rsquo;aube soient aussi chaudes que vos personnes \u00e0 midi. V\u00e9rifiez les pr\u00e9visions m\u00e9t\u00e9orologiques horaires avec l&rsquo;une de nos applications m\u00e9t\u00e9orologiques pr\u00e9f\u00e9r\u00e9es (j&rsquo;utilise Carrot). Ensuite, suivez mes conseils sur l&rsquo;habillage pour rester au chaud pendant que vous courez. <\/p>\n<p>Si vous faites du v\u00e9lo, vous devez \u00e9galement faire face au vent. Des lunettes ou des lunettes peuvent garder le vent hors de vos yeux, et n&rsquo;oubliez pas de se superposer sur des gants. Consid\u00e9rez les doublures de gants ou les gants \u00e0 travers le vent. <\/p>\n<h3>Soyez prudent<\/h3>\n<p>Lorsque vous partez, faites une attention particuli\u00e8re \u00e0 votre environnement. Cette lampe de poche aidera, et il est pr\u00e9f\u00e9rable de fonctionner sans casque, ou de maintenir le volume tr\u00e8s bas.<\/p>\n<p>Apportez un copain si vous le pouvez. Un groupe de course est une excellente option si vous n&rsquo;avez pas d&rsquo;amis qui peuvent vous rencontrer \u00e0 vos moments pr\u00e9f\u00e9r\u00e9s. Si vous avez un chien, vous pouvez probablement les entra\u00eener \u00e0 courir avec vous, mais n&rsquo;oubliez pas qu&rsquo;ils peuvent avoir besoin d&rsquo;am\u00e9liorer leur forme physique au fil du temps pour suivre.<\/p>\n<p>Courez du bon c\u00f4t\u00e9 de la route (\u00e0 gauche, face \u00e0 la circulation) et restez alerte sur votre environnement. Planifiez votre itin\u00e9raire avant de partir pour vous assurer que vous n&rsquo;allez nulle part o\u00f9 vous n&rsquo;\u00eates pas \u00e0 l&rsquo;aise. Une course nocturne n&rsquo;est pas le meilleur moment pour vous retrouver perdu dans un quartier inconnu ou ne sachant pas s&rsquo;il y a un passage s\u00fbr sur une route tr\u00e8s fr\u00e9quent\u00e9e. <\/p>\n","protected":false},"excerpt":{"rendered":"<p>Restez vu, restez en s\u00e9curit\u00e9. Le soleil a d\u00e9j\u00e0 commenc\u00e9 \u00e0 se mettre sur nos routines d&rsquo;exercice &#8211; du moins pour ceux d&rsquo;entre nous qui<\/p>\n","protected":false},"author":1,"featured_media":10345,"comment_status":"","ping_status":"","sticky":false,"template":"","format":"standard","meta":{"footnotes":""},"categories":[38],"tags":[634,29,636,23,7905,2005,7126,1872,1795,8724,4],"class_list":["post-10344","post","type-post","status-publish","format-standard","has-post-thumbnail","hentry","category-sante","tag-courses","tag-des","tag-devriez","tag-etre","tag-lautomne","tag-matin","tag-prepare","tag-signifie","tag-soir","tag-sombres","tag-vous","generate-columns","tablet-grid-50","mobile-grid-100","grid-parent","grid-33"],"yoast_head":"<!-- This site is optimized with the Yoast SEO plugin v24.0 - https:\/\/yoast.com\/wordpress\/plugins\/seo\/ -->\n<title>L&#039;automne signifie des courses le matin et le soir plus sombres, et vous devriez \u00eatre pr\u00e9par\u00e9 | Vie Associative<\/title>\n<meta name=\"robots\" content=\"index, follow, max-snippet:-1, max-image-preview:large, max-video-preview:-1\" \/>\n<link rel=\"canonical\" href=\"https:\/\/vieassociative.be\/actualites\/lautomne-signifie-des-courses-le-matin-et-le-soir-plus-sombres-et-vous-devriez-etre-prepare\/\" \/>\n<meta property=\"og:locale\" content=\"fr_FR\" \/>\n<meta property=\"og:type\" content=\"article\" \/>\n<meta property=\"og:title\" content=\"L&#039;automne signifie des courses le matin et le soir plus sombres, et vous devriez \u00eatre pr\u00e9par\u00e9 | Vie Associative\" \/>\n<meta property=\"og:description\" content=\"Restez vu, restez en s\u00e9curit\u00e9. Le soleil a d\u00e9j\u00e0 commenc\u00e9 \u00e0 se mettre sur nos routines d&rsquo;exercice &#8211; du moins pour ceux d&rsquo;entre nous qui\" \/>\n<meta property=\"og:url\" content=\"https:\/\/vieassociative.be\/actualites\/lautomne-signifie-des-courses-le-matin-et-le-soir-plus-sombres-et-vous-devriez-etre-prepare\/\" \/>\n<meta property=\"og:site_name\" content=\"Vie Associative\" \/>\n<meta property=\"article:published_time\" content=\"2025-09-30T01:17:10+00:00\" \/>\n<meta property=\"og:image\" content=\"https:\/\/vieassociative.be\/actualites\/wp-content\/uploads\/2025\/09\/1757726237_608_Meta-pourrait-devoiler-une-montre-intelligente-pour-controler-ses-lunettes.jpg\" \/>\n<meta name=\"author\" content=\"Julien\" \/>\n<meta name=\"twitter:card\" content=\"summary_large_image\" \/>\n<meta name=\"twitter:label1\" content=\"\u00c9crit par\" \/>\n\t<meta name=\"twitter:data1\" content=\"Julien\" \/>\n\t<meta name=\"twitter:label2\" content=\"Dur\u00e9e de lecture est.\" \/>\n\t<meta name=\"twitter:data2\" content=\"5 minutes\" \/>\n<script type=\"application\/ld+json\" class=\"yoast-schema-graph\">{\"@context\":\"https:\/\/schema.org\",\"@graph\":[{\"@type\":\"Article\",\"@id\":\"https:\/\/vieassociative.be\/actualites\/lautomne-signifie-des-courses-le-matin-et-le-soir-plus-sombres-et-vous-devriez-etre-prepare\/#article\",\"isPartOf\":{\"@id\":\"https:\/\/vieassociative.be\/actualites\/lautomne-signifie-des-courses-le-matin-et-le-soir-plus-sombres-et-vous-devriez-etre-prepare\/\"},\"author\":{\"name\":\"Julien\",\"@id\":\"https:\/\/vieassociative.be\/actualites\/#\/schema\/person\/b87ac4f82f9d4e7b7cec7395b679edc4\"},\"headline\":\"L&rsquo;automne signifie des courses le matin et le soir plus sombres, et vous devriez \u00eatre pr\u00e9par\u00e9\",\"datePublished\":\"2025-09-30T01:17:10+00:00\",\"dateModified\":\"2025-09-30T01:17:10+00:00\",\"mainEntityOfPage\":{\"@id\":\"https:\/\/vieassociative.be\/actualites\/lautomne-signifie-des-courses-le-matin-et-le-soir-plus-sombres-et-vous-devriez-etre-prepare\/\"},\"wordCount\":1148,\"publisher\":{\"@id\":\"https:\/\/vieassociative.be\/actualites\/#organization\"},\"image\":{\"@id\":\"https:\/\/vieassociative.be\/actualites\/lautomne-signifie-des-courses-le-matin-et-le-soir-plus-sombres-et-vous-devriez-etre-prepare\/#primaryimage\"},\"thumbnailUrl\":\"https:\/\/vieassociative.be\/actualites\/wp-content\/uploads\/2025\/09\/1759195031_Lautomne-signifie-des-courses-le-matin-et-le-soir-plus.jpg\",\"keywords\":[\"courses\",\"Des\",\"devriez\",\"\u00eatre\",\"lautomne\",\"matin\",\"pr\u00e9par\u00e9\",\"signifie\",\"soir\",\"sombres\",\"Vous\"],\"articleSection\":[\"Sant\u00e9\"],\"inLanguage\":\"fr-BE\"},{\"@type\":\"WebPage\",\"@id\":\"https:\/\/vieassociative.be\/actualites\/lautomne-signifie-des-courses-le-matin-et-le-soir-plus-sombres-et-vous-devriez-etre-prepare\/\",\"url\":\"https:\/\/vieassociative.be\/actualites\/lautomne-signifie-des-courses-le-matin-et-le-soir-plus-sombres-et-vous-devriez-etre-prepare\/\",\"name\":\"L'automne signifie des courses le matin et le soir plus sombres, et vous devriez \u00eatre pr\u00e9par\u00e9 | Vie Associative\",\"isPartOf\":{\"@id\":\"https:\/\/vieassociative.be\/actualites\/#website\"},\"primaryImageOfPage\":{\"@id\":\"https:\/\/vieassociative.be\/actualites\/lautomne-signifie-des-courses-le-matin-et-le-soir-plus-sombres-et-vous-devriez-etre-prepare\/#primaryimage\"},\"image\":{\"@id\":\"https:\/\/vieassociative.be\/actualites\/lautomne-signifie-des-courses-le-matin-et-le-soir-plus-sombres-et-vous-devriez-etre-prepare\/#primaryimage\"},\"thumbnailUrl\":\"https:\/\/vieassociative.be\/actualites\/wp-content\/uploads\/2025\/09\/1759195031_Lautomne-signifie-des-courses-le-matin-et-le-soir-plus.jpg\",\"datePublished\":\"2025-09-30T01:17:10+00:00\",\"dateModified\":\"2025-09-30T01:17:10+00:00\",\"breadcrumb\":{\"@id\":\"https:\/\/vieassociative.be\/actualites\/lautomne-signifie-des-courses-le-matin-et-le-soir-plus-sombres-et-vous-devriez-etre-prepare\/#breadcrumb\"},\"inLanguage\":\"fr-BE\",\"potentialAction\":[{\"@type\":\"ReadAction\",\"target\":[\"https:\/\/vieassociative.be\/actualites\/lautomne-signifie-des-courses-le-matin-et-le-soir-plus-sombres-et-vous-devriez-etre-prepare\/\"]}]},{\"@type\":\"ImageObject\",\"inLanguage\":\"fr-BE\",\"@id\":\"https:\/\/vieassociative.be\/actualites\/lautomne-signifie-des-courses-le-matin-et-le-soir-plus-sombres-et-vous-devriez-etre-prepare\/#primaryimage\",\"url\":\"https:\/\/vieassociative.be\/actualites\/wp-content\/uploads\/2025\/09\/1759195031_Lautomne-signifie-des-courses-le-matin-et-le-soir-plus.jpg\",\"contentUrl\":\"https:\/\/vieassociative.be\/actualites\/wp-content\/uploads\/2025\/09\/1759195031_Lautomne-signifie-des-courses-le-matin-et-le-soir-plus.jpg\",\"width\":1200,\"height\":675,\"caption\":\"L'automne signifie des courses le matin et le soir plus sombres, et vous devriez \u00eatre pr\u00e9par\u00e9\"},{\"@type\":\"BreadcrumbList\",\"@id\":\"https:\/\/vieassociative.be\/actualites\/lautomne-signifie-des-courses-le-matin-et-le-soir-plus-sombres-et-vous-devriez-etre-prepare\/#breadcrumb\",\"itemListElement\":[{\"@type\":\"ListItem\",\"position\":1,\"name\":\"Accueil\",\"item\":\"https:\/\/vieassociative.be\/actualites\/\"},{\"@type\":\"ListItem\",\"position\":2,\"name\":\"L&rsquo;automne signifie des courses le matin et le soir plus sombres, et vous devriez \u00eatre pr\u00e9par\u00e9\"}]},{\"@type\":\"WebSite\",\"@id\":\"https:\/\/vieassociative.be\/actualites\/#website\",\"url\":\"https:\/\/vieassociative.be\/actualites\/\",\"name\":\"Vie Associative\",\"description\":\"\",\"publisher\":{\"@id\":\"https:\/\/vieassociative.be\/actualites\/#organization\"},\"potentialAction\":[{\"@type\":\"SearchAction\",\"target\":{\"@type\":\"EntryPoint\",\"urlTemplate\":\"https:\/\/vieassociative.be\/actualites\/?s={search_term_string}\"},\"query-input\":{\"@type\":\"PropertyValueSpecification\",\"valueRequired\":true,\"valueName\":\"search_term_string\"}}],\"inLanguage\":\"fr-BE\"},{\"@type\":\"Organization\",\"@id\":\"https:\/\/vieassociative.be\/actualites\/#organization\",\"name\":\"Vie Associative\",\"url\":\"https:\/\/vieassociative.be\/actualites\/\",\"logo\":{\"@type\":\"ImageObject\",\"inLanguage\":\"fr-BE\",\"@id\":\"https:\/\/vieassociative.be\/actualites\/#\/schema\/logo\/image\/\",\"url\":\"https:\/\/vieassociative.be\/actualites\/wp-content\/uploads\/2024\/09\/cropped-vieassociative_favicon.ico.png\",\"contentUrl\":\"https:\/\/vieassociative.be\/actualites\/wp-content\/uploads\/2024\/09\/cropped-vieassociative_favicon.ico.png\",\"width\":512,\"height\":512,\"caption\":\"Vie Associative\"},\"image\":{\"@id\":\"https:\/\/vieassociative.be\/actualites\/#\/schema\/logo\/image\/\"}},{\"@type\":\"Person\",\"@id\":\"https:\/\/vieassociative.be\/actualites\/#\/schema\/person\/b87ac4f82f9d4e7b7cec7395b679edc4\",\"name\":\"Julien\",\"image\":{\"@type\":\"ImageObject\",\"inLanguage\":\"fr-BE\",\"@id\":\"https:\/\/vieassociative.be\/actualites\/#\/schema\/person\/image\/\",\"url\":\"https:\/\/vieassociative.be\/actualites\/wp-content\/uploads\/2024\/09\/vie-associative-1-150x150.jpg\",\"contentUrl\":\"https:\/\/vieassociative.be\/actualites\/wp-content\/uploads\/2024\/09\/vie-associative-1-150x150.jpg\",\"caption\":\"Julien\"},\"description\":\"Je suis Julien, r\u00e9dacteur pour Vie Associative. Passionn\u00e9 par le monde associatif depuis plus de 10 ans, j'ai \u00e0 c\u0153ur de partager des histoires inspirantes et de mettre en lumi\u00e8re les initiatives locales. Mon objectif est de sensibiliser et d'encourager l'engagement communautaire \u00e0 travers mes articles.\",\"sameAs\":[\"https:\/\/vieassociative.be\/\"]}]}<\/script>\n<!-- \/ Yoast SEO plugin. -->","yoast_head_json":{"title":"L'automne signifie des courses le matin et le soir plus sombres, et vous devriez \u00eatre pr\u00e9par\u00e9 | Vie Associative","robots":{"index":"index","follow":"follow","max-snippet":"max-snippet:-1","max-image-preview":"max-image-preview:large","max-video-preview":"max-video-preview:-1"},"canonical":"https:\/\/vieassociative.be\/actualites\/lautomne-signifie-des-courses-le-matin-et-le-soir-plus-sombres-et-vous-devriez-etre-prepare\/","og_locale":"fr_FR","og_type":"article","og_title":"L'automne signifie des courses le matin et le soir plus sombres, et vous devriez \u00eatre pr\u00e9par\u00e9 | Vie Associative","og_description":"Restez vu, restez en s\u00e9curit\u00e9. Le soleil a d\u00e9j\u00e0 commenc\u00e9 \u00e0 se mettre sur nos routines d&rsquo;exercice &#8211; du moins pour ceux d&rsquo;entre nous qui","og_url":"https:\/\/vieassociative.be\/actualites\/lautomne-signifie-des-courses-le-matin-et-le-soir-plus-sombres-et-vous-devriez-etre-prepare\/","og_site_name":"Vie Associative","article_published_time":"2025-09-30T01:17:10+00:00","og_image":[{"url":"https:\/\/vieassociative.be\/actualites\/wp-content\/uploads\/2025\/09\/1757726237_608_Meta-pourrait-devoiler-une-montre-intelligente-pour-controler-ses-lunettes.jpg","type":"","width":"","height":""}],"author":"Julien","twitter_card":"summary_large_image","twitter_misc":{"\u00c9crit par":"Julien","Dur\u00e9e de lecture est.":"5 minutes"},"schema":{"@context":"https:\/\/schema.org","@graph":[{"@type":"Article","@id":"https:\/\/vieassociative.be\/actualites\/lautomne-signifie-des-courses-le-matin-et-le-soir-plus-sombres-et-vous-devriez-etre-prepare\/#article","isPartOf":{"@id":"https:\/\/vieassociative.be\/actualites\/lautomne-signifie-des-courses-le-matin-et-le-soir-plus-sombres-et-vous-devriez-etre-prepare\/"},"author":{"name":"Julien","@id":"https:\/\/vieassociative.be\/actualites\/#\/schema\/person\/b87ac4f82f9d4e7b7cec7395b679edc4"},"headline":"L&rsquo;automne signifie des courses le matin et le soir plus sombres, et vous devriez \u00eatre pr\u00e9par\u00e9","datePublished":"2025-09-30T01:17:10+00:00","dateModified":"2025-09-30T01:17:10+00:00","mainEntityOfPage":{"@id":"https:\/\/vieassociative.be\/actualites\/lautomne-signifie-des-courses-le-matin-et-le-soir-plus-sombres-et-vous-devriez-etre-prepare\/"},"wordCount":1148,"publisher":{"@id":"https:\/\/vieassociative.be\/actualites\/#organization"},"image":{"@id":"https:\/\/vieassociative.be\/actualites\/lautomne-signifie-des-courses-le-matin-et-le-soir-plus-sombres-et-vous-devriez-etre-prepare\/#primaryimage"},"thumbnailUrl":"https:\/\/vieassociative.be\/actualites\/wp-content\/uploads\/2025\/09\/1759195031_Lautomne-signifie-des-courses-le-matin-et-le-soir-plus.jpg","keywords":["courses","Des","devriez","\u00eatre","lautomne","matin","pr\u00e9par\u00e9","signifie","soir","sombres","Vous"],"articleSection":["Sant\u00e9"],"inLanguage":"fr-BE"},{"@type":"WebPage","@id":"https:\/\/vieassociative.be\/actualites\/lautomne-signifie-des-courses-le-matin-et-le-soir-plus-sombres-et-vous-devriez-etre-prepare\/","url":"https:\/\/vieassociative.be\/actualites\/lautomne-signifie-des-courses-le-matin-et-le-soir-plus-sombres-et-vous-devriez-etre-prepare\/","name":"L'automne signifie des courses le matin et le soir plus sombres, et vous devriez \u00eatre pr\u00e9par\u00e9 | Vie Associative","isPartOf":{"@id":"https:\/\/vieassociative.be\/actualites\/#website"},"primaryImageOfPage":{"@id":"https:\/\/vieassociative.be\/actualites\/lautomne-signifie-des-courses-le-matin-et-le-soir-plus-sombres-et-vous-devriez-etre-prepare\/#primaryimage"},"image":{"@id":"https:\/\/vieassociative.be\/actualites\/lautomne-signifie-des-courses-le-matin-et-le-soir-plus-sombres-et-vous-devriez-etre-prepare\/#primaryimage"},"thumbnailUrl":"https:\/\/vieassociative.be\/actualites\/wp-content\/uploads\/2025\/09\/1759195031_Lautomne-signifie-des-courses-le-matin-et-le-soir-plus.jpg","datePublished":"2025-09-30T01:17:10+00:00","dateModified":"2025-09-30T01:17:10+00:00","breadcrumb":{"@id":"https:\/\/vieassociative.be\/actualites\/lautomne-signifie-des-courses-le-matin-et-le-soir-plus-sombres-et-vous-devriez-etre-prepare\/#breadcrumb"},"inLanguage":"fr-BE","potentialAction":[{"@type":"ReadAction","target":["https:\/\/vieassociative.be\/actualites\/lautomne-signifie-des-courses-le-matin-et-le-soir-plus-sombres-et-vous-devriez-etre-prepare\/"]}]},{"@type":"ImageObject","inLanguage":"fr-BE","@id":"https:\/\/vieassociative.be\/actualites\/lautomne-signifie-des-courses-le-matin-et-le-soir-plus-sombres-et-vous-devriez-etre-prepare\/#primaryimage","url":"https:\/\/vieassociative.be\/actualites\/wp-content\/uploads\/2025\/09\/1759195031_Lautomne-signifie-des-courses-le-matin-et-le-soir-plus.jpg","contentUrl":"https:\/\/vieassociative.be\/actualites\/wp-content\/uploads\/2025\/09\/1759195031_Lautomne-signifie-des-courses-le-matin-et-le-soir-plus.jpg","width":1200,"height":675,"caption":"L'automne signifie des courses le matin et le soir plus sombres, et vous devriez \u00eatre pr\u00e9par\u00e9"},{"@type":"BreadcrumbList","@id":"https:\/\/vieassociative.be\/actualites\/lautomne-signifie-des-courses-le-matin-et-le-soir-plus-sombres-et-vous-devriez-etre-prepare\/#breadcrumb","itemListElement":[{"@type":"ListItem","position":1,"name":"Accueil","item":"https:\/\/vieassociative.be\/actualites\/"},{"@type":"ListItem","position":2,"name":"L&rsquo;automne signifie des courses le matin et le soir plus sombres, et vous devriez \u00eatre pr\u00e9par\u00e9"}]},{"@type":"WebSite","@id":"https:\/\/vieassociative.be\/actualites\/#website","url":"https:\/\/vieassociative.be\/actualites\/","name":"Vie Associative","description":"","publisher":{"@id":"https:\/\/vieassociative.be\/actualites\/#organization"},"potentialAction":[{"@type":"SearchAction","target":{"@type":"EntryPoint","urlTemplate":"https:\/\/vieassociative.be\/actualites\/?s={search_term_string}"},"query-input":{"@type":"PropertyValueSpecification","valueRequired":true,"valueName":"search_term_string"}}],"inLanguage":"fr-BE"},{"@type":"Organization","@id":"https:\/\/vieassociative.be\/actualites\/#organization","name":"Vie Associative","url":"https:\/\/vieassociative.be\/actualites\/","logo":{"@type":"ImageObject","inLanguage":"fr-BE","@id":"https:\/\/vieassociative.be\/actualites\/#\/schema\/logo\/image\/","url":"https:\/\/vieassociative.be\/actualites\/wp-content\/uploads\/2024\/09\/cropped-vieassociative_favicon.ico.png","contentUrl":"https:\/\/vieassociative.be\/actualites\/wp-content\/uploads\/2024\/09\/cropped-vieassociative_favicon.ico.png","width":512,"height":512,"caption":"Vie Associative"},"image":{"@id":"https:\/\/vieassociative.be\/actualites\/#\/schema\/logo\/image\/"}},{"@type":"Person","@id":"https:\/\/vieassociative.be\/actualites\/#\/schema\/person\/b87ac4f82f9d4e7b7cec7395b679edc4","name":"Julien","image":{"@type":"ImageObject","inLanguage":"fr-BE","@id":"https:\/\/vieassociative.be\/actualites\/#\/schema\/person\/image\/","url":"https:\/\/vieassociative.be\/actualites\/wp-content\/uploads\/2024\/09\/vie-associative-1-150x150.jpg","contentUrl":"https:\/\/vieassociative.be\/actualites\/wp-content\/uploads\/2024\/09\/vie-associative-1-150x150.jpg","caption":"Julien"},"description":"Je suis Julien, r\u00e9dacteur pour Vie Associative. Passionn\u00e9 par le monde associatif depuis plus de 10 ans, j'ai \u00e0 c\u0153ur de partager des histoires inspirantes et de mettre en lumi\u00e8re les initiatives locales. Mon objectif est de sensibiliser et d'encourager l'engagement communautaire \u00e0 travers mes articles.","sameAs":["https:\/\/vieassociative.be\/"]}]}},"_links":{"self":[{"href":"https:\/\/vieassociative.be\/actualites\/wp-json\/wp\/v2\/posts\/10344"}],"collection":[{"href":"https:\/\/vieassociative.be\/actualites\/wp-json\/wp\/v2\/posts"}],"about":[{"href":"https:\/\/vieassociative.be\/actualites\/wp-json\/wp\/v2\/types\/post"}],"author":[{"embeddable":true,"href":"https:\/\/vieassociative.be\/actualites\/wp-json\/wp\/v2\/users\/1"}],"replies":[{"embeddable":true,"href":"https:\/\/vieassociative.be\/actualites\/wp-json\/wp\/v2\/comments?post=10344"}],"version-history":[{"count":0,"href":"https:\/\/vieassociative.be\/actualites\/wp-json\/wp\/v2\/posts\/10344\/revisions"}],"wp:featuredmedia":[{"embeddable":true,"href":"https:\/\/vieassociative.be\/actualites\/wp-json\/wp\/v2\/media\/10345"}],"wp:attachment":[{"href":"https:\/\/vieassociative.be\/actualites\/wp-json\/wp\/v2\/media?parent=10344"}],"wp:term":[{"taxonomy":"category","embeddable":true,"href":"https:\/\/vieassociative.be\/actualites\/wp-json\/wp\/v2\/categories?post=10344"},{"taxonomy":"post_tag","embeddable":true,"href":"https:\/\/vieassociative.be\/actualites\/wp-json\/wp\/v2\/tags?post=10344"}],"curies":[{"name":"wp","href":"https:\/\/api.w.org\/{rel}","templated":true}]}}