{"id":10341,"date":"2025-09-30T01:16:58","date_gmt":"2025-09-29T23:16:58","guid":{"rendered":"https:\/\/vieassociative.be\/actualites\/apple-pourrait-travailler-sur-une-mise-a-jour-pour-resoudre-certains-problemes-ios-26\/"},"modified":"2025-09-30T01:16:58","modified_gmt":"2025-09-29T23:16:58","slug":"apple-pourrait-travailler-sur-une-mise-a-jour-pour-resoudre-certains-problemes-ios-26","status":"publish","type":"post","link":"https:\/\/vieassociative.be\/actualites\/apple-pourrait-travailler-sur-une-mise-a-jour-pour-resoudre-certains-problemes-ios-26\/","title":{"rendered":"Apple pourrait travailler sur une mise \u00e0 jour pour r\u00e9soudre certains probl\u00e8mes iOS 26"},"content":{"rendered":"<div class=\"mt-4 leading-6 md:mb-8\">Si vous avez des probl\u00e8mes avec WiFi, Bluetooth ou votre application de cam\u00e9ra, cette mise \u00e0 jour pourrait \u00eatre le correctif.<\/div>\n<p><\/p>\n<p><em>Saviez-vous que vous pouvez personnaliser Google pour filtrer les ordures? Prendre ces \u00e9tapes<\/em><em>  Pour de meilleurs r\u00e9sultats de recherche, notamment en ajoutant mon travail chez Vie Associative comme source pr\u00e9f\u00e9r\u00e9e<\/em><em>.<\/em><\/p>\n<hr>\n<p>C&rsquo;est une p\u00e9riode passionnante pour \u00eatre un utilisateur d&rsquo;iPhone. Il y a bien s\u00fbr iOS 26, qui apporte un certain nombre de changements majeurs \u00e0 la plate-forme. Pour The Dating, il y a la version b\u00eata de iOS 26.1, qui continue de s&rsquo;appuyer sur les bases du dernier syst\u00e8me d&rsquo;exploitation d&rsquo;Apple. Si cela ne suffisait pas, cependant, Apple a aussi juste laiss\u00e9 tomber <em>un autre<\/em> Mise \u00e0 jour de l&rsquo;iPhone &#8211; ce temps destin\u00e9 principalement \u00e0 r\u00e9soudre les probl\u00e8mes avec le dernier. <\/p>\n<p>Apple a publi\u00e9 la mise \u00e0 jour, iOS 26.0.1, lundi, apr\u00e8s une courte p\u00e9riode de sp\u00e9culation selon laquelle la mise \u00e0 jour \u00e9tait en cours. Ces types de mises \u00e0 jour ne sont pas n\u00e9cessairement inhabituels: Apple a publi\u00e9 iOS 18.0.1 trois semaines apr\u00e8s iOS 18 l&rsquo;ann\u00e9e derni\u00e8re. L&rsquo;intention ici n&rsquo;est pas d&rsquo;introduire de nouvelles fonctionnalit\u00e9s ou d&rsquo;ajouter des modifications; Vous devriez plut\u00f4t remarquer des bogues fixes et moins d&rsquo;instabilit\u00e9.  <\/p>\n<div class=\"mx-auto mb-12 mt-5 w-full max-w-3xl rounded-md border-2 border-gray-100 p-3 shadow-md md:px-7 md:pb-7 md:pt-5\" id=\"related-video\">\n<div class=\"mb-3 flex items-center md:mb-5\">\n        <img decoding=\"async\" class=\"mr-4 mt-0 h-10 w-10 md:mr-5 md:h-12 md:w-12\" src=\"https:\/\/vieassociative.be\/actualites\/wp-content\/uploads\/2025\/09\/1757726237_608_Meta-pourrait-devoiler-une-montre-intelligente-pour-controler-ses-lunettes.jpg\" alt=\"Logo Lifehacker\"><\/p><\/div>\n<div class=\"aspect-video w-full overflow-hidden rounded-md\">\n<div id=\"video-container-01K6BTQFY7WQSCJA0J10WRSYW2\"><\/div>\n<\/p><\/div>\n<\/div>\n<p>Selon les notes de version, nous pouvons voir qu&rsquo;Apple a corrig\u00e9 cinq bogues ici:<\/p>\n<ul>\n<li>\n<p>Un correctif pour un bug qui fait que le WiFi et le Bluetooth se d\u00e9connectent et se reconnectent sur la s\u00e9rie iPhone 17. Il semblerait que ce bogue puisse \u00e9galement d\u00e9connecter Carplay dans certaines voitures. <\/p>\n<\/li>\n<li>\n<p>Un correctif pour un bogue qui emp\u00eache les utilisateurs de se connecter \u00e0 un r\u00e9seau cellulaire apr\u00e8s avoir install\u00e9 iOS 26.<\/p>\n<\/li>\n<li>\n<p>Un patch pour un bug qui pourrait ajouter des artefacts aux photos prises sur la s\u00e9rie iPhone 17. <\/p>\n<\/li>\n<li>\n<p>Un correctif pour un bogue qui pourrait faire en sorte que les ic\u00f4nes d&rsquo;application apparaissent vides apr\u00e8s avoir choisi une teinte personnalis\u00e9e. <\/p>\n<\/li>\n<li>\n<p>Un correctif pour un bogue qui pourrait d\u00e9sactiver la voix off pour certains utilisateurs.  <\/p>\n<\/li>\n<\/ul>\n<p>Cette mise \u00e0 jour comprend \u00e9galement un correctif pour un d\u00e9faut de s\u00e9curit\u00e9 dans FontParser. Cette faille pourrait permettre \u00e0 un mauvais acteur de r\u00e9pandre une police fabriqu\u00e9e par malveillance, qui, si elle \u00e9tait trait\u00e9e, pourrait entra\u00eener une terminaison de l&rsquo;application inattendue ou une m\u00e9moire de processus corrompue. Apple a corrig\u00e9 cette faille avec des mises \u00e0 jour similaires pour les iPads, les Mac, les iPhones plus anciens, les Mac plus \u00e2g\u00e9s et Vision Pro. Apple a \u00e9galement publi\u00e9 WatchOS 26.0.2 et TVOS 26.0.1, mais n&rsquo;a pas divulgu\u00e9 les notes de s\u00e9curit\u00e9 pour ces mises \u00e0 jour. <\/p>\n<p>Vous pouvez g\u00e9n\u00e9ralement dire \u00e0 quel point une mise \u00e0 jour Apple est monumentale par les chiffres de son nom: une mise \u00e0 jour comme iOS 26, un num\u00e9ro rond, indique une mise \u00e0 jour majeure, une par an; Une mise \u00e0 jour comme iOS 26.1, avec une d\u00e9cimale, d\u00e9signe une mise \u00e0 jour mineure qui introduit toujours de nouvelles fonctionnalit\u00e9s; Et une mise \u00e0 jour comme iOS 26.0.1, avec deux d\u00e9cimales, indique une mise \u00e0 jour de stabilit\u00e9 ou de s\u00e9curit\u00e9.    <\/p>\n<p>Vous pouvez installer iOS 26.0.1 dans votre plus t\u00f4t la commodit\u00e9 de <strong>Param\u00e8tres> G\u00e9n\u00e9ral> Mise \u00e0 jour logicielle<\/strong>.  <\/p>\n","protected":false},"excerpt":{"rendered":"<p>Si vous avez des probl\u00e8mes avec WiFi, Bluetooth ou votre application de cam\u00e9ra, cette mise \u00e0 jour pourrait \u00eatre le correctif. Saviez-vous que vous pouvez<\/p>\n","protected":false},"author":1,"featured_media":10342,"comment_status":"","ping_status":"","sticky":false,"template":"","format":"standard","meta":{"footnotes":""},"categories":[13],"tags":[54,820,21,53,2183,81,1041,977,976,33,3226,110],"class_list":["post-10341","post","type-post","status-publish","format-standard","has-post-thumbnail","hentry","category-technologie","tag-apple","tag-certains","tag-ios","tag-jour","tag-mise","tag-pour","tag-pourrait","tag-problemes","tag-resoudre","tag-sur","tag-travailler","tag-une","generate-columns","tablet-grid-50","mobile-grid-100","grid-parent","grid-33"],"yoast_head":"<!-- This site is optimized with the Yoast SEO plugin v24.0 - https:\/\/yoast.com\/wordpress\/plugins\/seo\/ -->\n<title>Apple pourrait travailler sur une mise \u00e0 jour pour r\u00e9soudre certains probl\u00e8mes iOS 26 | Vie Associative<\/title>\n<meta name=\"robots\" content=\"index, follow, max-snippet:-1, max-image-preview:large, max-video-preview:-1\" \/>\n<link rel=\"canonical\" href=\"https:\/\/vieassociative.be\/actualites\/apple-pourrait-travailler-sur-une-mise-a-jour-pour-resoudre-certains-problemes-ios-26\/\" \/>\n<meta property=\"og:locale\" content=\"fr_FR\" \/>\n<meta property=\"og:type\" content=\"article\" \/>\n<meta property=\"og:title\" content=\"Apple pourrait travailler sur une mise \u00e0 jour pour r\u00e9soudre certains probl\u00e8mes iOS 26 | Vie Associative\" \/>\n<meta property=\"og:description\" content=\"Si vous avez des probl\u00e8mes avec WiFi, Bluetooth ou votre application de cam\u00e9ra, cette mise \u00e0 jour pourrait \u00eatre le correctif. Saviez-vous que vous pouvez\" \/>\n<meta property=\"og:url\" content=\"https:\/\/vieassociative.be\/actualites\/apple-pourrait-travailler-sur-une-mise-a-jour-pour-resoudre-certains-problemes-ios-26\/\" \/>\n<meta property=\"og:site_name\" content=\"Vie Associative\" \/>\n<meta property=\"article:published_time\" content=\"2025-09-29T23:16:58+00:00\" \/>\n<meta property=\"og:image\" content=\"https:\/\/vieassociative.be\/actualites\/wp-content\/uploads\/2025\/09\/1757726237_608_Meta-pourrait-devoiler-une-montre-intelligente-pour-controler-ses-lunettes.jpg\" \/>\n<meta name=\"author\" content=\"Julien\" \/>\n<meta name=\"twitter:card\" content=\"summary_large_image\" \/>\n<meta name=\"twitter:label1\" content=\"\u00c9crit par\" \/>\n\t<meta name=\"twitter:data1\" content=\"Julien\" \/>\n\t<meta name=\"twitter:label2\" content=\"Dur\u00e9e de lecture est.\" \/>\n\t<meta name=\"twitter:data2\" content=\"3 minutes\" \/>\n<script type=\"application\/ld+json\" class=\"yoast-schema-graph\">{\"@context\":\"https:\/\/schema.org\",\"@graph\":[{\"@type\":\"Article\",\"@id\":\"https:\/\/vieassociative.be\/actualites\/apple-pourrait-travailler-sur-une-mise-a-jour-pour-resoudre-certains-problemes-ios-26\/#article\",\"isPartOf\":{\"@id\":\"https:\/\/vieassociative.be\/actualites\/apple-pourrait-travailler-sur-une-mise-a-jour-pour-resoudre-certains-problemes-ios-26\/\"},\"author\":{\"name\":\"Julien\",\"@id\":\"https:\/\/vieassociative.be\/actualites\/#\/schema\/person\/b87ac4f82f9d4e7b7cec7395b679edc4\"},\"headline\":\"Apple pourrait travailler sur une mise \u00e0 jour pour r\u00e9soudre certains probl\u00e8mes iOS 26\",\"datePublished\":\"2025-09-29T23:16:58+00:00\",\"dateModified\":\"2025-09-29T23:16:58+00:00\",\"mainEntityOfPage\":{\"@id\":\"https:\/\/vieassociative.be\/actualites\/apple-pourrait-travailler-sur-une-mise-a-jour-pour-resoudre-certains-problemes-ios-26\/\"},\"wordCount\":572,\"publisher\":{\"@id\":\"https:\/\/vieassociative.be\/actualites\/#organization\"},\"image\":{\"@id\":\"https:\/\/vieassociative.be\/actualites\/apple-pourrait-travailler-sur-une-mise-a-jour-pour-resoudre-certains-problemes-ios-26\/#primaryimage\"},\"thumbnailUrl\":\"https:\/\/vieassociative.be\/actualites\/wp-content\/uploads\/2025\/09\/Apple-pourrait-travailler-sur-une-mise-a-jour-pour-resoudre.jpg\",\"keywords\":[\"Apple\",\"certains\",\"iOS\",\"jour\",\"mise\",\"pour\",\"pourrait\",\"probl\u00e8mes\",\"r\u00e9soudre\",\"sur\",\"travailler\",\"une\"],\"articleSection\":[\"Technologie\"],\"inLanguage\":\"fr-BE\"},{\"@type\":\"WebPage\",\"@id\":\"https:\/\/vieassociative.be\/actualites\/apple-pourrait-travailler-sur-une-mise-a-jour-pour-resoudre-certains-problemes-ios-26\/\",\"url\":\"https:\/\/vieassociative.be\/actualites\/apple-pourrait-travailler-sur-une-mise-a-jour-pour-resoudre-certains-problemes-ios-26\/\",\"name\":\"Apple pourrait travailler sur une mise \u00e0 jour pour r\u00e9soudre certains probl\u00e8mes iOS 26 | Vie Associative\",\"isPartOf\":{\"@id\":\"https:\/\/vieassociative.be\/actualites\/#website\"},\"primaryImageOfPage\":{\"@id\":\"https:\/\/vieassociative.be\/actualites\/apple-pourrait-travailler-sur-une-mise-a-jour-pour-resoudre-certains-problemes-ios-26\/#primaryimage\"},\"image\":{\"@id\":\"https:\/\/vieassociative.be\/actualites\/apple-pourrait-travailler-sur-une-mise-a-jour-pour-resoudre-certains-problemes-ios-26\/#primaryimage\"},\"thumbnailUrl\":\"https:\/\/vieassociative.be\/actualites\/wp-content\/uploads\/2025\/09\/Apple-pourrait-travailler-sur-une-mise-a-jour-pour-resoudre.jpg\",\"datePublished\":\"2025-09-29T23:16:58+00:00\",\"dateModified\":\"2025-09-29T23:16:58+00:00\",\"breadcrumb\":{\"@id\":\"https:\/\/vieassociative.be\/actualites\/apple-pourrait-travailler-sur-une-mise-a-jour-pour-resoudre-certains-problemes-ios-26\/#breadcrumb\"},\"inLanguage\":\"fr-BE\",\"potentialAction\":[{\"@type\":\"ReadAction\",\"target\":[\"https:\/\/vieassociative.be\/actualites\/apple-pourrait-travailler-sur-une-mise-a-jour-pour-resoudre-certains-problemes-ios-26\/\"]}]},{\"@type\":\"ImageObject\",\"inLanguage\":\"fr-BE\",\"@id\":\"https:\/\/vieassociative.be\/actualites\/apple-pourrait-travailler-sur-une-mise-a-jour-pour-resoudre-certains-problemes-ios-26\/#primaryimage\",\"url\":\"https:\/\/vieassociative.be\/actualites\/wp-content\/uploads\/2025\/09\/Apple-pourrait-travailler-sur-une-mise-a-jour-pour-resoudre.jpg\",\"contentUrl\":\"https:\/\/vieassociative.be\/actualites\/wp-content\/uploads\/2025\/09\/Apple-pourrait-travailler-sur-une-mise-a-jour-pour-resoudre.jpg\",\"width\":1200,\"height\":675,\"caption\":\"Apple pourrait travailler sur une mise \u00e0 jour pour r\u00e9soudre certains probl\u00e8mes iOS 26\"},{\"@type\":\"BreadcrumbList\",\"@id\":\"https:\/\/vieassociative.be\/actualites\/apple-pourrait-travailler-sur-une-mise-a-jour-pour-resoudre-certains-problemes-ios-26\/#breadcrumb\",\"itemListElement\":[{\"@type\":\"ListItem\",\"position\":1,\"name\":\"Accueil\",\"item\":\"https:\/\/vieassociative.be\/actualites\/\"},{\"@type\":\"ListItem\",\"position\":2,\"name\":\"Apple pourrait travailler sur une mise \u00e0 jour pour r\u00e9soudre certains probl\u00e8mes iOS 26\"}]},{\"@type\":\"WebSite\",\"@id\":\"https:\/\/vieassociative.be\/actualites\/#website\",\"url\":\"https:\/\/vieassociative.be\/actualites\/\",\"name\":\"Vie Associative\",\"description\":\"\",\"publisher\":{\"@id\":\"https:\/\/vieassociative.be\/actualites\/#organization\"},\"potentialAction\":[{\"@type\":\"SearchAction\",\"target\":{\"@type\":\"EntryPoint\",\"urlTemplate\":\"https:\/\/vieassociative.be\/actualites\/?s={search_term_string}\"},\"query-input\":{\"@type\":\"PropertyValueSpecification\",\"valueRequired\":true,\"valueName\":\"search_term_string\"}}],\"inLanguage\":\"fr-BE\"},{\"@type\":\"Organization\",\"@id\":\"https:\/\/vieassociative.be\/actualites\/#organization\",\"name\":\"Vie Associative\",\"url\":\"https:\/\/vieassociative.be\/actualites\/\",\"logo\":{\"@type\":\"ImageObject\",\"inLanguage\":\"fr-BE\",\"@id\":\"https:\/\/vieassociative.be\/actualites\/#\/schema\/logo\/image\/\",\"url\":\"https:\/\/vieassociative.be\/actualites\/wp-content\/uploads\/2024\/09\/cropped-vieassociative_favicon.ico.png\",\"contentUrl\":\"https:\/\/vieassociative.be\/actualites\/wp-content\/uploads\/2024\/09\/cropped-vieassociative_favicon.ico.png\",\"width\":512,\"height\":512,\"caption\":\"Vie Associative\"},\"image\":{\"@id\":\"https:\/\/vieassociative.be\/actualites\/#\/schema\/logo\/image\/\"}},{\"@type\":\"Person\",\"@id\":\"https:\/\/vieassociative.be\/actualites\/#\/schema\/person\/b87ac4f82f9d4e7b7cec7395b679edc4\",\"name\":\"Julien\",\"image\":{\"@type\":\"ImageObject\",\"inLanguage\":\"fr-BE\",\"@id\":\"https:\/\/vieassociative.be\/actualites\/#\/schema\/person\/image\/\",\"url\":\"https:\/\/vieassociative.be\/actualites\/wp-content\/uploads\/2024\/09\/vie-associative-1-150x150.jpg\",\"contentUrl\":\"https:\/\/vieassociative.be\/actualites\/wp-content\/uploads\/2024\/09\/vie-associative-1-150x150.jpg\",\"caption\":\"Julien\"},\"description\":\"Je suis Julien, r\u00e9dacteur pour Vie Associative. Passionn\u00e9 par le monde associatif depuis plus de 10 ans, j'ai \u00e0 c\u0153ur de partager des histoires inspirantes et de mettre en lumi\u00e8re les initiatives locales. Mon objectif est de sensibiliser et d'encourager l'engagement communautaire \u00e0 travers mes articles.\",\"sameAs\":[\"https:\/\/vieassociative.be\/\"]}]}<\/script>\n<!-- \/ Yoast SEO plugin. -->","yoast_head_json":{"title":"Apple pourrait travailler sur une mise \u00e0 jour pour r\u00e9soudre certains probl\u00e8mes iOS 26 | Vie Associative","robots":{"index":"index","follow":"follow","max-snippet":"max-snippet:-1","max-image-preview":"max-image-preview:large","max-video-preview":"max-video-preview:-1"},"canonical":"https:\/\/vieassociative.be\/actualites\/apple-pourrait-travailler-sur-une-mise-a-jour-pour-resoudre-certains-problemes-ios-26\/","og_locale":"fr_FR","og_type":"article","og_title":"Apple pourrait travailler sur une mise \u00e0 jour pour r\u00e9soudre certains probl\u00e8mes iOS 26 | Vie Associative","og_description":"Si vous avez des probl\u00e8mes avec WiFi, Bluetooth ou votre application de cam\u00e9ra, cette mise \u00e0 jour pourrait \u00eatre le correctif. Saviez-vous que vous pouvez","og_url":"https:\/\/vieassociative.be\/actualites\/apple-pourrait-travailler-sur-une-mise-a-jour-pour-resoudre-certains-problemes-ios-26\/","og_site_name":"Vie Associative","article_published_time":"2025-09-29T23:16:58+00:00","og_image":[{"url":"https:\/\/vieassociative.be\/actualites\/wp-content\/uploads\/2025\/09\/1757726237_608_Meta-pourrait-devoiler-une-montre-intelligente-pour-controler-ses-lunettes.jpg","type":"","width":"","height":""}],"author":"Julien","twitter_card":"summary_large_image","twitter_misc":{"\u00c9crit par":"Julien","Dur\u00e9e de lecture est.":"3 minutes"},"schema":{"@context":"https:\/\/schema.org","@graph":[{"@type":"Article","@id":"https:\/\/vieassociative.be\/actualites\/apple-pourrait-travailler-sur-une-mise-a-jour-pour-resoudre-certains-problemes-ios-26\/#article","isPartOf":{"@id":"https:\/\/vieassociative.be\/actualites\/apple-pourrait-travailler-sur-une-mise-a-jour-pour-resoudre-certains-problemes-ios-26\/"},"author":{"name":"Julien","@id":"https:\/\/vieassociative.be\/actualites\/#\/schema\/person\/b87ac4f82f9d4e7b7cec7395b679edc4"},"headline":"Apple pourrait travailler sur une mise \u00e0 jour pour r\u00e9soudre certains probl\u00e8mes iOS 26","datePublished":"2025-09-29T23:16:58+00:00","dateModified":"2025-09-29T23:16:58+00:00","mainEntityOfPage":{"@id":"https:\/\/vieassociative.be\/actualites\/apple-pourrait-travailler-sur-une-mise-a-jour-pour-resoudre-certains-problemes-ios-26\/"},"wordCount":572,"publisher":{"@id":"https:\/\/vieassociative.be\/actualites\/#organization"},"image":{"@id":"https:\/\/vieassociative.be\/actualites\/apple-pourrait-travailler-sur-une-mise-a-jour-pour-resoudre-certains-problemes-ios-26\/#primaryimage"},"thumbnailUrl":"https:\/\/vieassociative.be\/actualites\/wp-content\/uploads\/2025\/09\/Apple-pourrait-travailler-sur-une-mise-a-jour-pour-resoudre.jpg","keywords":["Apple","certains","iOS","jour","mise","pour","pourrait","probl\u00e8mes","r\u00e9soudre","sur","travailler","une"],"articleSection":["Technologie"],"inLanguage":"fr-BE"},{"@type":"WebPage","@id":"https:\/\/vieassociative.be\/actualites\/apple-pourrait-travailler-sur-une-mise-a-jour-pour-resoudre-certains-problemes-ios-26\/","url":"https:\/\/vieassociative.be\/actualites\/apple-pourrait-travailler-sur-une-mise-a-jour-pour-resoudre-certains-problemes-ios-26\/","name":"Apple pourrait travailler sur une mise \u00e0 jour pour r\u00e9soudre certains probl\u00e8mes iOS 26 | Vie Associative","isPartOf":{"@id":"https:\/\/vieassociative.be\/actualites\/#website"},"primaryImageOfPage":{"@id":"https:\/\/vieassociative.be\/actualites\/apple-pourrait-travailler-sur-une-mise-a-jour-pour-resoudre-certains-problemes-ios-26\/#primaryimage"},"image":{"@id":"https:\/\/vieassociative.be\/actualites\/apple-pourrait-travailler-sur-une-mise-a-jour-pour-resoudre-certains-problemes-ios-26\/#primaryimage"},"thumbnailUrl":"https:\/\/vieassociative.be\/actualites\/wp-content\/uploads\/2025\/09\/Apple-pourrait-travailler-sur-une-mise-a-jour-pour-resoudre.jpg","datePublished":"2025-09-29T23:16:58+00:00","dateModified":"2025-09-29T23:16:58+00:00","breadcrumb":{"@id":"https:\/\/vieassociative.be\/actualites\/apple-pourrait-travailler-sur-une-mise-a-jour-pour-resoudre-certains-problemes-ios-26\/#breadcrumb"},"inLanguage":"fr-BE","potentialAction":[{"@type":"ReadAction","target":["https:\/\/vieassociative.be\/actualites\/apple-pourrait-travailler-sur-une-mise-a-jour-pour-resoudre-certains-problemes-ios-26\/"]}]},{"@type":"ImageObject","inLanguage":"fr-BE","@id":"https:\/\/vieassociative.be\/actualites\/apple-pourrait-travailler-sur-une-mise-a-jour-pour-resoudre-certains-problemes-ios-26\/#primaryimage","url":"https:\/\/vieassociative.be\/actualites\/wp-content\/uploads\/2025\/09\/Apple-pourrait-travailler-sur-une-mise-a-jour-pour-resoudre.jpg","contentUrl":"https:\/\/vieassociative.be\/actualites\/wp-content\/uploads\/2025\/09\/Apple-pourrait-travailler-sur-une-mise-a-jour-pour-resoudre.jpg","width":1200,"height":675,"caption":"Apple pourrait travailler sur une mise \u00e0 jour pour r\u00e9soudre certains probl\u00e8mes iOS 26"},{"@type":"BreadcrumbList","@id":"https:\/\/vieassociative.be\/actualites\/apple-pourrait-travailler-sur-une-mise-a-jour-pour-resoudre-certains-problemes-ios-26\/#breadcrumb","itemListElement":[{"@type":"ListItem","position":1,"name":"Accueil","item":"https:\/\/vieassociative.be\/actualites\/"},{"@type":"ListItem","position":2,"name":"Apple pourrait travailler sur une mise \u00e0 jour pour r\u00e9soudre certains probl\u00e8mes iOS 26"}]},{"@type":"WebSite","@id":"https:\/\/vieassociative.be\/actualites\/#website","url":"https:\/\/vieassociative.be\/actualites\/","name":"Vie Associative","description":"","publisher":{"@id":"https:\/\/vieassociative.be\/actualites\/#organization"},"potentialAction":[{"@type":"SearchAction","target":{"@type":"EntryPoint","urlTemplate":"https:\/\/vieassociative.be\/actualites\/?s={search_term_string}"},"query-input":{"@type":"PropertyValueSpecification","valueRequired":true,"valueName":"search_term_string"}}],"inLanguage":"fr-BE"},{"@type":"Organization","@id":"https:\/\/vieassociative.be\/actualites\/#organization","name":"Vie Associative","url":"https:\/\/vieassociative.be\/actualites\/","logo":{"@type":"ImageObject","inLanguage":"fr-BE","@id":"https:\/\/vieassociative.be\/actualites\/#\/schema\/logo\/image\/","url":"https:\/\/vieassociative.be\/actualites\/wp-content\/uploads\/2024\/09\/cropped-vieassociative_favicon.ico.png","contentUrl":"https:\/\/vieassociative.be\/actualites\/wp-content\/uploads\/2024\/09\/cropped-vieassociative_favicon.ico.png","width":512,"height":512,"caption":"Vie Associative"},"image":{"@id":"https:\/\/vieassociative.be\/actualites\/#\/schema\/logo\/image\/"}},{"@type":"Person","@id":"https:\/\/vieassociative.be\/actualites\/#\/schema\/person\/b87ac4f82f9d4e7b7cec7395b679edc4","name":"Julien","image":{"@type":"ImageObject","inLanguage":"fr-BE","@id":"https:\/\/vieassociative.be\/actualites\/#\/schema\/person\/image\/","url":"https:\/\/vieassociative.be\/actualites\/wp-content\/uploads\/2024\/09\/vie-associative-1-150x150.jpg","contentUrl":"https:\/\/vieassociative.be\/actualites\/wp-content\/uploads\/2024\/09\/vie-associative-1-150x150.jpg","caption":"Julien"},"description":"Je suis Julien, r\u00e9dacteur pour Vie Associative. Passionn\u00e9 par le monde associatif depuis plus de 10 ans, j'ai \u00e0 c\u0153ur de partager des histoires inspirantes et de mettre en lumi\u00e8re les initiatives locales. Mon objectif est de sensibiliser et d'encourager l'engagement communautaire \u00e0 travers mes articles.","sameAs":["https:\/\/vieassociative.be\/"]}]}},"_links":{"self":[{"href":"https:\/\/vieassociative.be\/actualites\/wp-json\/wp\/v2\/posts\/10341"}],"collection":[{"href":"https:\/\/vieassociative.be\/actualites\/wp-json\/wp\/v2\/posts"}],"about":[{"href":"https:\/\/vieassociative.be\/actualites\/wp-json\/wp\/v2\/types\/post"}],"author":[{"embeddable":true,"href":"https:\/\/vieassociative.be\/actualites\/wp-json\/wp\/v2\/users\/1"}],"replies":[{"embeddable":true,"href":"https:\/\/vieassociative.be\/actualites\/wp-json\/wp\/v2\/comments?post=10341"}],"version-history":[{"count":0,"href":"https:\/\/vieassociative.be\/actualites\/wp-json\/wp\/v2\/posts\/10341\/revisions"}],"wp:featuredmedia":[{"embeddable":true,"href":"https:\/\/vieassociative.be\/actualites\/wp-json\/wp\/v2\/media\/10342"}],"wp:attachment":[{"href":"https:\/\/vieassociative.be\/actualites\/wp-json\/wp\/v2\/media?parent=10341"}],"wp:term":[{"taxonomy":"category","embeddable":true,"href":"https:\/\/vieassociative.be\/actualites\/wp-json\/wp\/v2\/categories?post=10341"},{"taxonomy":"post_tag","embeddable":true,"href":"https:\/\/vieassociative.be\/actualites\/wp-json\/wp\/v2\/tags?post=10341"}],"curies":[{"name":"wp","href":"https:\/\/api.w.org\/{rel}","templated":true}]}}