{"id":10339,"date":"2025-09-29T22:19:31","date_gmt":"2025-09-29T20:19:31","guid":{"rendered":"https:\/\/vieassociative.be\/actualites\/notre-voisin-luxembourg-celebre-le-changement-de-trone-le-prince-guillaume-sera-le-nouveau-grand-duke-vendredi\/"},"modified":"2025-09-29T22:19:31","modified_gmt":"2025-09-29T20:19:31","slug":"notre-voisin-luxembourg-celebre-le-changement-de-trone-le-prince-guillaume-sera-le-nouveau-grand-duke-vendredi","status":"publish","type":"post","link":"https:\/\/vieassociative.be\/actualites\/notre-voisin-luxembourg-celebre-le-changement-de-trone-le-prince-guillaume-sera-le-nouveau-grand-duke-vendredi\/","title":{"rendered":"Notre voisin Luxembourg c\u00e9l\u00e8bre le changement de tr\u00f4ne: le prince Guillaume sera le nouveau Grand-Duke vendredi"},"content":{"rendered":"<p><strong>Le 3 octobre, le grand-duc Henri a remis le tr\u00f4ne \u00e0 son fils Guillaume en tant que chef de l&rsquo;\u00c9tat apr\u00e8s 25 ans. Des chefs d&rsquo;\u00c9tat et des t\u00eates couronn\u00e9es sont attendues.<\/strong><\/p>\n<p><span id=\"more-425836\"><\/span>Le Luxembourg fait face \u00e0 un changement majeur de tr\u00f4ne. Ce vendredi 3 octobre, remercie le Grand Duke Henri apr\u00e8s 25 ans et remet les affaires officielles \u00e0 son fils a\u00een\u00e9 Guillaume. Le changement n&rsquo;est pas surprenant: il y a un an, Henri (70 ans) avait nomm\u00e9 son fils comme adjoint. Le Luxembourg est le deuxi\u00e8me plus petit pays de l&rsquo;UE et compte environ 670 000 habitants.<\/p>\n<div id=\"attachment_399162\" class=\"wp-caption alignleft\" style=\"max-width: 300px\"><img fetchpriority=\"high\" decoding=\"async\" class=\"wp-image-399162 size-medium\" src=\"https:\/\/vieassociative.be\/actualites\/wp-content\/uploads\/2025\/09\/Notre-voisin-Luxembourg-celebre-le-changement-de-trone-le-prince.jpg\" alt=\"\" width=\"300\" height=\"202\"><\/div>\n<p>Le prince Guillaume devient le septi\u00e8me grand-duc de Luxembourg &#8211; le seul grand duch\u00e9 au monde qui existait encore aujourd&rsquo;hui. Le Grand Duke est un titre de Monarchs dans le rang entre King et le Duke. Il effectue des t\u00e2ches repr\u00e9sentatives. Il annonce \u00e9galement des lois.<\/p>\n<p>L&rsquo;homme de 43 ans a \u00e9tudi\u00e9 les sciences politiques en Grande-Bretagne et en France et a pr\u00e9c\u00e9demment termin\u00e9 une formation d&rsquo;officier \u00e0 l&rsquo;Acad\u00e9mie militaire britannique de Sandhurst. Depuis octobre 2012, le Duke h\u00e9r\u00e9ditaire pr\u00e9c\u00e9dent est mari\u00e9 \u00e0 la princesse St\u00e9phanie (41 ans), qui provient d&rsquo;une famille noble belge. Les deux ont deux fils.<\/p>\n<div id=\"attachment_425841\" class=\"wp-caption alignleft\" style=\"max-width: 300px\"><img decoding=\"async\" class=\"wp-image-425841 size-medium\" src=\"https:\/\/vieassociative.be\/actualites\/wp-content\/uploads\/2025\/09\/1759177171_528_Notre-voisin-Luxembourg-celebre-le-changement-de-trone-le-prince.jpg\" alt=\"\" width=\"300\" height=\"196\"><\/div>\n<p><strong>&#8211; Le couple royal vient \u00e9galement \u00e0 la c\u00e9r\u00e9monie:<\/strong> Plusieurs chefs d&rsquo;\u00c9tat d&rsquo;Europe ont annonc\u00e9 que le tr\u00f4ne \u00e9tait en charge du tr\u00f4ne, y compris les couples royaux. Le roi Willem-Alexander, la reine M\u00e1xima et l&rsquo;h\u00e9ritier du tr\u00f4ne Catharina-Amalia voyagent des Pays-Bas. Le roi Philippe, la reine Mathilde et sa fille, la princesse de la Couronne Elisabeth, viennent de Belgique. Le pr\u00e9sident allemand Frank-Walter Steinmeier et le pr\u00e9sident de la France Emmanuel Macron ont \u00e9galement annonc\u00e9 le d\u00eener de gala.<\/p>\n<p>Les c\u00e9l\u00e9brations durent plus de trois jours. Le 3 octobre, la c\u00e9r\u00e9monie officielle avec le juron du nouveau Grand-Duke est au centre. Ensuite, il montrera sa femme St\u00e9phanie sur le balcon du Grand Ducal Palace dans la ville du Luxembourg et passera plus tard la foule sur la grande place devant la mairie. Le 4 octobre, le Grand Duke a visit\u00e9 plusieurs villes du pays et un service suit le 5 octobre (DPA)<\/p>\n","protected":false},"excerpt":{"rendered":"<p>Le 3 octobre, le grand-duc Henri a remis le tr\u00f4ne \u00e0 son fils Guillaume en tant que chef de l&rsquo;\u00c9tat apr\u00e8s 25 ans. Des chefs<\/p>\n","protected":false},"author":1,"featured_media":10340,"comment_status":"","ping_status":"","sticky":false,"template":"","format":"standard","meta":{"footnotes":""},"categories":[298],"tags":[3843,2590,8723,8722,3512,609,553,4525,3230,8721,252,1160],"class_list":["post-10339","post","type-post","status-publish","format-standard","has-post-thumbnail","hentry","category-belgique","tag-celebre","tag-changement","tag-grandduke","tag-guillaume","tag-luxembourg","tag-notre","tag-nouveau","tag-prince","tag-sera","tag-trone","tag-vendredi","tag-voisin","generate-columns","tablet-grid-50","mobile-grid-100","grid-parent","grid-33"],"yoast_head":"<!-- This site is optimized with the Yoast SEO plugin v24.0 - https:\/\/yoast.com\/wordpress\/plugins\/seo\/ -->\n<title>Notre voisin Luxembourg c\u00e9l\u00e8bre le changement de tr\u00f4ne: le prince Guillaume sera le nouveau Grand-Duke vendredi | Vie Associative<\/title>\n<meta name=\"robots\" content=\"index, follow, max-snippet:-1, max-image-preview:large, max-video-preview:-1\" \/>\n<link rel=\"canonical\" href=\"https:\/\/vieassociative.be\/actualites\/notre-voisin-luxembourg-celebre-le-changement-de-trone-le-prince-guillaume-sera-le-nouveau-grand-duke-vendredi\/\" \/>\n<meta property=\"og:locale\" content=\"fr_FR\" \/>\n<meta property=\"og:type\" content=\"article\" \/>\n<meta property=\"og:title\" content=\"Notre voisin Luxembourg c\u00e9l\u00e8bre le changement de tr\u00f4ne: le prince Guillaume sera le nouveau Grand-Duke vendredi | Vie Associative\" \/>\n<meta property=\"og:description\" content=\"Le 3 octobre, le grand-duc Henri a remis le tr\u00f4ne \u00e0 son fils Guillaume en tant que chef de l&rsquo;\u00c9tat apr\u00e8s 25 ans. Des chefs\" \/>\n<meta property=\"og:url\" content=\"https:\/\/vieassociative.be\/actualites\/notre-voisin-luxembourg-celebre-le-changement-de-trone-le-prince-guillaume-sera-le-nouveau-grand-duke-vendredi\/\" \/>\n<meta property=\"og:site_name\" content=\"Vie Associative\" \/>\n<meta property=\"article:published_time\" content=\"2025-09-29T20:19:31+00:00\" \/>\n<meta property=\"og:image\" content=\"https:\/\/vieassociative.be\/actualites\/wp-content\/uploads\/2024\/09\/header_backgroundk-01-e1726694325946.png\" \/>\n\t<meta property=\"og:image:width\" content=\"279\" \/>\n\t<meta property=\"og:image:height\" content=\"92\" \/>\n\t<meta property=\"og:image:type\" content=\"image\/png\" \/>\n<meta name=\"author\" content=\"Julien\" \/>\n<meta name=\"twitter:card\" content=\"summary_large_image\" \/>\n<meta name=\"twitter:label1\" content=\"\u00c9crit par\" \/>\n\t<meta name=\"twitter:data1\" content=\"Julien\" \/>\n\t<meta name=\"twitter:label2\" content=\"Dur\u00e9e de lecture est.\" \/>\n\t<meta name=\"twitter:data2\" content=\"2 minutes\" \/>\n<script type=\"application\/ld+json\" class=\"yoast-schema-graph\">{\"@context\":\"https:\/\/schema.org\",\"@graph\":[{\"@type\":\"Article\",\"@id\":\"https:\/\/vieassociative.be\/actualites\/notre-voisin-luxembourg-celebre-le-changement-de-trone-le-prince-guillaume-sera-le-nouveau-grand-duke-vendredi\/#article\",\"isPartOf\":{\"@id\":\"https:\/\/vieassociative.be\/actualites\/notre-voisin-luxembourg-celebre-le-changement-de-trone-le-prince-guillaume-sera-le-nouveau-grand-duke-vendredi\/\"},\"author\":{\"name\":\"Julien\",\"@id\":\"https:\/\/vieassociative.be\/actualites\/#\/schema\/person\/b87ac4f82f9d4e7b7cec7395b679edc4\"},\"headline\":\"Notre voisin Luxembourg c\u00e9l\u00e8bre le changement de tr\u00f4ne: le prince Guillaume sera le nouveau Grand-Duke vendredi\",\"datePublished\":\"2025-09-29T20:19:31+00:00\",\"dateModified\":\"2025-09-29T20:19:31+00:00\",\"mainEntityOfPage\":{\"@id\":\"https:\/\/vieassociative.be\/actualites\/notre-voisin-luxembourg-celebre-le-changement-de-trone-le-prince-guillaume-sera-le-nouveau-grand-duke-vendredi\/\"},\"wordCount\":397,\"publisher\":{\"@id\":\"https:\/\/vieassociative.be\/actualites\/#organization\"},\"image\":{\"@id\":\"https:\/\/vieassociative.be\/actualites\/notre-voisin-luxembourg-celebre-le-changement-de-trone-le-prince-guillaume-sera-le-nouveau-grand-duke-vendredi\/#primaryimage\"},\"thumbnailUrl\":\"https:\/\/vieassociative.be\/actualites\/wp-content\/uploads\/2025\/09\/1759177171_Notre-voisin-Luxembourg-celebre-le-changement-de-trone-le-prince.jpg\",\"keywords\":[\"c\u00e9l\u00e8bre\",\"Changement\",\"GrandDuke\",\"Guillaume\",\"Luxembourg\",\"notre\",\"nouveau\",\"prince\",\"sera\",\"tr\u00f4ne\",\"vendredi\",\"voisin\"],\"articleSection\":[\"Belgique\"],\"inLanguage\":\"fr-BE\"},{\"@type\":\"WebPage\",\"@id\":\"https:\/\/vieassociative.be\/actualites\/notre-voisin-luxembourg-celebre-le-changement-de-trone-le-prince-guillaume-sera-le-nouveau-grand-duke-vendredi\/\",\"url\":\"https:\/\/vieassociative.be\/actualites\/notre-voisin-luxembourg-celebre-le-changement-de-trone-le-prince-guillaume-sera-le-nouveau-grand-duke-vendredi\/\",\"name\":\"Notre voisin Luxembourg c\u00e9l\u00e8bre le changement de tr\u00f4ne: le prince Guillaume sera le nouveau Grand-Duke vendredi | Vie Associative\",\"isPartOf\":{\"@id\":\"https:\/\/vieassociative.be\/actualites\/#website\"},\"primaryImageOfPage\":{\"@id\":\"https:\/\/vieassociative.be\/actualites\/notre-voisin-luxembourg-celebre-le-changement-de-trone-le-prince-guillaume-sera-le-nouveau-grand-duke-vendredi\/#primaryimage\"},\"image\":{\"@id\":\"https:\/\/vieassociative.be\/actualites\/notre-voisin-luxembourg-celebre-le-changement-de-trone-le-prince-guillaume-sera-le-nouveau-grand-duke-vendredi\/#primaryimage\"},\"thumbnailUrl\":\"https:\/\/vieassociative.be\/actualites\/wp-content\/uploads\/2025\/09\/1759177171_Notre-voisin-Luxembourg-celebre-le-changement-de-trone-le-prince.jpg\",\"datePublished\":\"2025-09-29T20:19:31+00:00\",\"dateModified\":\"2025-09-29T20:19:31+00:00\",\"breadcrumb\":{\"@id\":\"https:\/\/vieassociative.be\/actualites\/notre-voisin-luxembourg-celebre-le-changement-de-trone-le-prince-guillaume-sera-le-nouveau-grand-duke-vendredi\/#breadcrumb\"},\"inLanguage\":\"fr-BE\",\"potentialAction\":[{\"@type\":\"ReadAction\",\"target\":[\"https:\/\/vieassociative.be\/actualites\/notre-voisin-luxembourg-celebre-le-changement-de-trone-le-prince-guillaume-sera-le-nouveau-grand-duke-vendredi\/\"]}]},{\"@type\":\"ImageObject\",\"inLanguage\":\"fr-BE\",\"@id\":\"https:\/\/vieassociative.be\/actualites\/notre-voisin-luxembourg-celebre-le-changement-de-trone-le-prince-guillaume-sera-le-nouveau-grand-duke-vendredi\/#primaryimage\",\"url\":\"https:\/\/vieassociative.be\/actualites\/wp-content\/uploads\/2025\/09\/1759177171_Notre-voisin-Luxembourg-celebre-le-changement-de-trone-le-prince.jpg\",\"contentUrl\":\"https:\/\/vieassociative.be\/actualites\/wp-content\/uploads\/2025\/09\/1759177171_Notre-voisin-Luxembourg-celebre-le-changement-de-trone-le-prince.jpg\",\"width\":1300,\"height\":867,\"caption\":\"Notre voisin Luxembourg c\u00e9l\u00e8bre le changement de tr\u00f4ne: le prince Guillaume sera le nouveau Grand-Duke vendredi\"},{\"@type\":\"BreadcrumbList\",\"@id\":\"https:\/\/vieassociative.be\/actualites\/notre-voisin-luxembourg-celebre-le-changement-de-trone-le-prince-guillaume-sera-le-nouveau-grand-duke-vendredi\/#breadcrumb\",\"itemListElement\":[{\"@type\":\"ListItem\",\"position\":1,\"name\":\"Accueil\",\"item\":\"https:\/\/vieassociative.be\/actualites\/\"},{\"@type\":\"ListItem\",\"position\":2,\"name\":\"Notre voisin Luxembourg c\u00e9l\u00e8bre le changement de tr\u00f4ne: le prince Guillaume sera le nouveau Grand-Duke vendredi\"}]},{\"@type\":\"WebSite\",\"@id\":\"https:\/\/vieassociative.be\/actualites\/#website\",\"url\":\"https:\/\/vieassociative.be\/actualites\/\",\"name\":\"Vie Associative\",\"description\":\"\",\"publisher\":{\"@id\":\"https:\/\/vieassociative.be\/actualites\/#organization\"},\"potentialAction\":[{\"@type\":\"SearchAction\",\"target\":{\"@type\":\"EntryPoint\",\"urlTemplate\":\"https:\/\/vieassociative.be\/actualites\/?s={search_term_string}\"},\"query-input\":{\"@type\":\"PropertyValueSpecification\",\"valueRequired\":true,\"valueName\":\"search_term_string\"}}],\"inLanguage\":\"fr-BE\"},{\"@type\":\"Organization\",\"@id\":\"https:\/\/vieassociative.be\/actualites\/#organization\",\"name\":\"Vie Associative\",\"url\":\"https:\/\/vieassociative.be\/actualites\/\",\"logo\":{\"@type\":\"ImageObject\",\"inLanguage\":\"fr-BE\",\"@id\":\"https:\/\/vieassociative.be\/actualites\/#\/schema\/logo\/image\/\",\"url\":\"https:\/\/vieassociative.be\/actualites\/wp-content\/uploads\/2024\/09\/cropped-vieassociative_favicon.ico.png\",\"contentUrl\":\"https:\/\/vieassociative.be\/actualites\/wp-content\/uploads\/2024\/09\/cropped-vieassociative_favicon.ico.png\",\"width\":512,\"height\":512,\"caption\":\"Vie Associative\"},\"image\":{\"@id\":\"https:\/\/vieassociative.be\/actualites\/#\/schema\/logo\/image\/\"}},{\"@type\":\"Person\",\"@id\":\"https:\/\/vieassociative.be\/actualites\/#\/schema\/person\/b87ac4f82f9d4e7b7cec7395b679edc4\",\"name\":\"Julien\",\"image\":{\"@type\":\"ImageObject\",\"inLanguage\":\"fr-BE\",\"@id\":\"https:\/\/vieassociative.be\/actualites\/#\/schema\/person\/image\/\",\"url\":\"https:\/\/vieassociative.be\/actualites\/wp-content\/uploads\/2024\/09\/vie-associative-1-150x150.jpg\",\"contentUrl\":\"https:\/\/vieassociative.be\/actualites\/wp-content\/uploads\/2024\/09\/vie-associative-1-150x150.jpg\",\"caption\":\"Julien\"},\"description\":\"Je suis Julien, r\u00e9dacteur pour Vie Associative. Passionn\u00e9 par le monde associatif depuis plus de 10 ans, j'ai \u00e0 c\u0153ur de partager des histoires inspirantes et de mettre en lumi\u00e8re les initiatives locales. Mon objectif est de sensibiliser et d'encourager l'engagement communautaire \u00e0 travers mes articles.\",\"sameAs\":[\"https:\/\/vieassociative.be\/\"]}]}<\/script>\n<!-- \/ Yoast SEO plugin. -->","yoast_head_json":{"title":"Notre voisin Luxembourg c\u00e9l\u00e8bre le changement de tr\u00f4ne: le prince Guillaume sera le nouveau Grand-Duke vendredi | Vie Associative","robots":{"index":"index","follow":"follow","max-snippet":"max-snippet:-1","max-image-preview":"max-image-preview:large","max-video-preview":"max-video-preview:-1"},"canonical":"https:\/\/vieassociative.be\/actualites\/notre-voisin-luxembourg-celebre-le-changement-de-trone-le-prince-guillaume-sera-le-nouveau-grand-duke-vendredi\/","og_locale":"fr_FR","og_type":"article","og_title":"Notre voisin Luxembourg c\u00e9l\u00e8bre le changement de tr\u00f4ne: le prince Guillaume sera le nouveau Grand-Duke vendredi | Vie Associative","og_description":"Le 3 octobre, le grand-duc Henri a remis le tr\u00f4ne \u00e0 son fils Guillaume en tant que chef de l&rsquo;\u00c9tat apr\u00e8s 25 ans. Des chefs","og_url":"https:\/\/vieassociative.be\/actualites\/notre-voisin-luxembourg-celebre-le-changement-de-trone-le-prince-guillaume-sera-le-nouveau-grand-duke-vendredi\/","og_site_name":"Vie Associative","article_published_time":"2025-09-29T20:19:31+00:00","og_image":[{"width":279,"height":92,"url":"https:\/\/vieassociative.be\/actualites\/wp-content\/uploads\/2024\/09\/header_backgroundk-01-e1726694325946.png","type":"image\/png"}],"author":"Julien","twitter_card":"summary_large_image","twitter_misc":{"\u00c9crit par":"Julien","Dur\u00e9e de lecture est.":"2 minutes"},"schema":{"@context":"https:\/\/schema.org","@graph":[{"@type":"Article","@id":"https:\/\/vieassociative.be\/actualites\/notre-voisin-luxembourg-celebre-le-changement-de-trone-le-prince-guillaume-sera-le-nouveau-grand-duke-vendredi\/#article","isPartOf":{"@id":"https:\/\/vieassociative.be\/actualites\/notre-voisin-luxembourg-celebre-le-changement-de-trone-le-prince-guillaume-sera-le-nouveau-grand-duke-vendredi\/"},"author":{"name":"Julien","@id":"https:\/\/vieassociative.be\/actualites\/#\/schema\/person\/b87ac4f82f9d4e7b7cec7395b679edc4"},"headline":"Notre voisin Luxembourg c\u00e9l\u00e8bre le changement de tr\u00f4ne: le prince Guillaume sera le nouveau Grand-Duke vendredi","datePublished":"2025-09-29T20:19:31+00:00","dateModified":"2025-09-29T20:19:31+00:00","mainEntityOfPage":{"@id":"https:\/\/vieassociative.be\/actualites\/notre-voisin-luxembourg-celebre-le-changement-de-trone-le-prince-guillaume-sera-le-nouveau-grand-duke-vendredi\/"},"wordCount":397,"publisher":{"@id":"https:\/\/vieassociative.be\/actualites\/#organization"},"image":{"@id":"https:\/\/vieassociative.be\/actualites\/notre-voisin-luxembourg-celebre-le-changement-de-trone-le-prince-guillaume-sera-le-nouveau-grand-duke-vendredi\/#primaryimage"},"thumbnailUrl":"https:\/\/vieassociative.be\/actualites\/wp-content\/uploads\/2025\/09\/1759177171_Notre-voisin-Luxembourg-celebre-le-changement-de-trone-le-prince.jpg","keywords":["c\u00e9l\u00e8bre","Changement","GrandDuke","Guillaume","Luxembourg","notre","nouveau","prince","sera","tr\u00f4ne","vendredi","voisin"],"articleSection":["Belgique"],"inLanguage":"fr-BE"},{"@type":"WebPage","@id":"https:\/\/vieassociative.be\/actualites\/notre-voisin-luxembourg-celebre-le-changement-de-trone-le-prince-guillaume-sera-le-nouveau-grand-duke-vendredi\/","url":"https:\/\/vieassociative.be\/actualites\/notre-voisin-luxembourg-celebre-le-changement-de-trone-le-prince-guillaume-sera-le-nouveau-grand-duke-vendredi\/","name":"Notre voisin Luxembourg c\u00e9l\u00e8bre le changement de tr\u00f4ne: le prince Guillaume sera le nouveau Grand-Duke vendredi | Vie Associative","isPartOf":{"@id":"https:\/\/vieassociative.be\/actualites\/#website"},"primaryImageOfPage":{"@id":"https:\/\/vieassociative.be\/actualites\/notre-voisin-luxembourg-celebre-le-changement-de-trone-le-prince-guillaume-sera-le-nouveau-grand-duke-vendredi\/#primaryimage"},"image":{"@id":"https:\/\/vieassociative.be\/actualites\/notre-voisin-luxembourg-celebre-le-changement-de-trone-le-prince-guillaume-sera-le-nouveau-grand-duke-vendredi\/#primaryimage"},"thumbnailUrl":"https:\/\/vieassociative.be\/actualites\/wp-content\/uploads\/2025\/09\/1759177171_Notre-voisin-Luxembourg-celebre-le-changement-de-trone-le-prince.jpg","datePublished":"2025-09-29T20:19:31+00:00","dateModified":"2025-09-29T20:19:31+00:00","breadcrumb":{"@id":"https:\/\/vieassociative.be\/actualites\/notre-voisin-luxembourg-celebre-le-changement-de-trone-le-prince-guillaume-sera-le-nouveau-grand-duke-vendredi\/#breadcrumb"},"inLanguage":"fr-BE","potentialAction":[{"@type":"ReadAction","target":["https:\/\/vieassociative.be\/actualites\/notre-voisin-luxembourg-celebre-le-changement-de-trone-le-prince-guillaume-sera-le-nouveau-grand-duke-vendredi\/"]}]},{"@type":"ImageObject","inLanguage":"fr-BE","@id":"https:\/\/vieassociative.be\/actualites\/notre-voisin-luxembourg-celebre-le-changement-de-trone-le-prince-guillaume-sera-le-nouveau-grand-duke-vendredi\/#primaryimage","url":"https:\/\/vieassociative.be\/actualites\/wp-content\/uploads\/2025\/09\/1759177171_Notre-voisin-Luxembourg-celebre-le-changement-de-trone-le-prince.jpg","contentUrl":"https:\/\/vieassociative.be\/actualites\/wp-content\/uploads\/2025\/09\/1759177171_Notre-voisin-Luxembourg-celebre-le-changement-de-trone-le-prince.jpg","width":1300,"height":867,"caption":"Notre voisin Luxembourg c\u00e9l\u00e8bre le changement de tr\u00f4ne: le prince Guillaume sera le nouveau Grand-Duke vendredi"},{"@type":"BreadcrumbList","@id":"https:\/\/vieassociative.be\/actualites\/notre-voisin-luxembourg-celebre-le-changement-de-trone-le-prince-guillaume-sera-le-nouveau-grand-duke-vendredi\/#breadcrumb","itemListElement":[{"@type":"ListItem","position":1,"name":"Accueil","item":"https:\/\/vieassociative.be\/actualites\/"},{"@type":"ListItem","position":2,"name":"Notre voisin Luxembourg c\u00e9l\u00e8bre le changement de tr\u00f4ne: le prince Guillaume sera le nouveau Grand-Duke vendredi"}]},{"@type":"WebSite","@id":"https:\/\/vieassociative.be\/actualites\/#website","url":"https:\/\/vieassociative.be\/actualites\/","name":"Vie Associative","description":"","publisher":{"@id":"https:\/\/vieassociative.be\/actualites\/#organization"},"potentialAction":[{"@type":"SearchAction","target":{"@type":"EntryPoint","urlTemplate":"https:\/\/vieassociative.be\/actualites\/?s={search_term_string}"},"query-input":{"@type":"PropertyValueSpecification","valueRequired":true,"valueName":"search_term_string"}}],"inLanguage":"fr-BE"},{"@type":"Organization","@id":"https:\/\/vieassociative.be\/actualites\/#organization","name":"Vie Associative","url":"https:\/\/vieassociative.be\/actualites\/","logo":{"@type":"ImageObject","inLanguage":"fr-BE","@id":"https:\/\/vieassociative.be\/actualites\/#\/schema\/logo\/image\/","url":"https:\/\/vieassociative.be\/actualites\/wp-content\/uploads\/2024\/09\/cropped-vieassociative_favicon.ico.png","contentUrl":"https:\/\/vieassociative.be\/actualites\/wp-content\/uploads\/2024\/09\/cropped-vieassociative_favicon.ico.png","width":512,"height":512,"caption":"Vie Associative"},"image":{"@id":"https:\/\/vieassociative.be\/actualites\/#\/schema\/logo\/image\/"}},{"@type":"Person","@id":"https:\/\/vieassociative.be\/actualites\/#\/schema\/person\/b87ac4f82f9d4e7b7cec7395b679edc4","name":"Julien","image":{"@type":"ImageObject","inLanguage":"fr-BE","@id":"https:\/\/vieassociative.be\/actualites\/#\/schema\/person\/image\/","url":"https:\/\/vieassociative.be\/actualites\/wp-content\/uploads\/2024\/09\/vie-associative-1-150x150.jpg","contentUrl":"https:\/\/vieassociative.be\/actualites\/wp-content\/uploads\/2024\/09\/vie-associative-1-150x150.jpg","caption":"Julien"},"description":"Je suis Julien, r\u00e9dacteur pour Vie Associative. Passionn\u00e9 par le monde associatif depuis plus de 10 ans, j'ai \u00e0 c\u0153ur de partager des histoires inspirantes et de mettre en lumi\u00e8re les initiatives locales. Mon objectif est de sensibiliser et d'encourager l'engagement communautaire \u00e0 travers mes articles.","sameAs":["https:\/\/vieassociative.be\/"]}]}},"_links":{"self":[{"href":"https:\/\/vieassociative.be\/actualites\/wp-json\/wp\/v2\/posts\/10339"}],"collection":[{"href":"https:\/\/vieassociative.be\/actualites\/wp-json\/wp\/v2\/posts"}],"about":[{"href":"https:\/\/vieassociative.be\/actualites\/wp-json\/wp\/v2\/types\/post"}],"author":[{"embeddable":true,"href":"https:\/\/vieassociative.be\/actualites\/wp-json\/wp\/v2\/users\/1"}],"replies":[{"embeddable":true,"href":"https:\/\/vieassociative.be\/actualites\/wp-json\/wp\/v2\/comments?post=10339"}],"version-history":[{"count":0,"href":"https:\/\/vieassociative.be\/actualites\/wp-json\/wp\/v2\/posts\/10339\/revisions"}],"wp:featuredmedia":[{"embeddable":true,"href":"https:\/\/vieassociative.be\/actualites\/wp-json\/wp\/v2\/media\/10340"}],"wp:attachment":[{"href":"https:\/\/vieassociative.be\/actualites\/wp-json\/wp\/v2\/media?parent=10339"}],"wp:term":[{"taxonomy":"category","embeddable":true,"href":"https:\/\/vieassociative.be\/actualites\/wp-json\/wp\/v2\/categories?post=10339"},{"taxonomy":"post_tag","embeddable":true,"href":"https:\/\/vieassociative.be\/actualites\/wp-json\/wp\/v2\/tags?post=10339"}],"curies":[{"name":"wp","href":"https:\/\/api.w.org\/{rel}","templated":true}]}}