{"id":10335,"date":"2025-09-29T19:17:09","date_gmt":"2025-09-29T17:17:09","guid":{"rendered":"https:\/\/vieassociative.be\/actualites\/lethique-et-les-lois-compliquees-des-lunettes-intelligentes-2\/"},"modified":"2025-09-29T19:17:09","modified_gmt":"2025-09-29T17:17:09","slug":"lethique-et-les-lois-compliquees-des-lunettes-intelligentes-2","status":"publish","type":"post","link":"https:\/\/vieassociative.be\/actualites\/lethique-et-les-lois-compliquees-des-lunettes-intelligentes-2\/","title":{"rendered":"L&rsquo;\u00e9thique (et les lois) compliqu\u00e9es des lunettes intelligentes"},"content":{"rendered":"<div class=\"mt-4 leading-6 md:mb-8\">Avec un grand pouvoir vient une grande responsabilit\u00e9.<\/div>\n<p><\/p>\n<p><em>Saviez-vous que vous pouvez personnaliser Google pour filtrer les ordures? <strong>Prendre ces \u00e9tapes<\/strong><\/em><em> Pour de meilleurs r\u00e9sultats de recherche, <strong>y compris l&rsquo;ajout de travail chez Vie Associative comme source pr\u00e9f\u00e9r\u00e9e<\/strong><\/em><em>.<\/em><\/p>\n<hr>\n<p>L&rsquo;adoption presque universelle des smartphones \u00e0 la fin des ann\u00e9es 2000 a chang\u00e9 plus que la fa\u00e7on dont nous perdons du temps en attendant les lignes. Avec presque tout le monde portant une cam\u00e9ra et un microphone de haute qualit\u00e9 dans leur poche &#8211; et la capacit\u00e9 de diffuser instantan\u00e9ment quoi que ce soit \u00e0 un public potentiel de millions &#8211; notre concept collectif de vie priv\u00e9e a \u00e9t\u00e9 modifi\u00e9 en permanence. Si vous n&rsquo;\u00eates pas un peu pr\u00e9occup\u00e9 par la fa\u00e7on dont ce que vous faites en public jouerait sur YouTube, vous ne faites pas attention. <\/p>\n<p>Comme des lunettes intelligentes \u00e9quip\u00e9es de cam\u00e9ras et de micros se rapprochent de l&rsquo;adoption grand public, nous sommes confront\u00e9s \u00e0 un autre changement plus subtile. Contrairement aux smartphones, o\u00f9 il est \u00e9vident quand quelqu&rsquo;un enregistre, les lunettes intelligentes peuvent capturer la vid\u00e9o ou l&rsquo;audio de mani\u00e8re presque invisible &#8211; sur les pr\u00e9occupations l\u00e9gales, \u00e9thiques et morales. Voici ce que vous devriez \u00eatre conscient, que vous blissiez actuellement des lunettes intelligentes ou que vous planifiiez \u00e0 l&rsquo;avenir.<\/p>\n<div class=\"mx-auto mb-12 mt-5 w-full max-w-3xl rounded-md border-2 border-gray-100 p-3 shadow-md md:px-7 md:pb-7 md:pt-5\" id=\"related-video\">\n<div class=\"mb-3 flex items-center md:mb-5\">\n        <img decoding=\"async\" class=\"mr-4 mt-0 h-10 w-10 md:mr-5 md:h-12 md:w-12\" src=\"https:\/\/vieassociative.be\/actualites\/wp-content\/uploads\/2025\/09\/1757726237_608_Meta-pourrait-devoiler-une-montre-intelligente-pour-controler-ses-lunettes.jpg\" alt=\"Logo Lifehacker\"><\/p><\/div>\n<div class=\"aspect-video w-full overflow-hidden rounded-md\">\n<div id=\"video-container-01K6B66AVJNJRQXWHZRE1DG2Z1\"><\/div>\n<\/p><\/div>\n<\/div>\n<h2 id=\"the-legality-of-filming-in-public\">La l\u00e9galit\u00e9 du tournage en public<\/h2>\n<p>Ce que le grand public consid\u00e8re comme une \u00abvie priv\u00e9e\u00bb peut avoir chang\u00e9, mais la loi n&rsquo;a peut-\u00eatre pas suivi le rythme. \u00abLes lois actuelles ne fournissent pas la protection que la plupart des gens s&rsquo;attendraient probablement \u00e0 ce qu&rsquo;ils devraient\u00bb, explique David B. Hoppe, un avocat transactionnel international sp\u00e9cialis\u00e9 dans les questions juridiques \u00e9mergentes dans les m\u00e9dias et la technologie.<\/p>\n<p>Certaines statuts ont \u00e9t\u00e9 \u00e9crits pour tenir compte des nouvelles technologies &#8211; des interventions sur le porno de vengeance, par exemple &#8211; mais le cadre juridique global concernant la confidentialit\u00e9 a \u00e9t\u00e9 d\u00e9velopp\u00e9 pour un monde de lunettes pr\u00e9-intelligent pr\u00e9-t\u00e9l\u00e9phone. Alors, creuons dedans.<\/p>\n<h3>Une introduction sur la photographie publique<\/h3>\n<p>Les lois \u00e9tatiques et f\u00e9d\u00e9rales ont criminalis\u00e9 certains types d&rsquo;enregistrements en public, comme tourner des vid\u00e9os des jupes des gens, mais en g\u00e9n\u00e9ral, le premier amendement offre une large protection du droit des gens de prendre des photos et des vid\u00e9os de tout ce qu&rsquo;ils peuvent voir. \u00ab\u00a0En g\u00e9n\u00e9ral, notre pr\u00e9somption est que la capture de photos, de vid\u00e9os ou d&rsquo;autres donn\u00e9es des espaces publics est sans restriction\u00a0\u00bb, explique Eric Goldman, professeur \u00e0 la Santa Clara University School of Law et codirecteur du High Tech Law Institute.<\/p>\n<p>Cette pr\u00e9somption s&rsquo;applique aux lunettes intelligentes, donc si vous \u00eates dans un espace public, vous pouvez g\u00e9n\u00e9ralement enregistrer ce que vous souhaitez. \u00abEn tant que question g\u00e9n\u00e9rale, la fonction vid\u00e9o pourrait \u00eatre utilis\u00e9e dans un cadre public\u00bb, explique Hoppe. <\/p>\n<p>Cependant, comment vous utilisez un enregistrement compte. \u00abUn probl\u00e8me qui pourrait se poser est de savoir s&rsquo;il y a ou non un aspect commercial \u00e0 son utilisation\u00bb, explique Hoppe. \u00abDans de nombreux \u00c9tats, il pourrait y avoir l&rsquo;obligation d&rsquo;avoir autoris\u00e9 les droits de publicit\u00e9 de toute personne identifiable dans la vid\u00e9o.\u00bb<\/p>\n<p>Le sens de \u00abcommercial\u00bb, cependant, peut \u00eatre d\u00e9licat. Quelque chose comme filmer une publicit\u00e9 serait probablement consid\u00e9r\u00e9 comme un discours commercial et aurait moins de protection juridique, en termes d&rsquo;intimit\u00e9, que quelque chose comme faire un film d&rsquo;art pour votre cours de film. Quelque part au milieu, gagne de l&rsquo;argent d&rsquo;une vid\u00e9o de m\u00e9dias sociaux. La mon\u00e9tisation ne supprime pas automatiquement la protection l\u00e9gale de la libert\u00e9 d&rsquo;expression, mais elle pourrait d\u00e9placer le contenu vers la parole commerciale, et les lois de tournage locales pourraient \u00e9galement s&rsquo;appliquer \u00e0 ce que vous tournez. C&rsquo;est compliqu\u00e9, donc si vous avez des doutes, parlez \u00e0 un avocat. <\/p>\n<h3>Les entreprises priv\u00e9es sont un peu diff\u00e9rentes, cependant<\/h3>\n<p>Les tribunaux ont largement jug\u00e9 qu&rsquo;un m\u00e9c\u00e8ne dans une entreprise priv\u00e9e qui est ouverte au public, comme un magasin ou un restaurant, peut s&rsquo;attendre \u00e0 plus d&rsquo;intimit\u00e9 que sur un trottoir public, mais moins qu&rsquo;ils ne l&rsquo;auraient fait s&rsquo;ils \u00e9taient quelque part <em>vraiment<\/em> priv\u00e9, comme leur maison. \u00ab\u00a0Cela s&rsquo;attend aux attentes de la vie priv\u00e9e\u00a0\u00bb, explique Goldman. \u00ab\u00a0Un restaurant pourrait \u00eatre n&rsquo;importe o\u00f9 de la famille, o\u00f9 cette attente serait d\u00e9raisonnable, \u00e0 un stand priv\u00e9 qui a 50 pieds dans n&rsquo;importe quelle direction de tout autre si\u00e8ge, ce qui pourrait \u00eatre une attente plus raisonnable de la vie priv\u00e9e.\u00a0\u00bb<\/p>\n<p>Alors qu&rsquo;une personne peut g\u00e9n\u00e9ralement <em>l\u00e9galement<\/em> Capturez des images dans une entreprise ouverte au public, c&rsquo;est dans le droit des propri\u00e9taires d&rsquo;interdire le tournage. \u00ab\u00a0Normalement, les entreprises peuvent \u00e9tablir des r\u00e8gles sur la fa\u00e7on dont leurs clients s&rsquo;engagent les uns avec les autres\u00a0\u00bb, explique Goldman. \u00ab\u00a0Le recours serait de vous interdire de leurs locaux.\u00a0\u00bb <\/p>\n<p>Donc, si vous allumez vos m\u00e9tas Ray-Ban dans le gymnase, vous ne serez probablement pas arr\u00eat\u00e9, mais le gymnase pourrait \/ devrait avoir une politique de \u00absans photographie\u00bb qu&rsquo;elle pourrait appliquer en vous faisant interdire dans les lieux et en appelant les flics si vous ne partez pas. Bien s\u00fbr, enregistrer dans <em>priv\u00e9<\/em> Les zones de toute entreprise, comme les vestiaires de ladite gymnase, sont ill\u00e9gales partout aux \u00c9tats-Unis <\/p>\n<h3>Vid\u00e9o vs enregistrement audio<\/h3>\n<p>L&rsquo;enregistrement du son d&rsquo;une paire de lunettes intelligents pourrait vous exposer \u00e0 des risques juridiques que la vid\u00e9o de prise de vue ne peut pas. Bien que les images prises en public de tout ce qui est en vue soit g\u00e9n\u00e9ralement l\u00e9gale, l&rsquo;audio est une autre histoire. Tout comme une conversation dans un restaurant, le facteur cl\u00e9 est \u00abl&rsquo;attente raisonnable de la vie priv\u00e9e\u00bb. Deux personnes ayant une conversation tranquille sur un banc de parc s&rsquo;attendent probablement \u00e0 un niveau d&rsquo;intimit\u00e9 qu&rsquo;un gars qui crie dans un coin de rue ne fait pas. <\/p>\n<p>Les tribunaux ont largement convenu que l&rsquo;enregistrement des conversations en public est prot\u00e9g\u00e9 par la Constitution, tant que tout le monde dans la conversation sait qu&rsquo;ils sont enregistr\u00e9s et s&rsquo;acceptent. La situation inverse &#8211; un tiers enregistrant une conversation priv\u00e9e sans les connaissances des participants &#8211; serait souvent consid\u00e9r\u00e9e comme \u00ab\u00e9coute\u00bb, et c&rsquo;est souvent un crime. <\/p>\n<p>Il devient difficile quand une seule partie consent \u00e0 un enregistrement. \u00ab\u00a0En g\u00e9n\u00e9ral, certains \u00c9tats ont exig\u00e9 que tout enregistrement d&rsquo;une conversation entre deux parties n\u00e9cessite le consentement des deux parties\u00a0\u00bb, explique Goldman. \u00ab\u00a0Donc, si les lunettes sont utilis\u00e9es dans ces conversations, sans consentement de l&rsquo;autre partie, ce serait une violation de ces \u00c9tats.\u00a0\u00bb<\/p>\n<p>Voici une ventilation des \u00c9tats de consentement \u00e0 parti unique et des \u00c9tats consentements tout-partis. Si vous avez des doutes sur la l\u00e9galit\u00e9 d&rsquo;un enregistrement, consultez un avocat ou ne touchez tout simplement pas.<\/p>\n<h2 id=\"the-other-side-of-the-coin-what-about-the-users-privacy\">L&rsquo;autre c\u00f4t\u00e9 de la m\u00e9daille: qu&rsquo;en est-il du <em>utilisateurs<\/em> confidentialit\u00e9?<\/h2>\n<p>Peut-\u00eatre que vous avez achet\u00e9 une paire de lunettes intelligentes pour enregistrer votre vie, mais ne vous y trompez pas: vous \u00eates celui qui est enregistr\u00e9. Lorsque vous cliquez sur \u00ab\u00a0Convenir\u00a0\u00bb sur cet \u00e9cran de services, vous pouvez permettre \u00e0 une entreprise de Big Data de collecter vos donn\u00e9es GPS, vos donn\u00e9es biom\u00e9triques (comme les mouvements oculaires et les informations sur la sant\u00e9), les listes de contacts, les messages, les opinions politiques, ce que vous voyez, ce que vous dites, \u00e0 qui vous parlez, et plus encore. Et c&rsquo;est l\u00e9gal parce que vous l&rsquo;avez accept\u00e9. G\u00e9n\u00e9ralement.<\/p>\n<p>\u00ab\u00a0Certaines (donn\u00e9es collect\u00e9es par vos lunettes intelligentes) sont contr\u00f4l\u00e9es par contrat\u00a0\u00bb, explique Goldman. \u00ab\u00a0Ainsi, Meta divulguerait ses politiques de confidentialit\u00e9 dans une certaine divulgation au consommateur, puis celles-ci pourraient \u00eatre les r\u00e8gles qui s&rsquo;appliquent. Il y a des endroits o\u00f9 il peut y avoir des limites \u00e0 la capacit\u00e9 de Meta \u00e0 acc\u00e9der \u00e0 ces donn\u00e9es\u00a0\u00bb, explique Goldman.<\/p>\n<p>Conclusion: vous avez des protections sur vos donn\u00e9es personnelles qui ne sont pas n\u00e9cessairement sign\u00e9es en un clic. Une patchwork de lois f\u00e9d\u00e9rales fournit des protections sp\u00e9cifiques: HIPAA prot\u00e8ge la vie priv\u00e9e de vos dossiers m\u00e9dicaux, la FCRA prot\u00e8ge vos rapports de cr\u00e9dit et d&rsquo;autres lois f\u00e9d\u00e9rales prot\u00e8gent la vie priv\u00e9e des enfants. Mais la protection de la vie priv\u00e9e des consommateurs plus significative provient de la loi de l&rsquo;\u00c9tat de Californie. Au cours des 10 derni\u00e8res ann\u00e9es, Cali a promulgu\u00e9 des lois sur la protection de la vie priv\u00e9e relativement robustes qui donnent aux Californiens le droit de savoir ce que les entreprises de donn\u00e9es personnelles collectent, le droit de supprimer ces donn\u00e9es et le droit de retirer leurs donn\u00e9es vendues. <\/p>\n<p>\u00ab\u00a0Mais je vis dans l&rsquo;Ohio\u00a0\u00bb, vous le dites peut-\u00eatre. Tout d&rsquo;abord, d\u00e9sol\u00e9. Deuxi\u00e8mement, nous avons le dos de toute fa\u00e7on! Les grandes entreprises technologiques ont largement adopt\u00e9 les lois sur la confidentialit\u00e9 de la Californie comme r\u00e9f\u00e9rence pour la collecte de donn\u00e9es. Ainsi, bien que la quantit\u00e9 de donn\u00e9es collect\u00e9es \u00e0 partir de vos lunettes ne soit pas id\u00e9ale, au moins vous pouvez en r\u00e9cup\u00e9rer une partie. <\/p>\n<h2 id=\"exciting-new-frontiers-in-privacy-invasion\">Nouvelles fronti\u00e8res excitantes dans l&rsquo;invasion de la vie priv\u00e9e<\/h2>\n<p>D\u00e9couvrez cette vid\u00e9o d&rsquo;un concert r\u00e9cent de l&rsquo;attaque massive de l&rsquo;OG Trip Hop Band:<\/p>\n<div class=\"mx-auto mt-8 w-full max-w-4xl aspect-video\">\n<div id=\"video-container-01K6B66AVM0RAN1EH49Y5PRA6K\"><\/div>\n<\/div>\n<p>Le groupe tourne la technologie de reconnaissance faciale sur son public, affichant les membres du public ainsi que ce qui semble \u00eatre leurs professions. La technologie pour identifier instantan\u00e9ment un \u00e9tranger et gratter les bases de donn\u00e9es accessibles au public sur cette personne est possible avec la technologie existante dans des lunettes intelligentes, et est, en th\u00e9orie, parfaitement l\u00e9gale. M\u00eame si la personne film\u00e9e ne sait pas que vous le faites. Encore une fois, comment tu <em>utiliser<\/em> Les informations que vous collectez peuvent ne pas \u00eatre l\u00e9gales. <\/p>\n<p>Selon Hoppe, les lois en place n&rsquo;\u00e9taient tout simplement pas \u00e9crites avec des lunettes intelligentes \u00e0 l&rsquo;esprit. \u00ab\u00a0La norme de base, qui vient de Common Law Times, \u00e9tait que si vous \u00eates dans un lieu public, vous n&rsquo;avez pas une attente raisonnable en mati\u00e8re de vie priv\u00e9e, mais \u00e0 ce moment-l\u00e0 &#8211; et jusqu&rsquo;\u00e0 les deux derni\u00e8res d\u00e9cennies &#8211; \u00eatre dans un lieu public signifiait que vous pourriez \u00eatre observ\u00e9, mais que vous pourriez simplement \u00eatre publi\u00e9 dans un monde humain quelque part.\u00a0\u00bb Dit Hoppe. <\/p>\n<h2 id=\"where-does-the-law-go-from-here\">O\u00f9 va la loi d&rsquo;ici?<\/h2>\n<p>\u00c0 l&rsquo;heure actuelle, les lois sur la confidentialit\u00e9 aux \u00c9tats-Unis sont largement r\u00e9actives et \u00e9voluent apr\u00e8s que la nouvelle technologie a remodel\u00e9 la fa\u00e7on dont nous vivons. Mais \u00e0 quoi cela pourrait ressembler si nous avantions la courbe (ou du moins essay\u00e9 de rattraper son retard?) Comme tout, c&rsquo;est compliqu\u00e9. <\/p>\n<p>Hoppe imagine un extr\u00eame: un ensemble de lois \u00abmaximaliste de la vie priv\u00e9e\u00bb, o\u00f9 personne ne pourrait \u00eatre enregistr\u00e9 sans leur consentement, m\u00eame en public. \u00ab\u00a0Cela aurait du sens, non? Mais le d\u00e9fi que vous avez alors est des choses comme des cam\u00e9ras de s\u00e9curit\u00e9 et d&rsquo;autres appareils stationnaires qui enregistrent tout simplement. Est-ce vraiment une menace de confidentialit\u00e9?\u00a0\u00bb Dit Hoppe. \u00ab\u00a0Et si c&rsquo;est le cas, n&rsquo;est-ce pas l&#8217;emporte sur les effets b\u00e9n\u00e9fiques de la soci\u00e9t\u00e9 dans son ensemble, en termes de protection de la pr\u00e9vention du crime et de la protection des biens, etc.?\u00a0\u00bb<\/p>\n<p>Et il y a toute cette chose de \u00ab\u00a0libert\u00e9\u00a0\u00bb. \u00ab\u00a0L&rsquo;id\u00e9e qu&rsquo;il y a une sph\u00e8re publique o\u00f9 nous sommes libres de capturer et d&rsquo;enregistrer et de partager notre point de vue sur ce que nous voyons est un \u00e9l\u00e9ment essentiel de la libert\u00e9 d&rsquo;expression\u00a0\u00bb, explique Goldman. \u00ab\u00a0Et si les lois sur la confidentialit\u00e9 devaient restreindre trop cela, cela nous emporterait notre capacit\u00e9 non seulement \u00e0 nous exprimer et \u00e0 r\u00e9agir au monde que nous voyons, mais cela aurait des implications de pouvoir importantes sur la capacit\u00e9 des gens \u00e0 contr\u00f4ler les conversations d&rsquo;une mani\u00e8re qui leur \u00e9loignerait finalement le pouvoir de nous en tant que personnes \u00e0 avoir des conversations organiques, pro-soc\u00e9es, saines, saines, pro-socales.\u00a0\u00bb<\/p>\n<h2 id=\"the-social-norms-of-smart-glasses-recording\">Les normes sociales de l&rsquo;enregistrement des lunettes intelligentes<\/h2>\n<p>Si vous vivez votre vie d&rsquo;une mani\u00e8re \u00e9thique \u00e0 mi-chemin (et que vous ne fournissez pas de commentaires culturels en forme de concert comme une attaque massive), vous ne souhaitez probablement pas faire de tout le monde en priv\u00e9 dans le bus, et les normes sociales sont probablement plus importantes pour vous que les p\u00e9nalit\u00e9s l\u00e9gales potentielles. Peut-\u00eatre que vous ne serez pas transport\u00e9 dans des poignets pour enregistrer des gens en train de d\u00eener sur le patio ext\u00e9rieur d&rsquo;un restaurant, mais vous serez accueilli avec \u00e0 peu pr\u00e8s tous les d\u00eeners, surtout si vous collez un t\u00e9l\u00e9phone au visage. Les lunettes intelligentes, \u00e9tant moins \u00e9videntes que les iPhones, changent quelque peu l&rsquo;\u00e9quation. L&rsquo;\u00e9tiquette autour de leur utilisation \u00e9volue, nous laisse tous dans une zone grise o\u00f9 ce qui est l\u00e9gal et ce qui est socialement acceptable ne s&rsquo;alignent pas toujours.<\/p>\n<p>M\u00eame s&rsquo;ils ne sont pas cod\u00e9s en droit, nous avons (surtout) collectivement convenu de certaines normes en ce qui concerne les t\u00e9l\u00e9phones portables &#8211; ne filmez pas d&rsquo;autres dans le gymnase, ne collez pas votre t\u00e9l\u00e9phone dans le visage d&rsquo;un \u00e9tranger, etc. &#8211; et nous y arrivons avec des lunettes intelligentes, mais jusqu&rsquo;\u00e0 notre arriv\u00e9e, cela va \u00eatre un peu d\u00e9licat. <\/p>\n<p>Les lunettes intelligentes rendent l&rsquo;enregistrement moins envahissant et plus naturel, mais ils facilitent le croisement des lignes sans s&rsquo;en rendre compte. Il est donc pr\u00e9f\u00e9rable de se tromper du c\u00f4t\u00e9 de la courtoisie: respecter les gens en public, respecter les espaces priv\u00e9s et \u00eatre prudent de ce que vous enregistrez dans des espaces priv\u00e9s \/ publics &#8211; faire des photos de votre repas et des amis est cool; Prendre des photos d&rsquo;\u00e9trangers ne l&rsquo;est pas. Se tromper <em>probablement<\/em> ne finira pas par \u00eatre jet\u00e9 en prison, mais \u00eatre connu comme \u00abce fluage avec les foutus m\u00e9ta-lunettes\u00bb pourrait finalement \u00eatre un pire sort.<\/p>\n","protected":false},"excerpt":{"rendered":"<p>Avec un grand pouvoir vient une grande responsabilit\u00e9. Saviez-vous que vous pouvez personnaliser Google pour filtrer les ordures? Prendre ces \u00e9tapes Pour de meilleurs r\u00e9sultats<\/p>\n","protected":false},"author":1,"featured_media":10336,"comment_status":"","ping_status":"","sticky":false,"template":"","format":"standard","meta":{"footnotes":""},"categories":[13],"tags":[8682,29,2170,14,6245,8681,3912],"class_list":["post-10335","post","type-post","status-publish","format-standard","has-post-thumbnail","hentry","category-technologie","tag-compliquees","tag-des","tag-intelligentes","tag-les","tag-lethique","tag-lois","tag-lunettes","generate-columns","tablet-grid-50","mobile-grid-100","grid-parent","grid-33"],"yoast_head":"<!-- This site is optimized with the Yoast SEO plugin v24.0 - https:\/\/yoast.com\/wordpress\/plugins\/seo\/ -->\n<title>L&#039;\u00e9thique (et les lois) compliqu\u00e9es des lunettes intelligentes | Vie Associative<\/title>\n<meta name=\"robots\" content=\"index, follow, max-snippet:-1, max-image-preview:large, max-video-preview:-1\" \/>\n<link rel=\"canonical\" href=\"https:\/\/vieassociative.be\/actualites\/lethique-et-les-lois-compliquees-des-lunettes-intelligentes-2\/\" \/>\n<meta property=\"og:locale\" content=\"fr_FR\" \/>\n<meta property=\"og:type\" content=\"article\" \/>\n<meta property=\"og:title\" content=\"L&#039;\u00e9thique (et les lois) compliqu\u00e9es des lunettes intelligentes | Vie Associative\" \/>\n<meta property=\"og:description\" content=\"Avec un grand pouvoir vient une grande responsabilit\u00e9. Saviez-vous que vous pouvez personnaliser Google pour filtrer les ordures? Prendre ces \u00e9tapes Pour de meilleurs r\u00e9sultats\" \/>\n<meta property=\"og:url\" content=\"https:\/\/vieassociative.be\/actualites\/lethique-et-les-lois-compliquees-des-lunettes-intelligentes-2\/\" \/>\n<meta property=\"og:site_name\" content=\"Vie Associative\" \/>\n<meta property=\"article:published_time\" content=\"2025-09-29T17:17:09+00:00\" \/>\n<meta property=\"og:image\" content=\"https:\/\/vieassociative.be\/actualites\/wp-content\/uploads\/2025\/09\/1757726237_608_Meta-pourrait-devoiler-une-montre-intelligente-pour-controler-ses-lunettes.jpg\" \/>\n<meta name=\"author\" content=\"Julien\" \/>\n<meta name=\"twitter:card\" content=\"summary_large_image\" \/>\n<meta name=\"twitter:label1\" content=\"\u00c9crit par\" \/>\n\t<meta name=\"twitter:data1\" content=\"Julien\" \/>\n\t<meta name=\"twitter:label2\" content=\"Dur\u00e9e de lecture est.\" \/>\n\t<meta name=\"twitter:data2\" content=\"12 minutes\" \/>\n<script type=\"application\/ld+json\" class=\"yoast-schema-graph\">{\"@context\":\"https:\/\/schema.org\",\"@graph\":[{\"@type\":\"Article\",\"@id\":\"https:\/\/vieassociative.be\/actualites\/lethique-et-les-lois-compliquees-des-lunettes-intelligentes-2\/#article\",\"isPartOf\":{\"@id\":\"https:\/\/vieassociative.be\/actualites\/lethique-et-les-lois-compliquees-des-lunettes-intelligentes-2\/\"},\"author\":{\"name\":\"Julien\",\"@id\":\"https:\/\/vieassociative.be\/actualites\/#\/schema\/person\/b87ac4f82f9d4e7b7cec7395b679edc4\"},\"headline\":\"L&rsquo;\u00e9thique (et les lois) compliqu\u00e9es des lunettes intelligentes\",\"datePublished\":\"2025-09-29T17:17:09+00:00\",\"dateModified\":\"2025-09-29T17:17:09+00:00\",\"mainEntityOfPage\":{\"@id\":\"https:\/\/vieassociative.be\/actualites\/lethique-et-les-lois-compliquees-des-lunettes-intelligentes-2\/\"},\"wordCount\":2474,\"publisher\":{\"@id\":\"https:\/\/vieassociative.be\/actualites\/#organization\"},\"image\":{\"@id\":\"https:\/\/vieassociative.be\/actualites\/lethique-et-les-lois-compliquees-des-lunettes-intelligentes-2\/#primaryimage\"},\"thumbnailUrl\":\"https:\/\/vieassociative.be\/actualites\/wp-content\/uploads\/2025\/09\/1759166230_Lethique-et-les-lois-compliquees-des-lunettes-intelligentes.jpg\",\"keywords\":[\"compliqu\u00e9es\",\"Des\",\"intelligentes\",\"Les\",\"L\u00e9thique\",\"lois\",\"lunettes\"],\"articleSection\":[\"Technologie\"],\"inLanguage\":\"fr-BE\"},{\"@type\":\"WebPage\",\"@id\":\"https:\/\/vieassociative.be\/actualites\/lethique-et-les-lois-compliquees-des-lunettes-intelligentes-2\/\",\"url\":\"https:\/\/vieassociative.be\/actualites\/lethique-et-les-lois-compliquees-des-lunettes-intelligentes-2\/\",\"name\":\"L'\u00e9thique (et les lois) compliqu\u00e9es des lunettes intelligentes | Vie Associative\",\"isPartOf\":{\"@id\":\"https:\/\/vieassociative.be\/actualites\/#website\"},\"primaryImageOfPage\":{\"@id\":\"https:\/\/vieassociative.be\/actualites\/lethique-et-les-lois-compliquees-des-lunettes-intelligentes-2\/#primaryimage\"},\"image\":{\"@id\":\"https:\/\/vieassociative.be\/actualites\/lethique-et-les-lois-compliquees-des-lunettes-intelligentes-2\/#primaryimage\"},\"thumbnailUrl\":\"https:\/\/vieassociative.be\/actualites\/wp-content\/uploads\/2025\/09\/1759166230_Lethique-et-les-lois-compliquees-des-lunettes-intelligentes.jpg\",\"datePublished\":\"2025-09-29T17:17:09+00:00\",\"dateModified\":\"2025-09-29T17:17:09+00:00\",\"breadcrumb\":{\"@id\":\"https:\/\/vieassociative.be\/actualites\/lethique-et-les-lois-compliquees-des-lunettes-intelligentes-2\/#breadcrumb\"},\"inLanguage\":\"fr-BE\",\"potentialAction\":[{\"@type\":\"ReadAction\",\"target\":[\"https:\/\/vieassociative.be\/actualites\/lethique-et-les-lois-compliquees-des-lunettes-intelligentes-2\/\"]}]},{\"@type\":\"ImageObject\",\"inLanguage\":\"fr-BE\",\"@id\":\"https:\/\/vieassociative.be\/actualites\/lethique-et-les-lois-compliquees-des-lunettes-intelligentes-2\/#primaryimage\",\"url\":\"https:\/\/vieassociative.be\/actualites\/wp-content\/uploads\/2025\/09\/1759166230_Lethique-et-les-lois-compliquees-des-lunettes-intelligentes.jpg\",\"contentUrl\":\"https:\/\/vieassociative.be\/actualites\/wp-content\/uploads\/2025\/09\/1759166230_Lethique-et-les-lois-compliquees-des-lunettes-intelligentes.jpg\",\"width\":1200,\"height\":675,\"caption\":\"L'\u00e9thique (et les lois) compliqu\u00e9es des lunettes intelligentes\"},{\"@type\":\"BreadcrumbList\",\"@id\":\"https:\/\/vieassociative.be\/actualites\/lethique-et-les-lois-compliquees-des-lunettes-intelligentes-2\/#breadcrumb\",\"itemListElement\":[{\"@type\":\"ListItem\",\"position\":1,\"name\":\"Accueil\",\"item\":\"https:\/\/vieassociative.be\/actualites\/\"},{\"@type\":\"ListItem\",\"position\":2,\"name\":\"L&rsquo;\u00e9thique (et les lois) compliqu\u00e9es des lunettes intelligentes\"}]},{\"@type\":\"WebSite\",\"@id\":\"https:\/\/vieassociative.be\/actualites\/#website\",\"url\":\"https:\/\/vieassociative.be\/actualites\/\",\"name\":\"Vie Associative\",\"description\":\"\",\"publisher\":{\"@id\":\"https:\/\/vieassociative.be\/actualites\/#organization\"},\"potentialAction\":[{\"@type\":\"SearchAction\",\"target\":{\"@type\":\"EntryPoint\",\"urlTemplate\":\"https:\/\/vieassociative.be\/actualites\/?s={search_term_string}\"},\"query-input\":{\"@type\":\"PropertyValueSpecification\",\"valueRequired\":true,\"valueName\":\"search_term_string\"}}],\"inLanguage\":\"fr-BE\"},{\"@type\":\"Organization\",\"@id\":\"https:\/\/vieassociative.be\/actualites\/#organization\",\"name\":\"Vie Associative\",\"url\":\"https:\/\/vieassociative.be\/actualites\/\",\"logo\":{\"@type\":\"ImageObject\",\"inLanguage\":\"fr-BE\",\"@id\":\"https:\/\/vieassociative.be\/actualites\/#\/schema\/logo\/image\/\",\"url\":\"https:\/\/vieassociative.be\/actualites\/wp-content\/uploads\/2024\/09\/cropped-vieassociative_favicon.ico.png\",\"contentUrl\":\"https:\/\/vieassociative.be\/actualites\/wp-content\/uploads\/2024\/09\/cropped-vieassociative_favicon.ico.png\",\"width\":512,\"height\":512,\"caption\":\"Vie Associative\"},\"image\":{\"@id\":\"https:\/\/vieassociative.be\/actualites\/#\/schema\/logo\/image\/\"}},{\"@type\":\"Person\",\"@id\":\"https:\/\/vieassociative.be\/actualites\/#\/schema\/person\/b87ac4f82f9d4e7b7cec7395b679edc4\",\"name\":\"Julien\",\"image\":{\"@type\":\"ImageObject\",\"inLanguage\":\"fr-BE\",\"@id\":\"https:\/\/vieassociative.be\/actualites\/#\/schema\/person\/image\/\",\"url\":\"https:\/\/vieassociative.be\/actualites\/wp-content\/uploads\/2024\/09\/vie-associative-1-150x150.jpg\",\"contentUrl\":\"https:\/\/vieassociative.be\/actualites\/wp-content\/uploads\/2024\/09\/vie-associative-1-150x150.jpg\",\"caption\":\"Julien\"},\"description\":\"Je suis Julien, r\u00e9dacteur pour Vie Associative. Passionn\u00e9 par le monde associatif depuis plus de 10 ans, j'ai \u00e0 c\u0153ur de partager des histoires inspirantes et de mettre en lumi\u00e8re les initiatives locales. Mon objectif est de sensibiliser et d'encourager l'engagement communautaire \u00e0 travers mes articles.\",\"sameAs\":[\"https:\/\/vieassociative.be\/\"]}]}<\/script>\n<!-- \/ Yoast SEO plugin. -->","yoast_head_json":{"title":"L'\u00e9thique (et les lois) compliqu\u00e9es des lunettes intelligentes | Vie Associative","robots":{"index":"index","follow":"follow","max-snippet":"max-snippet:-1","max-image-preview":"max-image-preview:large","max-video-preview":"max-video-preview:-1"},"canonical":"https:\/\/vieassociative.be\/actualites\/lethique-et-les-lois-compliquees-des-lunettes-intelligentes-2\/","og_locale":"fr_FR","og_type":"article","og_title":"L'\u00e9thique (et les lois) compliqu\u00e9es des lunettes intelligentes | Vie Associative","og_description":"Avec un grand pouvoir vient une grande responsabilit\u00e9. Saviez-vous que vous pouvez personnaliser Google pour filtrer les ordures? Prendre ces \u00e9tapes Pour de meilleurs r\u00e9sultats","og_url":"https:\/\/vieassociative.be\/actualites\/lethique-et-les-lois-compliquees-des-lunettes-intelligentes-2\/","og_site_name":"Vie Associative","article_published_time":"2025-09-29T17:17:09+00:00","og_image":[{"url":"https:\/\/vieassociative.be\/actualites\/wp-content\/uploads\/2025\/09\/1757726237_608_Meta-pourrait-devoiler-une-montre-intelligente-pour-controler-ses-lunettes.jpg","type":"","width":"","height":""}],"author":"Julien","twitter_card":"summary_large_image","twitter_misc":{"\u00c9crit par":"Julien","Dur\u00e9e de lecture est.":"12 minutes"},"schema":{"@context":"https:\/\/schema.org","@graph":[{"@type":"Article","@id":"https:\/\/vieassociative.be\/actualites\/lethique-et-les-lois-compliquees-des-lunettes-intelligentes-2\/#article","isPartOf":{"@id":"https:\/\/vieassociative.be\/actualites\/lethique-et-les-lois-compliquees-des-lunettes-intelligentes-2\/"},"author":{"name":"Julien","@id":"https:\/\/vieassociative.be\/actualites\/#\/schema\/person\/b87ac4f82f9d4e7b7cec7395b679edc4"},"headline":"L&rsquo;\u00e9thique (et les lois) compliqu\u00e9es des lunettes intelligentes","datePublished":"2025-09-29T17:17:09+00:00","dateModified":"2025-09-29T17:17:09+00:00","mainEntityOfPage":{"@id":"https:\/\/vieassociative.be\/actualites\/lethique-et-les-lois-compliquees-des-lunettes-intelligentes-2\/"},"wordCount":2474,"publisher":{"@id":"https:\/\/vieassociative.be\/actualites\/#organization"},"image":{"@id":"https:\/\/vieassociative.be\/actualites\/lethique-et-les-lois-compliquees-des-lunettes-intelligentes-2\/#primaryimage"},"thumbnailUrl":"https:\/\/vieassociative.be\/actualites\/wp-content\/uploads\/2025\/09\/1759166230_Lethique-et-les-lois-compliquees-des-lunettes-intelligentes.jpg","keywords":["compliqu\u00e9es","Des","intelligentes","Les","L\u00e9thique","lois","lunettes"],"articleSection":["Technologie"],"inLanguage":"fr-BE"},{"@type":"WebPage","@id":"https:\/\/vieassociative.be\/actualites\/lethique-et-les-lois-compliquees-des-lunettes-intelligentes-2\/","url":"https:\/\/vieassociative.be\/actualites\/lethique-et-les-lois-compliquees-des-lunettes-intelligentes-2\/","name":"L'\u00e9thique (et les lois) compliqu\u00e9es des lunettes intelligentes | Vie Associative","isPartOf":{"@id":"https:\/\/vieassociative.be\/actualites\/#website"},"primaryImageOfPage":{"@id":"https:\/\/vieassociative.be\/actualites\/lethique-et-les-lois-compliquees-des-lunettes-intelligentes-2\/#primaryimage"},"image":{"@id":"https:\/\/vieassociative.be\/actualites\/lethique-et-les-lois-compliquees-des-lunettes-intelligentes-2\/#primaryimage"},"thumbnailUrl":"https:\/\/vieassociative.be\/actualites\/wp-content\/uploads\/2025\/09\/1759166230_Lethique-et-les-lois-compliquees-des-lunettes-intelligentes.jpg","datePublished":"2025-09-29T17:17:09+00:00","dateModified":"2025-09-29T17:17:09+00:00","breadcrumb":{"@id":"https:\/\/vieassociative.be\/actualites\/lethique-et-les-lois-compliquees-des-lunettes-intelligentes-2\/#breadcrumb"},"inLanguage":"fr-BE","potentialAction":[{"@type":"ReadAction","target":["https:\/\/vieassociative.be\/actualites\/lethique-et-les-lois-compliquees-des-lunettes-intelligentes-2\/"]}]},{"@type":"ImageObject","inLanguage":"fr-BE","@id":"https:\/\/vieassociative.be\/actualites\/lethique-et-les-lois-compliquees-des-lunettes-intelligentes-2\/#primaryimage","url":"https:\/\/vieassociative.be\/actualites\/wp-content\/uploads\/2025\/09\/1759166230_Lethique-et-les-lois-compliquees-des-lunettes-intelligentes.jpg","contentUrl":"https:\/\/vieassociative.be\/actualites\/wp-content\/uploads\/2025\/09\/1759166230_Lethique-et-les-lois-compliquees-des-lunettes-intelligentes.jpg","width":1200,"height":675,"caption":"L'\u00e9thique (et les lois) compliqu\u00e9es des lunettes intelligentes"},{"@type":"BreadcrumbList","@id":"https:\/\/vieassociative.be\/actualites\/lethique-et-les-lois-compliquees-des-lunettes-intelligentes-2\/#breadcrumb","itemListElement":[{"@type":"ListItem","position":1,"name":"Accueil","item":"https:\/\/vieassociative.be\/actualites\/"},{"@type":"ListItem","position":2,"name":"L&rsquo;\u00e9thique (et les lois) compliqu\u00e9es des lunettes intelligentes"}]},{"@type":"WebSite","@id":"https:\/\/vieassociative.be\/actualites\/#website","url":"https:\/\/vieassociative.be\/actualites\/","name":"Vie Associative","description":"","publisher":{"@id":"https:\/\/vieassociative.be\/actualites\/#organization"},"potentialAction":[{"@type":"SearchAction","target":{"@type":"EntryPoint","urlTemplate":"https:\/\/vieassociative.be\/actualites\/?s={search_term_string}"},"query-input":{"@type":"PropertyValueSpecification","valueRequired":true,"valueName":"search_term_string"}}],"inLanguage":"fr-BE"},{"@type":"Organization","@id":"https:\/\/vieassociative.be\/actualites\/#organization","name":"Vie Associative","url":"https:\/\/vieassociative.be\/actualites\/","logo":{"@type":"ImageObject","inLanguage":"fr-BE","@id":"https:\/\/vieassociative.be\/actualites\/#\/schema\/logo\/image\/","url":"https:\/\/vieassociative.be\/actualites\/wp-content\/uploads\/2024\/09\/cropped-vieassociative_favicon.ico.png","contentUrl":"https:\/\/vieassociative.be\/actualites\/wp-content\/uploads\/2024\/09\/cropped-vieassociative_favicon.ico.png","width":512,"height":512,"caption":"Vie Associative"},"image":{"@id":"https:\/\/vieassociative.be\/actualites\/#\/schema\/logo\/image\/"}},{"@type":"Person","@id":"https:\/\/vieassociative.be\/actualites\/#\/schema\/person\/b87ac4f82f9d4e7b7cec7395b679edc4","name":"Julien","image":{"@type":"ImageObject","inLanguage":"fr-BE","@id":"https:\/\/vieassociative.be\/actualites\/#\/schema\/person\/image\/","url":"https:\/\/vieassociative.be\/actualites\/wp-content\/uploads\/2024\/09\/vie-associative-1-150x150.jpg","contentUrl":"https:\/\/vieassociative.be\/actualites\/wp-content\/uploads\/2024\/09\/vie-associative-1-150x150.jpg","caption":"Julien"},"description":"Je suis Julien, r\u00e9dacteur pour Vie Associative. Passionn\u00e9 par le monde associatif depuis plus de 10 ans, j'ai \u00e0 c\u0153ur de partager des histoires inspirantes et de mettre en lumi\u00e8re les initiatives locales. Mon objectif est de sensibiliser et d'encourager l'engagement communautaire \u00e0 travers mes articles.","sameAs":["https:\/\/vieassociative.be\/"]}]}},"_links":{"self":[{"href":"https:\/\/vieassociative.be\/actualites\/wp-json\/wp\/v2\/posts\/10335"}],"collection":[{"href":"https:\/\/vieassociative.be\/actualites\/wp-json\/wp\/v2\/posts"}],"about":[{"href":"https:\/\/vieassociative.be\/actualites\/wp-json\/wp\/v2\/types\/post"}],"author":[{"embeddable":true,"href":"https:\/\/vieassociative.be\/actualites\/wp-json\/wp\/v2\/users\/1"}],"replies":[{"embeddable":true,"href":"https:\/\/vieassociative.be\/actualites\/wp-json\/wp\/v2\/comments?post=10335"}],"version-history":[{"count":0,"href":"https:\/\/vieassociative.be\/actualites\/wp-json\/wp\/v2\/posts\/10335\/revisions"}],"wp:featuredmedia":[{"embeddable":true,"href":"https:\/\/vieassociative.be\/actualites\/wp-json\/wp\/v2\/media\/10336"}],"wp:attachment":[{"href":"https:\/\/vieassociative.be\/actualites\/wp-json\/wp\/v2\/media?parent=10335"}],"wp:term":[{"taxonomy":"category","embeddable":true,"href":"https:\/\/vieassociative.be\/actualites\/wp-json\/wp\/v2\/categories?post=10335"},{"taxonomy":"post_tag","embeddable":true,"href":"https:\/\/vieassociative.be\/actualites\/wp-json\/wp\/v2\/tags?post=10335"}],"curies":[{"name":"wp","href":"https:\/\/api.w.org\/{rel}","templated":true}]}}