{"id":10333,"date":"2025-09-29T16:17:00","date_gmt":"2025-09-29T14:17:00","guid":{"rendered":"https:\/\/vieassociative.be\/actualites\/luc-walpot-a-decerne-le-press-duck-djv-honore-egalement-le-groupe-regional-grandmas-against-right\/"},"modified":"2025-09-29T16:17:00","modified_gmt":"2025-09-29T14:17:00","slug":"luc-walpot-a-decerne-le-press-duck-djv-honore-egalement-le-groupe-regional-grandmas-against-right","status":"publish","type":"post","link":"https:\/\/vieassociative.be\/actualites\/luc-walpot-a-decerne-le-press-duck-djv-honore-egalement-le-groupe-regional-grandmas-against-right\/","title":{"rendered":"Luc Walpot a d\u00e9cern\u00e9 le \u00ab\u00a0Press Duck\u00a0\u00bb -DJV honore \u00e9galement le groupe r\u00e9gional \u00ab\u00a0Grandma&rsquo;s Against Right\u00a0\u00bb"},"content":{"rendered":"<p><strong>L&rsquo;Association des journalistes allemandes (DJV) Aachen annuellement d\u00e9cerne un \u00ab\u00a0canard de presse\u00a0\u00bb pour un excellent travail journalistique. Cette ann\u00e9e, le journaliste Luc Walpot de l&rsquo;Est de la Belgique et le groupe r\u00e9gional d&rsquo;Aix-de-Chapeau \u00abGrandomas contre Right\u00bb seront honor\u00e9s.<\/strong><\/p>\n<p><span id=\"more-425844\"><\/span>Le \u00ab\u00a0Press Duck\u00a0\u00bb 2025 sera d\u00e9cern\u00e9 ce lundi soir 29 septembre 2025, dans le b\u00e2timent principal de Rwth Aachen, Templergraben 55.<\/p>\n<p>Apr\u00e8s avoir \u00e9tudi\u00e9 \u00e0 la RWTH \u00e0 partir de 1983, les laur\u00e9ats Luc Walpot ont travaill\u00e9 treize ans pour Belgian Broadcasting (BRF) \u00e0 Eupen et Bruxelles. Apr\u00e8s un an au WDR, il est pass\u00e9 \u00e0 ZDF, o\u00f9, \u00e0 partir de 1997, il a travaill\u00e9 pour le \u00ab\u00a0Morgenmagazin\u00a0\u00bb \u00e0 Berlin pendant un an. Il a ensuite rapport\u00e9 un journaliste pour le ZDF de Washington, Paris, Bruxelles, Moscou, Tel Aviv, l&rsquo;ancienne Yougoslavie et d&rsquo;autres zones de crise.<\/p>\n<div id=\"attachment_373889\" class=\"wp-caption alignleft\" style=\"max-width: 300px\"><img fetchpriority=\"high\" decoding=\"async\" class=\"wp-image-373889 size-medium\" src=\"https:\/\/vieassociative.be\/actualites\/wp-content\/uploads\/2025\/09\/Luc-Walpot-a-decerne-le-Press-Duck-DJV-honore-egalement.jpg\" alt=\"\" width=\"300\" height=\"200\"><\/div>\n<p>En 2001, Walpot est devenu directeur de studio ZDF au Caire. En 2009, il a dirig\u00e9 l&rsquo;\u00e9quipe \u00e9ditoriale de \u00ab\u00a0Today\u00a0\u00bb et de 2012 \u00e0 2017, le Studio ZDF \u00e0 Istanbul. Par la suite, en tant que journaliste, il a rapport\u00e9 \u00e0 plusieurs reprises dans les zones de guerre et de crise du monde. En 2017, il a re\u00e7u le c\u00e9l\u00e8bre prix Hanns-Joachim Friedrichs. Gisela Steinhauer, journaliste WDR et laur\u00e9ate du prix Duck 2022, titulaire de la laudiation sur Luc Walpot.<\/p>\n<p>En tant que People of Public Life, le DJV Aachen honore \u00e9galement le groupe r\u00e9gional d&rsquo;Aix-de-fa\u00e7on \u00ab\u00a0Grandma&rsquo;s Against Right\u00a0\u00bb, qui a \u00e9t\u00e9 fond\u00e9e en 2022. La fondation a \u00e9t\u00e9 fond\u00e9e en r\u00e9ponse au lundi Walker, appel\u00e9 So-appel\u00e9 pendant la pand\u00e9mie. L&rsquo;ann\u00e9e derni\u00e8re, le r\u00e9seau national du groupe a re\u00e7u le prix Aix-de la paix.<\/p>\n<p>Depuis 2019, l&rsquo;association existe \u00e0 l&rsquo;\u00e9chelle nationale en tant qu&rsquo;initiative ind\u00e9pendante du parti qui s&rsquo;est pr\u00e9par\u00e9e \u00e0 d\u00e9fendre les valeurs d\u00e9mocratiques, la diversit\u00e9 de toutes les cultures et nationalit\u00e9s, la tol\u00e9rance et la coexistence respectueuses et une gestion responsable de l&rsquo;environnement. Gr\u00e2ce aux manifestations, aux veilles, aux d\u00e9clarations et aux travaux \u00e9ducatifs, les personnes \u00e2g\u00e9es engag\u00e9es sont attach\u00e9es \u00e0 la d\u00e9mocratie de la conservation et \u00e0 la lutte contre le droit.<\/p>\n<div id=\"attachment_4066\" class=\"wp-caption alignleft\" style=\"max-width: 300px\"><img decoding=\"async\" class=\"wp-image-4066 size-medium\" src=\"https:\/\/vieassociative.be\/actualites\/wp-content\/uploads\/2025\/09\/1759155420_100_Luc-Walpot-a-decerne-le-Press-Duck-DJV-honore-egalement.jpg\" alt=\"De Venn Hubert Eifel Cabaret\" width=\"300\" height=\"224\"  ><\/div>\n<p>Hilde Scheidt, maire de la ville d&rsquo;Aix-un, titulaire de l&rsquo;\u00e9nergie du groupe r\u00e9gional \u00ab\u00a0grand-m\u00e8re contre le droit\u00a0\u00bb.<\/p>\n<p>Le DJV Aachen d\u00e9cerne le \u00ab\u00a0Press Duck\u00a0\u00bb depuis 1966. Entre-temps, 140 laur\u00e9ats ont \u00e9t\u00e9 d\u00e9cern\u00e9s. Luc Walpot et \u00ab\u00a0Grandmas contre Right\u00a0\u00bb re\u00e7oivent les canards n \u00b0 141 et 142.<\/p>\n<p>Le terme \u00ab\u00a0canard\u00a0\u00bb est d\u00e9riv\u00e9 de la coutume ant\u00e9rieure des journaux pour se retrouver avec l&rsquo;indication de \u00ab\u00a0NT\u00a0\u00bb (pour \u00ab\u00a0non testatum\u00a0\u00bb, c&rsquo;est-\u00e0-dire \u00ab\u00a0non confirm\u00e9\u00a0\u00bb). Il est g\u00e9n\u00e9ralement per\u00e7u comme quelque chose de n\u00e9gatif. Par cons\u00e9quent, dans le cas du DJV Aachen, les excellentes r\u00e9alisations journalistiques sont r\u00e9compens\u00e9es par un \u00ab\u00a0canard\u00a0\u00bb.<\/p>\n<p>Dans le DJV Aachen, des journalistes de la r\u00e9gion de la ville d&rsquo;Aix-de-fa\u00e7on, les districts de D\u00fcren, Heinsberg, Euskirchen ainsi que de l&rsquo;est de la Belgique et de Bruxelles sont organis\u00e9s. Hubert von Venn, bien connu en Belgique de l&rsquo;Est, est pr\u00e9sident du DJV Aachen depuis 2010. (CRE)<\/p>\n","protected":false},"excerpt":{"rendered":"<p>L&rsquo;Association des journalistes allemandes (DJV) Aachen annuellement d\u00e9cerne un \u00ab\u00a0canard de presse\u00a0\u00bb pour un excellent travail journalistique. Cette ann\u00e9e, le journaliste Luc Walpot de l&rsquo;Est<\/p>\n","protected":false},"author":1,"featured_media":10334,"comment_status":"","ping_status":"","sticky":false,"template":"","format":"standard","meta":{"footnotes":""},"categories":[298],"tags":[8716,8719,8718,172,8720,1827,2413,7036,8717,7615,8715],"class_list":["post-10333","post","type-post","status-publish","format-standard","has-post-thumbnail","hentry","category-belgique","tag-decerne","tag-djv","tag-duck","tag-egalement","tag-grandmas","tag-groupe","tag-honore","tag-luc","tag-press","tag-regional","tag-walpot","generate-columns","tablet-grid-50","mobile-grid-100","grid-parent","grid-33"],"yoast_head":"<!-- This site is optimized with the Yoast SEO plugin v24.0 - https:\/\/yoast.com\/wordpress\/plugins\/seo\/ -->\n<title>Luc Walpot a d\u00e9cern\u00e9 le &quot;Press Duck&quot; -DJV honore \u00e9galement le groupe r\u00e9gional &quot;Grandma&#039;s Against Right&quot; | Vie Associative<\/title>\n<meta name=\"robots\" content=\"index, follow, max-snippet:-1, max-image-preview:large, max-video-preview:-1\" \/>\n<link rel=\"canonical\" href=\"https:\/\/vieassociative.be\/actualites\/luc-walpot-a-decerne-le-press-duck-djv-honore-egalement-le-groupe-regional-grandmas-against-right\/\" \/>\n<meta property=\"og:locale\" content=\"fr_FR\" \/>\n<meta property=\"og:type\" content=\"article\" \/>\n<meta property=\"og:title\" content=\"Luc Walpot a d\u00e9cern\u00e9 le &quot;Press Duck&quot; -DJV honore \u00e9galement le groupe r\u00e9gional &quot;Grandma&#039;s Against Right&quot; | Vie Associative\" \/>\n<meta property=\"og:description\" content=\"L&rsquo;Association des journalistes allemandes (DJV) Aachen annuellement d\u00e9cerne un \u00ab\u00a0canard de presse\u00a0\u00bb pour un excellent travail journalistique. Cette ann\u00e9e, le journaliste Luc Walpot de l&rsquo;Est\" \/>\n<meta property=\"og:url\" content=\"https:\/\/vieassociative.be\/actualites\/luc-walpot-a-decerne-le-press-duck-djv-honore-egalement-le-groupe-regional-grandmas-against-right\/\" \/>\n<meta property=\"og:site_name\" content=\"Vie Associative\" \/>\n<meta property=\"article:published_time\" content=\"2025-09-29T14:17:00+00:00\" \/>\n<meta property=\"og:image\" content=\"https:\/\/vieassociative.be\/actualites\/wp-content\/uploads\/2024\/09\/header_backgroundk-01-e1726694325946.png\" \/>\n\t<meta property=\"og:image:width\" content=\"279\" \/>\n\t<meta property=\"og:image:height\" content=\"92\" \/>\n\t<meta property=\"og:image:type\" content=\"image\/png\" \/>\n<meta name=\"author\" content=\"Julien\" \/>\n<meta name=\"twitter:card\" content=\"summary_large_image\" \/>\n<meta name=\"twitter:label1\" content=\"\u00c9crit par\" \/>\n\t<meta name=\"twitter:data1\" content=\"Julien\" \/>\n\t<meta name=\"twitter:label2\" content=\"Dur\u00e9e de lecture est.\" \/>\n\t<meta name=\"twitter:data2\" content=\"3 minutes\" \/>\n<script type=\"application\/ld+json\" class=\"yoast-schema-graph\">{\"@context\":\"https:\/\/schema.org\",\"@graph\":[{\"@type\":\"Article\",\"@id\":\"https:\/\/vieassociative.be\/actualites\/luc-walpot-a-decerne-le-press-duck-djv-honore-egalement-le-groupe-regional-grandmas-against-right\/#article\",\"isPartOf\":{\"@id\":\"https:\/\/vieassociative.be\/actualites\/luc-walpot-a-decerne-le-press-duck-djv-honore-egalement-le-groupe-regional-grandmas-against-right\/\"},\"author\":{\"name\":\"Julien\",\"@id\":\"https:\/\/vieassociative.be\/actualites\/#\/schema\/person\/b87ac4f82f9d4e7b7cec7395b679edc4\"},\"headline\":\"Luc Walpot a d\u00e9cern\u00e9 le \u00ab\u00a0Press Duck\u00a0\u00bb -DJV honore \u00e9galement le groupe r\u00e9gional \u00ab\u00a0Grandma&rsquo;s Against Right\u00a0\u00bb\",\"datePublished\":\"2025-09-29T14:17:00+00:00\",\"dateModified\":\"2025-09-29T14:17:00+00:00\",\"mainEntityOfPage\":{\"@id\":\"https:\/\/vieassociative.be\/actualites\/luc-walpot-a-decerne-le-press-duck-djv-honore-egalement-le-groupe-regional-grandmas-against-right\/\"},\"wordCount\":549,\"publisher\":{\"@id\":\"https:\/\/vieassociative.be\/actualites\/#organization\"},\"image\":{\"@id\":\"https:\/\/vieassociative.be\/actualites\/luc-walpot-a-decerne-le-press-duck-djv-honore-egalement-le-groupe-regional-grandmas-against-right\/#primaryimage\"},\"thumbnailUrl\":\"https:\/\/vieassociative.be\/actualites\/wp-content\/uploads\/2025\/09\/1759155420_Luc-Walpot-a-decerne-le-Press-Duck-DJV-honore-egalement.jpg\",\"keywords\":[\"d\u00e9cern\u00e9\",\"DJV\",\"Duck\",\"\u00e9galement\",\"Grandmas\",\"groupe\",\"honor\u00e9\",\"Luc\",\"Press\",\"r\u00e9gional\",\"Walpot\"],\"articleSection\":[\"Belgique\"],\"inLanguage\":\"fr-BE\"},{\"@type\":\"WebPage\",\"@id\":\"https:\/\/vieassociative.be\/actualites\/luc-walpot-a-decerne-le-press-duck-djv-honore-egalement-le-groupe-regional-grandmas-against-right\/\",\"url\":\"https:\/\/vieassociative.be\/actualites\/luc-walpot-a-decerne-le-press-duck-djv-honore-egalement-le-groupe-regional-grandmas-against-right\/\",\"name\":\"Luc Walpot a d\u00e9cern\u00e9 le \\\"Press Duck\\\" -DJV honore \u00e9galement le groupe r\u00e9gional \\\"Grandma's Against Right\\\" | Vie Associative\",\"isPartOf\":{\"@id\":\"https:\/\/vieassociative.be\/actualites\/#website\"},\"primaryImageOfPage\":{\"@id\":\"https:\/\/vieassociative.be\/actualites\/luc-walpot-a-decerne-le-press-duck-djv-honore-egalement-le-groupe-regional-grandmas-against-right\/#primaryimage\"},\"image\":{\"@id\":\"https:\/\/vieassociative.be\/actualites\/luc-walpot-a-decerne-le-press-duck-djv-honore-egalement-le-groupe-regional-grandmas-against-right\/#primaryimage\"},\"thumbnailUrl\":\"https:\/\/vieassociative.be\/actualites\/wp-content\/uploads\/2025\/09\/1759155420_Luc-Walpot-a-decerne-le-Press-Duck-DJV-honore-egalement.jpg\",\"datePublished\":\"2025-09-29T14:17:00+00:00\",\"dateModified\":\"2025-09-29T14:17:00+00:00\",\"breadcrumb\":{\"@id\":\"https:\/\/vieassociative.be\/actualites\/luc-walpot-a-decerne-le-press-duck-djv-honore-egalement-le-groupe-regional-grandmas-against-right\/#breadcrumb\"},\"inLanguage\":\"fr-BE\",\"potentialAction\":[{\"@type\":\"ReadAction\",\"target\":[\"https:\/\/vieassociative.be\/actualites\/luc-walpot-a-decerne-le-press-duck-djv-honore-egalement-le-groupe-regional-grandmas-against-right\/\"]}]},{\"@type\":\"ImageObject\",\"inLanguage\":\"fr-BE\",\"@id\":\"https:\/\/vieassociative.be\/actualites\/luc-walpot-a-decerne-le-press-duck-djv-honore-egalement-le-groupe-regional-grandmas-against-right\/#primaryimage\",\"url\":\"https:\/\/vieassociative.be\/actualites\/wp-content\/uploads\/2025\/09\/1759155420_Luc-Walpot-a-decerne-le-Press-Duck-DJV-honore-egalement.jpg\",\"contentUrl\":\"https:\/\/vieassociative.be\/actualites\/wp-content\/uploads\/2025\/09\/1759155420_Luc-Walpot-a-decerne-le-Press-Duck-DJV-honore-egalement.jpg\",\"width\":1200,\"height\":800,\"caption\":\"Luc Walpot a d\u00e9cern\u00e9 le \\\"Press Duck\\\" -DJV honore \u00e9galement le groupe r\u00e9gional \\\"Grandma's Against Right\\\"\"},{\"@type\":\"BreadcrumbList\",\"@id\":\"https:\/\/vieassociative.be\/actualites\/luc-walpot-a-decerne-le-press-duck-djv-honore-egalement-le-groupe-regional-grandmas-against-right\/#breadcrumb\",\"itemListElement\":[{\"@type\":\"ListItem\",\"position\":1,\"name\":\"Accueil\",\"item\":\"https:\/\/vieassociative.be\/actualites\/\"},{\"@type\":\"ListItem\",\"position\":2,\"name\":\"Luc Walpot a d\u00e9cern\u00e9 le \u00ab\u00a0Press Duck\u00a0\u00bb -DJV honore \u00e9galement le groupe r\u00e9gional \u00ab\u00a0Grandma&rsquo;s Against Right\u00a0\u00bb\"}]},{\"@type\":\"WebSite\",\"@id\":\"https:\/\/vieassociative.be\/actualites\/#website\",\"url\":\"https:\/\/vieassociative.be\/actualites\/\",\"name\":\"Vie Associative\",\"description\":\"\",\"publisher\":{\"@id\":\"https:\/\/vieassociative.be\/actualites\/#organization\"},\"potentialAction\":[{\"@type\":\"SearchAction\",\"target\":{\"@type\":\"EntryPoint\",\"urlTemplate\":\"https:\/\/vieassociative.be\/actualites\/?s={search_term_string}\"},\"query-input\":{\"@type\":\"PropertyValueSpecification\",\"valueRequired\":true,\"valueName\":\"search_term_string\"}}],\"inLanguage\":\"fr-BE\"},{\"@type\":\"Organization\",\"@id\":\"https:\/\/vieassociative.be\/actualites\/#organization\",\"name\":\"Vie Associative\",\"url\":\"https:\/\/vieassociative.be\/actualites\/\",\"logo\":{\"@type\":\"ImageObject\",\"inLanguage\":\"fr-BE\",\"@id\":\"https:\/\/vieassociative.be\/actualites\/#\/schema\/logo\/image\/\",\"url\":\"https:\/\/vieassociative.be\/actualites\/wp-content\/uploads\/2024\/09\/cropped-vieassociative_favicon.ico.png\",\"contentUrl\":\"https:\/\/vieassociative.be\/actualites\/wp-content\/uploads\/2024\/09\/cropped-vieassociative_favicon.ico.png\",\"width\":512,\"height\":512,\"caption\":\"Vie Associative\"},\"image\":{\"@id\":\"https:\/\/vieassociative.be\/actualites\/#\/schema\/logo\/image\/\"}},{\"@type\":\"Person\",\"@id\":\"https:\/\/vieassociative.be\/actualites\/#\/schema\/person\/b87ac4f82f9d4e7b7cec7395b679edc4\",\"name\":\"Julien\",\"image\":{\"@type\":\"ImageObject\",\"inLanguage\":\"fr-BE\",\"@id\":\"https:\/\/vieassociative.be\/actualites\/#\/schema\/person\/image\/\",\"url\":\"https:\/\/vieassociative.be\/actualites\/wp-content\/uploads\/2024\/09\/vie-associative-1-150x150.jpg\",\"contentUrl\":\"https:\/\/vieassociative.be\/actualites\/wp-content\/uploads\/2024\/09\/vie-associative-1-150x150.jpg\",\"caption\":\"Julien\"},\"description\":\"Je suis Julien, r\u00e9dacteur pour Vie Associative. Passionn\u00e9 par le monde associatif depuis plus de 10 ans, j'ai \u00e0 c\u0153ur de partager des histoires inspirantes et de mettre en lumi\u00e8re les initiatives locales. Mon objectif est de sensibiliser et d'encourager l'engagement communautaire \u00e0 travers mes articles.\",\"sameAs\":[\"https:\/\/vieassociative.be\/\"]}]}<\/script>\n<!-- \/ Yoast SEO plugin. -->","yoast_head_json":{"title":"Luc Walpot a d\u00e9cern\u00e9 le \"Press Duck\" -DJV honore \u00e9galement le groupe r\u00e9gional \"Grandma's Against Right\" | Vie Associative","robots":{"index":"index","follow":"follow","max-snippet":"max-snippet:-1","max-image-preview":"max-image-preview:large","max-video-preview":"max-video-preview:-1"},"canonical":"https:\/\/vieassociative.be\/actualites\/luc-walpot-a-decerne-le-press-duck-djv-honore-egalement-le-groupe-regional-grandmas-against-right\/","og_locale":"fr_FR","og_type":"article","og_title":"Luc Walpot a d\u00e9cern\u00e9 le \"Press Duck\" -DJV honore \u00e9galement le groupe r\u00e9gional \"Grandma's Against Right\" | Vie Associative","og_description":"L&rsquo;Association des journalistes allemandes (DJV) Aachen annuellement d\u00e9cerne un \u00ab\u00a0canard de presse\u00a0\u00bb pour un excellent travail journalistique. Cette ann\u00e9e, le journaliste Luc Walpot de l&rsquo;Est","og_url":"https:\/\/vieassociative.be\/actualites\/luc-walpot-a-decerne-le-press-duck-djv-honore-egalement-le-groupe-regional-grandmas-against-right\/","og_site_name":"Vie Associative","article_published_time":"2025-09-29T14:17:00+00:00","og_image":[{"width":279,"height":92,"url":"https:\/\/vieassociative.be\/actualites\/wp-content\/uploads\/2024\/09\/header_backgroundk-01-e1726694325946.png","type":"image\/png"}],"author":"Julien","twitter_card":"summary_large_image","twitter_misc":{"\u00c9crit par":"Julien","Dur\u00e9e de lecture est.":"3 minutes"},"schema":{"@context":"https:\/\/schema.org","@graph":[{"@type":"Article","@id":"https:\/\/vieassociative.be\/actualites\/luc-walpot-a-decerne-le-press-duck-djv-honore-egalement-le-groupe-regional-grandmas-against-right\/#article","isPartOf":{"@id":"https:\/\/vieassociative.be\/actualites\/luc-walpot-a-decerne-le-press-duck-djv-honore-egalement-le-groupe-regional-grandmas-against-right\/"},"author":{"name":"Julien","@id":"https:\/\/vieassociative.be\/actualites\/#\/schema\/person\/b87ac4f82f9d4e7b7cec7395b679edc4"},"headline":"Luc Walpot a d\u00e9cern\u00e9 le \u00ab\u00a0Press Duck\u00a0\u00bb -DJV honore \u00e9galement le groupe r\u00e9gional \u00ab\u00a0Grandma&rsquo;s Against Right\u00a0\u00bb","datePublished":"2025-09-29T14:17:00+00:00","dateModified":"2025-09-29T14:17:00+00:00","mainEntityOfPage":{"@id":"https:\/\/vieassociative.be\/actualites\/luc-walpot-a-decerne-le-press-duck-djv-honore-egalement-le-groupe-regional-grandmas-against-right\/"},"wordCount":549,"publisher":{"@id":"https:\/\/vieassociative.be\/actualites\/#organization"},"image":{"@id":"https:\/\/vieassociative.be\/actualites\/luc-walpot-a-decerne-le-press-duck-djv-honore-egalement-le-groupe-regional-grandmas-against-right\/#primaryimage"},"thumbnailUrl":"https:\/\/vieassociative.be\/actualites\/wp-content\/uploads\/2025\/09\/1759155420_Luc-Walpot-a-decerne-le-Press-Duck-DJV-honore-egalement.jpg","keywords":["d\u00e9cern\u00e9","DJV","Duck","\u00e9galement","Grandmas","groupe","honor\u00e9","Luc","Press","r\u00e9gional","Walpot"],"articleSection":["Belgique"],"inLanguage":"fr-BE"},{"@type":"WebPage","@id":"https:\/\/vieassociative.be\/actualites\/luc-walpot-a-decerne-le-press-duck-djv-honore-egalement-le-groupe-regional-grandmas-against-right\/","url":"https:\/\/vieassociative.be\/actualites\/luc-walpot-a-decerne-le-press-duck-djv-honore-egalement-le-groupe-regional-grandmas-against-right\/","name":"Luc Walpot a d\u00e9cern\u00e9 le \"Press Duck\" -DJV honore \u00e9galement le groupe r\u00e9gional \"Grandma's Against Right\" | Vie Associative","isPartOf":{"@id":"https:\/\/vieassociative.be\/actualites\/#website"},"primaryImageOfPage":{"@id":"https:\/\/vieassociative.be\/actualites\/luc-walpot-a-decerne-le-press-duck-djv-honore-egalement-le-groupe-regional-grandmas-against-right\/#primaryimage"},"image":{"@id":"https:\/\/vieassociative.be\/actualites\/luc-walpot-a-decerne-le-press-duck-djv-honore-egalement-le-groupe-regional-grandmas-against-right\/#primaryimage"},"thumbnailUrl":"https:\/\/vieassociative.be\/actualites\/wp-content\/uploads\/2025\/09\/1759155420_Luc-Walpot-a-decerne-le-Press-Duck-DJV-honore-egalement.jpg","datePublished":"2025-09-29T14:17:00+00:00","dateModified":"2025-09-29T14:17:00+00:00","breadcrumb":{"@id":"https:\/\/vieassociative.be\/actualites\/luc-walpot-a-decerne-le-press-duck-djv-honore-egalement-le-groupe-regional-grandmas-against-right\/#breadcrumb"},"inLanguage":"fr-BE","potentialAction":[{"@type":"ReadAction","target":["https:\/\/vieassociative.be\/actualites\/luc-walpot-a-decerne-le-press-duck-djv-honore-egalement-le-groupe-regional-grandmas-against-right\/"]}]},{"@type":"ImageObject","inLanguage":"fr-BE","@id":"https:\/\/vieassociative.be\/actualites\/luc-walpot-a-decerne-le-press-duck-djv-honore-egalement-le-groupe-regional-grandmas-against-right\/#primaryimage","url":"https:\/\/vieassociative.be\/actualites\/wp-content\/uploads\/2025\/09\/1759155420_Luc-Walpot-a-decerne-le-Press-Duck-DJV-honore-egalement.jpg","contentUrl":"https:\/\/vieassociative.be\/actualites\/wp-content\/uploads\/2025\/09\/1759155420_Luc-Walpot-a-decerne-le-Press-Duck-DJV-honore-egalement.jpg","width":1200,"height":800,"caption":"Luc Walpot a d\u00e9cern\u00e9 le \"Press Duck\" -DJV honore \u00e9galement le groupe r\u00e9gional \"Grandma's Against Right\""},{"@type":"BreadcrumbList","@id":"https:\/\/vieassociative.be\/actualites\/luc-walpot-a-decerne-le-press-duck-djv-honore-egalement-le-groupe-regional-grandmas-against-right\/#breadcrumb","itemListElement":[{"@type":"ListItem","position":1,"name":"Accueil","item":"https:\/\/vieassociative.be\/actualites\/"},{"@type":"ListItem","position":2,"name":"Luc Walpot a d\u00e9cern\u00e9 le \u00ab\u00a0Press Duck\u00a0\u00bb -DJV honore \u00e9galement le groupe r\u00e9gional \u00ab\u00a0Grandma&rsquo;s Against Right\u00a0\u00bb"}]},{"@type":"WebSite","@id":"https:\/\/vieassociative.be\/actualites\/#website","url":"https:\/\/vieassociative.be\/actualites\/","name":"Vie Associative","description":"","publisher":{"@id":"https:\/\/vieassociative.be\/actualites\/#organization"},"potentialAction":[{"@type":"SearchAction","target":{"@type":"EntryPoint","urlTemplate":"https:\/\/vieassociative.be\/actualites\/?s={search_term_string}"},"query-input":{"@type":"PropertyValueSpecification","valueRequired":true,"valueName":"search_term_string"}}],"inLanguage":"fr-BE"},{"@type":"Organization","@id":"https:\/\/vieassociative.be\/actualites\/#organization","name":"Vie Associative","url":"https:\/\/vieassociative.be\/actualites\/","logo":{"@type":"ImageObject","inLanguage":"fr-BE","@id":"https:\/\/vieassociative.be\/actualites\/#\/schema\/logo\/image\/","url":"https:\/\/vieassociative.be\/actualites\/wp-content\/uploads\/2024\/09\/cropped-vieassociative_favicon.ico.png","contentUrl":"https:\/\/vieassociative.be\/actualites\/wp-content\/uploads\/2024\/09\/cropped-vieassociative_favicon.ico.png","width":512,"height":512,"caption":"Vie Associative"},"image":{"@id":"https:\/\/vieassociative.be\/actualites\/#\/schema\/logo\/image\/"}},{"@type":"Person","@id":"https:\/\/vieassociative.be\/actualites\/#\/schema\/person\/b87ac4f82f9d4e7b7cec7395b679edc4","name":"Julien","image":{"@type":"ImageObject","inLanguage":"fr-BE","@id":"https:\/\/vieassociative.be\/actualites\/#\/schema\/person\/image\/","url":"https:\/\/vieassociative.be\/actualites\/wp-content\/uploads\/2024\/09\/vie-associative-1-150x150.jpg","contentUrl":"https:\/\/vieassociative.be\/actualites\/wp-content\/uploads\/2024\/09\/vie-associative-1-150x150.jpg","caption":"Julien"},"description":"Je suis Julien, r\u00e9dacteur pour Vie Associative. Passionn\u00e9 par le monde associatif depuis plus de 10 ans, j'ai \u00e0 c\u0153ur de partager des histoires inspirantes et de mettre en lumi\u00e8re les initiatives locales. Mon objectif est de sensibiliser et d'encourager l'engagement communautaire \u00e0 travers mes articles.","sameAs":["https:\/\/vieassociative.be\/"]}]}},"_links":{"self":[{"href":"https:\/\/vieassociative.be\/actualites\/wp-json\/wp\/v2\/posts\/10333"}],"collection":[{"href":"https:\/\/vieassociative.be\/actualites\/wp-json\/wp\/v2\/posts"}],"about":[{"href":"https:\/\/vieassociative.be\/actualites\/wp-json\/wp\/v2\/types\/post"}],"author":[{"embeddable":true,"href":"https:\/\/vieassociative.be\/actualites\/wp-json\/wp\/v2\/users\/1"}],"replies":[{"embeddable":true,"href":"https:\/\/vieassociative.be\/actualites\/wp-json\/wp\/v2\/comments?post=10333"}],"version-history":[{"count":0,"href":"https:\/\/vieassociative.be\/actualites\/wp-json\/wp\/v2\/posts\/10333\/revisions"}],"wp:featuredmedia":[{"embeddable":true,"href":"https:\/\/vieassociative.be\/actualites\/wp-json\/wp\/v2\/media\/10334"}],"wp:attachment":[{"href":"https:\/\/vieassociative.be\/actualites\/wp-json\/wp\/v2\/media?parent=10333"}],"wp:term":[{"taxonomy":"category","embeddable":true,"href":"https:\/\/vieassociative.be\/actualites\/wp-json\/wp\/v2\/categories?post=10333"},{"taxonomy":"post_tag","embeddable":true,"href":"https:\/\/vieassociative.be\/actualites\/wp-json\/wp\/v2\/tags?post=10333"}],"curies":[{"name":"wp","href":"https:\/\/api.w.org\/{rel}","templated":true}]}}