{"id":10331,"date":"2025-09-29T15:17:04","date_gmt":"2025-09-29T13:17:04","guid":{"rendered":"https:\/\/vieassociative.be\/actualites\/cette-camera-a-criminel-filaire-clignote-est-a-50-de-reduction-en-ce-moment\/"},"modified":"2025-09-29T15:17:04","modified_gmt":"2025-09-29T13:17:04","slug":"cette-camera-a-criminel-filaire-clignote-est-a-50-de-reduction-en-ce-moment","status":"publish","type":"post","link":"https:\/\/vieassociative.be\/actualites\/cette-camera-a-criminel-filaire-clignote-est-a-50-de-reduction-en-ce-moment\/","title":{"rendered":"Cette cam\u00e9ra \u00e0 criminel filaire clignote est \u00e0 50% de r\u00e9duction en ce moment"},"content":{"rendered":"<div class=\"mt-4 leading-6 md:mb-8\">Des LED doubles lumineuses, une vid\u00e9o nette 1080p, une vision nocturne en couleur et un support Alexa sont tous int\u00e9gr\u00e9s.<\/div>\n<p><\/p>\n<p><em>Saviez-vous que vous pouvez personnaliser Google pour filtrer les ordures? Prendre ces \u00e9tapes<\/em><em>  Pour de meilleurs r\u00e9sultats de recherche, notamment l&rsquo;ajout de Vie Associative comme source pr\u00e9f\u00e9r\u00e9e pour les nouvelles technologiques<\/em><em>.<\/em><\/p>\n<hr>\n<p>Les cam\u00e9ras \u00e0 projecteur co\u00fbtent g\u00e9n\u00e9ralement beaucoup plus que l&rsquo;acheteur occasionnel ne veut d\u00e9penser, mais la cam\u00e9ra filaire de Blink est tranquillement gliss\u00e9e \u00e0 un prix qui rend difficile \u00e0 ignorer pour d\u00e9marrer ou prolonger une configuration de s\u00e9curit\u00e9 \u00e0 domicile. \u00c0 l&rsquo;heure actuelle, c&rsquo;est 49,99 $ sur Amazon (r\u00e9guli\u00e8rement 99,99 $), ce qui est le prix le plus bas qu&rsquo;il ait jamais \u00e9t\u00e9, selon Price Trackers. <\/p>\n<div class=\"pogoClear mb-12 mt-10 rounded-md border-2 border-gray-100 py-7 shadow-xl md:py-6\">\n<div class=\"flex flex-wrap justify-between px-7 text-black no-underline md:flex-nowrap md:px-8\">\n<div class=\"order-1 mx-auto flex flex-col justify-center md:order-2 md:ml-4 md:w-full md:grow\">\n<div class=\"block cursor-pointer text-center font-akshar text-2xl font-medium leading-7 text-brand-green duration-200 ease-in-out hover:text-brand-green-700 md:text-left md:text-xl md:leading-6\">Cam\u00e9ra de clich\u00e9 clignotant\n                <\/div>\n<div class=\"mt-4 hidden md:flex md:justify-between\">\n<div class=\"self-end\">\n<div class=\"mb-0 h-11 md:flex md:flex-col md:justify-center\">\n<div class=\" font-sans leading-4 text-black\">\n<div class=\"flex flex-wrap items-center justify-center gap-1 md:justify-start\">\n        <span class=\"font-bold\"><\/p>\n<p>            49,99 $<br \/>\n                            <span class=\"font-medium\">\u00e0 Amazon<\/span><br \/>\n                    <\/span>\n            <\/div>\n<div class=\"flex items-center justify-center gap-x-1 font-bold md:justify-start\">\n            <span class=\"text-sm line-through\">99,99 $<\/span><br \/>\n            <span class=\"text-sm text-brand-green\">\u00c9conomisez 50,00 $<\/span>\n        <\/div>\n<\/p><\/div>\n<\/p><\/div>\n<\/p><\/div>\n<div class=\"w-44 self-end\">\n                            <button class=\"flex justify-center items-center w-full bg-brand-green text-white text-base font-sans font-medium rounded-md hover:bg-brand-green-700 hover:cursor-pointer md:text-sm h-11\"><\/p>\n<p>    Conclure un accord<br \/>\n<\/button>\n                        <\/div>\n<\/p><\/div>\n<\/p><\/div>\n<div class=\"order-2 mt-5 h-auto w-full md:order-1 md:mt-0 md:hidden\">\n<div class=\"flex aspect-video items-center justify-center\">\n                                            <img decoding=\"async\" class=\"m-0 max-h-full max-w-full rounded-md\" src=\"https:\/\/vieassociative.be\/actualites\/wp-content\/uploads\/2025\/09\/Cette-camera-a-criminel-filaire-clignote-est-a-50-de.jpg\" alt=\"Cam\u00e9ra de clich\u00e9 clignotant\" width=\"auto\" height=\"auto\" loading=\"lazy\">\n                                    <\/div>\n<\/p><\/div>\n<div class=\"order-2 ml-2 hidden w-32 shrink-0 items-center md:order-1 md:ml-0 md:flex\">\n<div class=\"flex aspect-video items-center justify-center\">\n                                            <img decoding=\"async\" class=\"m-0 max-h-full max-w-full rounded-md\" src=\"https:\/\/vieassociative.be\/actualites\/wp-content\/uploads\/2025\/09\/Cette-camera-a-criminel-filaire-clignote-est-a-50-de.jpg\" alt=\"Cam\u00e9ra de clich\u00e9 clignotant\" width=\"auto\" height=\"auto\" loading=\"lazy\">\n                                    <\/div>\n<\/p><\/div>\n<div class=\"order-3 flex grow flex-wrap md:hidden md:grow-0\">\n<div class=\"mt-4 w-full\">\n                        <button class=\"flex justify-center items-center w-full bg-brand-green text-white text-base font-sans font-medium rounded-md hover:bg-brand-green-700 hover:cursor-pointer md:text-sm h-11\"><\/p>\n<p>    Conclure un accord<br \/>\n<\/button>\n                    <\/div>\n<div class=\"mx-2 mt-4 w-full\">\n<div class=\" font-sans leading-4 text-black\">\n<div class=\"flex flex-wrap items-center justify-center gap-1 md:justify-start\">\n        <span class=\"font-bold\"><\/p>\n<p>            49,99 $<br \/>\n                            <span class=\"font-medium\">\u00e0 Amazon<\/span><br \/>\n                    <\/span>\n            <\/div>\n<div class=\"flex items-center justify-center gap-x-1 font-bold md:justify-start\">\n            <span class=\"text-sm line-through\">99,99 $<\/span><br \/>\n            <span class=\"text-sm text-brand-green\">\u00c9conomisez 50,00 $<\/span>\n        <\/div>\n<\/p><\/div>\n<\/p><\/div>\n<\/p><\/div>\n<\/p><\/div>\n<\/div>\n<p>Il s&rsquo;agit d&rsquo;une cam\u00e9ra de s\u00e9curit\u00e9 c\u00e2bl\u00e9e avec des projecteurs brillants \u00e0 double LED, une sir\u00e8ne bruyante et la possibilit\u00e9 d&rsquo;enregistrer une vid\u00e9o nette 1080p. Les LED ont lanc\u00e9 2 600 lumens combin\u00e9s &#8211; assez pour \u00e9clairer une all\u00e9e ou une arri\u00e8re-cour &#8211; et permettent \u00e9galement une vision nocturne de couleur. Cela signifie que vous n&rsquo;\u00eates pas coinc\u00e9 avec des clips en niveaux de gris floues lorsque quelque chose d\u00e9clenche le capteur de mouvement apr\u00e8s la tomb\u00e9e de la nuit.<\/p>\n<p>La performance tient au-del\u00e0 de la simple luminosit\u00e9. La cam\u00e9ra a un large champ de vision de 143 degr\u00e9s, les alertes de mouvement arrivent presque instantan\u00e9ment et les images diurnes montrent des couleurs et des d\u00e9tails pr\u00e9cis. La nuit, la vid\u00e9o en noir et blanc semble clairement \u00e0 environ 30 pieds, tandis que la vid\u00e9o couleur avec les projecteurs est tr\u00e8s utilisable m\u00eame si les tons sont un peu lav\u00e9s par rapport aux tirs de jour, note cette revue PCMAG. Gr\u00e2ce \u00e0 l&rsquo;application Blink, vous pouvez v\u00e9rifier le flux en direct, allumer ou \u00e9teindre les lumi\u00e8res, enregistrer les enregistrements et utiliser des discussions bidirectionnelles. Il y a aussi une sir\u00e8ne de 105 dB int\u00e9gr\u00e9e, ce qui est suffisamment fort pour effrayer les intrus ou attirer l&rsquo;attention d&rsquo;un voisin. <\/p>\n<p>La capture est que toutes les fonctionnalit\u00e9s logicielles ne sont pas gratuites: sans abonnement, vous \u00eates limit\u00e9 aux alertes de visualisation en direct et de mouvement. Avec le plan de base de 3 $ par mois, vous obtenez 60 jours d&rsquo;historique vid\u00e9o, de d\u00e9tection des personnes, de capture de photos et de flux en direct plus longs. Pour plusieurs cam\u00e9ras, le plan de 10 $ par mois plus vous donne les m\u00eames avantages et une garantie prolong\u00e9e et des r\u00e9ductions sur le futur \u00e9quipement de clignotement.<\/p>\n<p>Si vous pr\u00e9f\u00e9rez ignorer les abonnements, Blink vend son hub Sync Module 2 pour environ 50 $. Associez-le avec un lecteur USB et vous pouvez enregistrer des clips localement. Comme pour la plupart des produits Blink, la prise en charge Alexa et IFTTT est incluse, vous pouvez donc la connecter aux routines et autres appareils, mais il n&rsquo;y a pas de compatibilit\u00e9 avec Google Assistant ou Apple Homekit. L&rsquo;installation est simple si vous \u00eates \u00e0 l&rsquo;aise de c\u00e2bler un luminaire ext\u00e9rieur et que les clignotements comprennent les vis, les \u00e9crous et les guides dont vous avez besoin. Sinon, l&#8217;embauche d&rsquo;un \u00e9lectricien est le mouvement plus s\u00fbr. Tout compte fait, c&rsquo;est l&rsquo;un des moyens les plus abordables d&rsquo;ajouter une cam\u00e9ra \u00e0 projecteur \u00e0 votre maison.<\/p>\n<hr>\n","protected":false},"excerpt":{"rendered":"<p>Des LED doubles lumineuses, une vid\u00e9o nette 1080p, une vision nocturne en couleur et un support Alexa sont tous int\u00e9gr\u00e9s. Saviez-vous que vous pouvez personnaliser<\/p>\n","protected":false},"author":1,"featured_media":10332,"comment_status":"","ping_status":"","sticky":false,"template":"","format":"standard","meta":{"footnotes":""},"categories":[13],"tags":[1487,206,8714,4675,76,8713,1429,308],"class_list":["post-10331","post","type-post","status-publish","format-standard","has-post-thumbnail","hentry","category-technologie","tag-camera","tag-cette","tag-clignote","tag-criminel","tag-est","tag-filaire","tag-moment","tag-reduction","generate-columns","tablet-grid-50","mobile-grid-100","grid-parent","grid-33"],"yoast_head":"<!-- This site is optimized with the Yoast SEO plugin v24.0 - https:\/\/yoast.com\/wordpress\/plugins\/seo\/ -->\n<title>Cette cam\u00e9ra \u00e0 criminel filaire clignote est \u00e0 50% de r\u00e9duction en ce moment | Vie Associative<\/title>\n<meta name=\"robots\" content=\"index, follow, max-snippet:-1, max-image-preview:large, max-video-preview:-1\" \/>\n<link rel=\"canonical\" href=\"https:\/\/vieassociative.be\/actualites\/cette-camera-a-criminel-filaire-clignote-est-a-50-de-reduction-en-ce-moment\/\" \/>\n<meta property=\"og:locale\" content=\"fr_FR\" \/>\n<meta property=\"og:type\" content=\"article\" \/>\n<meta property=\"og:title\" content=\"Cette cam\u00e9ra \u00e0 criminel filaire clignote est \u00e0 50% de r\u00e9duction en ce moment | Vie Associative\" \/>\n<meta property=\"og:description\" content=\"Des LED doubles lumineuses, une vid\u00e9o nette 1080p, une vision nocturne en couleur et un support Alexa sont tous int\u00e9gr\u00e9s. Saviez-vous que vous pouvez personnaliser\" \/>\n<meta property=\"og:url\" content=\"https:\/\/vieassociative.be\/actualites\/cette-camera-a-criminel-filaire-clignote-est-a-50-de-reduction-en-ce-moment\/\" \/>\n<meta property=\"og:site_name\" content=\"Vie Associative\" \/>\n<meta property=\"article:published_time\" content=\"2025-09-29T13:17:04+00:00\" \/>\n<meta property=\"og:image\" content=\"https:\/\/vieassociative.be\/actualites\/wp-content\/uploads\/2025\/09\/Cette-camera-a-criminel-filaire-clignote-est-a-50-de.jpg\" \/>\n<meta name=\"author\" content=\"Julien\" \/>\n<meta name=\"twitter:card\" content=\"summary_large_image\" \/>\n<meta name=\"twitter:label1\" content=\"\u00c9crit par\" \/>\n\t<meta name=\"twitter:data1\" content=\"Julien\" \/>\n\t<meta name=\"twitter:label2\" content=\"Dur\u00e9e de lecture est.\" \/>\n\t<meta name=\"twitter:data2\" content=\"3 minutes\" \/>\n<script type=\"application\/ld+json\" class=\"yoast-schema-graph\">{\"@context\":\"https:\/\/schema.org\",\"@graph\":[{\"@type\":\"Article\",\"@id\":\"https:\/\/vieassociative.be\/actualites\/cette-camera-a-criminel-filaire-clignote-est-a-50-de-reduction-en-ce-moment\/#article\",\"isPartOf\":{\"@id\":\"https:\/\/vieassociative.be\/actualites\/cette-camera-a-criminel-filaire-clignote-est-a-50-de-reduction-en-ce-moment\/\"},\"author\":{\"name\":\"Julien\",\"@id\":\"https:\/\/vieassociative.be\/actualites\/#\/schema\/person\/b87ac4f82f9d4e7b7cec7395b679edc4\"},\"headline\":\"Cette cam\u00e9ra \u00e0 criminel filaire clignote est \u00e0 50% de r\u00e9duction en ce moment\",\"datePublished\":\"2025-09-29T13:17:04+00:00\",\"dateModified\":\"2025-09-29T13:17:04+00:00\",\"mainEntityOfPage\":{\"@id\":\"https:\/\/vieassociative.be\/actualites\/cette-camera-a-criminel-filaire-clignote-est-a-50-de-reduction-en-ce-moment\/\"},\"wordCount\":616,\"publisher\":{\"@id\":\"https:\/\/vieassociative.be\/actualites\/#organization\"},\"image\":{\"@id\":\"https:\/\/vieassociative.be\/actualites\/cette-camera-a-criminel-filaire-clignote-est-a-50-de-reduction-en-ce-moment\/#primaryimage\"},\"thumbnailUrl\":\"https:\/\/vieassociative.be\/actualites\/wp-content\/uploads\/2025\/09\/Cette-camera-a-criminel-filaire-clignote-est-a-50-de.png\",\"keywords\":[\"cam\u00e9ra\",\"cette\",\"clignote\",\"criminel\",\"est\",\"filaire\",\"moment\",\"r\u00e9duction\"],\"articleSection\":[\"Technologie\"],\"inLanguage\":\"fr-BE\"},{\"@type\":\"WebPage\",\"@id\":\"https:\/\/vieassociative.be\/actualites\/cette-camera-a-criminel-filaire-clignote-est-a-50-de-reduction-en-ce-moment\/\",\"url\":\"https:\/\/vieassociative.be\/actualites\/cette-camera-a-criminel-filaire-clignote-est-a-50-de-reduction-en-ce-moment\/\",\"name\":\"Cette cam\u00e9ra \u00e0 criminel filaire clignote est \u00e0 50% de r\u00e9duction en ce moment | Vie Associative\",\"isPartOf\":{\"@id\":\"https:\/\/vieassociative.be\/actualites\/#website\"},\"primaryImageOfPage\":{\"@id\":\"https:\/\/vieassociative.be\/actualites\/cette-camera-a-criminel-filaire-clignote-est-a-50-de-reduction-en-ce-moment\/#primaryimage\"},\"image\":{\"@id\":\"https:\/\/vieassociative.be\/actualites\/cette-camera-a-criminel-filaire-clignote-est-a-50-de-reduction-en-ce-moment\/#primaryimage\"},\"thumbnailUrl\":\"https:\/\/vieassociative.be\/actualites\/wp-content\/uploads\/2025\/09\/Cette-camera-a-criminel-filaire-clignote-est-a-50-de.png\",\"datePublished\":\"2025-09-29T13:17:04+00:00\",\"dateModified\":\"2025-09-29T13:17:04+00:00\",\"breadcrumb\":{\"@id\":\"https:\/\/vieassociative.be\/actualites\/cette-camera-a-criminel-filaire-clignote-est-a-50-de-reduction-en-ce-moment\/#breadcrumb\"},\"inLanguage\":\"fr-BE\",\"potentialAction\":[{\"@type\":\"ReadAction\",\"target\":[\"https:\/\/vieassociative.be\/actualites\/cette-camera-a-criminel-filaire-clignote-est-a-50-de-reduction-en-ce-moment\/\"]}]},{\"@type\":\"ImageObject\",\"inLanguage\":\"fr-BE\",\"@id\":\"https:\/\/vieassociative.be\/actualites\/cette-camera-a-criminel-filaire-clignote-est-a-50-de-reduction-en-ce-moment\/#primaryimage\",\"url\":\"https:\/\/vieassociative.be\/actualites\/wp-content\/uploads\/2025\/09\/Cette-camera-a-criminel-filaire-clignote-est-a-50-de.png\",\"contentUrl\":\"https:\/\/vieassociative.be\/actualites\/wp-content\/uploads\/2025\/09\/Cette-camera-a-criminel-filaire-clignote-est-a-50-de.png\",\"width\":1200,\"height\":675,\"caption\":\"Cette cam\u00e9ra \u00e0 criminel filaire clignote est \u00e0 50% de r\u00e9duction en ce moment\"},{\"@type\":\"BreadcrumbList\",\"@id\":\"https:\/\/vieassociative.be\/actualites\/cette-camera-a-criminel-filaire-clignote-est-a-50-de-reduction-en-ce-moment\/#breadcrumb\",\"itemListElement\":[{\"@type\":\"ListItem\",\"position\":1,\"name\":\"Accueil\",\"item\":\"https:\/\/vieassociative.be\/actualites\/\"},{\"@type\":\"ListItem\",\"position\":2,\"name\":\"Cette cam\u00e9ra \u00e0 criminel filaire clignote est \u00e0 50% de r\u00e9duction en ce moment\"}]},{\"@type\":\"WebSite\",\"@id\":\"https:\/\/vieassociative.be\/actualites\/#website\",\"url\":\"https:\/\/vieassociative.be\/actualites\/\",\"name\":\"Vie Associative\",\"description\":\"\",\"publisher\":{\"@id\":\"https:\/\/vieassociative.be\/actualites\/#organization\"},\"potentialAction\":[{\"@type\":\"SearchAction\",\"target\":{\"@type\":\"EntryPoint\",\"urlTemplate\":\"https:\/\/vieassociative.be\/actualites\/?s={search_term_string}\"},\"query-input\":{\"@type\":\"PropertyValueSpecification\",\"valueRequired\":true,\"valueName\":\"search_term_string\"}}],\"inLanguage\":\"fr-BE\"},{\"@type\":\"Organization\",\"@id\":\"https:\/\/vieassociative.be\/actualites\/#organization\",\"name\":\"Vie Associative\",\"url\":\"https:\/\/vieassociative.be\/actualites\/\",\"logo\":{\"@type\":\"ImageObject\",\"inLanguage\":\"fr-BE\",\"@id\":\"https:\/\/vieassociative.be\/actualites\/#\/schema\/logo\/image\/\",\"url\":\"https:\/\/vieassociative.be\/actualites\/wp-content\/uploads\/2024\/09\/cropped-vieassociative_favicon.ico.png\",\"contentUrl\":\"https:\/\/vieassociative.be\/actualites\/wp-content\/uploads\/2024\/09\/cropped-vieassociative_favicon.ico.png\",\"width\":512,\"height\":512,\"caption\":\"Vie Associative\"},\"image\":{\"@id\":\"https:\/\/vieassociative.be\/actualites\/#\/schema\/logo\/image\/\"}},{\"@type\":\"Person\",\"@id\":\"https:\/\/vieassociative.be\/actualites\/#\/schema\/person\/b87ac4f82f9d4e7b7cec7395b679edc4\",\"name\":\"Julien\",\"image\":{\"@type\":\"ImageObject\",\"inLanguage\":\"fr-BE\",\"@id\":\"https:\/\/vieassociative.be\/actualites\/#\/schema\/person\/image\/\",\"url\":\"https:\/\/vieassociative.be\/actualites\/wp-content\/uploads\/2024\/09\/vie-associative-1-150x150.jpg\",\"contentUrl\":\"https:\/\/vieassociative.be\/actualites\/wp-content\/uploads\/2024\/09\/vie-associative-1-150x150.jpg\",\"caption\":\"Julien\"},\"description\":\"Je suis Julien, r\u00e9dacteur pour Vie Associative. Passionn\u00e9 par le monde associatif depuis plus de 10 ans, j'ai \u00e0 c\u0153ur de partager des histoires inspirantes et de mettre en lumi\u00e8re les initiatives locales. Mon objectif est de sensibiliser et d'encourager l'engagement communautaire \u00e0 travers mes articles.\",\"sameAs\":[\"https:\/\/vieassociative.be\/\"]}]}<\/script>\n<!-- \/ Yoast SEO plugin. -->","yoast_head_json":{"title":"Cette cam\u00e9ra \u00e0 criminel filaire clignote est \u00e0 50% de r\u00e9duction en ce moment | Vie Associative","robots":{"index":"index","follow":"follow","max-snippet":"max-snippet:-1","max-image-preview":"max-image-preview:large","max-video-preview":"max-video-preview:-1"},"canonical":"https:\/\/vieassociative.be\/actualites\/cette-camera-a-criminel-filaire-clignote-est-a-50-de-reduction-en-ce-moment\/","og_locale":"fr_FR","og_type":"article","og_title":"Cette cam\u00e9ra \u00e0 criminel filaire clignote est \u00e0 50% de r\u00e9duction en ce moment | Vie Associative","og_description":"Des LED doubles lumineuses, une vid\u00e9o nette 1080p, une vision nocturne en couleur et un support Alexa sont tous int\u00e9gr\u00e9s. Saviez-vous que vous pouvez personnaliser","og_url":"https:\/\/vieassociative.be\/actualites\/cette-camera-a-criminel-filaire-clignote-est-a-50-de-reduction-en-ce-moment\/","og_site_name":"Vie Associative","article_published_time":"2025-09-29T13:17:04+00:00","og_image":[{"url":"https:\/\/vieassociative.be\/actualites\/wp-content\/uploads\/2025\/09\/Cette-camera-a-criminel-filaire-clignote-est-a-50-de.jpg","type":"","width":"","height":""}],"author":"Julien","twitter_card":"summary_large_image","twitter_misc":{"\u00c9crit par":"Julien","Dur\u00e9e de lecture est.":"3 minutes"},"schema":{"@context":"https:\/\/schema.org","@graph":[{"@type":"Article","@id":"https:\/\/vieassociative.be\/actualites\/cette-camera-a-criminel-filaire-clignote-est-a-50-de-reduction-en-ce-moment\/#article","isPartOf":{"@id":"https:\/\/vieassociative.be\/actualites\/cette-camera-a-criminel-filaire-clignote-est-a-50-de-reduction-en-ce-moment\/"},"author":{"name":"Julien","@id":"https:\/\/vieassociative.be\/actualites\/#\/schema\/person\/b87ac4f82f9d4e7b7cec7395b679edc4"},"headline":"Cette cam\u00e9ra \u00e0 criminel filaire clignote est \u00e0 50% de r\u00e9duction en ce moment","datePublished":"2025-09-29T13:17:04+00:00","dateModified":"2025-09-29T13:17:04+00:00","mainEntityOfPage":{"@id":"https:\/\/vieassociative.be\/actualites\/cette-camera-a-criminel-filaire-clignote-est-a-50-de-reduction-en-ce-moment\/"},"wordCount":616,"publisher":{"@id":"https:\/\/vieassociative.be\/actualites\/#organization"},"image":{"@id":"https:\/\/vieassociative.be\/actualites\/cette-camera-a-criminel-filaire-clignote-est-a-50-de-reduction-en-ce-moment\/#primaryimage"},"thumbnailUrl":"https:\/\/vieassociative.be\/actualites\/wp-content\/uploads\/2025\/09\/Cette-camera-a-criminel-filaire-clignote-est-a-50-de.png","keywords":["cam\u00e9ra","cette","clignote","criminel","est","filaire","moment","r\u00e9duction"],"articleSection":["Technologie"],"inLanguage":"fr-BE"},{"@type":"WebPage","@id":"https:\/\/vieassociative.be\/actualites\/cette-camera-a-criminel-filaire-clignote-est-a-50-de-reduction-en-ce-moment\/","url":"https:\/\/vieassociative.be\/actualites\/cette-camera-a-criminel-filaire-clignote-est-a-50-de-reduction-en-ce-moment\/","name":"Cette cam\u00e9ra \u00e0 criminel filaire clignote est \u00e0 50% de r\u00e9duction en ce moment | Vie Associative","isPartOf":{"@id":"https:\/\/vieassociative.be\/actualites\/#website"},"primaryImageOfPage":{"@id":"https:\/\/vieassociative.be\/actualites\/cette-camera-a-criminel-filaire-clignote-est-a-50-de-reduction-en-ce-moment\/#primaryimage"},"image":{"@id":"https:\/\/vieassociative.be\/actualites\/cette-camera-a-criminel-filaire-clignote-est-a-50-de-reduction-en-ce-moment\/#primaryimage"},"thumbnailUrl":"https:\/\/vieassociative.be\/actualites\/wp-content\/uploads\/2025\/09\/Cette-camera-a-criminel-filaire-clignote-est-a-50-de.png","datePublished":"2025-09-29T13:17:04+00:00","dateModified":"2025-09-29T13:17:04+00:00","breadcrumb":{"@id":"https:\/\/vieassociative.be\/actualites\/cette-camera-a-criminel-filaire-clignote-est-a-50-de-reduction-en-ce-moment\/#breadcrumb"},"inLanguage":"fr-BE","potentialAction":[{"@type":"ReadAction","target":["https:\/\/vieassociative.be\/actualites\/cette-camera-a-criminel-filaire-clignote-est-a-50-de-reduction-en-ce-moment\/"]}]},{"@type":"ImageObject","inLanguage":"fr-BE","@id":"https:\/\/vieassociative.be\/actualites\/cette-camera-a-criminel-filaire-clignote-est-a-50-de-reduction-en-ce-moment\/#primaryimage","url":"https:\/\/vieassociative.be\/actualites\/wp-content\/uploads\/2025\/09\/Cette-camera-a-criminel-filaire-clignote-est-a-50-de.png","contentUrl":"https:\/\/vieassociative.be\/actualites\/wp-content\/uploads\/2025\/09\/Cette-camera-a-criminel-filaire-clignote-est-a-50-de.png","width":1200,"height":675,"caption":"Cette cam\u00e9ra \u00e0 criminel filaire clignote est \u00e0 50% de r\u00e9duction en ce moment"},{"@type":"BreadcrumbList","@id":"https:\/\/vieassociative.be\/actualites\/cette-camera-a-criminel-filaire-clignote-est-a-50-de-reduction-en-ce-moment\/#breadcrumb","itemListElement":[{"@type":"ListItem","position":1,"name":"Accueil","item":"https:\/\/vieassociative.be\/actualites\/"},{"@type":"ListItem","position":2,"name":"Cette cam\u00e9ra \u00e0 criminel filaire clignote est \u00e0 50% de r\u00e9duction en ce moment"}]},{"@type":"WebSite","@id":"https:\/\/vieassociative.be\/actualites\/#website","url":"https:\/\/vieassociative.be\/actualites\/","name":"Vie Associative","description":"","publisher":{"@id":"https:\/\/vieassociative.be\/actualites\/#organization"},"potentialAction":[{"@type":"SearchAction","target":{"@type":"EntryPoint","urlTemplate":"https:\/\/vieassociative.be\/actualites\/?s={search_term_string}"},"query-input":{"@type":"PropertyValueSpecification","valueRequired":true,"valueName":"search_term_string"}}],"inLanguage":"fr-BE"},{"@type":"Organization","@id":"https:\/\/vieassociative.be\/actualites\/#organization","name":"Vie Associative","url":"https:\/\/vieassociative.be\/actualites\/","logo":{"@type":"ImageObject","inLanguage":"fr-BE","@id":"https:\/\/vieassociative.be\/actualites\/#\/schema\/logo\/image\/","url":"https:\/\/vieassociative.be\/actualites\/wp-content\/uploads\/2024\/09\/cropped-vieassociative_favicon.ico.png","contentUrl":"https:\/\/vieassociative.be\/actualites\/wp-content\/uploads\/2024\/09\/cropped-vieassociative_favicon.ico.png","width":512,"height":512,"caption":"Vie Associative"},"image":{"@id":"https:\/\/vieassociative.be\/actualites\/#\/schema\/logo\/image\/"}},{"@type":"Person","@id":"https:\/\/vieassociative.be\/actualites\/#\/schema\/person\/b87ac4f82f9d4e7b7cec7395b679edc4","name":"Julien","image":{"@type":"ImageObject","inLanguage":"fr-BE","@id":"https:\/\/vieassociative.be\/actualites\/#\/schema\/person\/image\/","url":"https:\/\/vieassociative.be\/actualites\/wp-content\/uploads\/2024\/09\/vie-associative-1-150x150.jpg","contentUrl":"https:\/\/vieassociative.be\/actualites\/wp-content\/uploads\/2024\/09\/vie-associative-1-150x150.jpg","caption":"Julien"},"description":"Je suis Julien, r\u00e9dacteur pour Vie Associative. Passionn\u00e9 par le monde associatif depuis plus de 10 ans, j'ai \u00e0 c\u0153ur de partager des histoires inspirantes et de mettre en lumi\u00e8re les initiatives locales. Mon objectif est de sensibiliser et d'encourager l'engagement communautaire \u00e0 travers mes articles.","sameAs":["https:\/\/vieassociative.be\/"]}]}},"_links":{"self":[{"href":"https:\/\/vieassociative.be\/actualites\/wp-json\/wp\/v2\/posts\/10331"}],"collection":[{"href":"https:\/\/vieassociative.be\/actualites\/wp-json\/wp\/v2\/posts"}],"about":[{"href":"https:\/\/vieassociative.be\/actualites\/wp-json\/wp\/v2\/types\/post"}],"author":[{"embeddable":true,"href":"https:\/\/vieassociative.be\/actualites\/wp-json\/wp\/v2\/users\/1"}],"replies":[{"embeddable":true,"href":"https:\/\/vieassociative.be\/actualites\/wp-json\/wp\/v2\/comments?post=10331"}],"version-history":[{"count":0,"href":"https:\/\/vieassociative.be\/actualites\/wp-json\/wp\/v2\/posts\/10331\/revisions"}],"wp:featuredmedia":[{"embeddable":true,"href":"https:\/\/vieassociative.be\/actualites\/wp-json\/wp\/v2\/media\/10332"}],"wp:attachment":[{"href":"https:\/\/vieassociative.be\/actualites\/wp-json\/wp\/v2\/media?parent=10331"}],"wp:term":[{"taxonomy":"category","embeddable":true,"href":"https:\/\/vieassociative.be\/actualites\/wp-json\/wp\/v2\/categories?post=10331"},{"taxonomy":"post_tag","embeddable":true,"href":"https:\/\/vieassociative.be\/actualites\/wp-json\/wp\/v2\/tags?post=10331"}],"curies":[{"name":"wp","href":"https:\/\/api.w.org\/{rel}","templated":true}]}}