{"id":10330,"date":"2025-09-29T14:17:22","date_gmt":"2025-09-29T12:17:22","guid":{"rendered":"https:\/\/vieassociative.be\/actualites\/runnward-runnward-est-il-une-tendance-de-remise-en-forme-pour-les-coureurs-2\/"},"modified":"2025-09-29T14:17:22","modified_gmt":"2025-09-29T12:17:22","slug":"runnward-runnward-est-il-une-tendance-de-remise-en-forme-pour-les-coureurs-2","status":"publish","type":"post","link":"https:\/\/vieassociative.be\/actualites\/runnward-runnward-est-il-une-tendance-de-remise-en-forme-pour-les-coureurs-2\/","title":{"rendered":"\u00abRunnward Runnward\u00bb est-il une tendance de remise en forme pour les coureurs?"},"content":{"rendered":"<div class=\"mt-4 leading-6 md:mb-8\">Parce que courir vers l&rsquo;avant n&rsquo;est pas d\u00e9j\u00e0 assez difficile.<\/div>\n<p><\/p>\n<p><em>Saviez-vous que vous pouvez personnaliser Google pour filtrer les ordures? Prendre ces \u00e9tapes<\/em><em>  Pour de meilleurs r\u00e9sultats de recherche, notamment en ajoutant mon travail chez Vie Associative comme source pr\u00e9f\u00e9r\u00e9e<\/em><em>.<\/em><\/p>\n<hr>\n<p>Plus t\u00f4t ce mois-ci, nous avons vu un nouveau record du monde de course &#8211; plus pr\u00e9cis\u00e9ment, courir en arri\u00e8re. En talons. Christian Roberto L\u00f3pez Rodr\u00edguez a revendiqu\u00e9 le 100m le plus rapide \u00e0 l&rsquo;envers<em> en talons hauts<\/em> avec un temps impressionnant de 16,55 secondes.<\/p>\n<p>Je ne d\u00e9finis peut-\u00eatre pas ce genre de record, mais je vois que courir en arri\u00e8re surgir maintes et maintes fois comme une id\u00e9e tendance pour le coureur moyen. Parfois appel\u00e9 \u00ab\u00a0Running Running\u00a0\u00bb, c&rsquo;est exactement \u00e0 quoi cela ressemble: les coureurs se retournent litt\u00e9ralement et faisant du jogging en arri\u00e8re. Mais le courant en arri\u00e8re aide-t-il vraiment \u00e0 am\u00e9liorer les performances de course \u00e0 l&rsquo;avant, ou est-ce simplement une autre mode de fitness destin\u00e9e \u00e0 s&rsquo;estomper?<\/p>\n<div class=\"mx-auto mb-12 mt-5 w-full max-w-3xl rounded-md border-2 border-gray-100 p-3 shadow-md md:px-7 md:pb-7 md:pt-5\" id=\"related-video\">\n<div class=\"mb-3 flex items-center md:mb-5\">\n        <img decoding=\"async\" class=\"mr-4 mt-0 h-10 w-10 md:mr-5 md:h-12 md:w-12\" src=\"https:\/\/vieassociative.be\/actualites\/wp-content\/uploads\/2025\/09\/1757726237_608_Meta-pourrait-devoiler-une-montre-intelligente-pour-controler-ses-lunettes.jpg\" alt=\"Logo Lifehacker\"><\/p><\/div>\n<div class=\"aspect-video w-full overflow-hidden rounded-md\">\n<div id=\"video-container-01K6ANJPT9B6M9G3PRXY8CBFVF\"><\/div>\n<\/p><\/div>\n<\/div>\n<h2 id=\"does-running-backwards-actually-help\">Le courir en arri\u00e8re aide-t-il r\u00e9ellement?<\/h2>\n<p>D&rsquo;un point de vue physiologique, la course en arri\u00e8re modifie fondamentalement la fa\u00e7on dont votre corps se d\u00e9place et quels muscles portent la charge de travail. Le physioth\u00e9rapeute Alex Lee explique le changement dramatique qui se produit lorsque vous inversez la direction: \u00ab\u00a0Vos quadriceps font la majorit\u00e9 du travail de ralentir votre corps. Vos ischio-jambiers fonctionnent \u00e9galement diff\u00e9remment parce qu&rsquo;ils ne vous poussent pas vers l&rsquo;avant. Cette variation att\u00e9nue le stress de l&rsquo;articulation du genou, en particulier l&rsquo;ACL.\u00a0\u00bb Il explique en outre comment courir en arri\u00e8re fait \u00e9galement que vos chevilles \u00ab\u00a0se d\u00e9placent avec une plus grande dorsiflexion\u00a0\u00bb, qui entra\u00eene l&rsquo;\u00e9quilibre et la conscience du corps, connue sous le nom de proprioception.<\/p>\n<p>Comme tout coureur peut l&rsquo;attester, aller doucement sur les genoux est un match nul majeur. Lee note des avantages suppl\u00e9mentaires lorsqu&rsquo;il forme des athl\u00e8tes, expliquant comment il incorpore le courant en arri\u00e8re pour \u00ab\u00a0prot\u00e9ger leurs genoux, d\u00e9velopper la force des jambes et am\u00e9liorer la coordination\u00a0\u00bb. <\/p>\n<h2 id=\"supplemental-not-essential\">Suppl\u00e9mentaire, non essentiel<\/h2>\n<p>Bien que les avantages biom\u00e9caniques soient r\u00e9els, Running Coach Will Baldwin offre une approche plus mesur\u00e9e \u00e0 la place de Running Running dans les programmes de formation. \u00ab\u00a0Je pense que le plus grand avantage de courir en arri\u00e8re est qu&rsquo;il vous aide \u00e0 engager une partie de votre cha\u00eene post\u00e9rieure et de vos muscles qui ne sont g\u00e9n\u00e9ralement pas recrut\u00e9s en fonctionnement avant, comme vos fessiers, certains ischio-jambiers, et cela aide un peu \u00e0 votre recul\u00a0\u00bb, explique Baldwin.<\/p>\n<p>Cependant, il est rapide \u00e0 temp\u00e9rer les attentes concernant les gains de performance: \u00ab\u00a0Je ne pense pas que cela rend les coureurs plus rapidement. C&rsquo;est probablement un bon outil suppl\u00e9mentaire. Je ne pense m\u00eame pas que ce soit une n\u00e9cessit\u00e9 \u00e0 l&rsquo;entra\u00eenement, mais cela peut certainement r\u00e9veiller des muscles et peut \u00eatre un type amusant et diff\u00e9rent de comp\u00e9tences de coordination sur lesquels travailler qui est toujours similaire \u00e0 la course.\u00a0\u00bb<\/p>\n<p>La perspective de Baldwin met en \u00e9vidence une consid\u00e9ration cruciale dans la philosophie de la formation &#8211; le principe de <em>sp\u00e9cificit\u00e9<\/em>. \u00ab\u00a0La loi de la sp\u00e9cificit\u00e9 s&rsquo;applique ici. Si nous voulons am\u00e9liorer une comp\u00e9tence, nous devons pratiquer cette comp\u00e9tence de la mani\u00e8re sp\u00e9cifique de la mani\u00e8re dont nous voulons rivaliser. Nous devons faire attention \u00e0 la quantit\u00e9 de temps que nous gaspillons, en particulier pour les personnes occup\u00e9es. Cela pourrait \u00eatre un temps mieux pass\u00e9 \u00e0 faire un travail de base ou \u00e0 une formation en force sp\u00e9cifique.\u00a0\u00bb<\/p>\n<p>Pour la plupart des coureurs r\u00e9cr\u00e9atifs jonglant avec le travail, la famille et la formation, Baldwin sugg\u00e8re que la course \u00e0 l&rsquo;envers tombe dans la cat\u00e9gorie \u00ab\u00a0agr\u00e9able d&rsquo;avoir\u00a0\u00bb plut\u00f4t que \u00ab\u00a0doit avoir\u00a0\u00bb: \u00ab\u00a0Il faudrait vraiment \u00eatre quelqu&rsquo;un avec beaucoup de temps suppl\u00e9mentaire pour exp\u00e9rimenter et jouer avec des choses comme celle-ci.\u00a0\u00bb<\/p>\n<h2 id=\"getting-started-safely\">Commencer en toute s\u00e9curit\u00e9<\/h2>\n<p>Running en arri\u00e8re est au mieux maladroit et vraiment risqu\u00e9 au pire. Vous pouvez tomber et il est facile de tordre la cheville ou de tirer quelque chose parce que vous ne pouvez pas voir o\u00f9 vous atterrissez. Si vous souhaitez exp\u00e9rimenter la course en arri\u00e8re, commencez de mani\u00e8re conservatrice. Baldwin sugg\u00e8re de commencer par la marche: \u00ab\u00a0Si quelqu&rsquo;un voulait l&rsquo;essayer, je commencerai par <em>marche<\/em> en arri\u00e8re. Surtout en mont\u00e9e, sur un tapis roulant ou \u00e0 l&rsquo;ext\u00e9rieur, il peut vraiment engager, travailler et \u00e9tirer certains muscles. Cela peut \u00eatre une comp\u00e9tence amusante pour jouer avec, mais je commencerai certainement \u00e0 marcher avant de courir en arri\u00e8re. \u00ab\u00a0<\/p>\n<p>Cette approche progressive permet \u00e0 votre corps de s&rsquo;adapter aux diff\u00e9rents mod\u00e8les de mouvement tout en minimisant le risque de blessure. Les tapis roulants fournissent un environnement contr\u00f4l\u00e9 id\u00e9al pour la pratique initiale du mouvement vers l&rsquo;arri\u00e8re, \u00e9liminant le danger des obstacles invisibles.<\/p>\n<p>Selon Baldwin, les plus grandes pr\u00e9occupations concernent l&rsquo;efficacit\u00e9 de la formation: \u00ab\u00a0Le temps perdu et le manque de sp\u00e9cificit\u00e9 sont probablement les plus grands, mais encore une fois, pas majeurs.\u00a0\u00bb Pour les coureurs \u00e0 court de temps, le co\u00fbt d&rsquo;opportunit\u00e9 des s\u00e9ances de course en arri\u00e8re pourrait l&#8217;emporter sur les avantages suppl\u00e9mentaires.<\/p>\n<h2 id=\"the-bottom-line\">La ligne de fond<\/h2>\n<p>La course en arri\u00e8re offre des avantages l\u00e9gitimes &#8211; une proprioception am\u00e9lior\u00e9e, une r\u00e9duction du stress du genou, des mod\u00e8les d&rsquo;activation musculaire am\u00e9lior\u00e9s et une coordination accrue. <\/p>\n<p>Cependant, pour le coureur de loisirs moyen qui cherche \u00e0 am\u00e9liorer leurs temps de fonctionnement vers l&rsquo;avant, la course \u00e0 l&rsquo;envers est plus une activit\u00e9 de bonus amusante, plut\u00f4t qu&rsquo;un v\u00e9ritable changeur de jeu. L&rsquo;investissement temporel pourrait \u00eatre mieux allou\u00e9 aux m\u00e9thodes de formation \u00e9prouv\u00e9es comme les courses de tempo, la formation \u00e0 l&rsquo;intervalle, le travail de force ou simplement la construction d&rsquo;un kilom\u00e9trage plus avanc\u00e9.<\/p>\n<p>La course en arri\u00e8re se trouve confortablement dans la cat\u00e9gorie des m\u00e9thodes de formation \u00ab\u00a0utiles mais pas essentielles\u00a0\u00bb. Ce n&rsquo;est pas la perc\u00e9e r\u00e9volutionnaire que certains publications de m\u00e9dias sociaux pourraient sugg\u00e9rer, mais ce n&rsquo;est pas non plus enti\u00e8rement sans fondement. Comme de nombreuses tendances de fitness, la v\u00e9rit\u00e9 se situe quelque part entre les deux.<\/p>\n<p>Ainsi, pour les coureurs ayant des besoins sp\u00e9cifiques &#8211; tels que la r\u00e9habilitation des blessures au genou, les athl\u00e8tes n\u00e9cessitant une proprioception accrue, ou ceux qui recherchent simplement la vari\u00e9t\u00e9 dans leur routine d&rsquo;entra\u00eenement &#8211; la course en arri\u00e8re peut servir un objectif pr\u00e9cieux. Pour tout le monde, il reste une option int\u00e9ressante \u00e0 consid\u00e9rer si les conditions de temps et de s\u00e9curit\u00e9 le permettent, mais pas une priorit\u00e9 qui devrait d\u00e9placer des aspects plus fondamentaux de la formation.<\/p>\n<p><script async src=\"\/\/www.tiktok.com\/embed.js\"><\/script><\/p>\n","protected":false},"excerpt":{"rendered":"<p>Parce que courir vers l&rsquo;avant n&rsquo;est pas d\u00e9j\u00e0 assez difficile. Saviez-vous que vous pouvez personnaliser Google pour filtrer les ordures? Prendre ces \u00e9tapes Pour de<\/p>\n","protected":false},"author":1,"featured_media":10298,"comment_status":"","ping_status":"","sticky":false,"template":"","format":"standard","meta":{"footnotes":""},"categories":[38],"tags":[6942,586,632,14,81,4399,8689,1817,110],"class_list":["post-10330","post","type-post","status-publish","format-standard","has-post-thumbnail","hentry","category-sante","tag-coureurs","tag-estil","tag-forme","tag-les","tag-pour","tag-remise","tag-runnward","tag-tendance","tag-une","generate-columns","tablet-grid-50","mobile-grid-100","grid-parent","grid-33"],"yoast_head":"<!-- This site is optimized with the Yoast SEO plugin v24.0 - https:\/\/yoast.com\/wordpress\/plugins\/seo\/ -->\n<title>\u00abRunnward Runnward\u00bb est-il une tendance de remise en forme pour les coureurs? | Vie Associative<\/title>\n<meta name=\"robots\" content=\"index, follow, max-snippet:-1, max-image-preview:large, max-video-preview:-1\" \/>\n<link rel=\"canonical\" href=\"https:\/\/vieassociative.be\/actualites\/runnward-runnward-est-il-une-tendance-de-remise-en-forme-pour-les-coureurs-2\/\" \/>\n<meta property=\"og:locale\" content=\"fr_FR\" \/>\n<meta property=\"og:type\" content=\"article\" \/>\n<meta property=\"og:title\" content=\"\u00abRunnward Runnward\u00bb est-il une tendance de remise en forme pour les coureurs? | Vie Associative\" \/>\n<meta property=\"og:description\" content=\"Parce que courir vers l&rsquo;avant n&rsquo;est pas d\u00e9j\u00e0 assez difficile. Saviez-vous que vous pouvez personnaliser Google pour filtrer les ordures? Prendre ces \u00e9tapes Pour de\" \/>\n<meta property=\"og:url\" content=\"https:\/\/vieassociative.be\/actualites\/runnward-runnward-est-il-une-tendance-de-remise-en-forme-pour-les-coureurs-2\/\" \/>\n<meta property=\"og:site_name\" content=\"Vie Associative\" \/>\n<meta property=\"article:published_time\" content=\"2025-09-29T12:17:22+00:00\" \/>\n<meta property=\"og:image\" content=\"https:\/\/vieassociative.be\/actualites\/wp-content\/uploads\/2025\/09\/1757726237_608_Meta-pourrait-devoiler-une-montre-intelligente-pour-controler-ses-lunettes.jpg\" \/>\n<meta name=\"author\" content=\"Julien\" \/>\n<meta name=\"twitter:card\" content=\"summary_large_image\" \/>\n<meta name=\"twitter:label1\" content=\"\u00c9crit par\" \/>\n\t<meta name=\"twitter:data1\" content=\"Julien\" \/>\n\t<meta name=\"twitter:label2\" content=\"Dur\u00e9e de lecture est.\" \/>\n\t<meta name=\"twitter:data2\" content=\"6 minutes\" \/>\n<script type=\"application\/ld+json\" class=\"yoast-schema-graph\">{\"@context\":\"https:\/\/schema.org\",\"@graph\":[{\"@type\":\"Article\",\"@id\":\"https:\/\/vieassociative.be\/actualites\/runnward-runnward-est-il-une-tendance-de-remise-en-forme-pour-les-coureurs-2\/#article\",\"isPartOf\":{\"@id\":\"https:\/\/vieassociative.be\/actualites\/runnward-runnward-est-il-une-tendance-de-remise-en-forme-pour-les-coureurs-2\/\"},\"author\":{\"name\":\"Julien\",\"@id\":\"https:\/\/vieassociative.be\/actualites\/#\/schema\/person\/b87ac4f82f9d4e7b7cec7395b679edc4\"},\"headline\":\"\u00abRunnward Runnward\u00bb est-il une tendance de remise en forme pour les coureurs?\",\"datePublished\":\"2025-09-29T12:17:22+00:00\",\"dateModified\":\"2025-09-29T12:17:22+00:00\",\"mainEntityOfPage\":{\"@id\":\"https:\/\/vieassociative.be\/actualites\/runnward-runnward-est-il-une-tendance-de-remise-en-forme-pour-les-coureurs-2\/\"},\"wordCount\":1210,\"publisher\":{\"@id\":\"https:\/\/vieassociative.be\/actualites\/#organization\"},\"image\":{\"@id\":\"https:\/\/vieassociative.be\/actualites\/runnward-runnward-est-il-une-tendance-de-remise-en-forme-pour-les-coureurs-2\/#primaryimage\"},\"thumbnailUrl\":\"https:\/\/vieassociative.be\/actualites\/wp-content\/uploads\/2025\/09\/Runnward-Runnward-est-il-une-tendance-de-remise-en-forme-pour.png\",\"keywords\":[\"coureurs\",\"estil\",\"Forme\",\"Les\",\"pour\",\"remise\",\"Runnward\",\"tendance\",\"une\"],\"articleSection\":[\"Sant\u00e9\"],\"inLanguage\":\"fr-BE\"},{\"@type\":\"WebPage\",\"@id\":\"https:\/\/vieassociative.be\/actualites\/runnward-runnward-est-il-une-tendance-de-remise-en-forme-pour-les-coureurs-2\/\",\"url\":\"https:\/\/vieassociative.be\/actualites\/runnward-runnward-est-il-une-tendance-de-remise-en-forme-pour-les-coureurs-2\/\",\"name\":\"\u00abRunnward Runnward\u00bb est-il une tendance de remise en forme pour les coureurs? | Vie Associative\",\"isPartOf\":{\"@id\":\"https:\/\/vieassociative.be\/actualites\/#website\"},\"primaryImageOfPage\":{\"@id\":\"https:\/\/vieassociative.be\/actualites\/runnward-runnward-est-il-une-tendance-de-remise-en-forme-pour-les-coureurs-2\/#primaryimage\"},\"image\":{\"@id\":\"https:\/\/vieassociative.be\/actualites\/runnward-runnward-est-il-une-tendance-de-remise-en-forme-pour-les-coureurs-2\/#primaryimage\"},\"thumbnailUrl\":\"https:\/\/vieassociative.be\/actualites\/wp-content\/uploads\/2025\/09\/Runnward-Runnward-est-il-une-tendance-de-remise-en-forme-pour.png\",\"datePublished\":\"2025-09-29T12:17:22+00:00\",\"dateModified\":\"2025-09-29T12:17:22+00:00\",\"breadcrumb\":{\"@id\":\"https:\/\/vieassociative.be\/actualites\/runnward-runnward-est-il-une-tendance-de-remise-en-forme-pour-les-coureurs-2\/#breadcrumb\"},\"inLanguage\":\"fr-BE\",\"potentialAction\":[{\"@type\":\"ReadAction\",\"target\":[\"https:\/\/vieassociative.be\/actualites\/runnward-runnward-est-il-une-tendance-de-remise-en-forme-pour-les-coureurs-2\/\"]}]},{\"@type\":\"ImageObject\",\"inLanguage\":\"fr-BE\",\"@id\":\"https:\/\/vieassociative.be\/actualites\/runnward-runnward-est-il-une-tendance-de-remise-en-forme-pour-les-coureurs-2\/#primaryimage\",\"url\":\"https:\/\/vieassociative.be\/actualites\/wp-content\/uploads\/2025\/09\/Runnward-Runnward-est-il-une-tendance-de-remise-en-forme-pour.png\",\"contentUrl\":\"https:\/\/vieassociative.be\/actualites\/wp-content\/uploads\/2025\/09\/Runnward-Runnward-est-il-une-tendance-de-remise-en-forme-pour.png\",\"width\":1200,\"height\":675,\"caption\":\"\u00abRunnward Runnward\u00bb est-il une tendance de remise en forme pour les coureurs?\"},{\"@type\":\"BreadcrumbList\",\"@id\":\"https:\/\/vieassociative.be\/actualites\/runnward-runnward-est-il-une-tendance-de-remise-en-forme-pour-les-coureurs-2\/#breadcrumb\",\"itemListElement\":[{\"@type\":\"ListItem\",\"position\":1,\"name\":\"Accueil\",\"item\":\"https:\/\/vieassociative.be\/actualites\/\"},{\"@type\":\"ListItem\",\"position\":2,\"name\":\"\u00abRunnward Runnward\u00bb est-il une tendance de remise en forme pour les coureurs?\"}]},{\"@type\":\"WebSite\",\"@id\":\"https:\/\/vieassociative.be\/actualites\/#website\",\"url\":\"https:\/\/vieassociative.be\/actualites\/\",\"name\":\"Vie Associative\",\"description\":\"\",\"publisher\":{\"@id\":\"https:\/\/vieassociative.be\/actualites\/#organization\"},\"potentialAction\":[{\"@type\":\"SearchAction\",\"target\":{\"@type\":\"EntryPoint\",\"urlTemplate\":\"https:\/\/vieassociative.be\/actualites\/?s={search_term_string}\"},\"query-input\":{\"@type\":\"PropertyValueSpecification\",\"valueRequired\":true,\"valueName\":\"search_term_string\"}}],\"inLanguage\":\"fr-BE\"},{\"@type\":\"Organization\",\"@id\":\"https:\/\/vieassociative.be\/actualites\/#organization\",\"name\":\"Vie Associative\",\"url\":\"https:\/\/vieassociative.be\/actualites\/\",\"logo\":{\"@type\":\"ImageObject\",\"inLanguage\":\"fr-BE\",\"@id\":\"https:\/\/vieassociative.be\/actualites\/#\/schema\/logo\/image\/\",\"url\":\"https:\/\/vieassociative.be\/actualites\/wp-content\/uploads\/2024\/09\/cropped-vieassociative_favicon.ico.png\",\"contentUrl\":\"https:\/\/vieassociative.be\/actualites\/wp-content\/uploads\/2024\/09\/cropped-vieassociative_favicon.ico.png\",\"width\":512,\"height\":512,\"caption\":\"Vie Associative\"},\"image\":{\"@id\":\"https:\/\/vieassociative.be\/actualites\/#\/schema\/logo\/image\/\"}},{\"@type\":\"Person\",\"@id\":\"https:\/\/vieassociative.be\/actualites\/#\/schema\/person\/b87ac4f82f9d4e7b7cec7395b679edc4\",\"name\":\"Julien\",\"image\":{\"@type\":\"ImageObject\",\"inLanguage\":\"fr-BE\",\"@id\":\"https:\/\/vieassociative.be\/actualites\/#\/schema\/person\/image\/\",\"url\":\"https:\/\/vieassociative.be\/actualites\/wp-content\/uploads\/2024\/09\/vie-associative-1-150x150.jpg\",\"contentUrl\":\"https:\/\/vieassociative.be\/actualites\/wp-content\/uploads\/2024\/09\/vie-associative-1-150x150.jpg\",\"caption\":\"Julien\"},\"description\":\"Je suis Julien, r\u00e9dacteur pour Vie Associative. Passionn\u00e9 par le monde associatif depuis plus de 10 ans, j'ai \u00e0 c\u0153ur de partager des histoires inspirantes et de mettre en lumi\u00e8re les initiatives locales. Mon objectif est de sensibiliser et d'encourager l'engagement communautaire \u00e0 travers mes articles.\",\"sameAs\":[\"https:\/\/vieassociative.be\/\"]}]}<\/script>\n<!-- \/ Yoast SEO plugin. -->","yoast_head_json":{"title":"\u00abRunnward Runnward\u00bb est-il une tendance de remise en forme pour les coureurs? | Vie Associative","robots":{"index":"index","follow":"follow","max-snippet":"max-snippet:-1","max-image-preview":"max-image-preview:large","max-video-preview":"max-video-preview:-1"},"canonical":"https:\/\/vieassociative.be\/actualites\/runnward-runnward-est-il-une-tendance-de-remise-en-forme-pour-les-coureurs-2\/","og_locale":"fr_FR","og_type":"article","og_title":"\u00abRunnward Runnward\u00bb est-il une tendance de remise en forme pour les coureurs? | Vie Associative","og_description":"Parce que courir vers l&rsquo;avant n&rsquo;est pas d\u00e9j\u00e0 assez difficile. Saviez-vous que vous pouvez personnaliser Google pour filtrer les ordures? Prendre ces \u00e9tapes Pour de","og_url":"https:\/\/vieassociative.be\/actualites\/runnward-runnward-est-il-une-tendance-de-remise-en-forme-pour-les-coureurs-2\/","og_site_name":"Vie Associative","article_published_time":"2025-09-29T12:17:22+00:00","og_image":[{"url":"https:\/\/vieassociative.be\/actualites\/wp-content\/uploads\/2025\/09\/1757726237_608_Meta-pourrait-devoiler-une-montre-intelligente-pour-controler-ses-lunettes.jpg","type":"","width":"","height":""}],"author":"Julien","twitter_card":"summary_large_image","twitter_misc":{"\u00c9crit par":"Julien","Dur\u00e9e de lecture est.":"6 minutes"},"schema":{"@context":"https:\/\/schema.org","@graph":[{"@type":"Article","@id":"https:\/\/vieassociative.be\/actualites\/runnward-runnward-est-il-une-tendance-de-remise-en-forme-pour-les-coureurs-2\/#article","isPartOf":{"@id":"https:\/\/vieassociative.be\/actualites\/runnward-runnward-est-il-une-tendance-de-remise-en-forme-pour-les-coureurs-2\/"},"author":{"name":"Julien","@id":"https:\/\/vieassociative.be\/actualites\/#\/schema\/person\/b87ac4f82f9d4e7b7cec7395b679edc4"},"headline":"\u00abRunnward Runnward\u00bb est-il une tendance de remise en forme pour les coureurs?","datePublished":"2025-09-29T12:17:22+00:00","dateModified":"2025-09-29T12:17:22+00:00","mainEntityOfPage":{"@id":"https:\/\/vieassociative.be\/actualites\/runnward-runnward-est-il-une-tendance-de-remise-en-forme-pour-les-coureurs-2\/"},"wordCount":1210,"publisher":{"@id":"https:\/\/vieassociative.be\/actualites\/#organization"},"image":{"@id":"https:\/\/vieassociative.be\/actualites\/runnward-runnward-est-il-une-tendance-de-remise-en-forme-pour-les-coureurs-2\/#primaryimage"},"thumbnailUrl":"https:\/\/vieassociative.be\/actualites\/wp-content\/uploads\/2025\/09\/Runnward-Runnward-est-il-une-tendance-de-remise-en-forme-pour.png","keywords":["coureurs","estil","Forme","Les","pour","remise","Runnward","tendance","une"],"articleSection":["Sant\u00e9"],"inLanguage":"fr-BE"},{"@type":"WebPage","@id":"https:\/\/vieassociative.be\/actualites\/runnward-runnward-est-il-une-tendance-de-remise-en-forme-pour-les-coureurs-2\/","url":"https:\/\/vieassociative.be\/actualites\/runnward-runnward-est-il-une-tendance-de-remise-en-forme-pour-les-coureurs-2\/","name":"\u00abRunnward Runnward\u00bb est-il une tendance de remise en forme pour les coureurs? | Vie Associative","isPartOf":{"@id":"https:\/\/vieassociative.be\/actualites\/#website"},"primaryImageOfPage":{"@id":"https:\/\/vieassociative.be\/actualites\/runnward-runnward-est-il-une-tendance-de-remise-en-forme-pour-les-coureurs-2\/#primaryimage"},"image":{"@id":"https:\/\/vieassociative.be\/actualites\/runnward-runnward-est-il-une-tendance-de-remise-en-forme-pour-les-coureurs-2\/#primaryimage"},"thumbnailUrl":"https:\/\/vieassociative.be\/actualites\/wp-content\/uploads\/2025\/09\/Runnward-Runnward-est-il-une-tendance-de-remise-en-forme-pour.png","datePublished":"2025-09-29T12:17:22+00:00","dateModified":"2025-09-29T12:17:22+00:00","breadcrumb":{"@id":"https:\/\/vieassociative.be\/actualites\/runnward-runnward-est-il-une-tendance-de-remise-en-forme-pour-les-coureurs-2\/#breadcrumb"},"inLanguage":"fr-BE","potentialAction":[{"@type":"ReadAction","target":["https:\/\/vieassociative.be\/actualites\/runnward-runnward-est-il-une-tendance-de-remise-en-forme-pour-les-coureurs-2\/"]}]},{"@type":"ImageObject","inLanguage":"fr-BE","@id":"https:\/\/vieassociative.be\/actualites\/runnward-runnward-est-il-une-tendance-de-remise-en-forme-pour-les-coureurs-2\/#primaryimage","url":"https:\/\/vieassociative.be\/actualites\/wp-content\/uploads\/2025\/09\/Runnward-Runnward-est-il-une-tendance-de-remise-en-forme-pour.png","contentUrl":"https:\/\/vieassociative.be\/actualites\/wp-content\/uploads\/2025\/09\/Runnward-Runnward-est-il-une-tendance-de-remise-en-forme-pour.png","width":1200,"height":675,"caption":"\u00abRunnward Runnward\u00bb est-il une tendance de remise en forme pour les coureurs?"},{"@type":"BreadcrumbList","@id":"https:\/\/vieassociative.be\/actualites\/runnward-runnward-est-il-une-tendance-de-remise-en-forme-pour-les-coureurs-2\/#breadcrumb","itemListElement":[{"@type":"ListItem","position":1,"name":"Accueil","item":"https:\/\/vieassociative.be\/actualites\/"},{"@type":"ListItem","position":2,"name":"\u00abRunnward Runnward\u00bb est-il une tendance de remise en forme pour les coureurs?"}]},{"@type":"WebSite","@id":"https:\/\/vieassociative.be\/actualites\/#website","url":"https:\/\/vieassociative.be\/actualites\/","name":"Vie Associative","description":"","publisher":{"@id":"https:\/\/vieassociative.be\/actualites\/#organization"},"potentialAction":[{"@type":"SearchAction","target":{"@type":"EntryPoint","urlTemplate":"https:\/\/vieassociative.be\/actualites\/?s={search_term_string}"},"query-input":{"@type":"PropertyValueSpecification","valueRequired":true,"valueName":"search_term_string"}}],"inLanguage":"fr-BE"},{"@type":"Organization","@id":"https:\/\/vieassociative.be\/actualites\/#organization","name":"Vie Associative","url":"https:\/\/vieassociative.be\/actualites\/","logo":{"@type":"ImageObject","inLanguage":"fr-BE","@id":"https:\/\/vieassociative.be\/actualites\/#\/schema\/logo\/image\/","url":"https:\/\/vieassociative.be\/actualites\/wp-content\/uploads\/2024\/09\/cropped-vieassociative_favicon.ico.png","contentUrl":"https:\/\/vieassociative.be\/actualites\/wp-content\/uploads\/2024\/09\/cropped-vieassociative_favicon.ico.png","width":512,"height":512,"caption":"Vie Associative"},"image":{"@id":"https:\/\/vieassociative.be\/actualites\/#\/schema\/logo\/image\/"}},{"@type":"Person","@id":"https:\/\/vieassociative.be\/actualites\/#\/schema\/person\/b87ac4f82f9d4e7b7cec7395b679edc4","name":"Julien","image":{"@type":"ImageObject","inLanguage":"fr-BE","@id":"https:\/\/vieassociative.be\/actualites\/#\/schema\/person\/image\/","url":"https:\/\/vieassociative.be\/actualites\/wp-content\/uploads\/2024\/09\/vie-associative-1-150x150.jpg","contentUrl":"https:\/\/vieassociative.be\/actualites\/wp-content\/uploads\/2024\/09\/vie-associative-1-150x150.jpg","caption":"Julien"},"description":"Je suis Julien, r\u00e9dacteur pour Vie Associative. Passionn\u00e9 par le monde associatif depuis plus de 10 ans, j'ai \u00e0 c\u0153ur de partager des histoires inspirantes et de mettre en lumi\u00e8re les initiatives locales. Mon objectif est de sensibiliser et d'encourager l'engagement communautaire \u00e0 travers mes articles.","sameAs":["https:\/\/vieassociative.be\/"]}]}},"_links":{"self":[{"href":"https:\/\/vieassociative.be\/actualites\/wp-json\/wp\/v2\/posts\/10330"}],"collection":[{"href":"https:\/\/vieassociative.be\/actualites\/wp-json\/wp\/v2\/posts"}],"about":[{"href":"https:\/\/vieassociative.be\/actualites\/wp-json\/wp\/v2\/types\/post"}],"author":[{"embeddable":true,"href":"https:\/\/vieassociative.be\/actualites\/wp-json\/wp\/v2\/users\/1"}],"replies":[{"embeddable":true,"href":"https:\/\/vieassociative.be\/actualites\/wp-json\/wp\/v2\/comments?post=10330"}],"version-history":[{"count":0,"href":"https:\/\/vieassociative.be\/actualites\/wp-json\/wp\/v2\/posts\/10330\/revisions"}],"wp:featuredmedia":[{"embeddable":true,"href":"https:\/\/vieassociative.be\/actualites\/wp-json\/wp\/v2\/media\/10298"}],"wp:attachment":[{"href":"https:\/\/vieassociative.be\/actualites\/wp-json\/wp\/v2\/media?parent=10330"}],"wp:term":[{"taxonomy":"category","embeddable":true,"href":"https:\/\/vieassociative.be\/actualites\/wp-json\/wp\/v2\/categories?post=10330"},{"taxonomy":"post_tag","embeddable":true,"href":"https:\/\/vieassociative.be\/actualites\/wp-json\/wp\/v2\/tags?post=10330"}],"curies":[{"name":"wp","href":"https:\/\/api.w.org\/{rel}","templated":true}]}}