{"id":1033,"date":"2024-10-09T16:17:25","date_gmt":"2024-10-09T14:17:25","guid":{"rendered":"https:\/\/vieassociative.be\/actualites\/ce-projecteur-de-jeu-est-une-bonne-affaire-lors-du-prime-day-doctobre\/"},"modified":"2024-10-09T16:17:25","modified_gmt":"2024-10-09T14:17:25","slug":"ce-projecteur-de-jeu-est-une-bonne-affaire-lors-du-prime-day-doctobre","status":"publish","type":"post","link":"https:\/\/vieassociative.be\/actualites\/ce-projecteur-de-jeu-est-une-bonne-affaire-lors-du-prime-day-doctobre\/","title":{"rendered":"Ce projecteur de jeu est une bonne affaire lors du Prime Day d&rsquo;octobre"},"content":{"rendered":"<div class=\"mt-4 leading-6 md:mb-8\">C&rsquo;est grand, c&rsquo;est lumineux et c&rsquo;est tout un spectacle.<\/div>\n<p><\/p>\n<p>Les t\u00e9l\u00e9viseurs et les moniteurs sont peut-\u00eatre l&rsquo;un des articles les plus populaires \u00e0 obtenir lors d&rsquo;un grand \u00e9v\u00e9nement de vente comme le Prime Day d&rsquo;octobre, mais les projecteurs sont quelque chose que vous ne devriez certainement pas n\u00e9gliger. Le BenQ X300G est une offre exceptionnelle disponible lors de l&rsquo;\u00e9v\u00e9nement de vente, et ce n&rsquo;est pas une exclusivit\u00e9 des membres Prime. Au lieu de cela, vous recherchez un excellent projecteur pour les cin\u00e9mas maison et les salles de jeux. Et m\u00eame si c&rsquo;\u00e9tait d\u00e9j\u00e0 une bonne affaire lors de son lancement \u00e0 1 799 $ (je sais, je sais, c&rsquo;est toujours cher), il est tomb\u00e9 \u00e0 1 499 $ depuis lors et la remise actuelle de 200 $ en fait une prise particuli\u00e8rement int\u00e9ressante \u00e0 1 299 $. <\/p>\n<p>J&rsquo;ai personnellement test\u00e9 ce projecteur, et il est petit mais puissant. Vous aurez envie de tirer les rideaux et d&rsquo;att\u00e9nuer les lumi\u00e8res pour en tirer le meilleur parti, mais sa source de lumi\u00e8re LED de 2 000 lumens offre un superbe spectacle si vous regardez un contenu lumineux ou jouez \u00e0 un jeu lumineux, comme <em>Fortnite<\/em>. <\/p>\n<p>Avec le X300G, vous pouvez facilement passer d&rsquo;un modeste \u00e9cran de 30 pouces ou voir l&rsquo;image s&rsquo;\u00e9tendre sur vos murs pour offrir une projection de 150 pouces. L&rsquo;optique du X300G offre une courte port\u00e9e, vous pouvez donc le placer sur une table basse \u00e0 seulement quatre pieds d&rsquo;un mur et obtenir une image de 80 pouces. Le X300G a la flexibilit\u00e9 n\u00e9cessaire pour vous aider \u00e0 tirer le meilleur parti de chaque configuration et de chaque taille interm\u00e9diaire. Avec le X300G, vous pouvez opter pour une image 4K fonctionnant \u00e0 60 Hz, id\u00e9ale pour les jeux et les consoles centr\u00e9s sur l&rsquo;histoire, ou vous pouvez augmenter la vitesse en optant pour un mode 1080p\/240 Hz qui offre un gameplay rapide, fluide et r\u00e9actif pour les comp\u00e9titions. jeux.<\/p>\n<p>Compte tenu de la taille compacte du BenQ X300G, il peut \u00e9galement servir d\u2019option portable que vous pouvez associer \u00e0 un ordinateur portable de jeu. Il est suffisamment petit pour tenir dans un sac de sport ou un grand sac \u00e0 dos, et il vous permettrait effectivement d&#8217;emporter un grand \u00e9cran partout o\u00f9 vous allez, \u00e0 condition que vous ayez acc\u00e8s \u00e0 une prise de courant. Avec les haut-parleurs int\u00e9gr\u00e9s du X300G, vous n&rsquo;avez vraiment pas \u00e0 vous soucier d&rsquo;apporter autre chose que le projecteur et un syst\u00e8me de jeu pour vous lancer dans l&rsquo;action.<\/p>\n<p>Le BenQ X300G ne se limite pas non plus aux jeux. Il comprend une cl\u00e9 de streaming qui se range \u00e0 l&rsquo;int\u00e9rieur du ch\u00e2ssis, vous permettant d&rsquo;acc\u00e9der facilement \u00e0 toutes sortes de contenus.<\/p>\n<div class=\"w-full mt-12 text-center sm:text-left\" x-data=\"{ showAll: false }\">\n<div class=\"flex flex-col items-center justify-between sm:px-6 sm:flex-row\">\n<span class=\"text-sm italic\">Les offres sont s\u00e9lectionn\u00e9es par notre \u00e9quipe commerciale<\/span>\n<\/div>\n<\/div>\n","protected":false},"excerpt":{"rendered":"<p>C&rsquo;est grand, c&rsquo;est lumineux et c&rsquo;est tout un spectacle. Les t\u00e9l\u00e9viseurs et les moniteurs sont peut-\u00eatre l&rsquo;un des articles les plus populaires \u00e0 obtenir lors<\/p>\n","protected":false},"author":1,"featured_media":1034,"comment_status":"","ping_status":"","sticky":false,"template":"","format":"standard","meta":{"footnotes":""},"categories":[13],"tags":[1547,680,347,1250,76,477,353,346,1560,110],"class_list":["post-1033","post","type-post","status-publish","format-standard","has-post-thumbnail","hentry","category-technologie","tag-affaire","tag-bonne","tag-day","tag-doctobre","tag-est","tag-jeu","tag-lors","tag-prime","tag-projecteur","tag-une","generate-columns","tablet-grid-50","mobile-grid-100","grid-parent","grid-33"],"yoast_head":"<!-- This site is optimized with the Yoast SEO plugin v24.0 - https:\/\/yoast.com\/wordpress\/plugins\/seo\/ -->\n<title>Ce projecteur de jeu est une bonne affaire lors du Prime Day d&#039;octobre | Vie Associative<\/title>\n<meta name=\"robots\" content=\"index, follow, max-snippet:-1, max-image-preview:large, max-video-preview:-1\" \/>\n<link rel=\"canonical\" href=\"https:\/\/vieassociative.be\/actualites\/ce-projecteur-de-jeu-est-une-bonne-affaire-lors-du-prime-day-doctobre\/\" \/>\n<meta property=\"og:locale\" content=\"fr_FR\" \/>\n<meta property=\"og:type\" content=\"article\" \/>\n<meta property=\"og:title\" content=\"Ce projecteur de jeu est une bonne affaire lors du Prime Day d&#039;octobre | Vie Associative\" \/>\n<meta property=\"og:description\" content=\"C&rsquo;est grand, c&rsquo;est lumineux et c&rsquo;est tout un spectacle. Les t\u00e9l\u00e9viseurs et les moniteurs sont peut-\u00eatre l&rsquo;un des articles les plus populaires \u00e0 obtenir lors\" \/>\n<meta property=\"og:url\" content=\"https:\/\/vieassociative.be\/actualites\/ce-projecteur-de-jeu-est-une-bonne-affaire-lors-du-prime-day-doctobre\/\" \/>\n<meta property=\"og:site_name\" content=\"Vie Associative\" \/>\n<meta property=\"article:published_time\" content=\"2024-10-09T14:17:25+00:00\" \/>\n<meta property=\"og:image\" content=\"https:\/\/vieassociative.be\/actualites\/wp-content\/uploads\/2024\/09\/header_backgroundk-01-e1726694325946.png\" \/>\n\t<meta property=\"og:image:width\" content=\"279\" \/>\n\t<meta property=\"og:image:height\" content=\"92\" \/>\n\t<meta property=\"og:image:type\" content=\"image\/png\" \/>\n<meta name=\"author\" content=\"Julien\" \/>\n<meta name=\"twitter:card\" content=\"summary_large_image\" \/>\n<meta name=\"twitter:label1\" content=\"\u00c9crit par\" \/>\n\t<meta name=\"twitter:data1\" content=\"Julien\" \/>\n\t<meta name=\"twitter:label2\" content=\"Dur\u00e9e de lecture est.\" \/>\n\t<meta name=\"twitter:data2\" content=\"2 minutes\" \/>\n<script type=\"application\/ld+json\" class=\"yoast-schema-graph\">{\"@context\":\"https:\/\/schema.org\",\"@graph\":[{\"@type\":\"Article\",\"@id\":\"https:\/\/vieassociative.be\/actualites\/ce-projecteur-de-jeu-est-une-bonne-affaire-lors-du-prime-day-doctobre\/#article\",\"isPartOf\":{\"@id\":\"https:\/\/vieassociative.be\/actualites\/ce-projecteur-de-jeu-est-une-bonne-affaire-lors-du-prime-day-doctobre\/\"},\"author\":{\"name\":\"Julien\",\"@id\":\"https:\/\/vieassociative.be\/actualites\/#\/schema\/person\/b87ac4f82f9d4e7b7cec7395b679edc4\"},\"headline\":\"Ce projecteur de jeu est une bonne affaire lors du Prime Day d&rsquo;octobre\",\"datePublished\":\"2024-10-09T14:17:25+00:00\",\"dateModified\":\"2024-10-09T14:17:25+00:00\",\"mainEntityOfPage\":{\"@id\":\"https:\/\/vieassociative.be\/actualites\/ce-projecteur-de-jeu-est-une-bonne-affaire-lors-du-prime-day-doctobre\/\"},\"wordCount\":501,\"publisher\":{\"@id\":\"https:\/\/vieassociative.be\/actualites\/#organization\"},\"image\":{\"@id\":\"https:\/\/vieassociative.be\/actualites\/ce-projecteur-de-jeu-est-une-bonne-affaire-lors-du-prime-day-doctobre\/#primaryimage\"},\"thumbnailUrl\":\"https:\/\/vieassociative.be\/actualites\/wp-content\/uploads\/2024\/10\/Ce-projecteur-de-jeu-est-une-bonne-affaire-lors-du.png\",\"keywords\":[\"affaire\",\"bonne\",\"Day\",\"doctobre\",\"est\",\"jeu\",\"lors\",\"Prime\",\"projecteur\",\"une\"],\"articleSection\":[\"Technologie\"],\"inLanguage\":\"fr-BE\"},{\"@type\":\"WebPage\",\"@id\":\"https:\/\/vieassociative.be\/actualites\/ce-projecteur-de-jeu-est-une-bonne-affaire-lors-du-prime-day-doctobre\/\",\"url\":\"https:\/\/vieassociative.be\/actualites\/ce-projecteur-de-jeu-est-une-bonne-affaire-lors-du-prime-day-doctobre\/\",\"name\":\"Ce projecteur de jeu est une bonne affaire lors du Prime Day d'octobre | Vie Associative\",\"isPartOf\":{\"@id\":\"https:\/\/vieassociative.be\/actualites\/#website\"},\"primaryImageOfPage\":{\"@id\":\"https:\/\/vieassociative.be\/actualites\/ce-projecteur-de-jeu-est-une-bonne-affaire-lors-du-prime-day-doctobre\/#primaryimage\"},\"image\":{\"@id\":\"https:\/\/vieassociative.be\/actualites\/ce-projecteur-de-jeu-est-une-bonne-affaire-lors-du-prime-day-doctobre\/#primaryimage\"},\"thumbnailUrl\":\"https:\/\/vieassociative.be\/actualites\/wp-content\/uploads\/2024\/10\/Ce-projecteur-de-jeu-est-une-bonne-affaire-lors-du.png\",\"datePublished\":\"2024-10-09T14:17:25+00:00\",\"dateModified\":\"2024-10-09T14:17:25+00:00\",\"breadcrumb\":{\"@id\":\"https:\/\/vieassociative.be\/actualites\/ce-projecteur-de-jeu-est-une-bonne-affaire-lors-du-prime-day-doctobre\/#breadcrumb\"},\"inLanguage\":\"fr-BE\",\"potentialAction\":[{\"@type\":\"ReadAction\",\"target\":[\"https:\/\/vieassociative.be\/actualites\/ce-projecteur-de-jeu-est-une-bonne-affaire-lors-du-prime-day-doctobre\/\"]}]},{\"@type\":\"ImageObject\",\"inLanguage\":\"fr-BE\",\"@id\":\"https:\/\/vieassociative.be\/actualites\/ce-projecteur-de-jeu-est-une-bonne-affaire-lors-du-prime-day-doctobre\/#primaryimage\",\"url\":\"https:\/\/vieassociative.be\/actualites\/wp-content\/uploads\/2024\/10\/Ce-projecteur-de-jeu-est-une-bonne-affaire-lors-du.png\",\"contentUrl\":\"https:\/\/vieassociative.be\/actualites\/wp-content\/uploads\/2024\/10\/Ce-projecteur-de-jeu-est-une-bonne-affaire-lors-du.png\",\"width\":1200,\"height\":675,\"caption\":\"Ce projecteur de jeu est une bonne affaire lors du Prime Day d'octobre\"},{\"@type\":\"BreadcrumbList\",\"@id\":\"https:\/\/vieassociative.be\/actualites\/ce-projecteur-de-jeu-est-une-bonne-affaire-lors-du-prime-day-doctobre\/#breadcrumb\",\"itemListElement\":[{\"@type\":\"ListItem\",\"position\":1,\"name\":\"Accueil\",\"item\":\"https:\/\/vieassociative.be\/actualites\/\"},{\"@type\":\"ListItem\",\"position\":2,\"name\":\"Ce projecteur de jeu est une bonne affaire lors du Prime Day d&rsquo;octobre\"}]},{\"@type\":\"WebSite\",\"@id\":\"https:\/\/vieassociative.be\/actualites\/#website\",\"url\":\"https:\/\/vieassociative.be\/actualites\/\",\"name\":\"Vie Associative\",\"description\":\"\",\"publisher\":{\"@id\":\"https:\/\/vieassociative.be\/actualites\/#organization\"},\"potentialAction\":[{\"@type\":\"SearchAction\",\"target\":{\"@type\":\"EntryPoint\",\"urlTemplate\":\"https:\/\/vieassociative.be\/actualites\/?s={search_term_string}\"},\"query-input\":{\"@type\":\"PropertyValueSpecification\",\"valueRequired\":true,\"valueName\":\"search_term_string\"}}],\"inLanguage\":\"fr-BE\"},{\"@type\":\"Organization\",\"@id\":\"https:\/\/vieassociative.be\/actualites\/#organization\",\"name\":\"Vie Associative\",\"url\":\"https:\/\/vieassociative.be\/actualites\/\",\"logo\":{\"@type\":\"ImageObject\",\"inLanguage\":\"fr-BE\",\"@id\":\"https:\/\/vieassociative.be\/actualites\/#\/schema\/logo\/image\/\",\"url\":\"https:\/\/vieassociative.be\/actualites\/wp-content\/uploads\/2024\/09\/cropped-vieassociative_favicon.ico.png\",\"contentUrl\":\"https:\/\/vieassociative.be\/actualites\/wp-content\/uploads\/2024\/09\/cropped-vieassociative_favicon.ico.png\",\"width\":512,\"height\":512,\"caption\":\"Vie Associative\"},\"image\":{\"@id\":\"https:\/\/vieassociative.be\/actualites\/#\/schema\/logo\/image\/\"}},{\"@type\":\"Person\",\"@id\":\"https:\/\/vieassociative.be\/actualites\/#\/schema\/person\/b87ac4f82f9d4e7b7cec7395b679edc4\",\"name\":\"Julien\",\"image\":{\"@type\":\"ImageObject\",\"inLanguage\":\"fr-BE\",\"@id\":\"https:\/\/vieassociative.be\/actualites\/#\/schema\/person\/image\/\",\"url\":\"https:\/\/vieassociative.be\/actualites\/wp-content\/uploads\/2024\/09\/vie-associative-1-150x150.jpg\",\"contentUrl\":\"https:\/\/vieassociative.be\/actualites\/wp-content\/uploads\/2024\/09\/vie-associative-1-150x150.jpg\",\"caption\":\"Julien\"},\"description\":\"Je suis Julien, r\u00e9dacteur pour Vie Associative. Passionn\u00e9 par le monde associatif depuis plus de 10 ans, j'ai \u00e0 c\u0153ur de partager des histoires inspirantes et de mettre en lumi\u00e8re les initiatives locales. Mon objectif est de sensibiliser et d'encourager l'engagement communautaire \u00e0 travers mes articles.\",\"sameAs\":[\"https:\/\/vieassociative.be\/\"]}]}<\/script>\n<!-- \/ Yoast SEO plugin. -->","yoast_head_json":{"title":"Ce projecteur de jeu est une bonne affaire lors du Prime Day d'octobre | Vie Associative","robots":{"index":"index","follow":"follow","max-snippet":"max-snippet:-1","max-image-preview":"max-image-preview:large","max-video-preview":"max-video-preview:-1"},"canonical":"https:\/\/vieassociative.be\/actualites\/ce-projecteur-de-jeu-est-une-bonne-affaire-lors-du-prime-day-doctobre\/","og_locale":"fr_FR","og_type":"article","og_title":"Ce projecteur de jeu est une bonne affaire lors du Prime Day d'octobre | Vie Associative","og_description":"C&rsquo;est grand, c&rsquo;est lumineux et c&rsquo;est tout un spectacle. Les t\u00e9l\u00e9viseurs et les moniteurs sont peut-\u00eatre l&rsquo;un des articles les plus populaires \u00e0 obtenir lors","og_url":"https:\/\/vieassociative.be\/actualites\/ce-projecteur-de-jeu-est-une-bonne-affaire-lors-du-prime-day-doctobre\/","og_site_name":"Vie Associative","article_published_time":"2024-10-09T14:17:25+00:00","og_image":[{"width":279,"height":92,"url":"https:\/\/vieassociative.be\/actualites\/wp-content\/uploads\/2024\/09\/header_backgroundk-01-e1726694325946.png","type":"image\/png"}],"author":"Julien","twitter_card":"summary_large_image","twitter_misc":{"\u00c9crit par":"Julien","Dur\u00e9e de lecture est.":"2 minutes"},"schema":{"@context":"https:\/\/schema.org","@graph":[{"@type":"Article","@id":"https:\/\/vieassociative.be\/actualites\/ce-projecteur-de-jeu-est-une-bonne-affaire-lors-du-prime-day-doctobre\/#article","isPartOf":{"@id":"https:\/\/vieassociative.be\/actualites\/ce-projecteur-de-jeu-est-une-bonne-affaire-lors-du-prime-day-doctobre\/"},"author":{"name":"Julien","@id":"https:\/\/vieassociative.be\/actualites\/#\/schema\/person\/b87ac4f82f9d4e7b7cec7395b679edc4"},"headline":"Ce projecteur de jeu est une bonne affaire lors du Prime Day d&rsquo;octobre","datePublished":"2024-10-09T14:17:25+00:00","dateModified":"2024-10-09T14:17:25+00:00","mainEntityOfPage":{"@id":"https:\/\/vieassociative.be\/actualites\/ce-projecteur-de-jeu-est-une-bonne-affaire-lors-du-prime-day-doctobre\/"},"wordCount":501,"publisher":{"@id":"https:\/\/vieassociative.be\/actualites\/#organization"},"image":{"@id":"https:\/\/vieassociative.be\/actualites\/ce-projecteur-de-jeu-est-une-bonne-affaire-lors-du-prime-day-doctobre\/#primaryimage"},"thumbnailUrl":"https:\/\/vieassociative.be\/actualites\/wp-content\/uploads\/2024\/10\/Ce-projecteur-de-jeu-est-une-bonne-affaire-lors-du.png","keywords":["affaire","bonne","Day","doctobre","est","jeu","lors","Prime","projecteur","une"],"articleSection":["Technologie"],"inLanguage":"fr-BE"},{"@type":"WebPage","@id":"https:\/\/vieassociative.be\/actualites\/ce-projecteur-de-jeu-est-une-bonne-affaire-lors-du-prime-day-doctobre\/","url":"https:\/\/vieassociative.be\/actualites\/ce-projecteur-de-jeu-est-une-bonne-affaire-lors-du-prime-day-doctobre\/","name":"Ce projecteur de jeu est une bonne affaire lors du Prime Day d'octobre | Vie Associative","isPartOf":{"@id":"https:\/\/vieassociative.be\/actualites\/#website"},"primaryImageOfPage":{"@id":"https:\/\/vieassociative.be\/actualites\/ce-projecteur-de-jeu-est-une-bonne-affaire-lors-du-prime-day-doctobre\/#primaryimage"},"image":{"@id":"https:\/\/vieassociative.be\/actualites\/ce-projecteur-de-jeu-est-une-bonne-affaire-lors-du-prime-day-doctobre\/#primaryimage"},"thumbnailUrl":"https:\/\/vieassociative.be\/actualites\/wp-content\/uploads\/2024\/10\/Ce-projecteur-de-jeu-est-une-bonne-affaire-lors-du.png","datePublished":"2024-10-09T14:17:25+00:00","dateModified":"2024-10-09T14:17:25+00:00","breadcrumb":{"@id":"https:\/\/vieassociative.be\/actualites\/ce-projecteur-de-jeu-est-une-bonne-affaire-lors-du-prime-day-doctobre\/#breadcrumb"},"inLanguage":"fr-BE","potentialAction":[{"@type":"ReadAction","target":["https:\/\/vieassociative.be\/actualites\/ce-projecteur-de-jeu-est-une-bonne-affaire-lors-du-prime-day-doctobre\/"]}]},{"@type":"ImageObject","inLanguage":"fr-BE","@id":"https:\/\/vieassociative.be\/actualites\/ce-projecteur-de-jeu-est-une-bonne-affaire-lors-du-prime-day-doctobre\/#primaryimage","url":"https:\/\/vieassociative.be\/actualites\/wp-content\/uploads\/2024\/10\/Ce-projecteur-de-jeu-est-une-bonne-affaire-lors-du.png","contentUrl":"https:\/\/vieassociative.be\/actualites\/wp-content\/uploads\/2024\/10\/Ce-projecteur-de-jeu-est-une-bonne-affaire-lors-du.png","width":1200,"height":675,"caption":"Ce projecteur de jeu est une bonne affaire lors du Prime Day d'octobre"},{"@type":"BreadcrumbList","@id":"https:\/\/vieassociative.be\/actualites\/ce-projecteur-de-jeu-est-une-bonne-affaire-lors-du-prime-day-doctobre\/#breadcrumb","itemListElement":[{"@type":"ListItem","position":1,"name":"Accueil","item":"https:\/\/vieassociative.be\/actualites\/"},{"@type":"ListItem","position":2,"name":"Ce projecteur de jeu est une bonne affaire lors du Prime Day d&rsquo;octobre"}]},{"@type":"WebSite","@id":"https:\/\/vieassociative.be\/actualites\/#website","url":"https:\/\/vieassociative.be\/actualites\/","name":"Vie Associative","description":"","publisher":{"@id":"https:\/\/vieassociative.be\/actualites\/#organization"},"potentialAction":[{"@type":"SearchAction","target":{"@type":"EntryPoint","urlTemplate":"https:\/\/vieassociative.be\/actualites\/?s={search_term_string}"},"query-input":{"@type":"PropertyValueSpecification","valueRequired":true,"valueName":"search_term_string"}}],"inLanguage":"fr-BE"},{"@type":"Organization","@id":"https:\/\/vieassociative.be\/actualites\/#organization","name":"Vie Associative","url":"https:\/\/vieassociative.be\/actualites\/","logo":{"@type":"ImageObject","inLanguage":"fr-BE","@id":"https:\/\/vieassociative.be\/actualites\/#\/schema\/logo\/image\/","url":"https:\/\/vieassociative.be\/actualites\/wp-content\/uploads\/2024\/09\/cropped-vieassociative_favicon.ico.png","contentUrl":"https:\/\/vieassociative.be\/actualites\/wp-content\/uploads\/2024\/09\/cropped-vieassociative_favicon.ico.png","width":512,"height":512,"caption":"Vie Associative"},"image":{"@id":"https:\/\/vieassociative.be\/actualites\/#\/schema\/logo\/image\/"}},{"@type":"Person","@id":"https:\/\/vieassociative.be\/actualites\/#\/schema\/person\/b87ac4f82f9d4e7b7cec7395b679edc4","name":"Julien","image":{"@type":"ImageObject","inLanguage":"fr-BE","@id":"https:\/\/vieassociative.be\/actualites\/#\/schema\/person\/image\/","url":"https:\/\/vieassociative.be\/actualites\/wp-content\/uploads\/2024\/09\/vie-associative-1-150x150.jpg","contentUrl":"https:\/\/vieassociative.be\/actualites\/wp-content\/uploads\/2024\/09\/vie-associative-1-150x150.jpg","caption":"Julien"},"description":"Je suis Julien, r\u00e9dacteur pour Vie Associative. Passionn\u00e9 par le monde associatif depuis plus de 10 ans, j'ai \u00e0 c\u0153ur de partager des histoires inspirantes et de mettre en lumi\u00e8re les initiatives locales. Mon objectif est de sensibiliser et d'encourager l'engagement communautaire \u00e0 travers mes articles.","sameAs":["https:\/\/vieassociative.be\/"]}]}},"_links":{"self":[{"href":"https:\/\/vieassociative.be\/actualites\/wp-json\/wp\/v2\/posts\/1033"}],"collection":[{"href":"https:\/\/vieassociative.be\/actualites\/wp-json\/wp\/v2\/posts"}],"about":[{"href":"https:\/\/vieassociative.be\/actualites\/wp-json\/wp\/v2\/types\/post"}],"author":[{"embeddable":true,"href":"https:\/\/vieassociative.be\/actualites\/wp-json\/wp\/v2\/users\/1"}],"replies":[{"embeddable":true,"href":"https:\/\/vieassociative.be\/actualites\/wp-json\/wp\/v2\/comments?post=1033"}],"version-history":[{"count":0,"href":"https:\/\/vieassociative.be\/actualites\/wp-json\/wp\/v2\/posts\/1033\/revisions"}],"wp:featuredmedia":[{"embeddable":true,"href":"https:\/\/vieassociative.be\/actualites\/wp-json\/wp\/v2\/media\/1034"}],"wp:attachment":[{"href":"https:\/\/vieassociative.be\/actualites\/wp-json\/wp\/v2\/media?parent=1033"}],"wp:term":[{"taxonomy":"category","embeddable":true,"href":"https:\/\/vieassociative.be\/actualites\/wp-json\/wp\/v2\/categories?post=1033"},{"taxonomy":"post_tag","embeddable":true,"href":"https:\/\/vieassociative.be\/actualites\/wp-json\/wp\/v2\/tags?post=1033"}],"curies":[{"name":"wp","href":"https:\/\/api.w.org\/{rel}","templated":true}]}}