{"id":10328,"date":"2025-09-29T10:17:15","date_gmt":"2025-09-29T08:17:15","guid":{"rendered":"https:\/\/vieassociative.be\/actualites\/lenquete-voit-le-ps-en-haut-de-la-wallonie-la-preoccupation-de-vlaam-en-flandre-et-le-ptb-a-bruxelles\/"},"modified":"2025-09-29T10:17:15","modified_gmt":"2025-09-29T08:17:15","slug":"lenquete-voit-le-ps-en-haut-de-la-wallonie-la-preoccupation-de-vlaam-en-flandre-et-le-ptb-a-bruxelles","status":"publish","type":"post","link":"https:\/\/vieassociative.be\/actualites\/lenquete-voit-le-ps-en-haut-de-la-wallonie-la-preoccupation-de-vlaam-en-flandre-et-le-ptb-a-bruxelles\/","title":{"rendered":"L&rsquo;enqu\u00eate voit le PS en haut de la Wallonie, la pr\u00e9occupation de Vlaam en Flandre et le PTB \u00e0 Bruxelles"},"content":{"rendered":"<p><strong>Les socialistes (PS) sont \u00e0 la t\u00eate des intentions \u00e9lectorales de Wallonie, tandis que la pr\u00e9occupation du VLAAM m\u00e8ne \u00e0 la Flandre, comme on peut le voir de la Grande Barom\u00e8re le S Thisir RTL Info-Ich-Vtm-Het Laatte, Nieuws publi\u00e9 vendredi soir. \u00c0 Bruxelles, le PTB radical de la gauche prend la premi\u00e8re place.<\/strong><\/p>\n<p><span id=\"more-425602\"><\/span>En Flandre, le classement du VLAAM est de retour devant le N-VA pour la premi\u00e8re fois depuis les \u00e9lections en juin 2024. Le parti extr\u00e9miste \u00e0 droite s&rsquo;\u00e9l\u00e8ve \u00e0 26,7% des intentions vocales, contre 23,4% pour les nationalistes flamands du Premier ministre Bart de Wever. Derri\u00e8re il continuera de se battre pour la troisi\u00e8me place (13,6%) et le CD&#038;V (13,4%).<\/p>\n<p>Le PVDA, homologue flamand du PTB \u00e0 Bruxelles et Wallonie, atteint 9,1%. Groen a 7,3% et les lib\u00e9raux du VLD ouvert \u00e0 5,7%.<\/p>\n<div id=\"attachment_262404\" class=\"wp-caption alignleft\" style=\"max-width: 300px\"><img fetchpriority=\"high\" decoding=\"async\" class=\"wp-image-262404 size-medium\" src=\"https:\/\/vieassociative.be\/actualites\/wp-content\/uploads\/2024\/12\/Ninove-entre-dans-lhistoire-Guy-Dhaeseleer-est-le-premier.jpeg\" alt=\"\" width=\"300\" height=\"200\"><\/div>\n<p>Dans la Wallonie, le PS consolide sa premi\u00e8re place avec 26,2% des intentions vocales, qu&rsquo;il avait d\u00e9j\u00e0 r\u00e9alis\u00e9es dans les deux enqu\u00eates trimestrielles pr\u00e9c\u00e9dentes. Il a maintenant 2,3 points d&rsquo;avance sur la RM (23,9%), une avance qui est faible, mais qui augmente. \u00c0 18,4%, PTB suit \u00e0 la troisi\u00e8me place devant Les Engages (18,2%). Ecolo forme le fond de 7,7%.<\/p>\n<p>Les plus grands changements dans les intentions \u00e9lectorales par rapport \u00e0 l&rsquo;enqu\u00eate pr\u00e9c\u00e9dente peuvent \u00eatre observ\u00e9s dans la capitale, qui n&rsquo;a toujours pas de nouveau gouvernement. Le PTB devient le parti le plus fort avec 20,6% des voix, juste avant le HP avec 20,3%. Avec 16,9%, le MR perd 4,5 points par rapport \u00e0 l&rsquo;enqu\u00eate de juin. Il y a eu un r\u00e9sultat pire en dernier en mars 2021 (16,4%).<\/p>\n<p>\u00c0 Bruxelles, Les Engages a gard\u00e9 sa quatri\u00e8me place (9,7%) devant Ecolo (9,5%) et D\u00e9fi (3,8%). Cette derni\u00e8re f\u00eate est inf\u00e9rieure \u00e0 l&rsquo;obstacle \u00e0 5% pour la deuxi\u00e8me fois cons\u00e9cutive. Des parties n\u00e9erlandaises de la r\u00e9gion de Bruxelles-Haupsydt, les VLAAM ont 4,3%, le N-VA \u00e0 3,2% et la taille \u00e0 2,9%.<\/p>\n<p>Les personnalit\u00e9s les plus populaires de Wallonia et de Bruxelles sont l&rsquo;ancienne Premier ministre Sophie Wilm\u00e8s et son successeur de la Rue de la Loi 16, Alexander de Croo. Le pr\u00e9sident du PS, Paul Magnette, prend la troisi\u00e8me position.<\/p>\n<p>En Flandre, trois personnalit\u00e9s du N-VA prouvent le podium: Bart de Wever, Zuhal Demir et Theo Francken. (Cre)<\/p>\n<p><em><strong>Sur le sujet, voir \u00e9galement l&rsquo;article suivant sur OD:<\/strong><\/em><\/p>\n<div class=\"responsive-embed widescreen\">\n<blockquote class=\"wp-embedded-content\" data-secret=\"wCl09VnL93\">\n<p>M. Le pr\u00e9sident Georges-Louis Bouchez est critiqu\u00e9: Jarfassa, Polterer, N\u00e9potiste, Trumpist?<\/p>\n<\/blockquote>\n<p><iframe loading=\"lazy\" class=\"wp-embedded-content\" sandbox=\"allow-scripts\" security=\"restricted\" style=\"position: absolute; visibility: hidden;\" title=\"\u201eMR-Vorsitzender Georges-Louis Bouchez steht in der Kritik: Tausendsassa, Polterer, Nepotist, Trumpist?\u201c \u2014 Ostbelgien Direkt\" src=\"https:\/\/ostbelgiendirekt.be\/about:blank\" data-secret=\"wCl09VnL93\" width=\"500\" height=\"282\" frameborder=\"0\" marginwidth=\"0\" marginheight=\"0\" scrolling=\"no\" data-rocket-lazyload=\"fitvidscompatible\" data-lazy-src=\"https:\/\/ostbelgiendirekt.be\/mr-chef-georges-louis-bouchez-424246\/embed#?secret=qjdIuX3EwC#?secret=wCl09VnL93\"><\/iframe><noscript><iframe class=\"wp-embedded-content\" sandbox=\"allow-scripts\" security=\"restricted\" style=\"position: absolute; visibility: hidden;\" title=\"\u201eMR-Vorsitzender Georges-Louis Bouchez steht in der Kritik: Tausendsassa, Polterer, Nepotist, Trumpist?\u201c \u2014 Ostbelgien Direkt\" src=\"https:\/\/ostbelgiendirekt.be\/mr-chef-georges-louis-bouchez-424246\/embed#?secret=qjdIuX3EwC#?secret=wCl09VnL93\" data-secret=\"wCl09VnL93\" width=\"500\" height=\"282\" frameborder=\"0\" marginwidth=\"0\" marginheight=\"0\" scrolling=\"no\"><\/iframe><\/noscript><\/p>\n<\/div>\n","protected":false},"excerpt":{"rendered":"<p>Les socialistes (PS) sont \u00e0 la t\u00eate des intentions \u00e9lectorales de Wallonie, tandis que la pr\u00e9occupation du VLAAM m\u00e8ne \u00e0 la Flandre, comme on peut<\/p>\n","protected":false},"author":1,"featured_media":10329,"comment_status":"","ping_status":"","sticky":false,"template":"","format":"standard","meta":{"footnotes":""},"categories":[298],"tags":[455,4128,3539,8709,8711,2972,8712,8710,2970],"class_list":["post-10328","post","type-post","status-publish","format-standard","has-post-thumbnail","hentry","category-belgique","tag-bruxelles","tag-flandre","tag-haut","tag-lenquete","tag-preoccupation","tag-ptb","tag-vlaam","tag-voit","tag-wallonie","generate-columns","tablet-grid-50","mobile-grid-100","grid-parent","grid-33"],"yoast_head":"<!-- This site is optimized with the Yoast SEO plugin v24.0 - https:\/\/yoast.com\/wordpress\/plugins\/seo\/ -->\n<title>L&#039;enqu\u00eate voit le PS en haut de la Wallonie, la pr\u00e9occupation de Vlaam en Flandre et le PTB \u00e0 Bruxelles | Vie Associative<\/title>\n<meta name=\"robots\" content=\"index, follow, max-snippet:-1, max-image-preview:large, max-video-preview:-1\" \/>\n<link rel=\"canonical\" href=\"https:\/\/vieassociative.be\/actualites\/lenquete-voit-le-ps-en-haut-de-la-wallonie-la-preoccupation-de-vlaam-en-flandre-et-le-ptb-a-bruxelles\/\" \/>\n<meta property=\"og:locale\" content=\"fr_FR\" \/>\n<meta property=\"og:type\" content=\"article\" \/>\n<meta property=\"og:title\" content=\"L&#039;enqu\u00eate voit le PS en haut de la Wallonie, la pr\u00e9occupation de Vlaam en Flandre et le PTB \u00e0 Bruxelles | Vie Associative\" \/>\n<meta property=\"og:description\" content=\"Les socialistes (PS) sont \u00e0 la t\u00eate des intentions \u00e9lectorales de Wallonie, tandis que la pr\u00e9occupation du VLAAM m\u00e8ne \u00e0 la Flandre, comme on peut\" \/>\n<meta property=\"og:url\" content=\"https:\/\/vieassociative.be\/actualites\/lenquete-voit-le-ps-en-haut-de-la-wallonie-la-preoccupation-de-vlaam-en-flandre-et-le-ptb-a-bruxelles\/\" \/>\n<meta property=\"og:site_name\" content=\"Vie Associative\" \/>\n<meta property=\"article:published_time\" content=\"2025-09-29T08:17:15+00:00\" \/>\n<meta property=\"og:image\" content=\"https:\/\/vieassociative.be\/actualites\/wp-content\/uploads\/2024\/09\/header_backgroundk-01-e1726694325946.png\" \/>\n\t<meta property=\"og:image:width\" content=\"279\" \/>\n\t<meta property=\"og:image:height\" content=\"92\" \/>\n\t<meta property=\"og:image:type\" content=\"image\/png\" \/>\n<meta name=\"author\" content=\"Julien\" \/>\n<meta name=\"twitter:card\" content=\"summary_large_image\" \/>\n<meta name=\"twitter:label1\" content=\"\u00c9crit par\" \/>\n\t<meta name=\"twitter:data1\" content=\"Julien\" \/>\n\t<meta name=\"twitter:label2\" content=\"Dur\u00e9e de lecture est.\" \/>\n\t<meta name=\"twitter:data2\" content=\"2 minutes\" \/>\n<script type=\"application\/ld+json\" class=\"yoast-schema-graph\">{\"@context\":\"https:\/\/schema.org\",\"@graph\":[{\"@type\":\"Article\",\"@id\":\"https:\/\/vieassociative.be\/actualites\/lenquete-voit-le-ps-en-haut-de-la-wallonie-la-preoccupation-de-vlaam-en-flandre-et-le-ptb-a-bruxelles\/#article\",\"isPartOf\":{\"@id\":\"https:\/\/vieassociative.be\/actualites\/lenquete-voit-le-ps-en-haut-de-la-wallonie-la-preoccupation-de-vlaam-en-flandre-et-le-ptb-a-bruxelles\/\"},\"author\":{\"name\":\"Julien\",\"@id\":\"https:\/\/vieassociative.be\/actualites\/#\/schema\/person\/b87ac4f82f9d4e7b7cec7395b679edc4\"},\"headline\":\"L&rsquo;enqu\u00eate voit le PS en haut de la Wallonie, la pr\u00e9occupation de Vlaam en Flandre et le PTB \u00e0 Bruxelles\",\"datePublished\":\"2025-09-29T08:17:15+00:00\",\"dateModified\":\"2025-09-29T08:17:15+00:00\",\"mainEntityOfPage\":{\"@id\":\"https:\/\/vieassociative.be\/actualites\/lenquete-voit-le-ps-en-haut-de-la-wallonie-la-preoccupation-de-vlaam-en-flandre-et-le-ptb-a-bruxelles\/\"},\"wordCount\":423,\"publisher\":{\"@id\":\"https:\/\/vieassociative.be\/actualites\/#organization\"},\"image\":{\"@id\":\"https:\/\/vieassociative.be\/actualites\/lenquete-voit-le-ps-en-haut-de-la-wallonie-la-preoccupation-de-vlaam-en-flandre-et-le-ptb-a-bruxelles\/#primaryimage\"},\"thumbnailUrl\":\"https:\/\/vieassociative.be\/actualites\/wp-content\/uploads\/2025\/09\/Lenquete-voit-le-PS-en-haut-de-la-Wallonie-la.jpg\",\"keywords\":[\"Bruxelles\",\"Flandre\",\"haut\",\"Lenqu\u00eate\",\"pr\u00e9occupation\",\"PTB\",\"Vlaam\",\"voit\",\"Wallonie\"],\"articleSection\":[\"Belgique\"],\"inLanguage\":\"fr-BE\"},{\"@type\":\"WebPage\",\"@id\":\"https:\/\/vieassociative.be\/actualites\/lenquete-voit-le-ps-en-haut-de-la-wallonie-la-preoccupation-de-vlaam-en-flandre-et-le-ptb-a-bruxelles\/\",\"url\":\"https:\/\/vieassociative.be\/actualites\/lenquete-voit-le-ps-en-haut-de-la-wallonie-la-preoccupation-de-vlaam-en-flandre-et-le-ptb-a-bruxelles\/\",\"name\":\"L'enqu\u00eate voit le PS en haut de la Wallonie, la pr\u00e9occupation de Vlaam en Flandre et le PTB \u00e0 Bruxelles | Vie Associative\",\"isPartOf\":{\"@id\":\"https:\/\/vieassociative.be\/actualites\/#website\"},\"primaryImageOfPage\":{\"@id\":\"https:\/\/vieassociative.be\/actualites\/lenquete-voit-le-ps-en-haut-de-la-wallonie-la-preoccupation-de-vlaam-en-flandre-et-le-ptb-a-bruxelles\/#primaryimage\"},\"image\":{\"@id\":\"https:\/\/vieassociative.be\/actualites\/lenquete-voit-le-ps-en-haut-de-la-wallonie-la-preoccupation-de-vlaam-en-flandre-et-le-ptb-a-bruxelles\/#primaryimage\"},\"thumbnailUrl\":\"https:\/\/vieassociative.be\/actualites\/wp-content\/uploads\/2025\/09\/Lenquete-voit-le-PS-en-haut-de-la-Wallonie-la.jpg\",\"datePublished\":\"2025-09-29T08:17:15+00:00\",\"dateModified\":\"2025-09-29T08:17:15+00:00\",\"breadcrumb\":{\"@id\":\"https:\/\/vieassociative.be\/actualites\/lenquete-voit-le-ps-en-haut-de-la-wallonie-la-preoccupation-de-vlaam-en-flandre-et-le-ptb-a-bruxelles\/#breadcrumb\"},\"inLanguage\":\"fr-BE\",\"potentialAction\":[{\"@type\":\"ReadAction\",\"target\":[\"https:\/\/vieassociative.be\/actualites\/lenquete-voit-le-ps-en-haut-de-la-wallonie-la-preoccupation-de-vlaam-en-flandre-et-le-ptb-a-bruxelles\/\"]}]},{\"@type\":\"ImageObject\",\"inLanguage\":\"fr-BE\",\"@id\":\"https:\/\/vieassociative.be\/actualites\/lenquete-voit-le-ps-en-haut-de-la-wallonie-la-preoccupation-de-vlaam-en-flandre-et-le-ptb-a-bruxelles\/#primaryimage\",\"url\":\"https:\/\/vieassociative.be\/actualites\/wp-content\/uploads\/2025\/09\/Lenquete-voit-le-PS-en-haut-de-la-Wallonie-la.jpg\",\"contentUrl\":\"https:\/\/vieassociative.be\/actualites\/wp-content\/uploads\/2025\/09\/Lenquete-voit-le-PS-en-haut-de-la-Wallonie-la.jpg\",\"width\":1200,\"height\":800,\"caption\":\"L'enqu\u00eate voit le PS en haut de la Wallonie, la pr\u00e9occupation de Vlaam en Flandre et le PTB \u00e0 Bruxelles\"},{\"@type\":\"BreadcrumbList\",\"@id\":\"https:\/\/vieassociative.be\/actualites\/lenquete-voit-le-ps-en-haut-de-la-wallonie-la-preoccupation-de-vlaam-en-flandre-et-le-ptb-a-bruxelles\/#breadcrumb\",\"itemListElement\":[{\"@type\":\"ListItem\",\"position\":1,\"name\":\"Accueil\",\"item\":\"https:\/\/vieassociative.be\/actualites\/\"},{\"@type\":\"ListItem\",\"position\":2,\"name\":\"L&rsquo;enqu\u00eate voit le PS en haut de la Wallonie, la pr\u00e9occupation de Vlaam en Flandre et le PTB \u00e0 Bruxelles\"}]},{\"@type\":\"WebSite\",\"@id\":\"https:\/\/vieassociative.be\/actualites\/#website\",\"url\":\"https:\/\/vieassociative.be\/actualites\/\",\"name\":\"Vie Associative\",\"description\":\"\",\"publisher\":{\"@id\":\"https:\/\/vieassociative.be\/actualites\/#organization\"},\"potentialAction\":[{\"@type\":\"SearchAction\",\"target\":{\"@type\":\"EntryPoint\",\"urlTemplate\":\"https:\/\/vieassociative.be\/actualites\/?s={search_term_string}\"},\"query-input\":{\"@type\":\"PropertyValueSpecification\",\"valueRequired\":true,\"valueName\":\"search_term_string\"}}],\"inLanguage\":\"fr-BE\"},{\"@type\":\"Organization\",\"@id\":\"https:\/\/vieassociative.be\/actualites\/#organization\",\"name\":\"Vie Associative\",\"url\":\"https:\/\/vieassociative.be\/actualites\/\",\"logo\":{\"@type\":\"ImageObject\",\"inLanguage\":\"fr-BE\",\"@id\":\"https:\/\/vieassociative.be\/actualites\/#\/schema\/logo\/image\/\",\"url\":\"https:\/\/vieassociative.be\/actualites\/wp-content\/uploads\/2024\/09\/cropped-vieassociative_favicon.ico.png\",\"contentUrl\":\"https:\/\/vieassociative.be\/actualites\/wp-content\/uploads\/2024\/09\/cropped-vieassociative_favicon.ico.png\",\"width\":512,\"height\":512,\"caption\":\"Vie Associative\"},\"image\":{\"@id\":\"https:\/\/vieassociative.be\/actualites\/#\/schema\/logo\/image\/\"}},{\"@type\":\"Person\",\"@id\":\"https:\/\/vieassociative.be\/actualites\/#\/schema\/person\/b87ac4f82f9d4e7b7cec7395b679edc4\",\"name\":\"Julien\",\"image\":{\"@type\":\"ImageObject\",\"inLanguage\":\"fr-BE\",\"@id\":\"https:\/\/vieassociative.be\/actualites\/#\/schema\/person\/image\/\",\"url\":\"https:\/\/vieassociative.be\/actualites\/wp-content\/uploads\/2024\/09\/vie-associative-1-150x150.jpg\",\"contentUrl\":\"https:\/\/vieassociative.be\/actualites\/wp-content\/uploads\/2024\/09\/vie-associative-1-150x150.jpg\",\"caption\":\"Julien\"},\"description\":\"Je suis Julien, r\u00e9dacteur pour Vie Associative. Passionn\u00e9 par le monde associatif depuis plus de 10 ans, j'ai \u00e0 c\u0153ur de partager des histoires inspirantes et de mettre en lumi\u00e8re les initiatives locales. Mon objectif est de sensibiliser et d'encourager l'engagement communautaire \u00e0 travers mes articles.\",\"sameAs\":[\"https:\/\/vieassociative.be\/\"]}]}<\/script>\n<!-- \/ Yoast SEO plugin. -->","yoast_head_json":{"title":"L'enqu\u00eate voit le PS en haut de la Wallonie, la pr\u00e9occupation de Vlaam en Flandre et le PTB \u00e0 Bruxelles | Vie Associative","robots":{"index":"index","follow":"follow","max-snippet":"max-snippet:-1","max-image-preview":"max-image-preview:large","max-video-preview":"max-video-preview:-1"},"canonical":"https:\/\/vieassociative.be\/actualites\/lenquete-voit-le-ps-en-haut-de-la-wallonie-la-preoccupation-de-vlaam-en-flandre-et-le-ptb-a-bruxelles\/","og_locale":"fr_FR","og_type":"article","og_title":"L'enqu\u00eate voit le PS en haut de la Wallonie, la pr\u00e9occupation de Vlaam en Flandre et le PTB \u00e0 Bruxelles | Vie Associative","og_description":"Les socialistes (PS) sont \u00e0 la t\u00eate des intentions \u00e9lectorales de Wallonie, tandis que la pr\u00e9occupation du VLAAM m\u00e8ne \u00e0 la Flandre, comme on peut","og_url":"https:\/\/vieassociative.be\/actualites\/lenquete-voit-le-ps-en-haut-de-la-wallonie-la-preoccupation-de-vlaam-en-flandre-et-le-ptb-a-bruxelles\/","og_site_name":"Vie Associative","article_published_time":"2025-09-29T08:17:15+00:00","og_image":[{"width":279,"height":92,"url":"https:\/\/vieassociative.be\/actualites\/wp-content\/uploads\/2024\/09\/header_backgroundk-01-e1726694325946.png","type":"image\/png"}],"author":"Julien","twitter_card":"summary_large_image","twitter_misc":{"\u00c9crit par":"Julien","Dur\u00e9e de lecture est.":"2 minutes"},"schema":{"@context":"https:\/\/schema.org","@graph":[{"@type":"Article","@id":"https:\/\/vieassociative.be\/actualites\/lenquete-voit-le-ps-en-haut-de-la-wallonie-la-preoccupation-de-vlaam-en-flandre-et-le-ptb-a-bruxelles\/#article","isPartOf":{"@id":"https:\/\/vieassociative.be\/actualites\/lenquete-voit-le-ps-en-haut-de-la-wallonie-la-preoccupation-de-vlaam-en-flandre-et-le-ptb-a-bruxelles\/"},"author":{"name":"Julien","@id":"https:\/\/vieassociative.be\/actualites\/#\/schema\/person\/b87ac4f82f9d4e7b7cec7395b679edc4"},"headline":"L&rsquo;enqu\u00eate voit le PS en haut de la Wallonie, la pr\u00e9occupation de Vlaam en Flandre et le PTB \u00e0 Bruxelles","datePublished":"2025-09-29T08:17:15+00:00","dateModified":"2025-09-29T08:17:15+00:00","mainEntityOfPage":{"@id":"https:\/\/vieassociative.be\/actualites\/lenquete-voit-le-ps-en-haut-de-la-wallonie-la-preoccupation-de-vlaam-en-flandre-et-le-ptb-a-bruxelles\/"},"wordCount":423,"publisher":{"@id":"https:\/\/vieassociative.be\/actualites\/#organization"},"image":{"@id":"https:\/\/vieassociative.be\/actualites\/lenquete-voit-le-ps-en-haut-de-la-wallonie-la-preoccupation-de-vlaam-en-flandre-et-le-ptb-a-bruxelles\/#primaryimage"},"thumbnailUrl":"https:\/\/vieassociative.be\/actualites\/wp-content\/uploads\/2025\/09\/Lenquete-voit-le-PS-en-haut-de-la-Wallonie-la.jpg","keywords":["Bruxelles","Flandre","haut","Lenqu\u00eate","pr\u00e9occupation","PTB","Vlaam","voit","Wallonie"],"articleSection":["Belgique"],"inLanguage":"fr-BE"},{"@type":"WebPage","@id":"https:\/\/vieassociative.be\/actualites\/lenquete-voit-le-ps-en-haut-de-la-wallonie-la-preoccupation-de-vlaam-en-flandre-et-le-ptb-a-bruxelles\/","url":"https:\/\/vieassociative.be\/actualites\/lenquete-voit-le-ps-en-haut-de-la-wallonie-la-preoccupation-de-vlaam-en-flandre-et-le-ptb-a-bruxelles\/","name":"L'enqu\u00eate voit le PS en haut de la Wallonie, la pr\u00e9occupation de Vlaam en Flandre et le PTB \u00e0 Bruxelles | Vie Associative","isPartOf":{"@id":"https:\/\/vieassociative.be\/actualites\/#website"},"primaryImageOfPage":{"@id":"https:\/\/vieassociative.be\/actualites\/lenquete-voit-le-ps-en-haut-de-la-wallonie-la-preoccupation-de-vlaam-en-flandre-et-le-ptb-a-bruxelles\/#primaryimage"},"image":{"@id":"https:\/\/vieassociative.be\/actualites\/lenquete-voit-le-ps-en-haut-de-la-wallonie-la-preoccupation-de-vlaam-en-flandre-et-le-ptb-a-bruxelles\/#primaryimage"},"thumbnailUrl":"https:\/\/vieassociative.be\/actualites\/wp-content\/uploads\/2025\/09\/Lenquete-voit-le-PS-en-haut-de-la-Wallonie-la.jpg","datePublished":"2025-09-29T08:17:15+00:00","dateModified":"2025-09-29T08:17:15+00:00","breadcrumb":{"@id":"https:\/\/vieassociative.be\/actualites\/lenquete-voit-le-ps-en-haut-de-la-wallonie-la-preoccupation-de-vlaam-en-flandre-et-le-ptb-a-bruxelles\/#breadcrumb"},"inLanguage":"fr-BE","potentialAction":[{"@type":"ReadAction","target":["https:\/\/vieassociative.be\/actualites\/lenquete-voit-le-ps-en-haut-de-la-wallonie-la-preoccupation-de-vlaam-en-flandre-et-le-ptb-a-bruxelles\/"]}]},{"@type":"ImageObject","inLanguage":"fr-BE","@id":"https:\/\/vieassociative.be\/actualites\/lenquete-voit-le-ps-en-haut-de-la-wallonie-la-preoccupation-de-vlaam-en-flandre-et-le-ptb-a-bruxelles\/#primaryimage","url":"https:\/\/vieassociative.be\/actualites\/wp-content\/uploads\/2025\/09\/Lenquete-voit-le-PS-en-haut-de-la-Wallonie-la.jpg","contentUrl":"https:\/\/vieassociative.be\/actualites\/wp-content\/uploads\/2025\/09\/Lenquete-voit-le-PS-en-haut-de-la-Wallonie-la.jpg","width":1200,"height":800,"caption":"L'enqu\u00eate voit le PS en haut de la Wallonie, la pr\u00e9occupation de Vlaam en Flandre et le PTB \u00e0 Bruxelles"},{"@type":"BreadcrumbList","@id":"https:\/\/vieassociative.be\/actualites\/lenquete-voit-le-ps-en-haut-de-la-wallonie-la-preoccupation-de-vlaam-en-flandre-et-le-ptb-a-bruxelles\/#breadcrumb","itemListElement":[{"@type":"ListItem","position":1,"name":"Accueil","item":"https:\/\/vieassociative.be\/actualites\/"},{"@type":"ListItem","position":2,"name":"L&rsquo;enqu\u00eate voit le PS en haut de la Wallonie, la pr\u00e9occupation de Vlaam en Flandre et le PTB \u00e0 Bruxelles"}]},{"@type":"WebSite","@id":"https:\/\/vieassociative.be\/actualites\/#website","url":"https:\/\/vieassociative.be\/actualites\/","name":"Vie Associative","description":"","publisher":{"@id":"https:\/\/vieassociative.be\/actualites\/#organization"},"potentialAction":[{"@type":"SearchAction","target":{"@type":"EntryPoint","urlTemplate":"https:\/\/vieassociative.be\/actualites\/?s={search_term_string}"},"query-input":{"@type":"PropertyValueSpecification","valueRequired":true,"valueName":"search_term_string"}}],"inLanguage":"fr-BE"},{"@type":"Organization","@id":"https:\/\/vieassociative.be\/actualites\/#organization","name":"Vie Associative","url":"https:\/\/vieassociative.be\/actualites\/","logo":{"@type":"ImageObject","inLanguage":"fr-BE","@id":"https:\/\/vieassociative.be\/actualites\/#\/schema\/logo\/image\/","url":"https:\/\/vieassociative.be\/actualites\/wp-content\/uploads\/2024\/09\/cropped-vieassociative_favicon.ico.png","contentUrl":"https:\/\/vieassociative.be\/actualites\/wp-content\/uploads\/2024\/09\/cropped-vieassociative_favicon.ico.png","width":512,"height":512,"caption":"Vie Associative"},"image":{"@id":"https:\/\/vieassociative.be\/actualites\/#\/schema\/logo\/image\/"}},{"@type":"Person","@id":"https:\/\/vieassociative.be\/actualites\/#\/schema\/person\/b87ac4f82f9d4e7b7cec7395b679edc4","name":"Julien","image":{"@type":"ImageObject","inLanguage":"fr-BE","@id":"https:\/\/vieassociative.be\/actualites\/#\/schema\/person\/image\/","url":"https:\/\/vieassociative.be\/actualites\/wp-content\/uploads\/2024\/09\/vie-associative-1-150x150.jpg","contentUrl":"https:\/\/vieassociative.be\/actualites\/wp-content\/uploads\/2024\/09\/vie-associative-1-150x150.jpg","caption":"Julien"},"description":"Je suis Julien, r\u00e9dacteur pour Vie Associative. Passionn\u00e9 par le monde associatif depuis plus de 10 ans, j'ai \u00e0 c\u0153ur de partager des histoires inspirantes et de mettre en lumi\u00e8re les initiatives locales. Mon objectif est de sensibiliser et d'encourager l'engagement communautaire \u00e0 travers mes articles.","sameAs":["https:\/\/vieassociative.be\/"]}]}},"_links":{"self":[{"href":"https:\/\/vieassociative.be\/actualites\/wp-json\/wp\/v2\/posts\/10328"}],"collection":[{"href":"https:\/\/vieassociative.be\/actualites\/wp-json\/wp\/v2\/posts"}],"about":[{"href":"https:\/\/vieassociative.be\/actualites\/wp-json\/wp\/v2\/types\/post"}],"author":[{"embeddable":true,"href":"https:\/\/vieassociative.be\/actualites\/wp-json\/wp\/v2\/users\/1"}],"replies":[{"embeddable":true,"href":"https:\/\/vieassociative.be\/actualites\/wp-json\/wp\/v2\/comments?post=10328"}],"version-history":[{"count":0,"href":"https:\/\/vieassociative.be\/actualites\/wp-json\/wp\/v2\/posts\/10328\/revisions"}],"wp:featuredmedia":[{"embeddable":true,"href":"https:\/\/vieassociative.be\/actualites\/wp-json\/wp\/v2\/media\/10329"}],"wp:attachment":[{"href":"https:\/\/vieassociative.be\/actualites\/wp-json\/wp\/v2\/media?parent=10328"}],"wp:term":[{"taxonomy":"category","embeddable":true,"href":"https:\/\/vieassociative.be\/actualites\/wp-json\/wp\/v2\/categories?post=10328"},{"taxonomy":"post_tag","embeddable":true,"href":"https:\/\/vieassociative.be\/actualites\/wp-json\/wp\/v2\/tags?post=10328"}],"curies":[{"name":"wp","href":"https:\/\/api.w.org\/{rel}","templated":true}]}}