{"id":10326,"date":"2025-09-29T09:18:02","date_gmt":"2025-09-29T07:18:02","guid":{"rendered":"https:\/\/vieassociative.be\/actualites\/je-viens-de-recevoir-la-sangle-de-fitness-en-boucle-polaire-et-ca-a-fiere-allure-jusqua-present\/"},"modified":"2025-09-29T09:18:02","modified_gmt":"2025-09-29T07:18:02","slug":"je-viens-de-recevoir-la-sangle-de-fitness-en-boucle-polaire-et-ca-a-fiere-allure-jusqua-present","status":"publish","type":"post","link":"https:\/\/vieassociative.be\/actualites\/je-viens-de-recevoir-la-sangle-de-fitness-en-boucle-polaire-et-ca-a-fiere-allure-jusqua-present\/","title":{"rendered":"Je viens de recevoir la sangle de fitness en boucle polaire, et \u00e7a a fi\u00e8re allure jusqu&rsquo;\u00e0 pr\u00e9sent"},"content":{"rendered":"<div class=\"mt-4 leading-6 md:mb-8\">Il a \u00e9galement l&rsquo;air plut\u00f4t bien \u00e0 c\u00f4t\u00e9 du whoop 5.0 \/ mg<\/div>\n<p><\/p>\n<p><em>Saviez-vous que vous pouvez personnaliser Google pour filtrer les ordures? <strong>Prendre ces \u00e9tapes<\/strong><\/em><em> Pour de meilleurs r\u00e9sultats de recherche, <strong>y compris l&rsquo;ajout de travail chez Vie Associative comme source pr\u00e9f\u00e9r\u00e9e<\/strong><\/em><em>.<\/em><\/p>\n<hr>\n<p>Le march\u00e9 des groupes de fitness en concurrence avec Whoop commence \u00e0 se remplir, et le dernier sur lequel j&rsquo;ai mis la main est la boucle polaire. (J&rsquo;ai r\u00e9cemment examin\u00e9 Helio Strap d&rsquo;Amazfit et le tracker sans \u00e9cran de Garmin, qui s&rsquo;est av\u00e9r\u00e9 \u00eatre un dispositif de sp\u00e9cialit\u00e9 sur le sommeil.) <\/p>\n<p>Mon examen complet de la boucle polaire devra attendre d&rsquo;avoir plus de donn\u00e9es, mais j&rsquo;ai tout de suite remarqu\u00e9 des diff\u00e9rences physiques importantes entre la boucle polaire et ses concurrents.<\/p>\n<div class=\"mx-auto mb-12 mt-5 w-full max-w-3xl rounded-md border-2 border-gray-100 p-3 shadow-md md:px-7 md:pb-7 md:pt-5\" id=\"related-video\">\n<div class=\"mb-3 flex items-center md:mb-5\">\n        <img decoding=\"async\" class=\"mr-4 mt-0 h-10 w-10 md:mr-5 md:h-12 md:w-12\" src=\"https:\/\/vieassociative.be\/actualites\/wp-content\/uploads\/2025\/09\/1757726237_608_Meta-pourrait-devoiler-une-montre-intelligente-pour-controler-ses-lunettes.jpg\" alt=\"Logo Lifehacker\"><\/p><\/div>\n<div class=\"aspect-video w-full overflow-hidden rounded-md\">\n<div id=\"video-container-01K6A4FDR6W55JQEHXSWAT90SH\"><\/div>\n<\/p><\/div>\n<\/div>\n<p>Vous trouverez ci-dessous une comparaison de taille du Whoop Mg (\u00e0 gauche), de la boucle polaire (centre) et de la sangle d&rsquo;Amazfit Helio (\u00e0 droite). Les trois appareils sont align\u00e9s dans l&rsquo;ordre en baisse du prix et de la taille: le Whoop est le plus petit et co\u00fbte de 199 $ \/ an \u00e0 359 $ \/ an selon le niveau de l&rsquo;adh\u00e9sion que vous choisissez. La boucle polaire est de 199,99 $ en tant qu&rsquo;achat unique sans abonnement, et la sangle d&rsquo;Amazfit Helio est de 99,99 $, \u00e9galement sans abonnement. <\/p>\n<div class=\"eloquent-imagery-image\">\n<div class=\"flex justify-center\">\n                    <img decoding=\"async\" class=\"border border-gray-100\" src=\"https:\/\/vieassociative.be\/actualites\/wp-content\/uploads\/2025\/09\/Je-viens-de-recevoir-la-sangle-de-fitness-en-boucle.jpg\" alt=\"C\u00f4teurs du capteur du Whoop MG, Loop Polar et AmazFit Heliosstrap\" width=\"2000\" height=\"1125\" loading=\"lazy\"  >\n            <\/div>\n<\/p><\/div>\n<p>Je ne sais pas si la boucle sera en mesure de justifier le double du prix de l&rsquo;h\u00e9lio, au moins sur les fonctionnalit\u00e9s (mais nous verrons ce que je ressens apr\u00e8s l&rsquo;avoir mis \u00e0 l&rsquo;\u00e9preuve). Dans sa d\u00e9fense, cependant, je dirai qu&rsquo;il semble que l&rsquo;\u00e9quipe polaire a fait un peu plus d&rsquo;efforts dans le style qu&rsquo;Amazfit, et \u00e0 un \u00e9gard peut-\u00eatre un peu plus que Whoop. Le dispositif Whoop n&rsquo;est disponible qu&rsquo;en noir, bien que vous puissiez le couvrir de bandes de n&rsquo;importe quelle couleur. La boucle polaire, quant \u00e0 elle, est en noir si vous l&rsquo;achetez avec une sangle noire ou brune, et de couleur gris\u00e2tre p\u00e2le si vous l&rsquo;achetez avec la sangle Greige. <\/p>\n<div class=\"eloquent-imagery-image\">\n<div class=\"flex justify-center\">\n                    <img decoding=\"async\" class=\"border border-gray-100\" src=\"https:\/\/vieassociative.be\/actualites\/wp-content\/uploads\/2025\/09\/1759130282_362_Je-viens-de-recevoir-la-sangle-de-fitness-en-boucle.jpg\" alt=\"Boucle polaire avec sangle tir\u00e9e vers le haut, montrant une finition en or en dessous\" width=\"2000\" height=\"1125\" loading=\"lazy\"  >\n            <\/div>\n<\/p><\/div>\n<p>L&rsquo;accent brillant sous le groupe est une belle touche. Comme le whoop et l&rsquo;h\u00e9lio, la boucle polaire couvre son appareil avec une sangle en tissu. Sa conception semble plus simple \u00e0 reproduire, cependant: fixez simplement une sangle de 21 millim\u00e8tres \u00e0 travers les fentes et vous avez une sangle en boucle polaire. <\/p>\n<p>Pendant ce temps, le Whoop a sa propre forme unique de groupe et de fermoir (et le Whoop 5.0 \/ mg actuel prend un groupe diff\u00e9rent de la g\u00e9n\u00e9ration 4.0). L&rsquo;h\u00e9lio peut prendre n&rsquo;importe quelle sangle de montre de 22 millim\u00e8tres, mais seulement si vous \u00eates d&rsquo;accord avec la face en plastique vierge de l&rsquo;appareil. Le march\u00e9 de la sangle tiers me semble plus prometteur pour la boucle que pour ses concurrents. Et bien que Polar n&rsquo;aime probablement pas y penser de cette fa\u00e7on, je consid\u00e8re que la s\u00e9lection abordable et abordable est un plus pour tout portable.<\/p>\n","protected":false},"excerpt":{"rendered":"<p>Il a \u00e9galement l&rsquo;air plut\u00f4t bien \u00e0 c\u00f4t\u00e9 du whoop 5.0 \/ mg Saviez-vous que vous pouvez personnaliser Google pour filtrer les ordures? Prendre ces<\/p>\n","protected":false},"author":1,"featured_media":10327,"comment_status":"","ping_status":"","sticky":false,"template":"","format":"standard","meta":{"footnotes":""},"categories":[38],"tags":[8708,8398,3208,8707,2703,1269,8399,3394,3381,8706,8705],"class_list":["post-10326","post","type-post","status-publish","format-standard","has-post-thumbnail","hentry","category-sante","tag-allure","tag-boucle","tag-ca","tag-fiere","tag-fitness","tag-jusqua","tag-polaire","tag-present","tag-recevoir","tag-sangle","tag-viens","generate-columns","tablet-grid-50","mobile-grid-100","grid-parent","grid-33"],"yoast_head":"<!-- This site is optimized with the Yoast SEO plugin v24.0 - https:\/\/yoast.com\/wordpress\/plugins\/seo\/ -->\n<title>Je viens de recevoir la sangle de fitness en boucle polaire, et \u00e7a a fi\u00e8re allure jusqu&#039;\u00e0 pr\u00e9sent | Vie Associative<\/title>\n<meta name=\"robots\" content=\"index, follow, max-snippet:-1, max-image-preview:large, max-video-preview:-1\" \/>\n<link rel=\"canonical\" href=\"https:\/\/vieassociative.be\/actualites\/je-viens-de-recevoir-la-sangle-de-fitness-en-boucle-polaire-et-ca-a-fiere-allure-jusqua-present\/\" \/>\n<meta property=\"og:locale\" content=\"fr_FR\" \/>\n<meta property=\"og:type\" content=\"article\" \/>\n<meta property=\"og:title\" content=\"Je viens de recevoir la sangle de fitness en boucle polaire, et \u00e7a a fi\u00e8re allure jusqu&#039;\u00e0 pr\u00e9sent | Vie Associative\" \/>\n<meta property=\"og:description\" content=\"Il a \u00e9galement l&rsquo;air plut\u00f4t bien \u00e0 c\u00f4t\u00e9 du whoop 5.0 \/ mg Saviez-vous que vous pouvez personnaliser Google pour filtrer les ordures? Prendre ces\" \/>\n<meta property=\"og:url\" content=\"https:\/\/vieassociative.be\/actualites\/je-viens-de-recevoir-la-sangle-de-fitness-en-boucle-polaire-et-ca-a-fiere-allure-jusqua-present\/\" \/>\n<meta property=\"og:site_name\" content=\"Vie Associative\" \/>\n<meta property=\"article:published_time\" content=\"2025-09-29T07:18:02+00:00\" \/>\n<meta property=\"og:image\" content=\"https:\/\/vieassociative.be\/actualites\/wp-content\/uploads\/2025\/09\/1757726237_608_Meta-pourrait-devoiler-une-montre-intelligente-pour-controler-ses-lunettes.jpg\" \/>\n<meta name=\"author\" content=\"Julien\" \/>\n<meta name=\"twitter:card\" content=\"summary_large_image\" \/>\n<meta name=\"twitter:label1\" content=\"\u00c9crit par\" \/>\n\t<meta name=\"twitter:data1\" content=\"Julien\" \/>\n\t<meta name=\"twitter:label2\" content=\"Dur\u00e9e de lecture est.\" \/>\n\t<meta name=\"twitter:data2\" content=\"2 minutes\" \/>\n<script type=\"application\/ld+json\" class=\"yoast-schema-graph\">{\"@context\":\"https:\/\/schema.org\",\"@graph\":[{\"@type\":\"Article\",\"@id\":\"https:\/\/vieassociative.be\/actualites\/je-viens-de-recevoir-la-sangle-de-fitness-en-boucle-polaire-et-ca-a-fiere-allure-jusqua-present\/#article\",\"isPartOf\":{\"@id\":\"https:\/\/vieassociative.be\/actualites\/je-viens-de-recevoir-la-sangle-de-fitness-en-boucle-polaire-et-ca-a-fiere-allure-jusqua-present\/\"},\"author\":{\"name\":\"Julien\",\"@id\":\"https:\/\/vieassociative.be\/actualites\/#\/schema\/person\/b87ac4f82f9d4e7b7cec7395b679edc4\"},\"headline\":\"Je viens de recevoir la sangle de fitness en boucle polaire, et \u00e7a a fi\u00e8re allure jusqu&rsquo;\u00e0 pr\u00e9sent\",\"datePublished\":\"2025-09-29T07:18:02+00:00\",\"dateModified\":\"2025-09-29T07:18:02+00:00\",\"mainEntityOfPage\":{\"@id\":\"https:\/\/vieassociative.be\/actualites\/je-viens-de-recevoir-la-sangle-de-fitness-en-boucle-polaire-et-ca-a-fiere-allure-jusqua-present\/\"},\"wordCount\":536,\"publisher\":{\"@id\":\"https:\/\/vieassociative.be\/actualites\/#organization\"},\"image\":{\"@id\":\"https:\/\/vieassociative.be\/actualites\/je-viens-de-recevoir-la-sangle-de-fitness-en-boucle-polaire-et-ca-a-fiere-allure-jusqua-present\/#primaryimage\"},\"thumbnailUrl\":\"https:\/\/vieassociative.be\/actualites\/wp-content\/uploads\/2025\/09\/1759130284_Je-viens-de-recevoir-la-sangle-de-fitness-en-boucle.jpg\",\"keywords\":[\"allure\",\"boucle\",\"\u00e7a\",\"fi\u00e8re\",\"fitness\",\"jusqu\u00e0\",\"polaire\",\"pr\u00e9sent\",\"recevoir\",\"sangle\",\"viens\"],\"articleSection\":[\"Sant\u00e9\"],\"inLanguage\":\"fr-BE\"},{\"@type\":\"WebPage\",\"@id\":\"https:\/\/vieassociative.be\/actualites\/je-viens-de-recevoir-la-sangle-de-fitness-en-boucle-polaire-et-ca-a-fiere-allure-jusqua-present\/\",\"url\":\"https:\/\/vieassociative.be\/actualites\/je-viens-de-recevoir-la-sangle-de-fitness-en-boucle-polaire-et-ca-a-fiere-allure-jusqua-present\/\",\"name\":\"Je viens de recevoir la sangle de fitness en boucle polaire, et \u00e7a a fi\u00e8re allure jusqu'\u00e0 pr\u00e9sent | Vie Associative\",\"isPartOf\":{\"@id\":\"https:\/\/vieassociative.be\/actualites\/#website\"},\"primaryImageOfPage\":{\"@id\":\"https:\/\/vieassociative.be\/actualites\/je-viens-de-recevoir-la-sangle-de-fitness-en-boucle-polaire-et-ca-a-fiere-allure-jusqua-present\/#primaryimage\"},\"image\":{\"@id\":\"https:\/\/vieassociative.be\/actualites\/je-viens-de-recevoir-la-sangle-de-fitness-en-boucle-polaire-et-ca-a-fiere-allure-jusqua-present\/#primaryimage\"},\"thumbnailUrl\":\"https:\/\/vieassociative.be\/actualites\/wp-content\/uploads\/2025\/09\/1759130284_Je-viens-de-recevoir-la-sangle-de-fitness-en-boucle.jpg\",\"datePublished\":\"2025-09-29T07:18:02+00:00\",\"dateModified\":\"2025-09-29T07:18:02+00:00\",\"breadcrumb\":{\"@id\":\"https:\/\/vieassociative.be\/actualites\/je-viens-de-recevoir-la-sangle-de-fitness-en-boucle-polaire-et-ca-a-fiere-allure-jusqua-present\/#breadcrumb\"},\"inLanguage\":\"fr-BE\",\"potentialAction\":[{\"@type\":\"ReadAction\",\"target\":[\"https:\/\/vieassociative.be\/actualites\/je-viens-de-recevoir-la-sangle-de-fitness-en-boucle-polaire-et-ca-a-fiere-allure-jusqua-present\/\"]}]},{\"@type\":\"ImageObject\",\"inLanguage\":\"fr-BE\",\"@id\":\"https:\/\/vieassociative.be\/actualites\/je-viens-de-recevoir-la-sangle-de-fitness-en-boucle-polaire-et-ca-a-fiere-allure-jusqua-present\/#primaryimage\",\"url\":\"https:\/\/vieassociative.be\/actualites\/wp-content\/uploads\/2025\/09\/1759130284_Je-viens-de-recevoir-la-sangle-de-fitness-en-boucle.jpg\",\"contentUrl\":\"https:\/\/vieassociative.be\/actualites\/wp-content\/uploads\/2025\/09\/1759130284_Je-viens-de-recevoir-la-sangle-de-fitness-en-boucle.jpg\",\"width\":1200,\"height\":675,\"caption\":\"Je viens de recevoir la sangle de fitness en boucle polaire, et \u00e7a a fi\u00e8re allure jusqu'\u00e0 pr\u00e9sent\"},{\"@type\":\"BreadcrumbList\",\"@id\":\"https:\/\/vieassociative.be\/actualites\/je-viens-de-recevoir-la-sangle-de-fitness-en-boucle-polaire-et-ca-a-fiere-allure-jusqua-present\/#breadcrumb\",\"itemListElement\":[{\"@type\":\"ListItem\",\"position\":1,\"name\":\"Accueil\",\"item\":\"https:\/\/vieassociative.be\/actualites\/\"},{\"@type\":\"ListItem\",\"position\":2,\"name\":\"Je viens de recevoir la sangle de fitness en boucle polaire, et \u00e7a a fi\u00e8re allure jusqu&rsquo;\u00e0 pr\u00e9sent\"}]},{\"@type\":\"WebSite\",\"@id\":\"https:\/\/vieassociative.be\/actualites\/#website\",\"url\":\"https:\/\/vieassociative.be\/actualites\/\",\"name\":\"Vie Associative\",\"description\":\"\",\"publisher\":{\"@id\":\"https:\/\/vieassociative.be\/actualites\/#organization\"},\"potentialAction\":[{\"@type\":\"SearchAction\",\"target\":{\"@type\":\"EntryPoint\",\"urlTemplate\":\"https:\/\/vieassociative.be\/actualites\/?s={search_term_string}\"},\"query-input\":{\"@type\":\"PropertyValueSpecification\",\"valueRequired\":true,\"valueName\":\"search_term_string\"}}],\"inLanguage\":\"fr-BE\"},{\"@type\":\"Organization\",\"@id\":\"https:\/\/vieassociative.be\/actualites\/#organization\",\"name\":\"Vie Associative\",\"url\":\"https:\/\/vieassociative.be\/actualites\/\",\"logo\":{\"@type\":\"ImageObject\",\"inLanguage\":\"fr-BE\",\"@id\":\"https:\/\/vieassociative.be\/actualites\/#\/schema\/logo\/image\/\",\"url\":\"https:\/\/vieassociative.be\/actualites\/wp-content\/uploads\/2024\/09\/cropped-vieassociative_favicon.ico.png\",\"contentUrl\":\"https:\/\/vieassociative.be\/actualites\/wp-content\/uploads\/2024\/09\/cropped-vieassociative_favicon.ico.png\",\"width\":512,\"height\":512,\"caption\":\"Vie Associative\"},\"image\":{\"@id\":\"https:\/\/vieassociative.be\/actualites\/#\/schema\/logo\/image\/\"}},{\"@type\":\"Person\",\"@id\":\"https:\/\/vieassociative.be\/actualites\/#\/schema\/person\/b87ac4f82f9d4e7b7cec7395b679edc4\",\"name\":\"Julien\",\"image\":{\"@type\":\"ImageObject\",\"inLanguage\":\"fr-BE\",\"@id\":\"https:\/\/vieassociative.be\/actualites\/#\/schema\/person\/image\/\",\"url\":\"https:\/\/vieassociative.be\/actualites\/wp-content\/uploads\/2024\/09\/vie-associative-1-150x150.jpg\",\"contentUrl\":\"https:\/\/vieassociative.be\/actualites\/wp-content\/uploads\/2024\/09\/vie-associative-1-150x150.jpg\",\"caption\":\"Julien\"},\"description\":\"Je suis Julien, r\u00e9dacteur pour Vie Associative. Passionn\u00e9 par le monde associatif depuis plus de 10 ans, j'ai \u00e0 c\u0153ur de partager des histoires inspirantes et de mettre en lumi\u00e8re les initiatives locales. Mon objectif est de sensibiliser et d'encourager l'engagement communautaire \u00e0 travers mes articles.\",\"sameAs\":[\"https:\/\/vieassociative.be\/\"]}]}<\/script>\n<!-- \/ Yoast SEO plugin. -->","yoast_head_json":{"title":"Je viens de recevoir la sangle de fitness en boucle polaire, et \u00e7a a fi\u00e8re allure jusqu'\u00e0 pr\u00e9sent | Vie Associative","robots":{"index":"index","follow":"follow","max-snippet":"max-snippet:-1","max-image-preview":"max-image-preview:large","max-video-preview":"max-video-preview:-1"},"canonical":"https:\/\/vieassociative.be\/actualites\/je-viens-de-recevoir-la-sangle-de-fitness-en-boucle-polaire-et-ca-a-fiere-allure-jusqua-present\/","og_locale":"fr_FR","og_type":"article","og_title":"Je viens de recevoir la sangle de fitness en boucle polaire, et \u00e7a a fi\u00e8re allure jusqu'\u00e0 pr\u00e9sent | Vie Associative","og_description":"Il a \u00e9galement l&rsquo;air plut\u00f4t bien \u00e0 c\u00f4t\u00e9 du whoop 5.0 \/ mg Saviez-vous que vous pouvez personnaliser Google pour filtrer les ordures? Prendre ces","og_url":"https:\/\/vieassociative.be\/actualites\/je-viens-de-recevoir-la-sangle-de-fitness-en-boucle-polaire-et-ca-a-fiere-allure-jusqua-present\/","og_site_name":"Vie Associative","article_published_time":"2025-09-29T07:18:02+00:00","og_image":[{"url":"https:\/\/vieassociative.be\/actualites\/wp-content\/uploads\/2025\/09\/1757726237_608_Meta-pourrait-devoiler-une-montre-intelligente-pour-controler-ses-lunettes.jpg","type":"","width":"","height":""}],"author":"Julien","twitter_card":"summary_large_image","twitter_misc":{"\u00c9crit par":"Julien","Dur\u00e9e de lecture est.":"2 minutes"},"schema":{"@context":"https:\/\/schema.org","@graph":[{"@type":"Article","@id":"https:\/\/vieassociative.be\/actualites\/je-viens-de-recevoir-la-sangle-de-fitness-en-boucle-polaire-et-ca-a-fiere-allure-jusqua-present\/#article","isPartOf":{"@id":"https:\/\/vieassociative.be\/actualites\/je-viens-de-recevoir-la-sangle-de-fitness-en-boucle-polaire-et-ca-a-fiere-allure-jusqua-present\/"},"author":{"name":"Julien","@id":"https:\/\/vieassociative.be\/actualites\/#\/schema\/person\/b87ac4f82f9d4e7b7cec7395b679edc4"},"headline":"Je viens de recevoir la sangle de fitness en boucle polaire, et \u00e7a a fi\u00e8re allure jusqu&rsquo;\u00e0 pr\u00e9sent","datePublished":"2025-09-29T07:18:02+00:00","dateModified":"2025-09-29T07:18:02+00:00","mainEntityOfPage":{"@id":"https:\/\/vieassociative.be\/actualites\/je-viens-de-recevoir-la-sangle-de-fitness-en-boucle-polaire-et-ca-a-fiere-allure-jusqua-present\/"},"wordCount":536,"publisher":{"@id":"https:\/\/vieassociative.be\/actualites\/#organization"},"image":{"@id":"https:\/\/vieassociative.be\/actualites\/je-viens-de-recevoir-la-sangle-de-fitness-en-boucle-polaire-et-ca-a-fiere-allure-jusqua-present\/#primaryimage"},"thumbnailUrl":"https:\/\/vieassociative.be\/actualites\/wp-content\/uploads\/2025\/09\/1759130284_Je-viens-de-recevoir-la-sangle-de-fitness-en-boucle.jpg","keywords":["allure","boucle","\u00e7a","fi\u00e8re","fitness","jusqu\u00e0","polaire","pr\u00e9sent","recevoir","sangle","viens"],"articleSection":["Sant\u00e9"],"inLanguage":"fr-BE"},{"@type":"WebPage","@id":"https:\/\/vieassociative.be\/actualites\/je-viens-de-recevoir-la-sangle-de-fitness-en-boucle-polaire-et-ca-a-fiere-allure-jusqua-present\/","url":"https:\/\/vieassociative.be\/actualites\/je-viens-de-recevoir-la-sangle-de-fitness-en-boucle-polaire-et-ca-a-fiere-allure-jusqua-present\/","name":"Je viens de recevoir la sangle de fitness en boucle polaire, et \u00e7a a fi\u00e8re allure jusqu'\u00e0 pr\u00e9sent | Vie Associative","isPartOf":{"@id":"https:\/\/vieassociative.be\/actualites\/#website"},"primaryImageOfPage":{"@id":"https:\/\/vieassociative.be\/actualites\/je-viens-de-recevoir-la-sangle-de-fitness-en-boucle-polaire-et-ca-a-fiere-allure-jusqua-present\/#primaryimage"},"image":{"@id":"https:\/\/vieassociative.be\/actualites\/je-viens-de-recevoir-la-sangle-de-fitness-en-boucle-polaire-et-ca-a-fiere-allure-jusqua-present\/#primaryimage"},"thumbnailUrl":"https:\/\/vieassociative.be\/actualites\/wp-content\/uploads\/2025\/09\/1759130284_Je-viens-de-recevoir-la-sangle-de-fitness-en-boucle.jpg","datePublished":"2025-09-29T07:18:02+00:00","dateModified":"2025-09-29T07:18:02+00:00","breadcrumb":{"@id":"https:\/\/vieassociative.be\/actualites\/je-viens-de-recevoir-la-sangle-de-fitness-en-boucle-polaire-et-ca-a-fiere-allure-jusqua-present\/#breadcrumb"},"inLanguage":"fr-BE","potentialAction":[{"@type":"ReadAction","target":["https:\/\/vieassociative.be\/actualites\/je-viens-de-recevoir-la-sangle-de-fitness-en-boucle-polaire-et-ca-a-fiere-allure-jusqua-present\/"]}]},{"@type":"ImageObject","inLanguage":"fr-BE","@id":"https:\/\/vieassociative.be\/actualites\/je-viens-de-recevoir-la-sangle-de-fitness-en-boucle-polaire-et-ca-a-fiere-allure-jusqua-present\/#primaryimage","url":"https:\/\/vieassociative.be\/actualites\/wp-content\/uploads\/2025\/09\/1759130284_Je-viens-de-recevoir-la-sangle-de-fitness-en-boucle.jpg","contentUrl":"https:\/\/vieassociative.be\/actualites\/wp-content\/uploads\/2025\/09\/1759130284_Je-viens-de-recevoir-la-sangle-de-fitness-en-boucle.jpg","width":1200,"height":675,"caption":"Je viens de recevoir la sangle de fitness en boucle polaire, et \u00e7a a fi\u00e8re allure jusqu'\u00e0 pr\u00e9sent"},{"@type":"BreadcrumbList","@id":"https:\/\/vieassociative.be\/actualites\/je-viens-de-recevoir-la-sangle-de-fitness-en-boucle-polaire-et-ca-a-fiere-allure-jusqua-present\/#breadcrumb","itemListElement":[{"@type":"ListItem","position":1,"name":"Accueil","item":"https:\/\/vieassociative.be\/actualites\/"},{"@type":"ListItem","position":2,"name":"Je viens de recevoir la sangle de fitness en boucle polaire, et \u00e7a a fi\u00e8re allure jusqu&rsquo;\u00e0 pr\u00e9sent"}]},{"@type":"WebSite","@id":"https:\/\/vieassociative.be\/actualites\/#website","url":"https:\/\/vieassociative.be\/actualites\/","name":"Vie Associative","description":"","publisher":{"@id":"https:\/\/vieassociative.be\/actualites\/#organization"},"potentialAction":[{"@type":"SearchAction","target":{"@type":"EntryPoint","urlTemplate":"https:\/\/vieassociative.be\/actualites\/?s={search_term_string}"},"query-input":{"@type":"PropertyValueSpecification","valueRequired":true,"valueName":"search_term_string"}}],"inLanguage":"fr-BE"},{"@type":"Organization","@id":"https:\/\/vieassociative.be\/actualites\/#organization","name":"Vie Associative","url":"https:\/\/vieassociative.be\/actualites\/","logo":{"@type":"ImageObject","inLanguage":"fr-BE","@id":"https:\/\/vieassociative.be\/actualites\/#\/schema\/logo\/image\/","url":"https:\/\/vieassociative.be\/actualites\/wp-content\/uploads\/2024\/09\/cropped-vieassociative_favicon.ico.png","contentUrl":"https:\/\/vieassociative.be\/actualites\/wp-content\/uploads\/2024\/09\/cropped-vieassociative_favicon.ico.png","width":512,"height":512,"caption":"Vie Associative"},"image":{"@id":"https:\/\/vieassociative.be\/actualites\/#\/schema\/logo\/image\/"}},{"@type":"Person","@id":"https:\/\/vieassociative.be\/actualites\/#\/schema\/person\/b87ac4f82f9d4e7b7cec7395b679edc4","name":"Julien","image":{"@type":"ImageObject","inLanguage":"fr-BE","@id":"https:\/\/vieassociative.be\/actualites\/#\/schema\/person\/image\/","url":"https:\/\/vieassociative.be\/actualites\/wp-content\/uploads\/2024\/09\/vie-associative-1-150x150.jpg","contentUrl":"https:\/\/vieassociative.be\/actualites\/wp-content\/uploads\/2024\/09\/vie-associative-1-150x150.jpg","caption":"Julien"},"description":"Je suis Julien, r\u00e9dacteur pour Vie Associative. Passionn\u00e9 par le monde associatif depuis plus de 10 ans, j'ai \u00e0 c\u0153ur de partager des histoires inspirantes et de mettre en lumi\u00e8re les initiatives locales. Mon objectif est de sensibiliser et d'encourager l'engagement communautaire \u00e0 travers mes articles.","sameAs":["https:\/\/vieassociative.be\/"]}]}},"_links":{"self":[{"href":"https:\/\/vieassociative.be\/actualites\/wp-json\/wp\/v2\/posts\/10326"}],"collection":[{"href":"https:\/\/vieassociative.be\/actualites\/wp-json\/wp\/v2\/posts"}],"about":[{"href":"https:\/\/vieassociative.be\/actualites\/wp-json\/wp\/v2\/types\/post"}],"author":[{"embeddable":true,"href":"https:\/\/vieassociative.be\/actualites\/wp-json\/wp\/v2\/users\/1"}],"replies":[{"embeddable":true,"href":"https:\/\/vieassociative.be\/actualites\/wp-json\/wp\/v2\/comments?post=10326"}],"version-history":[{"count":0,"href":"https:\/\/vieassociative.be\/actualites\/wp-json\/wp\/v2\/posts\/10326\/revisions"}],"wp:featuredmedia":[{"embeddable":true,"href":"https:\/\/vieassociative.be\/actualites\/wp-json\/wp\/v2\/media\/10327"}],"wp:attachment":[{"href":"https:\/\/vieassociative.be\/actualites\/wp-json\/wp\/v2\/media?parent=10326"}],"wp:term":[{"taxonomy":"category","embeddable":true,"href":"https:\/\/vieassociative.be\/actualites\/wp-json\/wp\/v2\/categories?post=10326"},{"taxonomy":"post_tag","embeddable":true,"href":"https:\/\/vieassociative.be\/actualites\/wp-json\/wp\/v2\/tags?post=10326"}],"curies":[{"name":"wp","href":"https:\/\/api.w.org\/{rel}","templated":true}]}}