{"id":10324,"date":"2025-09-29T04:17:52","date_gmt":"2025-09-29T02:17:52","guid":{"rendered":"https:\/\/vieassociative.be\/actualites\/a-kortrijk-comme-eupen-peut-le-prouver-quil-peut-etre-attendu-dans-la-lutte-pour-lascension\/"},"modified":"2025-09-29T04:17:52","modified_gmt":"2025-09-29T02:17:52","slug":"a-kortrijk-comme-eupen-peut-le-prouver-quil-peut-etre-attendu-dans-la-lutte-pour-lascension","status":"publish","type":"post","link":"https:\/\/vieassociative.be\/actualites\/a-kortrijk-comme-eupen-peut-le-prouver-quil-peut-etre-attendu-dans-la-lutte-pour-lascension\/","title":{"rendered":"\u00c0 Kortrijk, comme Eupen peut le prouver qu&rsquo;il peut \u00eatre attendu dans la lutte pour l&rsquo;ascension"},"content":{"rendered":"<p><strong>Le As Eupen est un invit\u00e9 \u00e0 Kortrijk dans le Guldensporenstadion dans l&rsquo;un des aspirants de promotion. La rencontre de The Table Finners-Up KV Kortrijk est d\u00e9j\u00e0 un jeu cl\u00e9 pour le noir et blanc, m\u00eame si la saison est encore longue.<\/strong><\/p>\n<p><span id=\"more-425624\"><\/span>Habituellement, en tant que rel\u00e9gation de la plus haute division de la deuxi\u00e8me division, vous avez besoin d&rsquo;une certaine p\u00e9riode de familiarisation avant de pouvoir cibler un retour \u00e0 la chambre haute. Comme Eupen a v\u00e9cu cette saison derni\u00e8re. Le sujet de retour \u00e0 la Jupiler Pro League avait fait rapidement. M\u00eame les s\u00e9ries \u00e9liminatoires de promotion (places 3 \u00e0 6) n&rsquo;ont atteint le noir et le blanc.<\/p>\n<p>\u00c0 KV Kortrijk, qui re\u00e7oit l&rsquo;As ce soir \u00e0 20 h. (Live on Dazn App) Dans la maison Guldensporenstadion, cela fonctionne diff\u00e9remment. Les West Flams se trouvent dans la premi\u00e8re ann\u00e9e apr\u00e8s la rel\u00e9gation dans le tableau de la Challenger Pro League, \u00e0 savoir la deuxi\u00e8me place. Seul le SK Beveren est actuellement encore meilleur que Kortrijk.<\/p>\n<div id=\"attachment_360515\" class=\"wp-caption alignleft\" style=\"max-width: 300px\"><img fetchpriority=\"high\" decoding=\"async\" class=\"wp-image-360515 size-medium\" src=\"https:\/\/vieassociative.be\/actualites\/wp-content\/uploads\/2025\/09\/A-Kortrijk-comme-Eupen-peut-le-prouver-quil-peut-etre.jpg\" alt=\"\" width=\"300\" height=\"174\"  ><\/div>\n<p>Beveren et Kortrijk sont clairement les favoris pour les deux premi\u00e8res places de table qui garantissent une mont\u00e9e directe \u00e0 la Jupiler Pro League. Cependant, Berry Sheet est \u00e0 seulement deux points de la deuxi\u00e8me place.<\/p>\n<p>Que ce soit dans la premi\u00e8re ou dans la deuxi\u00e8me division, dans les s\u00e9ries \u00e9liminatoires B ou dans la Coupe d&rsquo;\u00c9tat, avec presque aucune autre \u00e9quipe Eupen a d\u00fb faire aussi souvent qu&rsquo;avec KV Kortrijk au cours des dix derni\u00e8res ann\u00e9es. Depuis 2004, les \u00ab\u00a0Kerels\u00a0\u00bb de Kortrijk et les \u00ab\u00a0Pandas\u00a0\u00bb d&rsquo;Eupen se sont affront\u00e9s un total de 32 fois. L&rsquo;\u00e9quilibre du point de vue d&rsquo;Eupen: 9 victoires, 11 tirages et 12 d\u00e9faites.<\/p>\n<p>La derni\u00e8re d\u00e9faite de la Guldensporenstadion de Kortrijk le 5 mai 2024 a \u00e9t\u00e9 particuli\u00e8rement am\u00e8re pour AS, car elle a scell\u00e9 la descente du noir et blanc de la Jupil Pro League.<\/p>\n<p>\u00c0 Kortrijk, l&rsquo;As rencontre une vieille connaissance: apr\u00e8s une ann\u00e9e difficile, sa propre plante Boris Lambert a d\u00e9m\u00e9nag\u00e9 \u00e0 Wilhelm II aux Pays-Bas \u00e0 Kortrijk et rivalisera probablement avec des sentiments mitig\u00e9s contre son ancienne \u00e9quipe, dont il \u00e9tait le capitaine dans la saison 2023\/2024.<\/p>\n<p>Apr\u00e8s les 3: 3 \u00e0 Lokerren, l&rsquo;\u00e9quipe AS est rest\u00e9e en Flandre afin de pouvoir se pr\u00e9parer pour le jeu \u00e0 Kortrijk. \u00c0 Kortrijk, l&rsquo;entra\u00eeneur Bruno Pinheiro a non seulement \u00e0 faire sans Ga\u00ebtan Hendrickx et Amadou Keita, mais aussi sur son milieu de terrain d\u00e9fensif Oriol Busquets. (Cre)<\/p>\n","protected":false},"excerpt":{"rendered":"<p>Le As Eupen est un invit\u00e9 \u00e0 Kortrijk dans le Guldensporenstadion dans l&rsquo;un des aspirants de promotion. La rencontre de The Table Finners-Up KV Kortrijk<\/p>\n","protected":false},"author":1,"featured_media":9584,"comment_status":"","ping_status":"","sticky":false,"template":"","format":"standard","meta":{"footnotes":""},"categories":[298],"tags":[8703,1254,166,23,2329,5433,5522,8704,22,81,8702,1855],"class_list":["post-10324","post","type-post","status-publish","format-standard","has-post-thumbnail","hentry","category-belgique","tag-attendu","tag-comme","tag-dans","tag-etre","tag-eupen","tag-kortrijk","tag-lascension","tag-lutte","tag-peut","tag-pour","tag-prouver","tag-quil","generate-columns","tablet-grid-50","mobile-grid-100","grid-parent","grid-33"],"yoast_head":"<!-- This site is optimized with the Yoast SEO plugin v24.0 - https:\/\/yoast.com\/wordpress\/plugins\/seo\/ -->\n<title>\u00c0 Kortrijk, comme Eupen peut le prouver qu&#039;il peut \u00eatre attendu dans la lutte pour l&#039;ascension | Vie Associative<\/title>\n<meta name=\"robots\" content=\"index, follow, max-snippet:-1, max-image-preview:large, max-video-preview:-1\" \/>\n<link rel=\"canonical\" href=\"https:\/\/vieassociative.be\/actualites\/a-kortrijk-comme-eupen-peut-le-prouver-quil-peut-etre-attendu-dans-la-lutte-pour-lascension\/\" \/>\n<meta property=\"og:locale\" content=\"fr_FR\" \/>\n<meta property=\"og:type\" content=\"article\" \/>\n<meta property=\"og:title\" content=\"\u00c0 Kortrijk, comme Eupen peut le prouver qu&#039;il peut \u00eatre attendu dans la lutte pour l&#039;ascension | Vie Associative\" \/>\n<meta property=\"og:description\" content=\"Le As Eupen est un invit\u00e9 \u00e0 Kortrijk dans le Guldensporenstadion dans l&rsquo;un des aspirants de promotion. La rencontre de The Table Finners-Up KV Kortrijk\" \/>\n<meta property=\"og:url\" content=\"https:\/\/vieassociative.be\/actualites\/a-kortrijk-comme-eupen-peut-le-prouver-quil-peut-etre-attendu-dans-la-lutte-pour-lascension\/\" \/>\n<meta property=\"og:site_name\" content=\"Vie Associative\" \/>\n<meta property=\"article:published_time\" content=\"2025-09-29T02:17:52+00:00\" \/>\n<meta property=\"og:image\" content=\"https:\/\/vieassociative.be\/actualites\/wp-content\/uploads\/2024\/09\/header_backgroundk-01-e1726694325946.png\" \/>\n\t<meta property=\"og:image:width\" content=\"279\" \/>\n\t<meta property=\"og:image:height\" content=\"92\" \/>\n\t<meta property=\"og:image:type\" content=\"image\/png\" \/>\n<meta name=\"author\" content=\"Julien\" \/>\n<meta name=\"twitter:card\" content=\"summary_large_image\" \/>\n<meta name=\"twitter:label1\" content=\"\u00c9crit par\" \/>\n\t<meta name=\"twitter:data1\" content=\"Julien\" \/>\n\t<meta name=\"twitter:label2\" content=\"Dur\u00e9e de lecture est.\" \/>\n\t<meta name=\"twitter:data2\" content=\"2 minutes\" \/>\n<script type=\"application\/ld+json\" class=\"yoast-schema-graph\">{\"@context\":\"https:\/\/schema.org\",\"@graph\":[{\"@type\":\"Article\",\"@id\":\"https:\/\/vieassociative.be\/actualites\/a-kortrijk-comme-eupen-peut-le-prouver-quil-peut-etre-attendu-dans-la-lutte-pour-lascension\/#article\",\"isPartOf\":{\"@id\":\"https:\/\/vieassociative.be\/actualites\/a-kortrijk-comme-eupen-peut-le-prouver-quil-peut-etre-attendu-dans-la-lutte-pour-lascension\/\"},\"author\":{\"name\":\"Julien\",\"@id\":\"https:\/\/vieassociative.be\/actualites\/#\/schema\/person\/b87ac4f82f9d4e7b7cec7395b679edc4\"},\"headline\":\"\u00c0 Kortrijk, comme Eupen peut le prouver qu&rsquo;il peut \u00eatre attendu dans la lutte pour l&rsquo;ascension\",\"datePublished\":\"2025-09-29T02:17:52+00:00\",\"dateModified\":\"2025-09-29T02:17:52+00:00\",\"mainEntityOfPage\":{\"@id\":\"https:\/\/vieassociative.be\/actualites\/a-kortrijk-comme-eupen-peut-le-prouver-quil-peut-etre-attendu-dans-la-lutte-pour-lascension\/\"},\"wordCount\":443,\"publisher\":{\"@id\":\"https:\/\/vieassociative.be\/actualites\/#organization\"},\"image\":{\"@id\":\"https:\/\/vieassociative.be\/actualites\/a-kortrijk-comme-eupen-peut-le-prouver-quil-peut-etre-attendu-dans-la-lutte-pour-lascension\/#primaryimage\"},\"thumbnailUrl\":\"https:\/\/vieassociative.be\/actualites\/wp-content\/uploads\/2025\/08\/Comme-Eupen-peut-progresser-dans-le-meilleur-groupe-lors-dune.jpg\",\"keywords\":[\"attendu\",\"comme\",\"dans\",\"\u00eatre\",\"Eupen\",\"Kortrijk\",\"lascension\",\"lutte\",\"peut\",\"pour\",\"prouver\",\"quil\"],\"articleSection\":[\"Belgique\"],\"inLanguage\":\"fr-BE\"},{\"@type\":\"WebPage\",\"@id\":\"https:\/\/vieassociative.be\/actualites\/a-kortrijk-comme-eupen-peut-le-prouver-quil-peut-etre-attendu-dans-la-lutte-pour-lascension\/\",\"url\":\"https:\/\/vieassociative.be\/actualites\/a-kortrijk-comme-eupen-peut-le-prouver-quil-peut-etre-attendu-dans-la-lutte-pour-lascension\/\",\"name\":\"\u00c0 Kortrijk, comme Eupen peut le prouver qu'il peut \u00eatre attendu dans la lutte pour l'ascension | Vie Associative\",\"isPartOf\":{\"@id\":\"https:\/\/vieassociative.be\/actualites\/#website\"},\"primaryImageOfPage\":{\"@id\":\"https:\/\/vieassociative.be\/actualites\/a-kortrijk-comme-eupen-peut-le-prouver-quil-peut-etre-attendu-dans-la-lutte-pour-lascension\/#primaryimage\"},\"image\":{\"@id\":\"https:\/\/vieassociative.be\/actualites\/a-kortrijk-comme-eupen-peut-le-prouver-quil-peut-etre-attendu-dans-la-lutte-pour-lascension\/#primaryimage\"},\"thumbnailUrl\":\"https:\/\/vieassociative.be\/actualites\/wp-content\/uploads\/2025\/08\/Comme-Eupen-peut-progresser-dans-le-meilleur-groupe-lors-dune.jpg\",\"datePublished\":\"2025-09-29T02:17:52+00:00\",\"dateModified\":\"2025-09-29T02:17:52+00:00\",\"breadcrumb\":{\"@id\":\"https:\/\/vieassociative.be\/actualites\/a-kortrijk-comme-eupen-peut-le-prouver-quil-peut-etre-attendu-dans-la-lutte-pour-lascension\/#breadcrumb\"},\"inLanguage\":\"fr-BE\",\"potentialAction\":[{\"@type\":\"ReadAction\",\"target\":[\"https:\/\/vieassociative.be\/actualites\/a-kortrijk-comme-eupen-peut-le-prouver-quil-peut-etre-attendu-dans-la-lutte-pour-lascension\/\"]}]},{\"@type\":\"ImageObject\",\"inLanguage\":\"fr-BE\",\"@id\":\"https:\/\/vieassociative.be\/actualites\/a-kortrijk-comme-eupen-peut-le-prouver-quil-peut-etre-attendu-dans-la-lutte-pour-lascension\/#primaryimage\",\"url\":\"https:\/\/vieassociative.be\/actualites\/wp-content\/uploads\/2025\/08\/Comme-Eupen-peut-progresser-dans-le-meilleur-groupe-lors-dune.jpg\",\"contentUrl\":\"https:\/\/vieassociative.be\/actualites\/wp-content\/uploads\/2025\/08\/Comme-Eupen-peut-progresser-dans-le-meilleur-groupe-lors-dune.jpg\",\"width\":1200,\"height\":800,\"caption\":\"Comme Eupen peut progresser dans le meilleur groupe lors d'une victoire au champion national des quatre temps Lierse SK\"},{\"@type\":\"BreadcrumbList\",\"@id\":\"https:\/\/vieassociative.be\/actualites\/a-kortrijk-comme-eupen-peut-le-prouver-quil-peut-etre-attendu-dans-la-lutte-pour-lascension\/#breadcrumb\",\"itemListElement\":[{\"@type\":\"ListItem\",\"position\":1,\"name\":\"Accueil\",\"item\":\"https:\/\/vieassociative.be\/actualites\/\"},{\"@type\":\"ListItem\",\"position\":2,\"name\":\"\u00c0 Kortrijk, comme Eupen peut le prouver qu&rsquo;il peut \u00eatre attendu dans la lutte pour l&rsquo;ascension\"}]},{\"@type\":\"WebSite\",\"@id\":\"https:\/\/vieassociative.be\/actualites\/#website\",\"url\":\"https:\/\/vieassociative.be\/actualites\/\",\"name\":\"Vie Associative\",\"description\":\"\",\"publisher\":{\"@id\":\"https:\/\/vieassociative.be\/actualites\/#organization\"},\"potentialAction\":[{\"@type\":\"SearchAction\",\"target\":{\"@type\":\"EntryPoint\",\"urlTemplate\":\"https:\/\/vieassociative.be\/actualites\/?s={search_term_string}\"},\"query-input\":{\"@type\":\"PropertyValueSpecification\",\"valueRequired\":true,\"valueName\":\"search_term_string\"}}],\"inLanguage\":\"fr-BE\"},{\"@type\":\"Organization\",\"@id\":\"https:\/\/vieassociative.be\/actualites\/#organization\",\"name\":\"Vie Associative\",\"url\":\"https:\/\/vieassociative.be\/actualites\/\",\"logo\":{\"@type\":\"ImageObject\",\"inLanguage\":\"fr-BE\",\"@id\":\"https:\/\/vieassociative.be\/actualites\/#\/schema\/logo\/image\/\",\"url\":\"https:\/\/vieassociative.be\/actualites\/wp-content\/uploads\/2024\/09\/cropped-vieassociative_favicon.ico.png\",\"contentUrl\":\"https:\/\/vieassociative.be\/actualites\/wp-content\/uploads\/2024\/09\/cropped-vieassociative_favicon.ico.png\",\"width\":512,\"height\":512,\"caption\":\"Vie Associative\"},\"image\":{\"@id\":\"https:\/\/vieassociative.be\/actualites\/#\/schema\/logo\/image\/\"}},{\"@type\":\"Person\",\"@id\":\"https:\/\/vieassociative.be\/actualites\/#\/schema\/person\/b87ac4f82f9d4e7b7cec7395b679edc4\",\"name\":\"Julien\",\"image\":{\"@type\":\"ImageObject\",\"inLanguage\":\"fr-BE\",\"@id\":\"https:\/\/vieassociative.be\/actualites\/#\/schema\/person\/image\/\",\"url\":\"https:\/\/vieassociative.be\/actualites\/wp-content\/uploads\/2024\/09\/vie-associative-1-150x150.jpg\",\"contentUrl\":\"https:\/\/vieassociative.be\/actualites\/wp-content\/uploads\/2024\/09\/vie-associative-1-150x150.jpg\",\"caption\":\"Julien\"},\"description\":\"Je suis Julien, r\u00e9dacteur pour Vie Associative. Passionn\u00e9 par le monde associatif depuis plus de 10 ans, j'ai \u00e0 c\u0153ur de partager des histoires inspirantes et de mettre en lumi\u00e8re les initiatives locales. Mon objectif est de sensibiliser et d'encourager l'engagement communautaire \u00e0 travers mes articles.\",\"sameAs\":[\"https:\/\/vieassociative.be\/\"]}]}<\/script>\n<!-- \/ Yoast SEO plugin. -->","yoast_head_json":{"title":"\u00c0 Kortrijk, comme Eupen peut le prouver qu'il peut \u00eatre attendu dans la lutte pour l'ascension | Vie Associative","robots":{"index":"index","follow":"follow","max-snippet":"max-snippet:-1","max-image-preview":"max-image-preview:large","max-video-preview":"max-video-preview:-1"},"canonical":"https:\/\/vieassociative.be\/actualites\/a-kortrijk-comme-eupen-peut-le-prouver-quil-peut-etre-attendu-dans-la-lutte-pour-lascension\/","og_locale":"fr_FR","og_type":"article","og_title":"\u00c0 Kortrijk, comme Eupen peut le prouver qu'il peut \u00eatre attendu dans la lutte pour l'ascension | Vie Associative","og_description":"Le As Eupen est un invit\u00e9 \u00e0 Kortrijk dans le Guldensporenstadion dans l&rsquo;un des aspirants de promotion. La rencontre de The Table Finners-Up KV Kortrijk","og_url":"https:\/\/vieassociative.be\/actualites\/a-kortrijk-comme-eupen-peut-le-prouver-quil-peut-etre-attendu-dans-la-lutte-pour-lascension\/","og_site_name":"Vie Associative","article_published_time":"2025-09-29T02:17:52+00:00","og_image":[{"width":279,"height":92,"url":"https:\/\/vieassociative.be\/actualites\/wp-content\/uploads\/2024\/09\/header_backgroundk-01-e1726694325946.png","type":"image\/png"}],"author":"Julien","twitter_card":"summary_large_image","twitter_misc":{"\u00c9crit par":"Julien","Dur\u00e9e de lecture est.":"2 minutes"},"schema":{"@context":"https:\/\/schema.org","@graph":[{"@type":"Article","@id":"https:\/\/vieassociative.be\/actualites\/a-kortrijk-comme-eupen-peut-le-prouver-quil-peut-etre-attendu-dans-la-lutte-pour-lascension\/#article","isPartOf":{"@id":"https:\/\/vieassociative.be\/actualites\/a-kortrijk-comme-eupen-peut-le-prouver-quil-peut-etre-attendu-dans-la-lutte-pour-lascension\/"},"author":{"name":"Julien","@id":"https:\/\/vieassociative.be\/actualites\/#\/schema\/person\/b87ac4f82f9d4e7b7cec7395b679edc4"},"headline":"\u00c0 Kortrijk, comme Eupen peut le prouver qu&rsquo;il peut \u00eatre attendu dans la lutte pour l&rsquo;ascension","datePublished":"2025-09-29T02:17:52+00:00","dateModified":"2025-09-29T02:17:52+00:00","mainEntityOfPage":{"@id":"https:\/\/vieassociative.be\/actualites\/a-kortrijk-comme-eupen-peut-le-prouver-quil-peut-etre-attendu-dans-la-lutte-pour-lascension\/"},"wordCount":443,"publisher":{"@id":"https:\/\/vieassociative.be\/actualites\/#organization"},"image":{"@id":"https:\/\/vieassociative.be\/actualites\/a-kortrijk-comme-eupen-peut-le-prouver-quil-peut-etre-attendu-dans-la-lutte-pour-lascension\/#primaryimage"},"thumbnailUrl":"https:\/\/vieassociative.be\/actualites\/wp-content\/uploads\/2025\/08\/Comme-Eupen-peut-progresser-dans-le-meilleur-groupe-lors-dune.jpg","keywords":["attendu","comme","dans","\u00eatre","Eupen","Kortrijk","lascension","lutte","peut","pour","prouver","quil"],"articleSection":["Belgique"],"inLanguage":"fr-BE"},{"@type":"WebPage","@id":"https:\/\/vieassociative.be\/actualites\/a-kortrijk-comme-eupen-peut-le-prouver-quil-peut-etre-attendu-dans-la-lutte-pour-lascension\/","url":"https:\/\/vieassociative.be\/actualites\/a-kortrijk-comme-eupen-peut-le-prouver-quil-peut-etre-attendu-dans-la-lutte-pour-lascension\/","name":"\u00c0 Kortrijk, comme Eupen peut le prouver qu'il peut \u00eatre attendu dans la lutte pour l'ascension | Vie Associative","isPartOf":{"@id":"https:\/\/vieassociative.be\/actualites\/#website"},"primaryImageOfPage":{"@id":"https:\/\/vieassociative.be\/actualites\/a-kortrijk-comme-eupen-peut-le-prouver-quil-peut-etre-attendu-dans-la-lutte-pour-lascension\/#primaryimage"},"image":{"@id":"https:\/\/vieassociative.be\/actualites\/a-kortrijk-comme-eupen-peut-le-prouver-quil-peut-etre-attendu-dans-la-lutte-pour-lascension\/#primaryimage"},"thumbnailUrl":"https:\/\/vieassociative.be\/actualites\/wp-content\/uploads\/2025\/08\/Comme-Eupen-peut-progresser-dans-le-meilleur-groupe-lors-dune.jpg","datePublished":"2025-09-29T02:17:52+00:00","dateModified":"2025-09-29T02:17:52+00:00","breadcrumb":{"@id":"https:\/\/vieassociative.be\/actualites\/a-kortrijk-comme-eupen-peut-le-prouver-quil-peut-etre-attendu-dans-la-lutte-pour-lascension\/#breadcrumb"},"inLanguage":"fr-BE","potentialAction":[{"@type":"ReadAction","target":["https:\/\/vieassociative.be\/actualites\/a-kortrijk-comme-eupen-peut-le-prouver-quil-peut-etre-attendu-dans-la-lutte-pour-lascension\/"]}]},{"@type":"ImageObject","inLanguage":"fr-BE","@id":"https:\/\/vieassociative.be\/actualites\/a-kortrijk-comme-eupen-peut-le-prouver-quil-peut-etre-attendu-dans-la-lutte-pour-lascension\/#primaryimage","url":"https:\/\/vieassociative.be\/actualites\/wp-content\/uploads\/2025\/08\/Comme-Eupen-peut-progresser-dans-le-meilleur-groupe-lors-dune.jpg","contentUrl":"https:\/\/vieassociative.be\/actualites\/wp-content\/uploads\/2025\/08\/Comme-Eupen-peut-progresser-dans-le-meilleur-groupe-lors-dune.jpg","width":1200,"height":800,"caption":"Comme Eupen peut progresser dans le meilleur groupe lors d'une victoire au champion national des quatre temps Lierse SK"},{"@type":"BreadcrumbList","@id":"https:\/\/vieassociative.be\/actualites\/a-kortrijk-comme-eupen-peut-le-prouver-quil-peut-etre-attendu-dans-la-lutte-pour-lascension\/#breadcrumb","itemListElement":[{"@type":"ListItem","position":1,"name":"Accueil","item":"https:\/\/vieassociative.be\/actualites\/"},{"@type":"ListItem","position":2,"name":"\u00c0 Kortrijk, comme Eupen peut le prouver qu&rsquo;il peut \u00eatre attendu dans la lutte pour l&rsquo;ascension"}]},{"@type":"WebSite","@id":"https:\/\/vieassociative.be\/actualites\/#website","url":"https:\/\/vieassociative.be\/actualites\/","name":"Vie Associative","description":"","publisher":{"@id":"https:\/\/vieassociative.be\/actualites\/#organization"},"potentialAction":[{"@type":"SearchAction","target":{"@type":"EntryPoint","urlTemplate":"https:\/\/vieassociative.be\/actualites\/?s={search_term_string}"},"query-input":{"@type":"PropertyValueSpecification","valueRequired":true,"valueName":"search_term_string"}}],"inLanguage":"fr-BE"},{"@type":"Organization","@id":"https:\/\/vieassociative.be\/actualites\/#organization","name":"Vie Associative","url":"https:\/\/vieassociative.be\/actualites\/","logo":{"@type":"ImageObject","inLanguage":"fr-BE","@id":"https:\/\/vieassociative.be\/actualites\/#\/schema\/logo\/image\/","url":"https:\/\/vieassociative.be\/actualites\/wp-content\/uploads\/2024\/09\/cropped-vieassociative_favicon.ico.png","contentUrl":"https:\/\/vieassociative.be\/actualites\/wp-content\/uploads\/2024\/09\/cropped-vieassociative_favicon.ico.png","width":512,"height":512,"caption":"Vie Associative"},"image":{"@id":"https:\/\/vieassociative.be\/actualites\/#\/schema\/logo\/image\/"}},{"@type":"Person","@id":"https:\/\/vieassociative.be\/actualites\/#\/schema\/person\/b87ac4f82f9d4e7b7cec7395b679edc4","name":"Julien","image":{"@type":"ImageObject","inLanguage":"fr-BE","@id":"https:\/\/vieassociative.be\/actualites\/#\/schema\/person\/image\/","url":"https:\/\/vieassociative.be\/actualites\/wp-content\/uploads\/2024\/09\/vie-associative-1-150x150.jpg","contentUrl":"https:\/\/vieassociative.be\/actualites\/wp-content\/uploads\/2024\/09\/vie-associative-1-150x150.jpg","caption":"Julien"},"description":"Je suis Julien, r\u00e9dacteur pour Vie Associative. Passionn\u00e9 par le monde associatif depuis plus de 10 ans, j'ai \u00e0 c\u0153ur de partager des histoires inspirantes et de mettre en lumi\u00e8re les initiatives locales. Mon objectif est de sensibiliser et d'encourager l'engagement communautaire \u00e0 travers mes articles.","sameAs":["https:\/\/vieassociative.be\/"]}]}},"_links":{"self":[{"href":"https:\/\/vieassociative.be\/actualites\/wp-json\/wp\/v2\/posts\/10324"}],"collection":[{"href":"https:\/\/vieassociative.be\/actualites\/wp-json\/wp\/v2\/posts"}],"about":[{"href":"https:\/\/vieassociative.be\/actualites\/wp-json\/wp\/v2\/types\/post"}],"author":[{"embeddable":true,"href":"https:\/\/vieassociative.be\/actualites\/wp-json\/wp\/v2\/users\/1"}],"replies":[{"embeddable":true,"href":"https:\/\/vieassociative.be\/actualites\/wp-json\/wp\/v2\/comments?post=10324"}],"version-history":[{"count":0,"href":"https:\/\/vieassociative.be\/actualites\/wp-json\/wp\/v2\/posts\/10324\/revisions"}],"wp:featuredmedia":[{"embeddable":true,"href":"https:\/\/vieassociative.be\/actualites\/wp-json\/wp\/v2\/media\/9584"}],"wp:attachment":[{"href":"https:\/\/vieassociative.be\/actualites\/wp-json\/wp\/v2\/media?parent=10324"}],"wp:term":[{"taxonomy":"category","embeddable":true,"href":"https:\/\/vieassociative.be\/actualites\/wp-json\/wp\/v2\/categories?post=10324"},{"taxonomy":"post_tag","embeddable":true,"href":"https:\/\/vieassociative.be\/actualites\/wp-json\/wp\/v2\/tags?post=10324"}],"curies":[{"name":"wp","href":"https:\/\/api.w.org\/{rel}","templated":true}]}}