{"id":10323,"date":"2025-09-29T03:17:12","date_gmt":"2025-09-29T01:17:12","guid":{"rendered":"https:\/\/vieassociative.be\/actualites\/vous-pouvez-definir-des-alertes-de-prix-pour-prime-day-pour-ne-pas-passer-en-revue-le-budget\/"},"modified":"2025-09-29T03:17:12","modified_gmt":"2025-09-29T01:17:12","slug":"vous-pouvez-definir-des-alertes-de-prix-pour-prime-day-pour-ne-pas-passer-en-revue-le-budget","status":"publish","type":"post","link":"https:\/\/vieassociative.be\/actualites\/vous-pouvez-definir-des-alertes-de-prix-pour-prime-day-pour-ne-pas-passer-en-revue-le-budget\/","title":{"rendered":"Vous pouvez d\u00e9finir des alertes de prix pour Prime Day pour ne pas passer en revue le budget"},"content":{"rendered":"<div class=\"mt-4 leading-6 md:mb-8\">R\u00e9sistez aux tactiques de manipulation des prix d&rsquo;Amazon en choisissant le maximum que vous souhaitez d\u00e9penser \u00e0 l&rsquo;avance.<\/div>\n<p><\/p>\n<p><em>Saviez-vous que vous pouvez personnaliser Google pour filtrer les ordures? Prendre ces \u00e9tapes<\/em><em> Pour de meilleurs r\u00e9sultats de recherche, notamment en ajoutant mon travail chez Vie Associative comme source pr\u00e9f\u00e9r\u00e9e<\/em><em>.<\/em><\/p>\n<hr>\n<p>La version d&rsquo;automne de la premi\u00e8re journ\u00e9e d&rsquo;Amazon approche rapidement. Les \u00ab\u00a0Big Day Days\u00a0\u00bb auront lieu du 7 au 8 octobre, et nous vous tiendrons au courant avec toutes les meilleures offres menant \u00e0 et tout au long de la vente. Mais avant d&rsquo;acheter quoi que ce soit, voici comment d\u00e9finir votre <em>propre<\/em> Prix \u200b\u200bpour le premier jour et tous les deux jours. <\/p>\n<p>Si vous \u00eates un acheteur d&rsquo;impulsions, vous savez que les \u00e9v\u00e9nements de shopping comme Prime Day peuvent \u00eatre mauvais. M\u00eame si nous <em>savoir<\/em> Amazon utilise toutes sortes de techniques de manipulation pour nous amener \u00e0 acheter des choses dont nous n&rsquo;avons pas besoin, cela fonctionne toujours, donc cette ann\u00e9e, essayez de fixer vos propres prix et de choisir uniquement les choses que vous <em>vouloir<\/em> pour acheter.<\/p>\n<div class=\"mx-auto mb-12 mt-5 w-full max-w-3xl rounded-md border-2 border-gray-100 p-3 shadow-md md:px-7 md:pb-7 md:pt-5\" id=\"related-video\">\n<div class=\"mb-3 flex items-center md:mb-5\">\n        <img decoding=\"async\" class=\"mr-4 mt-0 h-10 w-10 md:mr-5 md:h-12 md:w-12\" src=\"https:\/\/vieassociative.be\/actualites\/wp-content\/uploads\/2025\/09\/1757726237_608_Meta-pourrait-devoiler-une-montre-intelligente-pour-controler-ses-lunettes.jpg\" alt=\"Logo Lifehacker\"><\/p><\/div>\n<div class=\"aspect-video w-full overflow-hidden rounded-md\">\n<div id=\"video-container-01K69F6JQT58YPD4KPV2F829X9\"><\/div>\n<\/p><\/div>\n<\/div>\n<h2 id=\"how-to-set-your-own-prices-on-amazon\">Comment \u00abfixer vos propres prix\u00bb sur Amazon<\/h2>\n<p>Vous ne pouvez pas faire baisser Amazon ses prix \u00e0 votre caprice, mais vous <em>peut<\/em> Configurez un syst\u00e8me d&rsquo;alerte pour vous faire savoir si quelque chose que vous souhaitez acheter des baisses de prix suffisamment pour que vous ayez du sens pour vous de l&rsquo;acheter. Vous trouverez ci-dessous un guide \u00e9tape par \u00e9tape pour d\u00e9finir votre propre prix maximal personnel pour tout article vendu par Amazon:<\/p>\n<ul>\n<li>\n<p>Identifiez les articles que vous souhaitez acheter et jetez-les dans votre liste de souhaits Amazon. Assurez-vous que votre liste de souhaits est d\u00e9finie sur \u00abpublic\u00bb.<\/p>\n<\/li>\n<li>\n<p>Visitez le site Web de suivi des prix Amazon CamelCamelCamel et cr\u00e9ez un compte gratuit. Il existe d&rsquo;autres applications et sites Web de suivi des prix qui, plus ou moins, font la m\u00eame chose &#8211; des offres, miel, keepa, etc. &#8211; consultez donc cet aper\u00e7u des meilleurs outils de suivi des prix si vous souhaitez les comparer. Alerte de spoiler, cependant: CamelcamelCamel gagne.<\/p>\n<\/li>\n<li>\n<p>Cliquez sur \u00abImporter WishList\u00bb. (Vous devrez copier et coller l&rsquo;URL de votre liste de souhaits Amazon.)<\/p>\n<\/li>\n<li>\n<p>Une fois que vous avez fait cela, CamelCamelCamel vous permet d&rsquo;ajouter des prix maximaux (ou des pourcentages) sp\u00e9cifiques pour tout dans votre liste de souhaits. Entrez le montant maximum que vous \u00eates pr\u00eat \u00e0 payer pour chaque article de votre liste, puis vous pouvez lui dire de vous envoyer un e-mail lorsque le prix d&rsquo;un article tombe \u00e0 votre limite de d\u00e9penses.<\/p>\n<\/li>\n<li>\n<p>Ignorez tout le battage m\u00e9diatique de Prime Days et attendez l&rsquo;alerte de courrier \u00e9lectronique vous permettant de savoir que les articles choisis sont devenus assez bon march\u00e9 pour que vous puissiez acheter.<\/p>\n<\/li>\n<li>\n<p>Passer la premi\u00e8re journ\u00e9e \u00e0 se sentir suffisant et d&rsquo;accord avec vous-m\u00eame que vous <em>sont<\/em> la personne la plus intelligente vivante. Ne regardez m\u00eame pas le site Web d&rsquo;Amazon. S\u00e9rieusement. Eh bien, peut-\u00eatre juste une seconde. Cette fois, vous aurez la volont\u00e9 d&rsquo;\u00e9viter d&rsquo;acheter une autre fontaine au chocolat ou une tasse autonome avec une \u00abtasse d&rsquo;auto-agitation\u00bb \u00e9crite sur le c\u00f4t\u00e9, non? Droite?<\/p>\n<\/li>\n<\/ul>\n<h2 id=\"more-ideas-for-imposing-limits-on-your-spending\">Plus d&rsquo;id\u00e9es pour imposer des limites \u00e0 vos d\u00e9penses<\/h2>\n<p>Si vous souhaitez prendre des garde-corps de magasinage bas\u00e9s sur la technologie au-del\u00e0 du syst\u00e8me d&rsquo;alerte de base \u00ab\u00a0Time to Buy\u00a0\u00bb d\u00e9crit ci-dessus, voici quelques id\u00e9es.<\/p>\n<ul>\n<li>\n<p><strong>Bloquer les publicit\u00e9s<\/strong>: Si vous \u00eates le type de personne qui r\u00e9pond aux annonces en ligne, vous pouvez en bloquer une tonne avec un outil ou une application simple. Voici notre aper\u00e7u du meilleur logiciel de blocage des publicit\u00e9s. <\/p>\n<\/li>\n<li>\n<p><strong>Suivez vos d\u00e9penses:<\/strong> Que vous le fassiez avec un crayon et du papier ou que vous utilisiez une application, voir combien vous d\u00e9pensez peut \u00eatre une motivation puissante pour \u00eatre plus \u00e9conome. La budg\u00e9tisation au fil du temps peut m\u00eame vous donner un peu un exc\u00e9dent, vous pouvez donc faire des folies lorsque le premier jour se d\u00e9roule si vous le souhaitez.<\/p>\n<\/li>\n<li>\n<p><strong>\u00c9conomisez pour quelque chose<\/strong>: \u00c9conomiser pour quelque chose dans le futur &#8211; des vacances, une planche de surf \u00e9lectrique, peu importe &#8211; peut faciliter la r\u00e9sistance aux d\u00e9penses maintenant.<\/p>\n<\/li>\n<li>\n<p><strong>Appuyez sur votre bouton de pause interne:<\/strong> Si vous pouvez prendre l&rsquo;habitude d&rsquo;attendre un jour ou deux entre penser \u00ab\u00a0Je veux ces lunettes de soleil\u00a0\u00bb et entrer dans vos num\u00e9ros de carte de cr\u00e9dit, vous pouvez d\u00e9cider que vos anciennes lunettes de soleil sont tr\u00e8s bien.<\/p>\n<\/li>\n<li>\n<p><strong>Configurez un syst\u00e8me \u00e0 un seul<\/strong>: Pour tout ce que vous achetez ou acqu\u00e9rez, d\u00e9barrassez-vous d&rsquo;un article similaire (ou plus!) Pour en faire de la place. Savoir quelque chose doit aller si vous frappez \u00ab\u00a0Acheter maintenant\u00a0\u00bb peut vous emp\u00eacher de faire un achat impulsif, et suivre cette r\u00e8gle maintient votre maison moins encombr\u00e9e. Points bonus si vous revendez un article avant d&rsquo;en obtenir un similaire. <em>Faire <\/em>de l&rsquo;argent avant <em>d\u00e9penses<\/em> de l&rsquo;argent et \u00e9conomisez de l&rsquo;espace pendant que vous y \u00eates.<\/p>\n<\/li>\n<li>\n<p><strong>Consid\u00e9rez l&rsquo;aide professionnelle<\/strong>: Il est normal et courant d&rsquo;avoir parfois un peu de difficult\u00e9 \u00e0 contr\u00f4ler les d\u00e9penses, mais les chercheurs disent qu&rsquo;environ 6% des Am\u00e9ricains souffrent d&rsquo;un trouble d&rsquo;achat compulsif qui peut faire partie d&rsquo;un probl\u00e8me psychologique plus important. Donc, si vos d\u00e9penses vous conduisent profond\u00e9ment, vous souffrez de cons\u00e9quences r\u00e9elles en fonction de vos habitudes d&rsquo;achat, ou vous avez simplement l&rsquo;impression que faire du shopping pourrait \u00eatre un probl\u00e8me pour vous, parlez \u00e0 un professionnel. <\/p>\n<\/li>\n<\/ul>\n<hr>\n<p><em>Vous cherchez autre chose? Des d\u00e9taillants concurrents comme Walmart<\/em><em>Meilleur achat<\/em><em>et cible<\/em><em>  Ayez des ventes de comp\u00e9tition de grande journ\u00e9e qui sont particuli\u00e8rement utiles si vous n&rsquo;avez pas Amazon Prime.<\/em><\/p>\n","protected":false},"excerpt":{"rendered":"<p>R\u00e9sistez aux tactiques de manipulation des prix d&rsquo;Amazon en choisissant le maximum que vous souhaitez d\u00e9penser \u00e0 l&rsquo;avance. Saviez-vous que vous pouvez personnaliser Google pour<\/p>\n","protected":false},"author":1,"featured_media":8412,"comment_status":"","ping_status":"","sticky":false,"template":"","format":"standard","meta":{"footnotes":""},"categories":[41],"tags":[7445,5216,347,3595,29,126,789,81,5,346,1399,7973,4],"class_list":["post-10323","post","type-post","status-publish","format-standard","has-post-thumbnail","hentry","category-argent","tag-alertes","tag-budget","tag-day","tag-definir","tag-des","tag-pas","tag-passer","tag-pour","tag-pouvez","tag-prime","tag-prix","tag-revue","tag-vous","generate-columns","tablet-grid-50","mobile-grid-100","grid-parent","grid-33"],"yoast_head":"<!-- This site is optimized with the Yoast SEO plugin v24.0 - https:\/\/yoast.com\/wordpress\/plugins\/seo\/ -->\n<title>Vous pouvez d\u00e9finir des alertes de prix pour Prime Day pour ne pas passer en revue le budget | Vie Associative<\/title>\n<meta name=\"robots\" content=\"index, follow, max-snippet:-1, max-image-preview:large, max-video-preview:-1\" \/>\n<link rel=\"canonical\" href=\"https:\/\/vieassociative.be\/actualites\/vous-pouvez-definir-des-alertes-de-prix-pour-prime-day-pour-ne-pas-passer-en-revue-le-budget\/\" \/>\n<meta property=\"og:locale\" content=\"fr_FR\" \/>\n<meta property=\"og:type\" content=\"article\" \/>\n<meta property=\"og:title\" content=\"Vous pouvez d\u00e9finir des alertes de prix pour Prime Day pour ne pas passer en revue le budget | Vie Associative\" \/>\n<meta property=\"og:description\" content=\"R\u00e9sistez aux tactiques de manipulation des prix d&rsquo;Amazon en choisissant le maximum que vous souhaitez d\u00e9penser \u00e0 l&rsquo;avance. Saviez-vous que vous pouvez personnaliser Google pour\" \/>\n<meta property=\"og:url\" content=\"https:\/\/vieassociative.be\/actualites\/vous-pouvez-definir-des-alertes-de-prix-pour-prime-day-pour-ne-pas-passer-en-revue-le-budget\/\" \/>\n<meta property=\"og:site_name\" content=\"Vie Associative\" \/>\n<meta property=\"article:published_time\" content=\"2025-09-29T01:17:12+00:00\" \/>\n<meta property=\"og:image\" content=\"https:\/\/vieassociative.be\/actualites\/wp-content\/uploads\/2025\/09\/1757726237_608_Meta-pourrait-devoiler-une-montre-intelligente-pour-controler-ses-lunettes.jpg\" \/>\n<meta name=\"author\" content=\"Julien\" \/>\n<meta name=\"twitter:card\" content=\"summary_large_image\" \/>\n<meta name=\"twitter:label1\" content=\"\u00c9crit par\" \/>\n\t<meta name=\"twitter:data1\" content=\"Julien\" \/>\n\t<meta name=\"twitter:label2\" content=\"Dur\u00e9e de lecture est.\" \/>\n\t<meta name=\"twitter:data2\" content=\"5 minutes\" \/>\n<script type=\"application\/ld+json\" class=\"yoast-schema-graph\">{\"@context\":\"https:\/\/schema.org\",\"@graph\":[{\"@type\":\"Article\",\"@id\":\"https:\/\/vieassociative.be\/actualites\/vous-pouvez-definir-des-alertes-de-prix-pour-prime-day-pour-ne-pas-passer-en-revue-le-budget\/#article\",\"isPartOf\":{\"@id\":\"https:\/\/vieassociative.be\/actualites\/vous-pouvez-definir-des-alertes-de-prix-pour-prime-day-pour-ne-pas-passer-en-revue-le-budget\/\"},\"author\":{\"name\":\"Julien\",\"@id\":\"https:\/\/vieassociative.be\/actualites\/#\/schema\/person\/b87ac4f82f9d4e7b7cec7395b679edc4\"},\"headline\":\"Vous pouvez d\u00e9finir des alertes de prix pour Prime Day pour ne pas passer en revue le budget\",\"datePublished\":\"2025-09-29T01:17:12+00:00\",\"dateModified\":\"2025-09-29T01:17:12+00:00\",\"mainEntityOfPage\":{\"@id\":\"https:\/\/vieassociative.be\/actualites\/vous-pouvez-definir-des-alertes-de-prix-pour-prime-day-pour-ne-pas-passer-en-revue-le-budget\/\"},\"wordCount\":1025,\"publisher\":{\"@id\":\"https:\/\/vieassociative.be\/actualites\/#organization\"},\"image\":{\"@id\":\"https:\/\/vieassociative.be\/actualites\/vous-pouvez-definir-des-alertes-de-prix-pour-prime-day-pour-ne-pas-passer-en-revue-le-budget\/#primaryimage\"},\"thumbnailUrl\":\"https:\/\/vieassociative.be\/actualites\/wp-content\/uploads\/2025\/06\/Vous-pouvez-definir-des-alertes-de-prix-pour-Prime-Day.jpg\",\"keywords\":[\"alertes\",\"budget\",\"Day\",\"d\u00e9finir\",\"Des\",\"pas\",\"passer\",\"pour\",\"pouvez\",\"Prime\",\"prix\",\"revue\",\"Vous\"],\"articleSection\":[\"Argent\"],\"inLanguage\":\"fr-BE\"},{\"@type\":\"WebPage\",\"@id\":\"https:\/\/vieassociative.be\/actualites\/vous-pouvez-definir-des-alertes-de-prix-pour-prime-day-pour-ne-pas-passer-en-revue-le-budget\/\",\"url\":\"https:\/\/vieassociative.be\/actualites\/vous-pouvez-definir-des-alertes-de-prix-pour-prime-day-pour-ne-pas-passer-en-revue-le-budget\/\",\"name\":\"Vous pouvez d\u00e9finir des alertes de prix pour Prime Day pour ne pas passer en revue le budget | Vie Associative\",\"isPartOf\":{\"@id\":\"https:\/\/vieassociative.be\/actualites\/#website\"},\"primaryImageOfPage\":{\"@id\":\"https:\/\/vieassociative.be\/actualites\/vous-pouvez-definir-des-alertes-de-prix-pour-prime-day-pour-ne-pas-passer-en-revue-le-budget\/#primaryimage\"},\"image\":{\"@id\":\"https:\/\/vieassociative.be\/actualites\/vous-pouvez-definir-des-alertes-de-prix-pour-prime-day-pour-ne-pas-passer-en-revue-le-budget\/#primaryimage\"},\"thumbnailUrl\":\"https:\/\/vieassociative.be\/actualites\/wp-content\/uploads\/2025\/06\/Vous-pouvez-definir-des-alertes-de-prix-pour-Prime-Day.jpg\",\"datePublished\":\"2025-09-29T01:17:12+00:00\",\"dateModified\":\"2025-09-29T01:17:12+00:00\",\"breadcrumb\":{\"@id\":\"https:\/\/vieassociative.be\/actualites\/vous-pouvez-definir-des-alertes-de-prix-pour-prime-day-pour-ne-pas-passer-en-revue-le-budget\/#breadcrumb\"},\"inLanguage\":\"fr-BE\",\"potentialAction\":[{\"@type\":\"ReadAction\",\"target\":[\"https:\/\/vieassociative.be\/actualites\/vous-pouvez-definir-des-alertes-de-prix-pour-prime-day-pour-ne-pas-passer-en-revue-le-budget\/\"]}]},{\"@type\":\"ImageObject\",\"inLanguage\":\"fr-BE\",\"@id\":\"https:\/\/vieassociative.be\/actualites\/vous-pouvez-definir-des-alertes-de-prix-pour-prime-day-pour-ne-pas-passer-en-revue-le-budget\/#primaryimage\",\"url\":\"https:\/\/vieassociative.be\/actualites\/wp-content\/uploads\/2025\/06\/Vous-pouvez-definir-des-alertes-de-prix-pour-Prime-Day.jpg\",\"contentUrl\":\"https:\/\/vieassociative.be\/actualites\/wp-content\/uploads\/2025\/06\/Vous-pouvez-definir-des-alertes-de-prix-pour-Prime-Day.jpg\",\"width\":1200,\"height\":675,\"caption\":\"Vous pouvez d\u00e9finir des alertes de prix pour Prime Day pour ne pas d\u00e9penser trop\"},{\"@type\":\"BreadcrumbList\",\"@id\":\"https:\/\/vieassociative.be\/actualites\/vous-pouvez-definir-des-alertes-de-prix-pour-prime-day-pour-ne-pas-passer-en-revue-le-budget\/#breadcrumb\",\"itemListElement\":[{\"@type\":\"ListItem\",\"position\":1,\"name\":\"Accueil\",\"item\":\"https:\/\/vieassociative.be\/actualites\/\"},{\"@type\":\"ListItem\",\"position\":2,\"name\":\"Vous pouvez d\u00e9finir des alertes de prix pour Prime Day pour ne pas passer en revue le budget\"}]},{\"@type\":\"WebSite\",\"@id\":\"https:\/\/vieassociative.be\/actualites\/#website\",\"url\":\"https:\/\/vieassociative.be\/actualites\/\",\"name\":\"Vie Associative\",\"description\":\"\",\"publisher\":{\"@id\":\"https:\/\/vieassociative.be\/actualites\/#organization\"},\"potentialAction\":[{\"@type\":\"SearchAction\",\"target\":{\"@type\":\"EntryPoint\",\"urlTemplate\":\"https:\/\/vieassociative.be\/actualites\/?s={search_term_string}\"},\"query-input\":{\"@type\":\"PropertyValueSpecification\",\"valueRequired\":true,\"valueName\":\"search_term_string\"}}],\"inLanguage\":\"fr-BE\"},{\"@type\":\"Organization\",\"@id\":\"https:\/\/vieassociative.be\/actualites\/#organization\",\"name\":\"Vie Associative\",\"url\":\"https:\/\/vieassociative.be\/actualites\/\",\"logo\":{\"@type\":\"ImageObject\",\"inLanguage\":\"fr-BE\",\"@id\":\"https:\/\/vieassociative.be\/actualites\/#\/schema\/logo\/image\/\",\"url\":\"https:\/\/vieassociative.be\/actualites\/wp-content\/uploads\/2024\/09\/cropped-vieassociative_favicon.ico.png\",\"contentUrl\":\"https:\/\/vieassociative.be\/actualites\/wp-content\/uploads\/2024\/09\/cropped-vieassociative_favicon.ico.png\",\"width\":512,\"height\":512,\"caption\":\"Vie Associative\"},\"image\":{\"@id\":\"https:\/\/vieassociative.be\/actualites\/#\/schema\/logo\/image\/\"}},{\"@type\":\"Person\",\"@id\":\"https:\/\/vieassociative.be\/actualites\/#\/schema\/person\/b87ac4f82f9d4e7b7cec7395b679edc4\",\"name\":\"Julien\",\"image\":{\"@type\":\"ImageObject\",\"inLanguage\":\"fr-BE\",\"@id\":\"https:\/\/vieassociative.be\/actualites\/#\/schema\/person\/image\/\",\"url\":\"https:\/\/vieassociative.be\/actualites\/wp-content\/uploads\/2024\/09\/vie-associative-1-150x150.jpg\",\"contentUrl\":\"https:\/\/vieassociative.be\/actualites\/wp-content\/uploads\/2024\/09\/vie-associative-1-150x150.jpg\",\"caption\":\"Julien\"},\"description\":\"Je suis Julien, r\u00e9dacteur pour Vie Associative. Passionn\u00e9 par le monde associatif depuis plus de 10 ans, j'ai \u00e0 c\u0153ur de partager des histoires inspirantes et de mettre en lumi\u00e8re les initiatives locales. Mon objectif est de sensibiliser et d'encourager l'engagement communautaire \u00e0 travers mes articles.\",\"sameAs\":[\"https:\/\/vieassociative.be\/\"]}]}<\/script>\n<!-- \/ Yoast SEO plugin. -->","yoast_head_json":{"title":"Vous pouvez d\u00e9finir des alertes de prix pour Prime Day pour ne pas passer en revue le budget | Vie Associative","robots":{"index":"index","follow":"follow","max-snippet":"max-snippet:-1","max-image-preview":"max-image-preview:large","max-video-preview":"max-video-preview:-1"},"canonical":"https:\/\/vieassociative.be\/actualites\/vous-pouvez-definir-des-alertes-de-prix-pour-prime-day-pour-ne-pas-passer-en-revue-le-budget\/","og_locale":"fr_FR","og_type":"article","og_title":"Vous pouvez d\u00e9finir des alertes de prix pour Prime Day pour ne pas passer en revue le budget | Vie Associative","og_description":"R\u00e9sistez aux tactiques de manipulation des prix d&rsquo;Amazon en choisissant le maximum que vous souhaitez d\u00e9penser \u00e0 l&rsquo;avance. Saviez-vous que vous pouvez personnaliser Google pour","og_url":"https:\/\/vieassociative.be\/actualites\/vous-pouvez-definir-des-alertes-de-prix-pour-prime-day-pour-ne-pas-passer-en-revue-le-budget\/","og_site_name":"Vie Associative","article_published_time":"2025-09-29T01:17:12+00:00","og_image":[{"url":"https:\/\/vieassociative.be\/actualites\/wp-content\/uploads\/2025\/09\/1757726237_608_Meta-pourrait-devoiler-une-montre-intelligente-pour-controler-ses-lunettes.jpg","type":"","width":"","height":""}],"author":"Julien","twitter_card":"summary_large_image","twitter_misc":{"\u00c9crit par":"Julien","Dur\u00e9e de lecture est.":"5 minutes"},"schema":{"@context":"https:\/\/schema.org","@graph":[{"@type":"Article","@id":"https:\/\/vieassociative.be\/actualites\/vous-pouvez-definir-des-alertes-de-prix-pour-prime-day-pour-ne-pas-passer-en-revue-le-budget\/#article","isPartOf":{"@id":"https:\/\/vieassociative.be\/actualites\/vous-pouvez-definir-des-alertes-de-prix-pour-prime-day-pour-ne-pas-passer-en-revue-le-budget\/"},"author":{"name":"Julien","@id":"https:\/\/vieassociative.be\/actualites\/#\/schema\/person\/b87ac4f82f9d4e7b7cec7395b679edc4"},"headline":"Vous pouvez d\u00e9finir des alertes de prix pour Prime Day pour ne pas passer en revue le budget","datePublished":"2025-09-29T01:17:12+00:00","dateModified":"2025-09-29T01:17:12+00:00","mainEntityOfPage":{"@id":"https:\/\/vieassociative.be\/actualites\/vous-pouvez-definir-des-alertes-de-prix-pour-prime-day-pour-ne-pas-passer-en-revue-le-budget\/"},"wordCount":1025,"publisher":{"@id":"https:\/\/vieassociative.be\/actualites\/#organization"},"image":{"@id":"https:\/\/vieassociative.be\/actualites\/vous-pouvez-definir-des-alertes-de-prix-pour-prime-day-pour-ne-pas-passer-en-revue-le-budget\/#primaryimage"},"thumbnailUrl":"https:\/\/vieassociative.be\/actualites\/wp-content\/uploads\/2025\/06\/Vous-pouvez-definir-des-alertes-de-prix-pour-Prime-Day.jpg","keywords":["alertes","budget","Day","d\u00e9finir","Des","pas","passer","pour","pouvez","Prime","prix","revue","Vous"],"articleSection":["Argent"],"inLanguage":"fr-BE"},{"@type":"WebPage","@id":"https:\/\/vieassociative.be\/actualites\/vous-pouvez-definir-des-alertes-de-prix-pour-prime-day-pour-ne-pas-passer-en-revue-le-budget\/","url":"https:\/\/vieassociative.be\/actualites\/vous-pouvez-definir-des-alertes-de-prix-pour-prime-day-pour-ne-pas-passer-en-revue-le-budget\/","name":"Vous pouvez d\u00e9finir des alertes de prix pour Prime Day pour ne pas passer en revue le budget | Vie Associative","isPartOf":{"@id":"https:\/\/vieassociative.be\/actualites\/#website"},"primaryImageOfPage":{"@id":"https:\/\/vieassociative.be\/actualites\/vous-pouvez-definir-des-alertes-de-prix-pour-prime-day-pour-ne-pas-passer-en-revue-le-budget\/#primaryimage"},"image":{"@id":"https:\/\/vieassociative.be\/actualites\/vous-pouvez-definir-des-alertes-de-prix-pour-prime-day-pour-ne-pas-passer-en-revue-le-budget\/#primaryimage"},"thumbnailUrl":"https:\/\/vieassociative.be\/actualites\/wp-content\/uploads\/2025\/06\/Vous-pouvez-definir-des-alertes-de-prix-pour-Prime-Day.jpg","datePublished":"2025-09-29T01:17:12+00:00","dateModified":"2025-09-29T01:17:12+00:00","breadcrumb":{"@id":"https:\/\/vieassociative.be\/actualites\/vous-pouvez-definir-des-alertes-de-prix-pour-prime-day-pour-ne-pas-passer-en-revue-le-budget\/#breadcrumb"},"inLanguage":"fr-BE","potentialAction":[{"@type":"ReadAction","target":["https:\/\/vieassociative.be\/actualites\/vous-pouvez-definir-des-alertes-de-prix-pour-prime-day-pour-ne-pas-passer-en-revue-le-budget\/"]}]},{"@type":"ImageObject","inLanguage":"fr-BE","@id":"https:\/\/vieassociative.be\/actualites\/vous-pouvez-definir-des-alertes-de-prix-pour-prime-day-pour-ne-pas-passer-en-revue-le-budget\/#primaryimage","url":"https:\/\/vieassociative.be\/actualites\/wp-content\/uploads\/2025\/06\/Vous-pouvez-definir-des-alertes-de-prix-pour-Prime-Day.jpg","contentUrl":"https:\/\/vieassociative.be\/actualites\/wp-content\/uploads\/2025\/06\/Vous-pouvez-definir-des-alertes-de-prix-pour-Prime-Day.jpg","width":1200,"height":675,"caption":"Vous pouvez d\u00e9finir des alertes de prix pour Prime Day pour ne pas d\u00e9penser trop"},{"@type":"BreadcrumbList","@id":"https:\/\/vieassociative.be\/actualites\/vous-pouvez-definir-des-alertes-de-prix-pour-prime-day-pour-ne-pas-passer-en-revue-le-budget\/#breadcrumb","itemListElement":[{"@type":"ListItem","position":1,"name":"Accueil","item":"https:\/\/vieassociative.be\/actualites\/"},{"@type":"ListItem","position":2,"name":"Vous pouvez d\u00e9finir des alertes de prix pour Prime Day pour ne pas passer en revue le budget"}]},{"@type":"WebSite","@id":"https:\/\/vieassociative.be\/actualites\/#website","url":"https:\/\/vieassociative.be\/actualites\/","name":"Vie Associative","description":"","publisher":{"@id":"https:\/\/vieassociative.be\/actualites\/#organization"},"potentialAction":[{"@type":"SearchAction","target":{"@type":"EntryPoint","urlTemplate":"https:\/\/vieassociative.be\/actualites\/?s={search_term_string}"},"query-input":{"@type":"PropertyValueSpecification","valueRequired":true,"valueName":"search_term_string"}}],"inLanguage":"fr-BE"},{"@type":"Organization","@id":"https:\/\/vieassociative.be\/actualites\/#organization","name":"Vie Associative","url":"https:\/\/vieassociative.be\/actualites\/","logo":{"@type":"ImageObject","inLanguage":"fr-BE","@id":"https:\/\/vieassociative.be\/actualites\/#\/schema\/logo\/image\/","url":"https:\/\/vieassociative.be\/actualites\/wp-content\/uploads\/2024\/09\/cropped-vieassociative_favicon.ico.png","contentUrl":"https:\/\/vieassociative.be\/actualites\/wp-content\/uploads\/2024\/09\/cropped-vieassociative_favicon.ico.png","width":512,"height":512,"caption":"Vie Associative"},"image":{"@id":"https:\/\/vieassociative.be\/actualites\/#\/schema\/logo\/image\/"}},{"@type":"Person","@id":"https:\/\/vieassociative.be\/actualites\/#\/schema\/person\/b87ac4f82f9d4e7b7cec7395b679edc4","name":"Julien","image":{"@type":"ImageObject","inLanguage":"fr-BE","@id":"https:\/\/vieassociative.be\/actualites\/#\/schema\/person\/image\/","url":"https:\/\/vieassociative.be\/actualites\/wp-content\/uploads\/2024\/09\/vie-associative-1-150x150.jpg","contentUrl":"https:\/\/vieassociative.be\/actualites\/wp-content\/uploads\/2024\/09\/vie-associative-1-150x150.jpg","caption":"Julien"},"description":"Je suis Julien, r\u00e9dacteur pour Vie Associative. Passionn\u00e9 par le monde associatif depuis plus de 10 ans, j'ai \u00e0 c\u0153ur de partager des histoires inspirantes et de mettre en lumi\u00e8re les initiatives locales. Mon objectif est de sensibiliser et d'encourager l'engagement communautaire \u00e0 travers mes articles.","sameAs":["https:\/\/vieassociative.be\/"]}]}},"_links":{"self":[{"href":"https:\/\/vieassociative.be\/actualites\/wp-json\/wp\/v2\/posts\/10323"}],"collection":[{"href":"https:\/\/vieassociative.be\/actualites\/wp-json\/wp\/v2\/posts"}],"about":[{"href":"https:\/\/vieassociative.be\/actualites\/wp-json\/wp\/v2\/types\/post"}],"author":[{"embeddable":true,"href":"https:\/\/vieassociative.be\/actualites\/wp-json\/wp\/v2\/users\/1"}],"replies":[{"embeddable":true,"href":"https:\/\/vieassociative.be\/actualites\/wp-json\/wp\/v2\/comments?post=10323"}],"version-history":[{"count":0,"href":"https:\/\/vieassociative.be\/actualites\/wp-json\/wp\/v2\/posts\/10323\/revisions"}],"wp:featuredmedia":[{"embeddable":true,"href":"https:\/\/vieassociative.be\/actualites\/wp-json\/wp\/v2\/media\/8412"}],"wp:attachment":[{"href":"https:\/\/vieassociative.be\/actualites\/wp-json\/wp\/v2\/media?parent=10323"}],"wp:term":[{"taxonomy":"category","embeddable":true,"href":"https:\/\/vieassociative.be\/actualites\/wp-json\/wp\/v2\/categories?post=10323"},{"taxonomy":"post_tag","embeddable":true,"href":"https:\/\/vieassociative.be\/actualites\/wp-json\/wp\/v2\/tags?post=10323"}],"curies":[{"name":"wp","href":"https:\/\/api.w.org\/{rel}","templated":true}]}}