{"id":10320,"date":"2025-09-28T22:17:04","date_gmt":"2025-09-28T20:17:04","guid":{"rendered":"https:\/\/vieassociative.be\/actualites\/sibylle-keupen-greens-perd-le-ruissellement-a-aachen-michael-ziemons-cdu-nouveau-maire\/"},"modified":"2025-09-28T22:17:04","modified_gmt":"2025-09-28T20:17:04","slug":"sibylle-keupen-greens-perd-le-ruissellement-a-aachen-michael-ziemons-cdu-nouveau-maire","status":"publish","type":"post","link":"https:\/\/vieassociative.be\/actualites\/sibylle-keupen-greens-perd-le-ruissellement-a-aachen-michael-ziemons-cdu-nouveau-maire\/","title":{"rendered":"Sibylle Keupen (Greens) perd le ruissellement \u00e0 Aachen: Michael Ziemons (CDU) Nouveau maire"},"content":{"rendered":"<p><strong>Michael Ziemons de la CDU devient le nouveau maire d&rsquo;Aix-un. Il a remport\u00e9 l&rsquo;\u00e9lection du ruissellement contre le maire r\u00e9gnant Sibylle Keupen (Greens) avec un total de 56,09%. Le taux de participation aux \u00e9lections du ruissellement \u00e9tait de 49,43%.<\/strong><\/p>\n<p><span id=\"more-425814\"><\/span>Il y a cinq ans dans le ruissellement entre Sibylle Keupen et Harald Baal (CDU), le taux de participation \u00e9tait de 41,69%. Le d\u00e9ficit de Keupen sortant \u00e0 Challenger Ziemons \u00e9tait probablement trop grand lors du premier bulletin de vote.<\/p>\n<div id=\"attachment_425830\" class=\"wp-caption alignleft\" style=\"max-width: 300px\"><img fetchpriority=\"high\" decoding=\"async\" class=\"wp-image-425830 size-medium\" src=\"https:\/\/vieassociative.be\/actualites\/wp-content\/uploads\/2025\/09\/Sibylle-Keupen-Greens-perd-le-ruissellement-a-Aachen-Michael-Ziemons.jpg\" alt=\"\" width=\"300\" height=\"200\"  ><\/div>\n<p>Ziemons avait atteint 40,5% il y a deux semaines, mais Keupen, en revanche, seulement 32,9%. Jusqu&rsquo;\u00e0 pr\u00e9sent, Ziemons a travaill\u00e9 comme directeur de la sant\u00e9 de la r\u00e9gion de la ville d&rsquo;Aix-un. Avec son succ\u00e8s, il entre dans la mairie pour la premi\u00e8re fois. Pour Keupen, le terme se termine apr\u00e8s cinq ans.<\/p>\n<p>Deux semaines apr\u00e8s les \u00e9lections \u00e9lectorales locales, pr\u00e8s de 150 \u00e9lections au proc\u00e8s \u00e9taient en suspens dans l&rsquo;\u00c9tat le plus peupl\u00e9 du Rh\u00e9nanie du Nord-Westphalie. Le maire a toujours \u00e9t\u00e9 \u00e9lu dans 21 des 23 villes ind\u00e9pendantes. Les \u00e9lections au point \u00e9taient n\u00e9cessaires car au premier tour, aucun des candidats n&rsquo;avait atteint plus de 50% tout de suite. Au deuxi\u00e8me tour, la majorit\u00e9 simple suffit.<\/p>\n<p>Quant \u00e0 la r\u00e9gion de la ville d&rsquo;Aix-un, Tim Gr\u00fcttemeier (CDU) reste en fonction en tant que conseil r\u00e9gional de la ville. Il a re\u00e7u 62,5% des voix. (DPA \/ CRE)<\/p>\n<p><em><strong>Voici un aper\u00e7u des maires de la ville d&rsquo;Aix-un depuis la Fondation de la R\u00e9publique f\u00e9d\u00e9rale d&rsquo;Allemagne (1949):<\/strong><\/em><\/p>\n<ul>\n<li style=\"list-style-type: none;\">\n<ul>\n<li><em>1952-1973:<\/em> Hermann Heusch (CDU)<\/li>\n<li><em>1973\u20131989:<\/em> Kurt Malangr\u00e9 (CDU)<\/li>\n<li><em>1989-2009:<\/em> J\u00fcrgen Linden (SPD)<\/li>\n<li><em>2009-2020:<\/em> Marcel Philipp (CDU)<\/li>\n<li><em>2020-2025:<\/em> Sibylle keupen (verts)<\/li>\n<li><em>\u00c0 partir de 2005:<\/em> Michael Ziemons (CDU)<\/li>\n<\/ul>\n<\/li>\n<\/ul>\n","protected":false},"excerpt":{"rendered":"<p>Michael Ziemons de la CDU devient le nouveau maire d&rsquo;Aix-un. Il a remport\u00e9 l&rsquo;\u00e9lection du ruissellement contre le maire r\u00e9gnant Sibylle Keupen (Greens) avec un<\/p>\n","protected":false},"author":1,"featured_media":10321,"comment_status":"","ping_status":"","sticky":false,"template":"","format":"standard","meta":{"footnotes":""},"categories":[298],"tags":[3446,5509,8700,8699,4378,3526,553,3021,7062,8698,8701],"class_list":["post-10320","post","type-post","status-publish","format-standard","has-post-thumbnail","hentry","category-belgique","tag-aachen","tag-cdu","tag-greens","tag-keupen","tag-maire","tag-michael","tag-nouveau","tag-perd","tag-ruissellement","tag-sibylle","tag-ziemons","generate-columns","tablet-grid-50","mobile-grid-100","grid-parent","grid-33"],"yoast_head":"<!-- This site is optimized with the Yoast SEO plugin v24.0 - https:\/\/yoast.com\/wordpress\/plugins\/seo\/ -->\n<title>Sibylle Keupen (Greens) perd le ruissellement \u00e0 Aachen: Michael Ziemons (CDU) Nouveau maire | Vie Associative<\/title>\n<meta name=\"robots\" content=\"index, follow, max-snippet:-1, max-image-preview:large, max-video-preview:-1\" \/>\n<link rel=\"canonical\" href=\"https:\/\/vieassociative.be\/actualites\/sibylle-keupen-greens-perd-le-ruissellement-a-aachen-michael-ziemons-cdu-nouveau-maire\/\" \/>\n<meta property=\"og:locale\" content=\"fr_FR\" \/>\n<meta property=\"og:type\" content=\"article\" \/>\n<meta property=\"og:title\" content=\"Sibylle Keupen (Greens) perd le ruissellement \u00e0 Aachen: Michael Ziemons (CDU) Nouveau maire | Vie Associative\" \/>\n<meta property=\"og:description\" content=\"Michael Ziemons de la CDU devient le nouveau maire d&rsquo;Aix-un. Il a remport\u00e9 l&rsquo;\u00e9lection du ruissellement contre le maire r\u00e9gnant Sibylle Keupen (Greens) avec un\" \/>\n<meta property=\"og:url\" content=\"https:\/\/vieassociative.be\/actualites\/sibylle-keupen-greens-perd-le-ruissellement-a-aachen-michael-ziemons-cdu-nouveau-maire\/\" \/>\n<meta property=\"og:site_name\" content=\"Vie Associative\" \/>\n<meta property=\"article:published_time\" content=\"2025-09-28T20:17:04+00:00\" \/>\n<meta property=\"og:image\" content=\"https:\/\/vieassociative.be\/actualites\/wp-content\/uploads\/2024\/09\/header_backgroundk-01-e1726694325946.png\" \/>\n\t<meta property=\"og:image:width\" content=\"279\" \/>\n\t<meta property=\"og:image:height\" content=\"92\" \/>\n\t<meta property=\"og:image:type\" content=\"image\/png\" \/>\n<meta name=\"author\" content=\"Julien\" \/>\n<meta name=\"twitter:card\" content=\"summary_large_image\" \/>\n<meta name=\"twitter:label1\" content=\"\u00c9crit par\" \/>\n\t<meta name=\"twitter:data1\" content=\"Julien\" \/>\n\t<meta name=\"twitter:label2\" content=\"Dur\u00e9e de lecture est.\" \/>\n\t<meta name=\"twitter:data2\" content=\"1 minute\" \/>\n<script type=\"application\/ld+json\" class=\"yoast-schema-graph\">{\"@context\":\"https:\/\/schema.org\",\"@graph\":[{\"@type\":\"Article\",\"@id\":\"https:\/\/vieassociative.be\/actualites\/sibylle-keupen-greens-perd-le-ruissellement-a-aachen-michael-ziemons-cdu-nouveau-maire\/#article\",\"isPartOf\":{\"@id\":\"https:\/\/vieassociative.be\/actualites\/sibylle-keupen-greens-perd-le-ruissellement-a-aachen-michael-ziemons-cdu-nouveau-maire\/\"},\"author\":{\"name\":\"Julien\",\"@id\":\"https:\/\/vieassociative.be\/actualites\/#\/schema\/person\/b87ac4f82f9d4e7b7cec7395b679edc4\"},\"headline\":\"Sibylle Keupen (Greens) perd le ruissellement \u00e0 Aachen: Michael Ziemons (CDU) Nouveau maire\",\"datePublished\":\"2025-09-28T20:17:04+00:00\",\"dateModified\":\"2025-09-28T20:17:04+00:00\",\"mainEntityOfPage\":{\"@id\":\"https:\/\/vieassociative.be\/actualites\/sibylle-keupen-greens-perd-le-ruissellement-a-aachen-michael-ziemons-cdu-nouveau-maire\/\"},\"wordCount\":299,\"publisher\":{\"@id\":\"https:\/\/vieassociative.be\/actualites\/#organization\"},\"image\":{\"@id\":\"https:\/\/vieassociative.be\/actualites\/sibylle-keupen-greens-perd-le-ruissellement-a-aachen-michael-ziemons-cdu-nouveau-maire\/#primaryimage\"},\"thumbnailUrl\":\"https:\/\/vieassociative.be\/actualites\/wp-content\/uploads\/2025\/09\/1759090624_Sibylle-Keupen-Greens-perd-le-ruissellement-a-Aachen-Michael-Ziemons.jpg\",\"keywords\":[\"Aachen\",\"CDU\",\"Greens\",\"Keupen\",\"maire\",\"Michael\",\"nouveau\",\"perd\",\"ruissellement\",\"Sibylle\",\"Ziemons\"],\"articleSection\":[\"Belgique\"],\"inLanguage\":\"fr-BE\"},{\"@type\":\"WebPage\",\"@id\":\"https:\/\/vieassociative.be\/actualites\/sibylle-keupen-greens-perd-le-ruissellement-a-aachen-michael-ziemons-cdu-nouveau-maire\/\",\"url\":\"https:\/\/vieassociative.be\/actualites\/sibylle-keupen-greens-perd-le-ruissellement-a-aachen-michael-ziemons-cdu-nouveau-maire\/\",\"name\":\"Sibylle Keupen (Greens) perd le ruissellement \u00e0 Aachen: Michael Ziemons (CDU) Nouveau maire | Vie Associative\",\"isPartOf\":{\"@id\":\"https:\/\/vieassociative.be\/actualites\/#website\"},\"primaryImageOfPage\":{\"@id\":\"https:\/\/vieassociative.be\/actualites\/sibylle-keupen-greens-perd-le-ruissellement-a-aachen-michael-ziemons-cdu-nouveau-maire\/#primaryimage\"},\"image\":{\"@id\":\"https:\/\/vieassociative.be\/actualites\/sibylle-keupen-greens-perd-le-ruissellement-a-aachen-michael-ziemons-cdu-nouveau-maire\/#primaryimage\"},\"thumbnailUrl\":\"https:\/\/vieassociative.be\/actualites\/wp-content\/uploads\/2025\/09\/1759090624_Sibylle-Keupen-Greens-perd-le-ruissellement-a-Aachen-Michael-Ziemons.jpg\",\"datePublished\":\"2025-09-28T20:17:04+00:00\",\"dateModified\":\"2025-09-28T20:17:04+00:00\",\"breadcrumb\":{\"@id\":\"https:\/\/vieassociative.be\/actualites\/sibylle-keupen-greens-perd-le-ruissellement-a-aachen-michael-ziemons-cdu-nouveau-maire\/#breadcrumb\"},\"inLanguage\":\"fr-BE\",\"potentialAction\":[{\"@type\":\"ReadAction\",\"target\":[\"https:\/\/vieassociative.be\/actualites\/sibylle-keupen-greens-perd-le-ruissellement-a-aachen-michael-ziemons-cdu-nouveau-maire\/\"]}]},{\"@type\":\"ImageObject\",\"inLanguage\":\"fr-BE\",\"@id\":\"https:\/\/vieassociative.be\/actualites\/sibylle-keupen-greens-perd-le-ruissellement-a-aachen-michael-ziemons-cdu-nouveau-maire\/#primaryimage\",\"url\":\"https:\/\/vieassociative.be\/actualites\/wp-content\/uploads\/2025\/09\/1759090624_Sibylle-Keupen-Greens-perd-le-ruissellement-a-Aachen-Michael-Ziemons.jpg\",\"contentUrl\":\"https:\/\/vieassociative.be\/actualites\/wp-content\/uploads\/2025\/09\/1759090624_Sibylle-Keupen-Greens-perd-le-ruissellement-a-Aachen-Michael-Ziemons.jpg\",\"width\":1200,\"height\":800,\"caption\":\"Sibylle Keupen (Greens) perd le ruissellement \u00e0 Aachen: Michael Ziemons (CDU) Nouveau maire\"},{\"@type\":\"BreadcrumbList\",\"@id\":\"https:\/\/vieassociative.be\/actualites\/sibylle-keupen-greens-perd-le-ruissellement-a-aachen-michael-ziemons-cdu-nouveau-maire\/#breadcrumb\",\"itemListElement\":[{\"@type\":\"ListItem\",\"position\":1,\"name\":\"Accueil\",\"item\":\"https:\/\/vieassociative.be\/actualites\/\"},{\"@type\":\"ListItem\",\"position\":2,\"name\":\"Sibylle Keupen (Greens) perd le ruissellement \u00e0 Aachen: Michael Ziemons (CDU) Nouveau maire\"}]},{\"@type\":\"WebSite\",\"@id\":\"https:\/\/vieassociative.be\/actualites\/#website\",\"url\":\"https:\/\/vieassociative.be\/actualites\/\",\"name\":\"Vie Associative\",\"description\":\"\",\"publisher\":{\"@id\":\"https:\/\/vieassociative.be\/actualites\/#organization\"},\"potentialAction\":[{\"@type\":\"SearchAction\",\"target\":{\"@type\":\"EntryPoint\",\"urlTemplate\":\"https:\/\/vieassociative.be\/actualites\/?s={search_term_string}\"},\"query-input\":{\"@type\":\"PropertyValueSpecification\",\"valueRequired\":true,\"valueName\":\"search_term_string\"}}],\"inLanguage\":\"fr-BE\"},{\"@type\":\"Organization\",\"@id\":\"https:\/\/vieassociative.be\/actualites\/#organization\",\"name\":\"Vie Associative\",\"url\":\"https:\/\/vieassociative.be\/actualites\/\",\"logo\":{\"@type\":\"ImageObject\",\"inLanguage\":\"fr-BE\",\"@id\":\"https:\/\/vieassociative.be\/actualites\/#\/schema\/logo\/image\/\",\"url\":\"https:\/\/vieassociative.be\/actualites\/wp-content\/uploads\/2024\/09\/cropped-vieassociative_favicon.ico.png\",\"contentUrl\":\"https:\/\/vieassociative.be\/actualites\/wp-content\/uploads\/2024\/09\/cropped-vieassociative_favicon.ico.png\",\"width\":512,\"height\":512,\"caption\":\"Vie Associative\"},\"image\":{\"@id\":\"https:\/\/vieassociative.be\/actualites\/#\/schema\/logo\/image\/\"}},{\"@type\":\"Person\",\"@id\":\"https:\/\/vieassociative.be\/actualites\/#\/schema\/person\/b87ac4f82f9d4e7b7cec7395b679edc4\",\"name\":\"Julien\",\"image\":{\"@type\":\"ImageObject\",\"inLanguage\":\"fr-BE\",\"@id\":\"https:\/\/vieassociative.be\/actualites\/#\/schema\/person\/image\/\",\"url\":\"https:\/\/vieassociative.be\/actualites\/wp-content\/uploads\/2024\/09\/vie-associative-1-150x150.jpg\",\"contentUrl\":\"https:\/\/vieassociative.be\/actualites\/wp-content\/uploads\/2024\/09\/vie-associative-1-150x150.jpg\",\"caption\":\"Julien\"},\"description\":\"Je suis Julien, r\u00e9dacteur pour Vie Associative. Passionn\u00e9 par le monde associatif depuis plus de 10 ans, j'ai \u00e0 c\u0153ur de partager des histoires inspirantes et de mettre en lumi\u00e8re les initiatives locales. Mon objectif est de sensibiliser et d'encourager l'engagement communautaire \u00e0 travers mes articles.\",\"sameAs\":[\"https:\/\/vieassociative.be\/\"]}]}<\/script>\n<!-- \/ Yoast SEO plugin. -->","yoast_head_json":{"title":"Sibylle Keupen (Greens) perd le ruissellement \u00e0 Aachen: Michael Ziemons (CDU) Nouveau maire | Vie Associative","robots":{"index":"index","follow":"follow","max-snippet":"max-snippet:-1","max-image-preview":"max-image-preview:large","max-video-preview":"max-video-preview:-1"},"canonical":"https:\/\/vieassociative.be\/actualites\/sibylle-keupen-greens-perd-le-ruissellement-a-aachen-michael-ziemons-cdu-nouveau-maire\/","og_locale":"fr_FR","og_type":"article","og_title":"Sibylle Keupen (Greens) perd le ruissellement \u00e0 Aachen: Michael Ziemons (CDU) Nouveau maire | Vie Associative","og_description":"Michael Ziemons de la CDU devient le nouveau maire d&rsquo;Aix-un. Il a remport\u00e9 l&rsquo;\u00e9lection du ruissellement contre le maire r\u00e9gnant Sibylle Keupen (Greens) avec un","og_url":"https:\/\/vieassociative.be\/actualites\/sibylle-keupen-greens-perd-le-ruissellement-a-aachen-michael-ziemons-cdu-nouveau-maire\/","og_site_name":"Vie Associative","article_published_time":"2025-09-28T20:17:04+00:00","og_image":[{"width":279,"height":92,"url":"https:\/\/vieassociative.be\/actualites\/wp-content\/uploads\/2024\/09\/header_backgroundk-01-e1726694325946.png","type":"image\/png"}],"author":"Julien","twitter_card":"summary_large_image","twitter_misc":{"\u00c9crit par":"Julien","Dur\u00e9e de lecture est.":"1 minute"},"schema":{"@context":"https:\/\/schema.org","@graph":[{"@type":"Article","@id":"https:\/\/vieassociative.be\/actualites\/sibylle-keupen-greens-perd-le-ruissellement-a-aachen-michael-ziemons-cdu-nouveau-maire\/#article","isPartOf":{"@id":"https:\/\/vieassociative.be\/actualites\/sibylle-keupen-greens-perd-le-ruissellement-a-aachen-michael-ziemons-cdu-nouveau-maire\/"},"author":{"name":"Julien","@id":"https:\/\/vieassociative.be\/actualites\/#\/schema\/person\/b87ac4f82f9d4e7b7cec7395b679edc4"},"headline":"Sibylle Keupen (Greens) perd le ruissellement \u00e0 Aachen: Michael Ziemons (CDU) Nouveau maire","datePublished":"2025-09-28T20:17:04+00:00","dateModified":"2025-09-28T20:17:04+00:00","mainEntityOfPage":{"@id":"https:\/\/vieassociative.be\/actualites\/sibylle-keupen-greens-perd-le-ruissellement-a-aachen-michael-ziemons-cdu-nouveau-maire\/"},"wordCount":299,"publisher":{"@id":"https:\/\/vieassociative.be\/actualites\/#organization"},"image":{"@id":"https:\/\/vieassociative.be\/actualites\/sibylle-keupen-greens-perd-le-ruissellement-a-aachen-michael-ziemons-cdu-nouveau-maire\/#primaryimage"},"thumbnailUrl":"https:\/\/vieassociative.be\/actualites\/wp-content\/uploads\/2025\/09\/1759090624_Sibylle-Keupen-Greens-perd-le-ruissellement-a-Aachen-Michael-Ziemons.jpg","keywords":["Aachen","CDU","Greens","Keupen","maire","Michael","nouveau","perd","ruissellement","Sibylle","Ziemons"],"articleSection":["Belgique"],"inLanguage":"fr-BE"},{"@type":"WebPage","@id":"https:\/\/vieassociative.be\/actualites\/sibylle-keupen-greens-perd-le-ruissellement-a-aachen-michael-ziemons-cdu-nouveau-maire\/","url":"https:\/\/vieassociative.be\/actualites\/sibylle-keupen-greens-perd-le-ruissellement-a-aachen-michael-ziemons-cdu-nouveau-maire\/","name":"Sibylle Keupen (Greens) perd le ruissellement \u00e0 Aachen: Michael Ziemons (CDU) Nouveau maire | Vie Associative","isPartOf":{"@id":"https:\/\/vieassociative.be\/actualites\/#website"},"primaryImageOfPage":{"@id":"https:\/\/vieassociative.be\/actualites\/sibylle-keupen-greens-perd-le-ruissellement-a-aachen-michael-ziemons-cdu-nouveau-maire\/#primaryimage"},"image":{"@id":"https:\/\/vieassociative.be\/actualites\/sibylle-keupen-greens-perd-le-ruissellement-a-aachen-michael-ziemons-cdu-nouveau-maire\/#primaryimage"},"thumbnailUrl":"https:\/\/vieassociative.be\/actualites\/wp-content\/uploads\/2025\/09\/1759090624_Sibylle-Keupen-Greens-perd-le-ruissellement-a-Aachen-Michael-Ziemons.jpg","datePublished":"2025-09-28T20:17:04+00:00","dateModified":"2025-09-28T20:17:04+00:00","breadcrumb":{"@id":"https:\/\/vieassociative.be\/actualites\/sibylle-keupen-greens-perd-le-ruissellement-a-aachen-michael-ziemons-cdu-nouveau-maire\/#breadcrumb"},"inLanguage":"fr-BE","potentialAction":[{"@type":"ReadAction","target":["https:\/\/vieassociative.be\/actualites\/sibylle-keupen-greens-perd-le-ruissellement-a-aachen-michael-ziemons-cdu-nouveau-maire\/"]}]},{"@type":"ImageObject","inLanguage":"fr-BE","@id":"https:\/\/vieassociative.be\/actualites\/sibylle-keupen-greens-perd-le-ruissellement-a-aachen-michael-ziemons-cdu-nouveau-maire\/#primaryimage","url":"https:\/\/vieassociative.be\/actualites\/wp-content\/uploads\/2025\/09\/1759090624_Sibylle-Keupen-Greens-perd-le-ruissellement-a-Aachen-Michael-Ziemons.jpg","contentUrl":"https:\/\/vieassociative.be\/actualites\/wp-content\/uploads\/2025\/09\/1759090624_Sibylle-Keupen-Greens-perd-le-ruissellement-a-Aachen-Michael-Ziemons.jpg","width":1200,"height":800,"caption":"Sibylle Keupen (Greens) perd le ruissellement \u00e0 Aachen: Michael Ziemons (CDU) Nouveau maire"},{"@type":"BreadcrumbList","@id":"https:\/\/vieassociative.be\/actualites\/sibylle-keupen-greens-perd-le-ruissellement-a-aachen-michael-ziemons-cdu-nouveau-maire\/#breadcrumb","itemListElement":[{"@type":"ListItem","position":1,"name":"Accueil","item":"https:\/\/vieassociative.be\/actualites\/"},{"@type":"ListItem","position":2,"name":"Sibylle Keupen (Greens) perd le ruissellement \u00e0 Aachen: Michael Ziemons (CDU) Nouveau maire"}]},{"@type":"WebSite","@id":"https:\/\/vieassociative.be\/actualites\/#website","url":"https:\/\/vieassociative.be\/actualites\/","name":"Vie Associative","description":"","publisher":{"@id":"https:\/\/vieassociative.be\/actualites\/#organization"},"potentialAction":[{"@type":"SearchAction","target":{"@type":"EntryPoint","urlTemplate":"https:\/\/vieassociative.be\/actualites\/?s={search_term_string}"},"query-input":{"@type":"PropertyValueSpecification","valueRequired":true,"valueName":"search_term_string"}}],"inLanguage":"fr-BE"},{"@type":"Organization","@id":"https:\/\/vieassociative.be\/actualites\/#organization","name":"Vie Associative","url":"https:\/\/vieassociative.be\/actualites\/","logo":{"@type":"ImageObject","inLanguage":"fr-BE","@id":"https:\/\/vieassociative.be\/actualites\/#\/schema\/logo\/image\/","url":"https:\/\/vieassociative.be\/actualites\/wp-content\/uploads\/2024\/09\/cropped-vieassociative_favicon.ico.png","contentUrl":"https:\/\/vieassociative.be\/actualites\/wp-content\/uploads\/2024\/09\/cropped-vieassociative_favicon.ico.png","width":512,"height":512,"caption":"Vie Associative"},"image":{"@id":"https:\/\/vieassociative.be\/actualites\/#\/schema\/logo\/image\/"}},{"@type":"Person","@id":"https:\/\/vieassociative.be\/actualites\/#\/schema\/person\/b87ac4f82f9d4e7b7cec7395b679edc4","name":"Julien","image":{"@type":"ImageObject","inLanguage":"fr-BE","@id":"https:\/\/vieassociative.be\/actualites\/#\/schema\/person\/image\/","url":"https:\/\/vieassociative.be\/actualites\/wp-content\/uploads\/2024\/09\/vie-associative-1-150x150.jpg","contentUrl":"https:\/\/vieassociative.be\/actualites\/wp-content\/uploads\/2024\/09\/vie-associative-1-150x150.jpg","caption":"Julien"},"description":"Je suis Julien, r\u00e9dacteur pour Vie Associative. Passionn\u00e9 par le monde associatif depuis plus de 10 ans, j'ai \u00e0 c\u0153ur de partager des histoires inspirantes et de mettre en lumi\u00e8re les initiatives locales. Mon objectif est de sensibiliser et d'encourager l'engagement communautaire \u00e0 travers mes articles.","sameAs":["https:\/\/vieassociative.be\/"]}]}},"_links":{"self":[{"href":"https:\/\/vieassociative.be\/actualites\/wp-json\/wp\/v2\/posts\/10320"}],"collection":[{"href":"https:\/\/vieassociative.be\/actualites\/wp-json\/wp\/v2\/posts"}],"about":[{"href":"https:\/\/vieassociative.be\/actualites\/wp-json\/wp\/v2\/types\/post"}],"author":[{"embeddable":true,"href":"https:\/\/vieassociative.be\/actualites\/wp-json\/wp\/v2\/users\/1"}],"replies":[{"embeddable":true,"href":"https:\/\/vieassociative.be\/actualites\/wp-json\/wp\/v2\/comments?post=10320"}],"version-history":[{"count":0,"href":"https:\/\/vieassociative.be\/actualites\/wp-json\/wp\/v2\/posts\/10320\/revisions"}],"wp:featuredmedia":[{"embeddable":true,"href":"https:\/\/vieassociative.be\/actualites\/wp-json\/wp\/v2\/media\/10321"}],"wp:attachment":[{"href":"https:\/\/vieassociative.be\/actualites\/wp-json\/wp\/v2\/media?parent=10320"}],"wp:term":[{"taxonomy":"category","embeddable":true,"href":"https:\/\/vieassociative.be\/actualites\/wp-json\/wp\/v2\/categories?post=10320"},{"taxonomy":"post_tag","embeddable":true,"href":"https:\/\/vieassociative.be\/actualites\/wp-json\/wp\/v2\/tags?post=10320"}],"curies":[{"name":"wp","href":"https:\/\/api.w.org\/{rel}","templated":true}]}}