{"id":10314,"date":"2025-09-28T16:18:04","date_gmt":"2025-09-28T14:18:04","guid":{"rendered":"https:\/\/vieassociative.be\/actualites\/sunshine-et-une-bonne-humeur-a-louverture-de-la-foire-amusante-de-leupener-untertadt-galerie-de-photos\/"},"modified":"2025-09-28T16:18:04","modified_gmt":"2025-09-28T14:18:04","slug":"sunshine-et-une-bonne-humeur-a-louverture-de-la-foire-amusante-de-leupener-untertadt-galerie-de-photos","status":"publish","type":"post","link":"https:\/\/vieassociative.be\/actualites\/sunshine-et-une-bonne-humeur-a-louverture-de-la-foire-amusante-de-leupener-untertadt-galerie-de-photos\/","title":{"rendered":"Sunshine et une bonne humeur \u00e0 l&rsquo;ouverture de la foire amusante de l&rsquo;Eupener Untertadt (galerie de photos)"},"content":{"rendered":"<p><strong>La foire Unterstadt a \u00e9t\u00e9 officiellement ouverte \u00e0 Eupen vendredi soir. Un concours s&rsquo;est form\u00e9. Le festival folklorique du parking de Frankendelle et sur Haassstra\u00dfe durera jusqu&rsquo;\u00e0 mardi. Pour \u00abl&rsquo;est de la Belgique directement\u00bb, le photographe Patrick von Staufenberg a \u00e9t\u00e9 impliqu\u00e9 \u00e0 l&rsquo;ouverture.<\/strong><\/p>\n<p><span id=\"more-425729\"><\/span>Le Unterst\u00e4dter Kirmes ne peut pas \u00eatre compar\u00e9 \u00e0 l&rsquo;Oberst\u00e4dter Kirmes. Elle a son propre caract\u00e8re et son charme. Cela est d\u00fb au fait que la grande foire amusante se d\u00e9roule dans la ville sup\u00e9rieure fin juin, mais la foire amusante de la ville inf\u00e9rieure fin septembre. C&rsquo;est donc l&rsquo;un des derniers \u00e9v\u00e9nements de la Belgique orientale.<\/p>\n<p>En plus du maire Thomas Lennertz (CSP), les juges la\u00efcs Nicolas Pomm\u00e9 (OBL) et Fabrice Paulus (CSP) et l&rsquo;ancien maire Elmar Keutgen (CSP) ont particip\u00e9 \u00e0 l&rsquo;ouverture officielle.<\/p>\n<p>La fanfare traditionnelle a march\u00e9 depuis le parking sur la Frankendelle \u00e0 travers la Haassstra\u00dfe jusqu&rsquo;au chapiteau, qui a \u00e9t\u00e9 install\u00e9 cette fois derri\u00e8re le pont r\u00e9cemment r\u00e9nov\u00e9.<\/p>\n<div id=\"attachment_425776\" class=\"wp-caption alignleft\" style=\"max-width: 300px\"><img fetchpriority=\"high\" decoding=\"async\" class=\"wp-image-425776 size-medium\" src=\"https:\/\/vieassociative.be\/actualites\/wp-content\/uploads\/2025\/09\/Sunshine-et-une-bonne-humeur-a-louverture-de-la-foire.jpg\" alt=\"\" width=\"300\" height=\"200\"  ><\/div>\n<p>Le nombre de stands \u00e9quitables amusants et de petites man\u00e8ges pour les enfants est g\u00e9rable, mais assez bien s\u00e9lectionn\u00e9, de sorte qu&rsquo;il y a quelque chose pour chaque go\u00fbt. En plus du scooter de voiture traditionnel, qui ne devrait pas \u00eatre manqu\u00e9 \u00e0 une foire amusante, il y a plusieurs carrousels pour enfants et des stands de tir, un canard, un jet, des fusillades de p\u00e9nalit\u00e9 et bien plus encore. L&rsquo;estomac est \u00e9galement pris en charge. La \u00ab\u00a0Fritie Rennome\u00a0\u00bb et \u00ab\u00a0La Gourmandise\u00a0\u00bb avec leurs friandises sont \u00e9galement incluses.<\/p>\n<p>Le maire Lernertz a prononc\u00e9 un discours au chapiteau. Il a mentionn\u00e9 que le monument du \u00ab\u00a0V\u00f6schtesch Dr\u00fcttche\u00a0\u00bb a r\u00e9cemment \u00e9t\u00e9 mis en place apr\u00e8s la catastrophe des inondations de 2021 et qu&rsquo;une nouvelle \u00e9tape a \u00e9t\u00e9 ramen\u00e9e \u00e0 la normale. Le Spielmannszug a jou\u00e9 quelques chansons heureuses. Enfin, des sandwichs et des boissons ont \u00e9t\u00e9 servis.<\/p>\n<p>Bien s\u00fbr, le Unterst\u00e4dter Kirmes a \u00e9galement un impact sur la circulation urbaine, m\u00eame s&rsquo;il ne s&rsquo;\u00e9tend plus au Schilsweg comme auparavant. Jusqu&rsquo;au mercredi 1er octobre. \u00c0 10 heures, il y a une interdiction de stationner et de s&rsquo;arr\u00eater au parking Frankendelle, sur Haassstra\u00dfe et dans les parkings entre Selterschlag et Malmedyer Stra\u00dfe.<\/p>\n<p><em><strong>Vous trouverez ci-dessous une galerie de photos avec des photos du photographe Patrick von Staufenberg de l&rsquo;ouverture de la foire amusante de Unterstadt vendredi soir (cliquez pour l&rsquo;\u00e9largissement):<\/strong><\/em><\/p>\n<div class=\"wp-gallery row\">\n<figure class=\"column small-6 medium-3 end\"><img decoding=\"async\" src=\"https:\/\/vieassociative.be\/actualites\/wp-content\/uploads\/2025\/09\/1759069081_747_Sunshine-et-une-bonne-humeur-a-louverture-de-la-foire.jpg\" width=\"159\" height=\"159\" alt=\"\"><\/figure>\n<figure class=\"column small-6 medium-3 end\"><img decoding=\"async\" src=\"https:\/\/vieassociative.be\/actualites\/wp-content\/uploads\/2025\/09\/1759069081_397_Sunshine-et-une-bonne-humeur-a-louverture-de-la-foire.jpg\" width=\"159\" height=\"159\" alt=\"\"><\/figure>\n<figure class=\"column small-6 medium-3 end\"><img loading=\"lazy\" decoding=\"async\" src=\"https:\/\/vieassociative.be\/actualites\/wp-content\/uploads\/2025\/09\/1759069081_162_Sunshine-et-une-bonne-humeur-a-louverture-de-la-foire.jpg\" width=\"159\" height=\"159\" alt=\"\"><\/figure>\n<figure class=\"column small-6 medium-3 end\"><img loading=\"lazy\" decoding=\"async\" src=\"https:\/\/vieassociative.be\/actualites\/wp-content\/uploads\/2025\/09\/1759069081_140_Sunshine-et-une-bonne-humeur-a-louverture-de-la-foire.jpg\" width=\"159\" height=\"159\" alt=\"\"><\/figure>\n<figure class=\"column small-6 medium-3 end\"><img loading=\"lazy\" decoding=\"async\" src=\"https:\/\/vieassociative.be\/actualites\/wp-content\/uploads\/2025\/09\/1759069082_74_Sunshine-et-une-bonne-humeur-a-louverture-de-la-foire.jpg\" width=\"159\" height=\"159\" alt=\"\"><\/figure>\n<figure class=\"column small-6 medium-3 end\"><img loading=\"lazy\" decoding=\"async\" src=\"https:\/\/vieassociative.be\/actualites\/wp-content\/uploads\/2025\/09\/1759069082_280_Sunshine-et-une-bonne-humeur-a-louverture-de-la-foire.jpg\" width=\"159\" height=\"159\" alt=\"\"><\/figure>\n<figure class=\"column small-6 medium-3 end\"><img loading=\"lazy\" decoding=\"async\" src=\"https:\/\/vieassociative.be\/actualites\/wp-content\/uploads\/2025\/09\/1759069082_882_Sunshine-et-une-bonne-humeur-a-louverture-de-la-foire.jpg\" width=\"159\" height=\"159\" alt=\"\"><\/figure>\n<figure class=\"column small-6 medium-3 end\"><img loading=\"lazy\" decoding=\"async\" src=\"https:\/\/vieassociative.be\/actualites\/wp-content\/uploads\/2025\/09\/1759069082_247_Sunshine-et-une-bonne-humeur-a-louverture-de-la-foire.jpg\" width=\"159\" height=\"159\" alt=\"\"><\/figure>\n<figure class=\"column small-6 medium-3 end\"><img loading=\"lazy\" decoding=\"async\" src=\"https:\/\/vieassociative.be\/actualites\/wp-content\/uploads\/2025\/09\/1759069082_147_Sunshine-et-une-bonne-humeur-a-louverture-de-la-foire.jpg\" width=\"159\" height=\"159\" alt=\"\"><\/figure>\n<figure class=\"column small-6 medium-3 end\"><img loading=\"lazy\" decoding=\"async\" src=\"https:\/\/vieassociative.be\/actualites\/wp-content\/uploads\/2025\/09\/1759069082_950_Sunshine-et-une-bonne-humeur-a-louverture-de-la-foire.jpg\" width=\"159\" height=\"159\" alt=\"\"><\/figure>\n<figure class=\"column small-6 medium-3 end\"><img loading=\"lazy\" decoding=\"async\" src=\"https:\/\/vieassociative.be\/actualites\/wp-content\/uploads\/2025\/09\/1759069082_819_Sunshine-et-une-bonne-humeur-a-louverture-de-la-foire.jpg\" width=\"159\" height=\"159\" alt=\"\"><\/figure>\n<figure class=\"column small-6 medium-3 end\"><img loading=\"lazy\" decoding=\"async\" src=\"https:\/\/vieassociative.be\/actualites\/wp-content\/uploads\/2025\/09\/1759069082_274_Sunshine-et-une-bonne-humeur-a-louverture-de-la-foire.jpg\" width=\"159\" height=\"159\" alt=\"\"><\/figure>\n<figure class=\"column small-6 medium-3 end\"><img loading=\"lazy\" decoding=\"async\" src=\"https:\/\/vieassociative.be\/actualites\/wp-content\/uploads\/2025\/09\/1759069082_661_Sunshine-et-une-bonne-humeur-a-louverture-de-la-foire.jpg\" width=\"159\" height=\"159\" alt=\"\"><\/figure>\n<figure class=\"column small-6 medium-3 end\"><img loading=\"lazy\" decoding=\"async\" src=\"https:\/\/vieassociative.be\/actualites\/wp-content\/uploads\/2025\/09\/1759069082_215_Sunshine-et-une-bonne-humeur-a-louverture-de-la-foire.jpg\" width=\"159\" height=\"159\" alt=\"\"><\/figure>\n<figure class=\"column small-6 medium-3 end\"><img loading=\"lazy\" decoding=\"async\" src=\"https:\/\/vieassociative.be\/actualites\/wp-content\/uploads\/2025\/09\/1759069082_462_Sunshine-et-une-bonne-humeur-a-louverture-de-la-foire.jpg\" width=\"159\" height=\"159\" alt=\"\"><\/figure>\n<figure class=\"column small-6 medium-3 end\"><img loading=\"lazy\" decoding=\"async\" src=\"https:\/\/vieassociative.be\/actualites\/wp-content\/uploads\/2025\/09\/1759069082_365_Sunshine-et-une-bonne-humeur-a-louverture-de-la-foire.jpg\" width=\"159\" height=\"159\" alt=\"\"><\/figure>\n<figure class=\"column small-6 medium-3 end\"><img loading=\"lazy\" decoding=\"async\" src=\"https:\/\/vieassociative.be\/actualites\/wp-content\/uploads\/2025\/09\/1759069083_157_Sunshine-et-une-bonne-humeur-a-louverture-de-la-foire.jpg\" width=\"159\" height=\"159\" alt=\"\"><\/figure>\n<figure class=\"column small-6 medium-3 end\"><img loading=\"lazy\" decoding=\"async\" src=\"https:\/\/vieassociative.be\/actualites\/wp-content\/uploads\/2025\/09\/1759069083_385_Sunshine-et-une-bonne-humeur-a-louverture-de-la-foire.jpg\" width=\"159\" height=\"159\" alt=\"\"><\/figure>\n<figure class=\"column small-6 medium-3 end\"><img loading=\"lazy\" decoding=\"async\" src=\"https:\/\/vieassociative.be\/actualites\/wp-content\/uploads\/2025\/09\/1759069083_231_Sunshine-et-une-bonne-humeur-a-louverture-de-la-foire.jpg\" width=\"159\" height=\"159\" alt=\"\"><\/figure>\n<figure class=\"column small-6 medium-3 end\"><img loading=\"lazy\" decoding=\"async\" src=\"https:\/\/vieassociative.be\/actualites\/wp-content\/uploads\/2025\/09\/1759069083_626_Sunshine-et-une-bonne-humeur-a-louverture-de-la-foire.jpg\" width=\"159\" height=\"159\" alt=\"\"><\/figure>\n<figure class=\"column small-6 medium-3 end\"><img loading=\"lazy\" decoding=\"async\" src=\"https:\/\/vieassociative.be\/actualites\/wp-content\/uploads\/2025\/09\/1759069083_717_Sunshine-et-une-bonne-humeur-a-louverture-de-la-foire.jpg\" width=\"159\" height=\"159\" alt=\"\"><\/figure>\n<figure class=\"column small-6 medium-3 end\"><img loading=\"lazy\" decoding=\"async\" src=\"https:\/\/vieassociative.be\/actualites\/wp-content\/uploads\/2025\/09\/1759069083_308_Sunshine-et-une-bonne-humeur-a-louverture-de-la-foire.jpg\" width=\"159\" height=\"159\" alt=\"\"><\/figure>\n<figure class=\"column small-6 medium-3 end\"><img loading=\"lazy\" decoding=\"async\" src=\"https:\/\/vieassociative.be\/actualites\/wp-content\/uploads\/2025\/09\/1759069083_10_Sunshine-et-une-bonne-humeur-a-louverture-de-la-foire.jpg\" width=\"159\" height=\"159\" alt=\"\"><\/figure>\n<figure class=\"column small-6 medium-3 end\"><img loading=\"lazy\" decoding=\"async\" src=\"https:\/\/vieassociative.be\/actualites\/wp-content\/uploads\/2025\/09\/1759069083_719_Sunshine-et-une-bonne-humeur-a-louverture-de-la-foire.jpg\" width=\"159\" height=\"159\" alt=\"\"><\/figure>\n<figure class=\"column small-6 medium-3 end\"><img loading=\"lazy\" decoding=\"async\" src=\"https:\/\/vieassociative.be\/actualites\/wp-content\/uploads\/2025\/09\/1759069083_929_Sunshine-et-une-bonne-humeur-a-louverture-de-la-foire.jpg\" width=\"159\" height=\"159\" alt=\"\"><\/figure>\n<figure class=\"column small-6 medium-3 end\"><img loading=\"lazy\" decoding=\"async\" src=\"https:\/\/vieassociative.be\/actualites\/wp-content\/uploads\/2025\/09\/1759069083_2_Sunshine-et-une-bonne-humeur-a-louverture-de-la-foire.jpg\" width=\"159\" height=\"159\" alt=\"\"><\/figure>\n<figure class=\"column small-6 medium-3 end\"><img loading=\"lazy\" decoding=\"async\" src=\"https:\/\/vieassociative.be\/actualites\/wp-content\/uploads\/2025\/09\/1759069083_79_Sunshine-et-une-bonne-humeur-a-louverture-de-la-foire.jpg\" width=\"159\" height=\"159\" alt=\"\"><\/figure>\n<figure class=\"column small-6 medium-3 end\"><img loading=\"lazy\" decoding=\"async\" src=\"https:\/\/vieassociative.be\/actualites\/wp-content\/uploads\/2025\/09\/1759069083_404_Sunshine-et-une-bonne-humeur-a-louverture-de-la-foire.jpg\" width=\"159\" height=\"159\" alt=\"\"><\/figure>\n<figure class=\"column small-6 medium-3 end\"><img loading=\"lazy\" decoding=\"async\" src=\"https:\/\/vieassociative.be\/actualites\/wp-content\/uploads\/2025\/09\/1759069083_987_Sunshine-et-une-bonne-humeur-a-louverture-de-la-foire.jpg\" width=\"159\" height=\"159\" alt=\"\"><\/figure>\n<figure class=\"column small-6 medium-3 end\"><img loading=\"lazy\" decoding=\"async\" src=\"https:\/\/vieassociative.be\/actualites\/wp-content\/uploads\/2025\/09\/1759069084_21_Sunshine-et-une-bonne-humeur-a-louverture-de-la-foire.jpg\" width=\"159\" height=\"159\" alt=\"\"><\/figure>\n<figure class=\"column small-6 medium-3 end\"><img loading=\"lazy\" decoding=\"async\" src=\"https:\/\/vieassociative.be\/actualites\/wp-content\/uploads\/2025\/09\/1759069084_788_Sunshine-et-une-bonne-humeur-a-louverture-de-la-foire.jpg\" width=\"159\" height=\"159\" alt=\"\"><\/figure>\n<figure class=\"column small-6 medium-3 end\"><img loading=\"lazy\" decoding=\"async\" src=\"https:\/\/vieassociative.be\/actualites\/wp-content\/uploads\/2025\/09\/1759069084_684_Sunshine-et-une-bonne-humeur-a-louverture-de-la-foire.jpg\" width=\"159\" height=\"159\" alt=\"\"><\/figure>\n<figure class=\"column small-6 medium-3 end\"><img loading=\"lazy\" decoding=\"async\" src=\"https:\/\/vieassociative.be\/actualites\/wp-content\/uploads\/2025\/09\/1759069084_258_Sunshine-et-une-bonne-humeur-a-louverture-de-la-foire.jpg\" width=\"159\" height=\"159\" alt=\"\"><\/figure>\n<figure class=\"column small-6 medium-3 end\"><img loading=\"lazy\" decoding=\"async\" src=\"https:\/\/vieassociative.be\/actualites\/wp-content\/uploads\/2025\/09\/1759069084_981_Sunshine-et-une-bonne-humeur-a-louverture-de-la-foire.jpg\" width=\"159\" height=\"159\" alt=\"\"><\/figure>\n<figure class=\"column small-6 medium-3 end\"><img loading=\"lazy\" decoding=\"async\" src=\"https:\/\/vieassociative.be\/actualites\/wp-content\/uploads\/2025\/09\/1759069084_421_Sunshine-et-une-bonne-humeur-a-louverture-de-la-foire.jpg\" width=\"159\" height=\"159\" alt=\"\"><\/figure>\n<figure class=\"column small-6 medium-3 end\"><img loading=\"lazy\" decoding=\"async\" src=\"https:\/\/vieassociative.be\/actualites\/wp-content\/uploads\/2025\/09\/1759069084_254_Sunshine-et-une-bonne-humeur-a-louverture-de-la-foire.jpg\" width=\"159\" height=\"159\" alt=\"\"><\/figure>\n<\/div>\n","protected":false},"excerpt":{"rendered":"<p>La foire Unterstadt a \u00e9t\u00e9 officiellement ouverte \u00e0 Eupen vendredi soir. Un concours s&rsquo;est form\u00e9. Le festival folklorique du parking de Frankendelle et sur Haassstra\u00dfe<\/p>\n","protected":false},"author":1,"featured_media":10315,"comment_status":"","ping_status":"","sticky":false,"template":"","format":"standard","meta":{"footnotes":""},"categories":[298],"tags":[868,680,8694,3257,8693,5670,4668,283,8692,110,8695],"class_list":["post-10314","post","type-post","status-publish","format-standard","has-post-thumbnail","hentry","category-belgique","tag-amusante","tag-bonne","tag-foire","tag-galerie","tag-humeur","tag-leupener","tag-louverture","tag-photos","tag-sunshine","tag-une","tag-untertadt","generate-columns","tablet-grid-50","mobile-grid-100","grid-parent","grid-33"],"yoast_head":"<!-- This site is optimized with the Yoast SEO plugin v24.0 - https:\/\/yoast.com\/wordpress\/plugins\/seo\/ -->\n<title>Sunshine et une bonne humeur \u00e0 l&#039;ouverture de la foire amusante de l&#039;Eupener Untertadt (galerie de photos) | Vie Associative<\/title>\n<meta name=\"robots\" content=\"index, follow, max-snippet:-1, max-image-preview:large, max-video-preview:-1\" \/>\n<link rel=\"canonical\" href=\"https:\/\/vieassociative.be\/actualites\/sunshine-et-une-bonne-humeur-a-louverture-de-la-foire-amusante-de-leupener-untertadt-galerie-de-photos\/\" \/>\n<meta property=\"og:locale\" content=\"fr_FR\" \/>\n<meta property=\"og:type\" content=\"article\" \/>\n<meta property=\"og:title\" content=\"Sunshine et une bonne humeur \u00e0 l&#039;ouverture de la foire amusante de l&#039;Eupener Untertadt (galerie de photos) | Vie Associative\" \/>\n<meta property=\"og:description\" content=\"La foire Unterstadt a \u00e9t\u00e9 officiellement ouverte \u00e0 Eupen vendredi soir. Un concours s&rsquo;est form\u00e9. Le festival folklorique du parking de Frankendelle et sur Haassstra\u00dfe\" \/>\n<meta property=\"og:url\" content=\"https:\/\/vieassociative.be\/actualites\/sunshine-et-une-bonne-humeur-a-louverture-de-la-foire-amusante-de-leupener-untertadt-galerie-de-photos\/\" \/>\n<meta property=\"og:site_name\" content=\"Vie Associative\" \/>\n<meta property=\"article:published_time\" content=\"2025-09-28T14:18:04+00:00\" \/>\n<meta property=\"og:image\" content=\"https:\/\/vieassociative.be\/actualites\/wp-content\/uploads\/2024\/09\/header_backgroundk-01-e1726694325946.png\" \/>\n\t<meta property=\"og:image:width\" content=\"279\" \/>\n\t<meta property=\"og:image:height\" content=\"92\" \/>\n\t<meta property=\"og:image:type\" content=\"image\/png\" \/>\n<meta name=\"author\" content=\"Julien\" \/>\n<meta name=\"twitter:card\" content=\"summary_large_image\" \/>\n<meta name=\"twitter:label1\" content=\"\u00c9crit par\" \/>\n\t<meta name=\"twitter:data1\" content=\"Julien\" \/>\n\t<meta name=\"twitter:label2\" content=\"Dur\u00e9e de lecture est.\" \/>\n\t<meta name=\"twitter:data2\" content=\"2 minutes\" \/>\n<script type=\"application\/ld+json\" class=\"yoast-schema-graph\">{\"@context\":\"https:\/\/schema.org\",\"@graph\":[{\"@type\":\"Article\",\"@id\":\"https:\/\/vieassociative.be\/actualites\/sunshine-et-une-bonne-humeur-a-louverture-de-la-foire-amusante-de-leupener-untertadt-galerie-de-photos\/#article\",\"isPartOf\":{\"@id\":\"https:\/\/vieassociative.be\/actualites\/sunshine-et-une-bonne-humeur-a-louverture-de-la-foire-amusante-de-leupener-untertadt-galerie-de-photos\/\"},\"author\":{\"name\":\"Julien\",\"@id\":\"https:\/\/vieassociative.be\/actualites\/#\/schema\/person\/b87ac4f82f9d4e7b7cec7395b679edc4\"},\"headline\":\"Sunshine et une bonne humeur \u00e0 l&rsquo;ouverture de la foire amusante de l&rsquo;Eupener Untertadt (galerie de photos)\",\"datePublished\":\"2025-09-28T14:18:04+00:00\",\"dateModified\":\"2025-09-28T14:18:04+00:00\",\"mainEntityOfPage\":{\"@id\":\"https:\/\/vieassociative.be\/actualites\/sunshine-et-une-bonne-humeur-a-louverture-de-la-foire-amusante-de-leupener-untertadt-galerie-de-photos\/\"},\"wordCount\":438,\"publisher\":{\"@id\":\"https:\/\/vieassociative.be\/actualites\/#organization\"},\"image\":{\"@id\":\"https:\/\/vieassociative.be\/actualites\/sunshine-et-une-bonne-humeur-a-louverture-de-la-foire-amusante-de-leupener-untertadt-galerie-de-photos\/#primaryimage\"},\"thumbnailUrl\":\"https:\/\/vieassociative.be\/actualites\/wp-content\/uploads\/2025\/09\/1759069090_Sunshine-et-une-bonne-humeur-a-louverture-de-la-foire.jpg\",\"keywords\":[\"amusante\",\"bonne\",\"foire\",\"galerie\",\"humeur\",\"lEupener\",\"louverture\",\"Photos\",\"Sunshine\",\"une\",\"Untertadt\"],\"articleSection\":[\"Belgique\"],\"inLanguage\":\"fr-BE\"},{\"@type\":\"WebPage\",\"@id\":\"https:\/\/vieassociative.be\/actualites\/sunshine-et-une-bonne-humeur-a-louverture-de-la-foire-amusante-de-leupener-untertadt-galerie-de-photos\/\",\"url\":\"https:\/\/vieassociative.be\/actualites\/sunshine-et-une-bonne-humeur-a-louverture-de-la-foire-amusante-de-leupener-untertadt-galerie-de-photos\/\",\"name\":\"Sunshine et une bonne humeur \u00e0 l'ouverture de la foire amusante de l'Eupener Untertadt (galerie de photos) | Vie Associative\",\"isPartOf\":{\"@id\":\"https:\/\/vieassociative.be\/actualites\/#website\"},\"primaryImageOfPage\":{\"@id\":\"https:\/\/vieassociative.be\/actualites\/sunshine-et-une-bonne-humeur-a-louverture-de-la-foire-amusante-de-leupener-untertadt-galerie-de-photos\/#primaryimage\"},\"image\":{\"@id\":\"https:\/\/vieassociative.be\/actualites\/sunshine-et-une-bonne-humeur-a-louverture-de-la-foire-amusante-de-leupener-untertadt-galerie-de-photos\/#primaryimage\"},\"thumbnailUrl\":\"https:\/\/vieassociative.be\/actualites\/wp-content\/uploads\/2025\/09\/1759069090_Sunshine-et-une-bonne-humeur-a-louverture-de-la-foire.jpg\",\"datePublished\":\"2025-09-28T14:18:04+00:00\",\"dateModified\":\"2025-09-28T14:18:04+00:00\",\"breadcrumb\":{\"@id\":\"https:\/\/vieassociative.be\/actualites\/sunshine-et-une-bonne-humeur-a-louverture-de-la-foire-amusante-de-leupener-untertadt-galerie-de-photos\/#breadcrumb\"},\"inLanguage\":\"fr-BE\",\"potentialAction\":[{\"@type\":\"ReadAction\",\"target\":[\"https:\/\/vieassociative.be\/actualites\/sunshine-et-une-bonne-humeur-a-louverture-de-la-foire-amusante-de-leupener-untertadt-galerie-de-photos\/\"]}]},{\"@type\":\"ImageObject\",\"inLanguage\":\"fr-BE\",\"@id\":\"https:\/\/vieassociative.be\/actualites\/sunshine-et-une-bonne-humeur-a-louverture-de-la-foire-amusante-de-leupener-untertadt-galerie-de-photos\/#primaryimage\",\"url\":\"https:\/\/vieassociative.be\/actualites\/wp-content\/uploads\/2025\/09\/1759069090_Sunshine-et-une-bonne-humeur-a-louverture-de-la-foire.jpg\",\"contentUrl\":\"https:\/\/vieassociative.be\/actualites\/wp-content\/uploads\/2025\/09\/1759069090_Sunshine-et-une-bonne-humeur-a-louverture-de-la-foire.jpg\",\"width\":1300,\"height\":867,\"caption\":\"Sunshine et une bonne humeur \u00e0 l'ouverture de la foire amusante de l'Eupener Untertadt (galerie de photos)\"},{\"@type\":\"BreadcrumbList\",\"@id\":\"https:\/\/vieassociative.be\/actualites\/sunshine-et-une-bonne-humeur-a-louverture-de-la-foire-amusante-de-leupener-untertadt-galerie-de-photos\/#breadcrumb\",\"itemListElement\":[{\"@type\":\"ListItem\",\"position\":1,\"name\":\"Accueil\",\"item\":\"https:\/\/vieassociative.be\/actualites\/\"},{\"@type\":\"ListItem\",\"position\":2,\"name\":\"Sunshine et une bonne humeur \u00e0 l&rsquo;ouverture de la foire amusante de l&rsquo;Eupener Untertadt (galerie de photos)\"}]},{\"@type\":\"WebSite\",\"@id\":\"https:\/\/vieassociative.be\/actualites\/#website\",\"url\":\"https:\/\/vieassociative.be\/actualites\/\",\"name\":\"Vie Associative\",\"description\":\"\",\"publisher\":{\"@id\":\"https:\/\/vieassociative.be\/actualites\/#organization\"},\"potentialAction\":[{\"@type\":\"SearchAction\",\"target\":{\"@type\":\"EntryPoint\",\"urlTemplate\":\"https:\/\/vieassociative.be\/actualites\/?s={search_term_string}\"},\"query-input\":{\"@type\":\"PropertyValueSpecification\",\"valueRequired\":true,\"valueName\":\"search_term_string\"}}],\"inLanguage\":\"fr-BE\"},{\"@type\":\"Organization\",\"@id\":\"https:\/\/vieassociative.be\/actualites\/#organization\",\"name\":\"Vie Associative\",\"url\":\"https:\/\/vieassociative.be\/actualites\/\",\"logo\":{\"@type\":\"ImageObject\",\"inLanguage\":\"fr-BE\",\"@id\":\"https:\/\/vieassociative.be\/actualites\/#\/schema\/logo\/image\/\",\"url\":\"https:\/\/vieassociative.be\/actualites\/wp-content\/uploads\/2024\/09\/cropped-vieassociative_favicon.ico.png\",\"contentUrl\":\"https:\/\/vieassociative.be\/actualites\/wp-content\/uploads\/2024\/09\/cropped-vieassociative_favicon.ico.png\",\"width\":512,\"height\":512,\"caption\":\"Vie Associative\"},\"image\":{\"@id\":\"https:\/\/vieassociative.be\/actualites\/#\/schema\/logo\/image\/\"}},{\"@type\":\"Person\",\"@id\":\"https:\/\/vieassociative.be\/actualites\/#\/schema\/person\/b87ac4f82f9d4e7b7cec7395b679edc4\",\"name\":\"Julien\",\"image\":{\"@type\":\"ImageObject\",\"inLanguage\":\"fr-BE\",\"@id\":\"https:\/\/vieassociative.be\/actualites\/#\/schema\/person\/image\/\",\"url\":\"https:\/\/vieassociative.be\/actualites\/wp-content\/uploads\/2024\/09\/vie-associative-1-150x150.jpg\",\"contentUrl\":\"https:\/\/vieassociative.be\/actualites\/wp-content\/uploads\/2024\/09\/vie-associative-1-150x150.jpg\",\"caption\":\"Julien\"},\"description\":\"Je suis Julien, r\u00e9dacteur pour Vie Associative. Passionn\u00e9 par le monde associatif depuis plus de 10 ans, j'ai \u00e0 c\u0153ur de partager des histoires inspirantes et de mettre en lumi\u00e8re les initiatives locales. Mon objectif est de sensibiliser et d'encourager l'engagement communautaire \u00e0 travers mes articles.\",\"sameAs\":[\"https:\/\/vieassociative.be\/\"]}]}<\/script>\n<!-- \/ Yoast SEO plugin. -->","yoast_head_json":{"title":"Sunshine et une bonne humeur \u00e0 l'ouverture de la foire amusante de l'Eupener Untertadt (galerie de photos) | Vie Associative","robots":{"index":"index","follow":"follow","max-snippet":"max-snippet:-1","max-image-preview":"max-image-preview:large","max-video-preview":"max-video-preview:-1"},"canonical":"https:\/\/vieassociative.be\/actualites\/sunshine-et-une-bonne-humeur-a-louverture-de-la-foire-amusante-de-leupener-untertadt-galerie-de-photos\/","og_locale":"fr_FR","og_type":"article","og_title":"Sunshine et une bonne humeur \u00e0 l'ouverture de la foire amusante de l'Eupener Untertadt (galerie de photos) | Vie Associative","og_description":"La foire Unterstadt a \u00e9t\u00e9 officiellement ouverte \u00e0 Eupen vendredi soir. Un concours s&rsquo;est form\u00e9. Le festival folklorique du parking de Frankendelle et sur Haassstra\u00dfe","og_url":"https:\/\/vieassociative.be\/actualites\/sunshine-et-une-bonne-humeur-a-louverture-de-la-foire-amusante-de-leupener-untertadt-galerie-de-photos\/","og_site_name":"Vie Associative","article_published_time":"2025-09-28T14:18:04+00:00","og_image":[{"width":279,"height":92,"url":"https:\/\/vieassociative.be\/actualites\/wp-content\/uploads\/2024\/09\/header_backgroundk-01-e1726694325946.png","type":"image\/png"}],"author":"Julien","twitter_card":"summary_large_image","twitter_misc":{"\u00c9crit par":"Julien","Dur\u00e9e de lecture est.":"2 minutes"},"schema":{"@context":"https:\/\/schema.org","@graph":[{"@type":"Article","@id":"https:\/\/vieassociative.be\/actualites\/sunshine-et-une-bonne-humeur-a-louverture-de-la-foire-amusante-de-leupener-untertadt-galerie-de-photos\/#article","isPartOf":{"@id":"https:\/\/vieassociative.be\/actualites\/sunshine-et-une-bonne-humeur-a-louverture-de-la-foire-amusante-de-leupener-untertadt-galerie-de-photos\/"},"author":{"name":"Julien","@id":"https:\/\/vieassociative.be\/actualites\/#\/schema\/person\/b87ac4f82f9d4e7b7cec7395b679edc4"},"headline":"Sunshine et une bonne humeur \u00e0 l&rsquo;ouverture de la foire amusante de l&rsquo;Eupener Untertadt (galerie de photos)","datePublished":"2025-09-28T14:18:04+00:00","dateModified":"2025-09-28T14:18:04+00:00","mainEntityOfPage":{"@id":"https:\/\/vieassociative.be\/actualites\/sunshine-et-une-bonne-humeur-a-louverture-de-la-foire-amusante-de-leupener-untertadt-galerie-de-photos\/"},"wordCount":438,"publisher":{"@id":"https:\/\/vieassociative.be\/actualites\/#organization"},"image":{"@id":"https:\/\/vieassociative.be\/actualites\/sunshine-et-une-bonne-humeur-a-louverture-de-la-foire-amusante-de-leupener-untertadt-galerie-de-photos\/#primaryimage"},"thumbnailUrl":"https:\/\/vieassociative.be\/actualites\/wp-content\/uploads\/2025\/09\/1759069090_Sunshine-et-une-bonne-humeur-a-louverture-de-la-foire.jpg","keywords":["amusante","bonne","foire","galerie","humeur","lEupener","louverture","Photos","Sunshine","une","Untertadt"],"articleSection":["Belgique"],"inLanguage":"fr-BE"},{"@type":"WebPage","@id":"https:\/\/vieassociative.be\/actualites\/sunshine-et-une-bonne-humeur-a-louverture-de-la-foire-amusante-de-leupener-untertadt-galerie-de-photos\/","url":"https:\/\/vieassociative.be\/actualites\/sunshine-et-une-bonne-humeur-a-louverture-de-la-foire-amusante-de-leupener-untertadt-galerie-de-photos\/","name":"Sunshine et une bonne humeur \u00e0 l'ouverture de la foire amusante de l'Eupener Untertadt (galerie de photos) | Vie Associative","isPartOf":{"@id":"https:\/\/vieassociative.be\/actualites\/#website"},"primaryImageOfPage":{"@id":"https:\/\/vieassociative.be\/actualites\/sunshine-et-une-bonne-humeur-a-louverture-de-la-foire-amusante-de-leupener-untertadt-galerie-de-photos\/#primaryimage"},"image":{"@id":"https:\/\/vieassociative.be\/actualites\/sunshine-et-une-bonne-humeur-a-louverture-de-la-foire-amusante-de-leupener-untertadt-galerie-de-photos\/#primaryimage"},"thumbnailUrl":"https:\/\/vieassociative.be\/actualites\/wp-content\/uploads\/2025\/09\/1759069090_Sunshine-et-une-bonne-humeur-a-louverture-de-la-foire.jpg","datePublished":"2025-09-28T14:18:04+00:00","dateModified":"2025-09-28T14:18:04+00:00","breadcrumb":{"@id":"https:\/\/vieassociative.be\/actualites\/sunshine-et-une-bonne-humeur-a-louverture-de-la-foire-amusante-de-leupener-untertadt-galerie-de-photos\/#breadcrumb"},"inLanguage":"fr-BE","potentialAction":[{"@type":"ReadAction","target":["https:\/\/vieassociative.be\/actualites\/sunshine-et-une-bonne-humeur-a-louverture-de-la-foire-amusante-de-leupener-untertadt-galerie-de-photos\/"]}]},{"@type":"ImageObject","inLanguage":"fr-BE","@id":"https:\/\/vieassociative.be\/actualites\/sunshine-et-une-bonne-humeur-a-louverture-de-la-foire-amusante-de-leupener-untertadt-galerie-de-photos\/#primaryimage","url":"https:\/\/vieassociative.be\/actualites\/wp-content\/uploads\/2025\/09\/1759069090_Sunshine-et-une-bonne-humeur-a-louverture-de-la-foire.jpg","contentUrl":"https:\/\/vieassociative.be\/actualites\/wp-content\/uploads\/2025\/09\/1759069090_Sunshine-et-une-bonne-humeur-a-louverture-de-la-foire.jpg","width":1300,"height":867,"caption":"Sunshine et une bonne humeur \u00e0 l'ouverture de la foire amusante de l'Eupener Untertadt (galerie de photos)"},{"@type":"BreadcrumbList","@id":"https:\/\/vieassociative.be\/actualites\/sunshine-et-une-bonne-humeur-a-louverture-de-la-foire-amusante-de-leupener-untertadt-galerie-de-photos\/#breadcrumb","itemListElement":[{"@type":"ListItem","position":1,"name":"Accueil","item":"https:\/\/vieassociative.be\/actualites\/"},{"@type":"ListItem","position":2,"name":"Sunshine et une bonne humeur \u00e0 l&rsquo;ouverture de la foire amusante de l&rsquo;Eupener Untertadt (galerie de photos)"}]},{"@type":"WebSite","@id":"https:\/\/vieassociative.be\/actualites\/#website","url":"https:\/\/vieassociative.be\/actualites\/","name":"Vie Associative","description":"","publisher":{"@id":"https:\/\/vieassociative.be\/actualites\/#organization"},"potentialAction":[{"@type":"SearchAction","target":{"@type":"EntryPoint","urlTemplate":"https:\/\/vieassociative.be\/actualites\/?s={search_term_string}"},"query-input":{"@type":"PropertyValueSpecification","valueRequired":true,"valueName":"search_term_string"}}],"inLanguage":"fr-BE"},{"@type":"Organization","@id":"https:\/\/vieassociative.be\/actualites\/#organization","name":"Vie Associative","url":"https:\/\/vieassociative.be\/actualites\/","logo":{"@type":"ImageObject","inLanguage":"fr-BE","@id":"https:\/\/vieassociative.be\/actualites\/#\/schema\/logo\/image\/","url":"https:\/\/vieassociative.be\/actualites\/wp-content\/uploads\/2024\/09\/cropped-vieassociative_favicon.ico.png","contentUrl":"https:\/\/vieassociative.be\/actualites\/wp-content\/uploads\/2024\/09\/cropped-vieassociative_favicon.ico.png","width":512,"height":512,"caption":"Vie Associative"},"image":{"@id":"https:\/\/vieassociative.be\/actualites\/#\/schema\/logo\/image\/"}},{"@type":"Person","@id":"https:\/\/vieassociative.be\/actualites\/#\/schema\/person\/b87ac4f82f9d4e7b7cec7395b679edc4","name":"Julien","image":{"@type":"ImageObject","inLanguage":"fr-BE","@id":"https:\/\/vieassociative.be\/actualites\/#\/schema\/person\/image\/","url":"https:\/\/vieassociative.be\/actualites\/wp-content\/uploads\/2024\/09\/vie-associative-1-150x150.jpg","contentUrl":"https:\/\/vieassociative.be\/actualites\/wp-content\/uploads\/2024\/09\/vie-associative-1-150x150.jpg","caption":"Julien"},"description":"Je suis Julien, r\u00e9dacteur pour Vie Associative. Passionn\u00e9 par le monde associatif depuis plus de 10 ans, j'ai \u00e0 c\u0153ur de partager des histoires inspirantes et de mettre en lumi\u00e8re les initiatives locales. Mon objectif est de sensibiliser et d'encourager l'engagement communautaire \u00e0 travers mes articles.","sameAs":["https:\/\/vieassociative.be\/"]}]}},"_links":{"self":[{"href":"https:\/\/vieassociative.be\/actualites\/wp-json\/wp\/v2\/posts\/10314"}],"collection":[{"href":"https:\/\/vieassociative.be\/actualites\/wp-json\/wp\/v2\/posts"}],"about":[{"href":"https:\/\/vieassociative.be\/actualites\/wp-json\/wp\/v2\/types\/post"}],"author":[{"embeddable":true,"href":"https:\/\/vieassociative.be\/actualites\/wp-json\/wp\/v2\/users\/1"}],"replies":[{"embeddable":true,"href":"https:\/\/vieassociative.be\/actualites\/wp-json\/wp\/v2\/comments?post=10314"}],"version-history":[{"count":0,"href":"https:\/\/vieassociative.be\/actualites\/wp-json\/wp\/v2\/posts\/10314\/revisions"}],"wp:featuredmedia":[{"embeddable":true,"href":"https:\/\/vieassociative.be\/actualites\/wp-json\/wp\/v2\/media\/10315"}],"wp:attachment":[{"href":"https:\/\/vieassociative.be\/actualites\/wp-json\/wp\/v2\/media?parent=10314"}],"wp:term":[{"taxonomy":"category","embeddable":true,"href":"https:\/\/vieassociative.be\/actualites\/wp-json\/wp\/v2\/categories?post=10314"},{"taxonomy":"post_tag","embeddable":true,"href":"https:\/\/vieassociative.be\/actualites\/wp-json\/wp\/v2\/tags?post=10314"}],"curies":[{"name":"wp","href":"https:\/\/api.w.org\/{rel}","templated":true}]}}