{"id":10311,"date":"2025-09-28T10:17:11","date_gmt":"2025-09-28T08:17:11","guid":{"rendered":"https:\/\/vieassociative.be\/actualites\/eupen-participe-a-la-belgique\/"},"modified":"2025-09-28T10:17:11","modified_gmt":"2025-09-28T08:17:11","slug":"eupen-participe-a-la-belgique","status":"publish","type":"post","link":"https:\/\/vieassociative.be\/actualites\/eupen-participe-a-la-belgique\/","title":{"rendered":"Eupen participe \u00e0 la Belgique"},"content":{"rendered":"<p><strong>Le 2 octobre, un test d&rsquo;extension en Belgique du syst\u00e8me d&rsquo;alarme a lieu. Les autorit\u00e9s peuvent informer la population dans les situations d&rsquo;urgence via SMS, e-mail ou par t\u00e9l\u00e9phone et transmettre des instructions de s\u00e9curit\u00e9 dans les situations d&rsquo;urgence. Par exemple, cela peut \u00eatre un incendie majeur, un inondation ou une d\u00e9faillance de puissance.<\/strong><\/p>\n<p><span id=\"more-425539\"><\/span>La ville d&rsquo;Eupen participe \u00e9galement au test de Bealer. Tous les citoyens inscrits recevront un SMS du num\u00e9ro 1789, un appel linguistique du num\u00e9ro 04 77 77 55 ou un e-mail de l&rsquo;adresse no-repry@be-lert.be le 2 octobre.<\/p>\n<p>Le message est contenu le texte suivant: \u00ab\u00a0Bealed-Eupen-Test. Il s&rsquo;agit d&rsquo;un test d&rsquo;alarme. Vous n&rsquo;avez rien \u00e0 faire d&rsquo;autre. Vous pouvez trouver plus d&rsquo;informations sur les fonctionnalit\u00e9s de Bealert sur: www.be- alert.be.\u00a0\u00bb<\/p>\n<p>Le test de la ville permet \u00e0 la ville de former les proc\u00e9dures avec toutes les autres communaut\u00e9s participantes. Dans le m\u00eame temps, la population est sensibilis\u00e9e \u00e0 l&rsquo;importance de l&rsquo;informer imm\u00e9diatement en cas d&rsquo;urgence.<\/p>\n<p>Le test est \u00e9galement une bonne occasion pour les citoyens qui ne se sont pas encore inscrits \u00e0 le faire sur le site Web www.be-lert.be et pour \u00eatre l\u00e0 le 2 octobre.<\/p>\n<p>Gr\u00e2ce \u00e0 une autorit\u00e9, gr\u00e2ce \u00e0 tous ceux qui sont touch\u00e9s par une situation d&rsquo;urgence, peuvent envoyer un message. De cette fa\u00e7on, les r\u00e9sidents re\u00e7oivent rapidement les instructions n\u00e9cessaires (par exemple, en cas d&rsquo;incendie, les instructions pour fermer les fen\u00eatres et les portes).<\/p>\n<p>L&rsquo;inscription est enti\u00e8rement gratuite. En plus de l&rsquo;inscription, il est \u00e9galement important de garder vos propres donn\u00e9es \u00e0 jour. Plusieurs num\u00e9ros de t\u00e9l\u00e9phone et jusqu&rsquo;\u00e0 cinq adresses peuvent \u00eatre stock\u00e9s, par exemple les adresses du lieu de r\u00e9sidence et de travail ainsi que celles de parents.<\/p>\n","protected":false},"excerpt":{"rendered":"<p>Le 2 octobre, un test d&rsquo;extension en Belgique du syst\u00e8me d&rsquo;alarme a lieu. Les autorit\u00e9s peuvent informer la population dans les situations d&rsquo;urgence via SMS,<\/p>\n","protected":false},"author":1,"featured_media":10312,"comment_status":"","ping_status":"","sticky":false,"template":"","format":"standard","meta":{"footnotes":""},"categories":[298],"tags":[383,2329,3263],"class_list":["post-10311","post","type-post","status-publish","format-standard","has-post-thumbnail","hentry","category-belgique","tag-belgique","tag-eupen","tag-participe","generate-columns","tablet-grid-50","mobile-grid-100","grid-parent","grid-33"],"yoast_head":"<!-- This site is optimized with the Yoast SEO plugin v24.0 - https:\/\/yoast.com\/wordpress\/plugins\/seo\/ -->\n<title>Eupen participe \u00e0 la Belgique | Vie Associative<\/title>\n<meta name=\"robots\" content=\"index, follow, max-snippet:-1, max-image-preview:large, max-video-preview:-1\" \/>\n<link rel=\"canonical\" href=\"https:\/\/vieassociative.be\/actualites\/eupen-participe-a-la-belgique\/\" \/>\n<meta property=\"og:locale\" content=\"fr_FR\" \/>\n<meta property=\"og:type\" content=\"article\" \/>\n<meta property=\"og:title\" content=\"Eupen participe \u00e0 la Belgique | Vie Associative\" \/>\n<meta property=\"og:description\" content=\"Le 2 octobre, un test d&rsquo;extension en Belgique du syst\u00e8me d&rsquo;alarme a lieu. Les autorit\u00e9s peuvent informer la population dans les situations d&rsquo;urgence via SMS,\" \/>\n<meta property=\"og:url\" content=\"https:\/\/vieassociative.be\/actualites\/eupen-participe-a-la-belgique\/\" \/>\n<meta property=\"og:site_name\" content=\"Vie Associative\" \/>\n<meta property=\"article:published_time\" content=\"2025-09-28T08:17:11+00:00\" \/>\n<meta property=\"og:image\" content=\"https:\/\/vieassociative.be\/actualites\/wp-content\/uploads\/2024\/09\/header_backgroundk-01-e1726694325946.png\" \/>\n\t<meta property=\"og:image:width\" content=\"279\" \/>\n\t<meta property=\"og:image:height\" content=\"92\" \/>\n\t<meta property=\"og:image:type\" content=\"image\/png\" \/>\n<meta name=\"author\" content=\"Julien\" \/>\n<meta name=\"twitter:card\" content=\"summary_large_image\" \/>\n<meta name=\"twitter:label1\" content=\"\u00c9crit par\" \/>\n\t<meta name=\"twitter:data1\" content=\"Julien\" \/>\n\t<meta name=\"twitter:label2\" content=\"Dur\u00e9e de lecture est.\" \/>\n\t<meta name=\"twitter:data2\" content=\"1 minute\" \/>\n<script type=\"application\/ld+json\" class=\"yoast-schema-graph\">{\"@context\":\"https:\/\/schema.org\",\"@graph\":[{\"@type\":\"Article\",\"@id\":\"https:\/\/vieassociative.be\/actualites\/eupen-participe-a-la-belgique\/#article\",\"isPartOf\":{\"@id\":\"https:\/\/vieassociative.be\/actualites\/eupen-participe-a-la-belgique\/\"},\"author\":{\"name\":\"Julien\",\"@id\":\"https:\/\/vieassociative.be\/actualites\/#\/schema\/person\/b87ac4f82f9d4e7b7cec7395b679edc4\"},\"headline\":\"Eupen participe \u00e0 la Belgique\",\"datePublished\":\"2025-09-28T08:17:11+00:00\",\"dateModified\":\"2025-09-28T08:17:11+00:00\",\"mainEntityOfPage\":{\"@id\":\"https:\/\/vieassociative.be\/actualites\/eupen-participe-a-la-belgique\/\"},\"wordCount\":322,\"publisher\":{\"@id\":\"https:\/\/vieassociative.be\/actualites\/#organization\"},\"image\":{\"@id\":\"https:\/\/vieassociative.be\/actualites\/eupen-participe-a-la-belgique\/#primaryimage\"},\"thumbnailUrl\":\"https:\/\/vieassociative.be\/actualites\/wp-content\/uploads\/2025\/09\/Eupen-participe-a-la-Belgique.jpg\",\"keywords\":[\"Belgique\",\"Eupen\",\"participe\"],\"articleSection\":[\"Belgique\"],\"inLanguage\":\"fr-BE\"},{\"@type\":\"WebPage\",\"@id\":\"https:\/\/vieassociative.be\/actualites\/eupen-participe-a-la-belgique\/\",\"url\":\"https:\/\/vieassociative.be\/actualites\/eupen-participe-a-la-belgique\/\",\"name\":\"Eupen participe \u00e0 la Belgique | Vie Associative\",\"isPartOf\":{\"@id\":\"https:\/\/vieassociative.be\/actualites\/#website\"},\"primaryImageOfPage\":{\"@id\":\"https:\/\/vieassociative.be\/actualites\/eupen-participe-a-la-belgique\/#primaryimage\"},\"image\":{\"@id\":\"https:\/\/vieassociative.be\/actualites\/eupen-participe-a-la-belgique\/#primaryimage\"},\"thumbnailUrl\":\"https:\/\/vieassociative.be\/actualites\/wp-content\/uploads\/2025\/09\/Eupen-participe-a-la-Belgique.jpg\",\"datePublished\":\"2025-09-28T08:17:11+00:00\",\"dateModified\":\"2025-09-28T08:17:11+00:00\",\"breadcrumb\":{\"@id\":\"https:\/\/vieassociative.be\/actualites\/eupen-participe-a-la-belgique\/#breadcrumb\"},\"inLanguage\":\"fr-BE\",\"potentialAction\":[{\"@type\":\"ReadAction\",\"target\":[\"https:\/\/vieassociative.be\/actualites\/eupen-participe-a-la-belgique\/\"]}]},{\"@type\":\"ImageObject\",\"inLanguage\":\"fr-BE\",\"@id\":\"https:\/\/vieassociative.be\/actualites\/eupen-participe-a-la-belgique\/#primaryimage\",\"url\":\"https:\/\/vieassociative.be\/actualites\/wp-content\/uploads\/2025\/09\/Eupen-participe-a-la-Belgique.jpg\",\"contentUrl\":\"https:\/\/vieassociative.be\/actualites\/wp-content\/uploads\/2025\/09\/Eupen-participe-a-la-Belgique.jpg\",\"width\":1200,\"height\":800,\"caption\":\"Eupen participe \u00e0 la Belgique\"},{\"@type\":\"BreadcrumbList\",\"@id\":\"https:\/\/vieassociative.be\/actualites\/eupen-participe-a-la-belgique\/#breadcrumb\",\"itemListElement\":[{\"@type\":\"ListItem\",\"position\":1,\"name\":\"Accueil\",\"item\":\"https:\/\/vieassociative.be\/actualites\/\"},{\"@type\":\"ListItem\",\"position\":2,\"name\":\"Eupen participe \u00e0 la Belgique\"}]},{\"@type\":\"WebSite\",\"@id\":\"https:\/\/vieassociative.be\/actualites\/#website\",\"url\":\"https:\/\/vieassociative.be\/actualites\/\",\"name\":\"Vie Associative\",\"description\":\"\",\"publisher\":{\"@id\":\"https:\/\/vieassociative.be\/actualites\/#organization\"},\"potentialAction\":[{\"@type\":\"SearchAction\",\"target\":{\"@type\":\"EntryPoint\",\"urlTemplate\":\"https:\/\/vieassociative.be\/actualites\/?s={search_term_string}\"},\"query-input\":{\"@type\":\"PropertyValueSpecification\",\"valueRequired\":true,\"valueName\":\"search_term_string\"}}],\"inLanguage\":\"fr-BE\"},{\"@type\":\"Organization\",\"@id\":\"https:\/\/vieassociative.be\/actualites\/#organization\",\"name\":\"Vie Associative\",\"url\":\"https:\/\/vieassociative.be\/actualites\/\",\"logo\":{\"@type\":\"ImageObject\",\"inLanguage\":\"fr-BE\",\"@id\":\"https:\/\/vieassociative.be\/actualites\/#\/schema\/logo\/image\/\",\"url\":\"https:\/\/vieassociative.be\/actualites\/wp-content\/uploads\/2024\/09\/cropped-vieassociative_favicon.ico.png\",\"contentUrl\":\"https:\/\/vieassociative.be\/actualites\/wp-content\/uploads\/2024\/09\/cropped-vieassociative_favicon.ico.png\",\"width\":512,\"height\":512,\"caption\":\"Vie Associative\"},\"image\":{\"@id\":\"https:\/\/vieassociative.be\/actualites\/#\/schema\/logo\/image\/\"}},{\"@type\":\"Person\",\"@id\":\"https:\/\/vieassociative.be\/actualites\/#\/schema\/person\/b87ac4f82f9d4e7b7cec7395b679edc4\",\"name\":\"Julien\",\"image\":{\"@type\":\"ImageObject\",\"inLanguage\":\"fr-BE\",\"@id\":\"https:\/\/vieassociative.be\/actualites\/#\/schema\/person\/image\/\",\"url\":\"https:\/\/vieassociative.be\/actualites\/wp-content\/uploads\/2024\/09\/vie-associative-1-150x150.jpg\",\"contentUrl\":\"https:\/\/vieassociative.be\/actualites\/wp-content\/uploads\/2024\/09\/vie-associative-1-150x150.jpg\",\"caption\":\"Julien\"},\"description\":\"Je suis Julien, r\u00e9dacteur pour Vie Associative. Passionn\u00e9 par le monde associatif depuis plus de 10 ans, j'ai \u00e0 c\u0153ur de partager des histoires inspirantes et de mettre en lumi\u00e8re les initiatives locales. Mon objectif est de sensibiliser et d'encourager l'engagement communautaire \u00e0 travers mes articles.\",\"sameAs\":[\"https:\/\/vieassociative.be\/\"]}]}<\/script>\n<!-- \/ Yoast SEO plugin. -->","yoast_head_json":{"title":"Eupen participe \u00e0 la Belgique | Vie Associative","robots":{"index":"index","follow":"follow","max-snippet":"max-snippet:-1","max-image-preview":"max-image-preview:large","max-video-preview":"max-video-preview:-1"},"canonical":"https:\/\/vieassociative.be\/actualites\/eupen-participe-a-la-belgique\/","og_locale":"fr_FR","og_type":"article","og_title":"Eupen participe \u00e0 la Belgique | Vie Associative","og_description":"Le 2 octobre, un test d&rsquo;extension en Belgique du syst\u00e8me d&rsquo;alarme a lieu. Les autorit\u00e9s peuvent informer la population dans les situations d&rsquo;urgence via SMS,","og_url":"https:\/\/vieassociative.be\/actualites\/eupen-participe-a-la-belgique\/","og_site_name":"Vie Associative","article_published_time":"2025-09-28T08:17:11+00:00","og_image":[{"width":279,"height":92,"url":"https:\/\/vieassociative.be\/actualites\/wp-content\/uploads\/2024\/09\/header_backgroundk-01-e1726694325946.png","type":"image\/png"}],"author":"Julien","twitter_card":"summary_large_image","twitter_misc":{"\u00c9crit par":"Julien","Dur\u00e9e de lecture est.":"1 minute"},"schema":{"@context":"https:\/\/schema.org","@graph":[{"@type":"Article","@id":"https:\/\/vieassociative.be\/actualites\/eupen-participe-a-la-belgique\/#article","isPartOf":{"@id":"https:\/\/vieassociative.be\/actualites\/eupen-participe-a-la-belgique\/"},"author":{"name":"Julien","@id":"https:\/\/vieassociative.be\/actualites\/#\/schema\/person\/b87ac4f82f9d4e7b7cec7395b679edc4"},"headline":"Eupen participe \u00e0 la Belgique","datePublished":"2025-09-28T08:17:11+00:00","dateModified":"2025-09-28T08:17:11+00:00","mainEntityOfPage":{"@id":"https:\/\/vieassociative.be\/actualites\/eupen-participe-a-la-belgique\/"},"wordCount":322,"publisher":{"@id":"https:\/\/vieassociative.be\/actualites\/#organization"},"image":{"@id":"https:\/\/vieassociative.be\/actualites\/eupen-participe-a-la-belgique\/#primaryimage"},"thumbnailUrl":"https:\/\/vieassociative.be\/actualites\/wp-content\/uploads\/2025\/09\/Eupen-participe-a-la-Belgique.jpg","keywords":["Belgique","Eupen","participe"],"articleSection":["Belgique"],"inLanguage":"fr-BE"},{"@type":"WebPage","@id":"https:\/\/vieassociative.be\/actualites\/eupen-participe-a-la-belgique\/","url":"https:\/\/vieassociative.be\/actualites\/eupen-participe-a-la-belgique\/","name":"Eupen participe \u00e0 la Belgique | Vie Associative","isPartOf":{"@id":"https:\/\/vieassociative.be\/actualites\/#website"},"primaryImageOfPage":{"@id":"https:\/\/vieassociative.be\/actualites\/eupen-participe-a-la-belgique\/#primaryimage"},"image":{"@id":"https:\/\/vieassociative.be\/actualites\/eupen-participe-a-la-belgique\/#primaryimage"},"thumbnailUrl":"https:\/\/vieassociative.be\/actualites\/wp-content\/uploads\/2025\/09\/Eupen-participe-a-la-Belgique.jpg","datePublished":"2025-09-28T08:17:11+00:00","dateModified":"2025-09-28T08:17:11+00:00","breadcrumb":{"@id":"https:\/\/vieassociative.be\/actualites\/eupen-participe-a-la-belgique\/#breadcrumb"},"inLanguage":"fr-BE","potentialAction":[{"@type":"ReadAction","target":["https:\/\/vieassociative.be\/actualites\/eupen-participe-a-la-belgique\/"]}]},{"@type":"ImageObject","inLanguage":"fr-BE","@id":"https:\/\/vieassociative.be\/actualites\/eupen-participe-a-la-belgique\/#primaryimage","url":"https:\/\/vieassociative.be\/actualites\/wp-content\/uploads\/2025\/09\/Eupen-participe-a-la-Belgique.jpg","contentUrl":"https:\/\/vieassociative.be\/actualites\/wp-content\/uploads\/2025\/09\/Eupen-participe-a-la-Belgique.jpg","width":1200,"height":800,"caption":"Eupen participe \u00e0 la Belgique"},{"@type":"BreadcrumbList","@id":"https:\/\/vieassociative.be\/actualites\/eupen-participe-a-la-belgique\/#breadcrumb","itemListElement":[{"@type":"ListItem","position":1,"name":"Accueil","item":"https:\/\/vieassociative.be\/actualites\/"},{"@type":"ListItem","position":2,"name":"Eupen participe \u00e0 la Belgique"}]},{"@type":"WebSite","@id":"https:\/\/vieassociative.be\/actualites\/#website","url":"https:\/\/vieassociative.be\/actualites\/","name":"Vie Associative","description":"","publisher":{"@id":"https:\/\/vieassociative.be\/actualites\/#organization"},"potentialAction":[{"@type":"SearchAction","target":{"@type":"EntryPoint","urlTemplate":"https:\/\/vieassociative.be\/actualites\/?s={search_term_string}"},"query-input":{"@type":"PropertyValueSpecification","valueRequired":true,"valueName":"search_term_string"}}],"inLanguage":"fr-BE"},{"@type":"Organization","@id":"https:\/\/vieassociative.be\/actualites\/#organization","name":"Vie Associative","url":"https:\/\/vieassociative.be\/actualites\/","logo":{"@type":"ImageObject","inLanguage":"fr-BE","@id":"https:\/\/vieassociative.be\/actualites\/#\/schema\/logo\/image\/","url":"https:\/\/vieassociative.be\/actualites\/wp-content\/uploads\/2024\/09\/cropped-vieassociative_favicon.ico.png","contentUrl":"https:\/\/vieassociative.be\/actualites\/wp-content\/uploads\/2024\/09\/cropped-vieassociative_favicon.ico.png","width":512,"height":512,"caption":"Vie Associative"},"image":{"@id":"https:\/\/vieassociative.be\/actualites\/#\/schema\/logo\/image\/"}},{"@type":"Person","@id":"https:\/\/vieassociative.be\/actualites\/#\/schema\/person\/b87ac4f82f9d4e7b7cec7395b679edc4","name":"Julien","image":{"@type":"ImageObject","inLanguage":"fr-BE","@id":"https:\/\/vieassociative.be\/actualites\/#\/schema\/person\/image\/","url":"https:\/\/vieassociative.be\/actualites\/wp-content\/uploads\/2024\/09\/vie-associative-1-150x150.jpg","contentUrl":"https:\/\/vieassociative.be\/actualites\/wp-content\/uploads\/2024\/09\/vie-associative-1-150x150.jpg","caption":"Julien"},"description":"Je suis Julien, r\u00e9dacteur pour Vie Associative. Passionn\u00e9 par le monde associatif depuis plus de 10 ans, j'ai \u00e0 c\u0153ur de partager des histoires inspirantes et de mettre en lumi\u00e8re les initiatives locales. Mon objectif est de sensibiliser et d'encourager l'engagement communautaire \u00e0 travers mes articles.","sameAs":["https:\/\/vieassociative.be\/"]}]}},"_links":{"self":[{"href":"https:\/\/vieassociative.be\/actualites\/wp-json\/wp\/v2\/posts\/10311"}],"collection":[{"href":"https:\/\/vieassociative.be\/actualites\/wp-json\/wp\/v2\/posts"}],"about":[{"href":"https:\/\/vieassociative.be\/actualites\/wp-json\/wp\/v2\/types\/post"}],"author":[{"embeddable":true,"href":"https:\/\/vieassociative.be\/actualites\/wp-json\/wp\/v2\/users\/1"}],"replies":[{"embeddable":true,"href":"https:\/\/vieassociative.be\/actualites\/wp-json\/wp\/v2\/comments?post=10311"}],"version-history":[{"count":0,"href":"https:\/\/vieassociative.be\/actualites\/wp-json\/wp\/v2\/posts\/10311\/revisions"}],"wp:featuredmedia":[{"embeddable":true,"href":"https:\/\/vieassociative.be\/actualites\/wp-json\/wp\/v2\/media\/10312"}],"wp:attachment":[{"href":"https:\/\/vieassociative.be\/actualites\/wp-json\/wp\/v2\/media?parent=10311"}],"wp:term":[{"taxonomy":"category","embeddable":true,"href":"https:\/\/vieassociative.be\/actualites\/wp-json\/wp\/v2\/categories?post=10311"},{"taxonomy":"post_tag","embeddable":true,"href":"https:\/\/vieassociative.be\/actualites\/wp-json\/wp\/v2\/tags?post=10311"}],"curies":[{"name":"wp","href":"https:\/\/api.w.org\/{rel}","templated":true}]}}