{"id":1031,"date":"2024-10-09T15:17:21","date_gmt":"2024-10-09T13:17:21","guid":{"rendered":"https:\/\/vieassociative.be\/actualites\/ne-laissez-pas-une-future-rupture-gacher-les-photos-de-vacances-de-cette-annee\/"},"modified":"2024-10-09T15:17:21","modified_gmt":"2024-10-09T13:17:21","slug":"ne-laissez-pas-une-future-rupture-gacher-les-photos-de-vacances-de-cette-annee","status":"publish","type":"post","link":"https:\/\/vieassociative.be\/actualites\/ne-laissez-pas-une-future-rupture-gacher-les-photos-de-vacances-de-cette-annee\/","title":{"rendered":"Ne laissez pas une future rupture g\u00e2cher les photos de vacances de cette ann\u00e9e"},"content":{"rendered":"<div class=\"mt-4 leading-6 md:mb-8\">Cette astuce est une question de praticit\u00e9 et non de sentimentalit\u00e9.<\/div>\n<p><\/p>\n<p>C&rsquo;est tellement aga\u00e7ant de faire d\u00e9filer de vieilles photos et d&rsquo;en voir une o\u00f9 vous \u00eates superbe ou o\u00f9 vous passez un moment merveilleux, mais votre ex est juste \u00e0 c\u00f4t\u00e9 de vous. Vous ne pouvez pas republier cette photo en guise de retour en arri\u00e8re. Selon la toxicit\u00e9 de la rupture, vous pourriez m\u00eame vous sentir oblig\u00e9 de l&rsquo;archiver pour qu&rsquo;elle ne soit plus visible sur votre Instagram. Quel gaspillage de souvenirs, de bonne tenue, de s\u00e9ance photo, peu importe. (Et si vous pensez : \u00ab Je suis en tr\u00e8s bons termes avec mon ex. Ce n&rsquo;est pas un vrai probl\u00e8me pour moi \u00bb, ce sont des derniers mots c\u00e9l\u00e8bres.)<\/p>\n<p>Les vacances sont une p\u00e9riode particuli\u00e8rement p\u00e9rilleuse pour votre future bobine photo. Vous pensez peut-\u00eatre qu&rsquo;il est inoffensif d&#8217;emmener votre petit ami \u00e0 votre r\u00e9union de famille cette ann\u00e9e, pour ensuite \u00eatre enrag\u00e9 par sa pr\u00e9sence sur les photos des saisons \u00e0 venir. Toi <em>espoir<\/em> si vous rompez, ce sera \u00e0 l&rsquo;amiable et les photos ne vous rappelleront que de bons souvenirs, mais pourquoi prendre le risque ?<\/p>\n<p>Cette ann\u00e9e, ne faites pas les m\u00eames erreurs. Soyez strat\u00e9gique avec vos photos afin que quoi qu&rsquo;il arrive, elles resteront totalement utilisables \u00e0 l&rsquo;avenir.<\/p>\n<h2 id=\"ask-significant-others-stand-on-the-end-in-group-pictures\"><strong>Demandez \u00e0 vos proches de se tenir au bout des photos de groupe.<\/strong><\/h2>\n<p>Ce conseil vient de Reddit\u00a0: lors des r\u00e9unions de famille cette ann\u00e9e, assurez-vous que tous les nouveaux proches se tiennent au bord de vos photos de famille, afin qu&rsquo;elles soient faciles \u00e0 recadrer plus tard si vous le devez. Le centre de la photo doit \u00eatre la principale cellule familiale : le groupe de personnes avec qui vous \u00eates coinc\u00e9, peu importe ce qui se passe dans votre relation amoureuse actuelle. <\/p>\n<p>Ne sois pas<em> aussi <\/em>\u00e9vident de les d\u00e9placer sur le c\u00f4t\u00e9. Essayez plut\u00f4t de trouver un moyen de demander discr\u00e8tement \u00e0 un oncle ou \u00e0 un cousin de prendre la photo et de faire les arrangements pour vous. Ce n&rsquo;est pas que tu es <em>planification<\/em> rompre; tu es juste pragmatique. Votre partenaire pourrait ne pas l&rsquo;appr\u00e9cier de toute fa\u00e7on, il est donc pr\u00e9f\u00e9rable de rejeter la faute sur un parent \u00e9loign\u00e9 qu&rsquo;il ne reverra qu&rsquo;une fois qu&rsquo;il aura fait la s\u00e9lection pour <em>suivant<\/em> photo de l&rsquo;ann\u00e9e.<\/p>\n<h2 id=\"ask-for-family-only-shots\"><strong>Demandez des photos \u00ab\u00a0familiales uniquement\u00a0\u00bb<\/strong><\/h2>\n<p>\u00c9galement selon Reddit, vous pouvez prendre autant de photos avec votre partenaire que vous le souhaitez, mais assurez-vous de demander une photo \u00ab\u00a0familiale uniquement\u00a0\u00bb \u00e0 un moment donn\u00e9.<\/p>\n<p>\u00ab\u00a0Prenez beaucoup de photos avec de nombreuses combinaisons de personnes\u00a0\u00bb, a d\u00e9clar\u00e9 un utilisateur de Reddit. \u00ab\u00a0Le nouvel invit\u00e9 n&rsquo;est pas plus sage et vous pouvez alors simplement supprimer la photo enti\u00e8re si les choses changent plus tard et vous n&rsquo;avez pas \u00e0 recadrer maladroitement ou \u00e0 esp\u00e9rer que vous \u00eates bon avec Photoshop.\u00a0\u00bb<\/p>\n<h2 id=\"use-caution-when-uploading-to-instagram\"><strong>Soyez prudent lors du t\u00e9l\u00e9chargement sur Instagram<\/strong><\/h2>\n<p>La fonctionnalit\u00e9 carrousel d&rsquo;Instagram, qui vous permet de joindre plusieurs photos et vid\u00e9os \u00e0 une seule publication sur la grille, a \u00e9t\u00e9 r\u00e9cemment mise \u00e0 jour pour permettre aux utilisateurs de supprimer une photo de la programmation. C&rsquo;est g\u00e9nial, car cela signifie que vous n&rsquo;aurez pas \u00e0 supprimer l&rsquo;int\u00e9gralit\u00e9 du message si vous souhaitez que quelqu&rsquo;un qui appara\u00eet dans une photo soit retir\u00e9 de votre grille.<\/p>\n<p>N\u00e9anmoins, vous pourriez avoir plusieurs photos montrant la personne jonch\u00e9es dans cette publication du carrousel. Assurez-vous toujours que la photo avant <em>pas <\/em>pr\u00e9sentez votre partenaire afin que si vous supprimez la photo dans laquelle il se trouve, cela ne g\u00e2che pas la continuit\u00e9 de la grille et ne rende pas trop \u00e9vident ce que vous avez fait. De plus, assurez-vous que si votre photo du carrousel avant les pr\u00e9sente, la seconde le fait. <em>pas<\/em>. Vous ne pouvez supprimer qu\u2019une seule image d\u2019un carrousel, mais cela n\u2019aura pas d\u2019importance si celle directement derri\u00e8re celle-ci les contient \u00e9galement.<\/p>\n<p>Et en mati\u00e8re d&rsquo;archivage, voici un autre conseil\u00a0: avant de classer une photo sur laquelle quelqu&rsquo;un d&rsquo;autre est identifi\u00e9, supprimez l&rsquo;\u00e9tiquette. Une fois que l&rsquo;image est dans vos archives, vous ne pouvez pas modifier les balises dessus, mais si jamais vous la d\u00e9sarchivez, toutes les personnes tagu\u00e9es recevront une nouvelle notification push indiquant que vous avez \u00ab ajout\u00e9 une photo \u00bb d&rsquo;elles. C&rsquo;est forc\u00e9ment humiliant. Supprimez tout ce que vous pouvez du carrousel et supprimez toutes les balises avant l\u2019archivage.<\/p>\n","protected":false},"excerpt":{"rendered":"<p>Cette astuce est une question de praticit\u00e9 et non de sentimentalit\u00e9. C&rsquo;est tellement aga\u00e7ant de faire d\u00e9filer de vieilles photos et d&rsquo;en voir une o\u00f9<\/p>\n","protected":false},"author":1,"featured_media":1032,"comment_status":"","ping_status":"","sticky":false,"template":"","format":"standard","meta":{"footnotes":""},"categories":[42],"tags":[549,206,1581,1514,1029,14,126,283,506,110,561],"class_list":["post-1031","post","type-post","status-publish","format-standard","has-post-thumbnail","hentry","category-relations","tag-annee","tag-cette","tag-future","tag-gacher","tag-laissez","tag-les","tag-pas","tag-photos","tag-rupture","tag-une","tag-vacances","generate-columns","tablet-grid-50","mobile-grid-100","grid-parent","grid-33"],"yoast_head":"<!-- This site is optimized with the Yoast SEO plugin v24.0 - https:\/\/yoast.com\/wordpress\/plugins\/seo\/ -->\n<title>Ne laissez pas une future rupture g\u00e2cher les photos de vacances de cette ann\u00e9e | Vie Associative<\/title>\n<meta name=\"robots\" content=\"index, follow, max-snippet:-1, max-image-preview:large, max-video-preview:-1\" \/>\n<link rel=\"canonical\" href=\"https:\/\/vieassociative.be\/actualites\/ne-laissez-pas-une-future-rupture-gacher-les-photos-de-vacances-de-cette-annee\/\" \/>\n<meta property=\"og:locale\" content=\"fr_FR\" \/>\n<meta property=\"og:type\" content=\"article\" \/>\n<meta property=\"og:title\" content=\"Ne laissez pas une future rupture g\u00e2cher les photos de vacances de cette ann\u00e9e | Vie Associative\" \/>\n<meta property=\"og:description\" content=\"Cette astuce est une question de praticit\u00e9 et non de sentimentalit\u00e9. C&rsquo;est tellement aga\u00e7ant de faire d\u00e9filer de vieilles photos et d&rsquo;en voir une o\u00f9\" \/>\n<meta property=\"og:url\" content=\"https:\/\/vieassociative.be\/actualites\/ne-laissez-pas-une-future-rupture-gacher-les-photos-de-vacances-de-cette-annee\/\" \/>\n<meta property=\"og:site_name\" content=\"Vie Associative\" \/>\n<meta property=\"article:published_time\" content=\"2024-10-09T13:17:21+00:00\" \/>\n<meta property=\"og:image\" content=\"https:\/\/vieassociative.be\/actualites\/wp-content\/uploads\/2024\/09\/header_backgroundk-01-e1726694325946.png\" \/>\n\t<meta property=\"og:image:width\" content=\"279\" \/>\n\t<meta property=\"og:image:height\" content=\"92\" \/>\n\t<meta property=\"og:image:type\" content=\"image\/png\" \/>\n<meta name=\"author\" content=\"Julien\" \/>\n<meta name=\"twitter:card\" content=\"summary_large_image\" \/>\n<meta name=\"twitter:label1\" content=\"\u00c9crit par\" \/>\n\t<meta name=\"twitter:data1\" content=\"Julien\" \/>\n\t<meta name=\"twitter:label2\" content=\"Dur\u00e9e de lecture est.\" \/>\n\t<meta name=\"twitter:data2\" content=\"4 minutes\" \/>\n<script type=\"application\/ld+json\" class=\"yoast-schema-graph\">{\"@context\":\"https:\/\/schema.org\",\"@graph\":[{\"@type\":\"Article\",\"@id\":\"https:\/\/vieassociative.be\/actualites\/ne-laissez-pas-une-future-rupture-gacher-les-photos-de-vacances-de-cette-annee\/#article\",\"isPartOf\":{\"@id\":\"https:\/\/vieassociative.be\/actualites\/ne-laissez-pas-une-future-rupture-gacher-les-photos-de-vacances-de-cette-annee\/\"},\"author\":{\"name\":\"Julien\",\"@id\":\"https:\/\/vieassociative.be\/actualites\/#\/schema\/person\/b87ac4f82f9d4e7b7cec7395b679edc4\"},\"headline\":\"Ne laissez pas une future rupture g\u00e2cher les photos de vacances de cette ann\u00e9e\",\"datePublished\":\"2024-10-09T13:17:21+00:00\",\"dateModified\":\"2024-10-09T13:17:21+00:00\",\"mainEntityOfPage\":{\"@id\":\"https:\/\/vieassociative.be\/actualites\/ne-laissez-pas-une-future-rupture-gacher-les-photos-de-vacances-de-cette-annee\/\"},\"wordCount\":802,\"publisher\":{\"@id\":\"https:\/\/vieassociative.be\/actualites\/#organization\"},\"image\":{\"@id\":\"https:\/\/vieassociative.be\/actualites\/ne-laissez-pas-une-future-rupture-gacher-les-photos-de-vacances-de-cette-annee\/#primaryimage\"},\"thumbnailUrl\":\"https:\/\/vieassociative.be\/actualites\/wp-content\/uploads\/2024\/10\/Ne-laissez-pas-une-future-rupture-gacher-les-photos-de.jpg\",\"keywords\":[\"ann\u00e9e\",\"cette\",\"future\",\"g\u00e2cher\",\"laissez\",\"Les\",\"pas\",\"Photos\",\"rupture\",\"une\",\"vacances\"],\"articleSection\":[\"Relations\"],\"inLanguage\":\"fr-BE\"},{\"@type\":\"WebPage\",\"@id\":\"https:\/\/vieassociative.be\/actualites\/ne-laissez-pas-une-future-rupture-gacher-les-photos-de-vacances-de-cette-annee\/\",\"url\":\"https:\/\/vieassociative.be\/actualites\/ne-laissez-pas-une-future-rupture-gacher-les-photos-de-vacances-de-cette-annee\/\",\"name\":\"Ne laissez pas une future rupture g\u00e2cher les photos de vacances de cette ann\u00e9e | Vie Associative\",\"isPartOf\":{\"@id\":\"https:\/\/vieassociative.be\/actualites\/#website\"},\"primaryImageOfPage\":{\"@id\":\"https:\/\/vieassociative.be\/actualites\/ne-laissez-pas-une-future-rupture-gacher-les-photos-de-vacances-de-cette-annee\/#primaryimage\"},\"image\":{\"@id\":\"https:\/\/vieassociative.be\/actualites\/ne-laissez-pas-une-future-rupture-gacher-les-photos-de-vacances-de-cette-annee\/#primaryimage\"},\"thumbnailUrl\":\"https:\/\/vieassociative.be\/actualites\/wp-content\/uploads\/2024\/10\/Ne-laissez-pas-une-future-rupture-gacher-les-photos-de.jpg\",\"datePublished\":\"2024-10-09T13:17:21+00:00\",\"dateModified\":\"2024-10-09T13:17:21+00:00\",\"breadcrumb\":{\"@id\":\"https:\/\/vieassociative.be\/actualites\/ne-laissez-pas-une-future-rupture-gacher-les-photos-de-vacances-de-cette-annee\/#breadcrumb\"},\"inLanguage\":\"fr-BE\",\"potentialAction\":[{\"@type\":\"ReadAction\",\"target\":[\"https:\/\/vieassociative.be\/actualites\/ne-laissez-pas-une-future-rupture-gacher-les-photos-de-vacances-de-cette-annee\/\"]}]},{\"@type\":\"ImageObject\",\"inLanguage\":\"fr-BE\",\"@id\":\"https:\/\/vieassociative.be\/actualites\/ne-laissez-pas-une-future-rupture-gacher-les-photos-de-vacances-de-cette-annee\/#primaryimage\",\"url\":\"https:\/\/vieassociative.be\/actualites\/wp-content\/uploads\/2024\/10\/Ne-laissez-pas-une-future-rupture-gacher-les-photos-de.jpg\",\"contentUrl\":\"https:\/\/vieassociative.be\/actualites\/wp-content\/uploads\/2024\/10\/Ne-laissez-pas-une-future-rupture-gacher-les-photos-de.jpg\",\"width\":1200,\"height\":675,\"caption\":\"Ne laissez pas une future rupture g\u00e2cher les photos de vacances de cette ann\u00e9e\"},{\"@type\":\"BreadcrumbList\",\"@id\":\"https:\/\/vieassociative.be\/actualites\/ne-laissez-pas-une-future-rupture-gacher-les-photos-de-vacances-de-cette-annee\/#breadcrumb\",\"itemListElement\":[{\"@type\":\"ListItem\",\"position\":1,\"name\":\"Accueil\",\"item\":\"https:\/\/vieassociative.be\/actualites\/\"},{\"@type\":\"ListItem\",\"position\":2,\"name\":\"Ne laissez pas une future rupture g\u00e2cher les photos de vacances de cette ann\u00e9e\"}]},{\"@type\":\"WebSite\",\"@id\":\"https:\/\/vieassociative.be\/actualites\/#website\",\"url\":\"https:\/\/vieassociative.be\/actualites\/\",\"name\":\"Vie Associative\",\"description\":\"\",\"publisher\":{\"@id\":\"https:\/\/vieassociative.be\/actualites\/#organization\"},\"potentialAction\":[{\"@type\":\"SearchAction\",\"target\":{\"@type\":\"EntryPoint\",\"urlTemplate\":\"https:\/\/vieassociative.be\/actualites\/?s={search_term_string}\"},\"query-input\":{\"@type\":\"PropertyValueSpecification\",\"valueRequired\":true,\"valueName\":\"search_term_string\"}}],\"inLanguage\":\"fr-BE\"},{\"@type\":\"Organization\",\"@id\":\"https:\/\/vieassociative.be\/actualites\/#organization\",\"name\":\"Vie Associative\",\"url\":\"https:\/\/vieassociative.be\/actualites\/\",\"logo\":{\"@type\":\"ImageObject\",\"inLanguage\":\"fr-BE\",\"@id\":\"https:\/\/vieassociative.be\/actualites\/#\/schema\/logo\/image\/\",\"url\":\"https:\/\/vieassociative.be\/actualites\/wp-content\/uploads\/2024\/09\/cropped-vieassociative_favicon.ico.png\",\"contentUrl\":\"https:\/\/vieassociative.be\/actualites\/wp-content\/uploads\/2024\/09\/cropped-vieassociative_favicon.ico.png\",\"width\":512,\"height\":512,\"caption\":\"Vie Associative\"},\"image\":{\"@id\":\"https:\/\/vieassociative.be\/actualites\/#\/schema\/logo\/image\/\"}},{\"@type\":\"Person\",\"@id\":\"https:\/\/vieassociative.be\/actualites\/#\/schema\/person\/b87ac4f82f9d4e7b7cec7395b679edc4\",\"name\":\"Julien\",\"image\":{\"@type\":\"ImageObject\",\"inLanguage\":\"fr-BE\",\"@id\":\"https:\/\/vieassociative.be\/actualites\/#\/schema\/person\/image\/\",\"url\":\"https:\/\/vieassociative.be\/actualites\/wp-content\/uploads\/2024\/09\/vie-associative-1-150x150.jpg\",\"contentUrl\":\"https:\/\/vieassociative.be\/actualites\/wp-content\/uploads\/2024\/09\/vie-associative-1-150x150.jpg\",\"caption\":\"Julien\"},\"description\":\"Je suis Julien, r\u00e9dacteur pour Vie Associative. Passionn\u00e9 par le monde associatif depuis plus de 10 ans, j'ai \u00e0 c\u0153ur de partager des histoires inspirantes et de mettre en lumi\u00e8re les initiatives locales. Mon objectif est de sensibiliser et d'encourager l'engagement communautaire \u00e0 travers mes articles.\",\"sameAs\":[\"https:\/\/vieassociative.be\/\"]}]}<\/script>\n<!-- \/ Yoast SEO plugin. -->","yoast_head_json":{"title":"Ne laissez pas une future rupture g\u00e2cher les photos de vacances de cette ann\u00e9e | Vie Associative","robots":{"index":"index","follow":"follow","max-snippet":"max-snippet:-1","max-image-preview":"max-image-preview:large","max-video-preview":"max-video-preview:-1"},"canonical":"https:\/\/vieassociative.be\/actualites\/ne-laissez-pas-une-future-rupture-gacher-les-photos-de-vacances-de-cette-annee\/","og_locale":"fr_FR","og_type":"article","og_title":"Ne laissez pas une future rupture g\u00e2cher les photos de vacances de cette ann\u00e9e | Vie Associative","og_description":"Cette astuce est une question de praticit\u00e9 et non de sentimentalit\u00e9. C&rsquo;est tellement aga\u00e7ant de faire d\u00e9filer de vieilles photos et d&rsquo;en voir une o\u00f9","og_url":"https:\/\/vieassociative.be\/actualites\/ne-laissez-pas-une-future-rupture-gacher-les-photos-de-vacances-de-cette-annee\/","og_site_name":"Vie Associative","article_published_time":"2024-10-09T13:17:21+00:00","og_image":[{"width":279,"height":92,"url":"https:\/\/vieassociative.be\/actualites\/wp-content\/uploads\/2024\/09\/header_backgroundk-01-e1726694325946.png","type":"image\/png"}],"author":"Julien","twitter_card":"summary_large_image","twitter_misc":{"\u00c9crit par":"Julien","Dur\u00e9e de lecture est.":"4 minutes"},"schema":{"@context":"https:\/\/schema.org","@graph":[{"@type":"Article","@id":"https:\/\/vieassociative.be\/actualites\/ne-laissez-pas-une-future-rupture-gacher-les-photos-de-vacances-de-cette-annee\/#article","isPartOf":{"@id":"https:\/\/vieassociative.be\/actualites\/ne-laissez-pas-une-future-rupture-gacher-les-photos-de-vacances-de-cette-annee\/"},"author":{"name":"Julien","@id":"https:\/\/vieassociative.be\/actualites\/#\/schema\/person\/b87ac4f82f9d4e7b7cec7395b679edc4"},"headline":"Ne laissez pas une future rupture g\u00e2cher les photos de vacances de cette ann\u00e9e","datePublished":"2024-10-09T13:17:21+00:00","dateModified":"2024-10-09T13:17:21+00:00","mainEntityOfPage":{"@id":"https:\/\/vieassociative.be\/actualites\/ne-laissez-pas-une-future-rupture-gacher-les-photos-de-vacances-de-cette-annee\/"},"wordCount":802,"publisher":{"@id":"https:\/\/vieassociative.be\/actualites\/#organization"},"image":{"@id":"https:\/\/vieassociative.be\/actualites\/ne-laissez-pas-une-future-rupture-gacher-les-photos-de-vacances-de-cette-annee\/#primaryimage"},"thumbnailUrl":"https:\/\/vieassociative.be\/actualites\/wp-content\/uploads\/2024\/10\/Ne-laissez-pas-une-future-rupture-gacher-les-photos-de.jpg","keywords":["ann\u00e9e","cette","future","g\u00e2cher","laissez","Les","pas","Photos","rupture","une","vacances"],"articleSection":["Relations"],"inLanguage":"fr-BE"},{"@type":"WebPage","@id":"https:\/\/vieassociative.be\/actualites\/ne-laissez-pas-une-future-rupture-gacher-les-photos-de-vacances-de-cette-annee\/","url":"https:\/\/vieassociative.be\/actualites\/ne-laissez-pas-une-future-rupture-gacher-les-photos-de-vacances-de-cette-annee\/","name":"Ne laissez pas une future rupture g\u00e2cher les photos de vacances de cette ann\u00e9e | Vie Associative","isPartOf":{"@id":"https:\/\/vieassociative.be\/actualites\/#website"},"primaryImageOfPage":{"@id":"https:\/\/vieassociative.be\/actualites\/ne-laissez-pas-une-future-rupture-gacher-les-photos-de-vacances-de-cette-annee\/#primaryimage"},"image":{"@id":"https:\/\/vieassociative.be\/actualites\/ne-laissez-pas-une-future-rupture-gacher-les-photos-de-vacances-de-cette-annee\/#primaryimage"},"thumbnailUrl":"https:\/\/vieassociative.be\/actualites\/wp-content\/uploads\/2024\/10\/Ne-laissez-pas-une-future-rupture-gacher-les-photos-de.jpg","datePublished":"2024-10-09T13:17:21+00:00","dateModified":"2024-10-09T13:17:21+00:00","breadcrumb":{"@id":"https:\/\/vieassociative.be\/actualites\/ne-laissez-pas-une-future-rupture-gacher-les-photos-de-vacances-de-cette-annee\/#breadcrumb"},"inLanguage":"fr-BE","potentialAction":[{"@type":"ReadAction","target":["https:\/\/vieassociative.be\/actualites\/ne-laissez-pas-une-future-rupture-gacher-les-photos-de-vacances-de-cette-annee\/"]}]},{"@type":"ImageObject","inLanguage":"fr-BE","@id":"https:\/\/vieassociative.be\/actualites\/ne-laissez-pas-une-future-rupture-gacher-les-photos-de-vacances-de-cette-annee\/#primaryimage","url":"https:\/\/vieassociative.be\/actualites\/wp-content\/uploads\/2024\/10\/Ne-laissez-pas-une-future-rupture-gacher-les-photos-de.jpg","contentUrl":"https:\/\/vieassociative.be\/actualites\/wp-content\/uploads\/2024\/10\/Ne-laissez-pas-une-future-rupture-gacher-les-photos-de.jpg","width":1200,"height":675,"caption":"Ne laissez pas une future rupture g\u00e2cher les photos de vacances de cette ann\u00e9e"},{"@type":"BreadcrumbList","@id":"https:\/\/vieassociative.be\/actualites\/ne-laissez-pas-une-future-rupture-gacher-les-photos-de-vacances-de-cette-annee\/#breadcrumb","itemListElement":[{"@type":"ListItem","position":1,"name":"Accueil","item":"https:\/\/vieassociative.be\/actualites\/"},{"@type":"ListItem","position":2,"name":"Ne laissez pas une future rupture g\u00e2cher les photos de vacances de cette ann\u00e9e"}]},{"@type":"WebSite","@id":"https:\/\/vieassociative.be\/actualites\/#website","url":"https:\/\/vieassociative.be\/actualites\/","name":"Vie Associative","description":"","publisher":{"@id":"https:\/\/vieassociative.be\/actualites\/#organization"},"potentialAction":[{"@type":"SearchAction","target":{"@type":"EntryPoint","urlTemplate":"https:\/\/vieassociative.be\/actualites\/?s={search_term_string}"},"query-input":{"@type":"PropertyValueSpecification","valueRequired":true,"valueName":"search_term_string"}}],"inLanguage":"fr-BE"},{"@type":"Organization","@id":"https:\/\/vieassociative.be\/actualites\/#organization","name":"Vie Associative","url":"https:\/\/vieassociative.be\/actualites\/","logo":{"@type":"ImageObject","inLanguage":"fr-BE","@id":"https:\/\/vieassociative.be\/actualites\/#\/schema\/logo\/image\/","url":"https:\/\/vieassociative.be\/actualites\/wp-content\/uploads\/2024\/09\/cropped-vieassociative_favicon.ico.png","contentUrl":"https:\/\/vieassociative.be\/actualites\/wp-content\/uploads\/2024\/09\/cropped-vieassociative_favicon.ico.png","width":512,"height":512,"caption":"Vie Associative"},"image":{"@id":"https:\/\/vieassociative.be\/actualites\/#\/schema\/logo\/image\/"}},{"@type":"Person","@id":"https:\/\/vieassociative.be\/actualites\/#\/schema\/person\/b87ac4f82f9d4e7b7cec7395b679edc4","name":"Julien","image":{"@type":"ImageObject","inLanguage":"fr-BE","@id":"https:\/\/vieassociative.be\/actualites\/#\/schema\/person\/image\/","url":"https:\/\/vieassociative.be\/actualites\/wp-content\/uploads\/2024\/09\/vie-associative-1-150x150.jpg","contentUrl":"https:\/\/vieassociative.be\/actualites\/wp-content\/uploads\/2024\/09\/vie-associative-1-150x150.jpg","caption":"Julien"},"description":"Je suis Julien, r\u00e9dacteur pour Vie Associative. Passionn\u00e9 par le monde associatif depuis plus de 10 ans, j'ai \u00e0 c\u0153ur de partager des histoires inspirantes et de mettre en lumi\u00e8re les initiatives locales. Mon objectif est de sensibiliser et d'encourager l'engagement communautaire \u00e0 travers mes articles.","sameAs":["https:\/\/vieassociative.be\/"]}]}},"_links":{"self":[{"href":"https:\/\/vieassociative.be\/actualites\/wp-json\/wp\/v2\/posts\/1031"}],"collection":[{"href":"https:\/\/vieassociative.be\/actualites\/wp-json\/wp\/v2\/posts"}],"about":[{"href":"https:\/\/vieassociative.be\/actualites\/wp-json\/wp\/v2\/types\/post"}],"author":[{"embeddable":true,"href":"https:\/\/vieassociative.be\/actualites\/wp-json\/wp\/v2\/users\/1"}],"replies":[{"embeddable":true,"href":"https:\/\/vieassociative.be\/actualites\/wp-json\/wp\/v2\/comments?post=1031"}],"version-history":[{"count":0,"href":"https:\/\/vieassociative.be\/actualites\/wp-json\/wp\/v2\/posts\/1031\/revisions"}],"wp:featuredmedia":[{"embeddable":true,"href":"https:\/\/vieassociative.be\/actualites\/wp-json\/wp\/v2\/media\/1032"}],"wp:attachment":[{"href":"https:\/\/vieassociative.be\/actualites\/wp-json\/wp\/v2\/media?parent=1031"}],"wp:term":[{"taxonomy":"category","embeddable":true,"href":"https:\/\/vieassociative.be\/actualites\/wp-json\/wp\/v2\/categories?post=1031"},{"taxonomy":"post_tag","embeddable":true,"href":"https:\/\/vieassociative.be\/actualites\/wp-json\/wp\/v2\/tags?post=1031"}],"curies":[{"name":"wp","href":"https:\/\/api.w.org\/{rel}","templated":true}]}}