{"id":10309,"date":"2025-09-28T09:17:08","date_gmt":"2025-09-28T07:17:08","guid":{"rendered":"https:\/\/vieassociative.be\/actualites\/la-derniere-camera-interieure-exterieure-clignotante-est-de-50-de-reduction-en-ce-moment\/"},"modified":"2025-09-28T09:17:08","modified_gmt":"2025-09-28T07:17:08","slug":"la-derniere-camera-interieure-exterieure-clignotante-est-de-50-de-reduction-en-ce-moment","status":"publish","type":"post","link":"https:\/\/vieassociative.be\/actualites\/la-derniere-camera-interieure-exterieure-clignotante-est-de-50-de-reduction-en-ce-moment\/","title":{"rendered":"La derni\u00e8re cam\u00e9ra int\u00e9rieure \/ ext\u00e9rieure clignotante est de 50% de r\u00e9duction en ce moment"},"content":{"rendered":"<div class=\"mt-4 leading-6 md:mb-8\">\u00c0 20 $, c&rsquo;est un moyen pour le budget d&rsquo;ajouter une couverture flexible.<\/div>\n<p><\/p>\n<p><em>Saviez-vous que vous pouvez personnaliser Google pour filtrer les ordures? Prendre ces \u00e9tapes<\/em><em>  Pour de meilleurs r\u00e9sultats de recherche, notamment l&rsquo;ajout de Vie Associative comme source pr\u00e9f\u00e9r\u00e9e pour les nouvelles technologiques<\/em><em>.<\/em><\/p>\n<hr>\n<p>Lorsqu&rsquo;une cam\u00e9ra de s\u00e9curit\u00e9 \u00e0 domicile tombe \u00e0 la moiti\u00e9 de son prix, cela signifie g\u00e9n\u00e9ralement que vous abandonnez quelque chose en retour. Avec le Blink Mini 2, ce n&rsquo;est pas le cas. Il est actuellement de 19,99 $ sur Amazon, contre 39,99 $, ce qui est le prix le plus bas qu&rsquo;il ait jamais \u00e9t\u00e9, selon Price Trackers. <\/p>\n<div class=\"pogoClear mb-12 mt-10 rounded-md border-2 border-gray-100 py-7 shadow-xl md:py-6\">\n<div class=\"flex flex-wrap justify-between px-7 text-black no-underline md:flex-nowrap md:px-8\">\n<div class=\"order-1 mx-auto flex flex-col justify-center md:order-2 md:ml-4 md:w-full md:grow\">\n<div class=\"block cursor-pointer text-center font-akshar text-2xl font-medium leading-7 text-brand-green duration-200 ease-in-out hover:text-brand-green-700 md:text-left md:text-xl md:leading-6\">Clignoter mini 2\n                <\/div>\n<div class=\"mt-4 hidden md:flex md:justify-between\">\n<div class=\"self-end\">\n<div class=\"mb-0 h-11 md:flex md:flex-col md:justify-center\">\n<div class=\" font-sans leading-4 text-black\">\n<div class=\"flex flex-wrap items-center justify-center gap-1 md:justify-start\">\n        <span class=\"font-bold\"><\/p>\n<p>            19,99 $<br \/>\n                            <span class=\"font-medium\">\u00e0 Amazon<\/span><br \/>\n                    <\/span>\n            <\/div>\n<div class=\"flex items-center justify-center gap-x-1 font-bold md:justify-start\">\n            <span class=\"text-sm line-through\">39,99 $<\/span><br \/>\n            <span class=\"text-sm text-brand-green\">\u00c9conomisez 20,00 $<\/span>\n        <\/div>\n<\/p><\/div>\n<\/p><\/div>\n<\/p><\/div>\n<div class=\"w-44 self-end\">\n                            <button class=\"flex justify-center items-center w-full bg-brand-green text-white text-base font-sans font-medium rounded-md hover:bg-brand-green-700 hover:cursor-pointer md:text-sm h-11\"><\/p>\n<p>    Conclure un accord<br \/>\n<\/button>\n                        <\/div>\n<\/p><\/div>\n<\/p><\/div>\n<div class=\"order-2 mt-5 h-auto w-full md:order-1 md:mt-0 md:hidden\">\n<div class=\"flex aspect-video items-center justify-center\">\n                                            <img decoding=\"async\" class=\"m-0 max-h-full max-w-full rounded-md\" src=\"https:\/\/vieassociative.be\/actualites\/wp-content\/uploads\/2025\/09\/La-derniere-camera-interieure-exterieure-clignotante-est-de-50.jpg\" alt=\"Cam\u00e9ra HD sans fil int\u00e9rieure clignote (blanc)\" width=\"auto\" height=\"auto\" loading=\"lazy\">\n                                    <\/div>\n<\/p><\/div>\n<div class=\"order-2 ml-2 hidden w-32 shrink-0 items-center md:order-1 md:ml-0 md:flex\">\n<div class=\"flex aspect-video items-center justify-center\">\n                                            <img decoding=\"async\" class=\"m-0 max-h-full max-w-full rounded-md\" src=\"https:\/\/vieassociative.be\/actualites\/wp-content\/uploads\/2025\/09\/La-derniere-camera-interieure-exterieure-clignotante-est-de-50.jpg\" alt=\"Cam\u00e9ra HD sans fil int\u00e9rieure clignote (blanc)\" width=\"auto\" height=\"auto\" loading=\"lazy\">\n                                    <\/div>\n<\/p><\/div>\n<div class=\"order-3 flex grow flex-wrap md:hidden md:grow-0\">\n<div class=\"mt-4 w-full\">\n                        <button class=\"flex justify-center items-center w-full bg-brand-green text-white text-base font-sans font-medium rounded-md hover:bg-brand-green-700 hover:cursor-pointer md:text-sm h-11\"><\/p>\n<p>    Conclure un accord<br \/>\n<\/button>\n                    <\/div>\n<div class=\"mx-2 mt-4 w-full\">\n<div class=\" font-sans leading-4 text-black\">\n<div class=\"flex flex-wrap items-center justify-center gap-1 md:justify-start\">\n        <span class=\"font-bold\"><\/p>\n<p>            19,99 $<br \/>\n                            <span class=\"font-medium\">\u00e0 Amazon<\/span><br \/>\n                    <\/span>\n            <\/div>\n<div class=\"flex items-center justify-center gap-x-1 font-bold md:justify-start\">\n            <span class=\"text-sm line-through\">39,99 $<\/span><br \/>\n            <span class=\"text-sm text-brand-green\">\u00c9conomisez 20,00 $<\/span>\n        <\/div>\n<\/p><\/div>\n<\/p><\/div>\n<\/p><\/div>\n<\/p><\/div>\n<\/div>\n<p>Pour une cam\u00e9ra qui peut \u00eatre utilis\u00e9e \u00e0 l&rsquo;int\u00e9rieur ou \u00e0 l&rsquo;ext\u00e9rieur (avec un adaptateur \u00e9lectrique r\u00e9sistant aux intemp\u00e9ries de 9,99 $, vendu s\u00e9par\u00e9ment ou group\u00e9), ce qui est convaincant. Le Mini 2 est minuscule (seulement deux pouces carr\u00e9s) mais contient un champ de vision de 143 degr\u00e9s, plus que les 110 degr\u00e9s du mod\u00e8le de premi\u00e8re g\u00e9n\u00e9ration. Pendant la journ\u00e9e, la vid\u00e9o 1080p a l&rsquo;air nette et color\u00e9e. La nuit, il offre \u00e0 la fois une vision infrarouge et des couleurs en noir et blanc gr\u00e2ce \u00e0 un projecteur LED int\u00e9gr\u00e9. Le mode couleur n&rsquo;est pas parfait (les teintes ne sont pas aussi vibrantes que les images en lumi\u00e8re du jour), mais elle donne plus de d\u00e9tails que le rythme des gris uni.<\/p>\n<p>Blink s&rsquo;est pench\u00e9 sur de petites am\u00e9liorations avec le mini 2 qui font une diff\u00e9rence notable. La puce personnalis\u00e9e \u00e0 l&rsquo;int\u00e9rieur permet des fonctionnalit\u00e9s telles que les notifications intelligentes et la d\u00e9tection des personnes, afin que la cam\u00e9ra puisse dire si elle a rep\u00e9r\u00e9 une personne, un package ou un animal de compagnie. La capture est que vous aurez besoin d&rsquo;un abonnement pour cela. Le plan de base Blink co\u00fbte 3,99 $ par mois par appareil photo (39,99 $ par an) et vous donne 60 jours d&rsquo;historique vid\u00e9o, d&rsquo;alertes intelligentes, de zones d&rsquo;activit\u00e9 et de flux en direct prolong\u00e9s. Le plan Plus, \u00e0 11,99 $ par mois (119,99 $ par an), couvre des cam\u00e9ras illimit\u00e9es. Sans plan, vous \u00eates limit\u00e9 \u00e0 la visualisation en direct, sauf si vous prenez un module de synchronisation 2 (49,99 $) et une carte SD pour le stockage local.<\/p>\n<p>Le Blink Mini 2 s&rsquo;int\u00e8gre \u00e9galement parfaitement dans les maisons intelligentes, du moins si vous utilisez Alexa. Il prend en charge les commandes vocales et les int\u00e9grations IFTTT, mais pas Google Home ou Apple Homekit. Cela pourrait \u00eatre une rupture si vous \u00eates investi dans ces plateformes. La configuration est simple \u00e0 travers l&rsquo;application compagnon de Blink, et vous pouvez tout ajuster, de la sensibilit\u00e9 de mouvement \u00e0 la luminosit\u00e9 de la lumi\u00e8re dans les param\u00e8tres. Les performances sont solides pour le prix, mais les critiques notent que les s\u00e9quences de nuit en noir et blanc ne sont pas aussi nettes que les cam\u00e9ras budg\u00e9taires concurrentes comme le TP-Link Tapo C120 ou la came int\u00e9rieure EUFY. Pourtant, pour 19,99 $, vous obtenez un placement flexible, une qualit\u00e9 vid\u00e9o d\u00e9cente et des fonctionnalit\u00e9s qui vivent g\u00e9n\u00e9ralement derri\u00e8re des \u00e9tiquettes de prix plus \u00e9lev\u00e9es.<\/p>\n<hr>\n","protected":false},"excerpt":{"rendered":"<p>\u00c0 20 $, c&rsquo;est un moyen pour le budget d&rsquo;ajouter une couverture flexible. Saviez-vous que vous pouvez personnaliser Google pour filtrer les ordures? Prendre ces<\/p>\n","protected":false},"author":1,"featured_media":10310,"comment_status":"","ping_status":"","sticky":false,"template":"","format":"standard","meta":{"footnotes":""},"categories":[13],"tags":[1487,5521,139,76,7167,1317,1429,308],"class_list":["post-10309","post","type-post","status-publish","format-standard","has-post-thumbnail","hentry","category-technologie","tag-camera","tag-clignotante","tag-derniere","tag-est","tag-exterieure","tag-interieure","tag-moment","tag-reduction","generate-columns","tablet-grid-50","mobile-grid-100","grid-parent","grid-33"],"yoast_head":"<!-- This site is optimized with the Yoast SEO plugin v24.0 - https:\/\/yoast.com\/wordpress\/plugins\/seo\/ -->\n<title>La derni\u00e8re cam\u00e9ra int\u00e9rieure \/ ext\u00e9rieure clignotante est de 50% de r\u00e9duction en ce moment | Vie Associative<\/title>\n<meta name=\"robots\" content=\"index, follow, max-snippet:-1, max-image-preview:large, max-video-preview:-1\" \/>\n<link rel=\"canonical\" href=\"https:\/\/vieassociative.be\/actualites\/la-derniere-camera-interieure-exterieure-clignotante-est-de-50-de-reduction-en-ce-moment\/\" \/>\n<meta property=\"og:locale\" content=\"fr_FR\" \/>\n<meta property=\"og:type\" content=\"article\" \/>\n<meta property=\"og:title\" content=\"La derni\u00e8re cam\u00e9ra int\u00e9rieure \/ ext\u00e9rieure clignotante est de 50% de r\u00e9duction en ce moment | Vie Associative\" \/>\n<meta property=\"og:description\" content=\"\u00c0 20 $, c&rsquo;est un moyen pour le budget d&rsquo;ajouter une couverture flexible. Saviez-vous que vous pouvez personnaliser Google pour filtrer les ordures? Prendre ces\" \/>\n<meta property=\"og:url\" content=\"https:\/\/vieassociative.be\/actualites\/la-derniere-camera-interieure-exterieure-clignotante-est-de-50-de-reduction-en-ce-moment\/\" \/>\n<meta property=\"og:site_name\" content=\"Vie Associative\" \/>\n<meta property=\"article:published_time\" content=\"2025-09-28T07:17:08+00:00\" \/>\n<meta property=\"og:image\" content=\"https:\/\/vieassociative.be\/actualites\/wp-content\/uploads\/2025\/09\/La-derniere-camera-interieure-exterieure-clignotante-est-de-50.jpg\" \/>\n<meta name=\"author\" content=\"Julien\" \/>\n<meta name=\"twitter:card\" content=\"summary_large_image\" \/>\n<meta name=\"twitter:label1\" content=\"\u00c9crit par\" \/>\n\t<meta name=\"twitter:data1\" content=\"Julien\" \/>\n\t<meta name=\"twitter:label2\" content=\"Dur\u00e9e de lecture est.\" \/>\n\t<meta name=\"twitter:data2\" content=\"3 minutes\" \/>\n<script type=\"application\/ld+json\" class=\"yoast-schema-graph\">{\"@context\":\"https:\/\/schema.org\",\"@graph\":[{\"@type\":\"Article\",\"@id\":\"https:\/\/vieassociative.be\/actualites\/la-derniere-camera-interieure-exterieure-clignotante-est-de-50-de-reduction-en-ce-moment\/#article\",\"isPartOf\":{\"@id\":\"https:\/\/vieassociative.be\/actualites\/la-derniere-camera-interieure-exterieure-clignotante-est-de-50-de-reduction-en-ce-moment\/\"},\"author\":{\"name\":\"Julien\",\"@id\":\"https:\/\/vieassociative.be\/actualites\/#\/schema\/person\/b87ac4f82f9d4e7b7cec7395b679edc4\"},\"headline\":\"La derni\u00e8re cam\u00e9ra int\u00e9rieure \/ ext\u00e9rieure clignotante est de 50% de r\u00e9duction en ce moment\",\"datePublished\":\"2025-09-28T07:17:08+00:00\",\"dateModified\":\"2025-09-28T07:17:08+00:00\",\"mainEntityOfPage\":{\"@id\":\"https:\/\/vieassociative.be\/actualites\/la-derniere-camera-interieure-exterieure-clignotante-est-de-50-de-reduction-en-ce-moment\/\"},\"wordCount\":579,\"publisher\":{\"@id\":\"https:\/\/vieassociative.be\/actualites\/#organization\"},\"image\":{\"@id\":\"https:\/\/vieassociative.be\/actualites\/la-derniere-camera-interieure-exterieure-clignotante-est-de-50-de-reduction-en-ce-moment\/#primaryimage\"},\"thumbnailUrl\":\"https:\/\/vieassociative.be\/actualites\/wp-content\/uploads\/2025\/09\/La-derniere-camera-interieure-exterieure-clignotante-est-de-50.png\",\"keywords\":[\"cam\u00e9ra\",\"clignotante\",\"derni\u00e8re\",\"est\",\"ext\u00e9rieure\",\"int\u00e9rieure\",\"moment\",\"r\u00e9duction\"],\"articleSection\":[\"Technologie\"],\"inLanguage\":\"fr-BE\"},{\"@type\":\"WebPage\",\"@id\":\"https:\/\/vieassociative.be\/actualites\/la-derniere-camera-interieure-exterieure-clignotante-est-de-50-de-reduction-en-ce-moment\/\",\"url\":\"https:\/\/vieassociative.be\/actualites\/la-derniere-camera-interieure-exterieure-clignotante-est-de-50-de-reduction-en-ce-moment\/\",\"name\":\"La derni\u00e8re cam\u00e9ra int\u00e9rieure \/ ext\u00e9rieure clignotante est de 50% de r\u00e9duction en ce moment | Vie Associative\",\"isPartOf\":{\"@id\":\"https:\/\/vieassociative.be\/actualites\/#website\"},\"primaryImageOfPage\":{\"@id\":\"https:\/\/vieassociative.be\/actualites\/la-derniere-camera-interieure-exterieure-clignotante-est-de-50-de-reduction-en-ce-moment\/#primaryimage\"},\"image\":{\"@id\":\"https:\/\/vieassociative.be\/actualites\/la-derniere-camera-interieure-exterieure-clignotante-est-de-50-de-reduction-en-ce-moment\/#primaryimage\"},\"thumbnailUrl\":\"https:\/\/vieassociative.be\/actualites\/wp-content\/uploads\/2025\/09\/La-derniere-camera-interieure-exterieure-clignotante-est-de-50.png\",\"datePublished\":\"2025-09-28T07:17:08+00:00\",\"dateModified\":\"2025-09-28T07:17:08+00:00\",\"breadcrumb\":{\"@id\":\"https:\/\/vieassociative.be\/actualites\/la-derniere-camera-interieure-exterieure-clignotante-est-de-50-de-reduction-en-ce-moment\/#breadcrumb\"},\"inLanguage\":\"fr-BE\",\"potentialAction\":[{\"@type\":\"ReadAction\",\"target\":[\"https:\/\/vieassociative.be\/actualites\/la-derniere-camera-interieure-exterieure-clignotante-est-de-50-de-reduction-en-ce-moment\/\"]}]},{\"@type\":\"ImageObject\",\"inLanguage\":\"fr-BE\",\"@id\":\"https:\/\/vieassociative.be\/actualites\/la-derniere-camera-interieure-exterieure-clignotante-est-de-50-de-reduction-en-ce-moment\/#primaryimage\",\"url\":\"https:\/\/vieassociative.be\/actualites\/wp-content\/uploads\/2025\/09\/La-derniere-camera-interieure-exterieure-clignotante-est-de-50.png\",\"contentUrl\":\"https:\/\/vieassociative.be\/actualites\/wp-content\/uploads\/2025\/09\/La-derniere-camera-interieure-exterieure-clignotante-est-de-50.png\",\"width\":1200,\"height\":675,\"caption\":\"La derni\u00e8re cam\u00e9ra int\u00e9rieure \/ ext\u00e9rieure clignotante est de 50% de r\u00e9duction en ce moment\"},{\"@type\":\"BreadcrumbList\",\"@id\":\"https:\/\/vieassociative.be\/actualites\/la-derniere-camera-interieure-exterieure-clignotante-est-de-50-de-reduction-en-ce-moment\/#breadcrumb\",\"itemListElement\":[{\"@type\":\"ListItem\",\"position\":1,\"name\":\"Accueil\",\"item\":\"https:\/\/vieassociative.be\/actualites\/\"},{\"@type\":\"ListItem\",\"position\":2,\"name\":\"La derni\u00e8re cam\u00e9ra int\u00e9rieure \/ ext\u00e9rieure clignotante est de 50% de r\u00e9duction en ce moment\"}]},{\"@type\":\"WebSite\",\"@id\":\"https:\/\/vieassociative.be\/actualites\/#website\",\"url\":\"https:\/\/vieassociative.be\/actualites\/\",\"name\":\"Vie Associative\",\"description\":\"\",\"publisher\":{\"@id\":\"https:\/\/vieassociative.be\/actualites\/#organization\"},\"potentialAction\":[{\"@type\":\"SearchAction\",\"target\":{\"@type\":\"EntryPoint\",\"urlTemplate\":\"https:\/\/vieassociative.be\/actualites\/?s={search_term_string}\"},\"query-input\":{\"@type\":\"PropertyValueSpecification\",\"valueRequired\":true,\"valueName\":\"search_term_string\"}}],\"inLanguage\":\"fr-BE\"},{\"@type\":\"Organization\",\"@id\":\"https:\/\/vieassociative.be\/actualites\/#organization\",\"name\":\"Vie Associative\",\"url\":\"https:\/\/vieassociative.be\/actualites\/\",\"logo\":{\"@type\":\"ImageObject\",\"inLanguage\":\"fr-BE\",\"@id\":\"https:\/\/vieassociative.be\/actualites\/#\/schema\/logo\/image\/\",\"url\":\"https:\/\/vieassociative.be\/actualites\/wp-content\/uploads\/2024\/09\/cropped-vieassociative_favicon.ico.png\",\"contentUrl\":\"https:\/\/vieassociative.be\/actualites\/wp-content\/uploads\/2024\/09\/cropped-vieassociative_favicon.ico.png\",\"width\":512,\"height\":512,\"caption\":\"Vie Associative\"},\"image\":{\"@id\":\"https:\/\/vieassociative.be\/actualites\/#\/schema\/logo\/image\/\"}},{\"@type\":\"Person\",\"@id\":\"https:\/\/vieassociative.be\/actualites\/#\/schema\/person\/b87ac4f82f9d4e7b7cec7395b679edc4\",\"name\":\"Julien\",\"image\":{\"@type\":\"ImageObject\",\"inLanguage\":\"fr-BE\",\"@id\":\"https:\/\/vieassociative.be\/actualites\/#\/schema\/person\/image\/\",\"url\":\"https:\/\/vieassociative.be\/actualites\/wp-content\/uploads\/2024\/09\/vie-associative-1-150x150.jpg\",\"contentUrl\":\"https:\/\/vieassociative.be\/actualites\/wp-content\/uploads\/2024\/09\/vie-associative-1-150x150.jpg\",\"caption\":\"Julien\"},\"description\":\"Je suis Julien, r\u00e9dacteur pour Vie Associative. Passionn\u00e9 par le monde associatif depuis plus de 10 ans, j'ai \u00e0 c\u0153ur de partager des histoires inspirantes et de mettre en lumi\u00e8re les initiatives locales. Mon objectif est de sensibiliser et d'encourager l'engagement communautaire \u00e0 travers mes articles.\",\"sameAs\":[\"https:\/\/vieassociative.be\/\"]}]}<\/script>\n<!-- \/ Yoast SEO plugin. -->","yoast_head_json":{"title":"La derni\u00e8re cam\u00e9ra int\u00e9rieure \/ ext\u00e9rieure clignotante est de 50% de r\u00e9duction en ce moment | Vie Associative","robots":{"index":"index","follow":"follow","max-snippet":"max-snippet:-1","max-image-preview":"max-image-preview:large","max-video-preview":"max-video-preview:-1"},"canonical":"https:\/\/vieassociative.be\/actualites\/la-derniere-camera-interieure-exterieure-clignotante-est-de-50-de-reduction-en-ce-moment\/","og_locale":"fr_FR","og_type":"article","og_title":"La derni\u00e8re cam\u00e9ra int\u00e9rieure \/ ext\u00e9rieure clignotante est de 50% de r\u00e9duction en ce moment | Vie Associative","og_description":"\u00c0 20 $, c&rsquo;est un moyen pour le budget d&rsquo;ajouter une couverture flexible. Saviez-vous que vous pouvez personnaliser Google pour filtrer les ordures? Prendre ces","og_url":"https:\/\/vieassociative.be\/actualites\/la-derniere-camera-interieure-exterieure-clignotante-est-de-50-de-reduction-en-ce-moment\/","og_site_name":"Vie Associative","article_published_time":"2025-09-28T07:17:08+00:00","og_image":[{"url":"https:\/\/vieassociative.be\/actualites\/wp-content\/uploads\/2025\/09\/La-derniere-camera-interieure-exterieure-clignotante-est-de-50.jpg","type":"","width":"","height":""}],"author":"Julien","twitter_card":"summary_large_image","twitter_misc":{"\u00c9crit par":"Julien","Dur\u00e9e de lecture est.":"3 minutes"},"schema":{"@context":"https:\/\/schema.org","@graph":[{"@type":"Article","@id":"https:\/\/vieassociative.be\/actualites\/la-derniere-camera-interieure-exterieure-clignotante-est-de-50-de-reduction-en-ce-moment\/#article","isPartOf":{"@id":"https:\/\/vieassociative.be\/actualites\/la-derniere-camera-interieure-exterieure-clignotante-est-de-50-de-reduction-en-ce-moment\/"},"author":{"name":"Julien","@id":"https:\/\/vieassociative.be\/actualites\/#\/schema\/person\/b87ac4f82f9d4e7b7cec7395b679edc4"},"headline":"La derni\u00e8re cam\u00e9ra int\u00e9rieure \/ ext\u00e9rieure clignotante est de 50% de r\u00e9duction en ce moment","datePublished":"2025-09-28T07:17:08+00:00","dateModified":"2025-09-28T07:17:08+00:00","mainEntityOfPage":{"@id":"https:\/\/vieassociative.be\/actualites\/la-derniere-camera-interieure-exterieure-clignotante-est-de-50-de-reduction-en-ce-moment\/"},"wordCount":579,"publisher":{"@id":"https:\/\/vieassociative.be\/actualites\/#organization"},"image":{"@id":"https:\/\/vieassociative.be\/actualites\/la-derniere-camera-interieure-exterieure-clignotante-est-de-50-de-reduction-en-ce-moment\/#primaryimage"},"thumbnailUrl":"https:\/\/vieassociative.be\/actualites\/wp-content\/uploads\/2025\/09\/La-derniere-camera-interieure-exterieure-clignotante-est-de-50.png","keywords":["cam\u00e9ra","clignotante","derni\u00e8re","est","ext\u00e9rieure","int\u00e9rieure","moment","r\u00e9duction"],"articleSection":["Technologie"],"inLanguage":"fr-BE"},{"@type":"WebPage","@id":"https:\/\/vieassociative.be\/actualites\/la-derniere-camera-interieure-exterieure-clignotante-est-de-50-de-reduction-en-ce-moment\/","url":"https:\/\/vieassociative.be\/actualites\/la-derniere-camera-interieure-exterieure-clignotante-est-de-50-de-reduction-en-ce-moment\/","name":"La derni\u00e8re cam\u00e9ra int\u00e9rieure \/ ext\u00e9rieure clignotante est de 50% de r\u00e9duction en ce moment | Vie Associative","isPartOf":{"@id":"https:\/\/vieassociative.be\/actualites\/#website"},"primaryImageOfPage":{"@id":"https:\/\/vieassociative.be\/actualites\/la-derniere-camera-interieure-exterieure-clignotante-est-de-50-de-reduction-en-ce-moment\/#primaryimage"},"image":{"@id":"https:\/\/vieassociative.be\/actualites\/la-derniere-camera-interieure-exterieure-clignotante-est-de-50-de-reduction-en-ce-moment\/#primaryimage"},"thumbnailUrl":"https:\/\/vieassociative.be\/actualites\/wp-content\/uploads\/2025\/09\/La-derniere-camera-interieure-exterieure-clignotante-est-de-50.png","datePublished":"2025-09-28T07:17:08+00:00","dateModified":"2025-09-28T07:17:08+00:00","breadcrumb":{"@id":"https:\/\/vieassociative.be\/actualites\/la-derniere-camera-interieure-exterieure-clignotante-est-de-50-de-reduction-en-ce-moment\/#breadcrumb"},"inLanguage":"fr-BE","potentialAction":[{"@type":"ReadAction","target":["https:\/\/vieassociative.be\/actualites\/la-derniere-camera-interieure-exterieure-clignotante-est-de-50-de-reduction-en-ce-moment\/"]}]},{"@type":"ImageObject","inLanguage":"fr-BE","@id":"https:\/\/vieassociative.be\/actualites\/la-derniere-camera-interieure-exterieure-clignotante-est-de-50-de-reduction-en-ce-moment\/#primaryimage","url":"https:\/\/vieassociative.be\/actualites\/wp-content\/uploads\/2025\/09\/La-derniere-camera-interieure-exterieure-clignotante-est-de-50.png","contentUrl":"https:\/\/vieassociative.be\/actualites\/wp-content\/uploads\/2025\/09\/La-derniere-camera-interieure-exterieure-clignotante-est-de-50.png","width":1200,"height":675,"caption":"La derni\u00e8re cam\u00e9ra int\u00e9rieure \/ ext\u00e9rieure clignotante est de 50% de r\u00e9duction en ce moment"},{"@type":"BreadcrumbList","@id":"https:\/\/vieassociative.be\/actualites\/la-derniere-camera-interieure-exterieure-clignotante-est-de-50-de-reduction-en-ce-moment\/#breadcrumb","itemListElement":[{"@type":"ListItem","position":1,"name":"Accueil","item":"https:\/\/vieassociative.be\/actualites\/"},{"@type":"ListItem","position":2,"name":"La derni\u00e8re cam\u00e9ra int\u00e9rieure \/ ext\u00e9rieure clignotante est de 50% de r\u00e9duction en ce moment"}]},{"@type":"WebSite","@id":"https:\/\/vieassociative.be\/actualites\/#website","url":"https:\/\/vieassociative.be\/actualites\/","name":"Vie Associative","description":"","publisher":{"@id":"https:\/\/vieassociative.be\/actualites\/#organization"},"potentialAction":[{"@type":"SearchAction","target":{"@type":"EntryPoint","urlTemplate":"https:\/\/vieassociative.be\/actualites\/?s={search_term_string}"},"query-input":{"@type":"PropertyValueSpecification","valueRequired":true,"valueName":"search_term_string"}}],"inLanguage":"fr-BE"},{"@type":"Organization","@id":"https:\/\/vieassociative.be\/actualites\/#organization","name":"Vie Associative","url":"https:\/\/vieassociative.be\/actualites\/","logo":{"@type":"ImageObject","inLanguage":"fr-BE","@id":"https:\/\/vieassociative.be\/actualites\/#\/schema\/logo\/image\/","url":"https:\/\/vieassociative.be\/actualites\/wp-content\/uploads\/2024\/09\/cropped-vieassociative_favicon.ico.png","contentUrl":"https:\/\/vieassociative.be\/actualites\/wp-content\/uploads\/2024\/09\/cropped-vieassociative_favicon.ico.png","width":512,"height":512,"caption":"Vie Associative"},"image":{"@id":"https:\/\/vieassociative.be\/actualites\/#\/schema\/logo\/image\/"}},{"@type":"Person","@id":"https:\/\/vieassociative.be\/actualites\/#\/schema\/person\/b87ac4f82f9d4e7b7cec7395b679edc4","name":"Julien","image":{"@type":"ImageObject","inLanguage":"fr-BE","@id":"https:\/\/vieassociative.be\/actualites\/#\/schema\/person\/image\/","url":"https:\/\/vieassociative.be\/actualites\/wp-content\/uploads\/2024\/09\/vie-associative-1-150x150.jpg","contentUrl":"https:\/\/vieassociative.be\/actualites\/wp-content\/uploads\/2024\/09\/vie-associative-1-150x150.jpg","caption":"Julien"},"description":"Je suis Julien, r\u00e9dacteur pour Vie Associative. Passionn\u00e9 par le monde associatif depuis plus de 10 ans, j'ai \u00e0 c\u0153ur de partager des histoires inspirantes et de mettre en lumi\u00e8re les initiatives locales. Mon objectif est de sensibiliser et d'encourager l'engagement communautaire \u00e0 travers mes articles.","sameAs":["https:\/\/vieassociative.be\/"]}]}},"_links":{"self":[{"href":"https:\/\/vieassociative.be\/actualites\/wp-json\/wp\/v2\/posts\/10309"}],"collection":[{"href":"https:\/\/vieassociative.be\/actualites\/wp-json\/wp\/v2\/posts"}],"about":[{"href":"https:\/\/vieassociative.be\/actualites\/wp-json\/wp\/v2\/types\/post"}],"author":[{"embeddable":true,"href":"https:\/\/vieassociative.be\/actualites\/wp-json\/wp\/v2\/users\/1"}],"replies":[{"embeddable":true,"href":"https:\/\/vieassociative.be\/actualites\/wp-json\/wp\/v2\/comments?post=10309"}],"version-history":[{"count":0,"href":"https:\/\/vieassociative.be\/actualites\/wp-json\/wp\/v2\/posts\/10309\/revisions"}],"wp:featuredmedia":[{"embeddable":true,"href":"https:\/\/vieassociative.be\/actualites\/wp-json\/wp\/v2\/media\/10310"}],"wp:attachment":[{"href":"https:\/\/vieassociative.be\/actualites\/wp-json\/wp\/v2\/media?parent=10309"}],"wp:term":[{"taxonomy":"category","embeddable":true,"href":"https:\/\/vieassociative.be\/actualites\/wp-json\/wp\/v2\/categories?post=10309"},{"taxonomy":"post_tag","embeddable":true,"href":"https:\/\/vieassociative.be\/actualites\/wp-json\/wp\/v2\/tags?post=10309"}],"curies":[{"name":"wp","href":"https:\/\/api.w.org\/{rel}","templated":true}]}}