{"id":10303,"date":"2025-09-28T04:17:27","date_gmt":"2025-09-28T02:17:27","guid":{"rendered":"https:\/\/vieassociative.be\/actualites\/pogacar-et-onepoel-avant-leur-prochain-duel-qui-sera-un-champion-du-monde-de-velo-au-rwanda\/"},"modified":"2025-09-28T04:17:27","modified_gmt":"2025-09-28T02:17:27","slug":"pogacar-et-onepoel-avant-leur-prochain-duel-qui-sera-un-champion-du-monde-de-velo-au-rwanda","status":"publish","type":"post","link":"https:\/\/vieassociative.be\/actualites\/pogacar-et-onepoel-avant-leur-prochain-duel-qui-sera-un-champion-du-monde-de-velo-au-rwanda\/","title":{"rendered":"Pogacar et Onepoel avant leur prochain duel &#8211; qui sera un champion du monde de v\u00e9lo au Rwanda?"},"content":{"rendered":"<p><strong>Lors de la Coupe du monde au Rwanda, le prochain starter des \u00e9toiles est imminent: Tadej Pogacar veut absolument faire faillite de sa prolongation contre le Belge Evenepoel.<\/strong><\/p>\n<p><span id=\"more-425654\"><\/span>La superstar Tadej Pogacar a conc\u00e9d\u00e9 en plus de la grande faillite pendant le contre-la-montre individuel du championnat du monde RAD, il y en avait aussi quelques petits au cours des derniers jours. Dans le Rwanda h\u00f4te qui aimait le cyclisme, le Slov\u00e8ne a exceptionnellement publi\u00e9 une vid\u00e9o pendant l&rsquo;entra\u00eenement: un local a d\u00e9pass\u00e9 les Slov\u00e8nes et son partenaire Urska-Athlete \u00e0 v\u00e9lo avec son v\u00e9lo techniquement clairement inf\u00e9rieur sur la montagne.<\/p>\n<p>\u00ab\u00a0J&rsquo;ai perdu des duels lors des voyages de d\u00e9tente. Ils m&rsquo;ont toujours battu\u00a0\u00bb, a d\u00e9clar\u00e9 le joueur de 27 ans avec un sourire. \u00ab\u00a0L&rsquo;atmosph\u00e8re dans les rues est g\u00e9niale\u00a0\u00bb, a-t-il fait l&rsquo;\u00e9loge &#8211; m\u00eame pendant les voyages d&rsquo;entra\u00eenement, de nombreux yeux sont destin\u00e9s aux conducteurs. <\/p>\n<\/p>\n<div id=\"attachment_425112\" class=\"wp-caption alignleft\" style=\"max-width: 300px\"><img fetchpriority=\"high\" decoding=\"async\" class=\"wp-image-425112 size-medium\" src=\"https:\/\/vieassociative.be\/actualites\/wp-content\/uploads\/2025\/09\/Pogacar-et-Onepoel-avant-leur-prochain-duel-qui-sera.jpg\" alt=\"\" width=\"300\" height=\"200\"  ><\/div>\n<p>Autour de la capitale vallonn\u00e9e Kigali, les gens transportent tout sur leurs v\u00e9los &#8211; \u00e0 partir de sacs de pommes de terre lourds, des outils volumineux aux animaux. Si vous construisez une bonne \u00e9quipe ici, a d\u00e9clar\u00e9 Pogacar, alors vous pouvez gagner des \u00ab\u00a0tr\u00e8s bons pilotes\u00a0\u00bb pour le v\u00e9lo.<\/p>\n<p><strong>&#8211; faillite m\u00e9morable en proc\u00e8s:<\/strong> Avant sa d\u00e9fense du titre pr\u00e9vue dimanche lors de la course sur route de la Coupe du monde (9 h 45\/RTBF, Eurosport et ZDF dans le Livestream), Pogacar \u00e9tait toujours sur la base de la joie, mais la d\u00e9faite m\u00e9morable dans le contre-lame a laiss\u00e9 des traces. Le Belgian Remco Evenepoel a d\u00e9pass\u00e9 le quadruple vainqueur du Tour de France lors de son anniversaire \u00e0 la course contre le chronom\u00e8tre et a pris 2:37 minutes plus rapidement dimanche, m\u00eame si Onepoel a commenc\u00e9 deux minutes et demie plus tard.<\/p>\n<p>Onepoel, qui se dirigera vers l&rsquo;\u00e9quipe allemande de Red Bull \u00e0 l&rsquo;avenir, a triomph\u00e9 pour la troisi\u00e8me fois de sa discipline de d\u00e9fil\u00e9 en tant que vainqueur en contrebands. Jusqu&rsquo;\u00e0 pr\u00e9sent, la saison \u00e9tait en fait l&rsquo;inverse: Pogacar a beaucoup r\u00e9ussi, m\u00eame m\u00eame EvenEpoel, a d\u00fb mettre fin au Tour de France pr\u00e9matur\u00e9ment en \u00e9t\u00e9.<\/p>\n<p>\u00ab\u00a0Maintenant, dimanche, c&rsquo;est mon tour de commencer et ce n&rsquo;est pas une mauvaise journ\u00e9e, mais ce mauvais sentiment quand quelqu&rsquo;un vous rattrape\u00a0\u00bb, a d\u00e9clar\u00e9 Pogacar.<\/p>\n<p>La saison intensive ne l&rsquo;a pas d\u00e9pass\u00e9 sans trace. Apr\u00e8s son triomphe finalement s\u00fbr sur la tourn\u00e9e de la France, Pogacar avait l&rsquo;air fatigu\u00e9. Pour lui, les Championnats d&rsquo;Europe en France et peu de temps apr\u00e8s sont en tourn\u00e9e lombardie. \u00ab\u00a0J&rsquo;attends avec impatience le temps sans course pour passer un bon moment \u00e0 la maison, passer du v\u00e9lo avec Urska et sa famille\u00a0\u00bb, a d\u00e9clar\u00e9 le conducteur exceptionnel et en m\u00eame temps clarifi\u00e9: \u00ab\u00a0Nous devons d&rsquo;abord terminer cette grande saison.\u00a0\u00bb<\/p>\n<div id=\"attachment_425661\" class=\"wp-caption alignleft\" style=\"max-width: 300px\"><img decoding=\"async\" class=\"wp-image-425661 size-medium\" src=\"https:\/\/vieassociative.be\/actualites\/wp-content\/uploads\/2025\/09\/1759025847_589_Pogacar-et-Onepoel-avant-leur-prochain-duel-qui-sera.jpg\" alt=\"\" width=\"300\" height=\"200\"><\/div>\n<p><strong>&#8211; L&rsquo;expert voit m\u00eamePoel avec des avantages:<\/strong> Cependant, l&rsquo;expert ex-professionnel et t\u00e9l\u00e9vis\u00e9 Jens Voigt voient m\u00eame Dimanche. \u00ab\u00a0Il a une \u00e9quipe tr\u00e8s forte, ce qui est crucial pour une longue course o\u00f9 vous devez vous cacher depuis longtemps\u00a0\u00bb, a-t-il d\u00e9clar\u00e9 \u00e0 Eurosport. \u00ab\u00a0Pour moi, Pogacar n&rsquo;a pas regard\u00e9 \u00e0 100% dans le temps, comme vous \u00eates habitu\u00e9, n&rsquo;a pas l&rsquo;air aussi concentr\u00e9 et puissant. Il \u00e9tait presque toujours sur le podium, mais sinon il gagne des courses avec un sourire sur son visage. Dans mon impression, il manquait dans tous les domaines de moiti\u00e9 \u00e0 un pour cent\u00a0\u00bb, a-t-il ajout\u00e9.<\/p>\n<p>L&rsquo;ann\u00e9e derni\u00e8re, en Suisse, Pogacar a c\u00e9l\u00e9br\u00e9 l&rsquo;or de la Coupe du monde pour la premi\u00e8re fois apr\u00e8s une solorit\u00e9 de 100 kilom\u00e8tres. En 2022, Ohepoel a remport\u00e9 sa seule m\u00e9daille d&rsquo;or en Australie.<\/p>\n<p>Un autre m\u00e9ga solo semble peu probable sur la route extr\u00eamement exigeante dimanche avec pr\u00e8s de 270 kilom\u00e8tres et 5 475 m\u00e8tres d&rsquo;altitude. Mais Pogacar est \u00e9galement le meilleur conducteur de sa g\u00e9n\u00e9ration et toujours bon pour une surprise d&rsquo;attaque explosive.<\/p>\n<p>Mais non seulement l&rsquo;itin\u00e9raire a ses pi\u00e8ges. Comme de nombreux autres professionnels, le Slov\u00e8ne a \u00e9galement d\u00fb s&rsquo;habituer aux conditions climatiques de la ville \u00e0 environ 1 500 m\u00e8tres. \u00ab\u00a0Le temps est un peu diff\u00e9rent qu&rsquo;\u00e0 la maison. C&rsquo;est un peu \u00e9trange. Il fait chaud, ce n&rsquo;est pas humide, mais il peut aussi \u00eatre mouill\u00e9\u00a0\u00bb, a-t-il d\u00e9clar\u00e9. Mais il a \u00e9galement pr\u00e9cis\u00e9: \u00ab\u00a0Je me suis habitu\u00e9 \u00e0 l&rsquo;environnement, \u00e0 la hauteur, \u00e0 la m\u00e9t\u00e9o. Et tout.\u00a0\u00bb M\u00eame le temps ne devrait gu\u00e8re freiner la superstar par une bonne journ\u00e9e. Les experts en cyclisme, cependant, consid\u00e8rent les Kigali pour consid\u00e9rer la course de la Coupe du monde la plus difficile au cours des 30 derni\u00e8res ann\u00e9es \u00e0 l&rsquo;avance. Tout est possible. (DPA \/ CRE)<\/p>\n","protected":false},"excerpt":{"rendered":"<p>Lors de la Coupe du monde au Rwanda, le prochain starter des \u00e9toiles est imminent: Tadej Pogacar veut absolument faire faillite de sa prolongation contre<\/p>\n","protected":false},"author":1,"featured_media":10304,"comment_status":"","ping_status":"","sticky":false,"template":"","format":"standard","meta":{"footnotes":""},"categories":[298],"tags":[142,2524,4821,958,237,8690,5976,1109,99,8691,3230,921],"class_list":["post-10303","post","type-post","status-publish","format-standard","has-post-thumbnail","hentry","category-belgique","tag-avant","tag-champion","tag-duel","tag-leur","tag-monde","tag-onepoel","tag-pogacar","tag-prochain","tag-qui","tag-rwanda","tag-sera","tag-velo","generate-columns","tablet-grid-50","mobile-grid-100","grid-parent","grid-33"],"yoast_head":"<!-- This site is optimized with the Yoast SEO plugin v24.0 - https:\/\/yoast.com\/wordpress\/plugins\/seo\/ -->\n<title>Pogacar et Onepoel avant leur prochain duel - qui sera un champion du monde de v\u00e9lo au Rwanda? | Vie Associative<\/title>\n<meta name=\"robots\" content=\"index, follow, max-snippet:-1, max-image-preview:large, max-video-preview:-1\" \/>\n<link rel=\"canonical\" href=\"https:\/\/vieassociative.be\/actualites\/pogacar-et-onepoel-avant-leur-prochain-duel-qui-sera-un-champion-du-monde-de-velo-au-rwanda\/\" \/>\n<meta property=\"og:locale\" content=\"fr_FR\" \/>\n<meta property=\"og:type\" content=\"article\" \/>\n<meta property=\"og:title\" content=\"Pogacar et Onepoel avant leur prochain duel - qui sera un champion du monde de v\u00e9lo au Rwanda? | Vie Associative\" \/>\n<meta property=\"og:description\" content=\"Lors de la Coupe du monde au Rwanda, le prochain starter des \u00e9toiles est imminent: Tadej Pogacar veut absolument faire faillite de sa prolongation contre\" \/>\n<meta property=\"og:url\" content=\"https:\/\/vieassociative.be\/actualites\/pogacar-et-onepoel-avant-leur-prochain-duel-qui-sera-un-champion-du-monde-de-velo-au-rwanda\/\" \/>\n<meta property=\"og:site_name\" content=\"Vie Associative\" \/>\n<meta property=\"article:published_time\" content=\"2025-09-28T02:17:27+00:00\" \/>\n<meta property=\"og:image\" content=\"https:\/\/vieassociative.be\/actualites\/wp-content\/uploads\/2024\/09\/header_backgroundk-01-e1726694325946.png\" \/>\n\t<meta property=\"og:image:width\" content=\"279\" \/>\n\t<meta property=\"og:image:height\" content=\"92\" \/>\n\t<meta property=\"og:image:type\" content=\"image\/png\" \/>\n<meta name=\"author\" content=\"Julien\" \/>\n<meta name=\"twitter:card\" content=\"summary_large_image\" \/>\n<meta name=\"twitter:label1\" content=\"\u00c9crit par\" \/>\n\t<meta name=\"twitter:data1\" content=\"Julien\" \/>\n\t<meta name=\"twitter:label2\" content=\"Dur\u00e9e de lecture est.\" \/>\n\t<meta name=\"twitter:data2\" content=\"4 minutes\" \/>\n<script type=\"application\/ld+json\" class=\"yoast-schema-graph\">{\"@context\":\"https:\/\/schema.org\",\"@graph\":[{\"@type\":\"Article\",\"@id\":\"https:\/\/vieassociative.be\/actualites\/pogacar-et-onepoel-avant-leur-prochain-duel-qui-sera-un-champion-du-monde-de-velo-au-rwanda\/#article\",\"isPartOf\":{\"@id\":\"https:\/\/vieassociative.be\/actualites\/pogacar-et-onepoel-avant-leur-prochain-duel-qui-sera-un-champion-du-monde-de-velo-au-rwanda\/\"},\"author\":{\"name\":\"Julien\",\"@id\":\"https:\/\/vieassociative.be\/actualites\/#\/schema\/person\/b87ac4f82f9d4e7b7cec7395b679edc4\"},\"headline\":\"Pogacar et Onepoel avant leur prochain duel &#8211; qui sera un champion du monde de v\u00e9lo au Rwanda?\",\"datePublished\":\"2025-09-28T02:17:27+00:00\",\"dateModified\":\"2025-09-28T02:17:27+00:00\",\"mainEntityOfPage\":{\"@id\":\"https:\/\/vieassociative.be\/actualites\/pogacar-et-onepoel-avant-leur-prochain-duel-qui-sera-un-champion-du-monde-de-velo-au-rwanda\/\"},\"wordCount\":858,\"publisher\":{\"@id\":\"https:\/\/vieassociative.be\/actualites\/#organization\"},\"image\":{\"@id\":\"https:\/\/vieassociative.be\/actualites\/pogacar-et-onepoel-avant-leur-prochain-duel-qui-sera-un-champion-du-monde-de-velo-au-rwanda\/#primaryimage\"},\"thumbnailUrl\":\"https:\/\/vieassociative.be\/actualites\/wp-content\/uploads\/2025\/09\/1759025848_Pogacar-et-Onepoel-avant-leur-prochain-duel-qui-sera.jpg\",\"keywords\":[\"avant\",\"champion\",\"duel\",\"leur\",\"monde\",\"Onepoel\",\"Pogacar\",\"prochain\",\"qui\",\"Rwanda\",\"sera\",\"v\u00e9lo\"],\"articleSection\":[\"Belgique\"],\"inLanguage\":\"fr-BE\"},{\"@type\":\"WebPage\",\"@id\":\"https:\/\/vieassociative.be\/actualites\/pogacar-et-onepoel-avant-leur-prochain-duel-qui-sera-un-champion-du-monde-de-velo-au-rwanda\/\",\"url\":\"https:\/\/vieassociative.be\/actualites\/pogacar-et-onepoel-avant-leur-prochain-duel-qui-sera-un-champion-du-monde-de-velo-au-rwanda\/\",\"name\":\"Pogacar et Onepoel avant leur prochain duel - qui sera un champion du monde de v\u00e9lo au Rwanda? | Vie Associative\",\"isPartOf\":{\"@id\":\"https:\/\/vieassociative.be\/actualites\/#website\"},\"primaryImageOfPage\":{\"@id\":\"https:\/\/vieassociative.be\/actualites\/pogacar-et-onepoel-avant-leur-prochain-duel-qui-sera-un-champion-du-monde-de-velo-au-rwanda\/#primaryimage\"},\"image\":{\"@id\":\"https:\/\/vieassociative.be\/actualites\/pogacar-et-onepoel-avant-leur-prochain-duel-qui-sera-un-champion-du-monde-de-velo-au-rwanda\/#primaryimage\"},\"thumbnailUrl\":\"https:\/\/vieassociative.be\/actualites\/wp-content\/uploads\/2025\/09\/1759025848_Pogacar-et-Onepoel-avant-leur-prochain-duel-qui-sera.jpg\",\"datePublished\":\"2025-09-28T02:17:27+00:00\",\"dateModified\":\"2025-09-28T02:17:27+00:00\",\"breadcrumb\":{\"@id\":\"https:\/\/vieassociative.be\/actualites\/pogacar-et-onepoel-avant-leur-prochain-duel-qui-sera-un-champion-du-monde-de-velo-au-rwanda\/#breadcrumb\"},\"inLanguage\":\"fr-BE\",\"potentialAction\":[{\"@type\":\"ReadAction\",\"target\":[\"https:\/\/vieassociative.be\/actualites\/pogacar-et-onepoel-avant-leur-prochain-duel-qui-sera-un-champion-du-monde-de-velo-au-rwanda\/\"]}]},{\"@type\":\"ImageObject\",\"inLanguage\":\"fr-BE\",\"@id\":\"https:\/\/vieassociative.be\/actualites\/pogacar-et-onepoel-avant-leur-prochain-duel-qui-sera-un-champion-du-monde-de-velo-au-rwanda\/#primaryimage\",\"url\":\"https:\/\/vieassociative.be\/actualites\/wp-content\/uploads\/2025\/09\/1759025848_Pogacar-et-Onepoel-avant-leur-prochain-duel-qui-sera.jpg\",\"contentUrl\":\"https:\/\/vieassociative.be\/actualites\/wp-content\/uploads\/2025\/09\/1759025848_Pogacar-et-Onepoel-avant-leur-prochain-duel-qui-sera.jpg\",\"width\":1200,\"height\":800,\"caption\":\"Pogacar et Onepoel avant leur prochain duel - qui sera un champion du monde de v\u00e9lo au Rwanda?\"},{\"@type\":\"BreadcrumbList\",\"@id\":\"https:\/\/vieassociative.be\/actualites\/pogacar-et-onepoel-avant-leur-prochain-duel-qui-sera-un-champion-du-monde-de-velo-au-rwanda\/#breadcrumb\",\"itemListElement\":[{\"@type\":\"ListItem\",\"position\":1,\"name\":\"Accueil\",\"item\":\"https:\/\/vieassociative.be\/actualites\/\"},{\"@type\":\"ListItem\",\"position\":2,\"name\":\"Pogacar et Onepoel avant leur prochain duel &#8211; qui sera un champion du monde de v\u00e9lo au Rwanda?\"}]},{\"@type\":\"WebSite\",\"@id\":\"https:\/\/vieassociative.be\/actualites\/#website\",\"url\":\"https:\/\/vieassociative.be\/actualites\/\",\"name\":\"Vie Associative\",\"description\":\"\",\"publisher\":{\"@id\":\"https:\/\/vieassociative.be\/actualites\/#organization\"},\"potentialAction\":[{\"@type\":\"SearchAction\",\"target\":{\"@type\":\"EntryPoint\",\"urlTemplate\":\"https:\/\/vieassociative.be\/actualites\/?s={search_term_string}\"},\"query-input\":{\"@type\":\"PropertyValueSpecification\",\"valueRequired\":true,\"valueName\":\"search_term_string\"}}],\"inLanguage\":\"fr-BE\"},{\"@type\":\"Organization\",\"@id\":\"https:\/\/vieassociative.be\/actualites\/#organization\",\"name\":\"Vie Associative\",\"url\":\"https:\/\/vieassociative.be\/actualites\/\",\"logo\":{\"@type\":\"ImageObject\",\"inLanguage\":\"fr-BE\",\"@id\":\"https:\/\/vieassociative.be\/actualites\/#\/schema\/logo\/image\/\",\"url\":\"https:\/\/vieassociative.be\/actualites\/wp-content\/uploads\/2024\/09\/cropped-vieassociative_favicon.ico.png\",\"contentUrl\":\"https:\/\/vieassociative.be\/actualites\/wp-content\/uploads\/2024\/09\/cropped-vieassociative_favicon.ico.png\",\"width\":512,\"height\":512,\"caption\":\"Vie Associative\"},\"image\":{\"@id\":\"https:\/\/vieassociative.be\/actualites\/#\/schema\/logo\/image\/\"}},{\"@type\":\"Person\",\"@id\":\"https:\/\/vieassociative.be\/actualites\/#\/schema\/person\/b87ac4f82f9d4e7b7cec7395b679edc4\",\"name\":\"Julien\",\"image\":{\"@type\":\"ImageObject\",\"inLanguage\":\"fr-BE\",\"@id\":\"https:\/\/vieassociative.be\/actualites\/#\/schema\/person\/image\/\",\"url\":\"https:\/\/vieassociative.be\/actualites\/wp-content\/uploads\/2024\/09\/vie-associative-1-150x150.jpg\",\"contentUrl\":\"https:\/\/vieassociative.be\/actualites\/wp-content\/uploads\/2024\/09\/vie-associative-1-150x150.jpg\",\"caption\":\"Julien\"},\"description\":\"Je suis Julien, r\u00e9dacteur pour Vie Associative. Passionn\u00e9 par le monde associatif depuis plus de 10 ans, j'ai \u00e0 c\u0153ur de partager des histoires inspirantes et de mettre en lumi\u00e8re les initiatives locales. Mon objectif est de sensibiliser et d'encourager l'engagement communautaire \u00e0 travers mes articles.\",\"sameAs\":[\"https:\/\/vieassociative.be\/\"]}]}<\/script>\n<!-- \/ Yoast SEO plugin. -->","yoast_head_json":{"title":"Pogacar et Onepoel avant leur prochain duel - qui sera un champion du monde de v\u00e9lo au Rwanda? | Vie Associative","robots":{"index":"index","follow":"follow","max-snippet":"max-snippet:-1","max-image-preview":"max-image-preview:large","max-video-preview":"max-video-preview:-1"},"canonical":"https:\/\/vieassociative.be\/actualites\/pogacar-et-onepoel-avant-leur-prochain-duel-qui-sera-un-champion-du-monde-de-velo-au-rwanda\/","og_locale":"fr_FR","og_type":"article","og_title":"Pogacar et Onepoel avant leur prochain duel - qui sera un champion du monde de v\u00e9lo au Rwanda? | Vie Associative","og_description":"Lors de la Coupe du monde au Rwanda, le prochain starter des \u00e9toiles est imminent: Tadej Pogacar veut absolument faire faillite de sa prolongation contre","og_url":"https:\/\/vieassociative.be\/actualites\/pogacar-et-onepoel-avant-leur-prochain-duel-qui-sera-un-champion-du-monde-de-velo-au-rwanda\/","og_site_name":"Vie Associative","article_published_time":"2025-09-28T02:17:27+00:00","og_image":[{"width":279,"height":92,"url":"https:\/\/vieassociative.be\/actualites\/wp-content\/uploads\/2024\/09\/header_backgroundk-01-e1726694325946.png","type":"image\/png"}],"author":"Julien","twitter_card":"summary_large_image","twitter_misc":{"\u00c9crit par":"Julien","Dur\u00e9e de lecture est.":"4 minutes"},"schema":{"@context":"https:\/\/schema.org","@graph":[{"@type":"Article","@id":"https:\/\/vieassociative.be\/actualites\/pogacar-et-onepoel-avant-leur-prochain-duel-qui-sera-un-champion-du-monde-de-velo-au-rwanda\/#article","isPartOf":{"@id":"https:\/\/vieassociative.be\/actualites\/pogacar-et-onepoel-avant-leur-prochain-duel-qui-sera-un-champion-du-monde-de-velo-au-rwanda\/"},"author":{"name":"Julien","@id":"https:\/\/vieassociative.be\/actualites\/#\/schema\/person\/b87ac4f82f9d4e7b7cec7395b679edc4"},"headline":"Pogacar et Onepoel avant leur prochain duel &#8211; qui sera un champion du monde de v\u00e9lo au Rwanda?","datePublished":"2025-09-28T02:17:27+00:00","dateModified":"2025-09-28T02:17:27+00:00","mainEntityOfPage":{"@id":"https:\/\/vieassociative.be\/actualites\/pogacar-et-onepoel-avant-leur-prochain-duel-qui-sera-un-champion-du-monde-de-velo-au-rwanda\/"},"wordCount":858,"publisher":{"@id":"https:\/\/vieassociative.be\/actualites\/#organization"},"image":{"@id":"https:\/\/vieassociative.be\/actualites\/pogacar-et-onepoel-avant-leur-prochain-duel-qui-sera-un-champion-du-monde-de-velo-au-rwanda\/#primaryimage"},"thumbnailUrl":"https:\/\/vieassociative.be\/actualites\/wp-content\/uploads\/2025\/09\/1759025848_Pogacar-et-Onepoel-avant-leur-prochain-duel-qui-sera.jpg","keywords":["avant","champion","duel","leur","monde","Onepoel","Pogacar","prochain","qui","Rwanda","sera","v\u00e9lo"],"articleSection":["Belgique"],"inLanguage":"fr-BE"},{"@type":"WebPage","@id":"https:\/\/vieassociative.be\/actualites\/pogacar-et-onepoel-avant-leur-prochain-duel-qui-sera-un-champion-du-monde-de-velo-au-rwanda\/","url":"https:\/\/vieassociative.be\/actualites\/pogacar-et-onepoel-avant-leur-prochain-duel-qui-sera-un-champion-du-monde-de-velo-au-rwanda\/","name":"Pogacar et Onepoel avant leur prochain duel - qui sera un champion du monde de v\u00e9lo au Rwanda? | Vie Associative","isPartOf":{"@id":"https:\/\/vieassociative.be\/actualites\/#website"},"primaryImageOfPage":{"@id":"https:\/\/vieassociative.be\/actualites\/pogacar-et-onepoel-avant-leur-prochain-duel-qui-sera-un-champion-du-monde-de-velo-au-rwanda\/#primaryimage"},"image":{"@id":"https:\/\/vieassociative.be\/actualites\/pogacar-et-onepoel-avant-leur-prochain-duel-qui-sera-un-champion-du-monde-de-velo-au-rwanda\/#primaryimage"},"thumbnailUrl":"https:\/\/vieassociative.be\/actualites\/wp-content\/uploads\/2025\/09\/1759025848_Pogacar-et-Onepoel-avant-leur-prochain-duel-qui-sera.jpg","datePublished":"2025-09-28T02:17:27+00:00","dateModified":"2025-09-28T02:17:27+00:00","breadcrumb":{"@id":"https:\/\/vieassociative.be\/actualites\/pogacar-et-onepoel-avant-leur-prochain-duel-qui-sera-un-champion-du-monde-de-velo-au-rwanda\/#breadcrumb"},"inLanguage":"fr-BE","potentialAction":[{"@type":"ReadAction","target":["https:\/\/vieassociative.be\/actualites\/pogacar-et-onepoel-avant-leur-prochain-duel-qui-sera-un-champion-du-monde-de-velo-au-rwanda\/"]}]},{"@type":"ImageObject","inLanguage":"fr-BE","@id":"https:\/\/vieassociative.be\/actualites\/pogacar-et-onepoel-avant-leur-prochain-duel-qui-sera-un-champion-du-monde-de-velo-au-rwanda\/#primaryimage","url":"https:\/\/vieassociative.be\/actualites\/wp-content\/uploads\/2025\/09\/1759025848_Pogacar-et-Onepoel-avant-leur-prochain-duel-qui-sera.jpg","contentUrl":"https:\/\/vieassociative.be\/actualites\/wp-content\/uploads\/2025\/09\/1759025848_Pogacar-et-Onepoel-avant-leur-prochain-duel-qui-sera.jpg","width":1200,"height":800,"caption":"Pogacar et Onepoel avant leur prochain duel - qui sera un champion du monde de v\u00e9lo au Rwanda?"},{"@type":"BreadcrumbList","@id":"https:\/\/vieassociative.be\/actualites\/pogacar-et-onepoel-avant-leur-prochain-duel-qui-sera-un-champion-du-monde-de-velo-au-rwanda\/#breadcrumb","itemListElement":[{"@type":"ListItem","position":1,"name":"Accueil","item":"https:\/\/vieassociative.be\/actualites\/"},{"@type":"ListItem","position":2,"name":"Pogacar et Onepoel avant leur prochain duel &#8211; qui sera un champion du monde de v\u00e9lo au Rwanda?"}]},{"@type":"WebSite","@id":"https:\/\/vieassociative.be\/actualites\/#website","url":"https:\/\/vieassociative.be\/actualites\/","name":"Vie Associative","description":"","publisher":{"@id":"https:\/\/vieassociative.be\/actualites\/#organization"},"potentialAction":[{"@type":"SearchAction","target":{"@type":"EntryPoint","urlTemplate":"https:\/\/vieassociative.be\/actualites\/?s={search_term_string}"},"query-input":{"@type":"PropertyValueSpecification","valueRequired":true,"valueName":"search_term_string"}}],"inLanguage":"fr-BE"},{"@type":"Organization","@id":"https:\/\/vieassociative.be\/actualites\/#organization","name":"Vie Associative","url":"https:\/\/vieassociative.be\/actualites\/","logo":{"@type":"ImageObject","inLanguage":"fr-BE","@id":"https:\/\/vieassociative.be\/actualites\/#\/schema\/logo\/image\/","url":"https:\/\/vieassociative.be\/actualites\/wp-content\/uploads\/2024\/09\/cropped-vieassociative_favicon.ico.png","contentUrl":"https:\/\/vieassociative.be\/actualites\/wp-content\/uploads\/2024\/09\/cropped-vieassociative_favicon.ico.png","width":512,"height":512,"caption":"Vie Associative"},"image":{"@id":"https:\/\/vieassociative.be\/actualites\/#\/schema\/logo\/image\/"}},{"@type":"Person","@id":"https:\/\/vieassociative.be\/actualites\/#\/schema\/person\/b87ac4f82f9d4e7b7cec7395b679edc4","name":"Julien","image":{"@type":"ImageObject","inLanguage":"fr-BE","@id":"https:\/\/vieassociative.be\/actualites\/#\/schema\/person\/image\/","url":"https:\/\/vieassociative.be\/actualites\/wp-content\/uploads\/2024\/09\/vie-associative-1-150x150.jpg","contentUrl":"https:\/\/vieassociative.be\/actualites\/wp-content\/uploads\/2024\/09\/vie-associative-1-150x150.jpg","caption":"Julien"},"description":"Je suis Julien, r\u00e9dacteur pour Vie Associative. Passionn\u00e9 par le monde associatif depuis plus de 10 ans, j'ai \u00e0 c\u0153ur de partager des histoires inspirantes et de mettre en lumi\u00e8re les initiatives locales. Mon objectif est de sensibiliser et d'encourager l'engagement communautaire \u00e0 travers mes articles.","sameAs":["https:\/\/vieassociative.be\/"]}]}},"_links":{"self":[{"href":"https:\/\/vieassociative.be\/actualites\/wp-json\/wp\/v2\/posts\/10303"}],"collection":[{"href":"https:\/\/vieassociative.be\/actualites\/wp-json\/wp\/v2\/posts"}],"about":[{"href":"https:\/\/vieassociative.be\/actualites\/wp-json\/wp\/v2\/types\/post"}],"author":[{"embeddable":true,"href":"https:\/\/vieassociative.be\/actualites\/wp-json\/wp\/v2\/users\/1"}],"replies":[{"embeddable":true,"href":"https:\/\/vieassociative.be\/actualites\/wp-json\/wp\/v2\/comments?post=10303"}],"version-history":[{"count":0,"href":"https:\/\/vieassociative.be\/actualites\/wp-json\/wp\/v2\/posts\/10303\/revisions"}],"wp:featuredmedia":[{"embeddable":true,"href":"https:\/\/vieassociative.be\/actualites\/wp-json\/wp\/v2\/media\/10304"}],"wp:attachment":[{"href":"https:\/\/vieassociative.be\/actualites\/wp-json\/wp\/v2\/media?parent=10303"}],"wp:term":[{"taxonomy":"category","embeddable":true,"href":"https:\/\/vieassociative.be\/actualites\/wp-json\/wp\/v2\/categories?post=10303"},{"taxonomy":"post_tag","embeddable":true,"href":"https:\/\/vieassociative.be\/actualites\/wp-json\/wp\/v2\/tags?post=10303"}],"curies":[{"name":"wp","href":"https:\/\/api.w.org\/{rel}","templated":true}]}}