{"id":10301,"date":"2025-09-28T03:17:28","date_gmt":"2025-09-28T01:17:28","guid":{"rendered":"https:\/\/vieassociative.be\/actualites\/ce-vide-vadrouille-du-robot-eufy-est-de-pres-de-50-de-reduction-en-ce-moment\/"},"modified":"2025-09-28T03:17:28","modified_gmt":"2025-09-28T01:17:28","slug":"ce-vide-vadrouille-du-robot-eufy-est-de-pres-de-50-de-reduction-en-ce-moment","status":"publish","type":"post","link":"https:\/\/vieassociative.be\/actualites\/ce-vide-vadrouille-du-robot-eufy-est-de-pres-de-50-de-reduction-en-ce-moment\/","title":{"rendered":"Ce vide \/ vadrouille du robot eufy est de pr\u00e8s de 50% de r\u00e9duction en ce moment"},"content":{"rendered":"<div class=\"mt-4 leading-6 md:mb-8\">Une vadrouille et un aspirateur de robot qui offrent une automatisation mains libres et une aspiration 7 000 pa pour moins de 400 $.<\/div>\n<p><\/p>\n<p><em>Saviez-vous que vous pouvez personnaliser Google pour filtrer les ordures? Prendre ces \u00e9tapes<\/em><em> Pour de meilleurs r\u00e9sultats de recherche, notamment l&rsquo;ajout de Vie Associative comme source pr\u00e9f\u00e9r\u00e9e pour les nouvelles technologiques<\/em><em>.<\/em><\/p>\n<hr>\n<p>Si vous \u00eates sur le march\u00e9 pour un mod\u00e8le de milieu de gamme solide qui s&rsquo;aspire, les vadrouilles et a de nombreuses fonctionnalit\u00e9s de nettoyage mains libres, le robot Eufy Vacuum + Mop Omni C20 est une excellente option, et il est actuellement 46% sur Amazon, marquant son prix le plus bas jamais selon les outils de suivi des prix. <\/p>\n<div class=\"pogoClear mb-12 mt-10 rounded-md border-2 border-gray-100 py-7 shadow-xl md:py-6\">\n<div class=\"flex flex-wrap justify-between px-7 text-black no-underline md:flex-nowrap md:px-8\">\n<div class=\"order-1 mx-auto flex flex-col justify-center md:order-2 md:ml-4 md:w-full md:grow\">\n<div class=\"block cursor-pointer text-center font-akshar text-2xl font-medium leading-7 text-brand-green duration-200 ease-in-out hover:text-brand-green-700 md:text-left md:text-xl md:leading-6\">Vide du robot Eufy + MOP OMNI C20\n                <\/div>\n<div class=\"mt-4 hidden md:flex md:justify-between\">\n<div class=\"self-end\">\n<div class=\"mb-0 h-11 md:flex md:flex-col md:justify-center\">\n<div class=\" font-sans leading-4 text-black\">\n<div class=\"flex flex-wrap items-center justify-center gap-1 md:justify-start\">\n        <span class=\"font-bold\"><\/p>\n<p>            379,99 $<br \/>\n                            <span class=\"font-medium\">\u00e0 Amazon<\/span><br \/>\n                    <\/span>\n            <\/div>\n<div class=\"flex items-center justify-center gap-x-1 font-bold md:justify-start\">\n            <span class=\"text-sm line-through\">699,99 $<\/span><br \/>\n            <span class=\"text-sm text-brand-green\">\u00c9conomisez 320,00 $<\/span>\n        <\/div>\n<\/p><\/div>\n<\/p><\/div>\n<\/p><\/div>\n<div class=\"w-44 self-end\">\n                            <button class=\"flex justify-center items-center w-full bg-brand-green text-white text-base font-sans font-medium rounded-md hover:bg-brand-green-700 hover:cursor-pointer md:text-sm h-11\"><\/p>\n<p>    Conclure un accord<br \/>\n<\/button>\n                        <\/div>\n<\/p><\/div>\n<\/p><\/div>\n<div class=\"order-2 mt-5 h-auto w-full md:order-1 md:mt-0 md:hidden\">\n<div class=\"flex aspect-video items-center justify-center\">\n                                            <img decoding=\"async\" class=\"m-0 max-h-full max-w-full rounded-md\" src=\"https:\/\/vieassociative.be\/actualites\/wp-content\/uploads\/2025\/09\/Ce-vide-vadrouille-du-robot-eufy-est-de-pres.jpg\" alt=\"Vide du robot Eufy + MOP OMNI C20\" width=\"auto\" height=\"auto\" loading=\"lazy\">\n                                    <\/div>\n<\/p><\/div>\n<div class=\"order-2 ml-2 hidden w-32 shrink-0 items-center md:order-1 md:ml-0 md:flex\">\n<div class=\"flex aspect-video items-center justify-center\">\n                                            <img decoding=\"async\" class=\"m-0 max-h-full max-w-full rounded-md\" src=\"https:\/\/vieassociative.be\/actualites\/wp-content\/uploads\/2025\/09\/Ce-vide-vadrouille-du-robot-eufy-est-de-pres.jpg\" alt=\"Vide du robot Eufy + MOP OMNI C20\" width=\"auto\" height=\"auto\" loading=\"lazy\">\n                                    <\/div>\n<\/p><\/div>\n<div class=\"order-3 flex grow flex-wrap md:hidden md:grow-0\">\n<div class=\"mt-4 w-full\">\n                        <button class=\"flex justify-center items-center w-full bg-brand-green text-white text-base font-sans font-medium rounded-md hover:bg-brand-green-700 hover:cursor-pointer md:text-sm h-11\"><\/p>\n<p>    Conclure un accord<br \/>\n<\/button>\n                    <\/div>\n<div class=\"mx-2 mt-4 w-full\">\n<div class=\" font-sans leading-4 text-black\">\n<div class=\"flex flex-wrap items-center justify-center gap-1 md:justify-start\">\n        <span class=\"font-bold\"><\/p>\n<p>            379,99 $<br \/>\n                            <span class=\"font-medium\">\u00e0 Amazon<\/span><br \/>\n                    <\/span>\n            <\/div>\n<div class=\"flex items-center justify-center gap-x-1 font-bold md:justify-start\">\n            <span class=\"text-sm line-through\">699,99 $<\/span><br \/>\n            <span class=\"text-sm text-brand-green\">\u00c9conomisez 320,00 $<\/span>\n        <\/div>\n<\/p><\/div>\n<\/p><\/div>\n<\/p><\/div>\n<\/p><\/div>\n<\/div>\n<p>L&rsquo;Omni C20 a une poubelle auto-vide, et bien que les t\u00eates de vadrouille ne soient pas lav\u00e9es \u00e0 l&rsquo;eau chaude, ils <em>sont<\/em> nettoy\u00e9s automatiquement et s\u00e9ch\u00e9s avec de l&rsquo;air \u00e0 temp\u00e9rature ambiante. Cela rend le processus de nettoyage \u00e0 faible entretien, mais cela prend un peu plus de temps que les syst\u00e8mes de s\u00e9chage chauff\u00e9. Il dispose de deux coussinets de vadrouille rotatifs avec 180 rotations par minute et 6N de pression, tandis que la fonction de vide offre une aspiration de 7 000 pa avec une brosse roulante et une brosse lat\u00e9rale qui ramasse mieux les d\u00e9bris, la fourrure et les miettes. Alors que 7000PA fonctionne bien pour un usage quotidien, il peut ne pas reprendre la salet\u00e9 et les d\u00e9bris int\u00e9gr\u00e9s sur la moquette aussi efficacement, n\u00e9cessitant parfois plusieurs passes. Pourtant, il est consid\u00e9r\u00e9 comme l&rsquo;un des meilleurs vadrouilles de robot de 2025, selon PCMAG.<\/p>\n<p>Il ne prend en charge que 2,4 GHz WiFi, et bien que la dur\u00e9e de vie de la batterie soit annonc\u00e9e \u00e0 environ 132 minutes sur une seule charge, il re\u00e7oit des critiques mitig\u00e9es sur Amazon. Certains utilisateurs disent qu&rsquo;il a besoin d&rsquo;une charge plus fr\u00e9quente par rapport \u00e0 des marques comme Drene, et prend \u00e9galement plus de temps \u00e0 recharger (environ trois heures). Cependant, contrairement \u00e0 Drenee et \u00e0 certains autres concurrents, la hauteur mince du C20 de 3,35 pouces lui permet de s&rsquo;adapter sous des meubles \u00e0 profil bas et de vous lancer dans des espaces restreints, vous n&rsquo;avez donc pas \u00e0 lutter pour atteindre manuellement des endroits difficiles comme sous les lits et les canap\u00e9s.<\/p>\n<p>En fin de compte, si vous recherchez un aspirateur de robot inf\u00e9rieur \u00e0 400 $ qui se d\u00e9pla\u00e7ait \u00e9galement, votre maison a principalement des planchers durs avec un faible encombrement, et vous cherchez la commodit\u00e9 de l&rsquo;automatisation sur des performances de haut niveau et des fonctionnalit\u00e9s de l&rsquo;IA, le vide du robot Eufy + MOP OMNI C20 est une option solide.<\/p>\n","protected":false},"excerpt":{"rendered":"<p>Une vadrouille et un aspirateur de robot qui offrent une automatisation mains libres et une aspiration 7 000 pa pour moins de 400 $. Saviez-vous<\/p>\n","protected":false},"author":1,"featured_media":10302,"comment_status":"","ping_status":"","sticky":false,"template":"","format":"standard","meta":{"footnotes":""},"categories":[13],"tags":[76,8585,1429,1750,308,1385,1387,2686],"class_list":["post-10301","post","type-post","status-publish","format-standard","has-post-thumbnail","hentry","category-technologie","tag-est","tag-eufy","tag-moment","tag-pres","tag-reduction","tag-robot","tag-vadrouille","tag-vide","generate-columns","tablet-grid-50","mobile-grid-100","grid-parent","grid-33"],"yoast_head":"<!-- This site is optimized with the Yoast SEO plugin v24.0 - https:\/\/yoast.com\/wordpress\/plugins\/seo\/ -->\n<title>Ce vide \/ vadrouille du robot eufy est de pr\u00e8s de 50% de r\u00e9duction en ce moment | Vie Associative<\/title>\n<meta name=\"robots\" content=\"index, follow, max-snippet:-1, max-image-preview:large, max-video-preview:-1\" \/>\n<link rel=\"canonical\" href=\"https:\/\/vieassociative.be\/actualites\/ce-vide-vadrouille-du-robot-eufy-est-de-pres-de-50-de-reduction-en-ce-moment\/\" \/>\n<meta property=\"og:locale\" content=\"fr_FR\" \/>\n<meta property=\"og:type\" content=\"article\" \/>\n<meta property=\"og:title\" content=\"Ce vide \/ vadrouille du robot eufy est de pr\u00e8s de 50% de r\u00e9duction en ce moment | Vie Associative\" \/>\n<meta property=\"og:description\" content=\"Une vadrouille et un aspirateur de robot qui offrent une automatisation mains libres et une aspiration 7 000 pa pour moins de 400 $. Saviez-vous\" \/>\n<meta property=\"og:url\" content=\"https:\/\/vieassociative.be\/actualites\/ce-vide-vadrouille-du-robot-eufy-est-de-pres-de-50-de-reduction-en-ce-moment\/\" \/>\n<meta property=\"og:site_name\" content=\"Vie Associative\" \/>\n<meta property=\"article:published_time\" content=\"2025-09-28T01:17:28+00:00\" \/>\n<meta property=\"og:image\" content=\"https:\/\/vieassociative.be\/actualites\/wp-content\/uploads\/2025\/09\/Ce-vide-vadrouille-du-robot-eufy-est-de-pres.jpg\" \/>\n<meta name=\"author\" content=\"Julien\" \/>\n<meta name=\"twitter:card\" content=\"summary_large_image\" \/>\n<meta name=\"twitter:label1\" content=\"\u00c9crit par\" \/>\n\t<meta name=\"twitter:data1\" content=\"Julien\" \/>\n\t<meta name=\"twitter:label2\" content=\"Dur\u00e9e de lecture est.\" \/>\n\t<meta name=\"twitter:data2\" content=\"2 minutes\" \/>\n<script type=\"application\/ld+json\" class=\"yoast-schema-graph\">{\"@context\":\"https:\/\/schema.org\",\"@graph\":[{\"@type\":\"Article\",\"@id\":\"https:\/\/vieassociative.be\/actualites\/ce-vide-vadrouille-du-robot-eufy-est-de-pres-de-50-de-reduction-en-ce-moment\/#article\",\"isPartOf\":{\"@id\":\"https:\/\/vieassociative.be\/actualites\/ce-vide-vadrouille-du-robot-eufy-est-de-pres-de-50-de-reduction-en-ce-moment\/\"},\"author\":{\"name\":\"Julien\",\"@id\":\"https:\/\/vieassociative.be\/actualites\/#\/schema\/person\/b87ac4f82f9d4e7b7cec7395b679edc4\"},\"headline\":\"Ce vide \/ vadrouille du robot eufy est de pr\u00e8s de 50% de r\u00e9duction en ce moment\",\"datePublished\":\"2025-09-28T01:17:28+00:00\",\"dateModified\":\"2025-09-28T01:17:28+00:00\",\"mainEntityOfPage\":{\"@id\":\"https:\/\/vieassociative.be\/actualites\/ce-vide-vadrouille-du-robot-eufy-est-de-pres-de-50-de-reduction-en-ce-moment\/\"},\"wordCount\":491,\"publisher\":{\"@id\":\"https:\/\/vieassociative.be\/actualites\/#organization\"},\"image\":{\"@id\":\"https:\/\/vieassociative.be\/actualites\/ce-vide-vadrouille-du-robot-eufy-est-de-pres-de-50-de-reduction-en-ce-moment\/#primaryimage\"},\"thumbnailUrl\":\"https:\/\/vieassociative.be\/actualites\/wp-content\/uploads\/2025\/09\/Ce-vide-vadrouille-du-robot-eufy-est-de-pres.png\",\"keywords\":[\"est\",\"EUFY\",\"moment\",\"pr\u00e8s\",\"r\u00e9duction\",\"robot\",\"vadrouille\",\"vide\"],\"articleSection\":[\"Technologie\"],\"inLanguage\":\"fr-BE\"},{\"@type\":\"WebPage\",\"@id\":\"https:\/\/vieassociative.be\/actualites\/ce-vide-vadrouille-du-robot-eufy-est-de-pres-de-50-de-reduction-en-ce-moment\/\",\"url\":\"https:\/\/vieassociative.be\/actualites\/ce-vide-vadrouille-du-robot-eufy-est-de-pres-de-50-de-reduction-en-ce-moment\/\",\"name\":\"Ce vide \/ vadrouille du robot eufy est de pr\u00e8s de 50% de r\u00e9duction en ce moment | Vie Associative\",\"isPartOf\":{\"@id\":\"https:\/\/vieassociative.be\/actualites\/#website\"},\"primaryImageOfPage\":{\"@id\":\"https:\/\/vieassociative.be\/actualites\/ce-vide-vadrouille-du-robot-eufy-est-de-pres-de-50-de-reduction-en-ce-moment\/#primaryimage\"},\"image\":{\"@id\":\"https:\/\/vieassociative.be\/actualites\/ce-vide-vadrouille-du-robot-eufy-est-de-pres-de-50-de-reduction-en-ce-moment\/#primaryimage\"},\"thumbnailUrl\":\"https:\/\/vieassociative.be\/actualites\/wp-content\/uploads\/2025\/09\/Ce-vide-vadrouille-du-robot-eufy-est-de-pres.png\",\"datePublished\":\"2025-09-28T01:17:28+00:00\",\"dateModified\":\"2025-09-28T01:17:28+00:00\",\"breadcrumb\":{\"@id\":\"https:\/\/vieassociative.be\/actualites\/ce-vide-vadrouille-du-robot-eufy-est-de-pres-de-50-de-reduction-en-ce-moment\/#breadcrumb\"},\"inLanguage\":\"fr-BE\",\"potentialAction\":[{\"@type\":\"ReadAction\",\"target\":[\"https:\/\/vieassociative.be\/actualites\/ce-vide-vadrouille-du-robot-eufy-est-de-pres-de-50-de-reduction-en-ce-moment\/\"]}]},{\"@type\":\"ImageObject\",\"inLanguage\":\"fr-BE\",\"@id\":\"https:\/\/vieassociative.be\/actualites\/ce-vide-vadrouille-du-robot-eufy-est-de-pres-de-50-de-reduction-en-ce-moment\/#primaryimage\",\"url\":\"https:\/\/vieassociative.be\/actualites\/wp-content\/uploads\/2025\/09\/Ce-vide-vadrouille-du-robot-eufy-est-de-pres.png\",\"contentUrl\":\"https:\/\/vieassociative.be\/actualites\/wp-content\/uploads\/2025\/09\/Ce-vide-vadrouille-du-robot-eufy-est-de-pres.png\",\"width\":1200,\"height\":675,\"caption\":\"Ce vide \/ vadrouille du robot eufy est de pr\u00e8s de 50% de r\u00e9duction en ce moment\"},{\"@type\":\"BreadcrumbList\",\"@id\":\"https:\/\/vieassociative.be\/actualites\/ce-vide-vadrouille-du-robot-eufy-est-de-pres-de-50-de-reduction-en-ce-moment\/#breadcrumb\",\"itemListElement\":[{\"@type\":\"ListItem\",\"position\":1,\"name\":\"Accueil\",\"item\":\"https:\/\/vieassociative.be\/actualites\/\"},{\"@type\":\"ListItem\",\"position\":2,\"name\":\"Ce vide \/ vadrouille du robot eufy est de pr\u00e8s de 50% de r\u00e9duction en ce moment\"}]},{\"@type\":\"WebSite\",\"@id\":\"https:\/\/vieassociative.be\/actualites\/#website\",\"url\":\"https:\/\/vieassociative.be\/actualites\/\",\"name\":\"Vie Associative\",\"description\":\"\",\"publisher\":{\"@id\":\"https:\/\/vieassociative.be\/actualites\/#organization\"},\"potentialAction\":[{\"@type\":\"SearchAction\",\"target\":{\"@type\":\"EntryPoint\",\"urlTemplate\":\"https:\/\/vieassociative.be\/actualites\/?s={search_term_string}\"},\"query-input\":{\"@type\":\"PropertyValueSpecification\",\"valueRequired\":true,\"valueName\":\"search_term_string\"}}],\"inLanguage\":\"fr-BE\"},{\"@type\":\"Organization\",\"@id\":\"https:\/\/vieassociative.be\/actualites\/#organization\",\"name\":\"Vie Associative\",\"url\":\"https:\/\/vieassociative.be\/actualites\/\",\"logo\":{\"@type\":\"ImageObject\",\"inLanguage\":\"fr-BE\",\"@id\":\"https:\/\/vieassociative.be\/actualites\/#\/schema\/logo\/image\/\",\"url\":\"https:\/\/vieassociative.be\/actualites\/wp-content\/uploads\/2024\/09\/cropped-vieassociative_favicon.ico.png\",\"contentUrl\":\"https:\/\/vieassociative.be\/actualites\/wp-content\/uploads\/2024\/09\/cropped-vieassociative_favicon.ico.png\",\"width\":512,\"height\":512,\"caption\":\"Vie Associative\"},\"image\":{\"@id\":\"https:\/\/vieassociative.be\/actualites\/#\/schema\/logo\/image\/\"}},{\"@type\":\"Person\",\"@id\":\"https:\/\/vieassociative.be\/actualites\/#\/schema\/person\/b87ac4f82f9d4e7b7cec7395b679edc4\",\"name\":\"Julien\",\"image\":{\"@type\":\"ImageObject\",\"inLanguage\":\"fr-BE\",\"@id\":\"https:\/\/vieassociative.be\/actualites\/#\/schema\/person\/image\/\",\"url\":\"https:\/\/vieassociative.be\/actualites\/wp-content\/uploads\/2024\/09\/vie-associative-1-150x150.jpg\",\"contentUrl\":\"https:\/\/vieassociative.be\/actualites\/wp-content\/uploads\/2024\/09\/vie-associative-1-150x150.jpg\",\"caption\":\"Julien\"},\"description\":\"Je suis Julien, r\u00e9dacteur pour Vie Associative. Passionn\u00e9 par le monde associatif depuis plus de 10 ans, j'ai \u00e0 c\u0153ur de partager des histoires inspirantes et de mettre en lumi\u00e8re les initiatives locales. Mon objectif est de sensibiliser et d'encourager l'engagement communautaire \u00e0 travers mes articles.\",\"sameAs\":[\"https:\/\/vieassociative.be\/\"]}]}<\/script>\n<!-- \/ Yoast SEO plugin. -->","yoast_head_json":{"title":"Ce vide \/ vadrouille du robot eufy est de pr\u00e8s de 50% de r\u00e9duction en ce moment | Vie Associative","robots":{"index":"index","follow":"follow","max-snippet":"max-snippet:-1","max-image-preview":"max-image-preview:large","max-video-preview":"max-video-preview:-1"},"canonical":"https:\/\/vieassociative.be\/actualites\/ce-vide-vadrouille-du-robot-eufy-est-de-pres-de-50-de-reduction-en-ce-moment\/","og_locale":"fr_FR","og_type":"article","og_title":"Ce vide \/ vadrouille du robot eufy est de pr\u00e8s de 50% de r\u00e9duction en ce moment | Vie Associative","og_description":"Une vadrouille et un aspirateur de robot qui offrent une automatisation mains libres et une aspiration 7 000 pa pour moins de 400 $. Saviez-vous","og_url":"https:\/\/vieassociative.be\/actualites\/ce-vide-vadrouille-du-robot-eufy-est-de-pres-de-50-de-reduction-en-ce-moment\/","og_site_name":"Vie Associative","article_published_time":"2025-09-28T01:17:28+00:00","og_image":[{"url":"https:\/\/vieassociative.be\/actualites\/wp-content\/uploads\/2025\/09\/Ce-vide-vadrouille-du-robot-eufy-est-de-pres.jpg","type":"","width":"","height":""}],"author":"Julien","twitter_card":"summary_large_image","twitter_misc":{"\u00c9crit par":"Julien","Dur\u00e9e de lecture est.":"2 minutes"},"schema":{"@context":"https:\/\/schema.org","@graph":[{"@type":"Article","@id":"https:\/\/vieassociative.be\/actualites\/ce-vide-vadrouille-du-robot-eufy-est-de-pres-de-50-de-reduction-en-ce-moment\/#article","isPartOf":{"@id":"https:\/\/vieassociative.be\/actualites\/ce-vide-vadrouille-du-robot-eufy-est-de-pres-de-50-de-reduction-en-ce-moment\/"},"author":{"name":"Julien","@id":"https:\/\/vieassociative.be\/actualites\/#\/schema\/person\/b87ac4f82f9d4e7b7cec7395b679edc4"},"headline":"Ce vide \/ vadrouille du robot eufy est de pr\u00e8s de 50% de r\u00e9duction en ce moment","datePublished":"2025-09-28T01:17:28+00:00","dateModified":"2025-09-28T01:17:28+00:00","mainEntityOfPage":{"@id":"https:\/\/vieassociative.be\/actualites\/ce-vide-vadrouille-du-robot-eufy-est-de-pres-de-50-de-reduction-en-ce-moment\/"},"wordCount":491,"publisher":{"@id":"https:\/\/vieassociative.be\/actualites\/#organization"},"image":{"@id":"https:\/\/vieassociative.be\/actualites\/ce-vide-vadrouille-du-robot-eufy-est-de-pres-de-50-de-reduction-en-ce-moment\/#primaryimage"},"thumbnailUrl":"https:\/\/vieassociative.be\/actualites\/wp-content\/uploads\/2025\/09\/Ce-vide-vadrouille-du-robot-eufy-est-de-pres.png","keywords":["est","EUFY","moment","pr\u00e8s","r\u00e9duction","robot","vadrouille","vide"],"articleSection":["Technologie"],"inLanguage":"fr-BE"},{"@type":"WebPage","@id":"https:\/\/vieassociative.be\/actualites\/ce-vide-vadrouille-du-robot-eufy-est-de-pres-de-50-de-reduction-en-ce-moment\/","url":"https:\/\/vieassociative.be\/actualites\/ce-vide-vadrouille-du-robot-eufy-est-de-pres-de-50-de-reduction-en-ce-moment\/","name":"Ce vide \/ vadrouille du robot eufy est de pr\u00e8s de 50% de r\u00e9duction en ce moment | Vie Associative","isPartOf":{"@id":"https:\/\/vieassociative.be\/actualites\/#website"},"primaryImageOfPage":{"@id":"https:\/\/vieassociative.be\/actualites\/ce-vide-vadrouille-du-robot-eufy-est-de-pres-de-50-de-reduction-en-ce-moment\/#primaryimage"},"image":{"@id":"https:\/\/vieassociative.be\/actualites\/ce-vide-vadrouille-du-robot-eufy-est-de-pres-de-50-de-reduction-en-ce-moment\/#primaryimage"},"thumbnailUrl":"https:\/\/vieassociative.be\/actualites\/wp-content\/uploads\/2025\/09\/Ce-vide-vadrouille-du-robot-eufy-est-de-pres.png","datePublished":"2025-09-28T01:17:28+00:00","dateModified":"2025-09-28T01:17:28+00:00","breadcrumb":{"@id":"https:\/\/vieassociative.be\/actualites\/ce-vide-vadrouille-du-robot-eufy-est-de-pres-de-50-de-reduction-en-ce-moment\/#breadcrumb"},"inLanguage":"fr-BE","potentialAction":[{"@type":"ReadAction","target":["https:\/\/vieassociative.be\/actualites\/ce-vide-vadrouille-du-robot-eufy-est-de-pres-de-50-de-reduction-en-ce-moment\/"]}]},{"@type":"ImageObject","inLanguage":"fr-BE","@id":"https:\/\/vieassociative.be\/actualites\/ce-vide-vadrouille-du-robot-eufy-est-de-pres-de-50-de-reduction-en-ce-moment\/#primaryimage","url":"https:\/\/vieassociative.be\/actualites\/wp-content\/uploads\/2025\/09\/Ce-vide-vadrouille-du-robot-eufy-est-de-pres.png","contentUrl":"https:\/\/vieassociative.be\/actualites\/wp-content\/uploads\/2025\/09\/Ce-vide-vadrouille-du-robot-eufy-est-de-pres.png","width":1200,"height":675,"caption":"Ce vide \/ vadrouille du robot eufy est de pr\u00e8s de 50% de r\u00e9duction en ce moment"},{"@type":"BreadcrumbList","@id":"https:\/\/vieassociative.be\/actualites\/ce-vide-vadrouille-du-robot-eufy-est-de-pres-de-50-de-reduction-en-ce-moment\/#breadcrumb","itemListElement":[{"@type":"ListItem","position":1,"name":"Accueil","item":"https:\/\/vieassociative.be\/actualites\/"},{"@type":"ListItem","position":2,"name":"Ce vide \/ vadrouille du robot eufy est de pr\u00e8s de 50% de r\u00e9duction en ce moment"}]},{"@type":"WebSite","@id":"https:\/\/vieassociative.be\/actualites\/#website","url":"https:\/\/vieassociative.be\/actualites\/","name":"Vie Associative","description":"","publisher":{"@id":"https:\/\/vieassociative.be\/actualites\/#organization"},"potentialAction":[{"@type":"SearchAction","target":{"@type":"EntryPoint","urlTemplate":"https:\/\/vieassociative.be\/actualites\/?s={search_term_string}"},"query-input":{"@type":"PropertyValueSpecification","valueRequired":true,"valueName":"search_term_string"}}],"inLanguage":"fr-BE"},{"@type":"Organization","@id":"https:\/\/vieassociative.be\/actualites\/#organization","name":"Vie Associative","url":"https:\/\/vieassociative.be\/actualites\/","logo":{"@type":"ImageObject","inLanguage":"fr-BE","@id":"https:\/\/vieassociative.be\/actualites\/#\/schema\/logo\/image\/","url":"https:\/\/vieassociative.be\/actualites\/wp-content\/uploads\/2024\/09\/cropped-vieassociative_favicon.ico.png","contentUrl":"https:\/\/vieassociative.be\/actualites\/wp-content\/uploads\/2024\/09\/cropped-vieassociative_favicon.ico.png","width":512,"height":512,"caption":"Vie Associative"},"image":{"@id":"https:\/\/vieassociative.be\/actualites\/#\/schema\/logo\/image\/"}},{"@type":"Person","@id":"https:\/\/vieassociative.be\/actualites\/#\/schema\/person\/b87ac4f82f9d4e7b7cec7395b679edc4","name":"Julien","image":{"@type":"ImageObject","inLanguage":"fr-BE","@id":"https:\/\/vieassociative.be\/actualites\/#\/schema\/person\/image\/","url":"https:\/\/vieassociative.be\/actualites\/wp-content\/uploads\/2024\/09\/vie-associative-1-150x150.jpg","contentUrl":"https:\/\/vieassociative.be\/actualites\/wp-content\/uploads\/2024\/09\/vie-associative-1-150x150.jpg","caption":"Julien"},"description":"Je suis Julien, r\u00e9dacteur pour Vie Associative. Passionn\u00e9 par le monde associatif depuis plus de 10 ans, j'ai \u00e0 c\u0153ur de partager des histoires inspirantes et de mettre en lumi\u00e8re les initiatives locales. Mon objectif est de sensibiliser et d'encourager l'engagement communautaire \u00e0 travers mes articles.","sameAs":["https:\/\/vieassociative.be\/"]}]}},"_links":{"self":[{"href":"https:\/\/vieassociative.be\/actualites\/wp-json\/wp\/v2\/posts\/10301"}],"collection":[{"href":"https:\/\/vieassociative.be\/actualites\/wp-json\/wp\/v2\/posts"}],"about":[{"href":"https:\/\/vieassociative.be\/actualites\/wp-json\/wp\/v2\/types\/post"}],"author":[{"embeddable":true,"href":"https:\/\/vieassociative.be\/actualites\/wp-json\/wp\/v2\/users\/1"}],"replies":[{"embeddable":true,"href":"https:\/\/vieassociative.be\/actualites\/wp-json\/wp\/v2\/comments?post=10301"}],"version-history":[{"count":0,"href":"https:\/\/vieassociative.be\/actualites\/wp-json\/wp\/v2\/posts\/10301\/revisions"}],"wp:featuredmedia":[{"embeddable":true,"href":"https:\/\/vieassociative.be\/actualites\/wp-json\/wp\/v2\/media\/10302"}],"wp:attachment":[{"href":"https:\/\/vieassociative.be\/actualites\/wp-json\/wp\/v2\/media?parent=10301"}],"wp:term":[{"taxonomy":"category","embeddable":true,"href":"https:\/\/vieassociative.be\/actualites\/wp-json\/wp\/v2\/categories?post=10301"},{"taxonomy":"post_tag","embeddable":true,"href":"https:\/\/vieassociative.be\/actualites\/wp-json\/wp\/v2\/tags?post=10301"}],"curies":[{"name":"wp","href":"https:\/\/api.w.org\/{rel}","templated":true}]}}