{"id":10299,"date":"2025-09-27T22:17:10","date_gmt":"2025-09-27T20:17:10","guid":{"rendered":"https:\/\/vieassociative.be\/actualites\/alors-que-eupen-perd-le-jeu-cle-a-kv-kortrijk-0-1\/"},"modified":"2025-09-27T22:17:10","modified_gmt":"2025-09-27T20:17:10","slug":"alors-que-eupen-perd-le-jeu-cle-a-kv-kortrijk-0-1","status":"publish","type":"post","link":"https:\/\/vieassociative.be\/actualites\/alors-que-eupen-perd-le-jeu-cle-a-kv-kortrijk-0-1\/","title":{"rendered":"Alors que Eupen perd le jeu cl\u00e9 \u00e0 KV Kortrijk 0: 1"},"content":{"rendered":"<p><strong>L&rsquo;As Eupen n&rsquo;a pas r\u00e9ussi le test d&rsquo;endurance dans les coureurs de table -up. Le noir et blanc a perdu 0-1 samedi \u00e0 KV Kortrijk.<\/strong><\/p>\n<p><span id=\"more-425677\"><\/span>Pour le match \u00e0 la table, en tant qu&rsquo;entra\u00eeneur Pinheiro, cette \u00e9quipe \u00e9tait sur le terrain pendant la semaine dans le spectaculaire 3: 3 apr\u00e8s l&rsquo;\u00e9chec de Bus Quets. En cons\u00e9quence, le onze de d\u00e9part de l&rsquo;est de la Belge jouant en noir cette fois semblait: Hiller-Van Genecht, Paeshuyse, Plastun, Gavory-Bar\u00e8s, M\u00f6hwald, M\u00fcllm, Delaurier-Chaubet-Tteri, Nuhu.<\/p>\n<p>\u00c0 Kortrijk, l&rsquo;As a rencontr\u00e9 une vieille connaissance: son ancien capitaine Boris Lambert a d\u00e9m\u00e9nag\u00e9 \u00e0 Kortrijk aux Pays-Bas apr\u00e8s une ann\u00e9e difficile aux Pays-Bas et a \u00e9t\u00e9 dans la formation initiale de West Flaming.<\/p>\n<div id=\"attachment_399861\" class=\"wp-caption alignleft\" style=\"max-width: 300px\"><img fetchpriority=\"high\" decoding=\"async\" class=\"wp-image-399861 size-medium\" src=\"https:\/\/vieassociative.be\/actualites\/wp-content\/uploads\/2024\/12\/Defaite-34-lAS-Eupen-sest-reveille-trop-tard.jpg\" alt=\"\" width=\"300\" height=\"200\"  ><\/div>\n<p>Comme mentionn\u00e9 dans le rapport pr\u00e9liminaire, il s&rsquo;agissait du 33e jeu comp\u00e9titif entre les \u00ab\u00a0kerels\u00a0\u00bb de Kortrijk et les \u00ab\u00a0Pandas\u00a0\u00bb d&rsquo;Eupen. Du point de vue d&rsquo;Eupen avant le coup de pied -off: 9 victoires, 11 nuls et 12 d\u00e9faites. La derni\u00e8re d\u00e9faite de la Guldensporenstadion de Kortrijk le 5 mai 2024 a \u00e9t\u00e9 particuli\u00e8rement am\u00e8re pour AS, car elle a scell\u00e9 la descente du noir et blanc de la Jupil Pro League.<\/p>\n<p>Quelques secondes (!) Apr\u00e8s le coup de pied -off, l&rsquo;attaquant d&rsquo;Eupen Atteri a d\u00e9j\u00e0 vu le carton jaune. Ce n&rsquo;est pas pour la premi\u00e8re fois que l&rsquo;ancien attaquant du FC Li\u00e8ge dans la phase initiale est averti par l&rsquo;arbitre en raison d&rsquo;un aper\u00e7u.<\/p>\n<p>Peu de temps apr\u00e8s, Van Genecht, le triple buteur de Lokerren, est venu au tir devant la surface de p\u00e9nalit\u00e9 de Kortrijk, mais il a rat\u00e9 le but de son tir. Cela a \u00e9t\u00e9 suivi de deux autres espaces, un pour Eupen (sur le gardien de but) et un autre pour Kortrijk (avant le but du gardien Hiller).<\/p>\n<p>Le AS avait la premi\u00e8re tr\u00e8s grande chance apr\u00e8s 20 minutes lorsque Nuhu a commenc\u00e9 apr\u00e8s une temp\u00eate sur le c\u00f4t\u00e9 gauche et a fortement flanqu\u00e9 devant le but de Kortrijk, o\u00f9 Van Genes est arriv\u00e9 un peu trop tard.<\/p>\n<p>Peu de temps apr\u00e8s, les h\u00f4tes ont \u00e9t\u00e9 proches du premier but, mais heureusement pour Eupen, Paeshuysyy a sauv\u00e9 une d\u00e9fense de t\u00eate sur la ligne pour le Hiller d\u00e9j\u00e0 battu dans un tir par Van Landschoot.<\/p>\n<p>\u00c0 la 28e minute, Kortrijk a pris les devants: apr\u00e8s un flanc du c\u00f4t\u00e9 gauche, Hens a accept\u00e9 le ballon directement et n&rsquo;a pas donn\u00e9 \u00e0 Hiller une chance de d\u00e9fense. L&rsquo;objectif principal des \u00ab\u00a0kerels\u00a0\u00bb n&rsquo;\u00e9tait pas m\u00e9rit\u00e9, mais l&rsquo;objectif est l&rsquo;objectif, seulement cela compte.<\/p>\n<div id=\"attachment_423464\" class=\"wp-caption alignleft\" style=\"max-width: 300px\"><img decoding=\"async\" class=\"wp-image-423464 size-medium\" src=\"https:\/\/vieassociative.be\/actualites\/wp-content\/uploads\/2025\/08\/1-0-Plus-tard-frappe-par-Nuhu-le-As-Eupen.jpg\" alt=\"\" width=\"300\" height=\"200\"><\/div>\n<p>Les Eupeners n&rsquo;ont pas pu \u00eatre d\u00e9courag\u00e9s par ce d\u00e9ficit. Le ballon a bien fonctionn\u00e9 dans les rangs de l&rsquo;AS, mais les invit\u00e9s n&rsquo;\u00e9taient pas vraiment dangereux. Peu de temps avant le coup de sifflet, M\u00f6hwald a vu le carton jaune en raison de la plainte.<\/p>\n<p>Le premier coup de la seconde moiti\u00e9 est all\u00e9 au r\u00e9cit du KV Kortrijk, qui a imm\u00e9diatement repris l&rsquo;initiative et a de nouveau remis le gardien Hiller \u00e0 l&rsquo;\u00e9preuve.<\/p>\n<p>Les fans itin\u00e9rants d&rsquo;Eupen ont continu\u00e9 \u00e0 cr\u00e9er une ambiance dans le Guldenspohenstadion. Quelques minutes seulement apr\u00e8s le red\u00e9marrage, M\u00f6hwald s&rsquo;est bless\u00e9. Mar\u00e9chal est venu le chercher.<\/p>\n<p>\u00c0 la 55e minute, Eupen a marqu\u00e9 l&rsquo;\u00e9galiseur de Nuhu apr\u00e8s une bonne pr\u00e9paration par Atterri et Van Genecht. Cependant, la porte a \u00e9t\u00e9 r\u00e9voqu\u00e9e en raison d&rsquo;une position de hors-jeu suppos\u00e9e. Malheureusement, il n&rsquo;y a pas de preuves vid\u00e9o dans la Challenger Pro League, de sorte qu&rsquo;il y a toujours un doute que le succ\u00e8s soit r\u00e9gulier ou non.<\/p>\n<p>\u00c0 la 60e minute, Kortrijk a re\u00e7u une p\u00e9nalit\u00e9 pour le handball. Heureusement pour Eupen, Hiller a par\u00e9 le penalty effectu\u00e9 par Ambrose.<\/p>\n<p>Prunier est venu pour Ateri. \u00c0 la 75e minute, Van Genechs s&rsquo;est envol\u00e9 du terrain \u00e0 cause du mouvement apr\u00e8s.<\/p>\n<p>\u00c0 As Kennedy (pour M\u00fcller) et Kasper (pour Nuhu). Kortrijk a eu la chance de d\u00e9cider de ce match pr\u00e9matur\u00e9ment avec un deuxi\u00e8me but. L&rsquo;arbitre a eu pendant 7 minutes. Cependant, les Flames occidentales ont pu combler ces derni\u00e8res minutes et s&rsquo;encourager avec cette victoire 1-0 en ce qui concerne le premier match contre SK. Hiller a emp\u00each\u00e9 le 2-0 appuy\u00e9 par la d\u00e9fense des pieds.<\/p>\n<p>Cette d\u00e9faite augmente le d\u00e9ficit de l&rsquo;As Eupen \u00e0 KV Kortrijk \u00e0 10 points. Samedi prochain, le noir et blanc recevra l&rsquo;\u00e9quipe RWDM \u00e0 20 h. Dans le stade Kehrweg. (Cre)<\/p>\n","protected":false},"excerpt":{"rendered":"<p>L&rsquo;As Eupen n&rsquo;a pas r\u00e9ussi le test d&rsquo;endurance dans les coureurs de table -up. Le noir et blanc a perdu 0-1 samedi \u00e0 KV Kortrijk.<\/p>\n","protected":false},"author":1,"featured_media":10300,"comment_status":"","ping_status":"","sticky":false,"template":"","format":"standard","meta":{"footnotes":""},"categories":[298],"tags":[422,1502,2329,477,5433,3021],"class_list":["post-10299","post","type-post","status-publish","format-standard","has-post-thumbnail","hentry","category-belgique","tag-alors","tag-cle","tag-eupen","tag-jeu","tag-kortrijk","tag-perd","generate-columns","tablet-grid-50","mobile-grid-100","grid-parent","grid-33"],"yoast_head":"<!-- This site is optimized with the Yoast SEO plugin v24.0 - https:\/\/yoast.com\/wordpress\/plugins\/seo\/ -->\n<title>Alors que Eupen perd le jeu cl\u00e9 \u00e0 KV Kortrijk 0: 1 | Vie Associative<\/title>\n<meta name=\"robots\" content=\"index, follow, max-snippet:-1, max-image-preview:large, max-video-preview:-1\" \/>\n<link rel=\"canonical\" href=\"https:\/\/vieassociative.be\/actualites\/alors-que-eupen-perd-le-jeu-cle-a-kv-kortrijk-0-1\/\" \/>\n<meta property=\"og:locale\" content=\"fr_FR\" \/>\n<meta property=\"og:type\" content=\"article\" \/>\n<meta property=\"og:title\" content=\"Alors que Eupen perd le jeu cl\u00e9 \u00e0 KV Kortrijk 0: 1 | Vie Associative\" \/>\n<meta property=\"og:description\" content=\"L&rsquo;As Eupen n&rsquo;a pas r\u00e9ussi le test d&rsquo;endurance dans les coureurs de table -up. Le noir et blanc a perdu 0-1 samedi \u00e0 KV Kortrijk.\" \/>\n<meta property=\"og:url\" content=\"https:\/\/vieassociative.be\/actualites\/alors-que-eupen-perd-le-jeu-cle-a-kv-kortrijk-0-1\/\" \/>\n<meta property=\"og:site_name\" content=\"Vie Associative\" \/>\n<meta property=\"article:published_time\" content=\"2025-09-27T20:17:10+00:00\" \/>\n<meta property=\"og:image\" content=\"https:\/\/vieassociative.be\/actualites\/wp-content\/uploads\/2024\/09\/header_backgroundk-01-e1726694325946.png\" \/>\n\t<meta property=\"og:image:width\" content=\"279\" \/>\n\t<meta property=\"og:image:height\" content=\"92\" \/>\n\t<meta property=\"og:image:type\" content=\"image\/png\" \/>\n<meta name=\"author\" content=\"Julien\" \/>\n<meta name=\"twitter:card\" content=\"summary_large_image\" \/>\n<meta name=\"twitter:label1\" content=\"\u00c9crit par\" \/>\n\t<meta name=\"twitter:data1\" content=\"Julien\" \/>\n\t<meta name=\"twitter:label2\" content=\"Dur\u00e9e de lecture est.\" \/>\n\t<meta name=\"twitter:data2\" content=\"4 minutes\" \/>\n<script type=\"application\/ld+json\" class=\"yoast-schema-graph\">{\"@context\":\"https:\/\/schema.org\",\"@graph\":[{\"@type\":\"Article\",\"@id\":\"https:\/\/vieassociative.be\/actualites\/alors-que-eupen-perd-le-jeu-cle-a-kv-kortrijk-0-1\/#article\",\"isPartOf\":{\"@id\":\"https:\/\/vieassociative.be\/actualites\/alors-que-eupen-perd-le-jeu-cle-a-kv-kortrijk-0-1\/\"},\"author\":{\"name\":\"Julien\",\"@id\":\"https:\/\/vieassociative.be\/actualites\/#\/schema\/person\/b87ac4f82f9d4e7b7cec7395b679edc4\"},\"headline\":\"Alors que Eupen perd le jeu cl\u00e9 \u00e0 KV Kortrijk 0: 1\",\"datePublished\":\"2025-09-27T20:17:10+00:00\",\"dateModified\":\"2025-09-27T20:17:10+00:00\",\"mainEntityOfPage\":{\"@id\":\"https:\/\/vieassociative.be\/actualites\/alors-que-eupen-perd-le-jeu-cle-a-kv-kortrijk-0-1\/\"},\"wordCount\":805,\"publisher\":{\"@id\":\"https:\/\/vieassociative.be\/actualites\/#organization\"},\"image\":{\"@id\":\"https:\/\/vieassociative.be\/actualites\/alors-que-eupen-perd-le-jeu-cle-a-kv-kortrijk-0-1\/#primaryimage\"},\"thumbnailUrl\":\"https:\/\/vieassociative.be\/actualites\/wp-content\/uploads\/2025\/09\/Alors-que-Eupen-perd-le-jeu-cle-a-KV-Kortrijk.jpg\",\"keywords\":[\"Alors\",\"cl\u00e9\",\"Eupen\",\"jeu\",\"Kortrijk\",\"perd\"],\"articleSection\":[\"Belgique\"],\"inLanguage\":\"fr-BE\"},{\"@type\":\"WebPage\",\"@id\":\"https:\/\/vieassociative.be\/actualites\/alors-que-eupen-perd-le-jeu-cle-a-kv-kortrijk-0-1\/\",\"url\":\"https:\/\/vieassociative.be\/actualites\/alors-que-eupen-perd-le-jeu-cle-a-kv-kortrijk-0-1\/\",\"name\":\"Alors que Eupen perd le jeu cl\u00e9 \u00e0 KV Kortrijk 0: 1 | Vie Associative\",\"isPartOf\":{\"@id\":\"https:\/\/vieassociative.be\/actualites\/#website\"},\"primaryImageOfPage\":{\"@id\":\"https:\/\/vieassociative.be\/actualites\/alors-que-eupen-perd-le-jeu-cle-a-kv-kortrijk-0-1\/#primaryimage\"},\"image\":{\"@id\":\"https:\/\/vieassociative.be\/actualites\/alors-que-eupen-perd-le-jeu-cle-a-kv-kortrijk-0-1\/#primaryimage\"},\"thumbnailUrl\":\"https:\/\/vieassociative.be\/actualites\/wp-content\/uploads\/2025\/09\/Alors-que-Eupen-perd-le-jeu-cle-a-KV-Kortrijk.jpg\",\"datePublished\":\"2025-09-27T20:17:10+00:00\",\"dateModified\":\"2025-09-27T20:17:10+00:00\",\"breadcrumb\":{\"@id\":\"https:\/\/vieassociative.be\/actualites\/alors-que-eupen-perd-le-jeu-cle-a-kv-kortrijk-0-1\/#breadcrumb\"},\"inLanguage\":\"fr-BE\",\"potentialAction\":[{\"@type\":\"ReadAction\",\"target\":[\"https:\/\/vieassociative.be\/actualites\/alors-que-eupen-perd-le-jeu-cle-a-kv-kortrijk-0-1\/\"]}]},{\"@type\":\"ImageObject\",\"inLanguage\":\"fr-BE\",\"@id\":\"https:\/\/vieassociative.be\/actualites\/alors-que-eupen-perd-le-jeu-cle-a-kv-kortrijk-0-1\/#primaryimage\",\"url\":\"https:\/\/vieassociative.be\/actualites\/wp-content\/uploads\/2025\/09\/Alors-que-Eupen-perd-le-jeu-cle-a-KV-Kortrijk.jpg\",\"contentUrl\":\"https:\/\/vieassociative.be\/actualites\/wp-content\/uploads\/2025\/09\/Alors-que-Eupen-perd-le-jeu-cle-a-KV-Kortrijk.jpg\",\"width\":1200,\"height\":800,\"caption\":\"Alors que Eupen perd le jeu cl\u00e9 \u00e0 KV Kortrijk 0: 1\"},{\"@type\":\"BreadcrumbList\",\"@id\":\"https:\/\/vieassociative.be\/actualites\/alors-que-eupen-perd-le-jeu-cle-a-kv-kortrijk-0-1\/#breadcrumb\",\"itemListElement\":[{\"@type\":\"ListItem\",\"position\":1,\"name\":\"Accueil\",\"item\":\"https:\/\/vieassociative.be\/actualites\/\"},{\"@type\":\"ListItem\",\"position\":2,\"name\":\"Alors que Eupen perd le jeu cl\u00e9 \u00e0 KV Kortrijk 0: 1\"}]},{\"@type\":\"WebSite\",\"@id\":\"https:\/\/vieassociative.be\/actualites\/#website\",\"url\":\"https:\/\/vieassociative.be\/actualites\/\",\"name\":\"Vie Associative\",\"description\":\"\",\"publisher\":{\"@id\":\"https:\/\/vieassociative.be\/actualites\/#organization\"},\"potentialAction\":[{\"@type\":\"SearchAction\",\"target\":{\"@type\":\"EntryPoint\",\"urlTemplate\":\"https:\/\/vieassociative.be\/actualites\/?s={search_term_string}\"},\"query-input\":{\"@type\":\"PropertyValueSpecification\",\"valueRequired\":true,\"valueName\":\"search_term_string\"}}],\"inLanguage\":\"fr-BE\"},{\"@type\":\"Organization\",\"@id\":\"https:\/\/vieassociative.be\/actualites\/#organization\",\"name\":\"Vie Associative\",\"url\":\"https:\/\/vieassociative.be\/actualites\/\",\"logo\":{\"@type\":\"ImageObject\",\"inLanguage\":\"fr-BE\",\"@id\":\"https:\/\/vieassociative.be\/actualites\/#\/schema\/logo\/image\/\",\"url\":\"https:\/\/vieassociative.be\/actualites\/wp-content\/uploads\/2024\/09\/cropped-vieassociative_favicon.ico.png\",\"contentUrl\":\"https:\/\/vieassociative.be\/actualites\/wp-content\/uploads\/2024\/09\/cropped-vieassociative_favicon.ico.png\",\"width\":512,\"height\":512,\"caption\":\"Vie Associative\"},\"image\":{\"@id\":\"https:\/\/vieassociative.be\/actualites\/#\/schema\/logo\/image\/\"}},{\"@type\":\"Person\",\"@id\":\"https:\/\/vieassociative.be\/actualites\/#\/schema\/person\/b87ac4f82f9d4e7b7cec7395b679edc4\",\"name\":\"Julien\",\"image\":{\"@type\":\"ImageObject\",\"inLanguage\":\"fr-BE\",\"@id\":\"https:\/\/vieassociative.be\/actualites\/#\/schema\/person\/image\/\",\"url\":\"https:\/\/vieassociative.be\/actualites\/wp-content\/uploads\/2024\/09\/vie-associative-1-150x150.jpg\",\"contentUrl\":\"https:\/\/vieassociative.be\/actualites\/wp-content\/uploads\/2024\/09\/vie-associative-1-150x150.jpg\",\"caption\":\"Julien\"},\"description\":\"Je suis Julien, r\u00e9dacteur pour Vie Associative. Passionn\u00e9 par le monde associatif depuis plus de 10 ans, j'ai \u00e0 c\u0153ur de partager des histoires inspirantes et de mettre en lumi\u00e8re les initiatives locales. Mon objectif est de sensibiliser et d'encourager l'engagement communautaire \u00e0 travers mes articles.\",\"sameAs\":[\"https:\/\/vieassociative.be\/\"]}]}<\/script>\n<!-- \/ Yoast SEO plugin. -->","yoast_head_json":{"title":"Alors que Eupen perd le jeu cl\u00e9 \u00e0 KV Kortrijk 0: 1 | Vie Associative","robots":{"index":"index","follow":"follow","max-snippet":"max-snippet:-1","max-image-preview":"max-image-preview:large","max-video-preview":"max-video-preview:-1"},"canonical":"https:\/\/vieassociative.be\/actualites\/alors-que-eupen-perd-le-jeu-cle-a-kv-kortrijk-0-1\/","og_locale":"fr_FR","og_type":"article","og_title":"Alors que Eupen perd le jeu cl\u00e9 \u00e0 KV Kortrijk 0: 1 | Vie Associative","og_description":"L&rsquo;As Eupen n&rsquo;a pas r\u00e9ussi le test d&rsquo;endurance dans les coureurs de table -up. Le noir et blanc a perdu 0-1 samedi \u00e0 KV Kortrijk.","og_url":"https:\/\/vieassociative.be\/actualites\/alors-que-eupen-perd-le-jeu-cle-a-kv-kortrijk-0-1\/","og_site_name":"Vie Associative","article_published_time":"2025-09-27T20:17:10+00:00","og_image":[{"width":279,"height":92,"url":"https:\/\/vieassociative.be\/actualites\/wp-content\/uploads\/2024\/09\/header_backgroundk-01-e1726694325946.png","type":"image\/png"}],"author":"Julien","twitter_card":"summary_large_image","twitter_misc":{"\u00c9crit par":"Julien","Dur\u00e9e de lecture est.":"4 minutes"},"schema":{"@context":"https:\/\/schema.org","@graph":[{"@type":"Article","@id":"https:\/\/vieassociative.be\/actualites\/alors-que-eupen-perd-le-jeu-cle-a-kv-kortrijk-0-1\/#article","isPartOf":{"@id":"https:\/\/vieassociative.be\/actualites\/alors-que-eupen-perd-le-jeu-cle-a-kv-kortrijk-0-1\/"},"author":{"name":"Julien","@id":"https:\/\/vieassociative.be\/actualites\/#\/schema\/person\/b87ac4f82f9d4e7b7cec7395b679edc4"},"headline":"Alors que Eupen perd le jeu cl\u00e9 \u00e0 KV Kortrijk 0: 1","datePublished":"2025-09-27T20:17:10+00:00","dateModified":"2025-09-27T20:17:10+00:00","mainEntityOfPage":{"@id":"https:\/\/vieassociative.be\/actualites\/alors-que-eupen-perd-le-jeu-cle-a-kv-kortrijk-0-1\/"},"wordCount":805,"publisher":{"@id":"https:\/\/vieassociative.be\/actualites\/#organization"},"image":{"@id":"https:\/\/vieassociative.be\/actualites\/alors-que-eupen-perd-le-jeu-cle-a-kv-kortrijk-0-1\/#primaryimage"},"thumbnailUrl":"https:\/\/vieassociative.be\/actualites\/wp-content\/uploads\/2025\/09\/Alors-que-Eupen-perd-le-jeu-cle-a-KV-Kortrijk.jpg","keywords":["Alors","cl\u00e9","Eupen","jeu","Kortrijk","perd"],"articleSection":["Belgique"],"inLanguage":"fr-BE"},{"@type":"WebPage","@id":"https:\/\/vieassociative.be\/actualites\/alors-que-eupen-perd-le-jeu-cle-a-kv-kortrijk-0-1\/","url":"https:\/\/vieassociative.be\/actualites\/alors-que-eupen-perd-le-jeu-cle-a-kv-kortrijk-0-1\/","name":"Alors que Eupen perd le jeu cl\u00e9 \u00e0 KV Kortrijk 0: 1 | Vie Associative","isPartOf":{"@id":"https:\/\/vieassociative.be\/actualites\/#website"},"primaryImageOfPage":{"@id":"https:\/\/vieassociative.be\/actualites\/alors-que-eupen-perd-le-jeu-cle-a-kv-kortrijk-0-1\/#primaryimage"},"image":{"@id":"https:\/\/vieassociative.be\/actualites\/alors-que-eupen-perd-le-jeu-cle-a-kv-kortrijk-0-1\/#primaryimage"},"thumbnailUrl":"https:\/\/vieassociative.be\/actualites\/wp-content\/uploads\/2025\/09\/Alors-que-Eupen-perd-le-jeu-cle-a-KV-Kortrijk.jpg","datePublished":"2025-09-27T20:17:10+00:00","dateModified":"2025-09-27T20:17:10+00:00","breadcrumb":{"@id":"https:\/\/vieassociative.be\/actualites\/alors-que-eupen-perd-le-jeu-cle-a-kv-kortrijk-0-1\/#breadcrumb"},"inLanguage":"fr-BE","potentialAction":[{"@type":"ReadAction","target":["https:\/\/vieassociative.be\/actualites\/alors-que-eupen-perd-le-jeu-cle-a-kv-kortrijk-0-1\/"]}]},{"@type":"ImageObject","inLanguage":"fr-BE","@id":"https:\/\/vieassociative.be\/actualites\/alors-que-eupen-perd-le-jeu-cle-a-kv-kortrijk-0-1\/#primaryimage","url":"https:\/\/vieassociative.be\/actualites\/wp-content\/uploads\/2025\/09\/Alors-que-Eupen-perd-le-jeu-cle-a-KV-Kortrijk.jpg","contentUrl":"https:\/\/vieassociative.be\/actualites\/wp-content\/uploads\/2025\/09\/Alors-que-Eupen-perd-le-jeu-cle-a-KV-Kortrijk.jpg","width":1200,"height":800,"caption":"Alors que Eupen perd le jeu cl\u00e9 \u00e0 KV Kortrijk 0: 1"},{"@type":"BreadcrumbList","@id":"https:\/\/vieassociative.be\/actualites\/alors-que-eupen-perd-le-jeu-cle-a-kv-kortrijk-0-1\/#breadcrumb","itemListElement":[{"@type":"ListItem","position":1,"name":"Accueil","item":"https:\/\/vieassociative.be\/actualites\/"},{"@type":"ListItem","position":2,"name":"Alors que Eupen perd le jeu cl\u00e9 \u00e0 KV Kortrijk 0: 1"}]},{"@type":"WebSite","@id":"https:\/\/vieassociative.be\/actualites\/#website","url":"https:\/\/vieassociative.be\/actualites\/","name":"Vie Associative","description":"","publisher":{"@id":"https:\/\/vieassociative.be\/actualites\/#organization"},"potentialAction":[{"@type":"SearchAction","target":{"@type":"EntryPoint","urlTemplate":"https:\/\/vieassociative.be\/actualites\/?s={search_term_string}"},"query-input":{"@type":"PropertyValueSpecification","valueRequired":true,"valueName":"search_term_string"}}],"inLanguage":"fr-BE"},{"@type":"Organization","@id":"https:\/\/vieassociative.be\/actualites\/#organization","name":"Vie Associative","url":"https:\/\/vieassociative.be\/actualites\/","logo":{"@type":"ImageObject","inLanguage":"fr-BE","@id":"https:\/\/vieassociative.be\/actualites\/#\/schema\/logo\/image\/","url":"https:\/\/vieassociative.be\/actualites\/wp-content\/uploads\/2024\/09\/cropped-vieassociative_favicon.ico.png","contentUrl":"https:\/\/vieassociative.be\/actualites\/wp-content\/uploads\/2024\/09\/cropped-vieassociative_favicon.ico.png","width":512,"height":512,"caption":"Vie Associative"},"image":{"@id":"https:\/\/vieassociative.be\/actualites\/#\/schema\/logo\/image\/"}},{"@type":"Person","@id":"https:\/\/vieassociative.be\/actualites\/#\/schema\/person\/b87ac4f82f9d4e7b7cec7395b679edc4","name":"Julien","image":{"@type":"ImageObject","inLanguage":"fr-BE","@id":"https:\/\/vieassociative.be\/actualites\/#\/schema\/person\/image\/","url":"https:\/\/vieassociative.be\/actualites\/wp-content\/uploads\/2024\/09\/vie-associative-1-150x150.jpg","contentUrl":"https:\/\/vieassociative.be\/actualites\/wp-content\/uploads\/2024\/09\/vie-associative-1-150x150.jpg","caption":"Julien"},"description":"Je suis Julien, r\u00e9dacteur pour Vie Associative. Passionn\u00e9 par le monde associatif depuis plus de 10 ans, j'ai \u00e0 c\u0153ur de partager des histoires inspirantes et de mettre en lumi\u00e8re les initiatives locales. Mon objectif est de sensibiliser et d'encourager l'engagement communautaire \u00e0 travers mes articles.","sameAs":["https:\/\/vieassociative.be\/"]}]}},"_links":{"self":[{"href":"https:\/\/vieassociative.be\/actualites\/wp-json\/wp\/v2\/posts\/10299"}],"collection":[{"href":"https:\/\/vieassociative.be\/actualites\/wp-json\/wp\/v2\/posts"}],"about":[{"href":"https:\/\/vieassociative.be\/actualites\/wp-json\/wp\/v2\/types\/post"}],"author":[{"embeddable":true,"href":"https:\/\/vieassociative.be\/actualites\/wp-json\/wp\/v2\/users\/1"}],"replies":[{"embeddable":true,"href":"https:\/\/vieassociative.be\/actualites\/wp-json\/wp\/v2\/comments?post=10299"}],"version-history":[{"count":0,"href":"https:\/\/vieassociative.be\/actualites\/wp-json\/wp\/v2\/posts\/10299\/revisions"}],"wp:featuredmedia":[{"embeddable":true,"href":"https:\/\/vieassociative.be\/actualites\/wp-json\/wp\/v2\/media\/10300"}],"wp:attachment":[{"href":"https:\/\/vieassociative.be\/actualites\/wp-json\/wp\/v2\/media?parent=10299"}],"wp:term":[{"taxonomy":"category","embeddable":true,"href":"https:\/\/vieassociative.be\/actualites\/wp-json\/wp\/v2\/categories?post=10299"},{"taxonomy":"post_tag","embeddable":true,"href":"https:\/\/vieassociative.be\/actualites\/wp-json\/wp\/v2\/tags?post=10299"}],"curies":[{"name":"wp","href":"https:\/\/api.w.org\/{rel}","templated":true}]}}