{"id":10294,"date":"2025-09-27T16:17:17","date_gmt":"2025-09-27T14:17:17","guid":{"rendered":"https:\/\/vieassociative.be\/actualites\/le-gouvernement-dg-a-rencontre-tous-les-collegues-communautaires-cette-semaine\/"},"modified":"2025-09-27T16:17:17","modified_gmt":"2025-09-27T14:17:17","slug":"le-gouvernement-dg-a-rencontre-tous-les-collegues-communautaires-cette-semaine","status":"publish","type":"post","link":"https:\/\/vieassociative.be\/actualites\/le-gouvernement-dg-a-rencontre-tous-les-collegues-communautaires-cette-semaine\/","title":{"rendered":"Le gouvernement DG a rencontr\u00e9 tous les coll\u00e8gues communautaires cette semaine"},"content":{"rendered":"<p><strong>La tradition \u00e9prouv\u00e9e du marathon communautaire du gouvernement DG conna\u00eet une nouvelle \u00e9dition. Le Premier ministre Oliver Paasch et ses coll\u00e8gues minist\u00e9riels rencontrent les repr\u00e9sentants des neuf coll\u00e8gues communautaires de la DG depuis mardi.<\/strong><\/p>\n<p><span id=\"more-425649\"><\/span>Dans un seul, une discussion avec les repr\u00e9sentants municipaux, le gouvernement discute principalement de tous les projets d&rsquo;infrastructure dans le domaine des municipalit\u00e9s et des projets dans le domaine du d\u00e9veloppement r\u00e9gional.<\/p>\n<p>En principe, les r\u00e9unions de conversation des ministres avec les maires et les juges la\u00efcs servent la coordination syst\u00e9matique des projets et permettent une planification conjointe sur la base d&rsquo;un large dialogue. Compte tenu des exigences d&rsquo;\u00e9pargne europ\u00e9ennes plus strictes, la DG sera \u00e9galement confront\u00e9e au d\u00e9fi de limiter les d\u00e9penses au cours des prochaines ann\u00e9es et en m\u00eame temps s\u00e9curis\u00e9 la port\u00e9e pour les investissements futurs.<\/p>\n<p>Le Premier ministre Paasch souligne que les conversations avec les communaut\u00e9s devraient aider \u00e0 \u00e9tablir des priorit\u00e9s dans la politique des infrastructures de telle mani\u00e8re qu&rsquo;elles r\u00e9pondent aux besoins concr\u00e8tes des citoyens. Le gouvernement souligne que cet \u00e9change devrait continuer \u00e0 \u00eatre effectu\u00e9 en partenariat tout en maintenant l&rsquo;autonomie communautaire.<\/p>\n","protected":false},"excerpt":{"rendered":"<p>La tradition \u00e9prouv\u00e9e du marathon communautaire du gouvernement DG conna\u00eet une nouvelle \u00e9dition. Le Premier ministre Oliver Paasch et ses coll\u00e8gues minist\u00e9riels rencontrent les repr\u00e9sentants<\/p>\n","protected":false},"author":1,"featured_media":10295,"comment_status":"","ping_status":"","sticky":false,"template":"","format":"standard","meta":{"footnotes":""},"categories":[298],"tags":[206,2177,4684,615,14,1184,1348,546],"class_list":["post-10294","post","type-post","status-publish","format-standard","has-post-thumbnail","hentry","category-belgique","tag-cette","tag-collegues","tag-communautaires","tag-gouvernement","tag-les","tag-rencontre","tag-semaine","tag-tous","generate-columns","tablet-grid-50","mobile-grid-100","grid-parent","grid-33"],"yoast_head":"<!-- This site is optimized with the Yoast SEO plugin v24.0 - https:\/\/yoast.com\/wordpress\/plugins\/seo\/ -->\n<title>Le gouvernement DG a rencontr\u00e9 tous les coll\u00e8gues communautaires cette semaine | Vie Associative<\/title>\n<meta name=\"robots\" content=\"index, follow, max-snippet:-1, max-image-preview:large, max-video-preview:-1\" \/>\n<link rel=\"canonical\" href=\"https:\/\/vieassociative.be\/actualites\/le-gouvernement-dg-a-rencontre-tous-les-collegues-communautaires-cette-semaine\/\" \/>\n<meta property=\"og:locale\" content=\"fr_FR\" \/>\n<meta property=\"og:type\" content=\"article\" \/>\n<meta property=\"og:title\" content=\"Le gouvernement DG a rencontr\u00e9 tous les coll\u00e8gues communautaires cette semaine | Vie Associative\" \/>\n<meta property=\"og:description\" content=\"La tradition \u00e9prouv\u00e9e du marathon communautaire du gouvernement DG conna\u00eet une nouvelle \u00e9dition. Le Premier ministre Oliver Paasch et ses coll\u00e8gues minist\u00e9riels rencontrent les repr\u00e9sentants\" \/>\n<meta property=\"og:url\" content=\"https:\/\/vieassociative.be\/actualites\/le-gouvernement-dg-a-rencontre-tous-les-collegues-communautaires-cette-semaine\/\" \/>\n<meta property=\"og:site_name\" content=\"Vie Associative\" \/>\n<meta property=\"article:published_time\" content=\"2025-09-27T14:17:17+00:00\" \/>\n<meta property=\"og:image\" content=\"https:\/\/vieassociative.be\/actualites\/wp-content\/uploads\/2024\/09\/header_backgroundk-01-e1726694325946.png\" \/>\n\t<meta property=\"og:image:width\" content=\"279\" \/>\n\t<meta property=\"og:image:height\" content=\"92\" \/>\n\t<meta property=\"og:image:type\" content=\"image\/png\" \/>\n<meta name=\"author\" content=\"Julien\" \/>\n<meta name=\"twitter:card\" content=\"summary_large_image\" \/>\n<meta name=\"twitter:label1\" content=\"\u00c9crit par\" \/>\n\t<meta name=\"twitter:data1\" content=\"Julien\" \/>\n\t<meta name=\"twitter:label2\" content=\"Dur\u00e9e de lecture est.\" \/>\n\t<meta name=\"twitter:data2\" content=\"1 minute\" \/>\n<script type=\"application\/ld+json\" class=\"yoast-schema-graph\">{\"@context\":\"https:\/\/schema.org\",\"@graph\":[{\"@type\":\"Article\",\"@id\":\"https:\/\/vieassociative.be\/actualites\/le-gouvernement-dg-a-rencontre-tous-les-collegues-communautaires-cette-semaine\/#article\",\"isPartOf\":{\"@id\":\"https:\/\/vieassociative.be\/actualites\/le-gouvernement-dg-a-rencontre-tous-les-collegues-communautaires-cette-semaine\/\"},\"author\":{\"name\":\"Julien\",\"@id\":\"https:\/\/vieassociative.be\/actualites\/#\/schema\/person\/b87ac4f82f9d4e7b7cec7395b679edc4\"},\"headline\":\"Le gouvernement DG a rencontr\u00e9 tous les coll\u00e8gues communautaires cette semaine\",\"datePublished\":\"2025-09-27T14:17:17+00:00\",\"dateModified\":\"2025-09-27T14:17:17+00:00\",\"mainEntityOfPage\":{\"@id\":\"https:\/\/vieassociative.be\/actualites\/le-gouvernement-dg-a-rencontre-tous-les-collegues-communautaires-cette-semaine\/\"},\"wordCount\":224,\"publisher\":{\"@id\":\"https:\/\/vieassociative.be\/actualites\/#organization\"},\"image\":{\"@id\":\"https:\/\/vieassociative.be\/actualites\/le-gouvernement-dg-a-rencontre-tous-les-collegues-communautaires-cette-semaine\/#primaryimage\"},\"thumbnailUrl\":\"https:\/\/vieassociative.be\/actualites\/wp-content\/uploads\/2025\/09\/Le-gouvernement-DG-a-rencontre-tous-les-collegues-communautaires-cette.png\",\"keywords\":[\"cette\",\"coll\u00e8gues\",\"communautaires\",\"gouvernement\",\"Les\",\"rencontre\",\"semaine\",\"tous\"],\"articleSection\":[\"Belgique\"],\"inLanguage\":\"fr-BE\"},{\"@type\":\"WebPage\",\"@id\":\"https:\/\/vieassociative.be\/actualites\/le-gouvernement-dg-a-rencontre-tous-les-collegues-communautaires-cette-semaine\/\",\"url\":\"https:\/\/vieassociative.be\/actualites\/le-gouvernement-dg-a-rencontre-tous-les-collegues-communautaires-cette-semaine\/\",\"name\":\"Le gouvernement DG a rencontr\u00e9 tous les coll\u00e8gues communautaires cette semaine | Vie Associative\",\"isPartOf\":{\"@id\":\"https:\/\/vieassociative.be\/actualites\/#website\"},\"primaryImageOfPage\":{\"@id\":\"https:\/\/vieassociative.be\/actualites\/le-gouvernement-dg-a-rencontre-tous-les-collegues-communautaires-cette-semaine\/#primaryimage\"},\"image\":{\"@id\":\"https:\/\/vieassociative.be\/actualites\/le-gouvernement-dg-a-rencontre-tous-les-collegues-communautaires-cette-semaine\/#primaryimage\"},\"thumbnailUrl\":\"https:\/\/vieassociative.be\/actualites\/wp-content\/uploads\/2025\/09\/Le-gouvernement-DG-a-rencontre-tous-les-collegues-communautaires-cette.png\",\"datePublished\":\"2025-09-27T14:17:17+00:00\",\"dateModified\":\"2025-09-27T14:17:17+00:00\",\"breadcrumb\":{\"@id\":\"https:\/\/vieassociative.be\/actualites\/le-gouvernement-dg-a-rencontre-tous-les-collegues-communautaires-cette-semaine\/#breadcrumb\"},\"inLanguage\":\"fr-BE\",\"potentialAction\":[{\"@type\":\"ReadAction\",\"target\":[\"https:\/\/vieassociative.be\/actualites\/le-gouvernement-dg-a-rencontre-tous-les-collegues-communautaires-cette-semaine\/\"]}]},{\"@type\":\"ImageObject\",\"inLanguage\":\"fr-BE\",\"@id\":\"https:\/\/vieassociative.be\/actualites\/le-gouvernement-dg-a-rencontre-tous-les-collegues-communautaires-cette-semaine\/#primaryimage\",\"url\":\"https:\/\/vieassociative.be\/actualites\/wp-content\/uploads\/2025\/09\/Le-gouvernement-DG-a-rencontre-tous-les-collegues-communautaires-cette.png\",\"contentUrl\":\"https:\/\/vieassociative.be\/actualites\/wp-content\/uploads\/2025\/09\/Le-gouvernement-DG-a-rencontre-tous-les-collegues-communautaires-cette.png\",\"width\":1434,\"height\":660,\"caption\":\"Le gouvernement DG a rencontr\u00e9 tous les coll\u00e8gues communautaires cette semaine\"},{\"@type\":\"BreadcrumbList\",\"@id\":\"https:\/\/vieassociative.be\/actualites\/le-gouvernement-dg-a-rencontre-tous-les-collegues-communautaires-cette-semaine\/#breadcrumb\",\"itemListElement\":[{\"@type\":\"ListItem\",\"position\":1,\"name\":\"Accueil\",\"item\":\"https:\/\/vieassociative.be\/actualites\/\"},{\"@type\":\"ListItem\",\"position\":2,\"name\":\"Le gouvernement DG a rencontr\u00e9 tous les coll\u00e8gues communautaires cette semaine\"}]},{\"@type\":\"WebSite\",\"@id\":\"https:\/\/vieassociative.be\/actualites\/#website\",\"url\":\"https:\/\/vieassociative.be\/actualites\/\",\"name\":\"Vie Associative\",\"description\":\"\",\"publisher\":{\"@id\":\"https:\/\/vieassociative.be\/actualites\/#organization\"},\"potentialAction\":[{\"@type\":\"SearchAction\",\"target\":{\"@type\":\"EntryPoint\",\"urlTemplate\":\"https:\/\/vieassociative.be\/actualites\/?s={search_term_string}\"},\"query-input\":{\"@type\":\"PropertyValueSpecification\",\"valueRequired\":true,\"valueName\":\"search_term_string\"}}],\"inLanguage\":\"fr-BE\"},{\"@type\":\"Organization\",\"@id\":\"https:\/\/vieassociative.be\/actualites\/#organization\",\"name\":\"Vie Associative\",\"url\":\"https:\/\/vieassociative.be\/actualites\/\",\"logo\":{\"@type\":\"ImageObject\",\"inLanguage\":\"fr-BE\",\"@id\":\"https:\/\/vieassociative.be\/actualites\/#\/schema\/logo\/image\/\",\"url\":\"https:\/\/vieassociative.be\/actualites\/wp-content\/uploads\/2024\/09\/cropped-vieassociative_favicon.ico.png\",\"contentUrl\":\"https:\/\/vieassociative.be\/actualites\/wp-content\/uploads\/2024\/09\/cropped-vieassociative_favicon.ico.png\",\"width\":512,\"height\":512,\"caption\":\"Vie Associative\"},\"image\":{\"@id\":\"https:\/\/vieassociative.be\/actualites\/#\/schema\/logo\/image\/\"}},{\"@type\":\"Person\",\"@id\":\"https:\/\/vieassociative.be\/actualites\/#\/schema\/person\/b87ac4f82f9d4e7b7cec7395b679edc4\",\"name\":\"Julien\",\"image\":{\"@type\":\"ImageObject\",\"inLanguage\":\"fr-BE\",\"@id\":\"https:\/\/vieassociative.be\/actualites\/#\/schema\/person\/image\/\",\"url\":\"https:\/\/vieassociative.be\/actualites\/wp-content\/uploads\/2024\/09\/vie-associative-1-150x150.jpg\",\"contentUrl\":\"https:\/\/vieassociative.be\/actualites\/wp-content\/uploads\/2024\/09\/vie-associative-1-150x150.jpg\",\"caption\":\"Julien\"},\"description\":\"Je suis Julien, r\u00e9dacteur pour Vie Associative. Passionn\u00e9 par le monde associatif depuis plus de 10 ans, j'ai \u00e0 c\u0153ur de partager des histoires inspirantes et de mettre en lumi\u00e8re les initiatives locales. Mon objectif est de sensibiliser et d'encourager l'engagement communautaire \u00e0 travers mes articles.\",\"sameAs\":[\"https:\/\/vieassociative.be\/\"]}]}<\/script>\n<!-- \/ Yoast SEO plugin. -->","yoast_head_json":{"title":"Le gouvernement DG a rencontr\u00e9 tous les coll\u00e8gues communautaires cette semaine | Vie Associative","robots":{"index":"index","follow":"follow","max-snippet":"max-snippet:-1","max-image-preview":"max-image-preview:large","max-video-preview":"max-video-preview:-1"},"canonical":"https:\/\/vieassociative.be\/actualites\/le-gouvernement-dg-a-rencontre-tous-les-collegues-communautaires-cette-semaine\/","og_locale":"fr_FR","og_type":"article","og_title":"Le gouvernement DG a rencontr\u00e9 tous les coll\u00e8gues communautaires cette semaine | Vie Associative","og_description":"La tradition \u00e9prouv\u00e9e du marathon communautaire du gouvernement DG conna\u00eet une nouvelle \u00e9dition. Le Premier ministre Oliver Paasch et ses coll\u00e8gues minist\u00e9riels rencontrent les repr\u00e9sentants","og_url":"https:\/\/vieassociative.be\/actualites\/le-gouvernement-dg-a-rencontre-tous-les-collegues-communautaires-cette-semaine\/","og_site_name":"Vie Associative","article_published_time":"2025-09-27T14:17:17+00:00","og_image":[{"width":279,"height":92,"url":"https:\/\/vieassociative.be\/actualites\/wp-content\/uploads\/2024\/09\/header_backgroundk-01-e1726694325946.png","type":"image\/png"}],"author":"Julien","twitter_card":"summary_large_image","twitter_misc":{"\u00c9crit par":"Julien","Dur\u00e9e de lecture est.":"1 minute"},"schema":{"@context":"https:\/\/schema.org","@graph":[{"@type":"Article","@id":"https:\/\/vieassociative.be\/actualites\/le-gouvernement-dg-a-rencontre-tous-les-collegues-communautaires-cette-semaine\/#article","isPartOf":{"@id":"https:\/\/vieassociative.be\/actualites\/le-gouvernement-dg-a-rencontre-tous-les-collegues-communautaires-cette-semaine\/"},"author":{"name":"Julien","@id":"https:\/\/vieassociative.be\/actualites\/#\/schema\/person\/b87ac4f82f9d4e7b7cec7395b679edc4"},"headline":"Le gouvernement DG a rencontr\u00e9 tous les coll\u00e8gues communautaires cette semaine","datePublished":"2025-09-27T14:17:17+00:00","dateModified":"2025-09-27T14:17:17+00:00","mainEntityOfPage":{"@id":"https:\/\/vieassociative.be\/actualites\/le-gouvernement-dg-a-rencontre-tous-les-collegues-communautaires-cette-semaine\/"},"wordCount":224,"publisher":{"@id":"https:\/\/vieassociative.be\/actualites\/#organization"},"image":{"@id":"https:\/\/vieassociative.be\/actualites\/le-gouvernement-dg-a-rencontre-tous-les-collegues-communautaires-cette-semaine\/#primaryimage"},"thumbnailUrl":"https:\/\/vieassociative.be\/actualites\/wp-content\/uploads\/2025\/09\/Le-gouvernement-DG-a-rencontre-tous-les-collegues-communautaires-cette.png","keywords":["cette","coll\u00e8gues","communautaires","gouvernement","Les","rencontre","semaine","tous"],"articleSection":["Belgique"],"inLanguage":"fr-BE"},{"@type":"WebPage","@id":"https:\/\/vieassociative.be\/actualites\/le-gouvernement-dg-a-rencontre-tous-les-collegues-communautaires-cette-semaine\/","url":"https:\/\/vieassociative.be\/actualites\/le-gouvernement-dg-a-rencontre-tous-les-collegues-communautaires-cette-semaine\/","name":"Le gouvernement DG a rencontr\u00e9 tous les coll\u00e8gues communautaires cette semaine | Vie Associative","isPartOf":{"@id":"https:\/\/vieassociative.be\/actualites\/#website"},"primaryImageOfPage":{"@id":"https:\/\/vieassociative.be\/actualites\/le-gouvernement-dg-a-rencontre-tous-les-collegues-communautaires-cette-semaine\/#primaryimage"},"image":{"@id":"https:\/\/vieassociative.be\/actualites\/le-gouvernement-dg-a-rencontre-tous-les-collegues-communautaires-cette-semaine\/#primaryimage"},"thumbnailUrl":"https:\/\/vieassociative.be\/actualites\/wp-content\/uploads\/2025\/09\/Le-gouvernement-DG-a-rencontre-tous-les-collegues-communautaires-cette.png","datePublished":"2025-09-27T14:17:17+00:00","dateModified":"2025-09-27T14:17:17+00:00","breadcrumb":{"@id":"https:\/\/vieassociative.be\/actualites\/le-gouvernement-dg-a-rencontre-tous-les-collegues-communautaires-cette-semaine\/#breadcrumb"},"inLanguage":"fr-BE","potentialAction":[{"@type":"ReadAction","target":["https:\/\/vieassociative.be\/actualites\/le-gouvernement-dg-a-rencontre-tous-les-collegues-communautaires-cette-semaine\/"]}]},{"@type":"ImageObject","inLanguage":"fr-BE","@id":"https:\/\/vieassociative.be\/actualites\/le-gouvernement-dg-a-rencontre-tous-les-collegues-communautaires-cette-semaine\/#primaryimage","url":"https:\/\/vieassociative.be\/actualites\/wp-content\/uploads\/2025\/09\/Le-gouvernement-DG-a-rencontre-tous-les-collegues-communautaires-cette.png","contentUrl":"https:\/\/vieassociative.be\/actualites\/wp-content\/uploads\/2025\/09\/Le-gouvernement-DG-a-rencontre-tous-les-collegues-communautaires-cette.png","width":1434,"height":660,"caption":"Le gouvernement DG a rencontr\u00e9 tous les coll\u00e8gues communautaires cette semaine"},{"@type":"BreadcrumbList","@id":"https:\/\/vieassociative.be\/actualites\/le-gouvernement-dg-a-rencontre-tous-les-collegues-communautaires-cette-semaine\/#breadcrumb","itemListElement":[{"@type":"ListItem","position":1,"name":"Accueil","item":"https:\/\/vieassociative.be\/actualites\/"},{"@type":"ListItem","position":2,"name":"Le gouvernement DG a rencontr\u00e9 tous les coll\u00e8gues communautaires cette semaine"}]},{"@type":"WebSite","@id":"https:\/\/vieassociative.be\/actualites\/#website","url":"https:\/\/vieassociative.be\/actualites\/","name":"Vie Associative","description":"","publisher":{"@id":"https:\/\/vieassociative.be\/actualites\/#organization"},"potentialAction":[{"@type":"SearchAction","target":{"@type":"EntryPoint","urlTemplate":"https:\/\/vieassociative.be\/actualites\/?s={search_term_string}"},"query-input":{"@type":"PropertyValueSpecification","valueRequired":true,"valueName":"search_term_string"}}],"inLanguage":"fr-BE"},{"@type":"Organization","@id":"https:\/\/vieassociative.be\/actualites\/#organization","name":"Vie Associative","url":"https:\/\/vieassociative.be\/actualites\/","logo":{"@type":"ImageObject","inLanguage":"fr-BE","@id":"https:\/\/vieassociative.be\/actualites\/#\/schema\/logo\/image\/","url":"https:\/\/vieassociative.be\/actualites\/wp-content\/uploads\/2024\/09\/cropped-vieassociative_favicon.ico.png","contentUrl":"https:\/\/vieassociative.be\/actualites\/wp-content\/uploads\/2024\/09\/cropped-vieassociative_favicon.ico.png","width":512,"height":512,"caption":"Vie Associative"},"image":{"@id":"https:\/\/vieassociative.be\/actualites\/#\/schema\/logo\/image\/"}},{"@type":"Person","@id":"https:\/\/vieassociative.be\/actualites\/#\/schema\/person\/b87ac4f82f9d4e7b7cec7395b679edc4","name":"Julien","image":{"@type":"ImageObject","inLanguage":"fr-BE","@id":"https:\/\/vieassociative.be\/actualites\/#\/schema\/person\/image\/","url":"https:\/\/vieassociative.be\/actualites\/wp-content\/uploads\/2024\/09\/vie-associative-1-150x150.jpg","contentUrl":"https:\/\/vieassociative.be\/actualites\/wp-content\/uploads\/2024\/09\/vie-associative-1-150x150.jpg","caption":"Julien"},"description":"Je suis Julien, r\u00e9dacteur pour Vie Associative. Passionn\u00e9 par le monde associatif depuis plus de 10 ans, j'ai \u00e0 c\u0153ur de partager des histoires inspirantes et de mettre en lumi\u00e8re les initiatives locales. Mon objectif est de sensibiliser et d'encourager l'engagement communautaire \u00e0 travers mes articles.","sameAs":["https:\/\/vieassociative.be\/"]}]}},"_links":{"self":[{"href":"https:\/\/vieassociative.be\/actualites\/wp-json\/wp\/v2\/posts\/10294"}],"collection":[{"href":"https:\/\/vieassociative.be\/actualites\/wp-json\/wp\/v2\/posts"}],"about":[{"href":"https:\/\/vieassociative.be\/actualites\/wp-json\/wp\/v2\/types\/post"}],"author":[{"embeddable":true,"href":"https:\/\/vieassociative.be\/actualites\/wp-json\/wp\/v2\/users\/1"}],"replies":[{"embeddable":true,"href":"https:\/\/vieassociative.be\/actualites\/wp-json\/wp\/v2\/comments?post=10294"}],"version-history":[{"count":0,"href":"https:\/\/vieassociative.be\/actualites\/wp-json\/wp\/v2\/posts\/10294\/revisions"}],"wp:featuredmedia":[{"embeddable":true,"href":"https:\/\/vieassociative.be\/actualites\/wp-json\/wp\/v2\/media\/10295"}],"wp:attachment":[{"href":"https:\/\/vieassociative.be\/actualites\/wp-json\/wp\/v2\/media?parent=10294"}],"wp:term":[{"taxonomy":"category","embeddable":true,"href":"https:\/\/vieassociative.be\/actualites\/wp-json\/wp\/v2\/categories?post=10294"},{"taxonomy":"post_tag","embeddable":true,"href":"https:\/\/vieassociative.be\/actualites\/wp-json\/wp\/v2\/tags?post=10294"}],"curies":[{"name":"wp","href":"https:\/\/api.w.org\/{rel}","templated":true}]}}