{"id":10281,"date":"2025-09-27T03:17:23","date_gmt":"2025-09-27T01:17:23","guid":{"rendered":"https:\/\/vieassociative.be\/actualites\/safari-est-plus-prive-que-jamais-dans-ios-26\/"},"modified":"2025-09-27T03:17:23","modified_gmt":"2025-09-27T01:17:23","slug":"safari-est-plus-prive-que-jamais-dans-ios-26","status":"publish","type":"post","link":"https:\/\/vieassociative.be\/actualites\/safari-est-plus-prive-que-jamais-dans-ios-26\/","title":{"rendered":"Safari est plus priv\u00e9 que jamais dans iOS 26"},"content":{"rendered":"<div class=\"mt-4 leading-6 md:mb-8\">C&rsquo;est \u00e9galement vrai pour Safari sur votre Mac.<\/div>\n<p><\/p>\n<p><em>Saviez-vous que vous pouvez personnaliser Google pour filtrer les ordures? Prendre ces \u00e9tapes<\/em><em>  Pour de meilleurs r\u00e9sultats de recherche, notamment en ajoutant mon travail chez Vie Associative comme source pr\u00e9f\u00e9r\u00e9e<\/em><em>.<\/em><\/p>\n<hr>\n<p>Internet n&rsquo;est pas priv\u00e9, mais cela ne signifie pas que vous devez abandonner volontiers toutes vos informations pour les utiliser. Par d\u00e9faut, les trackers volent un <em>parcelle<\/em> de vos donn\u00e9es pendant que vous parcourez le Web, mais des param\u00e8tres simples peuvent emp\u00eacher beaucoup de ces trackers de fonctionner. En fait, en mettant \u00e0 jour iOS 26, votre iPhone obtient un outil mis \u00e0 niveau contre le suivi.<\/p>\n<p>La fonctionnalit\u00e9, appel\u00e9e protection avanc\u00e9e de suivi et d&#8217;empreintes digitales, est une option de Safari qui cache certains trackers de donn\u00e9es du navigateur et de l&rsquo;appareil utilisent g\u00e9n\u00e9ralement pour cr\u00e9er une \u00ab\u00a0empreinte digitale\u00a0\u00bb num\u00e9rique des utilisateurs. Dans ce cas, une empreinte digitale est un profil que les entreprises utilisent pour suivre vos mouvements sur le Web. Votre empreinte digitale peut \u00eatre constitu\u00e9e de donn\u00e9es comme l&rsquo;adresse IP de votre appareil, l&rsquo;appareil lui-m\u00eame, votre navigateur, les polices, les plug-ins, ainsi que sa r\u00e9solution d&rsquo;\u00e9cran. Tous ces points de donn\u00e9es se r\u00e9unissent pour construire une image unique de qui vous \u00eates; Plus votre empreinte digitale est unique, plus il est facile de vous suivre, car les chances de quelqu&rsquo;un d&rsquo;autre avec vos m\u00eames d\u00e9tails sont minces. <\/p>\n<div class=\"mx-auto mb-12 mt-5 w-full max-w-3xl rounded-md border-2 border-gray-100 p-3 shadow-md md:px-7 md:pb-7 md:pt-5\" id=\"related-video\">\n<div class=\"mb-3 flex items-center md:mb-5\">\n        <img decoding=\"async\" class=\"mr-4 mt-0 h-10 w-10 md:mr-5 md:h-12 md:w-12\" src=\"https:\/\/vieassociative.be\/actualites\/wp-content\/uploads\/2025\/09\/1757726237_608_Meta-pourrait-devoiler-une-montre-intelligente-pour-controler-ses-lunettes.jpg\" alt=\"Logo Lifehacker\"><\/p><\/div>\n<div class=\"aspect-video w-full overflow-hidden rounded-md\">\n<div id=\"video-container-01K64BSETZ4KBB4PDH1HC1JYPK\"><\/div>\n<\/p><\/div>\n<\/div>\n<p>Les empreintes digitales poss\u00e8dent un certain nombre d&rsquo;applications sur le Web, mais peut-\u00eatre la plus importante est destin\u00e9e \u00e0 la publicit\u00e9 cibl\u00e9e. La raison pour laquelle de nombreuses publicit\u00e9s que vous voyez sont si pertinentes pour vos int\u00e9r\u00eats et votre histoire de navigation est due \u00e0 des empreintes digitales. Les trackers connaissent vos habitudes Internet et peuvent identifier et diffuser les publicit\u00e9s sur lesquelles vous surrez le plus susceptible de cliquer ou de taper. Les entreprises peuvent \u00e9galement vendre ces profils d&#8217;empreintes digitales aux courtiers et aux annonceurs, gagnant de l&rsquo;argent \u00e0 la fois sur votre engagement avec les publicit\u00e9s, ainsi que vos donn\u00e9es brutes.  <\/p>\n<p>La protection avanc\u00e9e de suivi et d&#8217;empreintes digitales simplifie les donn\u00e9es de chaque utilisateur de safari, donc nos empreintes digitales ne sont pas si uniques. Ce faisant, il est plus difficile pour les trackers d&rsquo;identifier les individus et, en tant que tel, permet de parcourir le Web en priv\u00e9. <\/p>\n<p>Cette fonctionnalit\u00e9 \u00e9tait d\u00e9j\u00e0 une chose sur iPhone avant iOS 26. Cependant, il \u00e9tait limit\u00e9 \u00e0 la navigation priv\u00e9e par d\u00e9faut. Si vous n&rsquo;avez pas fait toute votre navigation dans un onglet priv\u00e9, vous avez probablement perdu certaines de ces protections de confidentialit\u00e9, \u00e0 moins que vous ne sachiez modifier manuellement le param\u00e8tre pour couvrir toutes les navigations. Il en va de m\u00eame pour les iPados et les macOS \u00e9galement. La plupart d&rsquo;entre nous n&rsquo;ont probablement pas chang\u00e9 le cadre, car il est assez enterr\u00e9 dans les param\u00e8tres respectifs de chaque syst\u00e8me d&rsquo;exploitation.<\/p>\n<p>Une fois que vous avez mis \u00e0 jour votre iPhone, iPad ou Mac vers le dernier syst\u00e8me d&rsquo;exploitation, cependant, votre navigation obtient ces protections de suivi ajout\u00e9es par d\u00e9faut. Que vous naviguiez dans une fen\u00eatre priv\u00e9e ou normale, les trackers auront du mal \u00e0 identifier votre appareil. <\/p>\n<h2 id=\"how-to-check-your-advanced-tracking-and-fingerprinting-protection-settings\">Comment v\u00e9rifier vos param\u00e8tres avanc\u00e9s de suivi et de protection des empreintes digitales <\/h2>\n<p>Ce param\u00e8tre doit \u00eatre activ\u00e9 par d\u00e9faut lorsque vous mettez \u00e0 jour votre appareil. Mais si vous voulez vous assurer que c&rsquo;est allum\u00e9, voici o\u00f9 le trouver. Sur votre iPhone ou iPad, ouvrez <strong>Param\u00e8tres<\/strong>alors dirigez-vous vers <strong>Applications> safari> avanc\u00e9<\/strong>. Sur votre Mac, ouvrez safari, appuyez sur Commande +, pour extraire les param\u00e8tres de Safari, puis choisissez le <strong>Avanc\u00e9<\/strong> languette.<\/p>\n<p>\u00c0 partir de l\u00e0, assurez-vous que la protection avanc\u00e9e de suivi et d&#8217;empreintes digitales est d\u00e9finie sur \u00ab\u00a0All navigation\u00a0\u00bb (iOS \/ iPados) ou \u00ab\u00a0dans tous les sources\u00a0\u00bb (macOS).<\/p>\n","protected":false},"excerpt":{"rendered":"<p>C&rsquo;est \u00e9galement vrai pour Safari sur votre Mac. Saviez-vous que vous pouvez personnaliser Google pour filtrer les ordures? Prendre ces \u00e9tapes Pour de meilleurs r\u00e9sultats<\/p>\n","protected":false},"author":1,"featured_media":10282,"comment_status":"","ping_status":"","sticky":false,"template":"","format":"standard","meta":{"footnotes":""},"categories":[13],"tags":[166,76,21,851,8684,2076],"class_list":["post-10281","post","type-post","status-publish","format-standard","has-post-thumbnail","hentry","category-technologie","tag-dans","tag-est","tag-ios","tag-jamais","tag-prive","tag-safari","generate-columns","tablet-grid-50","mobile-grid-100","grid-parent","grid-33"],"yoast_head":"<!-- This site is optimized with the Yoast SEO plugin v24.0 - https:\/\/yoast.com\/wordpress\/plugins\/seo\/ -->\n<title>Safari est plus priv\u00e9 que jamais dans iOS 26 | Vie Associative<\/title>\n<meta name=\"robots\" content=\"index, follow, max-snippet:-1, max-image-preview:large, max-video-preview:-1\" \/>\n<link rel=\"canonical\" href=\"https:\/\/vieassociative.be\/actualites\/safari-est-plus-prive-que-jamais-dans-ios-26\/\" \/>\n<meta property=\"og:locale\" content=\"fr_FR\" \/>\n<meta property=\"og:type\" content=\"article\" \/>\n<meta property=\"og:title\" content=\"Safari est plus priv\u00e9 que jamais dans iOS 26 | Vie Associative\" \/>\n<meta property=\"og:description\" content=\"C&rsquo;est \u00e9galement vrai pour Safari sur votre Mac. Saviez-vous que vous pouvez personnaliser Google pour filtrer les ordures? Prendre ces \u00e9tapes Pour de meilleurs r\u00e9sultats\" \/>\n<meta property=\"og:url\" content=\"https:\/\/vieassociative.be\/actualites\/safari-est-plus-prive-que-jamais-dans-ios-26\/\" \/>\n<meta property=\"og:site_name\" content=\"Vie Associative\" \/>\n<meta property=\"article:published_time\" content=\"2025-09-27T01:17:23+00:00\" \/>\n<meta property=\"og:image\" content=\"https:\/\/vieassociative.be\/actualites\/wp-content\/uploads\/2025\/09\/1757726237_608_Meta-pourrait-devoiler-une-montre-intelligente-pour-controler-ses-lunettes.jpg\" \/>\n<meta name=\"author\" content=\"Julien\" \/>\n<meta name=\"twitter:card\" content=\"summary_large_image\" \/>\n<meta name=\"twitter:label1\" content=\"\u00c9crit par\" \/>\n\t<meta name=\"twitter:data1\" content=\"Julien\" \/>\n\t<meta name=\"twitter:label2\" content=\"Dur\u00e9e de lecture est.\" \/>\n\t<meta name=\"twitter:data2\" content=\"3 minutes\" \/>\n<script type=\"application\/ld+json\" class=\"yoast-schema-graph\">{\"@context\":\"https:\/\/schema.org\",\"@graph\":[{\"@type\":\"Article\",\"@id\":\"https:\/\/vieassociative.be\/actualites\/safari-est-plus-prive-que-jamais-dans-ios-26\/#article\",\"isPartOf\":{\"@id\":\"https:\/\/vieassociative.be\/actualites\/safari-est-plus-prive-que-jamais-dans-ios-26\/\"},\"author\":{\"name\":\"Julien\",\"@id\":\"https:\/\/vieassociative.be\/actualites\/#\/schema\/person\/b87ac4f82f9d4e7b7cec7395b679edc4\"},\"headline\":\"Safari est plus priv\u00e9 que jamais dans iOS 26\",\"datePublished\":\"2025-09-27T01:17:23+00:00\",\"dateModified\":\"2025-09-27T01:17:23+00:00\",\"mainEntityOfPage\":{\"@id\":\"https:\/\/vieassociative.be\/actualites\/safari-est-plus-prive-que-jamais-dans-ios-26\/\"},\"wordCount\":693,\"publisher\":{\"@id\":\"https:\/\/vieassociative.be\/actualites\/#organization\"},\"image\":{\"@id\":\"https:\/\/vieassociative.be\/actualites\/safari-est-plus-prive-que-jamais-dans-ios-26\/#primaryimage\"},\"thumbnailUrl\":\"https:\/\/vieassociative.be\/actualites\/wp-content\/uploads\/2025\/09\/Safari-est-plus-prive-que-jamais-dans-iOS-26.jpg\",\"keywords\":[\"dans\",\"est\",\"iOS\",\"jamais\",\"priv\u00e9\",\"Safari\"],\"articleSection\":[\"Technologie\"],\"inLanguage\":\"fr-BE\"},{\"@type\":\"WebPage\",\"@id\":\"https:\/\/vieassociative.be\/actualites\/safari-est-plus-prive-que-jamais-dans-ios-26\/\",\"url\":\"https:\/\/vieassociative.be\/actualites\/safari-est-plus-prive-que-jamais-dans-ios-26\/\",\"name\":\"Safari est plus priv\u00e9 que jamais dans iOS 26 | Vie Associative\",\"isPartOf\":{\"@id\":\"https:\/\/vieassociative.be\/actualites\/#website\"},\"primaryImageOfPage\":{\"@id\":\"https:\/\/vieassociative.be\/actualites\/safari-est-plus-prive-que-jamais-dans-ios-26\/#primaryimage\"},\"image\":{\"@id\":\"https:\/\/vieassociative.be\/actualites\/safari-est-plus-prive-que-jamais-dans-ios-26\/#primaryimage\"},\"thumbnailUrl\":\"https:\/\/vieassociative.be\/actualites\/wp-content\/uploads\/2025\/09\/Safari-est-plus-prive-que-jamais-dans-iOS-26.jpg\",\"datePublished\":\"2025-09-27T01:17:23+00:00\",\"dateModified\":\"2025-09-27T01:17:23+00:00\",\"breadcrumb\":{\"@id\":\"https:\/\/vieassociative.be\/actualites\/safari-est-plus-prive-que-jamais-dans-ios-26\/#breadcrumb\"},\"inLanguage\":\"fr-BE\",\"potentialAction\":[{\"@type\":\"ReadAction\",\"target\":[\"https:\/\/vieassociative.be\/actualites\/safari-est-plus-prive-que-jamais-dans-ios-26\/\"]}]},{\"@type\":\"ImageObject\",\"inLanguage\":\"fr-BE\",\"@id\":\"https:\/\/vieassociative.be\/actualites\/safari-est-plus-prive-que-jamais-dans-ios-26\/#primaryimage\",\"url\":\"https:\/\/vieassociative.be\/actualites\/wp-content\/uploads\/2025\/09\/Safari-est-plus-prive-que-jamais-dans-iOS-26.jpg\",\"contentUrl\":\"https:\/\/vieassociative.be\/actualites\/wp-content\/uploads\/2025\/09\/Safari-est-plus-prive-que-jamais-dans-iOS-26.jpg\",\"width\":1200,\"height\":675,\"caption\":\"Safari est plus priv\u00e9 que jamais dans iOS 26\"},{\"@type\":\"BreadcrumbList\",\"@id\":\"https:\/\/vieassociative.be\/actualites\/safari-est-plus-prive-que-jamais-dans-ios-26\/#breadcrumb\",\"itemListElement\":[{\"@type\":\"ListItem\",\"position\":1,\"name\":\"Accueil\",\"item\":\"https:\/\/vieassociative.be\/actualites\/\"},{\"@type\":\"ListItem\",\"position\":2,\"name\":\"Safari est plus priv\u00e9 que jamais dans iOS 26\"}]},{\"@type\":\"WebSite\",\"@id\":\"https:\/\/vieassociative.be\/actualites\/#website\",\"url\":\"https:\/\/vieassociative.be\/actualites\/\",\"name\":\"Vie Associative\",\"description\":\"\",\"publisher\":{\"@id\":\"https:\/\/vieassociative.be\/actualites\/#organization\"},\"potentialAction\":[{\"@type\":\"SearchAction\",\"target\":{\"@type\":\"EntryPoint\",\"urlTemplate\":\"https:\/\/vieassociative.be\/actualites\/?s={search_term_string}\"},\"query-input\":{\"@type\":\"PropertyValueSpecification\",\"valueRequired\":true,\"valueName\":\"search_term_string\"}}],\"inLanguage\":\"fr-BE\"},{\"@type\":\"Organization\",\"@id\":\"https:\/\/vieassociative.be\/actualites\/#organization\",\"name\":\"Vie Associative\",\"url\":\"https:\/\/vieassociative.be\/actualites\/\",\"logo\":{\"@type\":\"ImageObject\",\"inLanguage\":\"fr-BE\",\"@id\":\"https:\/\/vieassociative.be\/actualites\/#\/schema\/logo\/image\/\",\"url\":\"https:\/\/vieassociative.be\/actualites\/wp-content\/uploads\/2024\/09\/cropped-vieassociative_favicon.ico.png\",\"contentUrl\":\"https:\/\/vieassociative.be\/actualites\/wp-content\/uploads\/2024\/09\/cropped-vieassociative_favicon.ico.png\",\"width\":512,\"height\":512,\"caption\":\"Vie Associative\"},\"image\":{\"@id\":\"https:\/\/vieassociative.be\/actualites\/#\/schema\/logo\/image\/\"}},{\"@type\":\"Person\",\"@id\":\"https:\/\/vieassociative.be\/actualites\/#\/schema\/person\/b87ac4f82f9d4e7b7cec7395b679edc4\",\"name\":\"Julien\",\"image\":{\"@type\":\"ImageObject\",\"inLanguage\":\"fr-BE\",\"@id\":\"https:\/\/vieassociative.be\/actualites\/#\/schema\/person\/image\/\",\"url\":\"https:\/\/vieassociative.be\/actualites\/wp-content\/uploads\/2024\/09\/vie-associative-1-150x150.jpg\",\"contentUrl\":\"https:\/\/vieassociative.be\/actualites\/wp-content\/uploads\/2024\/09\/vie-associative-1-150x150.jpg\",\"caption\":\"Julien\"},\"description\":\"Je suis Julien, r\u00e9dacteur pour Vie Associative. Passionn\u00e9 par le monde associatif depuis plus de 10 ans, j'ai \u00e0 c\u0153ur de partager des histoires inspirantes et de mettre en lumi\u00e8re les initiatives locales. Mon objectif est de sensibiliser et d'encourager l'engagement communautaire \u00e0 travers mes articles.\",\"sameAs\":[\"https:\/\/vieassociative.be\/\"]}]}<\/script>\n<!-- \/ Yoast SEO plugin. -->","yoast_head_json":{"title":"Safari est plus priv\u00e9 que jamais dans iOS 26 | Vie Associative","robots":{"index":"index","follow":"follow","max-snippet":"max-snippet:-1","max-image-preview":"max-image-preview:large","max-video-preview":"max-video-preview:-1"},"canonical":"https:\/\/vieassociative.be\/actualites\/safari-est-plus-prive-que-jamais-dans-ios-26\/","og_locale":"fr_FR","og_type":"article","og_title":"Safari est plus priv\u00e9 que jamais dans iOS 26 | Vie Associative","og_description":"C&rsquo;est \u00e9galement vrai pour Safari sur votre Mac. Saviez-vous que vous pouvez personnaliser Google pour filtrer les ordures? Prendre ces \u00e9tapes Pour de meilleurs r\u00e9sultats","og_url":"https:\/\/vieassociative.be\/actualites\/safari-est-plus-prive-que-jamais-dans-ios-26\/","og_site_name":"Vie Associative","article_published_time":"2025-09-27T01:17:23+00:00","og_image":[{"url":"https:\/\/vieassociative.be\/actualites\/wp-content\/uploads\/2025\/09\/1757726237_608_Meta-pourrait-devoiler-une-montre-intelligente-pour-controler-ses-lunettes.jpg","type":"","width":"","height":""}],"author":"Julien","twitter_card":"summary_large_image","twitter_misc":{"\u00c9crit par":"Julien","Dur\u00e9e de lecture est.":"3 minutes"},"schema":{"@context":"https:\/\/schema.org","@graph":[{"@type":"Article","@id":"https:\/\/vieassociative.be\/actualites\/safari-est-plus-prive-que-jamais-dans-ios-26\/#article","isPartOf":{"@id":"https:\/\/vieassociative.be\/actualites\/safari-est-plus-prive-que-jamais-dans-ios-26\/"},"author":{"name":"Julien","@id":"https:\/\/vieassociative.be\/actualites\/#\/schema\/person\/b87ac4f82f9d4e7b7cec7395b679edc4"},"headline":"Safari est plus priv\u00e9 que jamais dans iOS 26","datePublished":"2025-09-27T01:17:23+00:00","dateModified":"2025-09-27T01:17:23+00:00","mainEntityOfPage":{"@id":"https:\/\/vieassociative.be\/actualites\/safari-est-plus-prive-que-jamais-dans-ios-26\/"},"wordCount":693,"publisher":{"@id":"https:\/\/vieassociative.be\/actualites\/#organization"},"image":{"@id":"https:\/\/vieassociative.be\/actualites\/safari-est-plus-prive-que-jamais-dans-ios-26\/#primaryimage"},"thumbnailUrl":"https:\/\/vieassociative.be\/actualites\/wp-content\/uploads\/2025\/09\/Safari-est-plus-prive-que-jamais-dans-iOS-26.jpg","keywords":["dans","est","iOS","jamais","priv\u00e9","Safari"],"articleSection":["Technologie"],"inLanguage":"fr-BE"},{"@type":"WebPage","@id":"https:\/\/vieassociative.be\/actualites\/safari-est-plus-prive-que-jamais-dans-ios-26\/","url":"https:\/\/vieassociative.be\/actualites\/safari-est-plus-prive-que-jamais-dans-ios-26\/","name":"Safari est plus priv\u00e9 que jamais dans iOS 26 | Vie Associative","isPartOf":{"@id":"https:\/\/vieassociative.be\/actualites\/#website"},"primaryImageOfPage":{"@id":"https:\/\/vieassociative.be\/actualites\/safari-est-plus-prive-que-jamais-dans-ios-26\/#primaryimage"},"image":{"@id":"https:\/\/vieassociative.be\/actualites\/safari-est-plus-prive-que-jamais-dans-ios-26\/#primaryimage"},"thumbnailUrl":"https:\/\/vieassociative.be\/actualites\/wp-content\/uploads\/2025\/09\/Safari-est-plus-prive-que-jamais-dans-iOS-26.jpg","datePublished":"2025-09-27T01:17:23+00:00","dateModified":"2025-09-27T01:17:23+00:00","breadcrumb":{"@id":"https:\/\/vieassociative.be\/actualites\/safari-est-plus-prive-que-jamais-dans-ios-26\/#breadcrumb"},"inLanguage":"fr-BE","potentialAction":[{"@type":"ReadAction","target":["https:\/\/vieassociative.be\/actualites\/safari-est-plus-prive-que-jamais-dans-ios-26\/"]}]},{"@type":"ImageObject","inLanguage":"fr-BE","@id":"https:\/\/vieassociative.be\/actualites\/safari-est-plus-prive-que-jamais-dans-ios-26\/#primaryimage","url":"https:\/\/vieassociative.be\/actualites\/wp-content\/uploads\/2025\/09\/Safari-est-plus-prive-que-jamais-dans-iOS-26.jpg","contentUrl":"https:\/\/vieassociative.be\/actualites\/wp-content\/uploads\/2025\/09\/Safari-est-plus-prive-que-jamais-dans-iOS-26.jpg","width":1200,"height":675,"caption":"Safari est plus priv\u00e9 que jamais dans iOS 26"},{"@type":"BreadcrumbList","@id":"https:\/\/vieassociative.be\/actualites\/safari-est-plus-prive-que-jamais-dans-ios-26\/#breadcrumb","itemListElement":[{"@type":"ListItem","position":1,"name":"Accueil","item":"https:\/\/vieassociative.be\/actualites\/"},{"@type":"ListItem","position":2,"name":"Safari est plus priv\u00e9 que jamais dans iOS 26"}]},{"@type":"WebSite","@id":"https:\/\/vieassociative.be\/actualites\/#website","url":"https:\/\/vieassociative.be\/actualites\/","name":"Vie Associative","description":"","publisher":{"@id":"https:\/\/vieassociative.be\/actualites\/#organization"},"potentialAction":[{"@type":"SearchAction","target":{"@type":"EntryPoint","urlTemplate":"https:\/\/vieassociative.be\/actualites\/?s={search_term_string}"},"query-input":{"@type":"PropertyValueSpecification","valueRequired":true,"valueName":"search_term_string"}}],"inLanguage":"fr-BE"},{"@type":"Organization","@id":"https:\/\/vieassociative.be\/actualites\/#organization","name":"Vie Associative","url":"https:\/\/vieassociative.be\/actualites\/","logo":{"@type":"ImageObject","inLanguage":"fr-BE","@id":"https:\/\/vieassociative.be\/actualites\/#\/schema\/logo\/image\/","url":"https:\/\/vieassociative.be\/actualites\/wp-content\/uploads\/2024\/09\/cropped-vieassociative_favicon.ico.png","contentUrl":"https:\/\/vieassociative.be\/actualites\/wp-content\/uploads\/2024\/09\/cropped-vieassociative_favicon.ico.png","width":512,"height":512,"caption":"Vie Associative"},"image":{"@id":"https:\/\/vieassociative.be\/actualites\/#\/schema\/logo\/image\/"}},{"@type":"Person","@id":"https:\/\/vieassociative.be\/actualites\/#\/schema\/person\/b87ac4f82f9d4e7b7cec7395b679edc4","name":"Julien","image":{"@type":"ImageObject","inLanguage":"fr-BE","@id":"https:\/\/vieassociative.be\/actualites\/#\/schema\/person\/image\/","url":"https:\/\/vieassociative.be\/actualites\/wp-content\/uploads\/2024\/09\/vie-associative-1-150x150.jpg","contentUrl":"https:\/\/vieassociative.be\/actualites\/wp-content\/uploads\/2024\/09\/vie-associative-1-150x150.jpg","caption":"Julien"},"description":"Je suis Julien, r\u00e9dacteur pour Vie Associative. Passionn\u00e9 par le monde associatif depuis plus de 10 ans, j'ai \u00e0 c\u0153ur de partager des histoires inspirantes et de mettre en lumi\u00e8re les initiatives locales. Mon objectif est de sensibiliser et d'encourager l'engagement communautaire \u00e0 travers mes articles.","sameAs":["https:\/\/vieassociative.be\/"]}]}},"_links":{"self":[{"href":"https:\/\/vieassociative.be\/actualites\/wp-json\/wp\/v2\/posts\/10281"}],"collection":[{"href":"https:\/\/vieassociative.be\/actualites\/wp-json\/wp\/v2\/posts"}],"about":[{"href":"https:\/\/vieassociative.be\/actualites\/wp-json\/wp\/v2\/types\/post"}],"author":[{"embeddable":true,"href":"https:\/\/vieassociative.be\/actualites\/wp-json\/wp\/v2\/users\/1"}],"replies":[{"embeddable":true,"href":"https:\/\/vieassociative.be\/actualites\/wp-json\/wp\/v2\/comments?post=10281"}],"version-history":[{"count":0,"href":"https:\/\/vieassociative.be\/actualites\/wp-json\/wp\/v2\/posts\/10281\/revisions"}],"wp:featuredmedia":[{"embeddable":true,"href":"https:\/\/vieassociative.be\/actualites\/wp-json\/wp\/v2\/media\/10282"}],"wp:attachment":[{"href":"https:\/\/vieassociative.be\/actualites\/wp-json\/wp\/v2\/media?parent=10281"}],"wp:term":[{"taxonomy":"category","embeddable":true,"href":"https:\/\/vieassociative.be\/actualites\/wp-json\/wp\/v2\/categories?post=10281"},{"taxonomy":"post_tag","embeddable":true,"href":"https:\/\/vieassociative.be\/actualites\/wp-json\/wp\/v2\/tags?post=10281"}],"curies":[{"name":"wp","href":"https:\/\/api.w.org\/{rel}","templated":true}]}}