{"id":10280,"date":"2025-09-26T22:17:30","date_gmt":"2025-09-26T20:17:30","guid":{"rendered":"https:\/\/vieassociative.be\/actualites\/eupener-municipal-college-propose-des-heures-de-consultation\/"},"modified":"2025-09-26T22:17:30","modified_gmt":"2025-09-26T20:17:30","slug":"eupener-municipal-college-propose-des-heures-de-consultation","status":"publish","type":"post","link":"https:\/\/vieassociative.be\/actualites\/eupener-municipal-college-propose-des-heures-de-consultation\/","title":{"rendered":"Eupener Municipal College propose des heures de consultation"},"content":{"rendered":"<p><strong>Le Municipal College propose des heures de consultation des citoyens depuis le 22 mars 2025. Jusqu&rsquo;\u00e0 pr\u00e9sent, 14 rendez-vous ont eu lieu qui ont \u00e9t\u00e9 utilis\u00e9s pour discuter facilement des questions, des suggestions et des pr\u00e9occupations.<\/strong><\/p>\n<p><span id=\"more-425581\"><\/span>Les heures de consultation des citoyens ont lieu \u00e0 l&rsquo;h\u00f4tel de ville (Rathausplatz 14, Infos de touristes d&rsquo;entr\u00e9e), tous les samedis de 9 h 30 \u00e0 11 h.<\/p>\n<p>Les citoyens peuvent venir spontan\u00e9ment sans nomination pr\u00e9alable et recevoir une nomination dans l&rsquo;ordre de leur arriv\u00e9e.<\/p>\n<p>La derni\u00e8re conversation a lieu \u00e0 10 h 45.<\/p>\n<p>En plus des heures de consultation, les demandes de renseignements peuvent continuer \u00e0 \u00eatre envoy\u00e9es directement au maire ou au juge la\u00efc par e-mail ou par t\u00e9l\u00e9phone et \u00e0 l&rsquo;administration de la ville via info@eupen.be, les nominations individuelles peuvent \u00e9galement \u00eatre convenues avec les membres du Municipal College, en dehors des heures de bureau.<\/p>\n<p>Les dates des heures de consultation des citoyens jusqu&rsquo;\u00e0 la fin de l&rsquo;ann\u00e9e: 4 octobre 18 octobre, 8 novembre, 22 novembre, 06.12. et 20.12.2025.<\/p>\n","protected":false},"excerpt":{"rendered":"<p>Le Municipal College propose des heures de consultation des citoyens depuis le 22 mars 2025. Jusqu&rsquo;\u00e0 pr\u00e9sent, 14 rendez-vous ont eu lieu qui ont \u00e9t\u00e9<\/p>\n","protected":false},"author":1,"featured_media":2989,"comment_status":"","ping_status":"","sticky":false,"template":"","format":"standard","meta":{"footnotes":""},"categories":[298],"tags":[2484,8683,29,5049,3258,4052,1546],"class_list":["post-10280","post","type-post","status-publish","format-standard","has-post-thumbnail","hentry","category-belgique","tag-college","tag-consultation","tag-des","tag-eupener","tag-heures","tag-municipal","tag-propose","generate-columns","tablet-grid-50","mobile-grid-100","grid-parent","grid-33"],"yoast_head":"<!-- This site is optimized with the Yoast SEO plugin v24.0 - https:\/\/yoast.com\/wordpress\/plugins\/seo\/ -->\n<title>Eupener Municipal College propose des heures de consultation | Vie Associative<\/title>\n<meta name=\"robots\" content=\"index, follow, max-snippet:-1, max-image-preview:large, max-video-preview:-1\" \/>\n<link rel=\"canonical\" href=\"https:\/\/vieassociative.be\/actualites\/eupener-municipal-college-propose-des-heures-de-consultation\/\" \/>\n<meta property=\"og:locale\" content=\"fr_FR\" \/>\n<meta property=\"og:type\" content=\"article\" \/>\n<meta property=\"og:title\" content=\"Eupener Municipal College propose des heures de consultation | Vie Associative\" \/>\n<meta property=\"og:description\" content=\"Le Municipal College propose des heures de consultation des citoyens depuis le 22 mars 2025. Jusqu&rsquo;\u00e0 pr\u00e9sent, 14 rendez-vous ont eu lieu qui ont \u00e9t\u00e9\" \/>\n<meta property=\"og:url\" content=\"https:\/\/vieassociative.be\/actualites\/eupener-municipal-college-propose-des-heures-de-consultation\/\" \/>\n<meta property=\"og:site_name\" content=\"Vie Associative\" \/>\n<meta property=\"article:published_time\" content=\"2025-09-26T20:17:30+00:00\" \/>\n<meta property=\"og:image\" content=\"https:\/\/vieassociative.be\/actualites\/wp-content\/uploads\/2024\/09\/header_backgroundk-01-e1726694325946.png\" \/>\n\t<meta property=\"og:image:width\" content=\"279\" \/>\n\t<meta property=\"og:image:height\" content=\"92\" \/>\n\t<meta property=\"og:image:type\" content=\"image\/png\" \/>\n<meta name=\"author\" content=\"Julien\" \/>\n<meta name=\"twitter:card\" content=\"summary_large_image\" \/>\n<meta name=\"twitter:label1\" content=\"\u00c9crit par\" \/>\n\t<meta name=\"twitter:data1\" content=\"Julien\" \/>\n\t<meta name=\"twitter:label2\" content=\"Dur\u00e9e de lecture est.\" \/>\n\t<meta name=\"twitter:data2\" content=\"1 minute\" \/>\n<script type=\"application\/ld+json\" class=\"yoast-schema-graph\">{\"@context\":\"https:\/\/schema.org\",\"@graph\":[{\"@type\":\"Article\",\"@id\":\"https:\/\/vieassociative.be\/actualites\/eupener-municipal-college-propose-des-heures-de-consultation\/#article\",\"isPartOf\":{\"@id\":\"https:\/\/vieassociative.be\/actualites\/eupener-municipal-college-propose-des-heures-de-consultation\/\"},\"author\":{\"name\":\"Julien\",\"@id\":\"https:\/\/vieassociative.be\/actualites\/#\/schema\/person\/b87ac4f82f9d4e7b7cec7395b679edc4\"},\"headline\":\"Eupener Municipal College propose des heures de consultation\",\"datePublished\":\"2025-09-26T20:17:30+00:00\",\"dateModified\":\"2025-09-26T20:17:30+00:00\",\"mainEntityOfPage\":{\"@id\":\"https:\/\/vieassociative.be\/actualites\/eupener-municipal-college-propose-des-heures-de-consultation\/\"},\"wordCount\":177,\"publisher\":{\"@id\":\"https:\/\/vieassociative.be\/actualites\/#organization\"},\"image\":{\"@id\":\"https:\/\/vieassociative.be\/actualites\/eupener-municipal-college-propose-des-heures-de-consultation\/#primaryimage\"},\"thumbnailUrl\":\"https:\/\/vieassociative.be\/actualites\/wp-content\/uploads\/2024\/12\/Les-nouveaux-conseillers-locaux-seront-presentes-aujourdhui-les-maires.jpg\",\"keywords\":[\"coll\u00e8ge\",\"consultation\",\"Des\",\"Eupener\",\"heures\",\"municipal\",\"propose\"],\"articleSection\":[\"Belgique\"],\"inLanguage\":\"fr-BE\"},{\"@type\":\"WebPage\",\"@id\":\"https:\/\/vieassociative.be\/actualites\/eupener-municipal-college-propose-des-heures-de-consultation\/\",\"url\":\"https:\/\/vieassociative.be\/actualites\/eupener-municipal-college-propose-des-heures-de-consultation\/\",\"name\":\"Eupener Municipal College propose des heures de consultation | Vie Associative\",\"isPartOf\":{\"@id\":\"https:\/\/vieassociative.be\/actualites\/#website\"},\"primaryImageOfPage\":{\"@id\":\"https:\/\/vieassociative.be\/actualites\/eupener-municipal-college-propose-des-heures-de-consultation\/#primaryimage\"},\"image\":{\"@id\":\"https:\/\/vieassociative.be\/actualites\/eupener-municipal-college-propose-des-heures-de-consultation\/#primaryimage\"},\"thumbnailUrl\":\"https:\/\/vieassociative.be\/actualites\/wp-content\/uploads\/2024\/12\/Les-nouveaux-conseillers-locaux-seront-presentes-aujourdhui-les-maires.jpg\",\"datePublished\":\"2025-09-26T20:17:30+00:00\",\"dateModified\":\"2025-09-26T20:17:30+00:00\",\"breadcrumb\":{\"@id\":\"https:\/\/vieassociative.be\/actualites\/eupener-municipal-college-propose-des-heures-de-consultation\/#breadcrumb\"},\"inLanguage\":\"fr-BE\",\"potentialAction\":[{\"@type\":\"ReadAction\",\"target\":[\"https:\/\/vieassociative.be\/actualites\/eupener-municipal-college-propose-des-heures-de-consultation\/\"]}]},{\"@type\":\"ImageObject\",\"inLanguage\":\"fr-BE\",\"@id\":\"https:\/\/vieassociative.be\/actualites\/eupener-municipal-college-propose-des-heures-de-consultation\/#primaryimage\",\"url\":\"https:\/\/vieassociative.be\/actualites\/wp-content\/uploads\/2024\/12\/Les-nouveaux-conseillers-locaux-seront-presentes-aujourdhui-les-maires.jpg\",\"contentUrl\":\"https:\/\/vieassociative.be\/actualites\/wp-content\/uploads\/2024\/12\/Les-nouveaux-conseillers-locaux-seront-presentes-aujourdhui-les-maires.jpg\",\"width\":1200,\"height\":802,\"caption\":\"Les nouveaux conseillers locaux seront pr\u00e9sent\u00e9s aujourd'hui - les maires pr\u00eateront serment mardi\"},{\"@type\":\"BreadcrumbList\",\"@id\":\"https:\/\/vieassociative.be\/actualites\/eupener-municipal-college-propose-des-heures-de-consultation\/#breadcrumb\",\"itemListElement\":[{\"@type\":\"ListItem\",\"position\":1,\"name\":\"Accueil\",\"item\":\"https:\/\/vieassociative.be\/actualites\/\"},{\"@type\":\"ListItem\",\"position\":2,\"name\":\"Eupener Municipal College propose des heures de consultation\"}]},{\"@type\":\"WebSite\",\"@id\":\"https:\/\/vieassociative.be\/actualites\/#website\",\"url\":\"https:\/\/vieassociative.be\/actualites\/\",\"name\":\"Vie Associative\",\"description\":\"\",\"publisher\":{\"@id\":\"https:\/\/vieassociative.be\/actualites\/#organization\"},\"potentialAction\":[{\"@type\":\"SearchAction\",\"target\":{\"@type\":\"EntryPoint\",\"urlTemplate\":\"https:\/\/vieassociative.be\/actualites\/?s={search_term_string}\"},\"query-input\":{\"@type\":\"PropertyValueSpecification\",\"valueRequired\":true,\"valueName\":\"search_term_string\"}}],\"inLanguage\":\"fr-BE\"},{\"@type\":\"Organization\",\"@id\":\"https:\/\/vieassociative.be\/actualites\/#organization\",\"name\":\"Vie Associative\",\"url\":\"https:\/\/vieassociative.be\/actualites\/\",\"logo\":{\"@type\":\"ImageObject\",\"inLanguage\":\"fr-BE\",\"@id\":\"https:\/\/vieassociative.be\/actualites\/#\/schema\/logo\/image\/\",\"url\":\"https:\/\/vieassociative.be\/actualites\/wp-content\/uploads\/2024\/09\/cropped-vieassociative_favicon.ico.png\",\"contentUrl\":\"https:\/\/vieassociative.be\/actualites\/wp-content\/uploads\/2024\/09\/cropped-vieassociative_favicon.ico.png\",\"width\":512,\"height\":512,\"caption\":\"Vie Associative\"},\"image\":{\"@id\":\"https:\/\/vieassociative.be\/actualites\/#\/schema\/logo\/image\/\"}},{\"@type\":\"Person\",\"@id\":\"https:\/\/vieassociative.be\/actualites\/#\/schema\/person\/b87ac4f82f9d4e7b7cec7395b679edc4\",\"name\":\"Julien\",\"image\":{\"@type\":\"ImageObject\",\"inLanguage\":\"fr-BE\",\"@id\":\"https:\/\/vieassociative.be\/actualites\/#\/schema\/person\/image\/\",\"url\":\"https:\/\/vieassociative.be\/actualites\/wp-content\/uploads\/2024\/09\/vie-associative-1-150x150.jpg\",\"contentUrl\":\"https:\/\/vieassociative.be\/actualites\/wp-content\/uploads\/2024\/09\/vie-associative-1-150x150.jpg\",\"caption\":\"Julien\"},\"description\":\"Je suis Julien, r\u00e9dacteur pour Vie Associative. Passionn\u00e9 par le monde associatif depuis plus de 10 ans, j'ai \u00e0 c\u0153ur de partager des histoires inspirantes et de mettre en lumi\u00e8re les initiatives locales. Mon objectif est de sensibiliser et d'encourager l'engagement communautaire \u00e0 travers mes articles.\",\"sameAs\":[\"https:\/\/vieassociative.be\/\"]}]}<\/script>\n<!-- \/ Yoast SEO plugin. -->","yoast_head_json":{"title":"Eupener Municipal College propose des heures de consultation | Vie Associative","robots":{"index":"index","follow":"follow","max-snippet":"max-snippet:-1","max-image-preview":"max-image-preview:large","max-video-preview":"max-video-preview:-1"},"canonical":"https:\/\/vieassociative.be\/actualites\/eupener-municipal-college-propose-des-heures-de-consultation\/","og_locale":"fr_FR","og_type":"article","og_title":"Eupener Municipal College propose des heures de consultation | Vie Associative","og_description":"Le Municipal College propose des heures de consultation des citoyens depuis le 22 mars 2025. Jusqu&rsquo;\u00e0 pr\u00e9sent, 14 rendez-vous ont eu lieu qui ont \u00e9t\u00e9","og_url":"https:\/\/vieassociative.be\/actualites\/eupener-municipal-college-propose-des-heures-de-consultation\/","og_site_name":"Vie Associative","article_published_time":"2025-09-26T20:17:30+00:00","og_image":[{"width":279,"height":92,"url":"https:\/\/vieassociative.be\/actualites\/wp-content\/uploads\/2024\/09\/header_backgroundk-01-e1726694325946.png","type":"image\/png"}],"author":"Julien","twitter_card":"summary_large_image","twitter_misc":{"\u00c9crit par":"Julien","Dur\u00e9e de lecture est.":"1 minute"},"schema":{"@context":"https:\/\/schema.org","@graph":[{"@type":"Article","@id":"https:\/\/vieassociative.be\/actualites\/eupener-municipal-college-propose-des-heures-de-consultation\/#article","isPartOf":{"@id":"https:\/\/vieassociative.be\/actualites\/eupener-municipal-college-propose-des-heures-de-consultation\/"},"author":{"name":"Julien","@id":"https:\/\/vieassociative.be\/actualites\/#\/schema\/person\/b87ac4f82f9d4e7b7cec7395b679edc4"},"headline":"Eupener Municipal College propose des heures de consultation","datePublished":"2025-09-26T20:17:30+00:00","dateModified":"2025-09-26T20:17:30+00:00","mainEntityOfPage":{"@id":"https:\/\/vieassociative.be\/actualites\/eupener-municipal-college-propose-des-heures-de-consultation\/"},"wordCount":177,"publisher":{"@id":"https:\/\/vieassociative.be\/actualites\/#organization"},"image":{"@id":"https:\/\/vieassociative.be\/actualites\/eupener-municipal-college-propose-des-heures-de-consultation\/#primaryimage"},"thumbnailUrl":"https:\/\/vieassociative.be\/actualites\/wp-content\/uploads\/2024\/12\/Les-nouveaux-conseillers-locaux-seront-presentes-aujourdhui-les-maires.jpg","keywords":["coll\u00e8ge","consultation","Des","Eupener","heures","municipal","propose"],"articleSection":["Belgique"],"inLanguage":"fr-BE"},{"@type":"WebPage","@id":"https:\/\/vieassociative.be\/actualites\/eupener-municipal-college-propose-des-heures-de-consultation\/","url":"https:\/\/vieassociative.be\/actualites\/eupener-municipal-college-propose-des-heures-de-consultation\/","name":"Eupener Municipal College propose des heures de consultation | Vie Associative","isPartOf":{"@id":"https:\/\/vieassociative.be\/actualites\/#website"},"primaryImageOfPage":{"@id":"https:\/\/vieassociative.be\/actualites\/eupener-municipal-college-propose-des-heures-de-consultation\/#primaryimage"},"image":{"@id":"https:\/\/vieassociative.be\/actualites\/eupener-municipal-college-propose-des-heures-de-consultation\/#primaryimage"},"thumbnailUrl":"https:\/\/vieassociative.be\/actualites\/wp-content\/uploads\/2024\/12\/Les-nouveaux-conseillers-locaux-seront-presentes-aujourdhui-les-maires.jpg","datePublished":"2025-09-26T20:17:30+00:00","dateModified":"2025-09-26T20:17:30+00:00","breadcrumb":{"@id":"https:\/\/vieassociative.be\/actualites\/eupener-municipal-college-propose-des-heures-de-consultation\/#breadcrumb"},"inLanguage":"fr-BE","potentialAction":[{"@type":"ReadAction","target":["https:\/\/vieassociative.be\/actualites\/eupener-municipal-college-propose-des-heures-de-consultation\/"]}]},{"@type":"ImageObject","inLanguage":"fr-BE","@id":"https:\/\/vieassociative.be\/actualites\/eupener-municipal-college-propose-des-heures-de-consultation\/#primaryimage","url":"https:\/\/vieassociative.be\/actualites\/wp-content\/uploads\/2024\/12\/Les-nouveaux-conseillers-locaux-seront-presentes-aujourdhui-les-maires.jpg","contentUrl":"https:\/\/vieassociative.be\/actualites\/wp-content\/uploads\/2024\/12\/Les-nouveaux-conseillers-locaux-seront-presentes-aujourdhui-les-maires.jpg","width":1200,"height":802,"caption":"Les nouveaux conseillers locaux seront pr\u00e9sent\u00e9s aujourd'hui - les maires pr\u00eateront serment mardi"},{"@type":"BreadcrumbList","@id":"https:\/\/vieassociative.be\/actualites\/eupener-municipal-college-propose-des-heures-de-consultation\/#breadcrumb","itemListElement":[{"@type":"ListItem","position":1,"name":"Accueil","item":"https:\/\/vieassociative.be\/actualites\/"},{"@type":"ListItem","position":2,"name":"Eupener Municipal College propose des heures de consultation"}]},{"@type":"WebSite","@id":"https:\/\/vieassociative.be\/actualites\/#website","url":"https:\/\/vieassociative.be\/actualites\/","name":"Vie Associative","description":"","publisher":{"@id":"https:\/\/vieassociative.be\/actualites\/#organization"},"potentialAction":[{"@type":"SearchAction","target":{"@type":"EntryPoint","urlTemplate":"https:\/\/vieassociative.be\/actualites\/?s={search_term_string}"},"query-input":{"@type":"PropertyValueSpecification","valueRequired":true,"valueName":"search_term_string"}}],"inLanguage":"fr-BE"},{"@type":"Organization","@id":"https:\/\/vieassociative.be\/actualites\/#organization","name":"Vie Associative","url":"https:\/\/vieassociative.be\/actualites\/","logo":{"@type":"ImageObject","inLanguage":"fr-BE","@id":"https:\/\/vieassociative.be\/actualites\/#\/schema\/logo\/image\/","url":"https:\/\/vieassociative.be\/actualites\/wp-content\/uploads\/2024\/09\/cropped-vieassociative_favicon.ico.png","contentUrl":"https:\/\/vieassociative.be\/actualites\/wp-content\/uploads\/2024\/09\/cropped-vieassociative_favicon.ico.png","width":512,"height":512,"caption":"Vie Associative"},"image":{"@id":"https:\/\/vieassociative.be\/actualites\/#\/schema\/logo\/image\/"}},{"@type":"Person","@id":"https:\/\/vieassociative.be\/actualites\/#\/schema\/person\/b87ac4f82f9d4e7b7cec7395b679edc4","name":"Julien","image":{"@type":"ImageObject","inLanguage":"fr-BE","@id":"https:\/\/vieassociative.be\/actualites\/#\/schema\/person\/image\/","url":"https:\/\/vieassociative.be\/actualites\/wp-content\/uploads\/2024\/09\/vie-associative-1-150x150.jpg","contentUrl":"https:\/\/vieassociative.be\/actualites\/wp-content\/uploads\/2024\/09\/vie-associative-1-150x150.jpg","caption":"Julien"},"description":"Je suis Julien, r\u00e9dacteur pour Vie Associative. Passionn\u00e9 par le monde associatif depuis plus de 10 ans, j'ai \u00e0 c\u0153ur de partager des histoires inspirantes et de mettre en lumi\u00e8re les initiatives locales. Mon objectif est de sensibiliser et d'encourager l'engagement communautaire \u00e0 travers mes articles.","sameAs":["https:\/\/vieassociative.be\/"]}]}},"_links":{"self":[{"href":"https:\/\/vieassociative.be\/actualites\/wp-json\/wp\/v2\/posts\/10280"}],"collection":[{"href":"https:\/\/vieassociative.be\/actualites\/wp-json\/wp\/v2\/posts"}],"about":[{"href":"https:\/\/vieassociative.be\/actualites\/wp-json\/wp\/v2\/types\/post"}],"author":[{"embeddable":true,"href":"https:\/\/vieassociative.be\/actualites\/wp-json\/wp\/v2\/users\/1"}],"replies":[{"embeddable":true,"href":"https:\/\/vieassociative.be\/actualites\/wp-json\/wp\/v2\/comments?post=10280"}],"version-history":[{"count":0,"href":"https:\/\/vieassociative.be\/actualites\/wp-json\/wp\/v2\/posts\/10280\/revisions"}],"wp:featuredmedia":[{"embeddable":true,"href":"https:\/\/vieassociative.be\/actualites\/wp-json\/wp\/v2\/media\/2989"}],"wp:attachment":[{"href":"https:\/\/vieassociative.be\/actualites\/wp-json\/wp\/v2\/media?parent=10280"}],"wp:term":[{"taxonomy":"category","embeddable":true,"href":"https:\/\/vieassociative.be\/actualites\/wp-json\/wp\/v2\/categories?post=10280"},{"taxonomy":"post_tag","embeddable":true,"href":"https:\/\/vieassociative.be\/actualites\/wp-json\/wp\/v2\/tags?post=10280"}],"curies":[{"name":"wp","href":"https:\/\/api.w.org\/{rel}","templated":true}]}}