{"id":10277,"date":"2025-09-26T20:16:57","date_gmt":"2025-09-26T18:16:57","guid":{"rendered":"https:\/\/vieassociative.be\/actualites\/essayez-ce-parametre-pour-ameliorer-la-duree-de-vie-de-votre-batterie-dans-ios-26-2\/"},"modified":"2025-09-26T20:16:57","modified_gmt":"2025-09-26T18:16:57","slug":"essayez-ce-parametre-pour-ameliorer-la-duree-de-vie-de-votre-batterie-dans-ios-26-2","status":"publish","type":"post","link":"https:\/\/vieassociative.be\/actualites\/essayez-ce-parametre-pour-ameliorer-la-duree-de-vie-de-votre-batterie-dans-ios-26-2\/","title":{"rendered":"Essayez ce param\u00e8tre pour am\u00e9liorer la dur\u00e9e de vie de votre batterie dans iOS 26"},"content":{"rendered":"<div class=\"mt-4 leading-6 md:mb-8\">L&rsquo;alimentation adaptative peut aider la batterie de votre iPhone un peu plus longtemps.<\/div>\n<p><\/p>\n<p><em>Saviez-vous que vous pouvez personnaliser Google pour filtrer les ordures? Prendre ces \u00e9tapes<\/em><em>  Pour de meilleurs r\u00e9sultats de recherche, notamment en ajoutant mon travail chez Vie Associative comme source pr\u00e9f\u00e9r\u00e9e<\/em><em>.<\/em><\/p>\n<hr>\n<p>Je serais pr\u00eat \u00e0 parier que la seule chose que la plupart d&rsquo;entre nous veulent de nos iPhones est assez simple: plus de dur\u00e9e de vie de la batterie. Apple peut continuer \u00e0 ajouter de nouvelles fonctionnalit\u00e9s et conceptions \u00e0 chaque nouvelle it\u00e9ration de smartphone, mais si la soci\u00e9t\u00e9 vient d&rsquo;annoncer un nouvel iPhone avec une dur\u00e9e de vie de batterie record, les clients seraient ravis. <\/p>\n<p>Bien que nous puissions attendre un moment o\u00f9 l&rsquo;iPhone peut passer quelques jours entre les frais, Apple a ajout\u00e9 une nouvelle option \u00e0 iOS 26 afin de prolonger la dur\u00e9e de vie de la batterie de votre iPhone. La fonctionnalit\u00e9, Adaptive Power, utilise une IA \u00e0 disque pour analyser l&rsquo;utilisation de votre iPhone et devinez les moments o\u00f9 vous aurez besoin d&rsquo;une dur\u00e9e de vie suppl\u00e9mentaire de la batterie. C&rsquo;est exactement comme \u00e7a que je veux voir l&rsquo;IA utilis\u00e9e &#8211; pas pour g\u00e9n\u00e9rer des vid\u00e9os hyper r\u00e9alistes ou une pente musicale. <\/p>\n<div class=\"mx-auto mb-12 mt-5 w-full max-w-3xl rounded-md border-2 border-gray-100 p-3 shadow-md md:px-7 md:pb-7 md:pt-5\" id=\"related-video\">\n<div class=\"mb-3 flex items-center md:mb-5\">\n        <img decoding=\"async\" class=\"mr-4 mt-0 h-10 w-10 md:mr-5 md:h-12 md:w-12\" src=\"https:\/\/vieassociative.be\/actualites\/wp-content\/uploads\/2025\/09\/1757726237_608_Meta-pourrait-devoiler-une-montre-intelligente-pour-controler-ses-lunettes.jpg\" alt=\"Logo Lifehacker\"><\/p><\/div>\n<div class=\"aspect-video w-full overflow-hidden rounded-md\">\n<div id=\"video-container-01K63JAVHY4KF0EFXS138MKTVJ\"><\/div>\n<\/p><\/div>\n<\/div>\n<h2 id=\"how-adaptive-power-tries-to-boost-your-battery\">Comment l&rsquo;alimentation adaptative essaie de stimuler votre batterie<\/h2>\n<p>Lorsque la puissance adaptative d\u00e9cide qu&rsquo;il est temps de s&rsquo;engager, la fonctionnalit\u00e9 peut ajuster le niveau de performance de votre iPhone. Cela fera que certaines t\u00e2ches prendront plus de temps qu&rsquo;elles ne le feraient normalement, mais cette vitesse plus lente sauve \u00e0 la dur\u00e9e de vie de la batterie. De plus, la puissance adaptative r\u00e9duit la luminosit\u00e9 de l&rsquo;\u00e9cran de 3%, limite l&rsquo;activit\u00e9 de fond et, lorsque votre iPhone atteint 20%, les coups de pied en mode basse puissance sans vous demander d&rsquo;abord. <\/p>\n<p>Apple n&rsquo;est pas totalement clair ici sur la diff\u00e9rence entre le mode faible puissance et la puissance adaptative en g\u00e9n\u00e9ral. D&rsquo;apr\u00e8s ce que nous savons, il semble que la puissance adaptative r\u00e9duit simplement les vitesses de traitement \u00e0 des intervalles de s\u00e9lection, et ne fait que baisser l\u00e9g\u00e8rement la luminosit\u00e9, tandis que le mode de faible puissance ralentit les vitesses et affiche le taux de rafra\u00eechissement, et limite la luminosit\u00e9, la 5G, la synchronisation iCloud et la r\u00e9cup\u00e9ration du courrier, entre autres t\u00e2ches.  <\/p>\n<p>L&rsquo;alimentation adaptative est activ\u00e9e par d\u00e9faut sur les nouveaux iPhones d&rsquo;Apple, notamment l&rsquo;iPhone 17, l&rsquo;iPhone 17 Pro, l&rsquo;iPhone 17 Pro Max et l&rsquo;iPhone Air, qui pourrait tr\u00e8s probablement b\u00e9n\u00e9ficier d&rsquo;une telle fonctionnalit\u00e9. Pour tous les autres iPhones compatibles, qui comprennent l&rsquo;iPhone 15 Pro et plus r\u00e9cent, la fonctionnalit\u00e9 est d\u00e9sactiv\u00e9e par d\u00e9faut. Cela signifie que, \u00e0 moins que vous ayez un appareil iPhone 17, vous devrez l&rsquo;activer vous-m\u00eame.<\/p>\n<h2 id=\"how-to-turn-adaptive-power-on-or-off\">Comment activer ou d\u00e9sactiver la puissance adaptative<\/h2>\n<p>Que vous ayez un iPhone 15 Pro ou un iPhone 17, vous trouverez les commandes d&rsquo;alimentation adaptative au m\u00eame endroit. Ouvrez les param\u00e8tres, puis dirigez-vous vers <strong>Batterie> Mode d&rsquo;alimentation<\/strong>. Ici, vous pouvez appuyer sur la bascule \u00e0 c\u00f4t\u00e9 de la \u00ab\u00a0puissance adaptative\u00a0\u00bb pour activer ou d\u00e9sactiver le param\u00e8tre. <\/p>\n<p>\u00c9tant donn\u00e9 que l&rsquo;alimentation adaptative s&rsquo;allume et d\u00e9sactiv\u00e9e tout au long de la journ\u00e9e, Apple vous offre \u00e9galement la possibilit\u00e9 de recevoir des alertes chaque fois que la fonctionnalit\u00e9 est active. Vous pouvez ajuster ce param\u00e8tre \u00e0 partir de la baisse des \u00ab\u00a0notifications d&rsquo;alimentation adaptative\u00a0\u00bb.<\/p>\n<p>J&rsquo;utilise une puissance adaptative depuis que iOS 26 a abandonn\u00e9 le 15 septembre, mais il est difficile de dire si la fonctionnalit\u00e9 a eu un impact notable sur la dur\u00e9e de vie de ma batterie. Je pense que cela aiderait si Apple ajoute des informations d&rsquo;alimentation adaptative \u00e0 mes statistiques de batterie, afin que je puisse comparer les impacts avant et apr\u00e8s avoir utilis\u00e9 la fonctionnalit\u00e9. Pour l&rsquo;instant, je continuerai \u00e0 l&rsquo;utiliser, si ce n&rsquo;est pour aucune autre raison que d&rsquo;offrir \u00e0 ma batterie la meilleure chance possible de passer la journ\u00e9e sans son chargeur. <\/p>\n","protected":false},"excerpt":{"rendered":"<p>L&rsquo;alimentation adaptative peut aider la batterie de votre iPhone un peu plus longtemps. Saviez-vous que vous pouvez personnaliser Google pour filtrer les ordures? Prendre ces<\/p>\n","protected":false},"author":1,"featured_media":10261,"comment_status":"","ping_status":"","sticky":false,"template":"","format":"standard","meta":{"footnotes":""},"categories":[13],"tags":[1828,3572,166,4932,770,21,7564,81,58,8],"class_list":["post-10277","post","type-post","status-publish","format-standard","has-post-thumbnail","hentry","category-technologie","tag-ameliorer","tag-batterie","tag-dans","tag-duree","tag-essayez","tag-ios","tag-parametre","tag-pour","tag-vie","tag-votre","generate-columns","tablet-grid-50","mobile-grid-100","grid-parent","grid-33"],"yoast_head":"<!-- This site is optimized with the Yoast SEO plugin v24.0 - https:\/\/yoast.com\/wordpress\/plugins\/seo\/ -->\n<title>Essayez ce param\u00e8tre pour am\u00e9liorer la dur\u00e9e de vie de votre batterie dans iOS 26 | Vie Associative<\/title>\n<meta name=\"robots\" content=\"index, follow, max-snippet:-1, max-image-preview:large, max-video-preview:-1\" \/>\n<link rel=\"canonical\" href=\"https:\/\/vieassociative.be\/actualites\/essayez-ce-parametre-pour-ameliorer-la-duree-de-vie-de-votre-batterie-dans-ios-26-2\/\" \/>\n<meta property=\"og:locale\" content=\"fr_FR\" \/>\n<meta property=\"og:type\" content=\"article\" \/>\n<meta property=\"og:title\" content=\"Essayez ce param\u00e8tre pour am\u00e9liorer la dur\u00e9e de vie de votre batterie dans iOS 26 | Vie Associative\" \/>\n<meta property=\"og:description\" content=\"L&rsquo;alimentation adaptative peut aider la batterie de votre iPhone un peu plus longtemps. Saviez-vous que vous pouvez personnaliser Google pour filtrer les ordures? Prendre ces\" \/>\n<meta property=\"og:url\" content=\"https:\/\/vieassociative.be\/actualites\/essayez-ce-parametre-pour-ameliorer-la-duree-de-vie-de-votre-batterie-dans-ios-26-2\/\" \/>\n<meta property=\"og:site_name\" content=\"Vie Associative\" \/>\n<meta property=\"article:published_time\" content=\"2025-09-26T18:16:57+00:00\" \/>\n<meta property=\"og:image\" content=\"https:\/\/vieassociative.be\/actualites\/wp-content\/uploads\/2025\/09\/1757726237_608_Meta-pourrait-devoiler-une-montre-intelligente-pour-controler-ses-lunettes.jpg\" \/>\n<meta name=\"author\" content=\"Julien\" \/>\n<meta name=\"twitter:card\" content=\"summary_large_image\" \/>\n<meta name=\"twitter:label1\" content=\"\u00c9crit par\" \/>\n\t<meta name=\"twitter:data1\" content=\"Julien\" \/>\n\t<meta name=\"twitter:label2\" content=\"Dur\u00e9e de lecture est.\" \/>\n\t<meta name=\"twitter:data2\" content=\"3 minutes\" \/>\n<script type=\"application\/ld+json\" class=\"yoast-schema-graph\">{\"@context\":\"https:\/\/schema.org\",\"@graph\":[{\"@type\":\"Article\",\"@id\":\"https:\/\/vieassociative.be\/actualites\/essayez-ce-parametre-pour-ameliorer-la-duree-de-vie-de-votre-batterie-dans-ios-26-2\/#article\",\"isPartOf\":{\"@id\":\"https:\/\/vieassociative.be\/actualites\/essayez-ce-parametre-pour-ameliorer-la-duree-de-vie-de-votre-batterie-dans-ios-26-2\/\"},\"author\":{\"name\":\"Julien\",\"@id\":\"https:\/\/vieassociative.be\/actualites\/#\/schema\/person\/b87ac4f82f9d4e7b7cec7395b679edc4\"},\"headline\":\"Essayez ce param\u00e8tre pour am\u00e9liorer la dur\u00e9e de vie de votre batterie dans iOS 26\",\"datePublished\":\"2025-09-26T18:16:57+00:00\",\"dateModified\":\"2025-09-26T18:16:57+00:00\",\"mainEntityOfPage\":{\"@id\":\"https:\/\/vieassociative.be\/actualites\/essayez-ce-parametre-pour-ameliorer-la-duree-de-vie-de-votre-batterie-dans-ios-26-2\/\"},\"wordCount\":723,\"publisher\":{\"@id\":\"https:\/\/vieassociative.be\/actualites\/#organization\"},\"image\":{\"@id\":\"https:\/\/vieassociative.be\/actualites\/essayez-ce-parametre-pour-ameliorer-la-duree-de-vie-de-votre-batterie-dans-ios-26-2\/#primaryimage\"},\"thumbnailUrl\":\"https:\/\/vieassociative.be\/actualites\/wp-content\/uploads\/2025\/09\/Essayez-ce-parametre-pour-ameliorer-la-duree-de-vie-de.jpg\",\"keywords\":[\"am\u00e9liorer\",\"batterie\",\"dans\",\"dur\u00e9e\",\"Essayez\",\"iOS\",\"param\u00e8tre\",\"pour\",\"vie\",\"votre\"],\"articleSection\":[\"Technologie\"],\"inLanguage\":\"fr-BE\"},{\"@type\":\"WebPage\",\"@id\":\"https:\/\/vieassociative.be\/actualites\/essayez-ce-parametre-pour-ameliorer-la-duree-de-vie-de-votre-batterie-dans-ios-26-2\/\",\"url\":\"https:\/\/vieassociative.be\/actualites\/essayez-ce-parametre-pour-ameliorer-la-duree-de-vie-de-votre-batterie-dans-ios-26-2\/\",\"name\":\"Essayez ce param\u00e8tre pour am\u00e9liorer la dur\u00e9e de vie de votre batterie dans iOS 26 | Vie Associative\",\"isPartOf\":{\"@id\":\"https:\/\/vieassociative.be\/actualites\/#website\"},\"primaryImageOfPage\":{\"@id\":\"https:\/\/vieassociative.be\/actualites\/essayez-ce-parametre-pour-ameliorer-la-duree-de-vie-de-votre-batterie-dans-ios-26-2\/#primaryimage\"},\"image\":{\"@id\":\"https:\/\/vieassociative.be\/actualites\/essayez-ce-parametre-pour-ameliorer-la-duree-de-vie-de-votre-batterie-dans-ios-26-2\/#primaryimage\"},\"thumbnailUrl\":\"https:\/\/vieassociative.be\/actualites\/wp-content\/uploads\/2025\/09\/Essayez-ce-parametre-pour-ameliorer-la-duree-de-vie-de.jpg\",\"datePublished\":\"2025-09-26T18:16:57+00:00\",\"dateModified\":\"2025-09-26T18:16:57+00:00\",\"breadcrumb\":{\"@id\":\"https:\/\/vieassociative.be\/actualites\/essayez-ce-parametre-pour-ameliorer-la-duree-de-vie-de-votre-batterie-dans-ios-26-2\/#breadcrumb\"},\"inLanguage\":\"fr-BE\",\"potentialAction\":[{\"@type\":\"ReadAction\",\"target\":[\"https:\/\/vieassociative.be\/actualites\/essayez-ce-parametre-pour-ameliorer-la-duree-de-vie-de-votre-batterie-dans-ios-26-2\/\"]}]},{\"@type\":\"ImageObject\",\"inLanguage\":\"fr-BE\",\"@id\":\"https:\/\/vieassociative.be\/actualites\/essayez-ce-parametre-pour-ameliorer-la-duree-de-vie-de-votre-batterie-dans-ios-26-2\/#primaryimage\",\"url\":\"https:\/\/vieassociative.be\/actualites\/wp-content\/uploads\/2025\/09\/Essayez-ce-parametre-pour-ameliorer-la-duree-de-vie-de.jpg\",\"contentUrl\":\"https:\/\/vieassociative.be\/actualites\/wp-content\/uploads\/2025\/09\/Essayez-ce-parametre-pour-ameliorer-la-duree-de-vie-de.jpg\",\"width\":1200,\"height\":675,\"caption\":\"Essayez ce param\u00e8tre pour am\u00e9liorer la dur\u00e9e de vie de votre batterie dans iOS 26\"},{\"@type\":\"BreadcrumbList\",\"@id\":\"https:\/\/vieassociative.be\/actualites\/essayez-ce-parametre-pour-ameliorer-la-duree-de-vie-de-votre-batterie-dans-ios-26-2\/#breadcrumb\",\"itemListElement\":[{\"@type\":\"ListItem\",\"position\":1,\"name\":\"Accueil\",\"item\":\"https:\/\/vieassociative.be\/actualites\/\"},{\"@type\":\"ListItem\",\"position\":2,\"name\":\"Essayez ce param\u00e8tre pour am\u00e9liorer la dur\u00e9e de vie de votre batterie dans iOS 26\"}]},{\"@type\":\"WebSite\",\"@id\":\"https:\/\/vieassociative.be\/actualites\/#website\",\"url\":\"https:\/\/vieassociative.be\/actualites\/\",\"name\":\"Vie Associative\",\"description\":\"\",\"publisher\":{\"@id\":\"https:\/\/vieassociative.be\/actualites\/#organization\"},\"potentialAction\":[{\"@type\":\"SearchAction\",\"target\":{\"@type\":\"EntryPoint\",\"urlTemplate\":\"https:\/\/vieassociative.be\/actualites\/?s={search_term_string}\"},\"query-input\":{\"@type\":\"PropertyValueSpecification\",\"valueRequired\":true,\"valueName\":\"search_term_string\"}}],\"inLanguage\":\"fr-BE\"},{\"@type\":\"Organization\",\"@id\":\"https:\/\/vieassociative.be\/actualites\/#organization\",\"name\":\"Vie Associative\",\"url\":\"https:\/\/vieassociative.be\/actualites\/\",\"logo\":{\"@type\":\"ImageObject\",\"inLanguage\":\"fr-BE\",\"@id\":\"https:\/\/vieassociative.be\/actualites\/#\/schema\/logo\/image\/\",\"url\":\"https:\/\/vieassociative.be\/actualites\/wp-content\/uploads\/2024\/09\/cropped-vieassociative_favicon.ico.png\",\"contentUrl\":\"https:\/\/vieassociative.be\/actualites\/wp-content\/uploads\/2024\/09\/cropped-vieassociative_favicon.ico.png\",\"width\":512,\"height\":512,\"caption\":\"Vie Associative\"},\"image\":{\"@id\":\"https:\/\/vieassociative.be\/actualites\/#\/schema\/logo\/image\/\"}},{\"@type\":\"Person\",\"@id\":\"https:\/\/vieassociative.be\/actualites\/#\/schema\/person\/b87ac4f82f9d4e7b7cec7395b679edc4\",\"name\":\"Julien\",\"image\":{\"@type\":\"ImageObject\",\"inLanguage\":\"fr-BE\",\"@id\":\"https:\/\/vieassociative.be\/actualites\/#\/schema\/person\/image\/\",\"url\":\"https:\/\/vieassociative.be\/actualites\/wp-content\/uploads\/2024\/09\/vie-associative-1-150x150.jpg\",\"contentUrl\":\"https:\/\/vieassociative.be\/actualites\/wp-content\/uploads\/2024\/09\/vie-associative-1-150x150.jpg\",\"caption\":\"Julien\"},\"description\":\"Je suis Julien, r\u00e9dacteur pour Vie Associative. Passionn\u00e9 par le monde associatif depuis plus de 10 ans, j'ai \u00e0 c\u0153ur de partager des histoires inspirantes et de mettre en lumi\u00e8re les initiatives locales. Mon objectif est de sensibiliser et d'encourager l'engagement communautaire \u00e0 travers mes articles.\",\"sameAs\":[\"https:\/\/vieassociative.be\/\"]}]}<\/script>\n<!-- \/ Yoast SEO plugin. -->","yoast_head_json":{"title":"Essayez ce param\u00e8tre pour am\u00e9liorer la dur\u00e9e de vie de votre batterie dans iOS 26 | Vie Associative","robots":{"index":"index","follow":"follow","max-snippet":"max-snippet:-1","max-image-preview":"max-image-preview:large","max-video-preview":"max-video-preview:-1"},"canonical":"https:\/\/vieassociative.be\/actualites\/essayez-ce-parametre-pour-ameliorer-la-duree-de-vie-de-votre-batterie-dans-ios-26-2\/","og_locale":"fr_FR","og_type":"article","og_title":"Essayez ce param\u00e8tre pour am\u00e9liorer la dur\u00e9e de vie de votre batterie dans iOS 26 | Vie Associative","og_description":"L&rsquo;alimentation adaptative peut aider la batterie de votre iPhone un peu plus longtemps. Saviez-vous que vous pouvez personnaliser Google pour filtrer les ordures? Prendre ces","og_url":"https:\/\/vieassociative.be\/actualites\/essayez-ce-parametre-pour-ameliorer-la-duree-de-vie-de-votre-batterie-dans-ios-26-2\/","og_site_name":"Vie Associative","article_published_time":"2025-09-26T18:16:57+00:00","og_image":[{"url":"https:\/\/vieassociative.be\/actualites\/wp-content\/uploads\/2025\/09\/1757726237_608_Meta-pourrait-devoiler-une-montre-intelligente-pour-controler-ses-lunettes.jpg","type":"","width":"","height":""}],"author":"Julien","twitter_card":"summary_large_image","twitter_misc":{"\u00c9crit par":"Julien","Dur\u00e9e de lecture est.":"3 minutes"},"schema":{"@context":"https:\/\/schema.org","@graph":[{"@type":"Article","@id":"https:\/\/vieassociative.be\/actualites\/essayez-ce-parametre-pour-ameliorer-la-duree-de-vie-de-votre-batterie-dans-ios-26-2\/#article","isPartOf":{"@id":"https:\/\/vieassociative.be\/actualites\/essayez-ce-parametre-pour-ameliorer-la-duree-de-vie-de-votre-batterie-dans-ios-26-2\/"},"author":{"name":"Julien","@id":"https:\/\/vieassociative.be\/actualites\/#\/schema\/person\/b87ac4f82f9d4e7b7cec7395b679edc4"},"headline":"Essayez ce param\u00e8tre pour am\u00e9liorer la dur\u00e9e de vie de votre batterie dans iOS 26","datePublished":"2025-09-26T18:16:57+00:00","dateModified":"2025-09-26T18:16:57+00:00","mainEntityOfPage":{"@id":"https:\/\/vieassociative.be\/actualites\/essayez-ce-parametre-pour-ameliorer-la-duree-de-vie-de-votre-batterie-dans-ios-26-2\/"},"wordCount":723,"publisher":{"@id":"https:\/\/vieassociative.be\/actualites\/#organization"},"image":{"@id":"https:\/\/vieassociative.be\/actualites\/essayez-ce-parametre-pour-ameliorer-la-duree-de-vie-de-votre-batterie-dans-ios-26-2\/#primaryimage"},"thumbnailUrl":"https:\/\/vieassociative.be\/actualites\/wp-content\/uploads\/2025\/09\/Essayez-ce-parametre-pour-ameliorer-la-duree-de-vie-de.jpg","keywords":["am\u00e9liorer","batterie","dans","dur\u00e9e","Essayez","iOS","param\u00e8tre","pour","vie","votre"],"articleSection":["Technologie"],"inLanguage":"fr-BE"},{"@type":"WebPage","@id":"https:\/\/vieassociative.be\/actualites\/essayez-ce-parametre-pour-ameliorer-la-duree-de-vie-de-votre-batterie-dans-ios-26-2\/","url":"https:\/\/vieassociative.be\/actualites\/essayez-ce-parametre-pour-ameliorer-la-duree-de-vie-de-votre-batterie-dans-ios-26-2\/","name":"Essayez ce param\u00e8tre pour am\u00e9liorer la dur\u00e9e de vie de votre batterie dans iOS 26 | Vie Associative","isPartOf":{"@id":"https:\/\/vieassociative.be\/actualites\/#website"},"primaryImageOfPage":{"@id":"https:\/\/vieassociative.be\/actualites\/essayez-ce-parametre-pour-ameliorer-la-duree-de-vie-de-votre-batterie-dans-ios-26-2\/#primaryimage"},"image":{"@id":"https:\/\/vieassociative.be\/actualites\/essayez-ce-parametre-pour-ameliorer-la-duree-de-vie-de-votre-batterie-dans-ios-26-2\/#primaryimage"},"thumbnailUrl":"https:\/\/vieassociative.be\/actualites\/wp-content\/uploads\/2025\/09\/Essayez-ce-parametre-pour-ameliorer-la-duree-de-vie-de.jpg","datePublished":"2025-09-26T18:16:57+00:00","dateModified":"2025-09-26T18:16:57+00:00","breadcrumb":{"@id":"https:\/\/vieassociative.be\/actualites\/essayez-ce-parametre-pour-ameliorer-la-duree-de-vie-de-votre-batterie-dans-ios-26-2\/#breadcrumb"},"inLanguage":"fr-BE","potentialAction":[{"@type":"ReadAction","target":["https:\/\/vieassociative.be\/actualites\/essayez-ce-parametre-pour-ameliorer-la-duree-de-vie-de-votre-batterie-dans-ios-26-2\/"]}]},{"@type":"ImageObject","inLanguage":"fr-BE","@id":"https:\/\/vieassociative.be\/actualites\/essayez-ce-parametre-pour-ameliorer-la-duree-de-vie-de-votre-batterie-dans-ios-26-2\/#primaryimage","url":"https:\/\/vieassociative.be\/actualites\/wp-content\/uploads\/2025\/09\/Essayez-ce-parametre-pour-ameliorer-la-duree-de-vie-de.jpg","contentUrl":"https:\/\/vieassociative.be\/actualites\/wp-content\/uploads\/2025\/09\/Essayez-ce-parametre-pour-ameliorer-la-duree-de-vie-de.jpg","width":1200,"height":675,"caption":"Essayez ce param\u00e8tre pour am\u00e9liorer la dur\u00e9e de vie de votre batterie dans iOS 26"},{"@type":"BreadcrumbList","@id":"https:\/\/vieassociative.be\/actualites\/essayez-ce-parametre-pour-ameliorer-la-duree-de-vie-de-votre-batterie-dans-ios-26-2\/#breadcrumb","itemListElement":[{"@type":"ListItem","position":1,"name":"Accueil","item":"https:\/\/vieassociative.be\/actualites\/"},{"@type":"ListItem","position":2,"name":"Essayez ce param\u00e8tre pour am\u00e9liorer la dur\u00e9e de vie de votre batterie dans iOS 26"}]},{"@type":"WebSite","@id":"https:\/\/vieassociative.be\/actualites\/#website","url":"https:\/\/vieassociative.be\/actualites\/","name":"Vie Associative","description":"","publisher":{"@id":"https:\/\/vieassociative.be\/actualites\/#organization"},"potentialAction":[{"@type":"SearchAction","target":{"@type":"EntryPoint","urlTemplate":"https:\/\/vieassociative.be\/actualites\/?s={search_term_string}"},"query-input":{"@type":"PropertyValueSpecification","valueRequired":true,"valueName":"search_term_string"}}],"inLanguage":"fr-BE"},{"@type":"Organization","@id":"https:\/\/vieassociative.be\/actualites\/#organization","name":"Vie Associative","url":"https:\/\/vieassociative.be\/actualites\/","logo":{"@type":"ImageObject","inLanguage":"fr-BE","@id":"https:\/\/vieassociative.be\/actualites\/#\/schema\/logo\/image\/","url":"https:\/\/vieassociative.be\/actualites\/wp-content\/uploads\/2024\/09\/cropped-vieassociative_favicon.ico.png","contentUrl":"https:\/\/vieassociative.be\/actualites\/wp-content\/uploads\/2024\/09\/cropped-vieassociative_favicon.ico.png","width":512,"height":512,"caption":"Vie Associative"},"image":{"@id":"https:\/\/vieassociative.be\/actualites\/#\/schema\/logo\/image\/"}},{"@type":"Person","@id":"https:\/\/vieassociative.be\/actualites\/#\/schema\/person\/b87ac4f82f9d4e7b7cec7395b679edc4","name":"Julien","image":{"@type":"ImageObject","inLanguage":"fr-BE","@id":"https:\/\/vieassociative.be\/actualites\/#\/schema\/person\/image\/","url":"https:\/\/vieassociative.be\/actualites\/wp-content\/uploads\/2024\/09\/vie-associative-1-150x150.jpg","contentUrl":"https:\/\/vieassociative.be\/actualites\/wp-content\/uploads\/2024\/09\/vie-associative-1-150x150.jpg","caption":"Julien"},"description":"Je suis Julien, r\u00e9dacteur pour Vie Associative. Passionn\u00e9 par le monde associatif depuis plus de 10 ans, j'ai \u00e0 c\u0153ur de partager des histoires inspirantes et de mettre en lumi\u00e8re les initiatives locales. Mon objectif est de sensibiliser et d'encourager l'engagement communautaire \u00e0 travers mes articles.","sameAs":["https:\/\/vieassociative.be\/"]}]}},"_links":{"self":[{"href":"https:\/\/vieassociative.be\/actualites\/wp-json\/wp\/v2\/posts\/10277"}],"collection":[{"href":"https:\/\/vieassociative.be\/actualites\/wp-json\/wp\/v2\/posts"}],"about":[{"href":"https:\/\/vieassociative.be\/actualites\/wp-json\/wp\/v2\/types\/post"}],"author":[{"embeddable":true,"href":"https:\/\/vieassociative.be\/actualites\/wp-json\/wp\/v2\/users\/1"}],"replies":[{"embeddable":true,"href":"https:\/\/vieassociative.be\/actualites\/wp-json\/wp\/v2\/comments?post=10277"}],"version-history":[{"count":0,"href":"https:\/\/vieassociative.be\/actualites\/wp-json\/wp\/v2\/posts\/10277\/revisions"}],"wp:featuredmedia":[{"embeddable":true,"href":"https:\/\/vieassociative.be\/actualites\/wp-json\/wp\/v2\/media\/10261"}],"wp:attachment":[{"href":"https:\/\/vieassociative.be\/actualites\/wp-json\/wp\/v2\/media?parent=10277"}],"wp:term":[{"taxonomy":"category","embeddable":true,"href":"https:\/\/vieassociative.be\/actualites\/wp-json\/wp\/v2\/categories?post=10277"},{"taxonomy":"post_tag","embeddable":true,"href":"https:\/\/vieassociative.be\/actualites\/wp-json\/wp\/v2\/tags?post=10277"}],"curies":[{"name":"wp","href":"https:\/\/api.w.org\/{rel}","templated":true}]}}