{"id":10273,"date":"2025-09-26T16:16:57","date_gmt":"2025-09-26T14:16:57","guid":{"rendered":"https:\/\/vieassociative.be\/actualites\/eupen-recoit-une-adresse-principale-pour-les-evenements-les-delais-et-les-temps-haut-de-gamme-dans-la-nature-du-week-end-de-la-nature\/"},"modified":"2025-09-26T16:16:57","modified_gmt":"2025-09-26T14:16:57","slug":"eupen-recoit-une-adresse-principale-pour-les-evenements-les-delais-et-les-temps-haut-de-gamme-dans-la-nature-du-week-end-de-la-nature","status":"publish","type":"post","link":"https:\/\/vieassociative.be\/actualites\/eupen-recoit-une-adresse-principale-pour-les-evenements-les-delais-et-les-temps-haut-de-gamme-dans-la-nature-du-week-end-de-la-nature\/","title":{"rendered":"Eupen re\u00e7oit une adresse principale pour les \u00e9v\u00e9nements, les d\u00e9lais et les temps haut de gamme dans la nature du week-end de la nature"},"content":{"rendered":"<p><strong>HomeStorys ouvre le Hostorys Nature Resort en octobre &#8211; une combinaison extraordinaire d&rsquo;un emplacement d&rsquo;\u00e9v\u00e9nement \u00e9l\u00e9gant et d&rsquo;un h\u00e9bergement de vacances de haute qualit\u00e9, int\u00e9gr\u00e9s dans un site priv\u00e9 de 15 hectares avec for\u00eat, \u00e9tangs et pr\u00e9vision.<\/strong><\/p>\n<p><span id=\"more-425544\"><\/span>M\u00eame avant l&rsquo;ouverture officielle, HomeStory vous invite \u00e0 un week-end d&rsquo;aper\u00e7u public \u00e0 Kehrweg 44 \u00e0 Eupen ce week-end des 27 et 28 septembre. Les visiteurs peuvent explorer les h\u00e9bergements et les zones d&rsquo;\u00e9v\u00e9nements nouvellement con\u00e7us &#8211; accompagn\u00e9s de visites, de stations d&rsquo;exp\u00e9rience, de faits saillants culinaires et de moments sp\u00e9ciaux dans la nature.<\/p>\n<p>Les heures de l&rsquo;\u00e9v\u00e9nement ont lieu le samedi 27 septembre \u00e0 partir de 14 h. \u00e0 21 h et le dimanche 28 septembre, de 12 h \u00e0 20 h. L&rsquo;entr\u00e9e est gratuite.<\/p>\n<div id=\"attachment_425556\" class=\"wp-caption alignleft\" style=\"max-width: 300px\"><img fetchpriority=\"high\" decoding=\"async\" class=\"wp-image-425556 size-medium\" src=\"https:\/\/vieassociative.be\/actualites\/wp-content\/uploads\/2025\/09\/Eupen-recoit-une-adresse-principale-pour-les-evenements-les-delais.png\" alt=\"\" width=\"300\" height=\"219\"  ><\/div>\n<p><strong>&#8211; Un endroit avec l&rsquo;histoire et l&rsquo;avenir:<\/strong> L&rsquo;id\u00e9e de cette station n&rsquo;a pas commenc\u00e9 par un plan d&rsquo;affaires, mais avec une m\u00e9moire d&rsquo;enfance. Le site du Kehrweg \u00e0 Eupen \u00e9tait autrefois la nature et la zone de p\u00eache d&rsquo;Herbert Rome, p\u00e8re de l&rsquo;op\u00e9rateur d&rsquo;aujourd&rsquo;hui Caroline Rome. La famille a pass\u00e9 d&rsquo;innombrables jours dans la nature &#8211; avec des couvertures de pique-nique sur l&rsquo;eau, de longues promenades dans la for\u00eat et le sentiment d&rsquo;\u00eatre arriv\u00e9.<\/p>\n<p>Aujourd&rsquo;hui, Caroline Rome vit ici &#8211; avec sa famille et avec la vision de rendre cet endroit sp\u00e9cial tangible pour d&rsquo;autres personnes. \u00ab\u00a0Pour moi, c&rsquo;est un v\u00e9ritable projet de c\u0153ur. Je voulais cr\u00e9er quelque chose qui correspond \u00e0 cet endroit &#8211; rien de fort, rien de l&rsquo;installation. Mais un endroit pour de vrais moments.\u00a0\u00bb<\/p>\n<h3>\u00c9v\u00e9nement de pr\u00e9visualisation avec un personnage d&rsquo;aventure ce week-end<\/h3>\n<p><strong>&#8211; L&rsquo;architecture rencontre l&rsquo;\u00e9motion:<\/strong> Trois logements individuels et plusieurs zones d&rsquo;\u00e9v\u00e9nements ont \u00e9t\u00e9 cr\u00e9\u00e9s au cours des derniers mois &#8211; int\u00e9gr\u00e9s dans la nature, avec des mat\u00e9riaux de haute qualit\u00e9 et beaucoup de tact pour le d\u00e9tail.<\/p>\n<p>Le point culminant architectural est le Lakeview Pavilion: H\u00e9bergement moderne avec vue panoramique, terrasse priv\u00e9e, piscine, tourbillon et langue formelle claire. \u00c0 l&rsquo;int\u00e9rieur d&rsquo;une cuisine ouverte, une chemin\u00e9e ouverte \u00e0 360 \u00b0, une salle de bain avec une vue panoramique &#8211; et le type de design, dans la fonction et l&rsquo;esth\u00e9tique.<\/p>\n<div id=\"attachment_425558\" class=\"wp-caption alignleft\" style=\"max-width: 300px\"><img decoding=\"async\" class=\"wp-image-425558 size-medium\" src=\"https:\/\/vieassociative.be\/actualites\/wp-content\/uploads\/2025\/09\/1758896217_407_Eupen-recoit-une-adresse-principale-pour-les-evenements-les-delais.png\" alt=\"\" width=\"300\" height=\"219\"  ><\/div>\n<p>Deux autres h\u00e9bergements &#8211; Wood Lounge Apartment et Wood Lounge Suite &#8211; vous invitez \u00e0 d\u00e9c\u00e9l\u00e9rer \u00e0 la campagne. De plus, un itin\u00e9raire circulaire romantique, des zones de barbecue, une rame dans une maison (\u00ab\u00a0F\u00e9lix &#8211; Le Petit Bateau\u00a0\u00bb) et beaucoup d&rsquo;espace pour le calme, la nature et l&rsquo;exp\u00e9rience ensemble.<\/p>\n<p><strong>&#8211; Emplacement pour les c\u00e9l\u00e9brations, les retraites et les \u00e9v\u00e9nements de cuisine:<\/strong> La station propose des zones variables pour les \u00e9v\u00e9nements avec 10 \u00e0 60 personnes &#8211; avec la possibilit\u00e9 de combiner des zones de mani\u00e8re flexible. Qu&rsquo;il s&rsquo;agisse d&rsquo;un festival de famille, d&rsquo;une f\u00eate d&rsquo;entreprise, d&rsquo;un s\u00e9minaire ou d&rsquo;un \u00e9v\u00e9nement de cuisine cr\u00e9atif: presque tous les formats sont possibles.<\/p>\n<p>Sur demande, HomeStory transmet \u00e9galement des traiteurs, des chefs, de la d\u00e9coration, de la technologie ou de l&rsquo;animation des enfants &#8211; comme requis. L&rsquo;objectif n&rsquo;est pas seulement de fournir des chambres, mais aussi d&rsquo;aider \u00e0 fa\u00e7onner les id\u00e9es et les exp\u00e9riences.<\/p>\n<p>Du milieu-octobre 2025, tous les formats d&rsquo;h\u00e9bergement et d&rsquo;\u00e9v\u00e9nements peuvent \u00eatre r\u00e9serv\u00e9s. Les r\u00e9servations seront d\u00e9sormais accept\u00e9es \u00e0 partir de maintenant.<\/p>\n<p><strong>Premi\u00e8res id\u00e9es:<\/strong> <u>Resort.Homestory.com<\/u><\/p>\n<p><strong>Infos:<\/strong> <u>resort@homestorys.com<\/u> ou t\u00e9l. + 32-48556925<\/p>\n","protected":false},"excerpt":{"rendered":"<p>HomeStorys ouvre le Hostorys Nature Resort en octobre &#8211; une combinaison extraordinaire d&rsquo;un emplacement d&rsquo;\u00e9v\u00e9nement \u00e9l\u00e9gant et d&rsquo;un h\u00e9bergement de vacances de haute qualit\u00e9, int\u00e9gr\u00e9s<\/p>\n","protected":false},"author":1,"featured_media":10274,"comment_status":"","ping_status":"","sticky":false,"template":"","format":"standard","meta":{"footnotes":""},"categories":[298],"tags":[4471,166,8679,2329,4651,1490,3539,14,8680,81,7773,4129,790,110,3913],"class_list":["post-10273","post","type-post","status-publish","format-standard","has-post-thumbnail","hentry","category-belgique","tag-adresse","tag-dans","tag-delais","tag-eupen","tag-evenements","tag-gamme","tag-haut","tag-les","tag-nature","tag-pour","tag-principale","tag-recoit","tag-temps","tag-une","tag-weekend","generate-columns","tablet-grid-50","mobile-grid-100","grid-parent","grid-33"],"yoast_head":"<!-- This site is optimized with the Yoast SEO plugin v24.0 - https:\/\/yoast.com\/wordpress\/plugins\/seo\/ -->\n<title>Eupen re\u00e7oit une adresse principale pour les \u00e9v\u00e9nements, les d\u00e9lais et les temps haut de gamme dans la nature du week-end de la nature | Vie Associative<\/title>\n<meta name=\"robots\" content=\"index, follow, max-snippet:-1, max-image-preview:large, max-video-preview:-1\" \/>\n<link rel=\"canonical\" href=\"https:\/\/vieassociative.be\/actualites\/eupen-recoit-une-adresse-principale-pour-les-evenements-les-delais-et-les-temps-haut-de-gamme-dans-la-nature-du-week-end-de-la-nature\/\" \/>\n<meta property=\"og:locale\" content=\"fr_FR\" \/>\n<meta property=\"og:type\" content=\"article\" \/>\n<meta property=\"og:title\" content=\"Eupen re\u00e7oit une adresse principale pour les \u00e9v\u00e9nements, les d\u00e9lais et les temps haut de gamme dans la nature du week-end de la nature | Vie Associative\" \/>\n<meta property=\"og:description\" content=\"HomeStorys ouvre le Hostorys Nature Resort en octobre &#8211; une combinaison extraordinaire d&rsquo;un emplacement d&rsquo;\u00e9v\u00e9nement \u00e9l\u00e9gant et d&rsquo;un h\u00e9bergement de vacances de haute qualit\u00e9, int\u00e9gr\u00e9s\" \/>\n<meta property=\"og:url\" content=\"https:\/\/vieassociative.be\/actualites\/eupen-recoit-une-adresse-principale-pour-les-evenements-les-delais-et-les-temps-haut-de-gamme-dans-la-nature-du-week-end-de-la-nature\/\" \/>\n<meta property=\"og:site_name\" content=\"Vie Associative\" \/>\n<meta property=\"article:published_time\" content=\"2025-09-26T14:16:57+00:00\" \/>\n<meta property=\"og:image\" content=\"https:\/\/vieassociative.be\/actualites\/wp-content\/uploads\/2024\/09\/header_backgroundk-01-e1726694325946.png\" \/>\n\t<meta property=\"og:image:width\" content=\"279\" \/>\n\t<meta property=\"og:image:height\" content=\"92\" \/>\n\t<meta property=\"og:image:type\" content=\"image\/png\" \/>\n<meta name=\"author\" content=\"Julien\" \/>\n<meta name=\"twitter:card\" content=\"summary_large_image\" \/>\n<meta name=\"twitter:label1\" content=\"\u00c9crit par\" \/>\n\t<meta name=\"twitter:data1\" content=\"Julien\" \/>\n\t<meta name=\"twitter:label2\" content=\"Dur\u00e9e de lecture est.\" \/>\n\t<meta name=\"twitter:data2\" content=\"3 minutes\" \/>\n<script type=\"application\/ld+json\" class=\"yoast-schema-graph\">{\"@context\":\"https:\/\/schema.org\",\"@graph\":[{\"@type\":\"Article\",\"@id\":\"https:\/\/vieassociative.be\/actualites\/eupen-recoit-une-adresse-principale-pour-les-evenements-les-delais-et-les-temps-haut-de-gamme-dans-la-nature-du-week-end-de-la-nature\/#article\",\"isPartOf\":{\"@id\":\"https:\/\/vieassociative.be\/actualites\/eupen-recoit-une-adresse-principale-pour-les-evenements-les-delais-et-les-temps-haut-de-gamme-dans-la-nature-du-week-end-de-la-nature\/\"},\"author\":{\"name\":\"Julien\",\"@id\":\"https:\/\/vieassociative.be\/actualites\/#\/schema\/person\/b87ac4f82f9d4e7b7cec7395b679edc4\"},\"headline\":\"Eupen re\u00e7oit une adresse principale pour les \u00e9v\u00e9nements, les d\u00e9lais et les temps haut de gamme dans la nature du week-end de la nature\",\"datePublished\":\"2025-09-26T14:16:57+00:00\",\"dateModified\":\"2025-09-26T14:16:57+00:00\",\"mainEntityOfPage\":{\"@id\":\"https:\/\/vieassociative.be\/actualites\/eupen-recoit-une-adresse-principale-pour-les-evenements-les-delais-et-les-temps-haut-de-gamme-dans-la-nature-du-week-end-de-la-nature\/\"},\"wordCount\":647,\"publisher\":{\"@id\":\"https:\/\/vieassociative.be\/actualites\/#organization\"},\"image\":{\"@id\":\"https:\/\/vieassociative.be\/actualites\/eupen-recoit-une-adresse-principale-pour-les-evenements-les-delais-et-les-temps-haut-de-gamme-dans-la-nature-du-week-end-de-la-nature\/#primaryimage\"},\"thumbnailUrl\":\"https:\/\/vieassociative.be\/actualites\/wp-content\/uploads\/2025\/09\/Eupen-recoit-une-adresse-principale-pour-les-evenements-les-delais.jpg\",\"keywords\":[\"adresse\",\"dans\",\"d\u00e9lais\",\"Eupen\",\"\u00e9v\u00e9nements\",\"gamme\",\"haut\",\"Les\",\"nature\",\"pour\",\"principale\",\"re\u00e7oit\",\"temps\",\"une\",\"weekend\"],\"articleSection\":[\"Belgique\"],\"inLanguage\":\"fr-BE\"},{\"@type\":\"WebPage\",\"@id\":\"https:\/\/vieassociative.be\/actualites\/eupen-recoit-une-adresse-principale-pour-les-evenements-les-delais-et-les-temps-haut-de-gamme-dans-la-nature-du-week-end-de-la-nature\/\",\"url\":\"https:\/\/vieassociative.be\/actualites\/eupen-recoit-une-adresse-principale-pour-les-evenements-les-delais-et-les-temps-haut-de-gamme-dans-la-nature-du-week-end-de-la-nature\/\",\"name\":\"Eupen re\u00e7oit une adresse principale pour les \u00e9v\u00e9nements, les d\u00e9lais et les temps haut de gamme dans la nature du week-end de la nature | Vie Associative\",\"isPartOf\":{\"@id\":\"https:\/\/vieassociative.be\/actualites\/#website\"},\"primaryImageOfPage\":{\"@id\":\"https:\/\/vieassociative.be\/actualites\/eupen-recoit-une-adresse-principale-pour-les-evenements-les-delais-et-les-temps-haut-de-gamme-dans-la-nature-du-week-end-de-la-nature\/#primaryimage\"},\"image\":{\"@id\":\"https:\/\/vieassociative.be\/actualites\/eupen-recoit-une-adresse-principale-pour-les-evenements-les-delais-et-les-temps-haut-de-gamme-dans-la-nature-du-week-end-de-la-nature\/#primaryimage\"},\"thumbnailUrl\":\"https:\/\/vieassociative.be\/actualites\/wp-content\/uploads\/2025\/09\/Eupen-recoit-une-adresse-principale-pour-les-evenements-les-delais.jpg\",\"datePublished\":\"2025-09-26T14:16:57+00:00\",\"dateModified\":\"2025-09-26T14:16:57+00:00\",\"breadcrumb\":{\"@id\":\"https:\/\/vieassociative.be\/actualites\/eupen-recoit-une-adresse-principale-pour-les-evenements-les-delais-et-les-temps-haut-de-gamme-dans-la-nature-du-week-end-de-la-nature\/#breadcrumb\"},\"inLanguage\":\"fr-BE\",\"potentialAction\":[{\"@type\":\"ReadAction\",\"target\":[\"https:\/\/vieassociative.be\/actualites\/eupen-recoit-une-adresse-principale-pour-les-evenements-les-delais-et-les-temps-haut-de-gamme-dans-la-nature-du-week-end-de-la-nature\/\"]}]},{\"@type\":\"ImageObject\",\"inLanguage\":\"fr-BE\",\"@id\":\"https:\/\/vieassociative.be\/actualites\/eupen-recoit-une-adresse-principale-pour-les-evenements-les-delais-et-les-temps-haut-de-gamme-dans-la-nature-du-week-end-de-la-nature\/#primaryimage\",\"url\":\"https:\/\/vieassociative.be\/actualites\/wp-content\/uploads\/2025\/09\/Eupen-recoit-une-adresse-principale-pour-les-evenements-les-delais.jpg\",\"contentUrl\":\"https:\/\/vieassociative.be\/actualites\/wp-content\/uploads\/2025\/09\/Eupen-recoit-une-adresse-principale-pour-les-evenements-les-delais.jpg\",\"width\":1184,\"height\":864,\"caption\":\"Eupen re\u00e7oit une adresse principale pour les \u00e9v\u00e9nements, les d\u00e9lais et les temps haut de gamme dans la nature du week-end de la nature\"},{\"@type\":\"BreadcrumbList\",\"@id\":\"https:\/\/vieassociative.be\/actualites\/eupen-recoit-une-adresse-principale-pour-les-evenements-les-delais-et-les-temps-haut-de-gamme-dans-la-nature-du-week-end-de-la-nature\/#breadcrumb\",\"itemListElement\":[{\"@type\":\"ListItem\",\"position\":1,\"name\":\"Accueil\",\"item\":\"https:\/\/vieassociative.be\/actualites\/\"},{\"@type\":\"ListItem\",\"position\":2,\"name\":\"Eupen re\u00e7oit une adresse principale pour les \u00e9v\u00e9nements, les d\u00e9lais et les temps haut de gamme dans la nature du week-end de la nature\"}]},{\"@type\":\"WebSite\",\"@id\":\"https:\/\/vieassociative.be\/actualites\/#website\",\"url\":\"https:\/\/vieassociative.be\/actualites\/\",\"name\":\"Vie Associative\",\"description\":\"\",\"publisher\":{\"@id\":\"https:\/\/vieassociative.be\/actualites\/#organization\"},\"potentialAction\":[{\"@type\":\"SearchAction\",\"target\":{\"@type\":\"EntryPoint\",\"urlTemplate\":\"https:\/\/vieassociative.be\/actualites\/?s={search_term_string}\"},\"query-input\":{\"@type\":\"PropertyValueSpecification\",\"valueRequired\":true,\"valueName\":\"search_term_string\"}}],\"inLanguage\":\"fr-BE\"},{\"@type\":\"Organization\",\"@id\":\"https:\/\/vieassociative.be\/actualites\/#organization\",\"name\":\"Vie Associative\",\"url\":\"https:\/\/vieassociative.be\/actualites\/\",\"logo\":{\"@type\":\"ImageObject\",\"inLanguage\":\"fr-BE\",\"@id\":\"https:\/\/vieassociative.be\/actualites\/#\/schema\/logo\/image\/\",\"url\":\"https:\/\/vieassociative.be\/actualites\/wp-content\/uploads\/2024\/09\/cropped-vieassociative_favicon.ico.png\",\"contentUrl\":\"https:\/\/vieassociative.be\/actualites\/wp-content\/uploads\/2024\/09\/cropped-vieassociative_favicon.ico.png\",\"width\":512,\"height\":512,\"caption\":\"Vie Associative\"},\"image\":{\"@id\":\"https:\/\/vieassociative.be\/actualites\/#\/schema\/logo\/image\/\"}},{\"@type\":\"Person\",\"@id\":\"https:\/\/vieassociative.be\/actualites\/#\/schema\/person\/b87ac4f82f9d4e7b7cec7395b679edc4\",\"name\":\"Julien\",\"image\":{\"@type\":\"ImageObject\",\"inLanguage\":\"fr-BE\",\"@id\":\"https:\/\/vieassociative.be\/actualites\/#\/schema\/person\/image\/\",\"url\":\"https:\/\/vieassociative.be\/actualites\/wp-content\/uploads\/2024\/09\/vie-associative-1-150x150.jpg\",\"contentUrl\":\"https:\/\/vieassociative.be\/actualites\/wp-content\/uploads\/2024\/09\/vie-associative-1-150x150.jpg\",\"caption\":\"Julien\"},\"description\":\"Je suis Julien, r\u00e9dacteur pour Vie Associative. Passionn\u00e9 par le monde associatif depuis plus de 10 ans, j'ai \u00e0 c\u0153ur de partager des histoires inspirantes et de mettre en lumi\u00e8re les initiatives locales. Mon objectif est de sensibiliser et d'encourager l'engagement communautaire \u00e0 travers mes articles.\",\"sameAs\":[\"https:\/\/vieassociative.be\/\"]}]}<\/script>\n<!-- \/ Yoast SEO plugin. -->","yoast_head_json":{"title":"Eupen re\u00e7oit une adresse principale pour les \u00e9v\u00e9nements, les d\u00e9lais et les temps haut de gamme dans la nature du week-end de la nature | Vie Associative","robots":{"index":"index","follow":"follow","max-snippet":"max-snippet:-1","max-image-preview":"max-image-preview:large","max-video-preview":"max-video-preview:-1"},"canonical":"https:\/\/vieassociative.be\/actualites\/eupen-recoit-une-adresse-principale-pour-les-evenements-les-delais-et-les-temps-haut-de-gamme-dans-la-nature-du-week-end-de-la-nature\/","og_locale":"fr_FR","og_type":"article","og_title":"Eupen re\u00e7oit une adresse principale pour les \u00e9v\u00e9nements, les d\u00e9lais et les temps haut de gamme dans la nature du week-end de la nature | Vie Associative","og_description":"HomeStorys ouvre le Hostorys Nature Resort en octobre &#8211; une combinaison extraordinaire d&rsquo;un emplacement d&rsquo;\u00e9v\u00e9nement \u00e9l\u00e9gant et d&rsquo;un h\u00e9bergement de vacances de haute qualit\u00e9, int\u00e9gr\u00e9s","og_url":"https:\/\/vieassociative.be\/actualites\/eupen-recoit-une-adresse-principale-pour-les-evenements-les-delais-et-les-temps-haut-de-gamme-dans-la-nature-du-week-end-de-la-nature\/","og_site_name":"Vie Associative","article_published_time":"2025-09-26T14:16:57+00:00","og_image":[{"width":279,"height":92,"url":"https:\/\/vieassociative.be\/actualites\/wp-content\/uploads\/2024\/09\/header_backgroundk-01-e1726694325946.png","type":"image\/png"}],"author":"Julien","twitter_card":"summary_large_image","twitter_misc":{"\u00c9crit par":"Julien","Dur\u00e9e de lecture est.":"3 minutes"},"schema":{"@context":"https:\/\/schema.org","@graph":[{"@type":"Article","@id":"https:\/\/vieassociative.be\/actualites\/eupen-recoit-une-adresse-principale-pour-les-evenements-les-delais-et-les-temps-haut-de-gamme-dans-la-nature-du-week-end-de-la-nature\/#article","isPartOf":{"@id":"https:\/\/vieassociative.be\/actualites\/eupen-recoit-une-adresse-principale-pour-les-evenements-les-delais-et-les-temps-haut-de-gamme-dans-la-nature-du-week-end-de-la-nature\/"},"author":{"name":"Julien","@id":"https:\/\/vieassociative.be\/actualites\/#\/schema\/person\/b87ac4f82f9d4e7b7cec7395b679edc4"},"headline":"Eupen re\u00e7oit une adresse principale pour les \u00e9v\u00e9nements, les d\u00e9lais et les temps haut de gamme dans la nature du week-end de la nature","datePublished":"2025-09-26T14:16:57+00:00","dateModified":"2025-09-26T14:16:57+00:00","mainEntityOfPage":{"@id":"https:\/\/vieassociative.be\/actualites\/eupen-recoit-une-adresse-principale-pour-les-evenements-les-delais-et-les-temps-haut-de-gamme-dans-la-nature-du-week-end-de-la-nature\/"},"wordCount":647,"publisher":{"@id":"https:\/\/vieassociative.be\/actualites\/#organization"},"image":{"@id":"https:\/\/vieassociative.be\/actualites\/eupen-recoit-une-adresse-principale-pour-les-evenements-les-delais-et-les-temps-haut-de-gamme-dans-la-nature-du-week-end-de-la-nature\/#primaryimage"},"thumbnailUrl":"https:\/\/vieassociative.be\/actualites\/wp-content\/uploads\/2025\/09\/Eupen-recoit-une-adresse-principale-pour-les-evenements-les-delais.jpg","keywords":["adresse","dans","d\u00e9lais","Eupen","\u00e9v\u00e9nements","gamme","haut","Les","nature","pour","principale","re\u00e7oit","temps","une","weekend"],"articleSection":["Belgique"],"inLanguage":"fr-BE"},{"@type":"WebPage","@id":"https:\/\/vieassociative.be\/actualites\/eupen-recoit-une-adresse-principale-pour-les-evenements-les-delais-et-les-temps-haut-de-gamme-dans-la-nature-du-week-end-de-la-nature\/","url":"https:\/\/vieassociative.be\/actualites\/eupen-recoit-une-adresse-principale-pour-les-evenements-les-delais-et-les-temps-haut-de-gamme-dans-la-nature-du-week-end-de-la-nature\/","name":"Eupen re\u00e7oit une adresse principale pour les \u00e9v\u00e9nements, les d\u00e9lais et les temps haut de gamme dans la nature du week-end de la nature | Vie Associative","isPartOf":{"@id":"https:\/\/vieassociative.be\/actualites\/#website"},"primaryImageOfPage":{"@id":"https:\/\/vieassociative.be\/actualites\/eupen-recoit-une-adresse-principale-pour-les-evenements-les-delais-et-les-temps-haut-de-gamme-dans-la-nature-du-week-end-de-la-nature\/#primaryimage"},"image":{"@id":"https:\/\/vieassociative.be\/actualites\/eupen-recoit-une-adresse-principale-pour-les-evenements-les-delais-et-les-temps-haut-de-gamme-dans-la-nature-du-week-end-de-la-nature\/#primaryimage"},"thumbnailUrl":"https:\/\/vieassociative.be\/actualites\/wp-content\/uploads\/2025\/09\/Eupen-recoit-une-adresse-principale-pour-les-evenements-les-delais.jpg","datePublished":"2025-09-26T14:16:57+00:00","dateModified":"2025-09-26T14:16:57+00:00","breadcrumb":{"@id":"https:\/\/vieassociative.be\/actualites\/eupen-recoit-une-adresse-principale-pour-les-evenements-les-delais-et-les-temps-haut-de-gamme-dans-la-nature-du-week-end-de-la-nature\/#breadcrumb"},"inLanguage":"fr-BE","potentialAction":[{"@type":"ReadAction","target":["https:\/\/vieassociative.be\/actualites\/eupen-recoit-une-adresse-principale-pour-les-evenements-les-delais-et-les-temps-haut-de-gamme-dans-la-nature-du-week-end-de-la-nature\/"]}]},{"@type":"ImageObject","inLanguage":"fr-BE","@id":"https:\/\/vieassociative.be\/actualites\/eupen-recoit-une-adresse-principale-pour-les-evenements-les-delais-et-les-temps-haut-de-gamme-dans-la-nature-du-week-end-de-la-nature\/#primaryimage","url":"https:\/\/vieassociative.be\/actualites\/wp-content\/uploads\/2025\/09\/Eupen-recoit-une-adresse-principale-pour-les-evenements-les-delais.jpg","contentUrl":"https:\/\/vieassociative.be\/actualites\/wp-content\/uploads\/2025\/09\/Eupen-recoit-une-adresse-principale-pour-les-evenements-les-delais.jpg","width":1184,"height":864,"caption":"Eupen re\u00e7oit une adresse principale pour les \u00e9v\u00e9nements, les d\u00e9lais et les temps haut de gamme dans la nature du week-end de la nature"},{"@type":"BreadcrumbList","@id":"https:\/\/vieassociative.be\/actualites\/eupen-recoit-une-adresse-principale-pour-les-evenements-les-delais-et-les-temps-haut-de-gamme-dans-la-nature-du-week-end-de-la-nature\/#breadcrumb","itemListElement":[{"@type":"ListItem","position":1,"name":"Accueil","item":"https:\/\/vieassociative.be\/actualites\/"},{"@type":"ListItem","position":2,"name":"Eupen re\u00e7oit une adresse principale pour les \u00e9v\u00e9nements, les d\u00e9lais et les temps haut de gamme dans la nature du week-end de la nature"}]},{"@type":"WebSite","@id":"https:\/\/vieassociative.be\/actualites\/#website","url":"https:\/\/vieassociative.be\/actualites\/","name":"Vie Associative","description":"","publisher":{"@id":"https:\/\/vieassociative.be\/actualites\/#organization"},"potentialAction":[{"@type":"SearchAction","target":{"@type":"EntryPoint","urlTemplate":"https:\/\/vieassociative.be\/actualites\/?s={search_term_string}"},"query-input":{"@type":"PropertyValueSpecification","valueRequired":true,"valueName":"search_term_string"}}],"inLanguage":"fr-BE"},{"@type":"Organization","@id":"https:\/\/vieassociative.be\/actualites\/#organization","name":"Vie Associative","url":"https:\/\/vieassociative.be\/actualites\/","logo":{"@type":"ImageObject","inLanguage":"fr-BE","@id":"https:\/\/vieassociative.be\/actualites\/#\/schema\/logo\/image\/","url":"https:\/\/vieassociative.be\/actualites\/wp-content\/uploads\/2024\/09\/cropped-vieassociative_favicon.ico.png","contentUrl":"https:\/\/vieassociative.be\/actualites\/wp-content\/uploads\/2024\/09\/cropped-vieassociative_favicon.ico.png","width":512,"height":512,"caption":"Vie Associative"},"image":{"@id":"https:\/\/vieassociative.be\/actualites\/#\/schema\/logo\/image\/"}},{"@type":"Person","@id":"https:\/\/vieassociative.be\/actualites\/#\/schema\/person\/b87ac4f82f9d4e7b7cec7395b679edc4","name":"Julien","image":{"@type":"ImageObject","inLanguage":"fr-BE","@id":"https:\/\/vieassociative.be\/actualites\/#\/schema\/person\/image\/","url":"https:\/\/vieassociative.be\/actualites\/wp-content\/uploads\/2024\/09\/vie-associative-1-150x150.jpg","contentUrl":"https:\/\/vieassociative.be\/actualites\/wp-content\/uploads\/2024\/09\/vie-associative-1-150x150.jpg","caption":"Julien"},"description":"Je suis Julien, r\u00e9dacteur pour Vie Associative. Passionn\u00e9 par le monde associatif depuis plus de 10 ans, j'ai \u00e0 c\u0153ur de partager des histoires inspirantes et de mettre en lumi\u00e8re les initiatives locales. Mon objectif est de sensibiliser et d'encourager l'engagement communautaire \u00e0 travers mes articles.","sameAs":["https:\/\/vieassociative.be\/"]}]}},"_links":{"self":[{"href":"https:\/\/vieassociative.be\/actualites\/wp-json\/wp\/v2\/posts\/10273"}],"collection":[{"href":"https:\/\/vieassociative.be\/actualites\/wp-json\/wp\/v2\/posts"}],"about":[{"href":"https:\/\/vieassociative.be\/actualites\/wp-json\/wp\/v2\/types\/post"}],"author":[{"embeddable":true,"href":"https:\/\/vieassociative.be\/actualites\/wp-json\/wp\/v2\/users\/1"}],"replies":[{"embeddable":true,"href":"https:\/\/vieassociative.be\/actualites\/wp-json\/wp\/v2\/comments?post=10273"}],"version-history":[{"count":0,"href":"https:\/\/vieassociative.be\/actualites\/wp-json\/wp\/v2\/posts\/10273\/revisions"}],"wp:featuredmedia":[{"embeddable":true,"href":"https:\/\/vieassociative.be\/actualites\/wp-json\/wp\/v2\/media\/10274"}],"wp:attachment":[{"href":"https:\/\/vieassociative.be\/actualites\/wp-json\/wp\/v2\/media?parent=10273"}],"wp:term":[{"taxonomy":"category","embeddable":true,"href":"https:\/\/vieassociative.be\/actualites\/wp-json\/wp\/v2\/categories?post=10273"},{"taxonomy":"post_tag","embeddable":true,"href":"https:\/\/vieassociative.be\/actualites\/wp-json\/wp\/v2\/tags?post=10273"}],"curies":[{"name":"wp","href":"https:\/\/api.w.org\/{rel}","templated":true}]}}