{"id":1027,"date":"2024-10-09T13:23:17","date_gmt":"2024-10-09T11:23:17","guid":{"rendered":"https:\/\/vieassociative.be\/actualites\/pouvons-nous-arreter-de-dire-que-les-pommes-de-terre-sont-malsaines\/"},"modified":"2024-10-09T13:23:17","modified_gmt":"2024-10-09T11:23:17","slug":"pouvons-nous-arreter-de-dire-que-les-pommes-de-terre-sont-malsaines","status":"publish","type":"post","link":"https:\/\/vieassociative.be\/actualites\/pouvons-nous-arreter-de-dire-que-les-pommes-de-terre-sont-malsaines\/","title":{"rendered":"Pouvons-nous arr\u00eater de dire que les pommes de terre sont malsaines ?"},"content":{"rendered":"<div class=\"mt-4 leading-6 md:mb-8\">Un morceau compos\u00e9 principalement d&rsquo;amidon (et d&rsquo;une quantit\u00e9 surprenante de vitamine C) qui pousse dans le sol.<\/div>\n<p><\/p>\n<p>Les pommes de terre ont la r\u00e9putation d&rsquo;\u00eatre \u00ab malsaines \u00bb, et c&rsquo;est injuste. La pomme de terre n\u2019est qu\u2019un morceau compos\u00e9 principalement d\u2019amidon (et d\u2019une quantit\u00e9 surprenante de vitamine C) qui pousse dans le sol. C&rsquo;est aussi terre-\u00e0-terre qu&rsquo;un l\u00e9gume peut l&rsquo;\u00eatre, litt\u00e9ralement. Bien s\u00fbr, nous pouvons la faire frire dans l\u2019huile et l\u2019appeler une chips, mais ce n\u2019est pas la faute de la pomme de terre. Alors pourquoi sommes-nous si nombreux \u00e0 penser que les pommes de terre sont incompatibles avec une alimentation saine ?<\/p>\n<h2 id=\"how-did-we-start-thinking-of-potatoes-as-unhealthy-anyway\">Comment avons-nous commenc\u00e9 \u00e0 consid\u00e9rer les pommes de terre comme malsaines, de toute fa\u00e7on ?<\/h2>\n<p>L&rsquo;une des statistiques les plus tristes des enqu\u00eates de l&rsquo;USDA sur nos habitudes alimentaires est que les pommes de terre sont le l\u00e9gume le plus consomm\u00e9 en Am\u00e9rique. Ce n&rsquo;est pas triste parce que ce sont des pommes de terre, mais plut\u00f4t parce que nous sommes nombreux \u00e0 les manger sous forme de chips et de frites. <em>et puis ne mange pas beaucoup d&rsquo;autres l\u00e9gumes<\/em>. Un r\u00e9gime sans l\u00e9gumes verts est un probl\u00e8me parce qu&rsquo;il manque de l\u00e9gumes verts, et non parce qu&rsquo;il contient des pommes de terre. <\/p>\n<p>Diverses \u00e9tudes observationnelles ont \u00e9tabli un lien entre la consommation de pommes de terre et des niveaux accrus de diab\u00e8te de type 2 et d&rsquo;autres probl\u00e8mes de sant\u00e9, mais les pommes de terre sont plus susceptibles d&rsquo;\u00eatre le signe d&rsquo;une alimentation par ailleurs malsaine (par exemple, signalant que quelqu&rsquo;un mange beaucoup de fast-food) que un probl\u00e8me en soi. Une \u00e9tude r\u00e9cente men\u00e9e au Danemark qui s\u00e9parait les pommes de terre bouillies des pommes de terre frites a r\u00e9v\u00e9l\u00e9 que les premi\u00e8res <em>ne sont pas<\/em> li\u00e9s au risque de diab\u00e8te. Et m\u00eame si sur le papier les pommes de terre ont un indice glyc\u00e9mique \u00e9lev\u00e9, des recherches ont montr\u00e9 qu&rsquo;elles n&rsquo;augmentent pas la glyc\u00e9mie dans le cadre d&rsquo;un repas typique.<\/p>\n<p>Les frites et les chips ont \u00e9galement une mauvaise r\u00e9putation, datant de l\u2019\u00e9poque o\u00f9 les graisses et les huiles \u00e9taient consid\u00e9r\u00e9es comme l\u2019\u00e9pouvantail d\u2019une alimentation saine. Ils sont frits dans de l&rsquo;huile grasse (ou, autrefois, dans du suif de b\u0153uf) et ont donc \u00e9t\u00e9 jug\u00e9s \u00ab malsains \u00bb. Lorsque les glucides sont devenus une chose \u00e0 la mode \u00e0 \u00e9viter, les frites et les chips \u00e9taient <em>toujours<\/em> consid\u00e9r\u00e9e comme malsaine, mais cette fois parce que les pommes de terre sont riches en glucides.<\/p>\n<p>  M\u00eame si l\u2019engouement pour les aliments \u00e0 faible teneur en glucides s\u2019est estomp\u00e9, les pommes de terre restent consid\u00e9r\u00e9es comme un mauvais choix. Ou bien les gens mangeront des patates douces au lieu de pommes de terre blanches, m\u00eame si elles ne sont pas si diff\u00e9rentes sur le plan nutritionnel. Nous devons bien comprendre.<\/p>\n<h2 id=\"whats-actually-in-a-potato-nutrition-wise\">Que contient r\u00e9ellement une pomme de terre, du point de vue nutritionnel<\/h2>\n<p>Qu&rsquo;y a-t-il de si mauvais avec les pommes de terre, de toute fa\u00e7on ? Si vous prenez une minute pour les consid\u00e9rer comme un l\u00e9gume, distinct de leurs pr\u00e9parations courantes de chips et de frites, ils sont en fait plut\u00f4t bons. Une grosse pomme de terre (284 calories) contient\u00a0: <\/p>\n<ul>\n<li>\n<p>64 grammes de glucides, d&rsquo;accord, mais restez avec moi ici<\/p>\n<\/li>\n<li>\n<p>8 grammes de prot\u00e9ines<\/p>\n<\/li>\n<li>\n<p>8 grammes de fibres<\/p>\n<\/li>\n<li>\n<p>moins de 1 gramme de graisse<\/p>\n<\/li>\n<li>\n<p>81\u00a0% de votre apport quotidien en vitamine C (!)<\/p>\n<\/li>\n<li>\n<p>64\u00a0% de votre apport quotidien en vitamine B<sub>6<\/sub><\/p>\n<\/li>\n<li>\n<p>33\u00a0% de votre potassium quotidien<\/p>\n<\/li>\n<\/ul>\n<p>Ces chiffres supposent que vous gardez la peau. La chair des pommes de terre contient encore beaucoup des nutriments ci-dessus, mais vous en obtiendrez davantage si vous incluez la peau. (Je garde toujours la peau lorsque j&rsquo;\u00e9crase ou r\u00f4tis des pommes de terre.)<\/p>\n<p>les chiffres pour les prot\u00e9ines, les graisses et les vitamines sont assez impressionnants pour un l\u00e9gume, et encore plus quand on les consid\u00e8re comme une source de glucides : une pomme de terre contient plus de fibres et de prot\u00e9ines qu&rsquo;une portion \u00e9quivalente de riz brun, et plus de fibres ( mais prot\u00e9ine similaire) par rapport au quinoa. <\/p>\n<p>Alors arr\u00eatez de m\u00e9langer les pommes de terre avec du pain blanc ou d\u2019autres sources de glucides raffin\u00e9s. Sur le plan nutritionnel, ils ressemblent davantage au quinoa, au riz brun ou \u00e0 d\u2019autres grains entiers. <\/p>\n","protected":false},"excerpt":{"rendered":"<p>Un morceau compos\u00e9 principalement d&rsquo;amidon (et d&rsquo;une quantit\u00e9 surprenante de vitamine C) qui pousse dans le sol. Les pommes de terre ont la r\u00e9putation d&rsquo;\u00eatre<\/p>\n","protected":false},"author":1,"featured_media":1028,"comment_status":"","ping_status":"","sticky":false,"template":"","format":"standard","meta":{"footnotes":""},"categories":[38],"tags":[1575,1074,14,1576,704,1574,18,1166],"class_list":["post-1027","post","type-post","status-publish","format-standard","has-post-thumbnail","hentry","category-sante","tag-arreter","tag-dire","tag-les","tag-malsaines","tag-pommes","tag-pouvonsnous","tag-sont","tag-terre","generate-columns","tablet-grid-50","mobile-grid-100","grid-parent","grid-33"],"yoast_head":"<!-- This site is optimized with the Yoast SEO plugin v24.0 - https:\/\/yoast.com\/wordpress\/plugins\/seo\/ -->\n<title>Pouvons-nous arr\u00eater de dire que les pommes de terre sont malsaines ? | Vie Associative<\/title>\n<meta name=\"robots\" content=\"index, follow, max-snippet:-1, max-image-preview:large, max-video-preview:-1\" \/>\n<link rel=\"canonical\" href=\"https:\/\/vieassociative.be\/actualites\/pouvons-nous-arreter-de-dire-que-les-pommes-de-terre-sont-malsaines\/\" \/>\n<meta property=\"og:locale\" content=\"fr_FR\" \/>\n<meta property=\"og:type\" content=\"article\" \/>\n<meta property=\"og:title\" content=\"Pouvons-nous arr\u00eater de dire que les pommes de terre sont malsaines ? | Vie Associative\" \/>\n<meta property=\"og:description\" content=\"Un morceau compos\u00e9 principalement d&rsquo;amidon (et d&rsquo;une quantit\u00e9 surprenante de vitamine C) qui pousse dans le sol. Les pommes de terre ont la r\u00e9putation d&rsquo;\u00eatre\" \/>\n<meta property=\"og:url\" content=\"https:\/\/vieassociative.be\/actualites\/pouvons-nous-arreter-de-dire-que-les-pommes-de-terre-sont-malsaines\/\" \/>\n<meta property=\"og:site_name\" content=\"Vie Associative\" \/>\n<meta property=\"article:published_time\" content=\"2024-10-09T11:23:17+00:00\" \/>\n<meta property=\"og:image\" content=\"https:\/\/vieassociative.be\/actualites\/wp-content\/uploads\/2024\/09\/header_backgroundk-01-e1726694325946.png\" \/>\n\t<meta property=\"og:image:width\" content=\"279\" \/>\n\t<meta property=\"og:image:height\" content=\"92\" \/>\n\t<meta property=\"og:image:type\" content=\"image\/png\" \/>\n<meta name=\"author\" content=\"Julien\" \/>\n<meta name=\"twitter:card\" content=\"summary_large_image\" \/>\n<meta name=\"twitter:label1\" content=\"\u00c9crit par\" \/>\n\t<meta name=\"twitter:data1\" content=\"Julien\" \/>\n\t<meta name=\"twitter:label2\" content=\"Dur\u00e9e de lecture est.\" \/>\n\t<meta name=\"twitter:data2\" content=\"4 minutes\" \/>\n<script type=\"application\/ld+json\" class=\"yoast-schema-graph\">{\"@context\":\"https:\/\/schema.org\",\"@graph\":[{\"@type\":\"Article\",\"@id\":\"https:\/\/vieassociative.be\/actualites\/pouvons-nous-arreter-de-dire-que-les-pommes-de-terre-sont-malsaines\/#article\",\"isPartOf\":{\"@id\":\"https:\/\/vieassociative.be\/actualites\/pouvons-nous-arreter-de-dire-que-les-pommes-de-terre-sont-malsaines\/\"},\"author\":{\"name\":\"Julien\",\"@id\":\"https:\/\/vieassociative.be\/actualites\/#\/schema\/person\/b87ac4f82f9d4e7b7cec7395b679edc4\"},\"headline\":\"Pouvons-nous arr\u00eater de dire que les pommes de terre sont malsaines ?\",\"datePublished\":\"2024-10-09T11:23:17+00:00\",\"dateModified\":\"2024-10-09T11:23:17+00:00\",\"mainEntityOfPage\":{\"@id\":\"https:\/\/vieassociative.be\/actualites\/pouvons-nous-arreter-de-dire-que-les-pommes-de-terre-sont-malsaines\/\"},\"wordCount\":789,\"publisher\":{\"@id\":\"https:\/\/vieassociative.be\/actualites\/#organization\"},\"image\":{\"@id\":\"https:\/\/vieassociative.be\/actualites\/pouvons-nous-arreter-de-dire-que-les-pommes-de-terre-sont-malsaines\/#primaryimage\"},\"thumbnailUrl\":\"https:\/\/vieassociative.be\/actualites\/wp-content\/uploads\/2024\/10\/Pouvons-nous-arreter-de-dire-que-les-pommes-de-terre-sont.jpg\",\"keywords\":[\"arr\u00eater\",\"dire\",\"Les\",\"malsaines\",\"pommes\",\"Pouvonsnous\",\"sont\",\"terre\"],\"articleSection\":[\"Sant\u00e9\"],\"inLanguage\":\"fr-BE\"},{\"@type\":\"WebPage\",\"@id\":\"https:\/\/vieassociative.be\/actualites\/pouvons-nous-arreter-de-dire-que-les-pommes-de-terre-sont-malsaines\/\",\"url\":\"https:\/\/vieassociative.be\/actualites\/pouvons-nous-arreter-de-dire-que-les-pommes-de-terre-sont-malsaines\/\",\"name\":\"Pouvons-nous arr\u00eater de dire que les pommes de terre sont malsaines ? | Vie Associative\",\"isPartOf\":{\"@id\":\"https:\/\/vieassociative.be\/actualites\/#website\"},\"primaryImageOfPage\":{\"@id\":\"https:\/\/vieassociative.be\/actualites\/pouvons-nous-arreter-de-dire-que-les-pommes-de-terre-sont-malsaines\/#primaryimage\"},\"image\":{\"@id\":\"https:\/\/vieassociative.be\/actualites\/pouvons-nous-arreter-de-dire-que-les-pommes-de-terre-sont-malsaines\/#primaryimage\"},\"thumbnailUrl\":\"https:\/\/vieassociative.be\/actualites\/wp-content\/uploads\/2024\/10\/Pouvons-nous-arreter-de-dire-que-les-pommes-de-terre-sont.jpg\",\"datePublished\":\"2024-10-09T11:23:17+00:00\",\"dateModified\":\"2024-10-09T11:23:17+00:00\",\"breadcrumb\":{\"@id\":\"https:\/\/vieassociative.be\/actualites\/pouvons-nous-arreter-de-dire-que-les-pommes-de-terre-sont-malsaines\/#breadcrumb\"},\"inLanguage\":\"fr-BE\",\"potentialAction\":[{\"@type\":\"ReadAction\",\"target\":[\"https:\/\/vieassociative.be\/actualites\/pouvons-nous-arreter-de-dire-que-les-pommes-de-terre-sont-malsaines\/\"]}]},{\"@type\":\"ImageObject\",\"inLanguage\":\"fr-BE\",\"@id\":\"https:\/\/vieassociative.be\/actualites\/pouvons-nous-arreter-de-dire-que-les-pommes-de-terre-sont-malsaines\/#primaryimage\",\"url\":\"https:\/\/vieassociative.be\/actualites\/wp-content\/uploads\/2024\/10\/Pouvons-nous-arreter-de-dire-que-les-pommes-de-terre-sont.jpg\",\"contentUrl\":\"https:\/\/vieassociative.be\/actualites\/wp-content\/uploads\/2024\/10\/Pouvons-nous-arreter-de-dire-que-les-pommes-de-terre-sont.jpg\",\"width\":1200,\"height\":675,\"caption\":\"Pouvons-nous arr\u00eater de dire que les pommes de terre sont malsaines ?\"},{\"@type\":\"BreadcrumbList\",\"@id\":\"https:\/\/vieassociative.be\/actualites\/pouvons-nous-arreter-de-dire-que-les-pommes-de-terre-sont-malsaines\/#breadcrumb\",\"itemListElement\":[{\"@type\":\"ListItem\",\"position\":1,\"name\":\"Accueil\",\"item\":\"https:\/\/vieassociative.be\/actualites\/\"},{\"@type\":\"ListItem\",\"position\":2,\"name\":\"Pouvons-nous arr\u00eater de dire que les pommes de terre sont malsaines ?\"}]},{\"@type\":\"WebSite\",\"@id\":\"https:\/\/vieassociative.be\/actualites\/#website\",\"url\":\"https:\/\/vieassociative.be\/actualites\/\",\"name\":\"Vie Associative\",\"description\":\"\",\"publisher\":{\"@id\":\"https:\/\/vieassociative.be\/actualites\/#organization\"},\"potentialAction\":[{\"@type\":\"SearchAction\",\"target\":{\"@type\":\"EntryPoint\",\"urlTemplate\":\"https:\/\/vieassociative.be\/actualites\/?s={search_term_string}\"},\"query-input\":{\"@type\":\"PropertyValueSpecification\",\"valueRequired\":true,\"valueName\":\"search_term_string\"}}],\"inLanguage\":\"fr-BE\"},{\"@type\":\"Organization\",\"@id\":\"https:\/\/vieassociative.be\/actualites\/#organization\",\"name\":\"Vie Associative\",\"url\":\"https:\/\/vieassociative.be\/actualites\/\",\"logo\":{\"@type\":\"ImageObject\",\"inLanguage\":\"fr-BE\",\"@id\":\"https:\/\/vieassociative.be\/actualites\/#\/schema\/logo\/image\/\",\"url\":\"https:\/\/vieassociative.be\/actualites\/wp-content\/uploads\/2024\/09\/cropped-vieassociative_favicon.ico.png\",\"contentUrl\":\"https:\/\/vieassociative.be\/actualites\/wp-content\/uploads\/2024\/09\/cropped-vieassociative_favicon.ico.png\",\"width\":512,\"height\":512,\"caption\":\"Vie Associative\"},\"image\":{\"@id\":\"https:\/\/vieassociative.be\/actualites\/#\/schema\/logo\/image\/\"}},{\"@type\":\"Person\",\"@id\":\"https:\/\/vieassociative.be\/actualites\/#\/schema\/person\/b87ac4f82f9d4e7b7cec7395b679edc4\",\"name\":\"Julien\",\"image\":{\"@type\":\"ImageObject\",\"inLanguage\":\"fr-BE\",\"@id\":\"https:\/\/vieassociative.be\/actualites\/#\/schema\/person\/image\/\",\"url\":\"https:\/\/vieassociative.be\/actualites\/wp-content\/uploads\/2024\/09\/vie-associative-1-150x150.jpg\",\"contentUrl\":\"https:\/\/vieassociative.be\/actualites\/wp-content\/uploads\/2024\/09\/vie-associative-1-150x150.jpg\",\"caption\":\"Julien\"},\"description\":\"Je suis Julien, r\u00e9dacteur pour Vie Associative. Passionn\u00e9 par le monde associatif depuis plus de 10 ans, j'ai \u00e0 c\u0153ur de partager des histoires inspirantes et de mettre en lumi\u00e8re les initiatives locales. Mon objectif est de sensibiliser et d'encourager l'engagement communautaire \u00e0 travers mes articles.\",\"sameAs\":[\"https:\/\/vieassociative.be\/\"]}]}<\/script>\n<!-- \/ Yoast SEO plugin. -->","yoast_head_json":{"title":"Pouvons-nous arr\u00eater de dire que les pommes de terre sont malsaines ? | Vie Associative","robots":{"index":"index","follow":"follow","max-snippet":"max-snippet:-1","max-image-preview":"max-image-preview:large","max-video-preview":"max-video-preview:-1"},"canonical":"https:\/\/vieassociative.be\/actualites\/pouvons-nous-arreter-de-dire-que-les-pommes-de-terre-sont-malsaines\/","og_locale":"fr_FR","og_type":"article","og_title":"Pouvons-nous arr\u00eater de dire que les pommes de terre sont malsaines ? | Vie Associative","og_description":"Un morceau compos\u00e9 principalement d&rsquo;amidon (et d&rsquo;une quantit\u00e9 surprenante de vitamine C) qui pousse dans le sol. Les pommes de terre ont la r\u00e9putation d&rsquo;\u00eatre","og_url":"https:\/\/vieassociative.be\/actualites\/pouvons-nous-arreter-de-dire-que-les-pommes-de-terre-sont-malsaines\/","og_site_name":"Vie Associative","article_published_time":"2024-10-09T11:23:17+00:00","og_image":[{"width":279,"height":92,"url":"https:\/\/vieassociative.be\/actualites\/wp-content\/uploads\/2024\/09\/header_backgroundk-01-e1726694325946.png","type":"image\/png"}],"author":"Julien","twitter_card":"summary_large_image","twitter_misc":{"\u00c9crit par":"Julien","Dur\u00e9e de lecture est.":"4 minutes"},"schema":{"@context":"https:\/\/schema.org","@graph":[{"@type":"Article","@id":"https:\/\/vieassociative.be\/actualites\/pouvons-nous-arreter-de-dire-que-les-pommes-de-terre-sont-malsaines\/#article","isPartOf":{"@id":"https:\/\/vieassociative.be\/actualites\/pouvons-nous-arreter-de-dire-que-les-pommes-de-terre-sont-malsaines\/"},"author":{"name":"Julien","@id":"https:\/\/vieassociative.be\/actualites\/#\/schema\/person\/b87ac4f82f9d4e7b7cec7395b679edc4"},"headline":"Pouvons-nous arr\u00eater de dire que les pommes de terre sont malsaines ?","datePublished":"2024-10-09T11:23:17+00:00","dateModified":"2024-10-09T11:23:17+00:00","mainEntityOfPage":{"@id":"https:\/\/vieassociative.be\/actualites\/pouvons-nous-arreter-de-dire-que-les-pommes-de-terre-sont-malsaines\/"},"wordCount":789,"publisher":{"@id":"https:\/\/vieassociative.be\/actualites\/#organization"},"image":{"@id":"https:\/\/vieassociative.be\/actualites\/pouvons-nous-arreter-de-dire-que-les-pommes-de-terre-sont-malsaines\/#primaryimage"},"thumbnailUrl":"https:\/\/vieassociative.be\/actualites\/wp-content\/uploads\/2024\/10\/Pouvons-nous-arreter-de-dire-que-les-pommes-de-terre-sont.jpg","keywords":["arr\u00eater","dire","Les","malsaines","pommes","Pouvonsnous","sont","terre"],"articleSection":["Sant\u00e9"],"inLanguage":"fr-BE"},{"@type":"WebPage","@id":"https:\/\/vieassociative.be\/actualites\/pouvons-nous-arreter-de-dire-que-les-pommes-de-terre-sont-malsaines\/","url":"https:\/\/vieassociative.be\/actualites\/pouvons-nous-arreter-de-dire-que-les-pommes-de-terre-sont-malsaines\/","name":"Pouvons-nous arr\u00eater de dire que les pommes de terre sont malsaines ? | Vie Associative","isPartOf":{"@id":"https:\/\/vieassociative.be\/actualites\/#website"},"primaryImageOfPage":{"@id":"https:\/\/vieassociative.be\/actualites\/pouvons-nous-arreter-de-dire-que-les-pommes-de-terre-sont-malsaines\/#primaryimage"},"image":{"@id":"https:\/\/vieassociative.be\/actualites\/pouvons-nous-arreter-de-dire-que-les-pommes-de-terre-sont-malsaines\/#primaryimage"},"thumbnailUrl":"https:\/\/vieassociative.be\/actualites\/wp-content\/uploads\/2024\/10\/Pouvons-nous-arreter-de-dire-que-les-pommes-de-terre-sont.jpg","datePublished":"2024-10-09T11:23:17+00:00","dateModified":"2024-10-09T11:23:17+00:00","breadcrumb":{"@id":"https:\/\/vieassociative.be\/actualites\/pouvons-nous-arreter-de-dire-que-les-pommes-de-terre-sont-malsaines\/#breadcrumb"},"inLanguage":"fr-BE","potentialAction":[{"@type":"ReadAction","target":["https:\/\/vieassociative.be\/actualites\/pouvons-nous-arreter-de-dire-que-les-pommes-de-terre-sont-malsaines\/"]}]},{"@type":"ImageObject","inLanguage":"fr-BE","@id":"https:\/\/vieassociative.be\/actualites\/pouvons-nous-arreter-de-dire-que-les-pommes-de-terre-sont-malsaines\/#primaryimage","url":"https:\/\/vieassociative.be\/actualites\/wp-content\/uploads\/2024\/10\/Pouvons-nous-arreter-de-dire-que-les-pommes-de-terre-sont.jpg","contentUrl":"https:\/\/vieassociative.be\/actualites\/wp-content\/uploads\/2024\/10\/Pouvons-nous-arreter-de-dire-que-les-pommes-de-terre-sont.jpg","width":1200,"height":675,"caption":"Pouvons-nous arr\u00eater de dire que les pommes de terre sont malsaines ?"},{"@type":"BreadcrumbList","@id":"https:\/\/vieassociative.be\/actualites\/pouvons-nous-arreter-de-dire-que-les-pommes-de-terre-sont-malsaines\/#breadcrumb","itemListElement":[{"@type":"ListItem","position":1,"name":"Accueil","item":"https:\/\/vieassociative.be\/actualites\/"},{"@type":"ListItem","position":2,"name":"Pouvons-nous arr\u00eater de dire que les pommes de terre sont malsaines ?"}]},{"@type":"WebSite","@id":"https:\/\/vieassociative.be\/actualites\/#website","url":"https:\/\/vieassociative.be\/actualites\/","name":"Vie Associative","description":"","publisher":{"@id":"https:\/\/vieassociative.be\/actualites\/#organization"},"potentialAction":[{"@type":"SearchAction","target":{"@type":"EntryPoint","urlTemplate":"https:\/\/vieassociative.be\/actualites\/?s={search_term_string}"},"query-input":{"@type":"PropertyValueSpecification","valueRequired":true,"valueName":"search_term_string"}}],"inLanguage":"fr-BE"},{"@type":"Organization","@id":"https:\/\/vieassociative.be\/actualites\/#organization","name":"Vie Associative","url":"https:\/\/vieassociative.be\/actualites\/","logo":{"@type":"ImageObject","inLanguage":"fr-BE","@id":"https:\/\/vieassociative.be\/actualites\/#\/schema\/logo\/image\/","url":"https:\/\/vieassociative.be\/actualites\/wp-content\/uploads\/2024\/09\/cropped-vieassociative_favicon.ico.png","contentUrl":"https:\/\/vieassociative.be\/actualites\/wp-content\/uploads\/2024\/09\/cropped-vieassociative_favicon.ico.png","width":512,"height":512,"caption":"Vie Associative"},"image":{"@id":"https:\/\/vieassociative.be\/actualites\/#\/schema\/logo\/image\/"}},{"@type":"Person","@id":"https:\/\/vieassociative.be\/actualites\/#\/schema\/person\/b87ac4f82f9d4e7b7cec7395b679edc4","name":"Julien","image":{"@type":"ImageObject","inLanguage":"fr-BE","@id":"https:\/\/vieassociative.be\/actualites\/#\/schema\/person\/image\/","url":"https:\/\/vieassociative.be\/actualites\/wp-content\/uploads\/2024\/09\/vie-associative-1-150x150.jpg","contentUrl":"https:\/\/vieassociative.be\/actualites\/wp-content\/uploads\/2024\/09\/vie-associative-1-150x150.jpg","caption":"Julien"},"description":"Je suis Julien, r\u00e9dacteur pour Vie Associative. Passionn\u00e9 par le monde associatif depuis plus de 10 ans, j'ai \u00e0 c\u0153ur de partager des histoires inspirantes et de mettre en lumi\u00e8re les initiatives locales. Mon objectif est de sensibiliser et d'encourager l'engagement communautaire \u00e0 travers mes articles.","sameAs":["https:\/\/vieassociative.be\/"]}]}},"_links":{"self":[{"href":"https:\/\/vieassociative.be\/actualites\/wp-json\/wp\/v2\/posts\/1027"}],"collection":[{"href":"https:\/\/vieassociative.be\/actualites\/wp-json\/wp\/v2\/posts"}],"about":[{"href":"https:\/\/vieassociative.be\/actualites\/wp-json\/wp\/v2\/types\/post"}],"author":[{"embeddable":true,"href":"https:\/\/vieassociative.be\/actualites\/wp-json\/wp\/v2\/users\/1"}],"replies":[{"embeddable":true,"href":"https:\/\/vieassociative.be\/actualites\/wp-json\/wp\/v2\/comments?post=1027"}],"version-history":[{"count":0,"href":"https:\/\/vieassociative.be\/actualites\/wp-json\/wp\/v2\/posts\/1027\/revisions"}],"wp:featuredmedia":[{"embeddable":true,"href":"https:\/\/vieassociative.be\/actualites\/wp-json\/wp\/v2\/media\/1028"}],"wp:attachment":[{"href":"https:\/\/vieassociative.be\/actualites\/wp-json\/wp\/v2\/media?parent=1027"}],"wp:term":[{"taxonomy":"category","embeddable":true,"href":"https:\/\/vieassociative.be\/actualites\/wp-json\/wp\/v2\/categories?post=1027"},{"taxonomy":"post_tag","embeddable":true,"href":"https:\/\/vieassociative.be\/actualites\/wp-json\/wp\/v2\/tags?post=1027"}],"curies":[{"name":"wp","href":"https:\/\/api.w.org\/{rel}","templated":true}]}}