{"id":10269,"date":"2025-09-26T14:17:00","date_gmt":"2025-09-26T12:17:00","guid":{"rendered":"https:\/\/vieassociative.be\/actualites\/pourquoi-vous-ne-devriez-pas-utiliser-votre-ordinateur-portable-pour-prendre-des-notes-en-classe\/"},"modified":"2025-09-26T14:17:00","modified_gmt":"2025-09-26T12:17:00","slug":"pourquoi-vous-ne-devriez-pas-utiliser-votre-ordinateur-portable-pour-prendre-des-notes-en-classe","status":"publish","type":"post","link":"https:\/\/vieassociative.be\/actualites\/pourquoi-vous-ne-devriez-pas-utiliser-votre-ordinateur-portable-pour-prendre-des-notes-en-classe\/","title":{"rendered":"Pourquoi vous ne devriez pas utiliser votre ordinateur portable pour prendre des notes en classe"},"content":{"rendered":"<div class=\"mt-4 leading-6 md:mb-8\">Si vous voulez r\u00e9ellement conserver ce que vous apprenez, vous devrez prendre des notes \u00e0 l&rsquo;ancienne.<\/div>\n<p><\/p>\n<p><em>Saviez-vous que vous pouvez personnaliser Google pour filtrer les ordures? Prendre ces \u00e9tapes<\/em><em>  Pour de meilleurs r\u00e9sultats de recherche, notamment l&rsquo;ajout de Vie Associative comme source pr\u00e9f\u00e9r\u00e9e pour les nouvelles technologiques<\/em><em>.<\/em><\/p>\n<hr>\n<p>Avec toutes les applications et les outils num\u00e9riques disponibles pour am\u00e9liorer vos \u00e9tudes, ainsi que la vitesse et la facilit\u00e9 de saisie des notes par rapport au temps qu&rsquo;il faut pour les \u00e9crire, il semble que ce soit une \u00e9vidence pour amener votre ordinateur portable avec vous en classe. Mais il y a de bonnes raisons de croire que prendre des notes \u00e0 la main aide votre cerveau \u00e0 conserver davantage. Voici pourquoi vous devriez essayer de laisser l&rsquo;ordinateur portable derri\u00e8re \u00e0 la maison et comment faciliter le passage \u00e0 la vieille \u00e9cole.<\/p>\n<h2 id=\"digital-note-taking-isnt-perfect\">La prise de notes num\u00e9riques n&rsquo;est pas parfaite<\/h2>\n<p>Il y a eu beaucoup de recherches qui ont sugg\u00e9r\u00e9 que les notes \u00e0 la main sont sup\u00e9rieures \u00e0 celles que vous prenez sur un ordinateur, m\u00eame si la frappe est tellement plus rapide et que vous pouvez obtenir plus d&rsquo;informations sur la page. En fait, cela fait partie du probl\u00e8me: lorsque vous prenez des notes \u00e0 la main, vous devez \u00eatre exigeant sur ce qui est suffisamment important pour noter. Vous devez utiliser la pens\u00e9e critique, faire des contours et \u00e9couter attentivement pour d\u00e9terminer les parties de la conf\u00e9rence suffisamment pr\u00e9cieuses pour prendre le temps de noter. Lorsque vous tapez, vous pouvez simplement transcrire toute la conf\u00e9rence en temps r\u00e9el si vous le souhaitez &#8211; et vous pouvez continuer le pilote automatique pour le faire sans engager profond\u00e9ment votre cerveau dans le mat\u00e9riau. <\/p>\n<div class=\"mx-auto mb-12 mt-5 w-full max-w-3xl rounded-md border-2 border-gray-100 p-3 shadow-md md:px-7 md:pb-7 md:pt-5\" id=\"related-video\">\n<div class=\"mb-3 flex items-center md:mb-5\">\n        <img decoding=\"async\" class=\"mr-4 mt-0 h-10 w-10 md:mr-5 md:h-12 md:w-12\" src=\"https:\/\/vieassociative.be\/actualites\/wp-content\/uploads\/2025\/09\/1757726237_608_Meta-pourrait-devoiler-une-montre-intelligente-pour-controler-ses-lunettes.jpg\" alt=\"Logo Lifehacker\"><\/p><\/div>\n<div class=\"aspect-video w-full overflow-hidden rounded-md\">\n<div id=\"video-container-01K62XM0BDZC9WRNFZ339HT2QZ\"><\/div>\n<\/p><\/div>\n<\/div>\n<p>J&rsquo;ai fait cette erreur \u00e0 l&rsquo;\u00e9cole sup\u00e9rieure: je taperais tout ce que le professeur a dit, donc concentr\u00e9 sur l&rsquo;obtention de chaque mot que je n&rsquo;ai pas fait <em>entendre<\/em> la le\u00e7on. Pire, j&rsquo;ai fini par ce qui \u00e9quivalait \u00e0 des transcriptions &#8211; et la majorit\u00e9 de ce que les professeurs diraient au cours des cours de trois heures n&rsquo;\u00e9taient pas pertinents pour mes objectifs d&rsquo;apprentissage concr\u00e8tes. Je finirais par nourrir mes \u00ab\u00a0notes\u00a0\u00bb en d\u00e9sordre dans les outils d&rsquo;IA et demander des r\u00e9sum\u00e9s. J&rsquo;aurais pu \u00e9couter de mani\u00e8re plus r\u00e9fl\u00e9chie et intentionnellement la premi\u00e8re fois.<\/p>\n<p>Des recherches r\u00e9centes soutenaient la prise de notes lorsque le champion en titre a \u00e9t\u00e9 publi\u00e9 dans <em>Enseignement de la psychologie<\/em> En 2022. Les chercheurs ont mis les participants dans quatre cat\u00e9gories: ceux qui ont pris des notes \u00e0 la main et ont fait un test sur l&rsquo;ordinateur, ceux qui ont pris des notes sur l&rsquo;ordinateur et ont pass\u00e9 un test \u00e0 la main, ceux qui ont pris des notes et ont fait un test sur l&rsquo;ordinateur et ceux qui ont tout fait \u00e0 la main. Dans l&rsquo;ensemble, quelle que soit la fa\u00e7on dont ils ont finalement pass\u00e9 le test, les \u00e9tudiants qui ont pris des notes \u00e0 la main ont mieux perform\u00e9 sur le quiz dans l&rsquo;ensemble &#8211; et mieux sur les questions conceptuelles. <\/p>\n<h2 id=\"your-computer-is-distracting\">Votre ordinateur est distrayant<\/h2>\n<p>Il est pratique de pouvoir rechercher des concepts, noter des notes et maintenir des onglets de mat\u00e9riel suppl\u00e9mentaire tout au long de la classe, mais il est tout aussi pratique de se d\u00e9placer vers une nouvelle fen\u00eatre et de faire d\u00e9filer les m\u00e9dias sociaux ou d&rsquo;envoyer des e-mails de travail. \u00catre distrait en classe n&rsquo;est pas utile pour votre r\u00e9tention et vos performances, que l&rsquo;outil \u00e0 port\u00e9e de main <em>pourrait <\/em>vous aider si vous l&rsquo;utilisiez.<\/p>\n<p>Une enqu\u00eate de 2012 publi\u00e9e dans le <em>Journal canadien pour la bourse d&rsquo;enseignement<\/em> Et l&rsquo;apprentissage a montr\u00e9 que sur 478 \u00e9tudiants et 36 instructeurs interrog\u00e9s dans une universit\u00e9, pr\u00e8s de la moiti\u00e9 ont trouv\u00e9 l&rsquo;utilisation de la technologie en classe \u00e0 des fins non \u00e9ducatives distrayantes. Il y a eu un <em>bouquet<\/em> D&rsquo;autres \u00e9tudes montrant que l&rsquo;utilisation des t\u00e9l\u00e9phones ou des ordinateurs portables \u00e0 des fins non \u00e9ducatives pendant les cours a un effet n\u00e9gatif sur le rendement scolaire. C&rsquo;est pourquoi nous voyons tant de juridictions \u00e0 travers le pays, pousser pour des zones d&rsquo;\u00e9cole sans t\u00e9l\u00e9phone pour les enfants. Les articles de revues sur ces r\u00e9sultats ont des titres assez simples comme \u00abDiviser l&rsquo;attention en classe r\u00e9duit les performances de l&rsquo;examen\u00bb et indique clairement que faire autre chose que prendre des notes ou suivre avec les mat\u00e9riaux de classe sur l&rsquo;ordinateur n&rsquo;a un impact sur votre capacit\u00e9 \u00e0 obtenir et \u00e0 conserver des informations pr\u00e9cieuses. <\/p>\n<p>Et comme la prise de notes sur l&rsquo;ordinateur n&rsquo;est pas si g\u00e9niale au d\u00e9but, vous pourriez tout aussi bien ne pas apporter l&rsquo;appareil du tout. <\/p>\n<h2 id=\"plan-your-note-taking\">Planifiez votre prise de notes <\/h2>\n<p>Si vous tapez vos notes depuis des ann\u00e9es, ce sera un ajustement majeur pour revenir au vieux cahier et au crayon. \u00c0 quoi ressemble votre \u00e9criture ces jours-ci? Savez-vous m\u00eame? Il est temps de vous remettre en question, mais dans le processus, vous aurez besoin d&rsquo;une strat\u00e9gie lorsque vous vous lancez dans ce plan.<\/p>\n<p>Il existe en fait une grande vari\u00e9t\u00e9 de m\u00e9thodes de prise de notes; Le meilleur pour vous d\u00e9pendra du type de contenu que vous \u00e9tudiez et du type d&rsquo;apprenant que vous \u00eates. J&rsquo;ai li\u00e9 mon guide \u00e0 toutes les approches ci-dessus. Vous pourriez trouver le d\u00e9couverte, la technique Cornell ou le \u00abmappage\u00bb ou le \u00abcartographie\u00bb pour mieux fonctionner, mais vous devrez jouer avec eux un certain temps pour le comprendre. <\/p>\n<p>Soit dit en passant, ce n&rsquo;est pas parce que vous prenez les notes \u00e0 la main qu&rsquo;ils doivent rester manuscrits \u00e0 la main. Vous pouvez num\u00e9riser vos notes \u00e0 l&rsquo;aide d&rsquo;une application ou m\u00eame investir dans un carnet intelligent qui le fera pour vous pendant que vous \u00e9crivez. J&rsquo;ai utilis\u00e9 un carnet de fus\u00e9e Smart dans le pass\u00e9 et je l&rsquo;ai trouv\u00e9 intuitif et une belle fa\u00e7on de chevaucher les mondes analogiques et num\u00e9riques. <\/p>\n<p>Enfin, assurez-vous de r\u00e9viser vos notes avant de quitter le cours, dans la mesure du possible. Les parcourir alors que la conf\u00e9rence est encore fra\u00eeche dans votre esprit est crucial. Vous pouvez soit commencer \u00e0 les num\u00e9riser ensuite, peut-\u00eatre en utilisant une application pour cr\u00e9er une carte mentale, soit simplement les r\u00e9\u00e9crire sur une page de carnet diff\u00e9rente. <\/p>\n","protected":false},"excerpt":{"rendered":"<p>Si vous voulez r\u00e9ellement conserver ce que vous apprenez, vous devrez prendre des notes \u00e0 l&rsquo;ancienne. Saviez-vous que vous pouvez personnaliser Google pour filtrer les<\/p>\n","protected":false},"author":1,"featured_media":10270,"comment_status":"","ping_status":"","sticky":false,"template":"","format":"standard","meta":{"footnotes":""},"categories":[37],"tags":[1246,29,636,145,169,126,170,81,734,886,239,8,4],"class_list":["post-10269","post","type-post","status-publish","format-standard","has-post-thumbnail","hentry","category-famille","tag-classe","tag-des","tag-devriez","tag-notes","tag-ordinateur","tag-pas","tag-portable","tag-pour","tag-pourquoi","tag-prendre","tag-utiliser","tag-votre","tag-vous","generate-columns","tablet-grid-50","mobile-grid-100","grid-parent","grid-33"],"yoast_head":"<!-- This site is optimized with the Yoast SEO plugin v24.0 - https:\/\/yoast.com\/wordpress\/plugins\/seo\/ -->\n<title>Pourquoi vous ne devriez pas utiliser votre ordinateur portable pour prendre des notes en classe | Vie Associative<\/title>\n<meta name=\"robots\" content=\"index, follow, max-snippet:-1, max-image-preview:large, max-video-preview:-1\" \/>\n<link rel=\"canonical\" href=\"https:\/\/vieassociative.be\/actualites\/pourquoi-vous-ne-devriez-pas-utiliser-votre-ordinateur-portable-pour-prendre-des-notes-en-classe\/\" \/>\n<meta property=\"og:locale\" content=\"fr_FR\" \/>\n<meta property=\"og:type\" content=\"article\" \/>\n<meta property=\"og:title\" content=\"Pourquoi vous ne devriez pas utiliser votre ordinateur portable pour prendre des notes en classe | Vie Associative\" \/>\n<meta property=\"og:description\" content=\"Si vous voulez r\u00e9ellement conserver ce que vous apprenez, vous devrez prendre des notes \u00e0 l&rsquo;ancienne. Saviez-vous que vous pouvez personnaliser Google pour filtrer les\" \/>\n<meta property=\"og:url\" content=\"https:\/\/vieassociative.be\/actualites\/pourquoi-vous-ne-devriez-pas-utiliser-votre-ordinateur-portable-pour-prendre-des-notes-en-classe\/\" \/>\n<meta property=\"og:site_name\" content=\"Vie Associative\" \/>\n<meta property=\"article:published_time\" content=\"2025-09-26T12:17:00+00:00\" \/>\n<meta property=\"og:image\" content=\"https:\/\/vieassociative.be\/actualites\/wp-content\/uploads\/2025\/09\/1757726237_608_Meta-pourrait-devoiler-une-montre-intelligente-pour-controler-ses-lunettes.jpg\" \/>\n<meta name=\"author\" content=\"Julien\" \/>\n<meta name=\"twitter:card\" content=\"summary_large_image\" \/>\n<meta name=\"twitter:label1\" content=\"\u00c9crit par\" \/>\n\t<meta name=\"twitter:data1\" content=\"Julien\" \/>\n\t<meta name=\"twitter:label2\" content=\"Dur\u00e9e de lecture est.\" \/>\n\t<meta name=\"twitter:data2\" content=\"5 minutes\" \/>\n<script type=\"application\/ld+json\" class=\"yoast-schema-graph\">{\"@context\":\"https:\/\/schema.org\",\"@graph\":[{\"@type\":\"Article\",\"@id\":\"https:\/\/vieassociative.be\/actualites\/pourquoi-vous-ne-devriez-pas-utiliser-votre-ordinateur-portable-pour-prendre-des-notes-en-classe\/#article\",\"isPartOf\":{\"@id\":\"https:\/\/vieassociative.be\/actualites\/pourquoi-vous-ne-devriez-pas-utiliser-votre-ordinateur-portable-pour-prendre-des-notes-en-classe\/\"},\"author\":{\"name\":\"Julien\",\"@id\":\"https:\/\/vieassociative.be\/actualites\/#\/schema\/person\/b87ac4f82f9d4e7b7cec7395b679edc4\"},\"headline\":\"Pourquoi vous ne devriez pas utiliser votre ordinateur portable pour prendre des notes en classe\",\"datePublished\":\"2025-09-26T12:17:00+00:00\",\"dateModified\":\"2025-09-26T12:17:00+00:00\",\"mainEntityOfPage\":{\"@id\":\"https:\/\/vieassociative.be\/actualites\/pourquoi-vous-ne-devriez-pas-utiliser-votre-ordinateur-portable-pour-prendre-des-notes-en-classe\/\"},\"wordCount\":1131,\"publisher\":{\"@id\":\"https:\/\/vieassociative.be\/actualites\/#organization\"},\"image\":{\"@id\":\"https:\/\/vieassociative.be\/actualites\/pourquoi-vous-ne-devriez-pas-utiliser-votre-ordinateur-portable-pour-prendre-des-notes-en-classe\/#primaryimage\"},\"thumbnailUrl\":\"https:\/\/vieassociative.be\/actualites\/wp-content\/uploads\/2025\/09\/Pourquoi-vous-ne-devriez-pas-utiliser-votre-ordinateur-portable-pour.jpg\",\"keywords\":[\"classe\",\"Des\",\"devriez\",\"notes\",\"ordinateur\",\"pas\",\"portable\",\"pour\",\"Pourquoi\",\"prendre\",\"utiliser\",\"votre\",\"Vous\"],\"articleSection\":[\"Famille\"],\"inLanguage\":\"fr-BE\"},{\"@type\":\"WebPage\",\"@id\":\"https:\/\/vieassociative.be\/actualites\/pourquoi-vous-ne-devriez-pas-utiliser-votre-ordinateur-portable-pour-prendre-des-notes-en-classe\/\",\"url\":\"https:\/\/vieassociative.be\/actualites\/pourquoi-vous-ne-devriez-pas-utiliser-votre-ordinateur-portable-pour-prendre-des-notes-en-classe\/\",\"name\":\"Pourquoi vous ne devriez pas utiliser votre ordinateur portable pour prendre des notes en classe | Vie Associative\",\"isPartOf\":{\"@id\":\"https:\/\/vieassociative.be\/actualites\/#website\"},\"primaryImageOfPage\":{\"@id\":\"https:\/\/vieassociative.be\/actualites\/pourquoi-vous-ne-devriez-pas-utiliser-votre-ordinateur-portable-pour-prendre-des-notes-en-classe\/#primaryimage\"},\"image\":{\"@id\":\"https:\/\/vieassociative.be\/actualites\/pourquoi-vous-ne-devriez-pas-utiliser-votre-ordinateur-portable-pour-prendre-des-notes-en-classe\/#primaryimage\"},\"thumbnailUrl\":\"https:\/\/vieassociative.be\/actualites\/wp-content\/uploads\/2025\/09\/Pourquoi-vous-ne-devriez-pas-utiliser-votre-ordinateur-portable-pour.jpg\",\"datePublished\":\"2025-09-26T12:17:00+00:00\",\"dateModified\":\"2025-09-26T12:17:00+00:00\",\"breadcrumb\":{\"@id\":\"https:\/\/vieassociative.be\/actualites\/pourquoi-vous-ne-devriez-pas-utiliser-votre-ordinateur-portable-pour-prendre-des-notes-en-classe\/#breadcrumb\"},\"inLanguage\":\"fr-BE\",\"potentialAction\":[{\"@type\":\"ReadAction\",\"target\":[\"https:\/\/vieassociative.be\/actualites\/pourquoi-vous-ne-devriez-pas-utiliser-votre-ordinateur-portable-pour-prendre-des-notes-en-classe\/\"]}]},{\"@type\":\"ImageObject\",\"inLanguage\":\"fr-BE\",\"@id\":\"https:\/\/vieassociative.be\/actualites\/pourquoi-vous-ne-devriez-pas-utiliser-votre-ordinateur-portable-pour-prendre-des-notes-en-classe\/#primaryimage\",\"url\":\"https:\/\/vieassociative.be\/actualites\/wp-content\/uploads\/2025\/09\/Pourquoi-vous-ne-devriez-pas-utiliser-votre-ordinateur-portable-pour.jpg\",\"contentUrl\":\"https:\/\/vieassociative.be\/actualites\/wp-content\/uploads\/2025\/09\/Pourquoi-vous-ne-devriez-pas-utiliser-votre-ordinateur-portable-pour.jpg\",\"width\":1200,\"height\":675,\"caption\":\"Pourquoi vous ne devriez pas utiliser votre ordinateur portable pour prendre des notes en classe\"},{\"@type\":\"BreadcrumbList\",\"@id\":\"https:\/\/vieassociative.be\/actualites\/pourquoi-vous-ne-devriez-pas-utiliser-votre-ordinateur-portable-pour-prendre-des-notes-en-classe\/#breadcrumb\",\"itemListElement\":[{\"@type\":\"ListItem\",\"position\":1,\"name\":\"Accueil\",\"item\":\"https:\/\/vieassociative.be\/actualites\/\"},{\"@type\":\"ListItem\",\"position\":2,\"name\":\"Pourquoi vous ne devriez pas utiliser votre ordinateur portable pour prendre des notes en classe\"}]},{\"@type\":\"WebSite\",\"@id\":\"https:\/\/vieassociative.be\/actualites\/#website\",\"url\":\"https:\/\/vieassociative.be\/actualites\/\",\"name\":\"Vie Associative\",\"description\":\"\",\"publisher\":{\"@id\":\"https:\/\/vieassociative.be\/actualites\/#organization\"},\"potentialAction\":[{\"@type\":\"SearchAction\",\"target\":{\"@type\":\"EntryPoint\",\"urlTemplate\":\"https:\/\/vieassociative.be\/actualites\/?s={search_term_string}\"},\"query-input\":{\"@type\":\"PropertyValueSpecification\",\"valueRequired\":true,\"valueName\":\"search_term_string\"}}],\"inLanguage\":\"fr-BE\"},{\"@type\":\"Organization\",\"@id\":\"https:\/\/vieassociative.be\/actualites\/#organization\",\"name\":\"Vie Associative\",\"url\":\"https:\/\/vieassociative.be\/actualites\/\",\"logo\":{\"@type\":\"ImageObject\",\"inLanguage\":\"fr-BE\",\"@id\":\"https:\/\/vieassociative.be\/actualites\/#\/schema\/logo\/image\/\",\"url\":\"https:\/\/vieassociative.be\/actualites\/wp-content\/uploads\/2024\/09\/cropped-vieassociative_favicon.ico.png\",\"contentUrl\":\"https:\/\/vieassociative.be\/actualites\/wp-content\/uploads\/2024\/09\/cropped-vieassociative_favicon.ico.png\",\"width\":512,\"height\":512,\"caption\":\"Vie Associative\"},\"image\":{\"@id\":\"https:\/\/vieassociative.be\/actualites\/#\/schema\/logo\/image\/\"}},{\"@type\":\"Person\",\"@id\":\"https:\/\/vieassociative.be\/actualites\/#\/schema\/person\/b87ac4f82f9d4e7b7cec7395b679edc4\",\"name\":\"Julien\",\"image\":{\"@type\":\"ImageObject\",\"inLanguage\":\"fr-BE\",\"@id\":\"https:\/\/vieassociative.be\/actualites\/#\/schema\/person\/image\/\",\"url\":\"https:\/\/vieassociative.be\/actualites\/wp-content\/uploads\/2024\/09\/vie-associative-1-150x150.jpg\",\"contentUrl\":\"https:\/\/vieassociative.be\/actualites\/wp-content\/uploads\/2024\/09\/vie-associative-1-150x150.jpg\",\"caption\":\"Julien\"},\"description\":\"Je suis Julien, r\u00e9dacteur pour Vie Associative. Passionn\u00e9 par le monde associatif depuis plus de 10 ans, j'ai \u00e0 c\u0153ur de partager des histoires inspirantes et de mettre en lumi\u00e8re les initiatives locales. Mon objectif est de sensibiliser et d'encourager l'engagement communautaire \u00e0 travers mes articles.\",\"sameAs\":[\"https:\/\/vieassociative.be\/\"]}]}<\/script>\n<!-- \/ Yoast SEO plugin. -->","yoast_head_json":{"title":"Pourquoi vous ne devriez pas utiliser votre ordinateur portable pour prendre des notes en classe | Vie Associative","robots":{"index":"index","follow":"follow","max-snippet":"max-snippet:-1","max-image-preview":"max-image-preview:large","max-video-preview":"max-video-preview:-1"},"canonical":"https:\/\/vieassociative.be\/actualites\/pourquoi-vous-ne-devriez-pas-utiliser-votre-ordinateur-portable-pour-prendre-des-notes-en-classe\/","og_locale":"fr_FR","og_type":"article","og_title":"Pourquoi vous ne devriez pas utiliser votre ordinateur portable pour prendre des notes en classe | Vie Associative","og_description":"Si vous voulez r\u00e9ellement conserver ce que vous apprenez, vous devrez prendre des notes \u00e0 l&rsquo;ancienne. Saviez-vous que vous pouvez personnaliser Google pour filtrer les","og_url":"https:\/\/vieassociative.be\/actualites\/pourquoi-vous-ne-devriez-pas-utiliser-votre-ordinateur-portable-pour-prendre-des-notes-en-classe\/","og_site_name":"Vie Associative","article_published_time":"2025-09-26T12:17:00+00:00","og_image":[{"url":"https:\/\/vieassociative.be\/actualites\/wp-content\/uploads\/2025\/09\/1757726237_608_Meta-pourrait-devoiler-une-montre-intelligente-pour-controler-ses-lunettes.jpg","type":"","width":"","height":""}],"author":"Julien","twitter_card":"summary_large_image","twitter_misc":{"\u00c9crit par":"Julien","Dur\u00e9e de lecture est.":"5 minutes"},"schema":{"@context":"https:\/\/schema.org","@graph":[{"@type":"Article","@id":"https:\/\/vieassociative.be\/actualites\/pourquoi-vous-ne-devriez-pas-utiliser-votre-ordinateur-portable-pour-prendre-des-notes-en-classe\/#article","isPartOf":{"@id":"https:\/\/vieassociative.be\/actualites\/pourquoi-vous-ne-devriez-pas-utiliser-votre-ordinateur-portable-pour-prendre-des-notes-en-classe\/"},"author":{"name":"Julien","@id":"https:\/\/vieassociative.be\/actualites\/#\/schema\/person\/b87ac4f82f9d4e7b7cec7395b679edc4"},"headline":"Pourquoi vous ne devriez pas utiliser votre ordinateur portable pour prendre des notes en classe","datePublished":"2025-09-26T12:17:00+00:00","dateModified":"2025-09-26T12:17:00+00:00","mainEntityOfPage":{"@id":"https:\/\/vieassociative.be\/actualites\/pourquoi-vous-ne-devriez-pas-utiliser-votre-ordinateur-portable-pour-prendre-des-notes-en-classe\/"},"wordCount":1131,"publisher":{"@id":"https:\/\/vieassociative.be\/actualites\/#organization"},"image":{"@id":"https:\/\/vieassociative.be\/actualites\/pourquoi-vous-ne-devriez-pas-utiliser-votre-ordinateur-portable-pour-prendre-des-notes-en-classe\/#primaryimage"},"thumbnailUrl":"https:\/\/vieassociative.be\/actualites\/wp-content\/uploads\/2025\/09\/Pourquoi-vous-ne-devriez-pas-utiliser-votre-ordinateur-portable-pour.jpg","keywords":["classe","Des","devriez","notes","ordinateur","pas","portable","pour","Pourquoi","prendre","utiliser","votre","Vous"],"articleSection":["Famille"],"inLanguage":"fr-BE"},{"@type":"WebPage","@id":"https:\/\/vieassociative.be\/actualites\/pourquoi-vous-ne-devriez-pas-utiliser-votre-ordinateur-portable-pour-prendre-des-notes-en-classe\/","url":"https:\/\/vieassociative.be\/actualites\/pourquoi-vous-ne-devriez-pas-utiliser-votre-ordinateur-portable-pour-prendre-des-notes-en-classe\/","name":"Pourquoi vous ne devriez pas utiliser votre ordinateur portable pour prendre des notes en classe | Vie Associative","isPartOf":{"@id":"https:\/\/vieassociative.be\/actualites\/#website"},"primaryImageOfPage":{"@id":"https:\/\/vieassociative.be\/actualites\/pourquoi-vous-ne-devriez-pas-utiliser-votre-ordinateur-portable-pour-prendre-des-notes-en-classe\/#primaryimage"},"image":{"@id":"https:\/\/vieassociative.be\/actualites\/pourquoi-vous-ne-devriez-pas-utiliser-votre-ordinateur-portable-pour-prendre-des-notes-en-classe\/#primaryimage"},"thumbnailUrl":"https:\/\/vieassociative.be\/actualites\/wp-content\/uploads\/2025\/09\/Pourquoi-vous-ne-devriez-pas-utiliser-votre-ordinateur-portable-pour.jpg","datePublished":"2025-09-26T12:17:00+00:00","dateModified":"2025-09-26T12:17:00+00:00","breadcrumb":{"@id":"https:\/\/vieassociative.be\/actualites\/pourquoi-vous-ne-devriez-pas-utiliser-votre-ordinateur-portable-pour-prendre-des-notes-en-classe\/#breadcrumb"},"inLanguage":"fr-BE","potentialAction":[{"@type":"ReadAction","target":["https:\/\/vieassociative.be\/actualites\/pourquoi-vous-ne-devriez-pas-utiliser-votre-ordinateur-portable-pour-prendre-des-notes-en-classe\/"]}]},{"@type":"ImageObject","inLanguage":"fr-BE","@id":"https:\/\/vieassociative.be\/actualites\/pourquoi-vous-ne-devriez-pas-utiliser-votre-ordinateur-portable-pour-prendre-des-notes-en-classe\/#primaryimage","url":"https:\/\/vieassociative.be\/actualites\/wp-content\/uploads\/2025\/09\/Pourquoi-vous-ne-devriez-pas-utiliser-votre-ordinateur-portable-pour.jpg","contentUrl":"https:\/\/vieassociative.be\/actualites\/wp-content\/uploads\/2025\/09\/Pourquoi-vous-ne-devriez-pas-utiliser-votre-ordinateur-portable-pour.jpg","width":1200,"height":675,"caption":"Pourquoi vous ne devriez pas utiliser votre ordinateur portable pour prendre des notes en classe"},{"@type":"BreadcrumbList","@id":"https:\/\/vieassociative.be\/actualites\/pourquoi-vous-ne-devriez-pas-utiliser-votre-ordinateur-portable-pour-prendre-des-notes-en-classe\/#breadcrumb","itemListElement":[{"@type":"ListItem","position":1,"name":"Accueil","item":"https:\/\/vieassociative.be\/actualites\/"},{"@type":"ListItem","position":2,"name":"Pourquoi vous ne devriez pas utiliser votre ordinateur portable pour prendre des notes en classe"}]},{"@type":"WebSite","@id":"https:\/\/vieassociative.be\/actualites\/#website","url":"https:\/\/vieassociative.be\/actualites\/","name":"Vie Associative","description":"","publisher":{"@id":"https:\/\/vieassociative.be\/actualites\/#organization"},"potentialAction":[{"@type":"SearchAction","target":{"@type":"EntryPoint","urlTemplate":"https:\/\/vieassociative.be\/actualites\/?s={search_term_string}"},"query-input":{"@type":"PropertyValueSpecification","valueRequired":true,"valueName":"search_term_string"}}],"inLanguage":"fr-BE"},{"@type":"Organization","@id":"https:\/\/vieassociative.be\/actualites\/#organization","name":"Vie Associative","url":"https:\/\/vieassociative.be\/actualites\/","logo":{"@type":"ImageObject","inLanguage":"fr-BE","@id":"https:\/\/vieassociative.be\/actualites\/#\/schema\/logo\/image\/","url":"https:\/\/vieassociative.be\/actualites\/wp-content\/uploads\/2024\/09\/cropped-vieassociative_favicon.ico.png","contentUrl":"https:\/\/vieassociative.be\/actualites\/wp-content\/uploads\/2024\/09\/cropped-vieassociative_favicon.ico.png","width":512,"height":512,"caption":"Vie Associative"},"image":{"@id":"https:\/\/vieassociative.be\/actualites\/#\/schema\/logo\/image\/"}},{"@type":"Person","@id":"https:\/\/vieassociative.be\/actualites\/#\/schema\/person\/b87ac4f82f9d4e7b7cec7395b679edc4","name":"Julien","image":{"@type":"ImageObject","inLanguage":"fr-BE","@id":"https:\/\/vieassociative.be\/actualites\/#\/schema\/person\/image\/","url":"https:\/\/vieassociative.be\/actualites\/wp-content\/uploads\/2024\/09\/vie-associative-1-150x150.jpg","contentUrl":"https:\/\/vieassociative.be\/actualites\/wp-content\/uploads\/2024\/09\/vie-associative-1-150x150.jpg","caption":"Julien"},"description":"Je suis Julien, r\u00e9dacteur pour Vie Associative. Passionn\u00e9 par le monde associatif depuis plus de 10 ans, j'ai \u00e0 c\u0153ur de partager des histoires inspirantes et de mettre en lumi\u00e8re les initiatives locales. Mon objectif est de sensibiliser et d'encourager l'engagement communautaire \u00e0 travers mes articles.","sameAs":["https:\/\/vieassociative.be\/"]}]}},"_links":{"self":[{"href":"https:\/\/vieassociative.be\/actualites\/wp-json\/wp\/v2\/posts\/10269"}],"collection":[{"href":"https:\/\/vieassociative.be\/actualites\/wp-json\/wp\/v2\/posts"}],"about":[{"href":"https:\/\/vieassociative.be\/actualites\/wp-json\/wp\/v2\/types\/post"}],"author":[{"embeddable":true,"href":"https:\/\/vieassociative.be\/actualites\/wp-json\/wp\/v2\/users\/1"}],"replies":[{"embeddable":true,"href":"https:\/\/vieassociative.be\/actualites\/wp-json\/wp\/v2\/comments?post=10269"}],"version-history":[{"count":0,"href":"https:\/\/vieassociative.be\/actualites\/wp-json\/wp\/v2\/posts\/10269\/revisions"}],"wp:featuredmedia":[{"embeddable":true,"href":"https:\/\/vieassociative.be\/actualites\/wp-json\/wp\/v2\/media\/10270"}],"wp:attachment":[{"href":"https:\/\/vieassociative.be\/actualites\/wp-json\/wp\/v2\/media?parent=10269"}],"wp:term":[{"taxonomy":"category","embeddable":true,"href":"https:\/\/vieassociative.be\/actualites\/wp-json\/wp\/v2\/categories?post=10269"},{"taxonomy":"post_tag","embeddable":true,"href":"https:\/\/vieassociative.be\/actualites\/wp-json\/wp\/v2\/tags?post=10269"}],"curies":[{"name":"wp","href":"https:\/\/api.w.org\/{rel}","templated":true}]}}