{"id":10265,"date":"2025-09-26T10:16:58","date_gmt":"2025-09-26T08:16:58","guid":{"rendered":"https:\/\/vieassociative.be\/actualites\/la-faction-vivant-est-suffisante-pour-une-proposition-de-resolution-pour-realigner-les-centres-communautaires-dg\/"},"modified":"2025-09-26T10:16:58","modified_gmt":"2025-09-26T08:16:58","slug":"la-faction-vivant-est-suffisante-pour-une-proposition-de-resolution-pour-realigner-les-centres-communautaires-dg","status":"publish","type":"post","link":"https:\/\/vieassociative.be\/actualites\/la-faction-vivant-est-suffisante-pour-une-proposition-de-resolution-pour-realigner-les-centres-communautaires-dg\/","title":{"rendered":"La faction Vivant est suffisante pour une proposition de r\u00e9solution pour r\u00e9aligner les centres communautaires DG"},"content":{"rendered":"<p><strong>Le groupe Vivant a soumis une proposition de r\u00e9solution au r\u00e9alignement strat\u00e9gique des centres communautaires de la DG.<\/strong><\/p>\n<p><span id=\"more-425511\"><\/span>Les centres communautaires de la DG sont le Sports and Leisure Center Worriken \u00e0 B\u00fctgenbach, le monast\u00e8re de Heidberg \u00e0 Eupen, le centre d&rsquo;accueil Eupen-Wesertalsperre, Vido \u00e0 Burg-Reuland (anciennement Kuz) et Haus Ternell \u00e0 Eupen.<\/p>\n<p>L&rsquo;objectif de la proposition de r\u00e9solution de Vivant n&rsquo;est pas seulement de soulager le m\u00e9nage et de professionnaliser op\u00e9rationnel. On veut plut\u00f4t mettre fin \u00e0 la pollution budg\u00e9taire permanente des entreprises structurellement d\u00e9ficients et convertir l&rsquo;op\u00e9ration op\u00e9rationnelle en mains professionnelles.<\/p>\n<div id=\"attachment_316060\" class=\"wp-caption alignleft\" style=\"max-width: 300px\"><img fetchpriority=\"high\" decoding=\"async\" class=\"wp-image-316060 size-medium\" src=\"https:\/\/vieassociative.be\/actualites\/wp-content\/uploads\/2025\/09\/La-faction-Vivant-est-suffisante-pour-une-proposition-de-resolution.jpeg\" alt=\"\" width=\"300\" height=\"200\"  ><\/div>\n<p>Selon Vivant, Worriken conna\u00eet continuellement des r\u00e9sultats n\u00e9gatifs de la p\u00e9riode 2014 \u00e0 2023 &#8211; un total d&rsquo;environ \u20135,99 millions d&rsquo;euros sans et de \u20137,59 millions d&rsquo;euros avec des d\u00e9penses d&rsquo;infrastructure. Au monast\u00e8re de Heidberg, les pertes, y compris les infrastructures, atteignent plus de \u20136,39 millions d&rsquo;euros. Ensemble, les pertes totales de tous les centres s&rsquo;\u00e9l\u00e8vent \u00e0 \u201310,42 millions d&rsquo;euros sans ou \u201316,58 millions d&rsquo;euros avec des infrastructures.<\/p>\n<p>De plus, il existe des syst\u00e8mes \u00e9nerg\u00e9tiques obsol\u00e8tes &#8211; les inqui\u00e9tudes utilisent \u00e0 elles seules environ 400 000 litres de chauffage de p\u00e9trole chaque ann\u00e9e, ce qui entra\u00eene \u00e9galement les co\u00fbts d&rsquo;exploitation.<\/p>\n<p>\u00ab\u00a0Les mesures pr\u00e9c\u00e9demment du gouvernement ne sont pas suffisantes pour assurer une stabilit\u00e9 financi\u00e8re durable. Un changement fondamental se pr\u00e9sente\u00a0\u00bb, explique Michael Balter du groupe Vivant. Plus r\u00e9cemment, le gouvernement a \u00e9merg\u00e9 une ouverture par rapport \u00e0 ce sujet long. Vivant concr\u00e9tise cette approche avec la r\u00e9solution d\u00e9sormais pr\u00e9sente.<\/p>\n<p>Le gouvernement est destin\u00e9 \u00e0 identifier les op\u00e9rateurs externes, les investisseurs ou les organisations \u00e0 but non lucratif \u00e0 court terme et \u00e0 v\u00e9rifier les options de privatisation partielle, de location ou de transfert complet des op\u00e9rateurs l\u00e9galement, \u00e9conomiquement et organisationnellement.<\/p>\n<p>Un plan de temps et de mesures doit \u00eatre soumis au Parlement dans les six mois; En tant que projet pilote, Worriken doit \u00eatre transf\u00e9r\u00e9 \u00e0 une publicit\u00e9 d&rsquo;op\u00e9rateur ou \u00e0 une conception de location dans les douze mois. Jusqu&rsquo;\u00e0 la fin du r\u00e9alignement, les investissements volontaires doivent rester expos\u00e9s \u00e0 &#8211; sauf des mesures li\u00e9es \u00e0 la s\u00e9curit\u00e9 et l\u00e9galement prescrites.<\/p>\n<div id=\"attachment_170356\" class=\"wp-caption alignleft\" style=\"max-width: 300px\"><img decoding=\"async\" class=\"wp-image-170356 size-medium\" src=\"https:\/\/vieassociative.be\/actualites\/wp-content\/uploads\/2025\/09\/1758874618_241_La-faction-Vivant-est-suffisante-pour-une-proposition-de-resolution.jpeg\" alt=\"\" width=\"300\" height=\"211\"  ><\/div>\n<p>En outre, la r\u00e9solution exige des rapports r\u00e9guliers sur le statut des n\u00e9gociations et des plans de perspective pour tous les centres qui visent les mod\u00e8les d&rsquo;exploitation du march\u00e9, efficaces et r\u00e9pertoriant des m\u00e9nages (tels que PPP, coop\u00e9ratives ou organisations non \u00e0 but lucratif).<\/p>\n<p>Selon Vivant, un regard au-del\u00e0 des fronti\u00e8res montre la faisabilit\u00e9: \u00abIl existe de nombreux exemples de meilleures pratiques dans le monde entier pour des solutions d&rsquo;op\u00e9rateur et d&rsquo;investisseurs r\u00e9ussies dans le domaine des sports publics<br \/>\net infrastructure de loisirs. Il est crucial que la propri\u00e9t\u00e9, les objectifs de performance et la protection des investissements soient clairement r\u00e9glement\u00e9s et que le risque op\u00e9rationnel fait partie des op\u00e9rateurs professionnels. \u00ab\u00a0<\/p>\n<p>Le communiqu\u00e9 de presse du d\u00e9put\u00e9 Vivant Michael Balter, Alain Mertes, Elena Peters et Diana Stiel dit \u00e9galement: \u00ab\u00a0Est-ce la t\u00e2che des op\u00e9rateurs de DG, Burgen, des h\u00f4tels ou de grands sports et de loisirs? Non. \u00bbConcluant Balter. La proposition de r\u00e9solution offre un calendrier r\u00e9aliste pour augmenter l&rsquo;efficacit\u00e9, assurer la transparence et soulager le m\u00e9nage durable. (Cre)<\/p>\n","protected":false},"excerpt":{"rendered":"<p>Le groupe Vivant a soumis une proposition de r\u00e9solution au r\u00e9alignement strat\u00e9gique des centres communautaires de la DG. Les centres communautaires de la DG sont<\/p>\n","protected":false},"author":1,"featured_media":10266,"comment_status":"","ping_status":"","sticky":false,"template":"","format":"standard","meta":{"footnotes":""},"categories":[298],"tags":[5278,4684,76,5900,14,81,5711,8677,5712,8676,110,3138],"class_list":["post-10265","post","type-post","status-publish","format-standard","has-post-thumbnail","hentry","category-belgique","tag-centres","tag-communautaires","tag-est","tag-faction","tag-les","tag-pour","tag-proposition","tag-realigner","tag-resolution","tag-suffisante","tag-une","tag-vivant","generate-columns","tablet-grid-50","mobile-grid-100","grid-parent","grid-33"],"yoast_head":"<!-- This site is optimized with the Yoast SEO plugin v24.0 - https:\/\/yoast.com\/wordpress\/plugins\/seo\/ -->\n<title>La faction Vivant est suffisante pour une proposition de r\u00e9solution pour r\u00e9aligner les centres communautaires DG | Vie Associative<\/title>\n<meta name=\"robots\" content=\"index, follow, max-snippet:-1, max-image-preview:large, max-video-preview:-1\" \/>\n<link rel=\"canonical\" href=\"https:\/\/vieassociative.be\/actualites\/la-faction-vivant-est-suffisante-pour-une-proposition-de-resolution-pour-realigner-les-centres-communautaires-dg\/\" \/>\n<meta property=\"og:locale\" content=\"fr_FR\" \/>\n<meta property=\"og:type\" content=\"article\" \/>\n<meta property=\"og:title\" content=\"La faction Vivant est suffisante pour une proposition de r\u00e9solution pour r\u00e9aligner les centres communautaires DG | Vie Associative\" \/>\n<meta property=\"og:description\" content=\"Le groupe Vivant a soumis une proposition de r\u00e9solution au r\u00e9alignement strat\u00e9gique des centres communautaires de la DG. Les centres communautaires de la DG sont\" \/>\n<meta property=\"og:url\" content=\"https:\/\/vieassociative.be\/actualites\/la-faction-vivant-est-suffisante-pour-une-proposition-de-resolution-pour-realigner-les-centres-communautaires-dg\/\" \/>\n<meta property=\"og:site_name\" content=\"Vie Associative\" \/>\n<meta property=\"article:published_time\" content=\"2025-09-26T08:16:58+00:00\" \/>\n<meta property=\"og:image\" content=\"https:\/\/vieassociative.be\/actualites\/wp-content\/uploads\/2024\/09\/header_backgroundk-01-e1726694325946.png\" \/>\n\t<meta property=\"og:image:width\" content=\"279\" \/>\n\t<meta property=\"og:image:height\" content=\"92\" \/>\n\t<meta property=\"og:image:type\" content=\"image\/png\" \/>\n<meta name=\"author\" content=\"Julien\" \/>\n<meta name=\"twitter:card\" content=\"summary_large_image\" \/>\n<meta name=\"twitter:label1\" content=\"\u00c9crit par\" \/>\n\t<meta name=\"twitter:data1\" content=\"Julien\" \/>\n\t<meta name=\"twitter:label2\" content=\"Dur\u00e9e de lecture est.\" \/>\n\t<meta name=\"twitter:data2\" content=\"3 minutes\" \/>\n<script type=\"application\/ld+json\" class=\"yoast-schema-graph\">{\"@context\":\"https:\/\/schema.org\",\"@graph\":[{\"@type\":\"Article\",\"@id\":\"https:\/\/vieassociative.be\/actualites\/la-faction-vivant-est-suffisante-pour-une-proposition-de-resolution-pour-realigner-les-centres-communautaires-dg\/#article\",\"isPartOf\":{\"@id\":\"https:\/\/vieassociative.be\/actualites\/la-faction-vivant-est-suffisante-pour-une-proposition-de-resolution-pour-realigner-les-centres-communautaires-dg\/\"},\"author\":{\"name\":\"Julien\",\"@id\":\"https:\/\/vieassociative.be\/actualites\/#\/schema\/person\/b87ac4f82f9d4e7b7cec7395b679edc4\"},\"headline\":\"La faction Vivant est suffisante pour une proposition de r\u00e9solution pour r\u00e9aligner les centres communautaires DG\",\"datePublished\":\"2025-09-26T08:16:58+00:00\",\"dateModified\":\"2025-09-26T08:16:58+00:00\",\"mainEntityOfPage\":{\"@id\":\"https:\/\/vieassociative.be\/actualites\/la-faction-vivant-est-suffisante-pour-une-proposition-de-resolution-pour-realigner-les-centres-communautaires-dg\/\"},\"wordCount\":593,\"publisher\":{\"@id\":\"https:\/\/vieassociative.be\/actualites\/#organization\"},\"image\":{\"@id\":\"https:\/\/vieassociative.be\/actualites\/la-faction-vivant-est-suffisante-pour-une-proposition-de-resolution-pour-realigner-les-centres-communautaires-dg\/#primaryimage\"},\"thumbnailUrl\":\"https:\/\/vieassociative.be\/actualites\/wp-content\/uploads\/2025\/09\/La-faction-Vivant-est-suffisante-pour-une-proposition-de-resolution.jpg\",\"keywords\":[\"centres\",\"communautaires\",\"est\",\"Faction\",\"Les\",\"pour\",\"proposition\",\"r\u00e9aligner\",\"r\u00e9solution\",\"suffisante\",\"une\",\"Vivant\"],\"articleSection\":[\"Belgique\"],\"inLanguage\":\"fr-BE\"},{\"@type\":\"WebPage\",\"@id\":\"https:\/\/vieassociative.be\/actualites\/la-faction-vivant-est-suffisante-pour-une-proposition-de-resolution-pour-realigner-les-centres-communautaires-dg\/\",\"url\":\"https:\/\/vieassociative.be\/actualites\/la-faction-vivant-est-suffisante-pour-une-proposition-de-resolution-pour-realigner-les-centres-communautaires-dg\/\",\"name\":\"La faction Vivant est suffisante pour une proposition de r\u00e9solution pour r\u00e9aligner les centres communautaires DG | Vie Associative\",\"isPartOf\":{\"@id\":\"https:\/\/vieassociative.be\/actualites\/#website\"},\"primaryImageOfPage\":{\"@id\":\"https:\/\/vieassociative.be\/actualites\/la-faction-vivant-est-suffisante-pour-une-proposition-de-resolution-pour-realigner-les-centres-communautaires-dg\/#primaryimage\"},\"image\":{\"@id\":\"https:\/\/vieassociative.be\/actualites\/la-faction-vivant-est-suffisante-pour-une-proposition-de-resolution-pour-realigner-les-centres-communautaires-dg\/#primaryimage\"},\"thumbnailUrl\":\"https:\/\/vieassociative.be\/actualites\/wp-content\/uploads\/2025\/09\/La-faction-Vivant-est-suffisante-pour-une-proposition-de-resolution.jpg\",\"datePublished\":\"2025-09-26T08:16:58+00:00\",\"dateModified\":\"2025-09-26T08:16:58+00:00\",\"breadcrumb\":{\"@id\":\"https:\/\/vieassociative.be\/actualites\/la-faction-vivant-est-suffisante-pour-une-proposition-de-resolution-pour-realigner-les-centres-communautaires-dg\/#breadcrumb\"},\"inLanguage\":\"fr-BE\",\"potentialAction\":[{\"@type\":\"ReadAction\",\"target\":[\"https:\/\/vieassociative.be\/actualites\/la-faction-vivant-est-suffisante-pour-une-proposition-de-resolution-pour-realigner-les-centres-communautaires-dg\/\"]}]},{\"@type\":\"ImageObject\",\"inLanguage\":\"fr-BE\",\"@id\":\"https:\/\/vieassociative.be\/actualites\/la-faction-vivant-est-suffisante-pour-une-proposition-de-resolution-pour-realigner-les-centres-communautaires-dg\/#primaryimage\",\"url\":\"https:\/\/vieassociative.be\/actualites\/wp-content\/uploads\/2025\/09\/La-faction-Vivant-est-suffisante-pour-une-proposition-de-resolution.jpg\",\"contentUrl\":\"https:\/\/vieassociative.be\/actualites\/wp-content\/uploads\/2025\/09\/La-faction-Vivant-est-suffisante-pour-une-proposition-de-resolution.jpg\",\"width\":900,\"height\":598,\"caption\":\"La faction Vivant est suffisante pour une proposition de r\u00e9solution pour r\u00e9aligner les centres communautaires DG\"},{\"@type\":\"BreadcrumbList\",\"@id\":\"https:\/\/vieassociative.be\/actualites\/la-faction-vivant-est-suffisante-pour-une-proposition-de-resolution-pour-realigner-les-centres-communautaires-dg\/#breadcrumb\",\"itemListElement\":[{\"@type\":\"ListItem\",\"position\":1,\"name\":\"Accueil\",\"item\":\"https:\/\/vieassociative.be\/actualites\/\"},{\"@type\":\"ListItem\",\"position\":2,\"name\":\"La faction Vivant est suffisante pour une proposition de r\u00e9solution pour r\u00e9aligner les centres communautaires DG\"}]},{\"@type\":\"WebSite\",\"@id\":\"https:\/\/vieassociative.be\/actualites\/#website\",\"url\":\"https:\/\/vieassociative.be\/actualites\/\",\"name\":\"Vie Associative\",\"description\":\"\",\"publisher\":{\"@id\":\"https:\/\/vieassociative.be\/actualites\/#organization\"},\"potentialAction\":[{\"@type\":\"SearchAction\",\"target\":{\"@type\":\"EntryPoint\",\"urlTemplate\":\"https:\/\/vieassociative.be\/actualites\/?s={search_term_string}\"},\"query-input\":{\"@type\":\"PropertyValueSpecification\",\"valueRequired\":true,\"valueName\":\"search_term_string\"}}],\"inLanguage\":\"fr-BE\"},{\"@type\":\"Organization\",\"@id\":\"https:\/\/vieassociative.be\/actualites\/#organization\",\"name\":\"Vie Associative\",\"url\":\"https:\/\/vieassociative.be\/actualites\/\",\"logo\":{\"@type\":\"ImageObject\",\"inLanguage\":\"fr-BE\",\"@id\":\"https:\/\/vieassociative.be\/actualites\/#\/schema\/logo\/image\/\",\"url\":\"https:\/\/vieassociative.be\/actualites\/wp-content\/uploads\/2024\/09\/cropped-vieassociative_favicon.ico.png\",\"contentUrl\":\"https:\/\/vieassociative.be\/actualites\/wp-content\/uploads\/2024\/09\/cropped-vieassociative_favicon.ico.png\",\"width\":512,\"height\":512,\"caption\":\"Vie Associative\"},\"image\":{\"@id\":\"https:\/\/vieassociative.be\/actualites\/#\/schema\/logo\/image\/\"}},{\"@type\":\"Person\",\"@id\":\"https:\/\/vieassociative.be\/actualites\/#\/schema\/person\/b87ac4f82f9d4e7b7cec7395b679edc4\",\"name\":\"Julien\",\"image\":{\"@type\":\"ImageObject\",\"inLanguage\":\"fr-BE\",\"@id\":\"https:\/\/vieassociative.be\/actualites\/#\/schema\/person\/image\/\",\"url\":\"https:\/\/vieassociative.be\/actualites\/wp-content\/uploads\/2024\/09\/vie-associative-1-150x150.jpg\",\"contentUrl\":\"https:\/\/vieassociative.be\/actualites\/wp-content\/uploads\/2024\/09\/vie-associative-1-150x150.jpg\",\"caption\":\"Julien\"},\"description\":\"Je suis Julien, r\u00e9dacteur pour Vie Associative. Passionn\u00e9 par le monde associatif depuis plus de 10 ans, j'ai \u00e0 c\u0153ur de partager des histoires inspirantes et de mettre en lumi\u00e8re les initiatives locales. Mon objectif est de sensibiliser et d'encourager l'engagement communautaire \u00e0 travers mes articles.\",\"sameAs\":[\"https:\/\/vieassociative.be\/\"]}]}<\/script>\n<!-- \/ Yoast SEO plugin. -->","yoast_head_json":{"title":"La faction Vivant est suffisante pour une proposition de r\u00e9solution pour r\u00e9aligner les centres communautaires DG | Vie Associative","robots":{"index":"index","follow":"follow","max-snippet":"max-snippet:-1","max-image-preview":"max-image-preview:large","max-video-preview":"max-video-preview:-1"},"canonical":"https:\/\/vieassociative.be\/actualites\/la-faction-vivant-est-suffisante-pour-une-proposition-de-resolution-pour-realigner-les-centres-communautaires-dg\/","og_locale":"fr_FR","og_type":"article","og_title":"La faction Vivant est suffisante pour une proposition de r\u00e9solution pour r\u00e9aligner les centres communautaires DG | Vie Associative","og_description":"Le groupe Vivant a soumis une proposition de r\u00e9solution au r\u00e9alignement strat\u00e9gique des centres communautaires de la DG. Les centres communautaires de la DG sont","og_url":"https:\/\/vieassociative.be\/actualites\/la-faction-vivant-est-suffisante-pour-une-proposition-de-resolution-pour-realigner-les-centres-communautaires-dg\/","og_site_name":"Vie Associative","article_published_time":"2025-09-26T08:16:58+00:00","og_image":[{"width":279,"height":92,"url":"https:\/\/vieassociative.be\/actualites\/wp-content\/uploads\/2024\/09\/header_backgroundk-01-e1726694325946.png","type":"image\/png"}],"author":"Julien","twitter_card":"summary_large_image","twitter_misc":{"\u00c9crit par":"Julien","Dur\u00e9e de lecture est.":"3 minutes"},"schema":{"@context":"https:\/\/schema.org","@graph":[{"@type":"Article","@id":"https:\/\/vieassociative.be\/actualites\/la-faction-vivant-est-suffisante-pour-une-proposition-de-resolution-pour-realigner-les-centres-communautaires-dg\/#article","isPartOf":{"@id":"https:\/\/vieassociative.be\/actualites\/la-faction-vivant-est-suffisante-pour-une-proposition-de-resolution-pour-realigner-les-centres-communautaires-dg\/"},"author":{"name":"Julien","@id":"https:\/\/vieassociative.be\/actualites\/#\/schema\/person\/b87ac4f82f9d4e7b7cec7395b679edc4"},"headline":"La faction Vivant est suffisante pour une proposition de r\u00e9solution pour r\u00e9aligner les centres communautaires DG","datePublished":"2025-09-26T08:16:58+00:00","dateModified":"2025-09-26T08:16:58+00:00","mainEntityOfPage":{"@id":"https:\/\/vieassociative.be\/actualites\/la-faction-vivant-est-suffisante-pour-une-proposition-de-resolution-pour-realigner-les-centres-communautaires-dg\/"},"wordCount":593,"publisher":{"@id":"https:\/\/vieassociative.be\/actualites\/#organization"},"image":{"@id":"https:\/\/vieassociative.be\/actualites\/la-faction-vivant-est-suffisante-pour-une-proposition-de-resolution-pour-realigner-les-centres-communautaires-dg\/#primaryimage"},"thumbnailUrl":"https:\/\/vieassociative.be\/actualites\/wp-content\/uploads\/2025\/09\/La-faction-Vivant-est-suffisante-pour-une-proposition-de-resolution.jpg","keywords":["centres","communautaires","est","Faction","Les","pour","proposition","r\u00e9aligner","r\u00e9solution","suffisante","une","Vivant"],"articleSection":["Belgique"],"inLanguage":"fr-BE"},{"@type":"WebPage","@id":"https:\/\/vieassociative.be\/actualites\/la-faction-vivant-est-suffisante-pour-une-proposition-de-resolution-pour-realigner-les-centres-communautaires-dg\/","url":"https:\/\/vieassociative.be\/actualites\/la-faction-vivant-est-suffisante-pour-une-proposition-de-resolution-pour-realigner-les-centres-communautaires-dg\/","name":"La faction Vivant est suffisante pour une proposition de r\u00e9solution pour r\u00e9aligner les centres communautaires DG | Vie Associative","isPartOf":{"@id":"https:\/\/vieassociative.be\/actualites\/#website"},"primaryImageOfPage":{"@id":"https:\/\/vieassociative.be\/actualites\/la-faction-vivant-est-suffisante-pour-une-proposition-de-resolution-pour-realigner-les-centres-communautaires-dg\/#primaryimage"},"image":{"@id":"https:\/\/vieassociative.be\/actualites\/la-faction-vivant-est-suffisante-pour-une-proposition-de-resolution-pour-realigner-les-centres-communautaires-dg\/#primaryimage"},"thumbnailUrl":"https:\/\/vieassociative.be\/actualites\/wp-content\/uploads\/2025\/09\/La-faction-Vivant-est-suffisante-pour-une-proposition-de-resolution.jpg","datePublished":"2025-09-26T08:16:58+00:00","dateModified":"2025-09-26T08:16:58+00:00","breadcrumb":{"@id":"https:\/\/vieassociative.be\/actualites\/la-faction-vivant-est-suffisante-pour-une-proposition-de-resolution-pour-realigner-les-centres-communautaires-dg\/#breadcrumb"},"inLanguage":"fr-BE","potentialAction":[{"@type":"ReadAction","target":["https:\/\/vieassociative.be\/actualites\/la-faction-vivant-est-suffisante-pour-une-proposition-de-resolution-pour-realigner-les-centres-communautaires-dg\/"]}]},{"@type":"ImageObject","inLanguage":"fr-BE","@id":"https:\/\/vieassociative.be\/actualites\/la-faction-vivant-est-suffisante-pour-une-proposition-de-resolution-pour-realigner-les-centres-communautaires-dg\/#primaryimage","url":"https:\/\/vieassociative.be\/actualites\/wp-content\/uploads\/2025\/09\/La-faction-Vivant-est-suffisante-pour-une-proposition-de-resolution.jpg","contentUrl":"https:\/\/vieassociative.be\/actualites\/wp-content\/uploads\/2025\/09\/La-faction-Vivant-est-suffisante-pour-une-proposition-de-resolution.jpg","width":900,"height":598,"caption":"La faction Vivant est suffisante pour une proposition de r\u00e9solution pour r\u00e9aligner les centres communautaires DG"},{"@type":"BreadcrumbList","@id":"https:\/\/vieassociative.be\/actualites\/la-faction-vivant-est-suffisante-pour-une-proposition-de-resolution-pour-realigner-les-centres-communautaires-dg\/#breadcrumb","itemListElement":[{"@type":"ListItem","position":1,"name":"Accueil","item":"https:\/\/vieassociative.be\/actualites\/"},{"@type":"ListItem","position":2,"name":"La faction Vivant est suffisante pour une proposition de r\u00e9solution pour r\u00e9aligner les centres communautaires DG"}]},{"@type":"WebSite","@id":"https:\/\/vieassociative.be\/actualites\/#website","url":"https:\/\/vieassociative.be\/actualites\/","name":"Vie Associative","description":"","publisher":{"@id":"https:\/\/vieassociative.be\/actualites\/#organization"},"potentialAction":[{"@type":"SearchAction","target":{"@type":"EntryPoint","urlTemplate":"https:\/\/vieassociative.be\/actualites\/?s={search_term_string}"},"query-input":{"@type":"PropertyValueSpecification","valueRequired":true,"valueName":"search_term_string"}}],"inLanguage":"fr-BE"},{"@type":"Organization","@id":"https:\/\/vieassociative.be\/actualites\/#organization","name":"Vie Associative","url":"https:\/\/vieassociative.be\/actualites\/","logo":{"@type":"ImageObject","inLanguage":"fr-BE","@id":"https:\/\/vieassociative.be\/actualites\/#\/schema\/logo\/image\/","url":"https:\/\/vieassociative.be\/actualites\/wp-content\/uploads\/2024\/09\/cropped-vieassociative_favicon.ico.png","contentUrl":"https:\/\/vieassociative.be\/actualites\/wp-content\/uploads\/2024\/09\/cropped-vieassociative_favicon.ico.png","width":512,"height":512,"caption":"Vie Associative"},"image":{"@id":"https:\/\/vieassociative.be\/actualites\/#\/schema\/logo\/image\/"}},{"@type":"Person","@id":"https:\/\/vieassociative.be\/actualites\/#\/schema\/person\/b87ac4f82f9d4e7b7cec7395b679edc4","name":"Julien","image":{"@type":"ImageObject","inLanguage":"fr-BE","@id":"https:\/\/vieassociative.be\/actualites\/#\/schema\/person\/image\/","url":"https:\/\/vieassociative.be\/actualites\/wp-content\/uploads\/2024\/09\/vie-associative-1-150x150.jpg","contentUrl":"https:\/\/vieassociative.be\/actualites\/wp-content\/uploads\/2024\/09\/vie-associative-1-150x150.jpg","caption":"Julien"},"description":"Je suis Julien, r\u00e9dacteur pour Vie Associative. Passionn\u00e9 par le monde associatif depuis plus de 10 ans, j'ai \u00e0 c\u0153ur de partager des histoires inspirantes et de mettre en lumi\u00e8re les initiatives locales. Mon objectif est de sensibiliser et d'encourager l'engagement communautaire \u00e0 travers mes articles.","sameAs":["https:\/\/vieassociative.be\/"]}]}},"_links":{"self":[{"href":"https:\/\/vieassociative.be\/actualites\/wp-json\/wp\/v2\/posts\/10265"}],"collection":[{"href":"https:\/\/vieassociative.be\/actualites\/wp-json\/wp\/v2\/posts"}],"about":[{"href":"https:\/\/vieassociative.be\/actualites\/wp-json\/wp\/v2\/types\/post"}],"author":[{"embeddable":true,"href":"https:\/\/vieassociative.be\/actualites\/wp-json\/wp\/v2\/users\/1"}],"replies":[{"embeddable":true,"href":"https:\/\/vieassociative.be\/actualites\/wp-json\/wp\/v2\/comments?post=10265"}],"version-history":[{"count":0,"href":"https:\/\/vieassociative.be\/actualites\/wp-json\/wp\/v2\/posts\/10265\/revisions"}],"wp:featuredmedia":[{"embeddable":true,"href":"https:\/\/vieassociative.be\/actualites\/wp-json\/wp\/v2\/media\/10266"}],"wp:attachment":[{"href":"https:\/\/vieassociative.be\/actualites\/wp-json\/wp\/v2\/media?parent=10265"}],"wp:term":[{"taxonomy":"category","embeddable":true,"href":"https:\/\/vieassociative.be\/actualites\/wp-json\/wp\/v2\/categories?post=10265"},{"taxonomy":"post_tag","embeddable":true,"href":"https:\/\/vieassociative.be\/actualites\/wp-json\/wp\/v2\/tags?post=10265"}],"curies":[{"name":"wp","href":"https:\/\/api.w.org\/{rel}","templated":true}]}}