{"id":10263,"date":"2025-09-26T09:16:56","date_gmt":"2025-09-26T07:16:56","guid":{"rendered":"https:\/\/vieassociative.be\/actualites\/lapplication-dapercu-du-mac-est-enfin-disponible-sur-iphone\/"},"modified":"2025-09-26T09:16:56","modified_gmt":"2025-09-26T07:16:56","slug":"lapplication-dapercu-du-mac-est-enfin-disponible-sur-iphone","status":"publish","type":"post","link":"https:\/\/vieassociative.be\/actualites\/lapplication-dapercu-du-mac-est-enfin-disponible-sur-iphone\/","title":{"rendered":"L&rsquo;application d&rsquo;aper\u00e7u du Mac est enfin disponible sur iPhone"},"content":{"rendered":"<div class=\"mt-4 leading-6 md:mb-8\">L&rsquo;application est \u00e9galement disponible pour iPad.<\/div>\n<p><\/p>\n<p>Votre iPhone est essentiellement un ordinateur qui s&rsquo;int\u00e8gre dans votre poche, il est donc logique qu&rsquo;Apple le traite comme tel. \u00c0 ce stade, avec iOS 26, l&rsquo;iPhone et l&rsquo;iPad obtiennent une nouvelle application qui \u00e9tait une exclusivit\u00e9 Mac depuis plus de 20 ans: Aper\u00e7u. <\/p>\n<h2 id=\"what-can-you-do-with-the-preview-app\">Que pouvez-vous faire avec l&rsquo;application Aper\u00e7u?<\/h2>\n<p>Comme sur MacOS, l&rsquo;application d&rsquo;aper\u00e7u pour iOS et iPados est largement con\u00e7ue pour afficher les PDF et autres documents. Lorsque vous ouvrez l&rsquo;application pour la premi\u00e8re fois, vous verrez les options pour cr\u00e9er un nouveau document ou en num\u00e9riser une avec la cam\u00e9ra de votre iPhone. <\/p>\n<p>La plupart du temps, cependant, vous avez probablement un document existant que vous souhaitez ouvrir \u00e0 l&rsquo;aide de l&rsquo;aper\u00e7u. Si c&rsquo;est le cas, vous trouverez ces options dans la moiti\u00e9 inf\u00e9rieure de cette page de d\u00e9part. Il s&rsquo;agit de l&rsquo;int\u00e9gration de l&rsquo;aper\u00e7u avec l&rsquo;application Files: vous pouvez parcourir vos documents \u00e0 partir de fichiers et ouvrir n&rsquo;importe quel pr\u00e9sent avec l&rsquo;aper\u00e7u.<\/p>\n<div class=\"mx-auto mb-12 mt-5 w-full max-w-3xl rounded-md border-2 border-gray-100 p-3 shadow-md md:px-7 md:pb-7 md:pt-5\" id=\"related-video\">\n<div class=\"mb-3 flex items-center md:mb-5\">\n        <img decoding=\"async\" class=\"mr-4 mt-0 h-10 w-10 md:mr-5 md:h-12 md:w-12\" src=\"https:\/\/vieassociative.be\/actualites\/wp-content\/uploads\/2025\/09\/1757726237_608_Meta-pourrait-devoiler-une-montre-intelligente-pour-controler-ses-lunettes.jpg\" alt=\"Logo Lifehacker\"><\/p><\/div>\n<div class=\"aspect-video w-full overflow-hidden rounded-md\">\n<div id=\"video-container-01K62CAHY358CQNKY9Q13TB158\"><\/div>\n<\/p><\/div>\n<\/div>\n<p>Une fois que vous avez un document charg\u00e9, vous pouvez afficher, annoter, marquer et le modifier. Si vous devez remplir un document avec vos informations, vous pouvez utiliser Autofill pour saisir automatiquement les informations de contact et d&rsquo;autres d\u00e9tails enregistr\u00e9s. Vous pouvez ajouter votre signature, et si vous \u00eates sur votre iPad, vous pouvez utiliser votre Apple Crayon pour dessiner sur le document. Sinon, vous pouvez utiliser votre doigt pour marquer le fichier. <\/p>\n<p>Vous pouvez \u00e9galement exporter des documents \u00e0 partir de l&rsquo;application Aper\u00e7u. Vous pouvez travailler avec des types de fichiers, notamment HeIDC, JPEG, PDF, PNG et TIFF. Et comme pour l&rsquo;aper\u00e7u sur MacOS, il existe un certain nombre de contr\u00f4les lors de l&rsquo;exportation, tels que la r\u00e9solution, l&rsquo;int\u00e9gration du texte et l&rsquo;enregistrement d&rsquo;images en tant que JPEG.<\/p>\n<p>Bien que vous puissiez faire beaucoup ici, la plus grande force que je vois pour cette application d&rsquo;aper\u00e7u mobile est de l&rsquo;utiliser comme un outil de documents juridiques. Si vous avez besoin de signer un document important, vous pouvez le scanner rapidement dans l&rsquo;application, ajouter votre signature, remplir toutes les informations &#8211; peut-\u00eatre automatiquement avec Autofill &#8211; puis envoyer un e-mail au doc, le tout sans avoir besoin de sauter sur votre ordinateur.<\/p>\n<h2 id=\"preview-on-ios-is-still-a-work-in-progress\">L&rsquo;aper\u00e7u sur iOS est toujours un travail en cours<\/h2>\n<p>Si vous regardez la page APPREEP de l&rsquo;aper\u00e7u, vous remarquerez quelques critiques mitig\u00e9es. Apr\u00e8s avoir utilis\u00e9 l&rsquo;application un peu, je comprends pourquoi. L&rsquo;aper\u00e7u pour iOS est d\u00e9finitivement un travail en cours et a besoin de quelques mises \u00e0 niveau cl\u00e9s.<\/p>\n<p>Les plus grandes bizarreries que j&rsquo;ai remarqu\u00e9es imm\u00e9diatement: la page du menu principal est encombr\u00e9e, l&rsquo;int\u00e9gration des fichiers ressemble plus \u00e0 un probl\u00e8me qu&rsquo;\u00e0 une fen\u00eatre d\u00e9di\u00e9e. En parlant de fichiers, Apple a pris la d\u00e9cision d&rsquo;avoir des documents dans des fichiers ouverts dans l&rsquo;aper\u00e7u. Au d\u00e9but, cela semble \u00eatre une bonne id\u00e9e, jusqu&rsquo;\u00e0 ce que vous en ayez l&rsquo;exp\u00e9rience en personne sur iOS et iPados. \u00catre tra\u00een\u00e9 hors de l&rsquo;application Fichiers lorsque vous ne vous attendez pas \u00e0 ce que ce soit choqu\u00e9, surtout lorsque vous avez l&rsquo;habitude de consulter vos documents directement dans l&rsquo;application. <\/p>\n<p>La solution de contournement ici est d&rsquo;\u00e9viter les fichiers d&rsquo;ouverture, eh bien, les fichiers. Utilisez l&rsquo;int\u00e9gration des fichiers dans l&rsquo;aper\u00e7u, afin de rester dans la m\u00eame application. Comme c&rsquo;est intuitif. Vous pouvez \u00e9galement choisir de supprimer l&rsquo;application Aper\u00e7u, mais c&rsquo;est un peu dommage quand c&rsquo;est une mise \u00e0 jour majeure pour iOS et iPados 26.<\/p>\n<p>De plus, lorsque vous choisissez l&rsquo;option de balisage, il n&rsquo;y a aucun moyen clair de quitter sans fermer toute l&rsquo;application. Pour autant que je sache, la seule fa\u00e7on de le faire est d&rsquo;appuyer sur les trois points en haut \u00e0 droite, puis appuyez sur le balisage pour quitter ce menu. Le bouton de balisage devrait vraiment rester \u00e0 l&rsquo;\u00e9cran comme il le fait sur MacOS, il est donc \u00e9vident de la rejeter.    <\/p>\n","protected":false},"excerpt":{"rendered":"<p>L&rsquo;application est \u00e9galement disponible pour iPad. Votre iPhone est essentiellement un ordinateur qui s&rsquo;int\u00e8gre dans votre poche, il est donc logique qu&rsquo;Apple le traite comme<\/p>\n","protected":false},"author":1,"featured_media":10264,"comment_status":"","ping_status":"","sticky":false,"template":"","format":"standard","meta":{"footnotes":""},"categories":[13],"tags":[8675,2886,545,76,652,282,1112,33],"class_list":["post-10263","post","type-post","status-publish","format-standard","has-post-thumbnail","hentry","category-technologie","tag-dapercu","tag-disponible","tag-enfin","tag-est","tag-iphone","tag-lapplication","tag-mac","tag-sur","generate-columns","tablet-grid-50","mobile-grid-100","grid-parent","grid-33"],"yoast_head":"<!-- This site is optimized with the Yoast SEO plugin v24.0 - https:\/\/yoast.com\/wordpress\/plugins\/seo\/ -->\n<title>L&#039;application d&#039;aper\u00e7u du Mac est enfin disponible sur iPhone | Vie Associative<\/title>\n<meta name=\"robots\" content=\"index, follow, max-snippet:-1, max-image-preview:large, max-video-preview:-1\" \/>\n<link rel=\"canonical\" href=\"https:\/\/vieassociative.be\/actualites\/lapplication-dapercu-du-mac-est-enfin-disponible-sur-iphone\/\" \/>\n<meta property=\"og:locale\" content=\"fr_FR\" \/>\n<meta property=\"og:type\" content=\"article\" \/>\n<meta property=\"og:title\" content=\"L&#039;application d&#039;aper\u00e7u du Mac est enfin disponible sur iPhone | Vie Associative\" \/>\n<meta property=\"og:description\" content=\"L&rsquo;application est \u00e9galement disponible pour iPad. Votre iPhone est essentiellement un ordinateur qui s&rsquo;int\u00e8gre dans votre poche, il est donc logique qu&rsquo;Apple le traite comme\" \/>\n<meta property=\"og:url\" content=\"https:\/\/vieassociative.be\/actualites\/lapplication-dapercu-du-mac-est-enfin-disponible-sur-iphone\/\" \/>\n<meta property=\"og:site_name\" content=\"Vie Associative\" \/>\n<meta property=\"article:published_time\" content=\"2025-09-26T07:16:56+00:00\" \/>\n<meta property=\"og:image\" content=\"https:\/\/vieassociative.be\/actualites\/wp-content\/uploads\/2025\/09\/1757726237_608_Meta-pourrait-devoiler-une-montre-intelligente-pour-controler-ses-lunettes.jpg\" \/>\n<meta name=\"author\" content=\"Julien\" \/>\n<meta name=\"twitter:card\" content=\"summary_large_image\" \/>\n<meta name=\"twitter:label1\" content=\"\u00c9crit par\" \/>\n\t<meta name=\"twitter:data1\" content=\"Julien\" \/>\n\t<meta name=\"twitter:label2\" content=\"Dur\u00e9e de lecture est.\" \/>\n\t<meta name=\"twitter:data2\" content=\"3 minutes\" \/>\n<script type=\"application\/ld+json\" class=\"yoast-schema-graph\">{\"@context\":\"https:\/\/schema.org\",\"@graph\":[{\"@type\":\"Article\",\"@id\":\"https:\/\/vieassociative.be\/actualites\/lapplication-dapercu-du-mac-est-enfin-disponible-sur-iphone\/#article\",\"isPartOf\":{\"@id\":\"https:\/\/vieassociative.be\/actualites\/lapplication-dapercu-du-mac-est-enfin-disponible-sur-iphone\/\"},\"author\":{\"name\":\"Julien\",\"@id\":\"https:\/\/vieassociative.be\/actualites\/#\/schema\/person\/b87ac4f82f9d4e7b7cec7395b679edc4\"},\"headline\":\"L&rsquo;application d&rsquo;aper\u00e7u du Mac est enfin disponible sur iPhone\",\"datePublished\":\"2025-09-26T07:16:56+00:00\",\"dateModified\":\"2025-09-26T07:16:56+00:00\",\"mainEntityOfPage\":{\"@id\":\"https:\/\/vieassociative.be\/actualites\/lapplication-dapercu-du-mac-est-enfin-disponible-sur-iphone\/\"},\"wordCount\":740,\"publisher\":{\"@id\":\"https:\/\/vieassociative.be\/actualites\/#organization\"},\"image\":{\"@id\":\"https:\/\/vieassociative.be\/actualites\/lapplication-dapercu-du-mac-est-enfin-disponible-sur-iphone\/#primaryimage\"},\"thumbnailUrl\":\"https:\/\/vieassociative.be\/actualites\/wp-content\/uploads\/2025\/09\/Lapplication-dapercu-du-Mac-est-enfin-disponible-sur-iPhone.jpg\",\"keywords\":[\"daper\u00e7u\",\"disponible\",\"enfin\",\"est\",\"iPhone\",\"lapplication\",\"Mac\",\"sur\"],\"articleSection\":[\"Technologie\"],\"inLanguage\":\"fr-BE\"},{\"@type\":\"WebPage\",\"@id\":\"https:\/\/vieassociative.be\/actualites\/lapplication-dapercu-du-mac-est-enfin-disponible-sur-iphone\/\",\"url\":\"https:\/\/vieassociative.be\/actualites\/lapplication-dapercu-du-mac-est-enfin-disponible-sur-iphone\/\",\"name\":\"L'application d'aper\u00e7u du Mac est enfin disponible sur iPhone | Vie Associative\",\"isPartOf\":{\"@id\":\"https:\/\/vieassociative.be\/actualites\/#website\"},\"primaryImageOfPage\":{\"@id\":\"https:\/\/vieassociative.be\/actualites\/lapplication-dapercu-du-mac-est-enfin-disponible-sur-iphone\/#primaryimage\"},\"image\":{\"@id\":\"https:\/\/vieassociative.be\/actualites\/lapplication-dapercu-du-mac-est-enfin-disponible-sur-iphone\/#primaryimage\"},\"thumbnailUrl\":\"https:\/\/vieassociative.be\/actualites\/wp-content\/uploads\/2025\/09\/Lapplication-dapercu-du-Mac-est-enfin-disponible-sur-iPhone.jpg\",\"datePublished\":\"2025-09-26T07:16:56+00:00\",\"dateModified\":\"2025-09-26T07:16:56+00:00\",\"breadcrumb\":{\"@id\":\"https:\/\/vieassociative.be\/actualites\/lapplication-dapercu-du-mac-est-enfin-disponible-sur-iphone\/#breadcrumb\"},\"inLanguage\":\"fr-BE\",\"potentialAction\":[{\"@type\":\"ReadAction\",\"target\":[\"https:\/\/vieassociative.be\/actualites\/lapplication-dapercu-du-mac-est-enfin-disponible-sur-iphone\/\"]}]},{\"@type\":\"ImageObject\",\"inLanguage\":\"fr-BE\",\"@id\":\"https:\/\/vieassociative.be\/actualites\/lapplication-dapercu-du-mac-est-enfin-disponible-sur-iphone\/#primaryimage\",\"url\":\"https:\/\/vieassociative.be\/actualites\/wp-content\/uploads\/2025\/09\/Lapplication-dapercu-du-Mac-est-enfin-disponible-sur-iPhone.jpg\",\"contentUrl\":\"https:\/\/vieassociative.be\/actualites\/wp-content\/uploads\/2025\/09\/Lapplication-dapercu-du-Mac-est-enfin-disponible-sur-iPhone.jpg\",\"width\":1200,\"height\":675,\"caption\":\"L'application d'aper\u00e7u du Mac est enfin disponible sur iPhone\"},{\"@type\":\"BreadcrumbList\",\"@id\":\"https:\/\/vieassociative.be\/actualites\/lapplication-dapercu-du-mac-est-enfin-disponible-sur-iphone\/#breadcrumb\",\"itemListElement\":[{\"@type\":\"ListItem\",\"position\":1,\"name\":\"Accueil\",\"item\":\"https:\/\/vieassociative.be\/actualites\/\"},{\"@type\":\"ListItem\",\"position\":2,\"name\":\"L&rsquo;application d&rsquo;aper\u00e7u du Mac est enfin disponible sur iPhone\"}]},{\"@type\":\"WebSite\",\"@id\":\"https:\/\/vieassociative.be\/actualites\/#website\",\"url\":\"https:\/\/vieassociative.be\/actualites\/\",\"name\":\"Vie Associative\",\"description\":\"\",\"publisher\":{\"@id\":\"https:\/\/vieassociative.be\/actualites\/#organization\"},\"potentialAction\":[{\"@type\":\"SearchAction\",\"target\":{\"@type\":\"EntryPoint\",\"urlTemplate\":\"https:\/\/vieassociative.be\/actualites\/?s={search_term_string}\"},\"query-input\":{\"@type\":\"PropertyValueSpecification\",\"valueRequired\":true,\"valueName\":\"search_term_string\"}}],\"inLanguage\":\"fr-BE\"},{\"@type\":\"Organization\",\"@id\":\"https:\/\/vieassociative.be\/actualites\/#organization\",\"name\":\"Vie Associative\",\"url\":\"https:\/\/vieassociative.be\/actualites\/\",\"logo\":{\"@type\":\"ImageObject\",\"inLanguage\":\"fr-BE\",\"@id\":\"https:\/\/vieassociative.be\/actualites\/#\/schema\/logo\/image\/\",\"url\":\"https:\/\/vieassociative.be\/actualites\/wp-content\/uploads\/2024\/09\/cropped-vieassociative_favicon.ico.png\",\"contentUrl\":\"https:\/\/vieassociative.be\/actualites\/wp-content\/uploads\/2024\/09\/cropped-vieassociative_favicon.ico.png\",\"width\":512,\"height\":512,\"caption\":\"Vie Associative\"},\"image\":{\"@id\":\"https:\/\/vieassociative.be\/actualites\/#\/schema\/logo\/image\/\"}},{\"@type\":\"Person\",\"@id\":\"https:\/\/vieassociative.be\/actualites\/#\/schema\/person\/b87ac4f82f9d4e7b7cec7395b679edc4\",\"name\":\"Julien\",\"image\":{\"@type\":\"ImageObject\",\"inLanguage\":\"fr-BE\",\"@id\":\"https:\/\/vieassociative.be\/actualites\/#\/schema\/person\/image\/\",\"url\":\"https:\/\/vieassociative.be\/actualites\/wp-content\/uploads\/2024\/09\/vie-associative-1-150x150.jpg\",\"contentUrl\":\"https:\/\/vieassociative.be\/actualites\/wp-content\/uploads\/2024\/09\/vie-associative-1-150x150.jpg\",\"caption\":\"Julien\"},\"description\":\"Je suis Julien, r\u00e9dacteur pour Vie Associative. Passionn\u00e9 par le monde associatif depuis plus de 10 ans, j'ai \u00e0 c\u0153ur de partager des histoires inspirantes et de mettre en lumi\u00e8re les initiatives locales. Mon objectif est de sensibiliser et d'encourager l'engagement communautaire \u00e0 travers mes articles.\",\"sameAs\":[\"https:\/\/vieassociative.be\/\"]}]}<\/script>\n<!-- \/ Yoast SEO plugin. -->","yoast_head_json":{"title":"L'application d'aper\u00e7u du Mac est enfin disponible sur iPhone | Vie Associative","robots":{"index":"index","follow":"follow","max-snippet":"max-snippet:-1","max-image-preview":"max-image-preview:large","max-video-preview":"max-video-preview:-1"},"canonical":"https:\/\/vieassociative.be\/actualites\/lapplication-dapercu-du-mac-est-enfin-disponible-sur-iphone\/","og_locale":"fr_FR","og_type":"article","og_title":"L'application d'aper\u00e7u du Mac est enfin disponible sur iPhone | Vie Associative","og_description":"L&rsquo;application est \u00e9galement disponible pour iPad. Votre iPhone est essentiellement un ordinateur qui s&rsquo;int\u00e8gre dans votre poche, il est donc logique qu&rsquo;Apple le traite comme","og_url":"https:\/\/vieassociative.be\/actualites\/lapplication-dapercu-du-mac-est-enfin-disponible-sur-iphone\/","og_site_name":"Vie Associative","article_published_time":"2025-09-26T07:16:56+00:00","og_image":[{"url":"https:\/\/vieassociative.be\/actualites\/wp-content\/uploads\/2025\/09\/1757726237_608_Meta-pourrait-devoiler-une-montre-intelligente-pour-controler-ses-lunettes.jpg","type":"","width":"","height":""}],"author":"Julien","twitter_card":"summary_large_image","twitter_misc":{"\u00c9crit par":"Julien","Dur\u00e9e de lecture est.":"3 minutes"},"schema":{"@context":"https:\/\/schema.org","@graph":[{"@type":"Article","@id":"https:\/\/vieassociative.be\/actualites\/lapplication-dapercu-du-mac-est-enfin-disponible-sur-iphone\/#article","isPartOf":{"@id":"https:\/\/vieassociative.be\/actualites\/lapplication-dapercu-du-mac-est-enfin-disponible-sur-iphone\/"},"author":{"name":"Julien","@id":"https:\/\/vieassociative.be\/actualites\/#\/schema\/person\/b87ac4f82f9d4e7b7cec7395b679edc4"},"headline":"L&rsquo;application d&rsquo;aper\u00e7u du Mac est enfin disponible sur iPhone","datePublished":"2025-09-26T07:16:56+00:00","dateModified":"2025-09-26T07:16:56+00:00","mainEntityOfPage":{"@id":"https:\/\/vieassociative.be\/actualites\/lapplication-dapercu-du-mac-est-enfin-disponible-sur-iphone\/"},"wordCount":740,"publisher":{"@id":"https:\/\/vieassociative.be\/actualites\/#organization"},"image":{"@id":"https:\/\/vieassociative.be\/actualites\/lapplication-dapercu-du-mac-est-enfin-disponible-sur-iphone\/#primaryimage"},"thumbnailUrl":"https:\/\/vieassociative.be\/actualites\/wp-content\/uploads\/2025\/09\/Lapplication-dapercu-du-Mac-est-enfin-disponible-sur-iPhone.jpg","keywords":["daper\u00e7u","disponible","enfin","est","iPhone","lapplication","Mac","sur"],"articleSection":["Technologie"],"inLanguage":"fr-BE"},{"@type":"WebPage","@id":"https:\/\/vieassociative.be\/actualites\/lapplication-dapercu-du-mac-est-enfin-disponible-sur-iphone\/","url":"https:\/\/vieassociative.be\/actualites\/lapplication-dapercu-du-mac-est-enfin-disponible-sur-iphone\/","name":"L'application d'aper\u00e7u du Mac est enfin disponible sur iPhone | Vie Associative","isPartOf":{"@id":"https:\/\/vieassociative.be\/actualites\/#website"},"primaryImageOfPage":{"@id":"https:\/\/vieassociative.be\/actualites\/lapplication-dapercu-du-mac-est-enfin-disponible-sur-iphone\/#primaryimage"},"image":{"@id":"https:\/\/vieassociative.be\/actualites\/lapplication-dapercu-du-mac-est-enfin-disponible-sur-iphone\/#primaryimage"},"thumbnailUrl":"https:\/\/vieassociative.be\/actualites\/wp-content\/uploads\/2025\/09\/Lapplication-dapercu-du-Mac-est-enfin-disponible-sur-iPhone.jpg","datePublished":"2025-09-26T07:16:56+00:00","dateModified":"2025-09-26T07:16:56+00:00","breadcrumb":{"@id":"https:\/\/vieassociative.be\/actualites\/lapplication-dapercu-du-mac-est-enfin-disponible-sur-iphone\/#breadcrumb"},"inLanguage":"fr-BE","potentialAction":[{"@type":"ReadAction","target":["https:\/\/vieassociative.be\/actualites\/lapplication-dapercu-du-mac-est-enfin-disponible-sur-iphone\/"]}]},{"@type":"ImageObject","inLanguage":"fr-BE","@id":"https:\/\/vieassociative.be\/actualites\/lapplication-dapercu-du-mac-est-enfin-disponible-sur-iphone\/#primaryimage","url":"https:\/\/vieassociative.be\/actualites\/wp-content\/uploads\/2025\/09\/Lapplication-dapercu-du-Mac-est-enfin-disponible-sur-iPhone.jpg","contentUrl":"https:\/\/vieassociative.be\/actualites\/wp-content\/uploads\/2025\/09\/Lapplication-dapercu-du-Mac-est-enfin-disponible-sur-iPhone.jpg","width":1200,"height":675,"caption":"L'application d'aper\u00e7u du Mac est enfin disponible sur iPhone"},{"@type":"BreadcrumbList","@id":"https:\/\/vieassociative.be\/actualites\/lapplication-dapercu-du-mac-est-enfin-disponible-sur-iphone\/#breadcrumb","itemListElement":[{"@type":"ListItem","position":1,"name":"Accueil","item":"https:\/\/vieassociative.be\/actualites\/"},{"@type":"ListItem","position":2,"name":"L&rsquo;application d&rsquo;aper\u00e7u du Mac est enfin disponible sur iPhone"}]},{"@type":"WebSite","@id":"https:\/\/vieassociative.be\/actualites\/#website","url":"https:\/\/vieassociative.be\/actualites\/","name":"Vie Associative","description":"","publisher":{"@id":"https:\/\/vieassociative.be\/actualites\/#organization"},"potentialAction":[{"@type":"SearchAction","target":{"@type":"EntryPoint","urlTemplate":"https:\/\/vieassociative.be\/actualites\/?s={search_term_string}"},"query-input":{"@type":"PropertyValueSpecification","valueRequired":true,"valueName":"search_term_string"}}],"inLanguage":"fr-BE"},{"@type":"Organization","@id":"https:\/\/vieassociative.be\/actualites\/#organization","name":"Vie Associative","url":"https:\/\/vieassociative.be\/actualites\/","logo":{"@type":"ImageObject","inLanguage":"fr-BE","@id":"https:\/\/vieassociative.be\/actualites\/#\/schema\/logo\/image\/","url":"https:\/\/vieassociative.be\/actualites\/wp-content\/uploads\/2024\/09\/cropped-vieassociative_favicon.ico.png","contentUrl":"https:\/\/vieassociative.be\/actualites\/wp-content\/uploads\/2024\/09\/cropped-vieassociative_favicon.ico.png","width":512,"height":512,"caption":"Vie Associative"},"image":{"@id":"https:\/\/vieassociative.be\/actualites\/#\/schema\/logo\/image\/"}},{"@type":"Person","@id":"https:\/\/vieassociative.be\/actualites\/#\/schema\/person\/b87ac4f82f9d4e7b7cec7395b679edc4","name":"Julien","image":{"@type":"ImageObject","inLanguage":"fr-BE","@id":"https:\/\/vieassociative.be\/actualites\/#\/schema\/person\/image\/","url":"https:\/\/vieassociative.be\/actualites\/wp-content\/uploads\/2024\/09\/vie-associative-1-150x150.jpg","contentUrl":"https:\/\/vieassociative.be\/actualites\/wp-content\/uploads\/2024\/09\/vie-associative-1-150x150.jpg","caption":"Julien"},"description":"Je suis Julien, r\u00e9dacteur pour Vie Associative. Passionn\u00e9 par le monde associatif depuis plus de 10 ans, j'ai \u00e0 c\u0153ur de partager des histoires inspirantes et de mettre en lumi\u00e8re les initiatives locales. Mon objectif est de sensibiliser et d'encourager l'engagement communautaire \u00e0 travers mes articles.","sameAs":["https:\/\/vieassociative.be\/"]}]}},"_links":{"self":[{"href":"https:\/\/vieassociative.be\/actualites\/wp-json\/wp\/v2\/posts\/10263"}],"collection":[{"href":"https:\/\/vieassociative.be\/actualites\/wp-json\/wp\/v2\/posts"}],"about":[{"href":"https:\/\/vieassociative.be\/actualites\/wp-json\/wp\/v2\/types\/post"}],"author":[{"embeddable":true,"href":"https:\/\/vieassociative.be\/actualites\/wp-json\/wp\/v2\/users\/1"}],"replies":[{"embeddable":true,"href":"https:\/\/vieassociative.be\/actualites\/wp-json\/wp\/v2\/comments?post=10263"}],"version-history":[{"count":0,"href":"https:\/\/vieassociative.be\/actualites\/wp-json\/wp\/v2\/posts\/10263\/revisions"}],"wp:featuredmedia":[{"embeddable":true,"href":"https:\/\/vieassociative.be\/actualites\/wp-json\/wp\/v2\/media\/10264"}],"wp:attachment":[{"href":"https:\/\/vieassociative.be\/actualites\/wp-json\/wp\/v2\/media?parent=10263"}],"wp:term":[{"taxonomy":"category","embeddable":true,"href":"https:\/\/vieassociative.be\/actualites\/wp-json\/wp\/v2\/categories?post=10263"},{"taxonomy":"post_tag","embeddable":true,"href":"https:\/\/vieassociative.be\/actualites\/wp-json\/wp\/v2\/tags?post=10263"}],"curies":[{"name":"wp","href":"https:\/\/api.w.org\/{rel}","templated":true}]}}