{"id":10262,"date":"2025-09-26T04:17:01","date_gmt":"2025-09-26T02:17:01","guid":{"rendered":"https:\/\/vieassociative.be\/actualites\/le-5-mai-1974-le-stade-daknam-de-loker-eupens-rose-room\/"},"modified":"2025-09-26T04:17:01","modified_gmt":"2025-09-26T02:17:01","slug":"le-5-mai-1974-le-stade-daknam-de-loker-eupens-rose-room","status":"publish","type":"post","link":"https:\/\/vieassociative.be\/actualites\/le-5-mai-1974-le-stade-daknam-de-loker-eupens-rose-room\/","title":{"rendered":"Le 5 mai 1974, le stade Daknam de Loker Eupens Rose Room"},"content":{"rendered":"<p><strong>La deuxi\u00e8me division du football en tant qu&rsquo;Eupen \u00e9tait un invit\u00e9 \u00e0 Lokerren mercredi soir. Le 5 mai 1974, le noir et blanc a connu une d\u00e9faite dramatique l\u00e0-bas, qui est entr\u00e9e dans le 80e anniversaire du club.<\/strong><\/p>\n<p><span id=\"more-425347\"><\/span>Ce fut le dernier jour de match de la saison 1973\/1974. En raison de l&rsquo;augmentation de la 1\u00e8re division, il y avait trois promoteurs directs dans la 2e division, tandis que les \u00e9quipes aux lieux 4 et 5 ont particip\u00e9 \u00e0 un tour final avec deux \u00e9quipes de premi\u00e8re division.<\/p>\n<p>Olympic Charleroi et As Ostend \u00e9taient d\u00e9j\u00e0 d\u00e9termin\u00e9s en tant que promoteur direct. Likeren et Eupen se sont battus pour le troisi\u00e8me lieu de promotion directe.<\/p>\n<p>\u00c9tant donn\u00e9 que l&rsquo;avant-dernier match du As contre Turnhout, qui ne se tenait que 0-0 sur le terrain du stade municipal sur Judenstrasse en raison des travaux de r\u00e9novation d\u00e9j\u00e0 commenc\u00e9s, a termin\u00e9 0-0, l&rsquo;\u00e9quipe autour de l&rsquo;entra\u00eeneur Hubert Vandormael et l&rsquo;attaquant Rainer Gebauer a d\u00fb gagner \u00e0 la troisi\u00e8me place \u00e0 Loker.<\/p>\n<div id=\"attachment_227244\" class=\"wp-caption alignleft\" style=\"max-width: 300px\"><img fetchpriority=\"high\" decoding=\"async\" class=\"wp-image-227244 size-medium\" src=\"https:\/\/vieassociative.be\/actualites\/wp-content\/uploads\/2025\/09\/Le-5-mai-1974-le-stade-Daknam-de-Loker-Eupens.jpeg\" alt=\"\" width=\"300\" height=\"177\"><\/div>\n<p>Le AS a \u00e9galement men\u00e9 1-0 jusqu&rsquo;\u00e0 15 minutes avant la fin avec un but de Francis Pomini \u00e0 la 31e minute. Les salles de promotion sont devenues de plus en plus concr\u00e8tes. Mais alors l&rsquo;arbitre Robert a donn\u00e9 \u00e0 l&rsquo;\u00e9quipe \u00e0 domicile pour voir un sp\u00e9cialiste du marketing controvers\u00e9 qui a conduit \u00e0 1-1. Peu avant la fin, Lokerren a marqu\u00e9 le but gagnant pour 2-1.<\/p>\n<p>L&rsquo;\u00e9quipe Eupen avait ainsi rat\u00e9 la mont\u00e9e directe. Dans le tour final, dans lequel les AS devaient jouer leurs matchs \u00e0 domicile en raison du travail dans le stade Kehrweg au Panorama Stadium, le moral apr\u00e8s le drame de Lokerren a disparu. Le noir et blanc \u00e9taient dans le tour final avec Lierse SK, Sint-Truiden et Winterlag (depuis la fusion avec Waterschei 1988 KRC Genk) avec 0 points.<\/p>\n<p>La saison suivante a \u00e9t\u00e9 encore plus dramatique que ce dernier match de la saison 1973\/1974 \u00e0 Lokerren. Eupen a d&rsquo;abord \u00e9t\u00e9 l&rsquo;un des favoris malgr\u00e9 la vente du meilleur buteur \u00e0 Sporting Charleroi, d&rsquo;autant plus que le manager Paul Brossel avec Horst Heese, Heinz Bartels et Reinhard Maigl ont amen\u00e9 trois anciens professionnels de Bundesliga \u00e0 Eupen, mais la saison est devenue un d\u00e9sastre. Le traumatisme de Lokeren peut \u00e9galement avoir un effet dans la saison 1974\/1975. Lors du dernier match contre Mons, qui a d\u00fb gagner, Heese a rat\u00e9 une p\u00e9nalit\u00e9 peu avant la fin de 0-0, qui a scell\u00e9 la descente d&rsquo;Eupen dans la 3e division. (Cre)<\/p>\n","protected":false},"excerpt":{"rendered":"<p>La deuxi\u00e8me division du football en tant qu&rsquo;Eupen \u00e9tait un invit\u00e9 \u00e0 Lokerren mercredi soir. Le 5 mai 1974, le noir et blanc a connu<\/p>\n","protected":false},"author":1,"featured_media":4247,"comment_status":"","ping_status":"","sticky":false,"template":"","format":"standard","meta":{"footnotes":""},"categories":[298],"tags":[8672,8388,8673,3160,8674,3774,2687],"class_list":["post-10262","post","type-post","status-publish","format-standard","has-post-thumbnail","hentry","category-belgique","tag-daknam","tag-eupens","tag-loker","tag-mai","tag-room","tag-rose","tag-stade","generate-columns","tablet-grid-50","mobile-grid-100","grid-parent","grid-33"],"yoast_head":"<!-- This site is optimized with the Yoast SEO plugin v24.0 - https:\/\/yoast.com\/wordpress\/plugins\/seo\/ -->\n<title>Le 5 mai 1974, le stade Daknam de Loker Eupens Rose Room | Vie Associative<\/title>\n<meta name=\"robots\" content=\"index, follow, max-snippet:-1, max-image-preview:large, max-video-preview:-1\" \/>\n<link rel=\"canonical\" href=\"https:\/\/vieassociative.be\/actualites\/le-5-mai-1974-le-stade-daknam-de-loker-eupens-rose-room\/\" \/>\n<meta property=\"og:locale\" content=\"fr_FR\" \/>\n<meta property=\"og:type\" content=\"article\" \/>\n<meta property=\"og:title\" content=\"Le 5 mai 1974, le stade Daknam de Loker Eupens Rose Room | Vie Associative\" \/>\n<meta property=\"og:description\" content=\"La deuxi\u00e8me division du football en tant qu&rsquo;Eupen \u00e9tait un invit\u00e9 \u00e0 Lokerren mercredi soir. Le 5 mai 1974, le noir et blanc a connu\" \/>\n<meta property=\"og:url\" content=\"https:\/\/vieassociative.be\/actualites\/le-5-mai-1974-le-stade-daknam-de-loker-eupens-rose-room\/\" \/>\n<meta property=\"og:site_name\" content=\"Vie Associative\" \/>\n<meta property=\"article:published_time\" content=\"2025-09-26T02:17:01+00:00\" \/>\n<meta property=\"og:image\" content=\"https:\/\/vieassociative.be\/actualites\/wp-content\/uploads\/2024\/09\/header_backgroundk-01-e1726694325946.png\" \/>\n\t<meta property=\"og:image:width\" content=\"279\" \/>\n\t<meta property=\"og:image:height\" content=\"92\" \/>\n\t<meta property=\"og:image:type\" content=\"image\/png\" \/>\n<meta name=\"author\" content=\"Julien\" \/>\n<meta name=\"twitter:card\" content=\"summary_large_image\" \/>\n<meta name=\"twitter:label1\" content=\"\u00c9crit par\" \/>\n\t<meta name=\"twitter:data1\" content=\"Julien\" \/>\n\t<meta name=\"twitter:label2\" content=\"Dur\u00e9e de lecture est.\" \/>\n\t<meta name=\"twitter:data2\" content=\"2 minutes\" \/>\n<script type=\"application\/ld+json\" class=\"yoast-schema-graph\">{\"@context\":\"https:\/\/schema.org\",\"@graph\":[{\"@type\":\"Article\",\"@id\":\"https:\/\/vieassociative.be\/actualites\/le-5-mai-1974-le-stade-daknam-de-loker-eupens-rose-room\/#article\",\"isPartOf\":{\"@id\":\"https:\/\/vieassociative.be\/actualites\/le-5-mai-1974-le-stade-daknam-de-loker-eupens-rose-room\/\"},\"author\":{\"name\":\"Julien\",\"@id\":\"https:\/\/vieassociative.be\/actualites\/#\/schema\/person\/b87ac4f82f9d4e7b7cec7395b679edc4\"},\"headline\":\"Le 5 mai 1974, le stade Daknam de Loker Eupens Rose Room\",\"datePublished\":\"2025-09-26T02:17:01+00:00\",\"dateModified\":\"2025-09-26T02:17:01+00:00\",\"mainEntityOfPage\":{\"@id\":\"https:\/\/vieassociative.be\/actualites\/le-5-mai-1974-le-stade-daknam-de-loker-eupens-rose-room\/\"},\"wordCount\":433,\"publisher\":{\"@id\":\"https:\/\/vieassociative.be\/actualites\/#organization\"},\"image\":{\"@id\":\"https:\/\/vieassociative.be\/actualites\/le-5-mai-1974-le-stade-daknam-de-loker-eupens-rose-room\/#primaryimage\"},\"thumbnailUrl\":\"https:\/\/vieassociative.be\/actualites\/wp-content\/uploads\/2025\/01\/Premier-match-de-lAS-en-2025-a-Lokeren-Temse-annule.jpeg\",\"keywords\":[\"Daknam\",\"Eupens\",\"Loker\",\"mai\",\"Room\",\"Rose\",\"stade\"],\"articleSection\":[\"Belgique\"],\"inLanguage\":\"fr-BE\"},{\"@type\":\"WebPage\",\"@id\":\"https:\/\/vieassociative.be\/actualites\/le-5-mai-1974-le-stade-daknam-de-loker-eupens-rose-room\/\",\"url\":\"https:\/\/vieassociative.be\/actualites\/le-5-mai-1974-le-stade-daknam-de-loker-eupens-rose-room\/\",\"name\":\"Le 5 mai 1974, le stade Daknam de Loker Eupens Rose Room | Vie Associative\",\"isPartOf\":{\"@id\":\"https:\/\/vieassociative.be\/actualites\/#website\"},\"primaryImageOfPage\":{\"@id\":\"https:\/\/vieassociative.be\/actualites\/le-5-mai-1974-le-stade-daknam-de-loker-eupens-rose-room\/#primaryimage\"},\"image\":{\"@id\":\"https:\/\/vieassociative.be\/actualites\/le-5-mai-1974-le-stade-daknam-de-loker-eupens-rose-room\/#primaryimage\"},\"thumbnailUrl\":\"https:\/\/vieassociative.be\/actualites\/wp-content\/uploads\/2025\/01\/Premier-match-de-lAS-en-2025-a-Lokeren-Temse-annule.jpeg\",\"datePublished\":\"2025-09-26T02:17:01+00:00\",\"dateModified\":\"2025-09-26T02:17:01+00:00\",\"breadcrumb\":{\"@id\":\"https:\/\/vieassociative.be\/actualites\/le-5-mai-1974-le-stade-daknam-de-loker-eupens-rose-room\/#breadcrumb\"},\"inLanguage\":\"fr-BE\",\"potentialAction\":[{\"@type\":\"ReadAction\",\"target\":[\"https:\/\/vieassociative.be\/actualites\/le-5-mai-1974-le-stade-daknam-de-loker-eupens-rose-room\/\"]}]},{\"@type\":\"ImageObject\",\"inLanguage\":\"fr-BE\",\"@id\":\"https:\/\/vieassociative.be\/actualites\/le-5-mai-1974-le-stade-daknam-de-loker-eupens-rose-room\/#primaryimage\",\"url\":\"https:\/\/vieassociative.be\/actualites\/wp-content\/uploads\/2025\/01\/Premier-match-de-lAS-en-2025-a-Lokeren-Temse-annule.jpeg\",\"contentUrl\":\"https:\/\/vieassociative.be\/actualites\/wp-content\/uploads\/2025\/01\/Premier-match-de-lAS-en-2025-a-Lokeren-Temse-annule.jpeg\",\"width\":1000,\"height\":666,\"caption\":\"Premier match de l'AS en 2025 \u00e0 Lokeren-Temse annul\u00e9\"},{\"@type\":\"BreadcrumbList\",\"@id\":\"https:\/\/vieassociative.be\/actualites\/le-5-mai-1974-le-stade-daknam-de-loker-eupens-rose-room\/#breadcrumb\",\"itemListElement\":[{\"@type\":\"ListItem\",\"position\":1,\"name\":\"Accueil\",\"item\":\"https:\/\/vieassociative.be\/actualites\/\"},{\"@type\":\"ListItem\",\"position\":2,\"name\":\"Le 5 mai 1974, le stade Daknam de Loker Eupens Rose Room\"}]},{\"@type\":\"WebSite\",\"@id\":\"https:\/\/vieassociative.be\/actualites\/#website\",\"url\":\"https:\/\/vieassociative.be\/actualites\/\",\"name\":\"Vie Associative\",\"description\":\"\",\"publisher\":{\"@id\":\"https:\/\/vieassociative.be\/actualites\/#organization\"},\"potentialAction\":[{\"@type\":\"SearchAction\",\"target\":{\"@type\":\"EntryPoint\",\"urlTemplate\":\"https:\/\/vieassociative.be\/actualites\/?s={search_term_string}\"},\"query-input\":{\"@type\":\"PropertyValueSpecification\",\"valueRequired\":true,\"valueName\":\"search_term_string\"}}],\"inLanguage\":\"fr-BE\"},{\"@type\":\"Organization\",\"@id\":\"https:\/\/vieassociative.be\/actualites\/#organization\",\"name\":\"Vie Associative\",\"url\":\"https:\/\/vieassociative.be\/actualites\/\",\"logo\":{\"@type\":\"ImageObject\",\"inLanguage\":\"fr-BE\",\"@id\":\"https:\/\/vieassociative.be\/actualites\/#\/schema\/logo\/image\/\",\"url\":\"https:\/\/vieassociative.be\/actualites\/wp-content\/uploads\/2024\/09\/cropped-vieassociative_favicon.ico.png\",\"contentUrl\":\"https:\/\/vieassociative.be\/actualites\/wp-content\/uploads\/2024\/09\/cropped-vieassociative_favicon.ico.png\",\"width\":512,\"height\":512,\"caption\":\"Vie Associative\"},\"image\":{\"@id\":\"https:\/\/vieassociative.be\/actualites\/#\/schema\/logo\/image\/\"}},{\"@type\":\"Person\",\"@id\":\"https:\/\/vieassociative.be\/actualites\/#\/schema\/person\/b87ac4f82f9d4e7b7cec7395b679edc4\",\"name\":\"Julien\",\"image\":{\"@type\":\"ImageObject\",\"inLanguage\":\"fr-BE\",\"@id\":\"https:\/\/vieassociative.be\/actualites\/#\/schema\/person\/image\/\",\"url\":\"https:\/\/vieassociative.be\/actualites\/wp-content\/uploads\/2024\/09\/vie-associative-1-150x150.jpg\",\"contentUrl\":\"https:\/\/vieassociative.be\/actualites\/wp-content\/uploads\/2024\/09\/vie-associative-1-150x150.jpg\",\"caption\":\"Julien\"},\"description\":\"Je suis Julien, r\u00e9dacteur pour Vie Associative. Passionn\u00e9 par le monde associatif depuis plus de 10 ans, j'ai \u00e0 c\u0153ur de partager des histoires inspirantes et de mettre en lumi\u00e8re les initiatives locales. Mon objectif est de sensibiliser et d'encourager l'engagement communautaire \u00e0 travers mes articles.\",\"sameAs\":[\"https:\/\/vieassociative.be\/\"]}]}<\/script>\n<!-- \/ Yoast SEO plugin. -->","yoast_head_json":{"title":"Le 5 mai 1974, le stade Daknam de Loker Eupens Rose Room | Vie Associative","robots":{"index":"index","follow":"follow","max-snippet":"max-snippet:-1","max-image-preview":"max-image-preview:large","max-video-preview":"max-video-preview:-1"},"canonical":"https:\/\/vieassociative.be\/actualites\/le-5-mai-1974-le-stade-daknam-de-loker-eupens-rose-room\/","og_locale":"fr_FR","og_type":"article","og_title":"Le 5 mai 1974, le stade Daknam de Loker Eupens Rose Room | Vie Associative","og_description":"La deuxi\u00e8me division du football en tant qu&rsquo;Eupen \u00e9tait un invit\u00e9 \u00e0 Lokerren mercredi soir. Le 5 mai 1974, le noir et blanc a connu","og_url":"https:\/\/vieassociative.be\/actualites\/le-5-mai-1974-le-stade-daknam-de-loker-eupens-rose-room\/","og_site_name":"Vie Associative","article_published_time":"2025-09-26T02:17:01+00:00","og_image":[{"width":279,"height":92,"url":"https:\/\/vieassociative.be\/actualites\/wp-content\/uploads\/2024\/09\/header_backgroundk-01-e1726694325946.png","type":"image\/png"}],"author":"Julien","twitter_card":"summary_large_image","twitter_misc":{"\u00c9crit par":"Julien","Dur\u00e9e de lecture est.":"2 minutes"},"schema":{"@context":"https:\/\/schema.org","@graph":[{"@type":"Article","@id":"https:\/\/vieassociative.be\/actualites\/le-5-mai-1974-le-stade-daknam-de-loker-eupens-rose-room\/#article","isPartOf":{"@id":"https:\/\/vieassociative.be\/actualites\/le-5-mai-1974-le-stade-daknam-de-loker-eupens-rose-room\/"},"author":{"name":"Julien","@id":"https:\/\/vieassociative.be\/actualites\/#\/schema\/person\/b87ac4f82f9d4e7b7cec7395b679edc4"},"headline":"Le 5 mai 1974, le stade Daknam de Loker Eupens Rose Room","datePublished":"2025-09-26T02:17:01+00:00","dateModified":"2025-09-26T02:17:01+00:00","mainEntityOfPage":{"@id":"https:\/\/vieassociative.be\/actualites\/le-5-mai-1974-le-stade-daknam-de-loker-eupens-rose-room\/"},"wordCount":433,"publisher":{"@id":"https:\/\/vieassociative.be\/actualites\/#organization"},"image":{"@id":"https:\/\/vieassociative.be\/actualites\/le-5-mai-1974-le-stade-daknam-de-loker-eupens-rose-room\/#primaryimage"},"thumbnailUrl":"https:\/\/vieassociative.be\/actualites\/wp-content\/uploads\/2025\/01\/Premier-match-de-lAS-en-2025-a-Lokeren-Temse-annule.jpeg","keywords":["Daknam","Eupens","Loker","mai","Room","Rose","stade"],"articleSection":["Belgique"],"inLanguage":"fr-BE"},{"@type":"WebPage","@id":"https:\/\/vieassociative.be\/actualites\/le-5-mai-1974-le-stade-daknam-de-loker-eupens-rose-room\/","url":"https:\/\/vieassociative.be\/actualites\/le-5-mai-1974-le-stade-daknam-de-loker-eupens-rose-room\/","name":"Le 5 mai 1974, le stade Daknam de Loker Eupens Rose Room | Vie Associative","isPartOf":{"@id":"https:\/\/vieassociative.be\/actualites\/#website"},"primaryImageOfPage":{"@id":"https:\/\/vieassociative.be\/actualites\/le-5-mai-1974-le-stade-daknam-de-loker-eupens-rose-room\/#primaryimage"},"image":{"@id":"https:\/\/vieassociative.be\/actualites\/le-5-mai-1974-le-stade-daknam-de-loker-eupens-rose-room\/#primaryimage"},"thumbnailUrl":"https:\/\/vieassociative.be\/actualites\/wp-content\/uploads\/2025\/01\/Premier-match-de-lAS-en-2025-a-Lokeren-Temse-annule.jpeg","datePublished":"2025-09-26T02:17:01+00:00","dateModified":"2025-09-26T02:17:01+00:00","breadcrumb":{"@id":"https:\/\/vieassociative.be\/actualites\/le-5-mai-1974-le-stade-daknam-de-loker-eupens-rose-room\/#breadcrumb"},"inLanguage":"fr-BE","potentialAction":[{"@type":"ReadAction","target":["https:\/\/vieassociative.be\/actualites\/le-5-mai-1974-le-stade-daknam-de-loker-eupens-rose-room\/"]}]},{"@type":"ImageObject","inLanguage":"fr-BE","@id":"https:\/\/vieassociative.be\/actualites\/le-5-mai-1974-le-stade-daknam-de-loker-eupens-rose-room\/#primaryimage","url":"https:\/\/vieassociative.be\/actualites\/wp-content\/uploads\/2025\/01\/Premier-match-de-lAS-en-2025-a-Lokeren-Temse-annule.jpeg","contentUrl":"https:\/\/vieassociative.be\/actualites\/wp-content\/uploads\/2025\/01\/Premier-match-de-lAS-en-2025-a-Lokeren-Temse-annule.jpeg","width":1000,"height":666,"caption":"Premier match de l'AS en 2025 \u00e0 Lokeren-Temse annul\u00e9"},{"@type":"BreadcrumbList","@id":"https:\/\/vieassociative.be\/actualites\/le-5-mai-1974-le-stade-daknam-de-loker-eupens-rose-room\/#breadcrumb","itemListElement":[{"@type":"ListItem","position":1,"name":"Accueil","item":"https:\/\/vieassociative.be\/actualites\/"},{"@type":"ListItem","position":2,"name":"Le 5 mai 1974, le stade Daknam de Loker Eupens Rose Room"}]},{"@type":"WebSite","@id":"https:\/\/vieassociative.be\/actualites\/#website","url":"https:\/\/vieassociative.be\/actualites\/","name":"Vie Associative","description":"","publisher":{"@id":"https:\/\/vieassociative.be\/actualites\/#organization"},"potentialAction":[{"@type":"SearchAction","target":{"@type":"EntryPoint","urlTemplate":"https:\/\/vieassociative.be\/actualites\/?s={search_term_string}"},"query-input":{"@type":"PropertyValueSpecification","valueRequired":true,"valueName":"search_term_string"}}],"inLanguage":"fr-BE"},{"@type":"Organization","@id":"https:\/\/vieassociative.be\/actualites\/#organization","name":"Vie Associative","url":"https:\/\/vieassociative.be\/actualites\/","logo":{"@type":"ImageObject","inLanguage":"fr-BE","@id":"https:\/\/vieassociative.be\/actualites\/#\/schema\/logo\/image\/","url":"https:\/\/vieassociative.be\/actualites\/wp-content\/uploads\/2024\/09\/cropped-vieassociative_favicon.ico.png","contentUrl":"https:\/\/vieassociative.be\/actualites\/wp-content\/uploads\/2024\/09\/cropped-vieassociative_favicon.ico.png","width":512,"height":512,"caption":"Vie Associative"},"image":{"@id":"https:\/\/vieassociative.be\/actualites\/#\/schema\/logo\/image\/"}},{"@type":"Person","@id":"https:\/\/vieassociative.be\/actualites\/#\/schema\/person\/b87ac4f82f9d4e7b7cec7395b679edc4","name":"Julien","image":{"@type":"ImageObject","inLanguage":"fr-BE","@id":"https:\/\/vieassociative.be\/actualites\/#\/schema\/person\/image\/","url":"https:\/\/vieassociative.be\/actualites\/wp-content\/uploads\/2024\/09\/vie-associative-1-150x150.jpg","contentUrl":"https:\/\/vieassociative.be\/actualites\/wp-content\/uploads\/2024\/09\/vie-associative-1-150x150.jpg","caption":"Julien"},"description":"Je suis Julien, r\u00e9dacteur pour Vie Associative. Passionn\u00e9 par le monde associatif depuis plus de 10 ans, j'ai \u00e0 c\u0153ur de partager des histoires inspirantes et de mettre en lumi\u00e8re les initiatives locales. Mon objectif est de sensibiliser et d'encourager l'engagement communautaire \u00e0 travers mes articles.","sameAs":["https:\/\/vieassociative.be\/"]}]}},"_links":{"self":[{"href":"https:\/\/vieassociative.be\/actualites\/wp-json\/wp\/v2\/posts\/10262"}],"collection":[{"href":"https:\/\/vieassociative.be\/actualites\/wp-json\/wp\/v2\/posts"}],"about":[{"href":"https:\/\/vieassociative.be\/actualites\/wp-json\/wp\/v2\/types\/post"}],"author":[{"embeddable":true,"href":"https:\/\/vieassociative.be\/actualites\/wp-json\/wp\/v2\/users\/1"}],"replies":[{"embeddable":true,"href":"https:\/\/vieassociative.be\/actualites\/wp-json\/wp\/v2\/comments?post=10262"}],"version-history":[{"count":0,"href":"https:\/\/vieassociative.be\/actualites\/wp-json\/wp\/v2\/posts\/10262\/revisions"}],"wp:featuredmedia":[{"embeddable":true,"href":"https:\/\/vieassociative.be\/actualites\/wp-json\/wp\/v2\/media\/4247"}],"wp:attachment":[{"href":"https:\/\/vieassociative.be\/actualites\/wp-json\/wp\/v2\/media?parent=10262"}],"wp:term":[{"taxonomy":"category","embeddable":true,"href":"https:\/\/vieassociative.be\/actualites\/wp-json\/wp\/v2\/categories?post=10262"},{"taxonomy":"post_tag","embeddable":true,"href":"https:\/\/vieassociative.be\/actualites\/wp-json\/wp\/v2\/tags?post=10262"}],"curies":[{"name":"wp","href":"https:\/\/api.w.org\/{rel}","templated":true}]}}