{"id":10257,"date":"2025-09-26T01:17:33","date_gmt":"2025-09-25T23:17:33","guid":{"rendered":"https:\/\/vieassociative.be\/actualites\/les-threads-etiquettent-ils-vraiment-ses-utilisateurs-comme-antifa\/"},"modified":"2025-09-26T01:17:33","modified_gmt":"2025-09-25T23:17:33","slug":"les-threads-etiquettent-ils-vraiment-ses-utilisateurs-comme-antifa","status":"publish","type":"post","link":"https:\/\/vieassociative.be\/actualites\/les-threads-etiquettent-ils-vraiment-ses-utilisateurs-comme-antifa\/","title":{"rendered":"Les threads \u00e9tiquettent-ils vraiment ses utilisateurs comme Antifa?"},"content":{"rendered":"<div class=\"mt-4 leading-6 md:mb-8\">Une autre raison de toujours remettre en question les affirmations que vous voyez se propager en ligne.<\/div>\n<p><\/p>\n<p>\u00ab\u00a0Antifa\u00a0\u00bb est dans les vues de Donald Trump. Suite \u00e0 l&rsquo;assassinat de l&rsquo;activiste conservateur Charlie Kirk, Trump a bl\u00e2m\u00e9 les \u00ab\u00a0gauchistes radicaux\u00a0\u00bb d&rsquo;avoir pouss\u00e9 la violence politique contre ceux \u00e0 droite, m\u00eame alors que les motivations de l&rsquo;assassin restent sous une enqu\u00eate active. En tant que tel, le pr\u00e9sident va apr\u00e8s Antifa, l&rsquo;appelant une \u00aborganisation terroriste domestique\u00bb, malgr\u00e9 le fait qu&rsquo;Antifa n&rsquo;est pas r\u00e9ellement une organisation et que les \u00c9tats-Unis n&rsquo;ont pas de d\u00e9signation terroriste domestique.  <\/p>\n<p>Lorsque le pr\u00e9sident des \u00c9tats-Unis insuffle les tensions de cette mani\u00e8re, il n&rsquo;est pas surprenant que notre discours influence \u00e9galement. Voici un tel exemple: vous avez peut-\u00eatre vu des publications sur les r\u00e9seaux sociaux cette semaine en affirmant que les threads joignent d\u00e9sormais des avertissements aux publications d&rsquo;utilisateurs qui sont des membres suspects d&rsquo;Antifa, ou des publications avec l&rsquo;\u00e9tiquette attach\u00e9e elle-m\u00eame. Un article viral discutant du sujet provient du compte \u00ab\u00a0Balerermera\u00a0\u00bb, qui a partag\u00e9 la capture d&rsquo;\u00e9cran suivante mercredi:<\/p>\n<blockquote class=\"mx-auto instagram-media\" data-instgrm-captioned data-instgrm-permalink=\"https:\/\/www.instagram.com\/p\/DPALVLrDy7_\/?utm_source=ig_embed&amp;utm_campaign=loading\" data-instgrm-version=\"12\" style=\" background:#FFF; border:0; border-radius:3px; box-shadow:0 0 1px 0 rgba(0,0,0,0.5),0 1px 10px 0 rgba(0,0,0,0.15); margin-top: 1px; margin-bottom:1px; max-width:540px; min-width:326px; padding:0; width:99.375%; width:-webkit-calc(100% - 2px); width:calc(100% - 2px);\">\n<div style=\"padding:16px;\">\n<div style=\" display: flex; flex-direction: row; align-items: center;\">\n<div style=\"background-color: #F4F4F4; border-radius: 50%; flex-grow: 0; height: 40px; margin-right: 14px; width: 40px;\"><\/div>\n<div style=\"display: flex; flex-direction: column; flex-grow: 1; justify-content: center;\">\n<div style=\" background-color: #F4F4F4; border-radius: 4px; flex-grow: 0; height: 14px; margin-bottom: 6px; width: 100px;\"><\/div>\n<div style=\" background-color: #F4F4F4; border-radius: 4px; flex-grow: 0; height: 14px; width: 60px;\"><\/div>\n<\/p><\/div>\n<\/p><\/div>\n<div style=\"padding: 19% 0;\"><\/div>\n<div style=\"display:block; height:50px; margin:0 auto 12px; width:50px;\">\n                <svg width=\"50px\" height=\"50px\" viewbox=\"0 0 60 60\" version=\"1.1\" xmlns=\"https:\/\/www.w3.org\/2000\/svg\" xmlns:xlink=\"https:\/\/www.w3.org\/1999\/xlink\">\n                    <g stroke=\"none\" stroke-width=\"1\" fill=\"none\" fill-rule=\"evenodd\">\n                        <g transform=\"translate(-511.000000, -20.000000)\" fill=\"#000000\">\n                            <g>\n                                <path d=\"M556.869,30.41 C554.814,30.41 553.148,32.076 553.148,34.131 C553.148,36.186 554.814,37.852 556.869,37.852 C558.924,37.852 560.59,36.186 560.59,34.131 C560.59,32.076 558.924,30.41 556.869,30.41 M541,60.657 C535.114,60.657 530.342,55.887 530.342,50 C530.342,44.114 535.114,39.342 541,39.342 C546.887,39.342 551.658,44.114 551.658,50 C551.658,55.887 546.887,60.657 541,60.657 M541,33.886 C532.1,33.886 524.886,41.1 524.886,50 C524.886,58.899 532.1,66.113 541,66.113 C549.9,66.113 557.115,58.899 557.115,50 C557.115,41.1 549.9,33.886 541,33.886 M565.378,62.101 C565.244,65.022 564.756,66.606 564.346,67.663 C563.803,69.06 563.154,70.057 562.106,71.106 C561.058,72.155 560.06,72.803 558.662,73.347 C557.607,73.757 556.021,74.244 553.102,74.378 C549.944,74.521 548.997,74.552 541,74.552 C533.003,74.552 532.056,74.521 528.898,74.378 C525.979,74.244 524.393,73.757 523.338,73.347 C521.94,72.803 520.942,72.155 519.894,71.106 C518.846,70.057 518.197,69.06 517.654,67.663 C517.244,66.606 516.755,65.022 516.623,62.101 C516.479,58.943 516.448,57.996 516.448,50 C516.448,42.003 516.479,41.056 516.623,37.899 C516.755,34.978 517.244,33.391 517.654,32.338 C518.197,30.938 518.846,29.942 519.894,28.894 C520.942,27.846 521.94,27.196 523.338,26.654 C524.393,26.244 525.979,25.756 528.898,25.623 C532.057,25.479 533.004,25.448 541,25.448 C548.997,25.448 549.943,25.479 553.102,25.623 C556.021,25.756 557.607,26.244 558.662,26.654 C560.06,27.196 561.058,27.846 562.106,28.894 C563.154,29.942 563.803,30.938 564.346,32.338 C564.756,33.391 565.244,34.978 565.378,37.899 C565.522,41.056 565.552,42.003 565.552,50 C565.552,57.996 565.522,58.943 565.378,62.101 M570.82,37.631 C570.674,34.438 570.167,32.258 569.425,30.349 C568.659,28.377 567.633,26.702 565.965,25.035 C564.297,23.368 562.623,22.342 560.652,21.575 C558.743,20.834 556.562,20.326 553.369,20.18 C550.169,20.033 549.148,20 541,20 C532.853,20 531.831,20.033 528.631,20.18 C525.438,20.326 523.257,20.834 521.349,21.575 C519.376,22.342 517.703,23.368 516.035,25.035 C514.368,26.702 513.342,28.377 512.574,30.349 C511.834,32.258 511.326,34.438 511.181,37.631 C511.035,40.831 511,41.851 511,50 C511,58.147 511.035,59.17 511.181,62.369 C511.326,65.562 511.834,67.743 512.574,69.651 C513.342,71.625 514.368,73.296 516.035,74.965 C517.703,76.634 519.376,77.658 521.349,78.425 C523.257,79.167 525.438,79.673 528.631,79.82 C531.831,79.965 532.853,80.001 541,80.001 C549.148,80.001 550.169,79.965 553.369,79.82 C556.562,79.673 558.743,79.167 560.652,78.425 C562.623,77.658 564.297,76.634 565.965,74.965 C567.633,73.296 568.659,71.625 569.425,69.651 C570.167,67.743 570.674,65.562 570.82,62.369 C570.966,59.17 571,58.147 571,50 C571,41.851 570.966,40.831 570.82,37.631\"><\/path>\n                            <\/g>\n                        <\/g>\n                    <\/g>\n                <\/svg>\n            <\/div>\n<div style=\"padding-top: 8px;\">\n<div class=\"text-sm\" style=\" color:#3897f0; font-family:Arial,sans-serif; font-style:normal; font-weight:550; line-height:18px;\">\n<p>                    Voir ce post sur Instagram\n                <\/p><\/div>\n<\/p><\/div>\n<div style=\"padding: 12.5% 0;\"><\/div>\n<div style=\"display: flex; flex-direction: row; margin-bottom: 14px; align-items: center;\">\n<div>\n<div style=\"background-color: #F4F4F4; border-radius: 50%; height: 12.5px; width: 12.5px; transform: translateX(0px) translateY(7px);\"><\/div>\n<div style=\"background-color: #F4F4F4; height: 12.5px; transform: rotate(-45deg) translateX(3px) translateY(1px); width: 12.5px; flex-grow: 0; margin-right: 14px; margin-left: 2px;\"><\/div>\n<div style=\"background-color: #F4F4F4; border-radius: 50%; height: 12.5px; width: 12.5px; transform: translateX(9px) translateY(-18px);\"><\/div>\n<\/p><\/div>\n<div style=\"margin-left: 8px;\">\n<div style=\" background-color: #F4F4F4; border-radius: 50%; flex-grow: 0; height: 20px; width: 20px;\"><\/div>\n<div style=\" width: 0; height: 0; border-top: 2px solid transparent; border-left: 6px solid #f4f4f4; border-bottom: 2px solid transparent; transform: translateX(16px) translateY(-4px) rotate(30deg)\"><\/div>\n<\/p><\/div>\n<div style=\"margin-left: auto;\">\n<div style=\" width: 0px; border-top: 8px solid #F4F4F4; border-right: 8px solid transparent; transform: translateY(16px);\"><\/div>\n<div style=\" background-color: #F4F4F4; flex-grow: 0; height: 12px; width: 16px; transform: translateY(-4px);\"><\/div>\n<div style=\" width: 0; height: 0; border-top: 8px solid #F4F4F4; border-left: 8px solid transparent; transform: translateY(-4px) translateX(8px);\"><\/div>\n<\/p><\/div>\n<\/p><\/div>\n<\/p><\/div>\n<\/blockquote>\n<p>Le label, appos\u00e9 sur un message inoffensif du r\u00e9cit Benballer, se lit comme suit: <em>\u00ab\u00a0Cet utilisateur est soup\u00e7onn\u00e9 de faire partie d&rsquo;une organisation terroriste appel\u00e9e Antifa. Veuillez signaler tout comportement suspect.\u00a0\u00bb<\/em> Pris \u00e0 sa valeur nominale, on pourrait supposer que les fils, appartenant \u00e0 Meta, essaient de se mettre du bon c\u00f4t\u00e9 de l&rsquo;administration Trump en identifiant des comptes apparemment \u00ab\u00a0de gauche\u00a0\u00bb en tant que membres d&rsquo;Antifa.<\/p>\n<div class=\"mx-auto mb-12 mt-5 w-full max-w-3xl rounded-md border-2 border-gray-100 p-3 shadow-md md:px-7 md:pb-7 md:pt-5\" id=\"related-video\">\n<div class=\"mb-3 flex items-center md:mb-5\">\n        <img decoding=\"async\" class=\"mr-4 mt-0 h-10 w-10 md:mr-5 md:h-12 md:w-12\" src=\"https:\/\/vieassociative.be\/actualites\/wp-content\/uploads\/2025\/09\/1757726237_608_Meta-pourrait-devoiler-une-montre-intelligente-pour-controler-ses-lunettes.jpg\" alt=\"Logo Lifehacker\"><\/p><\/div>\n<div class=\"aspect-video w-full overflow-hidden rounded-md\">\n<div id=\"video-container-01K61GNEW54ZH93S0MEH7TQCDY\"><\/div>\n<\/p><\/div>\n<\/div>\n<h2 id=\"its-all-a-bit\">Tout est un peu<\/h2>\n<p>Le fait est que l&rsquo;\u00e9tiquette n&rsquo;est pas r\u00e9elle: un porte-parole de Meta m&rsquo;a confirm\u00e9 cela par e-mail, disant que l&rsquo;\u00e9tiquette n&rsquo;est qu&rsquo;un m\u00e8me, et non quelque chose cr\u00e9\u00e9 par Meta. Cela ne veut pas dire que l&rsquo;\u00e9tiquette n&rsquo;est apparue dans aucun article de fil. Ils l&rsquo;ont absolument, et vous les avez peut-\u00eatre vus. Mais si certains messages de threads semblent avoir l&rsquo;\u00e9tiquette attach\u00e9e, c&rsquo;est parce qu&rsquo;il fait en fait partie du texte d&rsquo;origine du poteau, format\u00e9 pour ressembler \u00e0 un ajout par Meta.<\/p>\n<p>Certains utilisateurs semblent ajouter le texte \u00e0 leurs messages en plaisantant, comme dans cet exemple, qui met l&rsquo;\u00e9tiquette en contexte avec un m\u00e8me populaire du film <em>Basterds inglourious<\/em>. Ce message, qui place l&rsquo;\u00e9tiquette sur une d\u00e9claration innocente sur la fa\u00e7on dont la tarte \u00e0 la citrouille est bonne. Ce sont des blagues solides, mais elles alimentent \u00e9galement la confusion: certains commentateurs sont pr\u00e9occup\u00e9s par l&rsquo;\u00e9tiquette, tandis que d&rsquo;autres partagent leurs propres versions du m\u00e8me, qui sont assez \u00e9videntes par rapport \u00e0 la \u00ab\u00a0Label Antifa\u00a0\u00bb.<\/p>\n<h2 id=\"a-good-reminder-to-think-before-you-share\">Un bon rappel \u00e0 r\u00e9fl\u00e9chir avant de partager<\/h2>\n<p>Les \u00e9tiquettes officielles sur les publications sont de plus en plus une norme \u00e0 travers les publications sur les r\u00e9seaux sociaux, ce qui explique pourquoi ce m\u00e8me est quelque chose pour une poign\u00e9e d&rsquo;utilisateurs, en particulier compte tenu des controverses r\u00e9centes sur les relations entre le gouvernement am\u00e9ricain, les m\u00e9dias et les entreprises technologiques. Si vous avez l&rsquo;habitude de voir des notes de communaut\u00e9 ou des avertissements de soci\u00e9t\u00e9s comme Meta, vous supposez que cette \u00e9tiquette Antifa est l\u00e9gitime. Apprendre que cela ne devrait pas nous rappeler que Internet est un tr\u00e9sor de d\u00e9sinformation. Vous ne devriez jamais prendre un post al\u00e9atoire sur Instagram comme la v\u00e9rit\u00e9 sans fard, surtout si ce message semble particuli\u00e8rement controvers\u00e9, ou particuli\u00e8rement align\u00e9 sur votre propre vision du monde. <\/p>\n<p>Avant de croire quelque chose que vous voyez sur vos flux, prenez un moment pour y r\u00e9fl\u00e9chir. Faites des recherches pour voir si des sources de confiance ont confirm\u00e9 les r\u00e9clamations. S&rsquo;ils ne l&rsquo;ont pas fait, restez sceptique et absorbent de le r\u00e9pandre.<\/p>\n<p><script async src=\"\/\/www.instagram.com\/embed.js\"><\/script><\/p>\n","protected":false},"excerpt":{"rendered":"<p>Une autre raison de toujours remettre en question les affirmations que vous voyez se propager en ligne. \u00ab\u00a0Antifa\u00a0\u00bb est dans les vues de Donald Trump.<\/p>\n","protected":false},"author":1,"featured_media":10258,"comment_status":"","ping_status":"","sticky":false,"template":"","format":"standard","meta":{"footnotes":""},"categories":[13],"tags":[8671,1254,8670,14,1055,3455,4335,523],"class_list":["post-10257","post","type-post","status-publish","format-standard","has-post-thumbnail","hentry","category-technologie","tag-antifa","tag-comme","tag-etiquettentils","tag-les","tag-ses","tag-threads","tag-utilisateurs","tag-vraiment","generate-columns","tablet-grid-50","mobile-grid-100","grid-parent","grid-33"],"yoast_head":"<!-- This site is optimized with the Yoast SEO plugin v24.0 - https:\/\/yoast.com\/wordpress\/plugins\/seo\/ -->\n<title>Les threads \u00e9tiquettent-ils vraiment ses utilisateurs comme Antifa? | Vie Associative<\/title>\n<meta name=\"robots\" content=\"index, follow, max-snippet:-1, max-image-preview:large, max-video-preview:-1\" \/>\n<link rel=\"canonical\" href=\"https:\/\/vieassociative.be\/actualites\/les-threads-etiquettent-ils-vraiment-ses-utilisateurs-comme-antifa\/\" \/>\n<meta property=\"og:locale\" content=\"fr_FR\" \/>\n<meta property=\"og:type\" content=\"article\" \/>\n<meta property=\"og:title\" content=\"Les threads \u00e9tiquettent-ils vraiment ses utilisateurs comme Antifa? | Vie Associative\" \/>\n<meta property=\"og:description\" content=\"Une autre raison de toujours remettre en question les affirmations que vous voyez se propager en ligne. \u00ab\u00a0Antifa\u00a0\u00bb est dans les vues de Donald Trump.\" \/>\n<meta property=\"og:url\" content=\"https:\/\/vieassociative.be\/actualites\/les-threads-etiquettent-ils-vraiment-ses-utilisateurs-comme-antifa\/\" \/>\n<meta property=\"og:site_name\" content=\"Vie Associative\" \/>\n<meta property=\"article:published_time\" content=\"2025-09-25T23:17:33+00:00\" \/>\n<meta property=\"og:image\" content=\"https:\/\/vieassociative.be\/actualites\/wp-content\/uploads\/2025\/09\/1757726237_608_Meta-pourrait-devoiler-une-montre-intelligente-pour-controler-ses-lunettes.jpg\" \/>\n<meta name=\"author\" content=\"Julien\" \/>\n<meta name=\"twitter:card\" content=\"summary_large_image\" \/>\n<meta name=\"twitter:label1\" content=\"\u00c9crit par\" \/>\n\t<meta name=\"twitter:data1\" content=\"Julien\" \/>\n\t<meta name=\"twitter:label2\" content=\"Dur\u00e9e de lecture est.\" \/>\n\t<meta name=\"twitter:data2\" content=\"3 minutes\" \/>\n<script type=\"application\/ld+json\" class=\"yoast-schema-graph\">{\"@context\":\"https:\/\/schema.org\",\"@graph\":[{\"@type\":\"Article\",\"@id\":\"https:\/\/vieassociative.be\/actualites\/les-threads-etiquettent-ils-vraiment-ses-utilisateurs-comme-antifa\/#article\",\"isPartOf\":{\"@id\":\"https:\/\/vieassociative.be\/actualites\/les-threads-etiquettent-ils-vraiment-ses-utilisateurs-comme-antifa\/\"},\"author\":{\"name\":\"Julien\",\"@id\":\"https:\/\/vieassociative.be\/actualites\/#\/schema\/person\/b87ac4f82f9d4e7b7cec7395b679edc4\"},\"headline\":\"Les threads \u00e9tiquettent-ils vraiment ses utilisateurs comme Antifa?\",\"datePublished\":\"2025-09-25T23:17:33+00:00\",\"dateModified\":\"2025-09-25T23:17:33+00:00\",\"mainEntityOfPage\":{\"@id\":\"https:\/\/vieassociative.be\/actualites\/les-threads-etiquettent-ils-vraiment-ses-utilisateurs-comme-antifa\/\"},\"wordCount\":675,\"publisher\":{\"@id\":\"https:\/\/vieassociative.be\/actualites\/#organization\"},\"image\":{\"@id\":\"https:\/\/vieassociative.be\/actualites\/les-threads-etiquettent-ils-vraiment-ses-utilisateurs-comme-antifa\/#primaryimage\"},\"thumbnailUrl\":\"https:\/\/vieassociative.be\/actualites\/wp-content\/uploads\/2025\/09\/Les-threads-etiquettent-ils-vraiment-ses-utilisateurs-comme-Antifa.jpg\",\"keywords\":[\"Antifa\",\"comme\",\"\u00e9tiquettentils\",\"Les\",\"ses\",\"Threads\",\"utilisateurs\",\"vraiment\"],\"articleSection\":[\"Technologie\"],\"inLanguage\":\"fr-BE\"},{\"@type\":\"WebPage\",\"@id\":\"https:\/\/vieassociative.be\/actualites\/les-threads-etiquettent-ils-vraiment-ses-utilisateurs-comme-antifa\/\",\"url\":\"https:\/\/vieassociative.be\/actualites\/les-threads-etiquettent-ils-vraiment-ses-utilisateurs-comme-antifa\/\",\"name\":\"Les threads \u00e9tiquettent-ils vraiment ses utilisateurs comme Antifa? | Vie Associative\",\"isPartOf\":{\"@id\":\"https:\/\/vieassociative.be\/actualites\/#website\"},\"primaryImageOfPage\":{\"@id\":\"https:\/\/vieassociative.be\/actualites\/les-threads-etiquettent-ils-vraiment-ses-utilisateurs-comme-antifa\/#primaryimage\"},\"image\":{\"@id\":\"https:\/\/vieassociative.be\/actualites\/les-threads-etiquettent-ils-vraiment-ses-utilisateurs-comme-antifa\/#primaryimage\"},\"thumbnailUrl\":\"https:\/\/vieassociative.be\/actualites\/wp-content\/uploads\/2025\/09\/Les-threads-etiquettent-ils-vraiment-ses-utilisateurs-comme-Antifa.jpg\",\"datePublished\":\"2025-09-25T23:17:33+00:00\",\"dateModified\":\"2025-09-25T23:17:33+00:00\",\"breadcrumb\":{\"@id\":\"https:\/\/vieassociative.be\/actualites\/les-threads-etiquettent-ils-vraiment-ses-utilisateurs-comme-antifa\/#breadcrumb\"},\"inLanguage\":\"fr-BE\",\"potentialAction\":[{\"@type\":\"ReadAction\",\"target\":[\"https:\/\/vieassociative.be\/actualites\/les-threads-etiquettent-ils-vraiment-ses-utilisateurs-comme-antifa\/\"]}]},{\"@type\":\"ImageObject\",\"inLanguage\":\"fr-BE\",\"@id\":\"https:\/\/vieassociative.be\/actualites\/les-threads-etiquettent-ils-vraiment-ses-utilisateurs-comme-antifa\/#primaryimage\",\"url\":\"https:\/\/vieassociative.be\/actualites\/wp-content\/uploads\/2025\/09\/Les-threads-etiquettent-ils-vraiment-ses-utilisateurs-comme-Antifa.jpg\",\"contentUrl\":\"https:\/\/vieassociative.be\/actualites\/wp-content\/uploads\/2025\/09\/Les-threads-etiquettent-ils-vraiment-ses-utilisateurs-comme-Antifa.jpg\",\"width\":1200,\"height\":675,\"caption\":\"Les threads \u00e9tiquettent-ils vraiment ses utilisateurs comme Antifa?\"},{\"@type\":\"BreadcrumbList\",\"@id\":\"https:\/\/vieassociative.be\/actualites\/les-threads-etiquettent-ils-vraiment-ses-utilisateurs-comme-antifa\/#breadcrumb\",\"itemListElement\":[{\"@type\":\"ListItem\",\"position\":1,\"name\":\"Accueil\",\"item\":\"https:\/\/vieassociative.be\/actualites\/\"},{\"@type\":\"ListItem\",\"position\":2,\"name\":\"Les threads \u00e9tiquettent-ils vraiment ses utilisateurs comme Antifa?\"}]},{\"@type\":\"WebSite\",\"@id\":\"https:\/\/vieassociative.be\/actualites\/#website\",\"url\":\"https:\/\/vieassociative.be\/actualites\/\",\"name\":\"Vie Associative\",\"description\":\"\",\"publisher\":{\"@id\":\"https:\/\/vieassociative.be\/actualites\/#organization\"},\"potentialAction\":[{\"@type\":\"SearchAction\",\"target\":{\"@type\":\"EntryPoint\",\"urlTemplate\":\"https:\/\/vieassociative.be\/actualites\/?s={search_term_string}\"},\"query-input\":{\"@type\":\"PropertyValueSpecification\",\"valueRequired\":true,\"valueName\":\"search_term_string\"}}],\"inLanguage\":\"fr-BE\"},{\"@type\":\"Organization\",\"@id\":\"https:\/\/vieassociative.be\/actualites\/#organization\",\"name\":\"Vie Associative\",\"url\":\"https:\/\/vieassociative.be\/actualites\/\",\"logo\":{\"@type\":\"ImageObject\",\"inLanguage\":\"fr-BE\",\"@id\":\"https:\/\/vieassociative.be\/actualites\/#\/schema\/logo\/image\/\",\"url\":\"https:\/\/vieassociative.be\/actualites\/wp-content\/uploads\/2024\/09\/cropped-vieassociative_favicon.ico.png\",\"contentUrl\":\"https:\/\/vieassociative.be\/actualites\/wp-content\/uploads\/2024\/09\/cropped-vieassociative_favicon.ico.png\",\"width\":512,\"height\":512,\"caption\":\"Vie Associative\"},\"image\":{\"@id\":\"https:\/\/vieassociative.be\/actualites\/#\/schema\/logo\/image\/\"}},{\"@type\":\"Person\",\"@id\":\"https:\/\/vieassociative.be\/actualites\/#\/schema\/person\/b87ac4f82f9d4e7b7cec7395b679edc4\",\"name\":\"Julien\",\"image\":{\"@type\":\"ImageObject\",\"inLanguage\":\"fr-BE\",\"@id\":\"https:\/\/vieassociative.be\/actualites\/#\/schema\/person\/image\/\",\"url\":\"https:\/\/vieassociative.be\/actualites\/wp-content\/uploads\/2024\/09\/vie-associative-1-150x150.jpg\",\"contentUrl\":\"https:\/\/vieassociative.be\/actualites\/wp-content\/uploads\/2024\/09\/vie-associative-1-150x150.jpg\",\"caption\":\"Julien\"},\"description\":\"Je suis Julien, r\u00e9dacteur pour Vie Associative. Passionn\u00e9 par le monde associatif depuis plus de 10 ans, j'ai \u00e0 c\u0153ur de partager des histoires inspirantes et de mettre en lumi\u00e8re les initiatives locales. Mon objectif est de sensibiliser et d'encourager l'engagement communautaire \u00e0 travers mes articles.\",\"sameAs\":[\"https:\/\/vieassociative.be\/\"]}]}<\/script>\n<!-- \/ Yoast SEO plugin. -->","yoast_head_json":{"title":"Les threads \u00e9tiquettent-ils vraiment ses utilisateurs comme Antifa? | Vie Associative","robots":{"index":"index","follow":"follow","max-snippet":"max-snippet:-1","max-image-preview":"max-image-preview:large","max-video-preview":"max-video-preview:-1"},"canonical":"https:\/\/vieassociative.be\/actualites\/les-threads-etiquettent-ils-vraiment-ses-utilisateurs-comme-antifa\/","og_locale":"fr_FR","og_type":"article","og_title":"Les threads \u00e9tiquettent-ils vraiment ses utilisateurs comme Antifa? | Vie Associative","og_description":"Une autre raison de toujours remettre en question les affirmations que vous voyez se propager en ligne. \u00ab\u00a0Antifa\u00a0\u00bb est dans les vues de Donald Trump.","og_url":"https:\/\/vieassociative.be\/actualites\/les-threads-etiquettent-ils-vraiment-ses-utilisateurs-comme-antifa\/","og_site_name":"Vie Associative","article_published_time":"2025-09-25T23:17:33+00:00","og_image":[{"url":"https:\/\/vieassociative.be\/actualites\/wp-content\/uploads\/2025\/09\/1757726237_608_Meta-pourrait-devoiler-une-montre-intelligente-pour-controler-ses-lunettes.jpg","type":"","width":"","height":""}],"author":"Julien","twitter_card":"summary_large_image","twitter_misc":{"\u00c9crit par":"Julien","Dur\u00e9e de lecture est.":"3 minutes"},"schema":{"@context":"https:\/\/schema.org","@graph":[{"@type":"Article","@id":"https:\/\/vieassociative.be\/actualites\/les-threads-etiquettent-ils-vraiment-ses-utilisateurs-comme-antifa\/#article","isPartOf":{"@id":"https:\/\/vieassociative.be\/actualites\/les-threads-etiquettent-ils-vraiment-ses-utilisateurs-comme-antifa\/"},"author":{"name":"Julien","@id":"https:\/\/vieassociative.be\/actualites\/#\/schema\/person\/b87ac4f82f9d4e7b7cec7395b679edc4"},"headline":"Les threads \u00e9tiquettent-ils vraiment ses utilisateurs comme Antifa?","datePublished":"2025-09-25T23:17:33+00:00","dateModified":"2025-09-25T23:17:33+00:00","mainEntityOfPage":{"@id":"https:\/\/vieassociative.be\/actualites\/les-threads-etiquettent-ils-vraiment-ses-utilisateurs-comme-antifa\/"},"wordCount":675,"publisher":{"@id":"https:\/\/vieassociative.be\/actualites\/#organization"},"image":{"@id":"https:\/\/vieassociative.be\/actualites\/les-threads-etiquettent-ils-vraiment-ses-utilisateurs-comme-antifa\/#primaryimage"},"thumbnailUrl":"https:\/\/vieassociative.be\/actualites\/wp-content\/uploads\/2025\/09\/Les-threads-etiquettent-ils-vraiment-ses-utilisateurs-comme-Antifa.jpg","keywords":["Antifa","comme","\u00e9tiquettentils","Les","ses","Threads","utilisateurs","vraiment"],"articleSection":["Technologie"],"inLanguage":"fr-BE"},{"@type":"WebPage","@id":"https:\/\/vieassociative.be\/actualites\/les-threads-etiquettent-ils-vraiment-ses-utilisateurs-comme-antifa\/","url":"https:\/\/vieassociative.be\/actualites\/les-threads-etiquettent-ils-vraiment-ses-utilisateurs-comme-antifa\/","name":"Les threads \u00e9tiquettent-ils vraiment ses utilisateurs comme Antifa? | Vie Associative","isPartOf":{"@id":"https:\/\/vieassociative.be\/actualites\/#website"},"primaryImageOfPage":{"@id":"https:\/\/vieassociative.be\/actualites\/les-threads-etiquettent-ils-vraiment-ses-utilisateurs-comme-antifa\/#primaryimage"},"image":{"@id":"https:\/\/vieassociative.be\/actualites\/les-threads-etiquettent-ils-vraiment-ses-utilisateurs-comme-antifa\/#primaryimage"},"thumbnailUrl":"https:\/\/vieassociative.be\/actualites\/wp-content\/uploads\/2025\/09\/Les-threads-etiquettent-ils-vraiment-ses-utilisateurs-comme-Antifa.jpg","datePublished":"2025-09-25T23:17:33+00:00","dateModified":"2025-09-25T23:17:33+00:00","breadcrumb":{"@id":"https:\/\/vieassociative.be\/actualites\/les-threads-etiquettent-ils-vraiment-ses-utilisateurs-comme-antifa\/#breadcrumb"},"inLanguage":"fr-BE","potentialAction":[{"@type":"ReadAction","target":["https:\/\/vieassociative.be\/actualites\/les-threads-etiquettent-ils-vraiment-ses-utilisateurs-comme-antifa\/"]}]},{"@type":"ImageObject","inLanguage":"fr-BE","@id":"https:\/\/vieassociative.be\/actualites\/les-threads-etiquettent-ils-vraiment-ses-utilisateurs-comme-antifa\/#primaryimage","url":"https:\/\/vieassociative.be\/actualites\/wp-content\/uploads\/2025\/09\/Les-threads-etiquettent-ils-vraiment-ses-utilisateurs-comme-Antifa.jpg","contentUrl":"https:\/\/vieassociative.be\/actualites\/wp-content\/uploads\/2025\/09\/Les-threads-etiquettent-ils-vraiment-ses-utilisateurs-comme-Antifa.jpg","width":1200,"height":675,"caption":"Les threads \u00e9tiquettent-ils vraiment ses utilisateurs comme Antifa?"},{"@type":"BreadcrumbList","@id":"https:\/\/vieassociative.be\/actualites\/les-threads-etiquettent-ils-vraiment-ses-utilisateurs-comme-antifa\/#breadcrumb","itemListElement":[{"@type":"ListItem","position":1,"name":"Accueil","item":"https:\/\/vieassociative.be\/actualites\/"},{"@type":"ListItem","position":2,"name":"Les threads \u00e9tiquettent-ils vraiment ses utilisateurs comme Antifa?"}]},{"@type":"WebSite","@id":"https:\/\/vieassociative.be\/actualites\/#website","url":"https:\/\/vieassociative.be\/actualites\/","name":"Vie Associative","description":"","publisher":{"@id":"https:\/\/vieassociative.be\/actualites\/#organization"},"potentialAction":[{"@type":"SearchAction","target":{"@type":"EntryPoint","urlTemplate":"https:\/\/vieassociative.be\/actualites\/?s={search_term_string}"},"query-input":{"@type":"PropertyValueSpecification","valueRequired":true,"valueName":"search_term_string"}}],"inLanguage":"fr-BE"},{"@type":"Organization","@id":"https:\/\/vieassociative.be\/actualites\/#organization","name":"Vie Associative","url":"https:\/\/vieassociative.be\/actualites\/","logo":{"@type":"ImageObject","inLanguage":"fr-BE","@id":"https:\/\/vieassociative.be\/actualites\/#\/schema\/logo\/image\/","url":"https:\/\/vieassociative.be\/actualites\/wp-content\/uploads\/2024\/09\/cropped-vieassociative_favicon.ico.png","contentUrl":"https:\/\/vieassociative.be\/actualites\/wp-content\/uploads\/2024\/09\/cropped-vieassociative_favicon.ico.png","width":512,"height":512,"caption":"Vie Associative"},"image":{"@id":"https:\/\/vieassociative.be\/actualites\/#\/schema\/logo\/image\/"}},{"@type":"Person","@id":"https:\/\/vieassociative.be\/actualites\/#\/schema\/person\/b87ac4f82f9d4e7b7cec7395b679edc4","name":"Julien","image":{"@type":"ImageObject","inLanguage":"fr-BE","@id":"https:\/\/vieassociative.be\/actualites\/#\/schema\/person\/image\/","url":"https:\/\/vieassociative.be\/actualites\/wp-content\/uploads\/2024\/09\/vie-associative-1-150x150.jpg","contentUrl":"https:\/\/vieassociative.be\/actualites\/wp-content\/uploads\/2024\/09\/vie-associative-1-150x150.jpg","caption":"Julien"},"description":"Je suis Julien, r\u00e9dacteur pour Vie Associative. Passionn\u00e9 par le monde associatif depuis plus de 10 ans, j'ai \u00e0 c\u0153ur de partager des histoires inspirantes et de mettre en lumi\u00e8re les initiatives locales. Mon objectif est de sensibiliser et d'encourager l'engagement communautaire \u00e0 travers mes articles.","sameAs":["https:\/\/vieassociative.be\/"]}]}},"_links":{"self":[{"href":"https:\/\/vieassociative.be\/actualites\/wp-json\/wp\/v2\/posts\/10257"}],"collection":[{"href":"https:\/\/vieassociative.be\/actualites\/wp-json\/wp\/v2\/posts"}],"about":[{"href":"https:\/\/vieassociative.be\/actualites\/wp-json\/wp\/v2\/types\/post"}],"author":[{"embeddable":true,"href":"https:\/\/vieassociative.be\/actualites\/wp-json\/wp\/v2\/users\/1"}],"replies":[{"embeddable":true,"href":"https:\/\/vieassociative.be\/actualites\/wp-json\/wp\/v2\/comments?post=10257"}],"version-history":[{"count":0,"href":"https:\/\/vieassociative.be\/actualites\/wp-json\/wp\/v2\/posts\/10257\/revisions"}],"wp:featuredmedia":[{"embeddable":true,"href":"https:\/\/vieassociative.be\/actualites\/wp-json\/wp\/v2\/media\/10258"}],"wp:attachment":[{"href":"https:\/\/vieassociative.be\/actualites\/wp-json\/wp\/v2\/media?parent=10257"}],"wp:term":[{"taxonomy":"category","embeddable":true,"href":"https:\/\/vieassociative.be\/actualites\/wp-json\/wp\/v2\/categories?post=10257"},{"taxonomy":"post_tag","embeddable":true,"href":"https:\/\/vieassociative.be\/actualites\/wp-json\/wp\/v2\/tags?post=10257"}],"curies":[{"name":"wp","href":"https:\/\/api.w.org\/{rel}","templated":true}]}}