{"id":10255,"date":"2025-09-25T22:17:13","date_gmt":"2025-09-25T20:17:13","guid":{"rendered":"https:\/\/vieassociative.be\/actualites\/tchamba-telecom-plus-de-puissance-pour-internet-et-telephone-portable\/"},"modified":"2025-09-25T22:17:13","modified_gmt":"2025-09-25T20:17:13","slug":"tchamba-telecom-plus-de-puissance-pour-internet-et-telephone-portable","status":"publish","type":"post","link":"https:\/\/vieassociative.be\/actualites\/tchamba-telecom-plus-de-puissance-pour-internet-et-telephone-portable\/","title":{"rendered":"Tchamba T\u00e9l\u00e9com: plus de puissance pour Internet et t\u00e9l\u00e9phone portable"},"content":{"rendered":"<p><strong>Fin des contrats de t\u00e9l\u00e9phone portable \u00e0 Internet lent et cher: Tchamba Telecom pr\u00e9sente trois meilleures offres pour les communications Internet et mobiles &#8211; les performances compl\u00e8tes \u00e0 des prix \u00e9quitables. Gr\u00e2ce \u00e0 la forte infrastructure Proximus, les clients b\u00e9n\u00e9ficient de la plus haute qualit\u00e9 et de la plus grande vitesse en Belgique.<\/strong><\/p>\n<p><span id=\"more-425317\"><\/span>\u00ab\u00a0Nous voulons que nos clients ne surfent pas seulement rapidement et de mani\u00e8re fiable, mais aussi obtenir des prix \u00e9quitables et des services personnels &#8211; sans co\u00fbts cach\u00e9s\u00a0\u00bb, souligne S\u00e9bastien Semaille, directeur g\u00e9n\u00e9ral de Tchamba Telecom.<\/p>\n<p>\ud83d\ude80 <strong>Tout-in-tout dans un<\/strong><\/p>\n<p>Internet illimit\u00e9 \u00e0 vitesse maximale et 1 000 minutes gratuites dans 80 pays &#8211; le tout dans un paquet.<\/p>\n<ul>\n<li style=\"list-style-type: none;\">\n<ul>\n<li>Fritzbox pour seulement 1 \u20ac<\/li>\n<li>Real Download Unlimited<\/li>\n<li>Appels gratuits 24h \/ 24<br \/>\n\ud83d\udcb0 <strong>55,95 \u20ac \/ mois<\/strong><\/li>\n<\/ul>\n<\/li>\n<\/ul>\n<p>\u26a1 <strong>Uniquement Internet &#8211; rapide. \u00c9curie. Sans stress.<\/strong><\/p>\n<p>Pour tous ceux qui ne veulent que le meilleur Internet:<\/p>\n<ul>\n<li style=\"list-style-type: none;\">\n<ul>\n<li>Jusqu&rsquo;\u00e0 100 Mbit \/ s<\/li>\n<li>Volume de donn\u00e9es illimit\u00e9<\/li>\n<li>Fritzbox pour 1 \u20ac<br \/>\n\ud83d\udcb0 <strong>39,95 \u20ac \/ mois<\/strong><\/li>\n<\/ul>\n<\/li>\n<\/ul>\n<p>\ud83d\udcf1 <strong>Mobile &#8211; votre tarif, votre rythme<\/strong><\/p>\n<p>Depuis <strong>Mini<\/strong> (8 Go pour seulement 9,99 \u20ac) \u00e0 <strong>Tr\u00e8s grand<\/strong> (Volume de donn\u00e9es illimit\u00e9 pour seulement 46,99 \u20ac) &#8211; Tous les tarifs avec t\u00e9l\u00e9phonie et SMS illimit\u00e9s en Belgique, dans le r\u00e9seau Fast 5G.<br \/>\nFacultatif: Package UE pour des discussions illimit\u00e9es \u00e0 l&rsquo;\u00e9tranger.<\/p>\n<p><strong>Les avantages en un coup d&rsquo;\u0153il:<\/strong><\/p>\n<ul>\n<li style=\"list-style-type: none;\">\n<ul>\n<li>Performances solides gr\u00e2ce au r\u00e9seau Proximus<\/li>\n<li>P\u00e9riodes de contrat \u00e9quitables \u00e0 partir de 6 mois<\/li>\n<li>Prix \u200b\u200btransparents &#8211; pas de co\u00fbts cach\u00e9s<\/li>\n<li>Service personnel directement dans Eupen<\/li>\n<\/ul>\n<\/li>\n<\/ul>\n<p><strong>Appuyez sur Contact et les demandes des clients:<\/strong><\/p>\n<p>Tchamba Telecom &#8211; Votre partenaire pour Internet et les communications mobiles<br \/>\n\ud83d\udccd Herbestheer Stra\u00dfe 321, B-4700 Eupen<br \/>\n\ud83d\udcde 087 49 00 36<br \/>\n\ud83d\udce7 <u>info@tchamba.be<\/u><\/p>\n<p>\ud83c\udf10 <u>www.tchamba.be<\/u><\/p>\n<div id=\"attachment_425366\" class=\"wp-caption alignleft\" style=\"max-width: 300px\"><img fetchpriority=\"high\" decoding=\"async\" class=\"wp-image-425366 size-medium\" src=\"https:\/\/vieassociative.be\/actualites\/wp-content\/uploads\/2025\/09\/Tchamba-Telecom-plus-de-puissance-pour-Internet-et-telephone-portable.jpg\" alt=\"\" width=\"300\" height=\"200\"><\/div>\n","protected":false},"excerpt":{"rendered":"<p>Fin des contrats de t\u00e9l\u00e9phone portable \u00e0 Internet lent et cher: Tchamba Telecom pr\u00e9sente trois meilleures offres pour les communications Internet et mobiles &#8211; les<\/p>\n","protected":false},"author":1,"featured_media":10256,"comment_status":"","ping_status":"","sticky":false,"template":"","format":"standard","meta":{"footnotes":""},"categories":[298],"tags":[4066,170,81,6686,3768,6052,542],"class_list":["post-10255","post","type-post","status-publish","format-standard","has-post-thumbnail","hentry","category-belgique","tag-internet","tag-portable","tag-pour","tag-puissance","tag-tchamba","tag-telecom","tag-telephone","generate-columns","tablet-grid-50","mobile-grid-100","grid-parent","grid-33"],"yoast_head":"<!-- This site is optimized with the Yoast SEO plugin v24.0 - https:\/\/yoast.com\/wordpress\/plugins\/seo\/ -->\n<title>Tchamba T\u00e9l\u00e9com: plus de puissance pour Internet et t\u00e9l\u00e9phone portable | Vie Associative<\/title>\n<meta name=\"robots\" content=\"index, follow, max-snippet:-1, max-image-preview:large, max-video-preview:-1\" \/>\n<link rel=\"canonical\" href=\"https:\/\/vieassociative.be\/actualites\/tchamba-telecom-plus-de-puissance-pour-internet-et-telephone-portable\/\" \/>\n<meta property=\"og:locale\" content=\"fr_FR\" \/>\n<meta property=\"og:type\" content=\"article\" \/>\n<meta property=\"og:title\" content=\"Tchamba T\u00e9l\u00e9com: plus de puissance pour Internet et t\u00e9l\u00e9phone portable | Vie Associative\" \/>\n<meta property=\"og:description\" content=\"Fin des contrats de t\u00e9l\u00e9phone portable \u00e0 Internet lent et cher: Tchamba Telecom pr\u00e9sente trois meilleures offres pour les communications Internet et mobiles &#8211; les\" \/>\n<meta property=\"og:url\" content=\"https:\/\/vieassociative.be\/actualites\/tchamba-telecom-plus-de-puissance-pour-internet-et-telephone-portable\/\" \/>\n<meta property=\"og:site_name\" content=\"Vie Associative\" \/>\n<meta property=\"article:published_time\" content=\"2025-09-25T20:17:13+00:00\" \/>\n<meta property=\"og:image\" content=\"https:\/\/vieassociative.be\/actualites\/wp-content\/uploads\/2024\/09\/header_backgroundk-01-e1726694325946.png\" \/>\n\t<meta property=\"og:image:width\" content=\"279\" \/>\n\t<meta property=\"og:image:height\" content=\"92\" \/>\n\t<meta property=\"og:image:type\" content=\"image\/png\" \/>\n<meta name=\"author\" content=\"Julien\" \/>\n<meta name=\"twitter:card\" content=\"summary_large_image\" \/>\n<meta name=\"twitter:label1\" content=\"\u00c9crit par\" \/>\n\t<meta name=\"twitter:data1\" content=\"Julien\" \/>\n\t<meta name=\"twitter:label2\" content=\"Dur\u00e9e de lecture est.\" \/>\n\t<meta name=\"twitter:data2\" content=\"1 minute\" \/>\n<script type=\"application\/ld+json\" class=\"yoast-schema-graph\">{\"@context\":\"https:\/\/schema.org\",\"@graph\":[{\"@type\":\"Article\",\"@id\":\"https:\/\/vieassociative.be\/actualites\/tchamba-telecom-plus-de-puissance-pour-internet-et-telephone-portable\/#article\",\"isPartOf\":{\"@id\":\"https:\/\/vieassociative.be\/actualites\/tchamba-telecom-plus-de-puissance-pour-internet-et-telephone-portable\/\"},\"author\":{\"name\":\"Julien\",\"@id\":\"https:\/\/vieassociative.be\/actualites\/#\/schema\/person\/b87ac4f82f9d4e7b7cec7395b679edc4\"},\"headline\":\"Tchamba T\u00e9l\u00e9com: plus de puissance pour Internet et t\u00e9l\u00e9phone portable\",\"datePublished\":\"2025-09-25T20:17:13+00:00\",\"dateModified\":\"2025-09-25T20:17:13+00:00\",\"mainEntityOfPage\":{\"@id\":\"https:\/\/vieassociative.be\/actualites\/tchamba-telecom-plus-de-puissance-pour-internet-et-telephone-portable\/\"},\"wordCount\":287,\"publisher\":{\"@id\":\"https:\/\/vieassociative.be\/actualites\/#organization\"},\"image\":{\"@id\":\"https:\/\/vieassociative.be\/actualites\/tchamba-telecom-plus-de-puissance-pour-internet-et-telephone-portable\/#primaryimage\"},\"thumbnailUrl\":\"https:\/\/vieassociative.be\/actualites\/wp-content\/uploads\/2025\/09\/1758831434_Tchamba-Telecom-plus-de-puissance-pour-Internet-et-telephone-portable.jpg\",\"keywords\":[\"Internet\",\"portable\",\"pour\",\"puissance\",\"TCHAMBA\",\"T\u00e9l\u00e9com\",\"t\u00e9l\u00e9phone\"],\"articleSection\":[\"Belgique\"],\"inLanguage\":\"fr-BE\"},{\"@type\":\"WebPage\",\"@id\":\"https:\/\/vieassociative.be\/actualites\/tchamba-telecom-plus-de-puissance-pour-internet-et-telephone-portable\/\",\"url\":\"https:\/\/vieassociative.be\/actualites\/tchamba-telecom-plus-de-puissance-pour-internet-et-telephone-portable\/\",\"name\":\"Tchamba T\u00e9l\u00e9com: plus de puissance pour Internet et t\u00e9l\u00e9phone portable | Vie Associative\",\"isPartOf\":{\"@id\":\"https:\/\/vieassociative.be\/actualites\/#website\"},\"primaryImageOfPage\":{\"@id\":\"https:\/\/vieassociative.be\/actualites\/tchamba-telecom-plus-de-puissance-pour-internet-et-telephone-portable\/#primaryimage\"},\"image\":{\"@id\":\"https:\/\/vieassociative.be\/actualites\/tchamba-telecom-plus-de-puissance-pour-internet-et-telephone-portable\/#primaryimage\"},\"thumbnailUrl\":\"https:\/\/vieassociative.be\/actualites\/wp-content\/uploads\/2025\/09\/1758831434_Tchamba-Telecom-plus-de-puissance-pour-Internet-et-telephone-portable.jpg\",\"datePublished\":\"2025-09-25T20:17:13+00:00\",\"dateModified\":\"2025-09-25T20:17:13+00:00\",\"breadcrumb\":{\"@id\":\"https:\/\/vieassociative.be\/actualites\/tchamba-telecom-plus-de-puissance-pour-internet-et-telephone-portable\/#breadcrumb\"},\"inLanguage\":\"fr-BE\",\"potentialAction\":[{\"@type\":\"ReadAction\",\"target\":[\"https:\/\/vieassociative.be\/actualites\/tchamba-telecom-plus-de-puissance-pour-internet-et-telephone-portable\/\"]}]},{\"@type\":\"ImageObject\",\"inLanguage\":\"fr-BE\",\"@id\":\"https:\/\/vieassociative.be\/actualites\/tchamba-telecom-plus-de-puissance-pour-internet-et-telephone-portable\/#primaryimage\",\"url\":\"https:\/\/vieassociative.be\/actualites\/wp-content\/uploads\/2025\/09\/1758831434_Tchamba-Telecom-plus-de-puissance-pour-Internet-et-telephone-portable.jpg\",\"contentUrl\":\"https:\/\/vieassociative.be\/actualites\/wp-content\/uploads\/2025\/09\/1758831434_Tchamba-Telecom-plus-de-puissance-pour-Internet-et-telephone-portable.jpg\",\"width\":1200,\"height\":795,\"caption\":\"Tchamba T\u00e9l\u00e9com: plus de puissance pour Internet et t\u00e9l\u00e9phone portable\"},{\"@type\":\"BreadcrumbList\",\"@id\":\"https:\/\/vieassociative.be\/actualites\/tchamba-telecom-plus-de-puissance-pour-internet-et-telephone-portable\/#breadcrumb\",\"itemListElement\":[{\"@type\":\"ListItem\",\"position\":1,\"name\":\"Accueil\",\"item\":\"https:\/\/vieassociative.be\/actualites\/\"},{\"@type\":\"ListItem\",\"position\":2,\"name\":\"Tchamba T\u00e9l\u00e9com: plus de puissance pour Internet et t\u00e9l\u00e9phone portable\"}]},{\"@type\":\"WebSite\",\"@id\":\"https:\/\/vieassociative.be\/actualites\/#website\",\"url\":\"https:\/\/vieassociative.be\/actualites\/\",\"name\":\"Vie Associative\",\"description\":\"\",\"publisher\":{\"@id\":\"https:\/\/vieassociative.be\/actualites\/#organization\"},\"potentialAction\":[{\"@type\":\"SearchAction\",\"target\":{\"@type\":\"EntryPoint\",\"urlTemplate\":\"https:\/\/vieassociative.be\/actualites\/?s={search_term_string}\"},\"query-input\":{\"@type\":\"PropertyValueSpecification\",\"valueRequired\":true,\"valueName\":\"search_term_string\"}}],\"inLanguage\":\"fr-BE\"},{\"@type\":\"Organization\",\"@id\":\"https:\/\/vieassociative.be\/actualites\/#organization\",\"name\":\"Vie Associative\",\"url\":\"https:\/\/vieassociative.be\/actualites\/\",\"logo\":{\"@type\":\"ImageObject\",\"inLanguage\":\"fr-BE\",\"@id\":\"https:\/\/vieassociative.be\/actualites\/#\/schema\/logo\/image\/\",\"url\":\"https:\/\/vieassociative.be\/actualites\/wp-content\/uploads\/2024\/09\/cropped-vieassociative_favicon.ico.png\",\"contentUrl\":\"https:\/\/vieassociative.be\/actualites\/wp-content\/uploads\/2024\/09\/cropped-vieassociative_favicon.ico.png\",\"width\":512,\"height\":512,\"caption\":\"Vie Associative\"},\"image\":{\"@id\":\"https:\/\/vieassociative.be\/actualites\/#\/schema\/logo\/image\/\"}},{\"@type\":\"Person\",\"@id\":\"https:\/\/vieassociative.be\/actualites\/#\/schema\/person\/b87ac4f82f9d4e7b7cec7395b679edc4\",\"name\":\"Julien\",\"image\":{\"@type\":\"ImageObject\",\"inLanguage\":\"fr-BE\",\"@id\":\"https:\/\/vieassociative.be\/actualites\/#\/schema\/person\/image\/\",\"url\":\"https:\/\/vieassociative.be\/actualites\/wp-content\/uploads\/2024\/09\/vie-associative-1-150x150.jpg\",\"contentUrl\":\"https:\/\/vieassociative.be\/actualites\/wp-content\/uploads\/2024\/09\/vie-associative-1-150x150.jpg\",\"caption\":\"Julien\"},\"description\":\"Je suis Julien, r\u00e9dacteur pour Vie Associative. Passionn\u00e9 par le monde associatif depuis plus de 10 ans, j'ai \u00e0 c\u0153ur de partager des histoires inspirantes et de mettre en lumi\u00e8re les initiatives locales. Mon objectif est de sensibiliser et d'encourager l'engagement communautaire \u00e0 travers mes articles.\",\"sameAs\":[\"https:\/\/vieassociative.be\/\"]}]}<\/script>\n<!-- \/ Yoast SEO plugin. -->","yoast_head_json":{"title":"Tchamba T\u00e9l\u00e9com: plus de puissance pour Internet et t\u00e9l\u00e9phone portable | Vie Associative","robots":{"index":"index","follow":"follow","max-snippet":"max-snippet:-1","max-image-preview":"max-image-preview:large","max-video-preview":"max-video-preview:-1"},"canonical":"https:\/\/vieassociative.be\/actualites\/tchamba-telecom-plus-de-puissance-pour-internet-et-telephone-portable\/","og_locale":"fr_FR","og_type":"article","og_title":"Tchamba T\u00e9l\u00e9com: plus de puissance pour Internet et t\u00e9l\u00e9phone portable | Vie Associative","og_description":"Fin des contrats de t\u00e9l\u00e9phone portable \u00e0 Internet lent et cher: Tchamba Telecom pr\u00e9sente trois meilleures offres pour les communications Internet et mobiles &#8211; les","og_url":"https:\/\/vieassociative.be\/actualites\/tchamba-telecom-plus-de-puissance-pour-internet-et-telephone-portable\/","og_site_name":"Vie Associative","article_published_time":"2025-09-25T20:17:13+00:00","og_image":[{"width":279,"height":92,"url":"https:\/\/vieassociative.be\/actualites\/wp-content\/uploads\/2024\/09\/header_backgroundk-01-e1726694325946.png","type":"image\/png"}],"author":"Julien","twitter_card":"summary_large_image","twitter_misc":{"\u00c9crit par":"Julien","Dur\u00e9e de lecture est.":"1 minute"},"schema":{"@context":"https:\/\/schema.org","@graph":[{"@type":"Article","@id":"https:\/\/vieassociative.be\/actualites\/tchamba-telecom-plus-de-puissance-pour-internet-et-telephone-portable\/#article","isPartOf":{"@id":"https:\/\/vieassociative.be\/actualites\/tchamba-telecom-plus-de-puissance-pour-internet-et-telephone-portable\/"},"author":{"name":"Julien","@id":"https:\/\/vieassociative.be\/actualites\/#\/schema\/person\/b87ac4f82f9d4e7b7cec7395b679edc4"},"headline":"Tchamba T\u00e9l\u00e9com: plus de puissance pour Internet et t\u00e9l\u00e9phone portable","datePublished":"2025-09-25T20:17:13+00:00","dateModified":"2025-09-25T20:17:13+00:00","mainEntityOfPage":{"@id":"https:\/\/vieassociative.be\/actualites\/tchamba-telecom-plus-de-puissance-pour-internet-et-telephone-portable\/"},"wordCount":287,"publisher":{"@id":"https:\/\/vieassociative.be\/actualites\/#organization"},"image":{"@id":"https:\/\/vieassociative.be\/actualites\/tchamba-telecom-plus-de-puissance-pour-internet-et-telephone-portable\/#primaryimage"},"thumbnailUrl":"https:\/\/vieassociative.be\/actualites\/wp-content\/uploads\/2025\/09\/1758831434_Tchamba-Telecom-plus-de-puissance-pour-Internet-et-telephone-portable.jpg","keywords":["Internet","portable","pour","puissance","TCHAMBA","T\u00e9l\u00e9com","t\u00e9l\u00e9phone"],"articleSection":["Belgique"],"inLanguage":"fr-BE"},{"@type":"WebPage","@id":"https:\/\/vieassociative.be\/actualites\/tchamba-telecom-plus-de-puissance-pour-internet-et-telephone-portable\/","url":"https:\/\/vieassociative.be\/actualites\/tchamba-telecom-plus-de-puissance-pour-internet-et-telephone-portable\/","name":"Tchamba T\u00e9l\u00e9com: plus de puissance pour Internet et t\u00e9l\u00e9phone portable | Vie Associative","isPartOf":{"@id":"https:\/\/vieassociative.be\/actualites\/#website"},"primaryImageOfPage":{"@id":"https:\/\/vieassociative.be\/actualites\/tchamba-telecom-plus-de-puissance-pour-internet-et-telephone-portable\/#primaryimage"},"image":{"@id":"https:\/\/vieassociative.be\/actualites\/tchamba-telecom-plus-de-puissance-pour-internet-et-telephone-portable\/#primaryimage"},"thumbnailUrl":"https:\/\/vieassociative.be\/actualites\/wp-content\/uploads\/2025\/09\/1758831434_Tchamba-Telecom-plus-de-puissance-pour-Internet-et-telephone-portable.jpg","datePublished":"2025-09-25T20:17:13+00:00","dateModified":"2025-09-25T20:17:13+00:00","breadcrumb":{"@id":"https:\/\/vieassociative.be\/actualites\/tchamba-telecom-plus-de-puissance-pour-internet-et-telephone-portable\/#breadcrumb"},"inLanguage":"fr-BE","potentialAction":[{"@type":"ReadAction","target":["https:\/\/vieassociative.be\/actualites\/tchamba-telecom-plus-de-puissance-pour-internet-et-telephone-portable\/"]}]},{"@type":"ImageObject","inLanguage":"fr-BE","@id":"https:\/\/vieassociative.be\/actualites\/tchamba-telecom-plus-de-puissance-pour-internet-et-telephone-portable\/#primaryimage","url":"https:\/\/vieassociative.be\/actualites\/wp-content\/uploads\/2025\/09\/1758831434_Tchamba-Telecom-plus-de-puissance-pour-Internet-et-telephone-portable.jpg","contentUrl":"https:\/\/vieassociative.be\/actualites\/wp-content\/uploads\/2025\/09\/1758831434_Tchamba-Telecom-plus-de-puissance-pour-Internet-et-telephone-portable.jpg","width":1200,"height":795,"caption":"Tchamba T\u00e9l\u00e9com: plus de puissance pour Internet et t\u00e9l\u00e9phone portable"},{"@type":"BreadcrumbList","@id":"https:\/\/vieassociative.be\/actualites\/tchamba-telecom-plus-de-puissance-pour-internet-et-telephone-portable\/#breadcrumb","itemListElement":[{"@type":"ListItem","position":1,"name":"Accueil","item":"https:\/\/vieassociative.be\/actualites\/"},{"@type":"ListItem","position":2,"name":"Tchamba T\u00e9l\u00e9com: plus de puissance pour Internet et t\u00e9l\u00e9phone portable"}]},{"@type":"WebSite","@id":"https:\/\/vieassociative.be\/actualites\/#website","url":"https:\/\/vieassociative.be\/actualites\/","name":"Vie Associative","description":"","publisher":{"@id":"https:\/\/vieassociative.be\/actualites\/#organization"},"potentialAction":[{"@type":"SearchAction","target":{"@type":"EntryPoint","urlTemplate":"https:\/\/vieassociative.be\/actualites\/?s={search_term_string}"},"query-input":{"@type":"PropertyValueSpecification","valueRequired":true,"valueName":"search_term_string"}}],"inLanguage":"fr-BE"},{"@type":"Organization","@id":"https:\/\/vieassociative.be\/actualites\/#organization","name":"Vie Associative","url":"https:\/\/vieassociative.be\/actualites\/","logo":{"@type":"ImageObject","inLanguage":"fr-BE","@id":"https:\/\/vieassociative.be\/actualites\/#\/schema\/logo\/image\/","url":"https:\/\/vieassociative.be\/actualites\/wp-content\/uploads\/2024\/09\/cropped-vieassociative_favicon.ico.png","contentUrl":"https:\/\/vieassociative.be\/actualites\/wp-content\/uploads\/2024\/09\/cropped-vieassociative_favicon.ico.png","width":512,"height":512,"caption":"Vie Associative"},"image":{"@id":"https:\/\/vieassociative.be\/actualites\/#\/schema\/logo\/image\/"}},{"@type":"Person","@id":"https:\/\/vieassociative.be\/actualites\/#\/schema\/person\/b87ac4f82f9d4e7b7cec7395b679edc4","name":"Julien","image":{"@type":"ImageObject","inLanguage":"fr-BE","@id":"https:\/\/vieassociative.be\/actualites\/#\/schema\/person\/image\/","url":"https:\/\/vieassociative.be\/actualites\/wp-content\/uploads\/2024\/09\/vie-associative-1-150x150.jpg","contentUrl":"https:\/\/vieassociative.be\/actualites\/wp-content\/uploads\/2024\/09\/vie-associative-1-150x150.jpg","caption":"Julien"},"description":"Je suis Julien, r\u00e9dacteur pour Vie Associative. Passionn\u00e9 par le monde associatif depuis plus de 10 ans, j'ai \u00e0 c\u0153ur de partager des histoires inspirantes et de mettre en lumi\u00e8re les initiatives locales. Mon objectif est de sensibiliser et d'encourager l'engagement communautaire \u00e0 travers mes articles.","sameAs":["https:\/\/vieassociative.be\/"]}]}},"_links":{"self":[{"href":"https:\/\/vieassociative.be\/actualites\/wp-json\/wp\/v2\/posts\/10255"}],"collection":[{"href":"https:\/\/vieassociative.be\/actualites\/wp-json\/wp\/v2\/posts"}],"about":[{"href":"https:\/\/vieassociative.be\/actualites\/wp-json\/wp\/v2\/types\/post"}],"author":[{"embeddable":true,"href":"https:\/\/vieassociative.be\/actualites\/wp-json\/wp\/v2\/users\/1"}],"replies":[{"embeddable":true,"href":"https:\/\/vieassociative.be\/actualites\/wp-json\/wp\/v2\/comments?post=10255"}],"version-history":[{"count":0,"href":"https:\/\/vieassociative.be\/actualites\/wp-json\/wp\/v2\/posts\/10255\/revisions"}],"wp:featuredmedia":[{"embeddable":true,"href":"https:\/\/vieassociative.be\/actualites\/wp-json\/wp\/v2\/media\/10256"}],"wp:attachment":[{"href":"https:\/\/vieassociative.be\/actualites\/wp-json\/wp\/v2\/media?parent=10255"}],"wp:term":[{"taxonomy":"category","embeddable":true,"href":"https:\/\/vieassociative.be\/actualites\/wp-json\/wp\/v2\/categories?post=10255"},{"taxonomy":"post_tag","embeddable":true,"href":"https:\/\/vieassociative.be\/actualites\/wp-json\/wp\/v2\/tags?post=10255"}],"curies":[{"name":"wp","href":"https:\/\/api.w.org\/{rel}","templated":true}]}}