{"id":10249,"date":"2025-09-25T16:17:37","date_gmt":"2025-09-25T14:17:37","guid":{"rendered":"https:\/\/vieassociative.be\/actualites\/france-lancien-president-sarkozy-doit-aller-en-prison\/"},"modified":"2025-09-25T16:17:37","modified_gmt":"2025-09-25T14:17:37","slug":"france-lancien-president-sarkozy-doit-aller-en-prison","status":"publish","type":"post","link":"https:\/\/vieassociative.be\/actualites\/france-lancien-president-sarkozy-doit-aller-en-prison\/","title":{"rendered":"France: l&rsquo;ancien pr\u00e9sident Sarkozy doit aller en prison"},"content":{"rendered":"<p><strong>Mis \u00e0 jour &#8211; Apr\u00e8s sa condamnation pour une peine de cinq ans de prison, a annonc\u00e9 l&rsquo;ancien pr\u00e9sident fran\u00e7ais Nicolas Sarkozy.<\/strong><\/p>\n<p><span id=\"more-425484\"><\/span>\u00ab\u00a0Je me battrai jusqu&rsquo;\u00e0 mon dernier souffle pour prouver mon innocence compl\u00e8te\u00a0\u00bb, a d\u00e9clar\u00e9 le conservateur de 70 ans. Bien s\u00fbr, il fera appel.<\/p>\n<p>Sarkozy a d\u00e9clar\u00e9 que le tribunal voulait le voir dormir en prison le plus t\u00f4t possible. \u00ab\u00a0Si vous voulez dormir en prison, je vais dormir en prison, mais avec une t\u00eate sur\u00e9lev\u00e9e. Je suis innocent. Cette injustice est un scandale.\u00a0\u00bb<\/p>\n<p>Sarkozy a \u00e9t\u00e9 condamn\u00e9 \u00e0 une peine de cinq ans de prison dans le processus de fonds pr\u00e9sum\u00e9s de la Libye pour sa campagne \u00e9lectorale pr\u00e9sidentielle de 2007. Le tribunal p\u00e9nal de Paris coupable de faire partie d&rsquo;une association p\u00e9nale. Il a \u00e9mis un mandat d&rsquo;arr\u00eat contre Sarkozy, qui, cependant, ne s&rsquo;applique pas imm\u00e9diatement. En cas de convocation, la date de la d\u00e9tention doit \u00eatre fix\u00e9e.<\/p>\n<div id=\"attachment_425488\" class=\"wp-caption alignleft\" style=\"max-width: 300px\"><img fetchpriority=\"high\" decoding=\"async\" class=\"wp-image-425488 size-medium\" src=\"https:\/\/vieassociative.be\/actualites\/wp-content\/uploads\/2025\/09\/France-lancien-president-Sarkozy-doit-aller-en-prison.jpg\" alt=\"\" width=\"300\" height=\"200\"><\/div>\n<p>En outre, le tribunal a prescrit une ex\u00e9cution pr\u00e9liminaire du jugement. Cela signifierait que Sarkozy devrait s&rsquo;occuper de m\u00eame s&rsquo;il fait appel. Un porte-parole du procureur n&rsquo;a pas pu dire peu de temps apr\u00e8s le jugement si Sarkozy pourrait \u00eatre sp\u00e9cifiquement contre ces mesures. En principe, les condamn\u00e9s qui sont de 70 ans ou plus peuvent demander en prison.<\/p>\n<p>Le juge pr\u00e9sident Nathalie Gavarino a parl\u00e9 d&rsquo;une \u00ab\u00a0gravit\u00e9 extraordinaire\u00a0\u00bb du crime. \u00abAssociation p\u00e9nale\u00bb comprend le droit p\u00e9nal fran\u00e7ais un groupe ou un accord, qui a \u00e9t\u00e9 fa\u00e7onn\u00e9 ou ferm\u00e9 dans le but de pr\u00e9parer au moins une infraction p\u00e9nale qui est plus de cinq ans de prison. D&rsquo;un autre c\u00f4t\u00e9, le tribunal de Sarkozy a acquitt\u00e9 les all\u00e9gations de corruption et de financement de campagne ill\u00e9gal.<\/p>\n<p><strong>&#8211; Accusation du pacte de corruption Sarkozy accus\u00e9 avec Kadhafi:<\/strong> L&rsquo;affaire Libye concerne l&rsquo;accusation selon laquelle la campagne \u00e9lectorale pr\u00e9sidentielle de Sarkozy en 2007 aurait coul\u00e9 ill\u00e9galement de la direction du souverain libyen Mouammar Kadhafi de l&rsquo;\u00e9poque. Un t\u00e9moin a d\u00e9clar\u00e9 en 2016 qu&rsquo;il avait pr\u00e9sent\u00e9 plusieurs affaires pr\u00e9par\u00e9es en Libye au minist\u00e8re de Paris de Paris \u00e0 la fin de 2006 ou au d\u00e9but de 2007, qui a ensuite \u00e9t\u00e9 dirig\u00e9e par Sarkozy. Selon l&rsquo;acte d&rsquo;accusation, le dernier pr\u00e9sident a conclu un pacte de corruption avec Kadhafi. Les Sarkozys familiers auraient enfil\u00e9 les flux d&rsquo;argent pr\u00e9sum\u00e9s par le biais des interm\u00e9diaires.<\/p>\n<p>En plus de l&rsquo;ancien chef de l&rsquo;\u00c9tat, douze autres personnes ont \u00e9t\u00e9 inculp\u00e9es du processus politiquement explosif &#8211; dont trois anciens ministres.<\/p>\n<\/p>\n<div id=\"attachment_279393\" class=\"wp-caption alignleft\" style=\"max-width: 300px\"><img decoding=\"async\" class=\"wp-image-279393 size-medium\" src=\"https:\/\/vieassociative.be\/actualites\/wp-content\/uploads\/2025\/02\/Lex-president-de-la-France-Sarkozy-obtient-un-pied.jpeg\" alt=\"\" width=\"300\" height=\"200\"><\/div>\n<p>Le tribunal a conclu qu&rsquo;il n&rsquo;y avait aucune preuve de financement de campagne ill\u00e9gal de la Libye. De nombreuses d\u00e9clarations \u00e0 ce sujet \u00e9taient contradictoires et non utilis\u00e9es par la Cour. La soumission pr\u00e9sum\u00e9e de millions de sommes dans les valises n&rsquo;est pas du tout non d\u00e9tectable.<\/p>\n<p>L&rsquo;acte d&rsquo;accusation avait demand\u00e9 sept ans de prison et une amende de 300 000 euros pour l&rsquo;ancien espoir des droits bourgeois de France. Elle a vu un certain nombre de consid\u00e9rations possibles pour l&rsquo;aide \u00e0 la campagne libyenne. Le Kadhafi, autrefois plut\u00f4t isol\u00e9 sur une sc\u00e8ne internationale, a re\u00e7u Sarkozy fin 2007 avec un honneur militaire dans le palais de l&rsquo;\u00c9lys\u00e9e. Les efforts auraient \u00e9galement \u00e9t\u00e9 perspectives de lever le mandat d&rsquo;arr\u00eat contre le fr\u00e8re de Kadhafi-dans Abdallah Senoussi. Senoussi \u00e9tait coupable d&rsquo;un avion fran\u00e7ais avec 170 morts \u00e0 Paris en tant que personne principale responsable d&rsquo;une attaque terroriste contre un avion fran\u00e7ais. Les activit\u00e9s \u00e9conomiques ont \u00e9galement dirig\u00e9 l&rsquo;acte d&rsquo;accusation.<\/p>\n<p><strong>&#8211; La proc\u00e9dure concernait des r\u00e9unions secr\u00e8tes et des inscriptions intimes:<\/strong> Le processus de mammouth \u00e0 trois mois a suivi plus de dix ans d&rsquo;enqu\u00eate. Les enqu\u00eates ont commenc\u00e9 apr\u00e8s que la famille de Kadhafi lui-m\u00eame a affirm\u00e9 avoir financ\u00e9 la campagne \u00e9lectorale conservatrice. Le processus spectaculaire a ensuite trait\u00e9 des r\u00e9unions secr\u00e8tes inqui\u00e9tantes et des entr\u00e9es de journal d&rsquo;un confidante Kadhafi.<\/p>\n<p><strong>&#8211; Sarkozy se bat avec le pouvoir judiciaire depuis des ann\u00e9es:<\/strong> Pour Sarkozy, le verdict est une nouvelle d\u00e9faite dans une lutte avec le pouvoir judiciaire qui se d\u00e9roule depuis des ann\u00e9es, m\u00eame s&rsquo;il a \u00e9t\u00e9 acquitt\u00e9 des accusations centrales.<\/p>\n<div id=\"attachment_425489\" class=\"wp-caption alignleft\" style=\"max-width: 300px\"><img decoding=\"async\" class=\"wp-image-425489 size-medium\" src=\"https:\/\/vieassociative.be\/actualites\/wp-content\/uploads\/2025\/09\/1758809857_717_France-lancien-president-Sarkozy-doit-aller-en-prison.jpg\" alt=\"\" width=\"300\" height=\"196\"><\/div>\n<p>Il avait d\u00e9j\u00e0 \u00e9t\u00e9 condamn\u00e9 dans deux autres cas. En raison de la corruption et de l&rsquo;influence non autoris\u00e9e, l&rsquo;ancien pr\u00e9sident a d\u00fb porter une vantardise pendant trois bons mois et n&rsquo;a \u00e9t\u00e9 autoris\u00e9 \u00e0 quitter sa maison pendant la journ\u00e9e. La peine de prison \u00e0 un an \u00e0 la maison avec la caution de la cheville a maintenant \u00e9t\u00e9 suspendue en raison de l&rsquo;\u00e2ge de Sarkozy. Cependant, les exigences s&rsquo;appliquent toujours. Le jugement &#8211; trois ans de prison, dont deux en probation &#8211; \u00e9tait sans pr\u00e9c\u00e9dent pour un ancien chef d&rsquo;\u00c9tat de l&rsquo;histoire fran\u00e7aise r\u00e9cente.<\/p>\n<p>\u00c9galement en raison des co\u00fbts de campagne excessifs pour sa campagne finalement \u00e9chou\u00e9e pour les \u00e9lections de r\u00e9f\u00e9rence en 2012, une cour d&rsquo;appel l&rsquo;a condamn\u00e9 \u00e0 une peine de prison d&rsquo;un an en f\u00e9vrier 2024, six mois en probation. L&rsquo;ancienne figure de leadership des conservateurs fran\u00e7ais a \u00e9t\u00e9 r\u00e9vis\u00e9e, car ces all\u00e9gations nient \u00e9galement Sarkozy.<\/p>\n<p>Le mandat de Sarkozy dans le palais de l&rsquo;\u00c9lys\u00e9e de 2007 \u00e0 2012 a d\u00e9j\u00e0 \u00e9t\u00e9 fa\u00e7onn\u00e9 par des affaires pour des amis riches, du n\u00e9potisme et des membres excessifs du gouvernement. Il a perdu les \u00e9lections de 2012 en tant que titulaire contre le socialiste Fran\u00e7ois Hollande. Cinq ans plus tard, il a \u00e9chou\u00e9 dans le processus de s\u00e9lection interne du parti. Malgr\u00e9 son obstacle juridique et sans bureaux, il est toujours consid\u00e9r\u00e9 comme une voix influente parmi les nombreux fans de la droite bourgeoise. (DPA)<\/p>\n","protected":false},"excerpt":{"rendered":"<p>Mis \u00e0 jour &#8211; Apr\u00e8s sa condamnation pour une peine de cinq ans de prison, a annonc\u00e9 l&rsquo;ancien pr\u00e9sident fran\u00e7ais Nicolas Sarkozy. \u00ab\u00a0Je me battrai<\/p>\n","protected":false},"author":1,"featured_media":10250,"comment_status":"","ping_status":"","sticky":false,"template":"","format":"standard","meta":{"footnotes":""},"categories":[298],"tags":[5436,2552,2444,4356,3075,4140,5238],"class_list":["post-10249","post","type-post","status-publish","format-standard","has-post-thumbnail","hentry","category-belgique","tag-aller","tag-doit","tag-france","tag-lancien","tag-president","tag-prison","tag-sarkozy","generate-columns","tablet-grid-50","mobile-grid-100","grid-parent","grid-33"],"yoast_head":"<!-- This site is optimized with the Yoast SEO plugin v24.0 - https:\/\/yoast.com\/wordpress\/plugins\/seo\/ -->\n<title>France: l&#039;ancien pr\u00e9sident Sarkozy doit aller en prison | Vie Associative<\/title>\n<meta name=\"robots\" content=\"index, follow, max-snippet:-1, max-image-preview:large, max-video-preview:-1\" \/>\n<link rel=\"canonical\" href=\"https:\/\/vieassociative.be\/actualites\/france-lancien-president-sarkozy-doit-aller-en-prison\/\" \/>\n<meta property=\"og:locale\" content=\"fr_FR\" \/>\n<meta property=\"og:type\" content=\"article\" \/>\n<meta property=\"og:title\" content=\"France: l&#039;ancien pr\u00e9sident Sarkozy doit aller en prison | Vie Associative\" \/>\n<meta property=\"og:description\" content=\"Mis \u00e0 jour &#8211; Apr\u00e8s sa condamnation pour une peine de cinq ans de prison, a annonc\u00e9 l&rsquo;ancien pr\u00e9sident fran\u00e7ais Nicolas Sarkozy. \u00ab\u00a0Je me battrai\" \/>\n<meta property=\"og:url\" content=\"https:\/\/vieassociative.be\/actualites\/france-lancien-president-sarkozy-doit-aller-en-prison\/\" \/>\n<meta property=\"og:site_name\" content=\"Vie Associative\" \/>\n<meta property=\"article:published_time\" content=\"2025-09-25T14:17:37+00:00\" \/>\n<meta property=\"og:image\" content=\"https:\/\/vieassociative.be\/actualites\/wp-content\/uploads\/2024\/09\/header_backgroundk-01-e1726694325946.png\" \/>\n\t<meta property=\"og:image:width\" content=\"279\" \/>\n\t<meta property=\"og:image:height\" content=\"92\" \/>\n\t<meta property=\"og:image:type\" content=\"image\/png\" \/>\n<meta name=\"author\" content=\"Julien\" \/>\n<meta name=\"twitter:card\" content=\"summary_large_image\" \/>\n<meta name=\"twitter:label1\" content=\"\u00c9crit par\" \/>\n\t<meta name=\"twitter:data1\" content=\"Julien\" \/>\n\t<meta name=\"twitter:label2\" content=\"Dur\u00e9e de lecture est.\" \/>\n\t<meta name=\"twitter:data2\" content=\"5 minutes\" \/>\n<script type=\"application\/ld+json\" class=\"yoast-schema-graph\">{\"@context\":\"https:\/\/schema.org\",\"@graph\":[{\"@type\":\"Article\",\"@id\":\"https:\/\/vieassociative.be\/actualites\/france-lancien-president-sarkozy-doit-aller-en-prison\/#article\",\"isPartOf\":{\"@id\":\"https:\/\/vieassociative.be\/actualites\/france-lancien-president-sarkozy-doit-aller-en-prison\/\"},\"author\":{\"name\":\"Julien\",\"@id\":\"https:\/\/vieassociative.be\/actualites\/#\/schema\/person\/b87ac4f82f9d4e7b7cec7395b679edc4\"},\"headline\":\"France: l&rsquo;ancien pr\u00e9sident Sarkozy doit aller en prison\",\"datePublished\":\"2025-09-25T14:17:37+00:00\",\"dateModified\":\"2025-09-25T14:17:37+00:00\",\"mainEntityOfPage\":{\"@id\":\"https:\/\/vieassociative.be\/actualites\/france-lancien-president-sarkozy-doit-aller-en-prison\/\"},\"wordCount\":1035,\"publisher\":{\"@id\":\"https:\/\/vieassociative.be\/actualites\/#organization\"},\"image\":{\"@id\":\"https:\/\/vieassociative.be\/actualites\/france-lancien-president-sarkozy-doit-aller-en-prison\/#primaryimage\"},\"thumbnailUrl\":\"https:\/\/vieassociative.be\/actualites\/wp-content\/uploads\/2025\/09\/1758809858_France-lancien-president-Sarkozy-doit-aller-en-prison.jpg\",\"keywords\":[\"aller\",\"doit\",\"France\",\"Lancien\",\"pr\u00e9sident\",\"prison\",\"Sarkozy\"],\"articleSection\":[\"Belgique\"],\"inLanguage\":\"fr-BE\"},{\"@type\":\"WebPage\",\"@id\":\"https:\/\/vieassociative.be\/actualites\/france-lancien-president-sarkozy-doit-aller-en-prison\/\",\"url\":\"https:\/\/vieassociative.be\/actualites\/france-lancien-president-sarkozy-doit-aller-en-prison\/\",\"name\":\"France: l'ancien pr\u00e9sident Sarkozy doit aller en prison | Vie Associative\",\"isPartOf\":{\"@id\":\"https:\/\/vieassociative.be\/actualites\/#website\"},\"primaryImageOfPage\":{\"@id\":\"https:\/\/vieassociative.be\/actualites\/france-lancien-president-sarkozy-doit-aller-en-prison\/#primaryimage\"},\"image\":{\"@id\":\"https:\/\/vieassociative.be\/actualites\/france-lancien-president-sarkozy-doit-aller-en-prison\/#primaryimage\"},\"thumbnailUrl\":\"https:\/\/vieassociative.be\/actualites\/wp-content\/uploads\/2025\/09\/1758809858_France-lancien-president-Sarkozy-doit-aller-en-prison.jpg\",\"datePublished\":\"2025-09-25T14:17:37+00:00\",\"dateModified\":\"2025-09-25T14:17:37+00:00\",\"breadcrumb\":{\"@id\":\"https:\/\/vieassociative.be\/actualites\/france-lancien-president-sarkozy-doit-aller-en-prison\/#breadcrumb\"},\"inLanguage\":\"fr-BE\",\"potentialAction\":[{\"@type\":\"ReadAction\",\"target\":[\"https:\/\/vieassociative.be\/actualites\/france-lancien-president-sarkozy-doit-aller-en-prison\/\"]}]},{\"@type\":\"ImageObject\",\"inLanguage\":\"fr-BE\",\"@id\":\"https:\/\/vieassociative.be\/actualites\/france-lancien-president-sarkozy-doit-aller-en-prison\/#primaryimage\",\"url\":\"https:\/\/vieassociative.be\/actualites\/wp-content\/uploads\/2025\/09\/1758809858_France-lancien-president-Sarkozy-doit-aller-en-prison.jpg\",\"contentUrl\":\"https:\/\/vieassociative.be\/actualites\/wp-content\/uploads\/2025\/09\/1758809858_France-lancien-president-Sarkozy-doit-aller-en-prison.jpg\",\"width\":1200,\"height\":800,\"caption\":\"France: l'ancien pr\u00e9sident Sarkozy doit aller en prison\"},{\"@type\":\"BreadcrumbList\",\"@id\":\"https:\/\/vieassociative.be\/actualites\/france-lancien-president-sarkozy-doit-aller-en-prison\/#breadcrumb\",\"itemListElement\":[{\"@type\":\"ListItem\",\"position\":1,\"name\":\"Accueil\",\"item\":\"https:\/\/vieassociative.be\/actualites\/\"},{\"@type\":\"ListItem\",\"position\":2,\"name\":\"France: l&rsquo;ancien pr\u00e9sident Sarkozy doit aller en prison\"}]},{\"@type\":\"WebSite\",\"@id\":\"https:\/\/vieassociative.be\/actualites\/#website\",\"url\":\"https:\/\/vieassociative.be\/actualites\/\",\"name\":\"Vie Associative\",\"description\":\"\",\"publisher\":{\"@id\":\"https:\/\/vieassociative.be\/actualites\/#organization\"},\"potentialAction\":[{\"@type\":\"SearchAction\",\"target\":{\"@type\":\"EntryPoint\",\"urlTemplate\":\"https:\/\/vieassociative.be\/actualites\/?s={search_term_string}\"},\"query-input\":{\"@type\":\"PropertyValueSpecification\",\"valueRequired\":true,\"valueName\":\"search_term_string\"}}],\"inLanguage\":\"fr-BE\"},{\"@type\":\"Organization\",\"@id\":\"https:\/\/vieassociative.be\/actualites\/#organization\",\"name\":\"Vie Associative\",\"url\":\"https:\/\/vieassociative.be\/actualites\/\",\"logo\":{\"@type\":\"ImageObject\",\"inLanguage\":\"fr-BE\",\"@id\":\"https:\/\/vieassociative.be\/actualites\/#\/schema\/logo\/image\/\",\"url\":\"https:\/\/vieassociative.be\/actualites\/wp-content\/uploads\/2024\/09\/cropped-vieassociative_favicon.ico.png\",\"contentUrl\":\"https:\/\/vieassociative.be\/actualites\/wp-content\/uploads\/2024\/09\/cropped-vieassociative_favicon.ico.png\",\"width\":512,\"height\":512,\"caption\":\"Vie Associative\"},\"image\":{\"@id\":\"https:\/\/vieassociative.be\/actualites\/#\/schema\/logo\/image\/\"}},{\"@type\":\"Person\",\"@id\":\"https:\/\/vieassociative.be\/actualites\/#\/schema\/person\/b87ac4f82f9d4e7b7cec7395b679edc4\",\"name\":\"Julien\",\"image\":{\"@type\":\"ImageObject\",\"inLanguage\":\"fr-BE\",\"@id\":\"https:\/\/vieassociative.be\/actualites\/#\/schema\/person\/image\/\",\"url\":\"https:\/\/vieassociative.be\/actualites\/wp-content\/uploads\/2024\/09\/vie-associative-1-150x150.jpg\",\"contentUrl\":\"https:\/\/vieassociative.be\/actualites\/wp-content\/uploads\/2024\/09\/vie-associative-1-150x150.jpg\",\"caption\":\"Julien\"},\"description\":\"Je suis Julien, r\u00e9dacteur pour Vie Associative. Passionn\u00e9 par le monde associatif depuis plus de 10 ans, j'ai \u00e0 c\u0153ur de partager des histoires inspirantes et de mettre en lumi\u00e8re les initiatives locales. Mon objectif est de sensibiliser et d'encourager l'engagement communautaire \u00e0 travers mes articles.\",\"sameAs\":[\"https:\/\/vieassociative.be\/\"]}]}<\/script>\n<!-- \/ Yoast SEO plugin. -->","yoast_head_json":{"title":"France: l'ancien pr\u00e9sident Sarkozy doit aller en prison | Vie Associative","robots":{"index":"index","follow":"follow","max-snippet":"max-snippet:-1","max-image-preview":"max-image-preview:large","max-video-preview":"max-video-preview:-1"},"canonical":"https:\/\/vieassociative.be\/actualites\/france-lancien-president-sarkozy-doit-aller-en-prison\/","og_locale":"fr_FR","og_type":"article","og_title":"France: l'ancien pr\u00e9sident Sarkozy doit aller en prison | Vie Associative","og_description":"Mis \u00e0 jour &#8211; Apr\u00e8s sa condamnation pour une peine de cinq ans de prison, a annonc\u00e9 l&rsquo;ancien pr\u00e9sident fran\u00e7ais Nicolas Sarkozy. \u00ab\u00a0Je me battrai","og_url":"https:\/\/vieassociative.be\/actualites\/france-lancien-president-sarkozy-doit-aller-en-prison\/","og_site_name":"Vie Associative","article_published_time":"2025-09-25T14:17:37+00:00","og_image":[{"width":279,"height":92,"url":"https:\/\/vieassociative.be\/actualites\/wp-content\/uploads\/2024\/09\/header_backgroundk-01-e1726694325946.png","type":"image\/png"}],"author":"Julien","twitter_card":"summary_large_image","twitter_misc":{"\u00c9crit par":"Julien","Dur\u00e9e de lecture est.":"5 minutes"},"schema":{"@context":"https:\/\/schema.org","@graph":[{"@type":"Article","@id":"https:\/\/vieassociative.be\/actualites\/france-lancien-president-sarkozy-doit-aller-en-prison\/#article","isPartOf":{"@id":"https:\/\/vieassociative.be\/actualites\/france-lancien-president-sarkozy-doit-aller-en-prison\/"},"author":{"name":"Julien","@id":"https:\/\/vieassociative.be\/actualites\/#\/schema\/person\/b87ac4f82f9d4e7b7cec7395b679edc4"},"headline":"France: l&rsquo;ancien pr\u00e9sident Sarkozy doit aller en prison","datePublished":"2025-09-25T14:17:37+00:00","dateModified":"2025-09-25T14:17:37+00:00","mainEntityOfPage":{"@id":"https:\/\/vieassociative.be\/actualites\/france-lancien-president-sarkozy-doit-aller-en-prison\/"},"wordCount":1035,"publisher":{"@id":"https:\/\/vieassociative.be\/actualites\/#organization"},"image":{"@id":"https:\/\/vieassociative.be\/actualites\/france-lancien-president-sarkozy-doit-aller-en-prison\/#primaryimage"},"thumbnailUrl":"https:\/\/vieassociative.be\/actualites\/wp-content\/uploads\/2025\/09\/1758809858_France-lancien-president-Sarkozy-doit-aller-en-prison.jpg","keywords":["aller","doit","France","Lancien","pr\u00e9sident","prison","Sarkozy"],"articleSection":["Belgique"],"inLanguage":"fr-BE"},{"@type":"WebPage","@id":"https:\/\/vieassociative.be\/actualites\/france-lancien-president-sarkozy-doit-aller-en-prison\/","url":"https:\/\/vieassociative.be\/actualites\/france-lancien-president-sarkozy-doit-aller-en-prison\/","name":"France: l'ancien pr\u00e9sident Sarkozy doit aller en prison | Vie Associative","isPartOf":{"@id":"https:\/\/vieassociative.be\/actualites\/#website"},"primaryImageOfPage":{"@id":"https:\/\/vieassociative.be\/actualites\/france-lancien-president-sarkozy-doit-aller-en-prison\/#primaryimage"},"image":{"@id":"https:\/\/vieassociative.be\/actualites\/france-lancien-president-sarkozy-doit-aller-en-prison\/#primaryimage"},"thumbnailUrl":"https:\/\/vieassociative.be\/actualites\/wp-content\/uploads\/2025\/09\/1758809858_France-lancien-president-Sarkozy-doit-aller-en-prison.jpg","datePublished":"2025-09-25T14:17:37+00:00","dateModified":"2025-09-25T14:17:37+00:00","breadcrumb":{"@id":"https:\/\/vieassociative.be\/actualites\/france-lancien-president-sarkozy-doit-aller-en-prison\/#breadcrumb"},"inLanguage":"fr-BE","potentialAction":[{"@type":"ReadAction","target":["https:\/\/vieassociative.be\/actualites\/france-lancien-president-sarkozy-doit-aller-en-prison\/"]}]},{"@type":"ImageObject","inLanguage":"fr-BE","@id":"https:\/\/vieassociative.be\/actualites\/france-lancien-president-sarkozy-doit-aller-en-prison\/#primaryimage","url":"https:\/\/vieassociative.be\/actualites\/wp-content\/uploads\/2025\/09\/1758809858_France-lancien-president-Sarkozy-doit-aller-en-prison.jpg","contentUrl":"https:\/\/vieassociative.be\/actualites\/wp-content\/uploads\/2025\/09\/1758809858_France-lancien-president-Sarkozy-doit-aller-en-prison.jpg","width":1200,"height":800,"caption":"France: l'ancien pr\u00e9sident Sarkozy doit aller en prison"},{"@type":"BreadcrumbList","@id":"https:\/\/vieassociative.be\/actualites\/france-lancien-president-sarkozy-doit-aller-en-prison\/#breadcrumb","itemListElement":[{"@type":"ListItem","position":1,"name":"Accueil","item":"https:\/\/vieassociative.be\/actualites\/"},{"@type":"ListItem","position":2,"name":"France: l&rsquo;ancien pr\u00e9sident Sarkozy doit aller en prison"}]},{"@type":"WebSite","@id":"https:\/\/vieassociative.be\/actualites\/#website","url":"https:\/\/vieassociative.be\/actualites\/","name":"Vie Associative","description":"","publisher":{"@id":"https:\/\/vieassociative.be\/actualites\/#organization"},"potentialAction":[{"@type":"SearchAction","target":{"@type":"EntryPoint","urlTemplate":"https:\/\/vieassociative.be\/actualites\/?s={search_term_string}"},"query-input":{"@type":"PropertyValueSpecification","valueRequired":true,"valueName":"search_term_string"}}],"inLanguage":"fr-BE"},{"@type":"Organization","@id":"https:\/\/vieassociative.be\/actualites\/#organization","name":"Vie Associative","url":"https:\/\/vieassociative.be\/actualites\/","logo":{"@type":"ImageObject","inLanguage":"fr-BE","@id":"https:\/\/vieassociative.be\/actualites\/#\/schema\/logo\/image\/","url":"https:\/\/vieassociative.be\/actualites\/wp-content\/uploads\/2024\/09\/cropped-vieassociative_favicon.ico.png","contentUrl":"https:\/\/vieassociative.be\/actualites\/wp-content\/uploads\/2024\/09\/cropped-vieassociative_favicon.ico.png","width":512,"height":512,"caption":"Vie Associative"},"image":{"@id":"https:\/\/vieassociative.be\/actualites\/#\/schema\/logo\/image\/"}},{"@type":"Person","@id":"https:\/\/vieassociative.be\/actualites\/#\/schema\/person\/b87ac4f82f9d4e7b7cec7395b679edc4","name":"Julien","image":{"@type":"ImageObject","inLanguage":"fr-BE","@id":"https:\/\/vieassociative.be\/actualites\/#\/schema\/person\/image\/","url":"https:\/\/vieassociative.be\/actualites\/wp-content\/uploads\/2024\/09\/vie-associative-1-150x150.jpg","contentUrl":"https:\/\/vieassociative.be\/actualites\/wp-content\/uploads\/2024\/09\/vie-associative-1-150x150.jpg","caption":"Julien"},"description":"Je suis Julien, r\u00e9dacteur pour Vie Associative. Passionn\u00e9 par le monde associatif depuis plus de 10 ans, j'ai \u00e0 c\u0153ur de partager des histoires inspirantes et de mettre en lumi\u00e8re les initiatives locales. Mon objectif est de sensibiliser et d'encourager l'engagement communautaire \u00e0 travers mes articles.","sameAs":["https:\/\/vieassociative.be\/"]}]}},"_links":{"self":[{"href":"https:\/\/vieassociative.be\/actualites\/wp-json\/wp\/v2\/posts\/10249"}],"collection":[{"href":"https:\/\/vieassociative.be\/actualites\/wp-json\/wp\/v2\/posts"}],"about":[{"href":"https:\/\/vieassociative.be\/actualites\/wp-json\/wp\/v2\/types\/post"}],"author":[{"embeddable":true,"href":"https:\/\/vieassociative.be\/actualites\/wp-json\/wp\/v2\/users\/1"}],"replies":[{"embeddable":true,"href":"https:\/\/vieassociative.be\/actualites\/wp-json\/wp\/v2\/comments?post=10249"}],"version-history":[{"count":0,"href":"https:\/\/vieassociative.be\/actualites\/wp-json\/wp\/v2\/posts\/10249\/revisions"}],"wp:featuredmedia":[{"embeddable":true,"href":"https:\/\/vieassociative.be\/actualites\/wp-json\/wp\/v2\/media\/10250"}],"wp:attachment":[{"href":"https:\/\/vieassociative.be\/actualites\/wp-json\/wp\/v2\/media?parent=10249"}],"wp:term":[{"taxonomy":"category","embeddable":true,"href":"https:\/\/vieassociative.be\/actualites\/wp-json\/wp\/v2\/categories?post=10249"},{"taxonomy":"post_tag","embeddable":true,"href":"https:\/\/vieassociative.be\/actualites\/wp-json\/wp\/v2\/tags?post=10249"}],"curies":[{"name":"wp","href":"https:\/\/api.w.org\/{rel}","templated":true}]}}